{"id":1576,"date":"2009-03-13T09:39:16","date_gmt":"2009-03-13T08:39:16","guid":{"rendered":"http:\/\/www.bellunopress.it\/?p=1576"},"modified":"2009-03-13T21:29:38","modified_gmt":"2009-03-13T20:29:38","slug":"in-sicurezza-la-strada-provinciale-29-di-col-falcon","status":"publish","type":"post","link":"https:\/\/www.bellunopress.it\/fr\/2009\/03\/13\/in-sicurezza-la-strada-provinciale-29-di-col-falcon\/","title":{"rendered":"In sicurezza la strada provinciale 29 di Col Falcon"},"content":{"rendered":"<p><a href=\"http:\/\/www.bellunopress.it\/wp-content\/uploads\/2009\/03\/denis-dal-soler-1.jpg\"><img loading=\"lazy\" decoding=\"async\" class=\"alignleft size-medium wp-image-1578\" title=\"denis-dal-soler-1\" src=\"http:\/\/www.bellunopress.it\/wp-content\/uploads\/2009\/03\/denis-dal-soler-1.jpg\" alt=\"\" width=\"181\" height=\"241\" \/><\/a>Proseguono come da programma i lavori di consolidamento e adeguamento della strada provinciale 29 del &#8220;Col Falcon&#8221; in comune di Sovramonte. Il sopralluogo effettuato ieri, 11 marzo 2009, dall&#8217;assessore provinciale alla viabilit\u00e0 Quinto Piol, ha permesso di verificare lo stato dei lavori, iniziati alcune settimane fa. Le opere comportano una spesa di 150 mila euro. Nel sopralluogo Piol \u00e8 stato accompagnato dall&#8217;assessore ai lavori pubblici di Sovramonte Fernando Minazzato, dal consigliere provinciale Denis Dal Soler (nella foto)\u00a0e dai tecnici di Provincia e Veneto Strade. \u00abGli interventi erano stati concordati con l&#8217;amministrazione comunale alla fine del 2007\u00bb esprime con soddisfazione Dal Soler , sottolineando come \u00abla Provincia li stia portando a termine secondo i tempi e i modi previsti\u00bb. Sono stati individuati gli altri punti del tracciato della strada provinciale 29 nei quali \u00e8 necessario intervenire con ulteriori lavori di sistemazione e consolidamento. I nuovi interventi costeranno 350 mila euro, cifra coperta da un finanziamento regionale. Il sopralluogo \u00e8 stato anche l&#8217;occasione per concordare la predisposizione di uno studio di fattibilit\u00e0 per migliorare, allargare e mettere in sicurezza un tratto di due chilometri della strada provinciale 39 di Croce d\u0092Aune. Strada che assume una notevole importanza in relazione al previsto potenziamento degli impianti del Monte Avena.<\/p>","protected":false},"excerpt":{"rendered":"<p>Proseguono come da programma i lavori di consolidamento e adeguamento della strada provinciale 29 del &#8220;Col Falcon&#8221; in comune di Sovramonte. Il sopralluogo effettuato ieri, 11 marzo 2009, dall&#8217;assessore provinciale alla viabilit\u00e0 Quinto Piol, ha permesso di verificare lo stato dei lavori, iniziati alcune settimane fa. Le opere comportano una spesa di 150 mila euro. [&hellip;]<\/p>\n","protected":false},"author":2,"featured_media":0,"comment_status":"closed","ping_status":"open","sticky":false,"template":"","format":"standard","meta":{"footnotes":""},"categories":[26],"tags":[139],"class_list":["post-1576","post","type-post","status-publish","format-standard","category-prima-pagina","tag-belluno"],"yoast_head":"<!-- This site is optimized with the Yoast SEO plugin v28.4 - https:\/\/yoast.com\/product\/yoast-seo-wordpress\/ -->\n<title>In sicurezza la strada provinciale 29 di Col Falcon  - Bellunopress - Dolomiti<\/title>\n<meta name=\"robots\" content=\"index, follow, max-snippet:-1, max-image-preview:large, max-video-preview:-1\" \/>\n<link rel=\"canonical\" href=\"https:\/\/www.bellunopress.it\/fr\/2009\/03\/13\/in-sicurezza-la-strada-provinciale-29-di-col-falcon\/\" \/>\n<meta property=\"og:locale\" content=\"fr_FR\" \/>\n<meta property=\"og:type\" content=\"article\" \/>\n<meta property=\"og:title\" content=\"In sicurezza la strada provinciale 29 di Col Falcon  - Bellunopress - Dolomiti\" \/>\n<meta property=\"og:description\" content=\"Proseguono come da programma i lavori di consolidamento e adeguamento della strada provinciale 29 del &#8220;Col Falcon&#8221; in comune di Sovramonte. Il sopralluogo effettuato ieri, 11 marzo 2009, dall&#8217;assessore provinciale alla viabilit\u00e0 Quinto Piol, ha permesso di verificare lo stato dei lavori, iniziati alcune settimane fa. Le opere comportano una spesa di 150 mila euro. [&hellip;]\" \/>\n<meta property=\"og:url\" content=\"https:\/\/www.bellunopress.it\/fr\/2009\/03\/13\/in-sicurezza-la-strada-provinciale-29-di-col-falcon\/\" \/>\n<meta property=\"og:site_name\" content=\"Bellunopress - Dolomiti\" \/>\n<meta property=\"article:publisher\" content=\"https:\/\/www.facebook.com\/profile.php?id=100008943462799\" \/>\n<meta property=\"article:published_time\" content=\"2009-03-13T08:39:16+00:00\" \/>\n<meta property=\"article:modified_time\" content=\"2009-03-13T20:29:38+00:00\" \/>\n<meta property=\"og:image\" content=\"http:\/\/www.bellunopress.it\/wp-content\/uploads\/2009\/03\/denis-dal-soler-1.jpg\" \/>\n<meta name=\"author\" content=\"redazione\" \/>\n<meta name=\"twitter:card\" content=\"summary_large_image\" \/>\n<meta name=\"twitter:creator\" content=\"@bellunopress\" \/>\n<meta name=\"twitter:site\" content=\"@bellunopress\" \/>\n<meta name=\"twitter:label1\" content=\"\u00c9crit par\" \/>\n\t<meta name=\"twitter:data1\" content=\"redazione\" \/>\n\t<meta name=\"twitter:label2\" content=\"Dur\u00e9e de lecture estim\u00e9e\" \/>\n\t<meta name=\"twitter:data2\" content=\"1 minute\" \/>\n<script type=\"application\/ld+json\" class=\"yoast-schema-graph\">{\"@context\":\"https:\\\/\\\/schema.org\",\"@graph\":[{\"@type\":\"Article\",\"@id\":\"https:\\\/\\\/www.bellunopress.it\\\/2009\\\/03\\\/13\\\/in-sicurezza-la-strada-provinciale-29-di-col-falcon\\\/#article\",\"isPartOf\":{\"@id\":\"https:\\\/\\\/www.bellunopress.it\\\/2009\\\/03\\\/13\\\/in-sicurezza-la-strada-provinciale-29-di-col-falcon\\\/\"},\"author\":{\"name\":\"redazione\",\"@id\":\"https:\\\/\\\/www.bellunopress.it\\\/#\\\/schema\\\/person\\\/79bb06722b37ece1c03d3e94beb30d73\"},\"headline\":\"In sicurezza la strada provinciale 29 di Col Falcon\",\"datePublished\":\"2009-03-13T08:39:16+00:00\",\"dateModified\":\"2009-03-13T20:29:38+00:00\",\"mainEntityOfPage\":{\"@id\":\"https:\\\/\\\/www.bellunopress.it\\\/2009\\\/03\\\/13\\\/in-sicurezza-la-strada-provinciale-29-di-col-falcon\\\/\"},\"wordCount\":207,\"publisher\":{\"@id\":\"https:\\\/\\\/www.bellunopress.it\\\/#organization\"},\"image\":{\"@id\":\"https:\\\/\\\/www.bellunopress.it\\\/2009\\\/03\\\/13\\\/in-sicurezza-la-strada-provinciale-29-di-col-falcon\\\/#primaryimage\"},\"thumbnailUrl\":\"http:\\\/\\\/www.bellunopress.it\\\/wp-content\\\/uploads\\\/2009\\\/03\\\/denis-dal-soler-1.jpg\",\"keywords\":[\"Belluno\"],\"articleSection\":[\"Prima Pagina\"],\"inLanguage\":\"fr-FR\"},{\"@type\":\"WebPage\",\"@id\":\"https:\\\/\\\/www.bellunopress.it\\\/2009\\\/03\\\/13\\\/in-sicurezza-la-strada-provinciale-29-di-col-falcon\\\/\",\"url\":\"https:\\\/\\\/www.bellunopress.it\\\/2009\\\/03\\\/13\\\/in-sicurezza-la-strada-provinciale-29-di-col-falcon\\\/\",\"name\":\"In sicurezza la strada provinciale 29 di Col Falcon - Bellunopress - Dolomiti\",\"isPartOf\":{\"@id\":\"https:\\\/\\\/www.bellunopress.it\\\/#website\"},\"primaryImageOfPage\":{\"@id\":\"https:\\\/\\\/www.bellunopress.it\\\/2009\\\/03\\\/13\\\/in-sicurezza-la-strada-provinciale-29-di-col-falcon\\\/#primaryimage\"},\"image\":{\"@id\":\"https:\\\/\\\/www.bellunopress.it\\\/2009\\\/03\\\/13\\\/in-sicurezza-la-strada-provinciale-29-di-col-falcon\\\/#primaryimage\"},\"thumbnailUrl\":\"http:\\\/\\\/www.bellunopress.it\\\/wp-content\\\/uploads\\\/2009\\\/03\\\/denis-dal-soler-1.jpg\",\"datePublished\":\"2009-03-13T08:39:16+00:00\",\"dateModified\":\"2009-03-13T20:29:38+00:00\",\"breadcrumb\":{\"@id\":\"https:\\\/\\\/www.bellunopress.it\\\/2009\\\/03\\\/13\\\/in-sicurezza-la-strada-provinciale-29-di-col-falcon\\\/#breadcrumb\"},\"inLanguage\":\"fr-FR\",\"potentialAction\":[{\"@type\":\"ReadAction\",\"target\":[\"https:\\\/\\\/www.bellunopress.it\\\/2009\\\/03\\\/13\\\/in-sicurezza-la-strada-provinciale-29-di-col-falcon\\\/\"]}]},{\"@type\":\"ImageObject\",\"inLanguage\":\"fr-FR\",\"@id\":\"https:\\\/\\\/www.bellunopress.it\\\/2009\\\/03\\\/13\\\/in-sicurezza-la-strada-provinciale-29-di-col-falcon\\\/#primaryimage\",\"url\":\"http:\\\/\\\/www.bellunopress.it\\\/wp-content\\\/uploads\\\/2009\\\/03\\\/denis-dal-soler-1.jpg\",\"contentUrl\":\"http:\\\/\\\/www.bellunopress.it\\\/wp-content\\\/uploads\\\/2009\\\/03\\\/denis-dal-soler-1.jpg\"},{\"@type\":\"BreadcrumbList\",\"@id\":\"https:\\\/\\\/www.bellunopress.it\\\/2009\\\/03\\\/13\\\/in-sicurezza-la-strada-provinciale-29-di-col-falcon\\\/#breadcrumb\",\"itemListElement\":[{\"@type\":\"ListItem\",\"position\":1,\"name\":\"Home\",\"item\":\"https:\\\/\\\/www.bellunopress.it\\\/\"},{\"@type\":\"ListItem\",\"position\":2,\"name\":\"In sicurezza la strada provinciale 29 di Col Falcon\"}]},{\"@type\":\"WebSite\",\"@id\":\"https:\\\/\\\/www.bellunopress.it\\\/#website\",\"url\":\"https:\\\/\\\/www.bellunopress.it\\\/\",\"name\":\"Bellunopress - Dolomiti\",\"description\":\"e-mail: redazione@bellunopress.it\",\"publisher\":{\"@id\":\"https:\\\/\\\/www.bellunopress.it\\\/#organization\"},\"potentialAction\":[{\"@type\":\"SearchAction\",\"target\":{\"@type\":\"EntryPoint\",\"urlTemplate\":\"https:\\\/\\\/www.bellunopress.it\\\/?s={search_term_string}\"},\"query-input\":{\"@type\":\"PropertyValueSpecification\",\"valueRequired\":true,\"valueName\":\"search_term_string\"}}],\"inLanguage\":\"fr-FR\"},{\"@type\":\"Organization\",\"@id\":\"https:\\\/\\\/www.bellunopress.it\\\/#organization\",\"name\":\"Bellunopress\",\"url\":\"https:\\\/\\\/www.bellunopress.it\\\/\",\"logo\":{\"@type\":\"ImageObject\",\"inLanguage\":\"fr-FR\",\"@id\":\"https:\\\/\\\/www.bellunopress.it\\\/#\\\/schema\\\/logo\\\/image\\\/\",\"url\":\"https:\\\/\\\/www.bellunopress.it\\\/wp-content\\\/uploads\\\/2011\\\/05\\\/cropped-logo-bellunopress-.jpg\",\"contentUrl\":\"https:\\\/\\\/www.bellunopress.it\\\/wp-content\\\/uploads\\\/2011\\\/05\\\/cropped-logo-bellunopress-.jpg\",\"width\":512,\"height\":512,\"caption\":\"Bellunopress\"},\"image\":{\"@id\":\"https:\\\/\\\/www.bellunopress.it\\\/#\\\/schema\\\/logo\\\/image\\\/\"},\"sameAs\":[\"https:\\\/\\\/www.facebook.com\\\/profile.php?id=100008943462799\",\"https:\\\/\\\/x.com\\\/bellunopress\",\"https:\\\/\\\/www.linkedin.com\\\/hp\\\/?dnr=JBzUWaJfMUw8vbXJJ2tVW5-I3jZKvC4wsoxE&amp;amp;amp;amp;amp;amp;trk=nav_responsive_tab_home\",\"https:\\\/\\\/www.youtube.com\\\/channel\\\/UCxL0wu1uN0_3_7hGG0306cw\"]},{\"@type\":\"Person\",\"@id\":\"https:\\\/\\\/www.bellunopress.it\\\/#\\\/schema\\\/person\\\/79bb06722b37ece1c03d3e94beb30d73\",\"name\":\"redazione\",\"image\":{\"@type\":\"ImageObject\",\"inLanguage\":\"fr-FR\",\"@id\":\"https:\\\/\\\/secure.gravatar.com\\\/avatar\\\/37d968a2e67a6fd04c169c4bdef102d0bc5d31b2546345219e348575eb80e9a0?s=96&d=mm&r=g\",\"url\":\"https:\\\/\\\/secure.gravatar.com\\\/avatar\\\/37d968a2e67a6fd04c169c4bdef102d0bc5d31b2546345219e348575eb80e9a0?s=96&d=mm&r=g\",\"contentUrl\":\"https:\\\/\\\/secure.gravatar.com\\\/avatar\\\/37d968a2e67a6fd04c169c4bdef102d0bc5d31b2546345219e348575eb80e9a0?s=96&d=mm&r=g\",\"caption\":\"redazione\"},\"sameAs\":[\"http:\\\/\\\/www.bellunopress.it\",\"https:\\\/\\\/x.com\\\/bellunopress\"],\"url\":\"https:\\\/\\\/www.bellunopress.it\\\/fr\\\/author\\\/redazione\\\/\"}]}<\/script>\n<!-- \/ Yoast SEO plugin. -->","yoast_head_json":{"title":"In sicurezza la strada provinciale 29 di Col Falcon  - Bellunopress - Dolomiti","robots":{"index":"index","follow":"follow","max-snippet":"max-snippet:-1","max-image-preview":"max-image-preview:large","max-video-preview":"max-video-preview:-1"},"canonical":"https:\/\/www.bellunopress.it\/fr\/2009\/03\/13\/in-sicurezza-la-strada-provinciale-29-di-col-falcon\/","og_locale":"fr_FR","og_type":"article","og_title":"In sicurezza la strada provinciale 29 di Col Falcon  - Bellunopress - Dolomiti","og_description":"Proseguono come da programma i lavori di consolidamento e adeguamento della strada provinciale 29 del &#8220;Col Falcon&#8221; in comune di Sovramonte. Il sopralluogo effettuato ieri, 11 marzo 2009, dall&#8217;assessore provinciale alla viabilit\u00e0 Quinto Piol, ha permesso di verificare lo stato dei lavori, iniziati alcune settimane fa. Le opere comportano una spesa di 150 mila euro. [&hellip;]","og_url":"https:\/\/www.bellunopress.it\/fr\/2009\/03\/13\/in-sicurezza-la-strada-provinciale-29-di-col-falcon\/","og_site_name":"Bellunopress - Dolomiti","article_publisher":"https:\/\/www.facebook.com\/profile.php?id=100008943462799","article_published_time":"2009-03-13T08:39:16+00:00","article_modified_time":"2009-03-13T20:29:38+00:00","og_image":[{"url":"http:\/\/www.bellunopress.it\/wp-content\/uploads\/2009\/03\/denis-dal-soler-1.jpg","type":"","width":"","height":""}],"author":"redazione","twitter_card":"summary_large_image","twitter_creator":"@bellunopress","twitter_site":"@bellunopress","twitter_misc":{"\u00c9crit par":"redazione","Dur\u00e9e de lecture estim\u00e9e":"1 minute"},"schema":{"@context":"https:\/\/schema.org","@graph":[{"@type":"Article","@id":"https:\/\/www.bellunopress.it\/2009\/03\/13\/in-sicurezza-la-strada-provinciale-29-di-col-falcon\/#article","isPartOf":{"@id":"https:\/\/www.bellunopress.it\/2009\/03\/13\/in-sicurezza-la-strada-provinciale-29-di-col-falcon\/"},"author":{"name":"redazione","@id":"https:\/\/www.bellunopress.it\/#\/schema\/person\/79bb06722b37ece1c03d3e94beb30d73"},"headline":"In sicurezza la strada provinciale 29 di Col Falcon","datePublished":"2009-03-13T08:39:16+00:00","dateModified":"2009-03-13T20:29:38+00:00","mainEntityOfPage":{"@id":"https:\/\/www.bellunopress.it\/2009\/03\/13\/in-sicurezza-la-strada-provinciale-29-di-col-falcon\/"},"wordCount":207,"publisher":{"@id":"https:\/\/www.bellunopress.it\/#organization"},"image":{"@id":"https:\/\/www.bellunopress.it\/2009\/03\/13\/in-sicurezza-la-strada-provinciale-29-di-col-falcon\/#primaryimage"},"thumbnailUrl":"http:\/\/www.bellunopress.it\/wp-content\/uploads\/2009\/03\/denis-dal-soler-1.jpg","keywords":["Belluno"],"articleSection":["Prima Pagina"],"inLanguage":"fr-FR"},{"@type":"WebPage","@id":"https:\/\/www.bellunopress.it\/2009\/03\/13\/in-sicurezza-la-strada-provinciale-29-di-col-falcon\/","url":"https:\/\/www.bellunopress.it\/2009\/03\/13\/in-sicurezza-la-strada-provinciale-29-di-col-falcon\/","name":"In sicurezza la strada provinciale 29 di Col Falcon - Bellunopress - Dolomiti","isPartOf":{"@id":"https:\/\/www.bellunopress.it\/#website"},"primaryImageOfPage":{"@id":"https:\/\/www.bellunopress.it\/2009\/03\/13\/in-sicurezza-la-strada-provinciale-29-di-col-falcon\/#primaryimage"},"image":{"@id":"https:\/\/www.bellunopress.it\/2009\/03\/13\/in-sicurezza-la-strada-provinciale-29-di-col-falcon\/#primaryimage"},"thumbnailUrl":"http:\/\/www.bellunopress.it\/wp-content\/uploads\/2009\/03\/denis-dal-soler-1.jpg","datePublished":"2009-03-13T08:39:16+00:00","dateModified":"2009-03-13T20:29:38+00:00","breadcrumb":{"@id":"https:\/\/www.bellunopress.it\/2009\/03\/13\/in-sicurezza-la-strada-provinciale-29-di-col-falcon\/#breadcrumb"},"inLanguage":"fr-FR","potentialAction":[{"@type":"ReadAction","target":["https:\/\/www.bellunopress.it\/2009\/03\/13\/in-sicurezza-la-strada-provinciale-29-di-col-falcon\/"]}]},{"@type":"ImageObject","inLanguage":"fr-FR","@id":"https:\/\/www.bellunopress.it\/2009\/03\/13\/in-sicurezza-la-strada-provinciale-29-di-col-falcon\/#primaryimage","url":"http:\/\/www.bellunopress.it\/wp-content\/uploads\/2009\/03\/denis-dal-soler-1.jpg","contentUrl":"http:\/\/www.bellunopress.it\/wp-content\/uploads\/2009\/03\/denis-dal-soler-1.jpg"},{"@type":"BreadcrumbList","@id":"https:\/\/www.bellunopress.it\/2009\/03\/13\/in-sicurezza-la-strada-provinciale-29-di-col-falcon\/#breadcrumb","itemListElement":[{"@type":"ListItem","position":1,"name":"Home","item":"https:\/\/www.bellunopress.it\/"},{"@type":"ListItem","position":2,"name":"In sicurezza la strada provinciale 29 di Col Falcon"}]},{"@type":"WebSite","@id":"https:\/\/www.bellunopress.it\/#website","url":"https:\/\/www.bellunopress.it\/","name":"Bellunopress - Dolomiti","description":"e-mail: redazione@bellunopress.it","publisher":{"@id":"https:\/\/www.bellunopress.it\/#organization"},"potentialAction":[{"@type":"SearchAction","target":{"@type":"EntryPoint","urlTemplate":"https:\/\/www.bellunopress.it\/?s={search_term_string}"},"query-input":{"@type":"PropertyValueSpecification","valueRequired":true,"valueName":"search_term_string"}}],"inLanguage":"fr-FR"},{"@type":"Organization","@id":"https:\/\/www.bellunopress.it\/#organization","name":"Bellunopress","url":"https:\/\/www.bellunopress.it\/","logo":{"@type":"ImageObject","inLanguage":"fr-FR","@id":"https:\/\/www.bellunopress.it\/#\/schema\/logo\/image\/","url":"https:\/\/www.bellunopress.it\/wp-content\/uploads\/2011\/05\/cropped-logo-bellunopress-.jpg","contentUrl":"https:\/\/www.bellunopress.it\/wp-content\/uploads\/2011\/05\/cropped-logo-bellunopress-.jpg","width":512,"height":512,"caption":"Bellunopress"},"image":{"@id":"https:\/\/www.bellunopress.it\/#\/schema\/logo\/image\/"},"sameAs":["https:\/\/www.facebook.com\/profile.php?id=100008943462799","https:\/\/x.com\/bellunopress","https:\/\/www.linkedin.com\/hp\/?dnr=JBzUWaJfMUw8vbXJJ2tVW5-I3jZKvC4wsoxE&amp;amp;amp;amp;amp;amp;trk=nav_responsive_tab_home","https:\/\/www.youtube.com\/channel\/UCxL0wu1uN0_3_7hGG0306cw"]},{"@type":"Person","@id":"https:\/\/www.bellunopress.it\/#\/schema\/person\/79bb06722b37ece1c03d3e94beb30d73","name":"r\u00e9daction","image":{"@type":"ImageObject","inLanguage":"fr-FR","@id":"https:\/\/secure.gravatar.com\/avatar\/37d968a2e67a6fd04c169c4bdef102d0bc5d31b2546345219e348575eb80e9a0?s=96&d=mm&r=g","url":"https:\/\/secure.gravatar.com\/avatar\/37d968a2e67a6fd04c169c4bdef102d0bc5d31b2546345219e348575eb80e9a0?s=96&d=mm&r=g","contentUrl":"https:\/\/secure.gravatar.com\/avatar\/37d968a2e67a6fd04c169c4bdef102d0bc5d31b2546345219e348575eb80e9a0?s=96&d=mm&r=g","caption":"redazione"},"sameAs":["http:\/\/www.bellunopress.it","https:\/\/x.com\/bellunopress"],"url":"https:\/\/www.bellunopress.it\/fr\/author\/redazione\/"}]}},"_links":{"self":[{"href":"https:\/\/www.bellunopress.it\/fr\/wp-json\/wp\/v2\/posts\/1576","targetHints":{"allow":["GET"]}}],"collection":[{"href":"https:\/\/www.bellunopress.it\/fr\/wp-json\/wp\/v2\/posts"}],"about":[{"href":"https:\/\/www.bellunopress.it\/fr\/wp-json\/wp\/v2\/types\/post"}],"author":[{"embeddable":true,"href":"https:\/\/www.bellunopress.it\/fr\/wp-json\/wp\/v2\/users\/2"}],"replies":[{"embeddable":true,"href":"https:\/\/www.bellunopress.it\/fr\/wp-json\/wp\/v2\/comments?post=1576"}],"version-history":[{"count":3,"href":"https:\/\/www.bellunopress.it\/fr\/wp-json\/wp\/v2\/posts\/1576\/revisions"}],"predecessor-version":[{"id":1603,"href":"https:\/\/www.bellunopress.it\/fr\/wp-json\/wp\/v2\/posts\/1576\/revisions\/1603"}],"wp:attachment":[{"href":"https:\/\/www.bellunopress.it\/fr\/wp-json\/wp\/v2\/media?parent=1576"}],"wp:term":[{"taxonomy":"category","embeddable":true,"href":"https:\/\/www.bellunopress.it\/fr\/wp-json\/wp\/v2\/categories?post=1576"},{"taxonomy":"post_tag","embeddable":true,"href":"https:\/\/www.bellunopress.it\/fr\/wp-json\/wp\/v2\/tags?post=1576"}],"curies":[{"name":"wp","href":"https:\/\/api.w.org\/{rel}","templated":true}]}}