{"id":157446,"date":"2025-01-27T13:27:18","date_gmt":"2025-01-27T12:27:18","guid":{"rendered":"https:\/\/www.bellunopress.it\/?p=157446"},"modified":"2025-01-27T13:27:18","modified_gmt":"2025-01-27T12:27:18","slug":"riparte-a-borca-la-rassegna-le-nuove-dolomiti-ecosistema-belluno-venerdi-allhotel-boite-lesperienza-di-danta-di-cadore","status":"publish","type":"post","link":"https:\/\/www.bellunopress.it\/fr\/2025\/01\/27\/riparte-a-borca-la-rassegna-le-nuove-dolomiti-ecosistema-belluno-venerdi-allhotel-boite-lesperienza-di-danta-di-cadore\/","title":{"rendered":"Riparte a Borca la rassegna Le Nuove Dolomiti. Ecosistema Belluno, Venerd\u00ec all&#8217;Hotel Boite l&#8217;esperienza di Danta di Cadore"},"content":{"rendered":"<figure id=\"attachment_153466\" aria-describedby=\"caption-attachment-153466\" style=\"width: 1000px\" class=\"wp-caption aligncenter\"><img loading=\"lazy\" decoding=\"async\" class=\"size-full wp-image-153466\" src=\"https:\/\/www.bellunopress.it\/wp-content\/uploads\/2024\/08\/hotel-boite-borca-di-cadore_edited.jpg\" alt=\"\" width=\"1000\" height=\"683\" srcset=\"https:\/\/www.bellunopress.it\/wp-content\/uploads\/2024\/08\/hotel-boite-borca-di-cadore_edited.jpg 1000w, https:\/\/www.bellunopress.it\/wp-content\/uploads\/2024\/08\/hotel-boite-borca-di-cadore_edited-500x342.jpg 500w, https:\/\/www.bellunopress.it\/wp-content\/uploads\/2024\/08\/hotel-boite-borca-di-cadore_edited-615x420.jpg 615w, https:\/\/www.bellunopress.it\/wp-content\/uploads\/2024\/08\/hotel-boite-borca-di-cadore_edited-218x150.jpg 218w, https:\/\/www.bellunopress.it\/wp-content\/uploads\/2024\/08\/hotel-boite-borca-di-cadore_edited-696x475.jpg 696w\" sizes=\"auto, (max-width: 1000px) 100vw, 1000px\" \/><figcaption id=\"caption-attachment-153466\" class=\"wp-caption-text\">Hotel Boite &#8211; Borca di Cadore<\/figcaption><\/figure>\n<p>Torna anche per il 2025 la versione invernale della rassegna di incontri \u201cLe nuove Dolomiti\u201d, promosso da Welcome Dolomiti con la Corte delle Dolomiti; primo appuntamento in calendario, venerd\u00ec 31 gennaio dalle ore 18.30 alla Gellner Lounge dell&#8217;Hotel Boite di Borca di Cadore con \u201cInnovazione e collaborazione contro lo spopolamento. L&#8217;esempio di Ecosistema Belluno a Danta di Cadore\u201d.<\/p>\n<p>Ad illustrare scopi e potenzialit\u00e0 del progetto per il rilancio del territorio provinciale che punta su innovazione e collaborazione tra enti pubblici, privati e alta formazione saranno i protagonisti di Ecosistema Belluno: Thomas Menia Corbanese, Sindaco di Danta di Cadore, primo comune della provincia ad adottare formalmente il progetto; i rappresentanti di due delle associazioni di categoria provinciali che partecipano al gruppo di lavoro del progetto, ossia Andrea Ferrazzi, direttore di Confindustria Belluno-Dolomiti, e Cristian Sacchet, direttore di Appia CNA Belluno; Luca Frescura, presidente nazionale di Giovani&amp;Futuro.<br \/>\nLa moderazione dell&#8217;incontro \u00e8 affidata alla giornalista Katia Tafner.<\/p>\n<p>\u00abL&#8217;adozione del progetto Ecosistema Belluno \u00e8, per il nostro comune, un elemento fondamentale per lo sviluppo delle linee programmatiche dei prossimi anni: &#8211; spiega Menia Corbanese \u2013 il binomio \u201cgiovani e lavoro\u201d \u00e8 la chiave per rilanciare il nostro territorio dal punto di vista occupazionale, ma anche da quello abitativo, per attrarre nuove famiglie in paese e nel territorio. Invito quindi tutti i miei colleghi a partecipare all&#8217;appuntamento di Borca di Cadore per conoscere ancora meglio il progetto e adottarlo poi nei propri comuni: con una visione integrata e coordinata delle amministrazioni locali, sono convinto che questo progetto potr\u00e0 essere realmente un valore aggiunto per la nostra provincia\u00bb.<\/p>","protected":false},"excerpt":{"rendered":"<p>Torna anche per il 2025 la versione invernale della rassegna di incontri \u201cLe nuove Dolomiti\u201d, promosso da Welcome Dolomiti con la Corte delle Dolomiti; primo appuntamento in calendario, venerd\u00ec 31 gennaio dalle ore 18.30 alla Gellner Lounge dell&#8217;Hotel Boite di Borca di Cadore con \u201cInnovazione e collaborazione contro lo spopolamento. L&#8217;esempio di Ecosistema Belluno a [&hellip;]<\/p>\n","protected":false},"author":2,"featured_media":153466,"comment_status":"closed","ping_status":"open","sticky":false,"template":"","format":"standard","meta":{"footnotes":""},"categories":[27,25],"tags":[],"class_list":["post-157446","post","type-post","status-publish","format-standard","has-post-thumbnail","category-appuntamenti","category-pausa-caffe"],"yoast_head":"<!-- This site is optimized with the Yoast SEO plugin v28.4 - https:\/\/yoast.com\/product\/yoast-seo-wordpress\/ -->\n<title>Riparte a Borca la rassegna Le Nuove Dolomiti. Ecosistema Belluno, Venerd\u00ec all&#039;Hotel Boite l&#039;esperienza di Danta di Cadore - Bellunopress - Dolomiti<\/title>\n<meta name=\"robots\" content=\"index, follow, max-snippet:-1, max-image-preview:large, max-video-preview:-1\" \/>\n<link rel=\"canonical\" href=\"https:\/\/www.bellunopress.it\/fr\/2025\/01\/27\/riparte-a-borca-la-rassegna-le-nuove-dolomiti-ecosistema-belluno-venerdi-allhotel-boite-lesperienza-di-danta-di-cadore\/\" \/>\n<meta property=\"og:locale\" content=\"fr_FR\" \/>\n<meta property=\"og:type\" content=\"article\" \/>\n<meta property=\"og:title\" content=\"Riparte a Borca la rassegna Le Nuove Dolomiti. Ecosistema Belluno, Venerd\u00ec all&#039;Hotel Boite l&#039;esperienza di Danta di Cadore - Bellunopress - Dolomiti\" \/>\n<meta property=\"og:description\" content=\"Torna anche per il 2025 la versione invernale della rassegna di incontri \u201cLe nuove Dolomiti\u201d, promosso da Welcome Dolomiti con la Corte delle Dolomiti; primo appuntamento in calendario, venerd\u00ec 31 gennaio dalle ore 18.30 alla Gellner Lounge dell&#8217;Hotel Boite di Borca di Cadore con \u201cInnovazione e collaborazione contro lo spopolamento. L&#8217;esempio di Ecosistema Belluno a [&hellip;]\" \/>\n<meta property=\"og:url\" content=\"https:\/\/www.bellunopress.it\/fr\/2025\/01\/27\/riparte-a-borca-la-rassegna-le-nuove-dolomiti-ecosistema-belluno-venerdi-allhotel-boite-lesperienza-di-danta-di-cadore\/\" \/>\n<meta property=\"og:site_name\" content=\"Bellunopress - Dolomiti\" \/>\n<meta property=\"article:publisher\" content=\"https:\/\/www.facebook.com\/profile.php?id=100008943462799\" \/>\n<meta property=\"article:published_time\" content=\"2025-01-27T12:27:18+00:00\" \/>\n<meta property=\"og:image\" content=\"https:\/\/www.bellunopress.it\/wp-content\/uploads\/2024\/08\/hotel-boite-borca-di-cadore_edited.jpg\" \/>\n\t<meta property=\"og:image:width\" content=\"1000\" \/>\n\t<meta property=\"og:image:height\" content=\"683\" \/>\n\t<meta property=\"og:image:type\" content=\"image\/jpeg\" \/>\n<meta name=\"author\" content=\"redazione\" \/>\n<meta name=\"twitter:card\" content=\"summary_large_image\" \/>\n<meta name=\"twitter:creator\" content=\"@bellunopress\" \/>\n<meta name=\"twitter:site\" content=\"@bellunopress\" \/>\n<meta name=\"twitter:label1\" content=\"\u00c9crit par\" \/>\n\t<meta name=\"twitter:data1\" content=\"redazione\" \/>\n\t<meta name=\"twitter:label2\" content=\"Dur\u00e9e de lecture estim\u00e9e\" \/>\n\t<meta name=\"twitter:data2\" content=\"1 minute\" \/>\n<script type=\"application\/ld+json\" class=\"yoast-schema-graph\">{\"@context\":\"https:\\\/\\\/schema.org\",\"@graph\":[{\"@type\":\"Article\",\"@id\":\"https:\\\/\\\/www.bellunopress.it\\\/2025\\\/01\\\/27\\\/riparte-a-borca-la-rassegna-le-nuove-dolomiti-ecosistema-belluno-venerdi-allhotel-boite-lesperienza-di-danta-di-cadore\\\/#article\",\"isPartOf\":{\"@id\":\"https:\\\/\\\/www.bellunopress.it\\\/2025\\\/01\\\/27\\\/riparte-a-borca-la-rassegna-le-nuove-dolomiti-ecosistema-belluno-venerdi-allhotel-boite-lesperienza-di-danta-di-cadore\\\/\"},\"author\":{\"name\":\"redazione\",\"@id\":\"https:\\\/\\\/www.bellunopress.it\\\/#\\\/schema\\\/person\\\/79bb06722b37ece1c03d3e94beb30d73\"},\"headline\":\"Riparte a Borca la rassegna Le Nuove Dolomiti. Ecosistema Belluno, Venerd\u00ec all&#8217;Hotel Boite l&#8217;esperienza di Danta di Cadore\",\"datePublished\":\"2025-01-27T12:27:18+00:00\",\"mainEntityOfPage\":{\"@id\":\"https:\\\/\\\/www.bellunopress.it\\\/2025\\\/01\\\/27\\\/riparte-a-borca-la-rassegna-le-nuove-dolomiti-ecosistema-belluno-venerdi-allhotel-boite-lesperienza-di-danta-di-cadore\\\/\"},\"wordCount\":295,\"publisher\":{\"@id\":\"https:\\\/\\\/www.bellunopress.it\\\/#organization\"},\"image\":{\"@id\":\"https:\\\/\\\/www.bellunopress.it\\\/2025\\\/01\\\/27\\\/riparte-a-borca-la-rassegna-le-nuove-dolomiti-ecosistema-belluno-venerdi-allhotel-boite-lesperienza-di-danta-di-cadore\\\/#primaryimage\"},\"thumbnailUrl\":\"https:\\\/\\\/www.bellunopress.it\\\/wp-content\\\/uploads\\\/2024\\\/08\\\/hotel-boite-borca-di-cadore_edited.jpg\",\"articleSection\":[\"Appuntamenti, Eventi\",\"Pausa Caff\u00e8\"],\"inLanguage\":\"fr-FR\"},{\"@type\":\"WebPage\",\"@id\":\"https:\\\/\\\/www.bellunopress.it\\\/2025\\\/01\\\/27\\\/riparte-a-borca-la-rassegna-le-nuove-dolomiti-ecosistema-belluno-venerdi-allhotel-boite-lesperienza-di-danta-di-cadore\\\/\",\"url\":\"https:\\\/\\\/www.bellunopress.it\\\/2025\\\/01\\\/27\\\/riparte-a-borca-la-rassegna-le-nuove-dolomiti-ecosistema-belluno-venerdi-allhotel-boite-lesperienza-di-danta-di-cadore\\\/\",\"name\":\"Riparte a Borca la rassegna Le Nuove Dolomiti. Ecosistema Belluno, Venerd\u00ec all'Hotel Boite l'esperienza di Danta di Cadore - Bellunopress - Dolomiti\",\"isPartOf\":{\"@id\":\"https:\\\/\\\/www.bellunopress.it\\\/#website\"},\"primaryImageOfPage\":{\"@id\":\"https:\\\/\\\/www.bellunopress.it\\\/2025\\\/01\\\/27\\\/riparte-a-borca-la-rassegna-le-nuove-dolomiti-ecosistema-belluno-venerdi-allhotel-boite-lesperienza-di-danta-di-cadore\\\/#primaryimage\"},\"image\":{\"@id\":\"https:\\\/\\\/www.bellunopress.it\\\/2025\\\/01\\\/27\\\/riparte-a-borca-la-rassegna-le-nuove-dolomiti-ecosistema-belluno-venerdi-allhotel-boite-lesperienza-di-danta-di-cadore\\\/#primaryimage\"},\"thumbnailUrl\":\"https:\\\/\\\/www.bellunopress.it\\\/wp-content\\\/uploads\\\/2024\\\/08\\\/hotel-boite-borca-di-cadore_edited.jpg\",\"datePublished\":\"2025-01-27T12:27:18+00:00\",\"breadcrumb\":{\"@id\":\"https:\\\/\\\/www.bellunopress.it\\\/2025\\\/01\\\/27\\\/riparte-a-borca-la-rassegna-le-nuove-dolomiti-ecosistema-belluno-venerdi-allhotel-boite-lesperienza-di-danta-di-cadore\\\/#breadcrumb\"},\"inLanguage\":\"fr-FR\",\"potentialAction\":[{\"@type\":\"ReadAction\",\"target\":[\"https:\\\/\\\/www.bellunopress.it\\\/2025\\\/01\\\/27\\\/riparte-a-borca-la-rassegna-le-nuove-dolomiti-ecosistema-belluno-venerdi-allhotel-boite-lesperienza-di-danta-di-cadore\\\/\"]}]},{\"@type\":\"ImageObject\",\"inLanguage\":\"fr-FR\",\"@id\":\"https:\\\/\\\/www.bellunopress.it\\\/2025\\\/01\\\/27\\\/riparte-a-borca-la-rassegna-le-nuove-dolomiti-ecosistema-belluno-venerdi-allhotel-boite-lesperienza-di-danta-di-cadore\\\/#primaryimage\",\"url\":\"https:\\\/\\\/www.bellunopress.it\\\/wp-content\\\/uploads\\\/2024\\\/08\\\/hotel-boite-borca-di-cadore_edited.jpg\",\"contentUrl\":\"https:\\\/\\\/www.bellunopress.it\\\/wp-content\\\/uploads\\\/2024\\\/08\\\/hotel-boite-borca-di-cadore_edited.jpg\",\"width\":1000,\"height\":683,\"caption\":\"Hotel Boite - Borca di Cadore\"},{\"@type\":\"BreadcrumbList\",\"@id\":\"https:\\\/\\\/www.bellunopress.it\\\/2025\\\/01\\\/27\\\/riparte-a-borca-la-rassegna-le-nuove-dolomiti-ecosistema-belluno-venerdi-allhotel-boite-lesperienza-di-danta-di-cadore\\\/#breadcrumb\",\"itemListElement\":[{\"@type\":\"ListItem\",\"position\":1,\"name\":\"Home\",\"item\":\"https:\\\/\\\/www.bellunopress.it\\\/\"},{\"@type\":\"ListItem\",\"position\":2,\"name\":\"Riparte a Borca la rassegna Le Nuove Dolomiti. Ecosistema Belluno, Venerd\u00ec all&#8217;Hotel Boite l&#8217;esperienza di Danta di Cadore\"}]},{\"@type\":\"WebSite\",\"@id\":\"https:\\\/\\\/www.bellunopress.it\\\/#website\",\"url\":\"https:\\\/\\\/www.bellunopress.it\\\/\",\"name\":\"Bellunopress - Dolomiti\",\"description\":\"e-mail: redazione@bellunopress.it\",\"publisher\":{\"@id\":\"https:\\\/\\\/www.bellunopress.it\\\/#organization\"},\"potentialAction\":[{\"@type\":\"SearchAction\",\"target\":{\"@type\":\"EntryPoint\",\"urlTemplate\":\"https:\\\/\\\/www.bellunopress.it\\\/?s={search_term_string}\"},\"query-input\":{\"@type\":\"PropertyValueSpecification\",\"valueRequired\":true,\"valueName\":\"search_term_string\"}}],\"inLanguage\":\"fr-FR\"},{\"@type\":\"Organization\",\"@id\":\"https:\\\/\\\/www.bellunopress.it\\\/#organization\",\"name\":\"Bellunopress\",\"url\":\"https:\\\/\\\/www.bellunopress.it\\\/\",\"logo\":{\"@type\":\"ImageObject\",\"inLanguage\":\"fr-FR\",\"@id\":\"https:\\\/\\\/www.bellunopress.it\\\/#\\\/schema\\\/logo\\\/image\\\/\",\"url\":\"https:\\\/\\\/www.bellunopress.it\\\/wp-content\\\/uploads\\\/2011\\\/05\\\/cropped-logo-bellunopress-.jpg\",\"contentUrl\":\"https:\\\/\\\/www.bellunopress.it\\\/wp-content\\\/uploads\\\/2011\\\/05\\\/cropped-logo-bellunopress-.jpg\",\"width\":512,\"height\":512,\"caption\":\"Bellunopress\"},\"image\":{\"@id\":\"https:\\\/\\\/www.bellunopress.it\\\/#\\\/schema\\\/logo\\\/image\\\/\"},\"sameAs\":[\"https:\\\/\\\/www.facebook.com\\\/profile.php?id=100008943462799\",\"https:\\\/\\\/x.com\\\/bellunopress\",\"https:\\\/\\\/www.linkedin.com\\\/hp\\\/?dnr=JBzUWaJfMUw8vbXJJ2tVW5-I3jZKvC4wsoxE&amp;amp;amp;amp;amp;amp;trk=nav_responsive_tab_home\",\"https:\\\/\\\/www.youtube.com\\\/channel\\\/UCxL0wu1uN0_3_7hGG0306cw\"]},{\"@type\":\"Person\",\"@id\":\"https:\\\/\\\/www.bellunopress.it\\\/#\\\/schema\\\/person\\\/79bb06722b37ece1c03d3e94beb30d73\",\"name\":\"redazione\",\"image\":{\"@type\":\"ImageObject\",\"inLanguage\":\"fr-FR\",\"@id\":\"https:\\\/\\\/secure.gravatar.com\\\/avatar\\\/37d968a2e67a6fd04c169c4bdef102d0bc5d31b2546345219e348575eb80e9a0?s=96&d=mm&r=g\",\"url\":\"https:\\\/\\\/secure.gravatar.com\\\/avatar\\\/37d968a2e67a6fd04c169c4bdef102d0bc5d31b2546345219e348575eb80e9a0?s=96&d=mm&r=g\",\"contentUrl\":\"https:\\\/\\\/secure.gravatar.com\\\/avatar\\\/37d968a2e67a6fd04c169c4bdef102d0bc5d31b2546345219e348575eb80e9a0?s=96&d=mm&r=g\",\"caption\":\"redazione\"},\"sameAs\":[\"http:\\\/\\\/www.bellunopress.it\",\"https:\\\/\\\/x.com\\\/bellunopress\"],\"url\":\"https:\\\/\\\/www.bellunopress.it\\\/fr\\\/author\\\/redazione\\\/\"}]}<\/script>\n<!-- \/ Yoast SEO plugin. -->","yoast_head_json":{"title":"Riparte a Borca la rassegna Le Nuove Dolomiti. Ecosistema Belluno, Venerd\u00ec all'Hotel Boite l'esperienza di Danta di Cadore - Bellunopress - Dolomiti","robots":{"index":"index","follow":"follow","max-snippet":"max-snippet:-1","max-image-preview":"max-image-preview:large","max-video-preview":"max-video-preview:-1"},"canonical":"https:\/\/www.bellunopress.it\/fr\/2025\/01\/27\/riparte-a-borca-la-rassegna-le-nuove-dolomiti-ecosistema-belluno-venerdi-allhotel-boite-lesperienza-di-danta-di-cadore\/","og_locale":"fr_FR","og_type":"article","og_title":"Riparte a Borca la rassegna Le Nuove Dolomiti. Ecosistema Belluno, Venerd\u00ec all'Hotel Boite l'esperienza di Danta di Cadore - Bellunopress - Dolomiti","og_description":"Torna anche per il 2025 la versione invernale della rassegna di incontri \u201cLe nuove Dolomiti\u201d, promosso da Welcome Dolomiti con la Corte delle Dolomiti; primo appuntamento in calendario, venerd\u00ec 31 gennaio dalle ore 18.30 alla Gellner Lounge dell&#8217;Hotel Boite di Borca di Cadore con \u201cInnovazione e collaborazione contro lo spopolamento. L&#8217;esempio di Ecosistema Belluno a [&hellip;]","og_url":"https:\/\/www.bellunopress.it\/fr\/2025\/01\/27\/riparte-a-borca-la-rassegna-le-nuove-dolomiti-ecosistema-belluno-venerdi-allhotel-boite-lesperienza-di-danta-di-cadore\/","og_site_name":"Bellunopress - Dolomiti","article_publisher":"https:\/\/www.facebook.com\/profile.php?id=100008943462799","article_published_time":"2025-01-27T12:27:18+00:00","og_image":[{"width":1000,"height":683,"url":"https:\/\/www.bellunopress.it\/wp-content\/uploads\/2024\/08\/hotel-boite-borca-di-cadore_edited.jpg","type":"image\/jpeg"}],"author":"redazione","twitter_card":"summary_large_image","twitter_creator":"@bellunopress","twitter_site":"@bellunopress","twitter_misc":{"\u00c9crit par":"redazione","Dur\u00e9e de lecture estim\u00e9e":"1 minute"},"schema":{"@context":"https:\/\/schema.org","@graph":[{"@type":"Article","@id":"https:\/\/www.bellunopress.it\/2025\/01\/27\/riparte-a-borca-la-rassegna-le-nuove-dolomiti-ecosistema-belluno-venerdi-allhotel-boite-lesperienza-di-danta-di-cadore\/#article","isPartOf":{"@id":"https:\/\/www.bellunopress.it\/2025\/01\/27\/riparte-a-borca-la-rassegna-le-nuove-dolomiti-ecosistema-belluno-venerdi-allhotel-boite-lesperienza-di-danta-di-cadore\/"},"author":{"name":"redazione","@id":"https:\/\/www.bellunopress.it\/#\/schema\/person\/79bb06722b37ece1c03d3e94beb30d73"},"headline":"Riparte a Borca la rassegna Le Nuove Dolomiti. Ecosistema Belluno, Venerd\u00ec all&#8217;Hotel Boite l&#8217;esperienza di Danta di Cadore","datePublished":"2025-01-27T12:27:18+00:00","mainEntityOfPage":{"@id":"https:\/\/www.bellunopress.it\/2025\/01\/27\/riparte-a-borca-la-rassegna-le-nuove-dolomiti-ecosistema-belluno-venerdi-allhotel-boite-lesperienza-di-danta-di-cadore\/"},"wordCount":295,"publisher":{"@id":"https:\/\/www.bellunopress.it\/#organization"},"image":{"@id":"https:\/\/www.bellunopress.it\/2025\/01\/27\/riparte-a-borca-la-rassegna-le-nuove-dolomiti-ecosistema-belluno-venerdi-allhotel-boite-lesperienza-di-danta-di-cadore\/#primaryimage"},"thumbnailUrl":"https:\/\/www.bellunopress.it\/wp-content\/uploads\/2024\/08\/hotel-boite-borca-di-cadore_edited.jpg","articleSection":["Appuntamenti, Eventi","Pausa Caff\u00e8"],"inLanguage":"fr-FR"},{"@type":"WebPage","@id":"https:\/\/www.bellunopress.it\/2025\/01\/27\/riparte-a-borca-la-rassegna-le-nuove-dolomiti-ecosistema-belluno-venerdi-allhotel-boite-lesperienza-di-danta-di-cadore\/","url":"https:\/\/www.bellunopress.it\/2025\/01\/27\/riparte-a-borca-la-rassegna-le-nuove-dolomiti-ecosistema-belluno-venerdi-allhotel-boite-lesperienza-di-danta-di-cadore\/","name":"Riparte a Borca la rassegna Le Nuove Dolomiti. Ecosistema Belluno, Venerd\u00ec all'Hotel Boite l'esperienza di Danta di Cadore - Bellunopress - Dolomiti","isPartOf":{"@id":"https:\/\/www.bellunopress.it\/#website"},"primaryImageOfPage":{"@id":"https:\/\/www.bellunopress.it\/2025\/01\/27\/riparte-a-borca-la-rassegna-le-nuove-dolomiti-ecosistema-belluno-venerdi-allhotel-boite-lesperienza-di-danta-di-cadore\/#primaryimage"},"image":{"@id":"https:\/\/www.bellunopress.it\/2025\/01\/27\/riparte-a-borca-la-rassegna-le-nuove-dolomiti-ecosistema-belluno-venerdi-allhotel-boite-lesperienza-di-danta-di-cadore\/#primaryimage"},"thumbnailUrl":"https:\/\/www.bellunopress.it\/wp-content\/uploads\/2024\/08\/hotel-boite-borca-di-cadore_edited.jpg","datePublished":"2025-01-27T12:27:18+00:00","breadcrumb":{"@id":"https:\/\/www.bellunopress.it\/2025\/01\/27\/riparte-a-borca-la-rassegna-le-nuove-dolomiti-ecosistema-belluno-venerdi-allhotel-boite-lesperienza-di-danta-di-cadore\/#breadcrumb"},"inLanguage":"fr-FR","potentialAction":[{"@type":"ReadAction","target":["https:\/\/www.bellunopress.it\/2025\/01\/27\/riparte-a-borca-la-rassegna-le-nuove-dolomiti-ecosistema-belluno-venerdi-allhotel-boite-lesperienza-di-danta-di-cadore\/"]}]},{"@type":"ImageObject","inLanguage":"fr-FR","@id":"https:\/\/www.bellunopress.it\/2025\/01\/27\/riparte-a-borca-la-rassegna-le-nuove-dolomiti-ecosistema-belluno-venerdi-allhotel-boite-lesperienza-di-danta-di-cadore\/#primaryimage","url":"https:\/\/www.bellunopress.it\/wp-content\/uploads\/2024\/08\/hotel-boite-borca-di-cadore_edited.jpg","contentUrl":"https:\/\/www.bellunopress.it\/wp-content\/uploads\/2024\/08\/hotel-boite-borca-di-cadore_edited.jpg","width":1000,"height":683,"caption":"Hotel Boite - Borca di Cadore"},{"@type":"BreadcrumbList","@id":"https:\/\/www.bellunopress.it\/2025\/01\/27\/riparte-a-borca-la-rassegna-le-nuove-dolomiti-ecosistema-belluno-venerdi-allhotel-boite-lesperienza-di-danta-di-cadore\/#breadcrumb","itemListElement":[{"@type":"ListItem","position":1,"name":"Home","item":"https:\/\/www.bellunopress.it\/"},{"@type":"ListItem","position":2,"name":"Riparte a Borca la rassegna Le Nuove Dolomiti. Ecosistema Belluno, Venerd\u00ec all&#8217;Hotel Boite l&#8217;esperienza di Danta di Cadore"}]},{"@type":"WebSite","@id":"https:\/\/www.bellunopress.it\/#website","url":"https:\/\/www.bellunopress.it\/","name":"Bellunopress - Dolomiti","description":"e-mail: redazione@bellunopress.it","publisher":{"@id":"https:\/\/www.bellunopress.it\/#organization"},"potentialAction":[{"@type":"SearchAction","target":{"@type":"EntryPoint","urlTemplate":"https:\/\/www.bellunopress.it\/?s={search_term_string}"},"query-input":{"@type":"PropertyValueSpecification","valueRequired":true,"valueName":"search_term_string"}}],"inLanguage":"fr-FR"},{"@type":"Organization","@id":"https:\/\/www.bellunopress.it\/#organization","name":"Bellunopress","url":"https:\/\/www.bellunopress.it\/","logo":{"@type":"ImageObject","inLanguage":"fr-FR","@id":"https:\/\/www.bellunopress.it\/#\/schema\/logo\/image\/","url":"https:\/\/www.bellunopress.it\/wp-content\/uploads\/2011\/05\/cropped-logo-bellunopress-.jpg","contentUrl":"https:\/\/www.bellunopress.it\/wp-content\/uploads\/2011\/05\/cropped-logo-bellunopress-.jpg","width":512,"height":512,"caption":"Bellunopress"},"image":{"@id":"https:\/\/www.bellunopress.it\/#\/schema\/logo\/image\/"},"sameAs":["https:\/\/www.facebook.com\/profile.php?id=100008943462799","https:\/\/x.com\/bellunopress","https:\/\/www.linkedin.com\/hp\/?dnr=JBzUWaJfMUw8vbXJJ2tVW5-I3jZKvC4wsoxE&amp;amp;amp;amp;amp;amp;trk=nav_responsive_tab_home","https:\/\/www.youtube.com\/channel\/UCxL0wu1uN0_3_7hGG0306cw"]},{"@type":"Person","@id":"https:\/\/www.bellunopress.it\/#\/schema\/person\/79bb06722b37ece1c03d3e94beb30d73","name":"r\u00e9daction","image":{"@type":"ImageObject","inLanguage":"fr-FR","@id":"https:\/\/secure.gravatar.com\/avatar\/37d968a2e67a6fd04c169c4bdef102d0bc5d31b2546345219e348575eb80e9a0?s=96&d=mm&r=g","url":"https:\/\/secure.gravatar.com\/avatar\/37d968a2e67a6fd04c169c4bdef102d0bc5d31b2546345219e348575eb80e9a0?s=96&d=mm&r=g","contentUrl":"https:\/\/secure.gravatar.com\/avatar\/37d968a2e67a6fd04c169c4bdef102d0bc5d31b2546345219e348575eb80e9a0?s=96&d=mm&r=g","caption":"redazione"},"sameAs":["http:\/\/www.bellunopress.it","https:\/\/x.com\/bellunopress"],"url":"https:\/\/www.bellunopress.it\/fr\/author\/redazione\/"}]}},"_links":{"self":[{"href":"https:\/\/www.bellunopress.it\/fr\/wp-json\/wp\/v2\/posts\/157446","targetHints":{"allow":["GET"]}}],"collection":[{"href":"https:\/\/www.bellunopress.it\/fr\/wp-json\/wp\/v2\/posts"}],"about":[{"href":"https:\/\/www.bellunopress.it\/fr\/wp-json\/wp\/v2\/types\/post"}],"author":[{"embeddable":true,"href":"https:\/\/www.bellunopress.it\/fr\/wp-json\/wp\/v2\/users\/2"}],"replies":[{"embeddable":true,"href":"https:\/\/www.bellunopress.it\/fr\/wp-json\/wp\/v2\/comments?post=157446"}],"version-history":[{"count":1,"href":"https:\/\/www.bellunopress.it\/fr\/wp-json\/wp\/v2\/posts\/157446\/revisions"}],"predecessor-version":[{"id":157447,"href":"https:\/\/www.bellunopress.it\/fr\/wp-json\/wp\/v2\/posts\/157446\/revisions\/157447"}],"wp:featuredmedia":[{"embeddable":true,"href":"https:\/\/www.bellunopress.it\/fr\/wp-json\/wp\/v2\/media\/153466"}],"wp:attachment":[{"href":"https:\/\/www.bellunopress.it\/fr\/wp-json\/wp\/v2\/media?parent=157446"}],"wp:term":[{"taxonomy":"category","embeddable":true,"href":"https:\/\/www.bellunopress.it\/fr\/wp-json\/wp\/v2\/categories?post=157446"},{"taxonomy":"post_tag","embeddable":true,"href":"https:\/\/www.bellunopress.it\/fr\/wp-json\/wp\/v2\/tags?post=157446"}],"curies":[{"name":"wp","href":"https:\/\/api.w.org\/{rel}","templated":true}]}}