{"id":157429,"date":"2025-01-26T22:59:34","date_gmt":"2025-01-26T21:59:34","guid":{"rendered":"https:\/\/www.bellunopress.it\/?p=157429"},"modified":"2025-01-27T09:56:19","modified_gmt":"2025-01-27T08:56:19","slug":"elezioni-regionali-il-segretario-provinciale-de-bernardin-si-schiera-per-il-terzo-mandato-di-zaia","status":"publish","type":"post","link":"https:\/\/www.bellunopress.it\/fr\/2025\/01\/26\/elezioni-regionali-il-segretario-provinciale-de-bernardin-si-schiera-per-il-terzo-mandato-di-zaia\/","title":{"rendered":"Elezioni regionali: il segretario provinciale De Bernardin si schiera per il terzo mandato di Zaia"},"content":{"rendered":"<figure id=\"attachment_139204\" aria-describedby=\"caption-attachment-139204\" style=\"width: 554px\" class=\"wp-caption aligncenter\"><img loading=\"lazy\" decoding=\"async\" class=\"size-full wp-image-139204\" src=\"https:\/\/www.bellunopress.it\/wp-content\/uploads\/2023\/01\/De-Bernardin_edited.jpg\" alt=\"\" width=\"554\" height=\"506\" srcset=\"https:\/\/www.bellunopress.it\/wp-content\/uploads\/2023\/01\/De-Bernardin_edited.jpg 554w, https:\/\/www.bellunopress.it\/wp-content\/uploads\/2023\/01\/De-Bernardin_edited-500x457.jpg 500w, https:\/\/www.bellunopress.it\/wp-content\/uploads\/2023\/01\/De-Bernardin_edited-460x420.jpg 460w\" sizes=\"auto, (max-width: 554px) 100vw, 554px\" \/><figcaption id=\"caption-attachment-139204\" class=\"wp-caption-text\">Andrea De Bernardin, segretario provinciale Lega<\/figcaption><\/figure>\n<p>Belluno, 26 gennaio 2025 &#8211; \u00c8 partita ieri la doppia raccolta firme della Lega\/Liga Veneta con il gazebo di Cavarzano. Seguiranno a ruota quelli di Agordo, Ponte nelle Alpi, Feltre, Longarone, Sx Piave e Cencenighe.<\/p>\n<p>&#8220;Sono due i temi che porteremo all&#8217;attenzione dei cittadini, &#8211; dichiara il segretario provinciale della Lega Andrea De Bernardin &#8211; che stanno molto a cuore ai leghisti e cio\u00e8 quello sulla difesa, sempre, delle nostre Forze dell&#8217;Ordine, le quali vengono sempre pi\u00f9 spesso fatte oggetto di preoccupanti attacchi alle manifestazioni di piazza. Ricordo che il 2024 \u00e8 stato un anno record per queste espressioni popolari, spesso purtroppo sfocianti nella violenza e che vi sono stati quasi 300 agenti feriti nello svolgimento del loro compito che \u00e8 tutt&#8217;altro che facile&#8221;.<\/p>\n<p>&#8220;L&#8217;altro argomento di petizione ai nostri gazebi \u00e8 quello che abbiamo chiamato Veneto ai Veneti, proprio per contrastare quello che invece ha dichiarato il Coordinatore regionale di Forza Italia, Flavio Tosi e cio\u00e8 che il candidato Presidente del Veneto debba essere scelto nei palazzi romani. La Lega ha dimostrato di saper governare bene per molti anni con Luca Zaia in Regione e in centinaia di amministrazioni provinciali e comunali e chiede che questo venga tenuto in considerazione. Appoggio incondizionato quindi a Zaia innanzitutto e far si che il candidato possa essere scelto sul territorio e non a Roma. Sarebbe una vera dimostrazione di autonomia che anche i nostri alleati dovrebbero dare. Alleati che rimarranno senza dubbio tali nelle amministrazioni che governiamo assieme, soprattutto nel Governo Nazionale. Per finire spero che la questione sull&#8217;autonomia possa trovare un veloce percorso senza ulteriori ostacoli&#8221;.<\/p>\n<p>&#8220;Non capisco come possa essere possibile che i politici e i cittadini veneti di sx &#8211; conclude De Bernardin &#8211; si mettano di traverso sull&#8217;autonomia, una cosi importante questione territoriale&#8221;.<\/p>\n<p>In ogni caso, \u00e8 una legge che vieta il terzo mandato, che per Zaia sarebbe addirittura il quarto.<\/p>","protected":false},"excerpt":{"rendered":"<p>Belluno, 26 gennaio 2025 &#8211; \u00c8 partita ieri la doppia raccolta firme della Lega\/Liga Veneta con il gazebo di Cavarzano. Seguiranno a ruota quelli di Agordo, Ponte nelle Alpi, Feltre, Longarone, Sx Piave e Cencenighe. &#8220;Sono due i temi che porteremo all&#8217;attenzione dei cittadini, &#8211; dichiara il segretario provinciale della Lega Andrea De Bernardin &#8211; [&hellip;]<\/p>\n","protected":false},"author":2,"featured_media":139204,"comment_status":"closed","ping_status":"open","sticky":false,"template":"","format":"standard","meta":{"footnotes":""},"categories":[5,26],"tags":[],"class_list":["post-157429","post","type-post","status-publish","format-standard","has-post-thumbnail","category-cronaca","category-prima-pagina"],"yoast_head":"<!-- This site is optimized with the Yoast SEO plugin v28.4 - https:\/\/yoast.com\/product\/yoast-seo-wordpress\/ -->\n<title>Elezioni regionali: il segretario provinciale De Bernardin si schiera per il terzo mandato di Zaia - Bellunopress - Dolomiti<\/title>\n<meta name=\"robots\" content=\"index, follow, max-snippet:-1, max-image-preview:large, max-video-preview:-1\" \/>\n<link rel=\"canonical\" href=\"https:\/\/www.bellunopress.it\/fr\/2025\/01\/26\/elezioni-regionali-il-segretario-provinciale-de-bernardin-si-schiera-per-il-terzo-mandato-di-zaia\/\" \/>\n<meta property=\"og:locale\" content=\"fr_FR\" \/>\n<meta property=\"og:type\" content=\"article\" \/>\n<meta property=\"og:title\" content=\"Elezioni regionali: il segretario provinciale De Bernardin si schiera per il terzo mandato di Zaia - Bellunopress - Dolomiti\" \/>\n<meta property=\"og:description\" content=\"Belluno, 26 gennaio 2025 &#8211; \u00c8 partita ieri la doppia raccolta firme della Lega\/Liga Veneta con il gazebo di Cavarzano. Seguiranno a ruota quelli di Agordo, Ponte nelle Alpi, Feltre, Longarone, Sx Piave e Cencenighe. &#8220;Sono due i temi che porteremo all&#8217;attenzione dei cittadini, &#8211; dichiara il segretario provinciale della Lega Andrea De Bernardin &#8211; [&hellip;]\" \/>\n<meta property=\"og:url\" content=\"https:\/\/www.bellunopress.it\/fr\/2025\/01\/26\/elezioni-regionali-il-segretario-provinciale-de-bernardin-si-schiera-per-il-terzo-mandato-di-zaia\/\" \/>\n<meta property=\"og:site_name\" content=\"Bellunopress - Dolomiti\" \/>\n<meta property=\"article:publisher\" content=\"https:\/\/www.facebook.com\/profile.php?id=100008943462799\" \/>\n<meta property=\"article:published_time\" content=\"2025-01-26T21:59:34+00:00\" \/>\n<meta property=\"article:modified_time\" content=\"2025-01-27T08:56:19+00:00\" \/>\n<meta property=\"og:image\" content=\"https:\/\/www.bellunopress.it\/wp-content\/uploads\/2023\/01\/De-Bernardin_edited.jpg\" \/>\n\t<meta property=\"og:image:width\" content=\"554\" \/>\n\t<meta property=\"og:image:height\" content=\"506\" \/>\n\t<meta property=\"og:image:type\" content=\"image\/jpeg\" \/>\n<meta name=\"author\" content=\"redazione\" \/>\n<meta name=\"twitter:card\" content=\"summary_large_image\" \/>\n<meta name=\"twitter:creator\" content=\"@bellunopress\" \/>\n<meta name=\"twitter:site\" content=\"@bellunopress\" \/>\n<meta name=\"twitter:label1\" content=\"\u00c9crit par\" \/>\n\t<meta name=\"twitter:data1\" content=\"redazione\" \/>\n\t<meta name=\"twitter:label2\" content=\"Dur\u00e9e de lecture estim\u00e9e\" \/>\n\t<meta name=\"twitter:data2\" content=\"2 minutes\" \/>\n<script type=\"application\/ld+json\" class=\"yoast-schema-graph\">{\"@context\":\"https:\\\/\\\/schema.org\",\"@graph\":[{\"@type\":\"Article\",\"@id\":\"https:\\\/\\\/www.bellunopress.it\\\/2025\\\/01\\\/26\\\/elezioni-regionali-il-segretario-provinciale-de-bernardin-si-schiera-per-il-terzo-mandato-di-zaia\\\/#article\",\"isPartOf\":{\"@id\":\"https:\\\/\\\/www.bellunopress.it\\\/2025\\\/01\\\/26\\\/elezioni-regionali-il-segretario-provinciale-de-bernardin-si-schiera-per-il-terzo-mandato-di-zaia\\\/\"},\"author\":{\"name\":\"redazione\",\"@id\":\"https:\\\/\\\/www.bellunopress.it\\\/#\\\/schema\\\/person\\\/79bb06722b37ece1c03d3e94beb30d73\"},\"headline\":\"Elezioni regionali: il segretario provinciale De Bernardin si schiera per il terzo mandato di Zaia\",\"datePublished\":\"2025-01-26T21:59:34+00:00\",\"dateModified\":\"2025-01-27T08:56:19+00:00\",\"mainEntityOfPage\":{\"@id\":\"https:\\\/\\\/www.bellunopress.it\\\/2025\\\/01\\\/26\\\/elezioni-regionali-il-segretario-provinciale-de-bernardin-si-schiera-per-il-terzo-mandato-di-zaia\\\/\"},\"wordCount\":339,\"publisher\":{\"@id\":\"https:\\\/\\\/www.bellunopress.it\\\/#organization\"},\"image\":{\"@id\":\"https:\\\/\\\/www.bellunopress.it\\\/2025\\\/01\\\/26\\\/elezioni-regionali-il-segretario-provinciale-de-bernardin-si-schiera-per-il-terzo-mandato-di-zaia\\\/#primaryimage\"},\"thumbnailUrl\":\"https:\\\/\\\/www.bellunopress.it\\\/wp-content\\\/uploads\\\/2023\\\/01\\\/De-Bernardin_edited.jpg\",\"articleSection\":[\"Cronaca\\\/Politica\",\"Prima Pagina\"],\"inLanguage\":\"fr-FR\"},{\"@type\":\"WebPage\",\"@id\":\"https:\\\/\\\/www.bellunopress.it\\\/2025\\\/01\\\/26\\\/elezioni-regionali-il-segretario-provinciale-de-bernardin-si-schiera-per-il-terzo-mandato-di-zaia\\\/\",\"url\":\"https:\\\/\\\/www.bellunopress.it\\\/2025\\\/01\\\/26\\\/elezioni-regionali-il-segretario-provinciale-de-bernardin-si-schiera-per-il-terzo-mandato-di-zaia\\\/\",\"name\":\"Elezioni regionali: il segretario provinciale De Bernardin si schiera per il terzo mandato di Zaia - Bellunopress - Dolomiti\",\"isPartOf\":{\"@id\":\"https:\\\/\\\/www.bellunopress.it\\\/#website\"},\"primaryImageOfPage\":{\"@id\":\"https:\\\/\\\/www.bellunopress.it\\\/2025\\\/01\\\/26\\\/elezioni-regionali-il-segretario-provinciale-de-bernardin-si-schiera-per-il-terzo-mandato-di-zaia\\\/#primaryimage\"},\"image\":{\"@id\":\"https:\\\/\\\/www.bellunopress.it\\\/2025\\\/01\\\/26\\\/elezioni-regionali-il-segretario-provinciale-de-bernardin-si-schiera-per-il-terzo-mandato-di-zaia\\\/#primaryimage\"},\"thumbnailUrl\":\"https:\\\/\\\/www.bellunopress.it\\\/wp-content\\\/uploads\\\/2023\\\/01\\\/De-Bernardin_edited.jpg\",\"datePublished\":\"2025-01-26T21:59:34+00:00\",\"dateModified\":\"2025-01-27T08:56:19+00:00\",\"breadcrumb\":{\"@id\":\"https:\\\/\\\/www.bellunopress.it\\\/2025\\\/01\\\/26\\\/elezioni-regionali-il-segretario-provinciale-de-bernardin-si-schiera-per-il-terzo-mandato-di-zaia\\\/#breadcrumb\"},\"inLanguage\":\"fr-FR\",\"potentialAction\":[{\"@type\":\"ReadAction\",\"target\":[\"https:\\\/\\\/www.bellunopress.it\\\/2025\\\/01\\\/26\\\/elezioni-regionali-il-segretario-provinciale-de-bernardin-si-schiera-per-il-terzo-mandato-di-zaia\\\/\"]}]},{\"@type\":\"ImageObject\",\"inLanguage\":\"fr-FR\",\"@id\":\"https:\\\/\\\/www.bellunopress.it\\\/2025\\\/01\\\/26\\\/elezioni-regionali-il-segretario-provinciale-de-bernardin-si-schiera-per-il-terzo-mandato-di-zaia\\\/#primaryimage\",\"url\":\"https:\\\/\\\/www.bellunopress.it\\\/wp-content\\\/uploads\\\/2023\\\/01\\\/De-Bernardin_edited.jpg\",\"contentUrl\":\"https:\\\/\\\/www.bellunopress.it\\\/wp-content\\\/uploads\\\/2023\\\/01\\\/De-Bernardin_edited.jpg\",\"width\":554,\"height\":506,\"caption\":\"Andrea De Bernardin, segretario provinciale Lega\"},{\"@type\":\"BreadcrumbList\",\"@id\":\"https:\\\/\\\/www.bellunopress.it\\\/2025\\\/01\\\/26\\\/elezioni-regionali-il-segretario-provinciale-de-bernardin-si-schiera-per-il-terzo-mandato-di-zaia\\\/#breadcrumb\",\"itemListElement\":[{\"@type\":\"ListItem\",\"position\":1,\"name\":\"Home\",\"item\":\"https:\\\/\\\/www.bellunopress.it\\\/\"},{\"@type\":\"ListItem\",\"position\":2,\"name\":\"Elezioni regionali: il segretario provinciale De Bernardin si schiera per il terzo mandato di Zaia\"}]},{\"@type\":\"WebSite\",\"@id\":\"https:\\\/\\\/www.bellunopress.it\\\/#website\",\"url\":\"https:\\\/\\\/www.bellunopress.it\\\/\",\"name\":\"Bellunopress - Dolomiti\",\"description\":\"e-mail: redazione@bellunopress.it\",\"publisher\":{\"@id\":\"https:\\\/\\\/www.bellunopress.it\\\/#organization\"},\"potentialAction\":[{\"@type\":\"SearchAction\",\"target\":{\"@type\":\"EntryPoint\",\"urlTemplate\":\"https:\\\/\\\/www.bellunopress.it\\\/?s={search_term_string}\"},\"query-input\":{\"@type\":\"PropertyValueSpecification\",\"valueRequired\":true,\"valueName\":\"search_term_string\"}}],\"inLanguage\":\"fr-FR\"},{\"@type\":\"Organization\",\"@id\":\"https:\\\/\\\/www.bellunopress.it\\\/#organization\",\"name\":\"Bellunopress\",\"url\":\"https:\\\/\\\/www.bellunopress.it\\\/\",\"logo\":{\"@type\":\"ImageObject\",\"inLanguage\":\"fr-FR\",\"@id\":\"https:\\\/\\\/www.bellunopress.it\\\/#\\\/schema\\\/logo\\\/image\\\/\",\"url\":\"https:\\\/\\\/www.bellunopress.it\\\/wp-content\\\/uploads\\\/2011\\\/05\\\/cropped-logo-bellunopress-.jpg\",\"contentUrl\":\"https:\\\/\\\/www.bellunopress.it\\\/wp-content\\\/uploads\\\/2011\\\/05\\\/cropped-logo-bellunopress-.jpg\",\"width\":512,\"height\":512,\"caption\":\"Bellunopress\"},\"image\":{\"@id\":\"https:\\\/\\\/www.bellunopress.it\\\/#\\\/schema\\\/logo\\\/image\\\/\"},\"sameAs\":[\"https:\\\/\\\/www.facebook.com\\\/profile.php?id=100008943462799\",\"https:\\\/\\\/x.com\\\/bellunopress\",\"https:\\\/\\\/www.linkedin.com\\\/hp\\\/?dnr=JBzUWaJfMUw8vbXJJ2tVW5-I3jZKvC4wsoxE&amp;amp;amp;amp;amp;amp;trk=nav_responsive_tab_home\",\"https:\\\/\\\/www.youtube.com\\\/channel\\\/UCxL0wu1uN0_3_7hGG0306cw\"]},{\"@type\":\"Person\",\"@id\":\"https:\\\/\\\/www.bellunopress.it\\\/#\\\/schema\\\/person\\\/79bb06722b37ece1c03d3e94beb30d73\",\"name\":\"redazione\",\"image\":{\"@type\":\"ImageObject\",\"inLanguage\":\"fr-FR\",\"@id\":\"https:\\\/\\\/secure.gravatar.com\\\/avatar\\\/37d968a2e67a6fd04c169c4bdef102d0bc5d31b2546345219e348575eb80e9a0?s=96&d=mm&r=g\",\"url\":\"https:\\\/\\\/secure.gravatar.com\\\/avatar\\\/37d968a2e67a6fd04c169c4bdef102d0bc5d31b2546345219e348575eb80e9a0?s=96&d=mm&r=g\",\"contentUrl\":\"https:\\\/\\\/secure.gravatar.com\\\/avatar\\\/37d968a2e67a6fd04c169c4bdef102d0bc5d31b2546345219e348575eb80e9a0?s=96&d=mm&r=g\",\"caption\":\"redazione\"},\"sameAs\":[\"http:\\\/\\\/www.bellunopress.it\",\"https:\\\/\\\/x.com\\\/bellunopress\"],\"url\":\"https:\\\/\\\/www.bellunopress.it\\\/fr\\\/author\\\/redazione\\\/\"}]}<\/script>\n<!-- \/ Yoast SEO plugin. -->","yoast_head_json":{"title":"Elezioni regionali: il segretario provinciale De Bernardin si schiera per il terzo mandato di Zaia - Bellunopress - Dolomiti","robots":{"index":"index","follow":"follow","max-snippet":"max-snippet:-1","max-image-preview":"max-image-preview:large","max-video-preview":"max-video-preview:-1"},"canonical":"https:\/\/www.bellunopress.it\/fr\/2025\/01\/26\/elezioni-regionali-il-segretario-provinciale-de-bernardin-si-schiera-per-il-terzo-mandato-di-zaia\/","og_locale":"fr_FR","og_type":"article","og_title":"Elezioni regionali: il segretario provinciale De Bernardin si schiera per il terzo mandato di Zaia - Bellunopress - Dolomiti","og_description":"Belluno, 26 gennaio 2025 &#8211; \u00c8 partita ieri la doppia raccolta firme della Lega\/Liga Veneta con il gazebo di Cavarzano. Seguiranno a ruota quelli di Agordo, Ponte nelle Alpi, Feltre, Longarone, Sx Piave e Cencenighe. &#8220;Sono due i temi che porteremo all&#8217;attenzione dei cittadini, &#8211; dichiara il segretario provinciale della Lega Andrea De Bernardin &#8211; [&hellip;]","og_url":"https:\/\/www.bellunopress.it\/fr\/2025\/01\/26\/elezioni-regionali-il-segretario-provinciale-de-bernardin-si-schiera-per-il-terzo-mandato-di-zaia\/","og_site_name":"Bellunopress - Dolomiti","article_publisher":"https:\/\/www.facebook.com\/profile.php?id=100008943462799","article_published_time":"2025-01-26T21:59:34+00:00","article_modified_time":"2025-01-27T08:56:19+00:00","og_image":[{"width":554,"height":506,"url":"https:\/\/www.bellunopress.it\/wp-content\/uploads\/2023\/01\/De-Bernardin_edited.jpg","type":"image\/jpeg"}],"author":"redazione","twitter_card":"summary_large_image","twitter_creator":"@bellunopress","twitter_site":"@bellunopress","twitter_misc":{"\u00c9crit par":"redazione","Dur\u00e9e de lecture estim\u00e9e":"2 minutes"},"schema":{"@context":"https:\/\/schema.org","@graph":[{"@type":"Article","@id":"https:\/\/www.bellunopress.it\/2025\/01\/26\/elezioni-regionali-il-segretario-provinciale-de-bernardin-si-schiera-per-il-terzo-mandato-di-zaia\/#article","isPartOf":{"@id":"https:\/\/www.bellunopress.it\/2025\/01\/26\/elezioni-regionali-il-segretario-provinciale-de-bernardin-si-schiera-per-il-terzo-mandato-di-zaia\/"},"author":{"name":"redazione","@id":"https:\/\/www.bellunopress.it\/#\/schema\/person\/79bb06722b37ece1c03d3e94beb30d73"},"headline":"Elezioni regionali: il segretario provinciale De Bernardin si schiera per il terzo mandato di Zaia","datePublished":"2025-01-26T21:59:34+00:00","dateModified":"2025-01-27T08:56:19+00:00","mainEntityOfPage":{"@id":"https:\/\/www.bellunopress.it\/2025\/01\/26\/elezioni-regionali-il-segretario-provinciale-de-bernardin-si-schiera-per-il-terzo-mandato-di-zaia\/"},"wordCount":339,"publisher":{"@id":"https:\/\/www.bellunopress.it\/#organization"},"image":{"@id":"https:\/\/www.bellunopress.it\/2025\/01\/26\/elezioni-regionali-il-segretario-provinciale-de-bernardin-si-schiera-per-il-terzo-mandato-di-zaia\/#primaryimage"},"thumbnailUrl":"https:\/\/www.bellunopress.it\/wp-content\/uploads\/2023\/01\/De-Bernardin_edited.jpg","articleSection":["Cronaca\/Politica","Prima Pagina"],"inLanguage":"fr-FR"},{"@type":"WebPage","@id":"https:\/\/www.bellunopress.it\/2025\/01\/26\/elezioni-regionali-il-segretario-provinciale-de-bernardin-si-schiera-per-il-terzo-mandato-di-zaia\/","url":"https:\/\/www.bellunopress.it\/2025\/01\/26\/elezioni-regionali-il-segretario-provinciale-de-bernardin-si-schiera-per-il-terzo-mandato-di-zaia\/","name":"Elezioni regionali: il segretario provinciale De Bernardin si schiera per il terzo mandato di Zaia - Bellunopress - Dolomiti","isPartOf":{"@id":"https:\/\/www.bellunopress.it\/#website"},"primaryImageOfPage":{"@id":"https:\/\/www.bellunopress.it\/2025\/01\/26\/elezioni-regionali-il-segretario-provinciale-de-bernardin-si-schiera-per-il-terzo-mandato-di-zaia\/#primaryimage"},"image":{"@id":"https:\/\/www.bellunopress.it\/2025\/01\/26\/elezioni-regionali-il-segretario-provinciale-de-bernardin-si-schiera-per-il-terzo-mandato-di-zaia\/#primaryimage"},"thumbnailUrl":"https:\/\/www.bellunopress.it\/wp-content\/uploads\/2023\/01\/De-Bernardin_edited.jpg","datePublished":"2025-01-26T21:59:34+00:00","dateModified":"2025-01-27T08:56:19+00:00","breadcrumb":{"@id":"https:\/\/www.bellunopress.it\/2025\/01\/26\/elezioni-regionali-il-segretario-provinciale-de-bernardin-si-schiera-per-il-terzo-mandato-di-zaia\/#breadcrumb"},"inLanguage":"fr-FR","potentialAction":[{"@type":"ReadAction","target":["https:\/\/www.bellunopress.it\/2025\/01\/26\/elezioni-regionali-il-segretario-provinciale-de-bernardin-si-schiera-per-il-terzo-mandato-di-zaia\/"]}]},{"@type":"ImageObject","inLanguage":"fr-FR","@id":"https:\/\/www.bellunopress.it\/2025\/01\/26\/elezioni-regionali-il-segretario-provinciale-de-bernardin-si-schiera-per-il-terzo-mandato-di-zaia\/#primaryimage","url":"https:\/\/www.bellunopress.it\/wp-content\/uploads\/2023\/01\/De-Bernardin_edited.jpg","contentUrl":"https:\/\/www.bellunopress.it\/wp-content\/uploads\/2023\/01\/De-Bernardin_edited.jpg","width":554,"height":506,"caption":"Andrea De Bernardin, segretario provinciale Lega"},{"@type":"BreadcrumbList","@id":"https:\/\/www.bellunopress.it\/2025\/01\/26\/elezioni-regionali-il-segretario-provinciale-de-bernardin-si-schiera-per-il-terzo-mandato-di-zaia\/#breadcrumb","itemListElement":[{"@type":"ListItem","position":1,"name":"Home","item":"https:\/\/www.bellunopress.it\/"},{"@type":"ListItem","position":2,"name":"Elezioni regionali: il segretario provinciale De Bernardin si schiera per il terzo mandato di Zaia"}]},{"@type":"WebSite","@id":"https:\/\/www.bellunopress.it\/#website","url":"https:\/\/www.bellunopress.it\/","name":"Bellunopress - Dolomiti","description":"e-mail: redazione@bellunopress.it","publisher":{"@id":"https:\/\/www.bellunopress.it\/#organization"},"potentialAction":[{"@type":"SearchAction","target":{"@type":"EntryPoint","urlTemplate":"https:\/\/www.bellunopress.it\/?s={search_term_string}"},"query-input":{"@type":"PropertyValueSpecification","valueRequired":true,"valueName":"search_term_string"}}],"inLanguage":"fr-FR"},{"@type":"Organization","@id":"https:\/\/www.bellunopress.it\/#organization","name":"Bellunopress","url":"https:\/\/www.bellunopress.it\/","logo":{"@type":"ImageObject","inLanguage":"fr-FR","@id":"https:\/\/www.bellunopress.it\/#\/schema\/logo\/image\/","url":"https:\/\/www.bellunopress.it\/wp-content\/uploads\/2011\/05\/cropped-logo-bellunopress-.jpg","contentUrl":"https:\/\/www.bellunopress.it\/wp-content\/uploads\/2011\/05\/cropped-logo-bellunopress-.jpg","width":512,"height":512,"caption":"Bellunopress"},"image":{"@id":"https:\/\/www.bellunopress.it\/#\/schema\/logo\/image\/"},"sameAs":["https:\/\/www.facebook.com\/profile.php?id=100008943462799","https:\/\/x.com\/bellunopress","https:\/\/www.linkedin.com\/hp\/?dnr=JBzUWaJfMUw8vbXJJ2tVW5-I3jZKvC4wsoxE&amp;amp;amp;amp;amp;amp;trk=nav_responsive_tab_home","https:\/\/www.youtube.com\/channel\/UCxL0wu1uN0_3_7hGG0306cw"]},{"@type":"Person","@id":"https:\/\/www.bellunopress.it\/#\/schema\/person\/79bb06722b37ece1c03d3e94beb30d73","name":"r\u00e9daction","image":{"@type":"ImageObject","inLanguage":"fr-FR","@id":"https:\/\/secure.gravatar.com\/avatar\/37d968a2e67a6fd04c169c4bdef102d0bc5d31b2546345219e348575eb80e9a0?s=96&d=mm&r=g","url":"https:\/\/secure.gravatar.com\/avatar\/37d968a2e67a6fd04c169c4bdef102d0bc5d31b2546345219e348575eb80e9a0?s=96&d=mm&r=g","contentUrl":"https:\/\/secure.gravatar.com\/avatar\/37d968a2e67a6fd04c169c4bdef102d0bc5d31b2546345219e348575eb80e9a0?s=96&d=mm&r=g","caption":"redazione"},"sameAs":["http:\/\/www.bellunopress.it","https:\/\/x.com\/bellunopress"],"url":"https:\/\/www.bellunopress.it\/fr\/author\/redazione\/"}]}},"_links":{"self":[{"href":"https:\/\/www.bellunopress.it\/fr\/wp-json\/wp\/v2\/posts\/157429","targetHints":{"allow":["GET"]}}],"collection":[{"href":"https:\/\/www.bellunopress.it\/fr\/wp-json\/wp\/v2\/posts"}],"about":[{"href":"https:\/\/www.bellunopress.it\/fr\/wp-json\/wp\/v2\/types\/post"}],"author":[{"embeddable":true,"href":"https:\/\/www.bellunopress.it\/fr\/wp-json\/wp\/v2\/users\/2"}],"replies":[{"embeddable":true,"href":"https:\/\/www.bellunopress.it\/fr\/wp-json\/wp\/v2\/comments?post=157429"}],"version-history":[{"count":3,"href":"https:\/\/www.bellunopress.it\/fr\/wp-json\/wp\/v2\/posts\/157429\/revisions"}],"predecessor-version":[{"id":157434,"href":"https:\/\/www.bellunopress.it\/fr\/wp-json\/wp\/v2\/posts\/157429\/revisions\/157434"}],"wp:featuredmedia":[{"embeddable":true,"href":"https:\/\/www.bellunopress.it\/fr\/wp-json\/wp\/v2\/media\/139204"}],"wp:attachment":[{"href":"https:\/\/www.bellunopress.it\/fr\/wp-json\/wp\/v2\/media?parent=157429"}],"wp:term":[{"taxonomy":"category","embeddable":true,"href":"https:\/\/www.bellunopress.it\/fr\/wp-json\/wp\/v2\/categories?post=157429"},{"taxonomy":"post_tag","embeddable":true,"href":"https:\/\/www.bellunopress.it\/fr\/wp-json\/wp\/v2\/tags?post=157429"}],"curies":[{"name":"wp","href":"https:\/\/api.w.org\/{rel}","templated":true}]}}