{"id":157241,"date":"2025-01-19T15:07:39","date_gmt":"2025-01-19T14:07:39","guid":{"rendered":"https:\/\/www.bellunopress.it\/?p=157241"},"modified":"2025-01-19T15:07:39","modified_gmt":"2025-01-19T14:07:39","slug":"senatore-matteo-renzi-basta-con-il-parlamentare-part-time-di-enzo-de-biasi","status":"publish","type":"post","link":"https:\/\/www.bellunopress.it\/fr\/2025\/01\/19\/senatore-matteo-renzi-basta-con-il-parlamentare-part-time-di-enzo-de-biasi\/","title":{"rendered":"Senatore Matteo Renzi: \u201cBasta con il Parlamentare part-time!\u201d   * di Enzo De Biasi"},"content":{"rendered":"<p><strong><img loading=\"lazy\" decoding=\"async\" class=\"aligncenter size-full wp-image-117756\" src=\"https:\/\/www.bellunopress.it\/wp-content\/uploads\/2020\/09\/Parlamento_edited.jpg\" alt=\"\" width=\"800\" height=\"600\" srcset=\"https:\/\/www.bellunopress.it\/wp-content\/uploads\/2020\/09\/Parlamento_edited.jpg 800w, https:\/\/www.bellunopress.it\/wp-content\/uploads\/2020\/09\/Parlamento_edited-500x375.jpg 500w, https:\/\/www.bellunopress.it\/wp-content\/uploads\/2020\/09\/Parlamento_edited-696x522.jpg 696w, https:\/\/www.bellunopress.it\/wp-content\/uploads\/2020\/09\/Parlamento_edited-560x420.jpg 560w, https:\/\/www.bellunopress.it\/wp-content\/uploads\/2020\/09\/Parlamento_edited-80x60.jpg 80w, https:\/\/www.bellunopress.it\/wp-content\/uploads\/2020\/09\/Parlamento_edited-265x198.jpg 265w\" sizes=\"auto, (max-width: 800px) 100vw, 800px\" \/>Il leader di Italia Viva pronto a presentare un disegno di legge che vieta il doppio lavoro a chi \u00e8 deputato o senatore della Repubblica. <\/strong><\/p>\n<p>Matteo Renzi si \u00e8 impegnato <strong>gioved\u00ec 9 gennaio<\/strong>\u00a0 davanti al pubblico televisivo dell\u2019emittente, La 7-Piazza Pulita, di presentare,\u00a0 a breve, un disegno di legge <strong>che vieti qualsiasi<\/strong> altra professione, mestiere, esercizio d\u2019impresa, all\u2019onorevole o al senatore in carica. Il concetto \u00e8 stato poi ripetuto dal parlamentare, nel giorno del compimento del suo \u00a0cinquantesimo anno a Firenze.<\/p>\n<p><strong>Buona idea senatore!<\/strong> Vediamo di metterla in pratica, redigendo &#8211; bda subito &#8211; un ddl \u00a0da inviare per la sottoscrizione a tutti i suoi colleghi \u00a0di \u00a0Palazzo Madama.<\/p>\n<p><strong>Un primo suggerimento utile per agevolare il successo dell\u2019iniziativa. <\/strong><\/p>\n<p>Contestualmente all\u2019avvio della raccolta firme parlamentari, \u00e8 opportuno che l\u2019iniziativa sia <strong>immediatamente\u00a0 pubblicata<\/strong> <strong>e divulgata<\/strong> in tutti i social media oggigiorno presenti in rete web, dando la possibilit\u00e0 al cittadino di firmare a norma di legge e, se riterr\u00e0, \u00a0di contribuire con qualche nota e osservazione.<\/p>\n<p>L\u2019obiettivo da raggiungere <strong>\u00e8 quello delle 50 mila firme<\/strong>, quorum richiesto dall\u2019art. 71 della Costituzione utile per una proposta di legge popolare. Tale chance , \u00e8 classificata dagli esperti della materia: <strong>\u201cdemocrazia di base\u201d.<\/strong> \u00a0Dal 1948 ogni volta che il <strong>\u201cpopolo sovrano\u201d<\/strong> si \u00e8 attivato in tal senso, l\u2019iniziativa legislativa \u201c<strong>popolare<\/strong>\u201d \u00e8 stata snobbata dai rappresentanti <strong>\u201celetti dal popolo\u201d<\/strong>. Forse e chiss\u00e0 se questa volta, \u00a0con l\u2019aiuto di un politico di spessore mediatico e non solo, il ddl andr\u00e0 a buon fine. Non resta che partire e aspettare la nuova norma pubblicata in Gazzetta Ufficiale.<\/p>\n<p>I precedenti, in verit\u00e0, non depongono a favore di un esito felice. Infatti, le Assemblee Legislative ed i Governi succedutesi <strong>dal 1948 in avanti<\/strong>, sono rimasti pressoch\u00e9 indifferenti alle proposte ex-art. 71 Costituzione. Del resto, la classe politica italiana, <strong>dopo il 1993<\/strong>, ha dimostrato la stessa impermeabilit\u00e0. Allora, un referendum abrogativo che ottenne l\u2019adesione di <strong>oltre il 76% <\/strong>dei cittadini<strong>, cancell\u00f2 tre ministeri dell\u2019apparato romanocentrico di stampo statalista<\/strong>. Per\u00f2 e subito dopo,\u00a0 due dicasteri risorsero dalle ceneri, Ministero del Turismo e quello dell\u2019Agricoltura, <strong>oggi retti<\/strong> <strong>\u201ccon disciplina ed onore \u201c<\/strong><strong>da due eccellenze<\/strong> \u00a0del firmamento governativo<strong>: \u00a0Daniela Santanch\u00e8 \u00a0e Francesco Lollobrigida<\/strong>. L\u2019unico dicastero definitivamente <strong>colpito e affondato<\/strong> fu quello delle <strong>Partecipazioni Statali (PP.SS.). Al tempo,<\/strong> le PP.SS. comprendevano le Ferrovie dello Stato, attualmente sotto l\u2019egida politica del Vice-Presidente del Consiglio dei ministri, tale <strong>Matteo Salvini, <\/strong>le cui capacit\u00e0 di governance del sistema di trasporto ferroviario affidatogli <strong>non meritano alcun commento. <\/strong><\/p>\n<p>Circa i ministeri azzerati dal <strong>\u201cpopolo sovrano\u201d<\/strong>, quello del Turismo, come accade in molti Paesi UE, poteva (pu\u00f2) essere incluso nel dicastero della Cultura, il secondo poteva (pu\u00f2) essere accorpato nel Ministero delle Attivit\u00e0 Produttive, ora ribattezzato con il <strong>nickname (nomignolo) <\/strong>di Ministero delle Imprese e del Made in Italy, mentre il terzo, le PP.SS bene stavano e bene stanno nel Ministero dell\u2019Economia e della Finanza, M.E.F.<\/p>\n<p>Sul rinvio a giudizio di <strong>Daniela Santanch\u00e8, <\/strong>proceder\u00e0 la magistratura penale<strong>, qui richiamiamo preliminari e fondamentali principi d<\/strong>i <strong>Etica Pubblica <\/strong>che debbono (dovrebbero) \u00a0guidare e dare sostanza all\u2019agire del politico affidatario di rilevanti potest\u00e0 pubbliche. Nel merito della permanenza al governo del Ministro del Turismo <strong>decider\u00e0 il Presidente di Fratelli d\u2019Italia, pro-tempore \u00a0Capo del Governo.<\/strong> L\u2019attenzione \u00e8, quindi, focalizzata<strong> su FdI, partito di maggioranza relativa e nel Paese e nell\u2019Esecutivo \u00a0<\/strong>che, talvolta, si richiama ai valori di <strong>lealt\u00e0 e correttezza istituzionale, rettitudine civile, condotte morali ineccepibili,<\/strong> testimoniati in vita dal\u00a0 giudice <strong>Paolo Borsellino, icona della destra e vittima di Cosa Nostra<\/strong>.<\/p>\n<p>Questi due anni ed oltre trascorsi al potere da chi\u00a0 \u00e8 l\u00ec arrivato dopo 75anni di esclusione, hanno segnalato a partire dalla scelta dei componenti la squadra di governo, la predilezione di personaggi di pi\u00f9 basso livello rispetto a quelli \u00a0selezionati nelle tornate antecedenti. Si sa, \u00e8 una legge di natura, <strong>quando in cielo ci sono tante nuvole nere piove a dirotto<\/strong>, evidente ed ovvio.<\/p>\n<p>La stessa scena \u00e8 andata in onda nel finale della prima fase della Repubblica. Il ceto politico della seconda? Lo standard medio delle persone posizionatesi\u00a0 a capo delle istituzioni e nel parlamento, \u00e8 risultato molto al di sotto delle attese per una <strong>dirigenza <\/strong>all\u2019altezza dei gravi problemi da affrontare e per miglioramento e qualificazione nella gestione della \u201cres publica\u201d.<\/p>\n<p>Forse, gli accadimenti registrati pi\u00f9 che una legge di \u201cnatura\u201d ci troviamo di fronte ad una legge \u201csociale\u201d, \u00a0che caratterizza l\u2019etnia, l\u2019identit\u00e0 \u00a0italiana. Il riferimento \u00e8 al <strong>\u201cfamilismo amorale<\/strong>\u201d, diventato ora in versione post-missina, \u201d<strong>amichettismo\u201d<\/strong>. \u00a0Il familismo amorale si ha quando <strong>il leader \u00a0persegue \u00a0l&#8217;interesse generale<\/strong> della comunit\u00e0 rappresentata, <strong>fidandosi unicamente<\/strong> di s\u00e9 stesso e\/o delle sue relazioni parentali e fiduciarie consolidate<strong>. <\/strong>L\u2019amichettismo \u00e8, invece, \u00a0Il comportamento di chi, generalmente da <strong>una posizione di potere<\/strong> <strong>e di prestigio<\/strong>, favorisce <strong>i propri fedeli, seguaci, followers<\/strong>. La Repubblica Italiana, le sue istituzioni e le societ\u00e0 pubbliche, RAI-TV ad esempio, \u00a0sono state -da sempre-\u00a0 bottino in disponibilit\u00e0 dei vincitori di turno per \u201csfamare\u201d le truppe al seguito che hanno contribuito alla vittoria. Pure in quest\u2019occasione chi ha vinto, ha praticato, usi e consuetudini\u00a0 beceri e stabilizzati dai decenni \u00a0e nei decenni scorsi. Sentire dire \u201csiamo qui per fare la storia\u201d, <strong>ma di che tipo e in che direzione ?<\/strong><\/p>\n<p><strong>La norma anti-Matteo Renzi, quando e perch\u00e9 \u00e8 sgorgata<\/strong><\/p>\n<p>Ebbene, il merito \u00e8 tutto dell\u2019attuale maggioranza che <strong>sollecitata <\/strong>dal Presidente del Consiglio dei ministri, ha inserito nella finanziaria vigente un comma specifico che vieta a chi siede in Parlamento \u00a0di tenere conferenze <strong>in un Paese extra-Ue<\/strong>, attivit\u00e0 \u00a0reputata lesiva del bon ton istituzionale. In via incidentale e del tutto casuale, la norma trova applicazione nei confronti di un\u2019unica persona: <strong>il senatore Matteo Renzi<\/strong>.<\/p>\n<p>La prima donna di Palazzo Chigi, in questa circostanza, \u00a0ha ragionato con <strong>logica sbilenca e pensiero debole<\/strong>. Il soprano di Palazzo Madama, da par suo, \u00a0ha gi\u00e0 risposto in TV e qui non c\u2019\u00e8 altro da aggiungere, n\u00e9 serve<strong>. <\/strong><\/p>\n<p><strong>Tuttavia, se si vuole affrontare il tema, la prospettiva\u00a0 \u00e8 di tutt\u2019altro genere e qualit\u00e0. <\/strong><\/p>\n<p>Giova ricordare che il Parlamentare \u00e8 al <strong>\u201cServizio della Nazione<\/strong>\u201d, egli \u00e8 un <strong>\u201cservitore dello<\/strong> <strong>stato\u201d<\/strong> che &#8211; in concreto &#8211; deve tradurre il mandato ricevuto e la fiducia accordatagli dal popolo sovrano in attivit\u00e0 legislativa e controllo dell\u2019operato del Governo attuato con: <strong>solerzia<\/strong>, <strong>assiduit\u00e0, dedizione, professionalit\u00e0 ed efficacia<\/strong>. A ben osservare, ogni volta che il parlamentare integra <strong>con proprie attivit\u00e0 lucrative<\/strong> l\u2019indennit\u00e0 pagatagli dalle tasse versate dai cittadini, \u00a0<strong>sta rubando tempo al suo primario dovere ed obbligo etico-politico, motivo \u00a0<\/strong>per il quale \u00e8 stato eletto. Tutti sappiamo che la legge lo consente\u00a0 e proprio qui <strong>sta il focus<\/strong> della questione da affrontare. Questa possibilit\u00e0 legalmente concessa al deputato o al senatore, di lavorare <strong>a part-time \u00e8 ancora socialmente tollerabile?<\/strong>\u00a0 Tema spinoso e controverso, <strong>uno dei tanti irrisolto da decenni<\/strong>, <strong>more solito<\/strong>. Esemplifichiamo.<\/p>\n<p>Consideriamo\u00a0 le dichiarazioni <strong>dei redditi IRPEF 2023<\/strong>,consultabili da chiunque, presentate da tre senatori. <strong>Giulia Bongiorno, Lega<\/strong>, \u20ac <strong>2.748.222,00<\/strong>, <strong>Andrea Martella, PD<\/strong>, <strong>\u20ac 88. 477.00,<\/strong> <strong>Matteo Renzi, I.V.<\/strong> <strong>3.217.735.00<\/strong>. Ci\u00f2 che \u201cporta a casa\u201d il \u00a0senatore <strong>senza extra-gettito<\/strong> \u00e8 poco meno di <strong>90.000.00 \u20ac<\/strong> , mentre gli altri due \u00a0\u201cportano a casa\u201d con l\u2019<strong>extra-officium<\/strong> <strong>qualche milione in pi\u00f9<\/strong>. <strong>\u00c8 ragionevole ?<\/strong><\/p>\n<p><strong>Qui nulla interessa il quantum di denaro percepito<\/strong>, <strong>anzi!<\/strong> I due \u00a0maggiori contribuenti \u00a0sono dei <strong>benefattori fiscali<\/strong>, impinguano le casse dello stato lavorando alacremente per s\u00e9 stessi e i loro congiunti. La scarsa <strong>presenza al proprio posto di lavoro,<\/strong> per esercitare i compiti democraticamente <strong>conferiti ed accettati<\/strong> era gi\u00e0 stata annotata criticamente nel 2016 da Giorgio Napolitano che strigli\u00f2 i rappresentanti del popolo con queste parole: \u00a0\u00ab<strong>Deputati e senatori<\/strong> dovrebbero lavorare di pi\u00f9, <strong>perch\u00e9 le 30\/40 ore <\/strong>che ogni settimana dedicano alla vita parlamentare non sono sufficienti a dedicare<strong> uno spazio serio e decente al lavoro delle commissioni\u201d. <\/strong>Il forte richiamo<strong> a \u201clavorare di pi\u00f9\u201d, <\/strong>espresso dal Presidente Emerito della Repubblica Italiana era cos\u00ec stato riportato dal Messaggero di quella giornata: \u201ci nostri <strong>\u201conorevoli\u201d<\/strong> <strong>lavorano full time 2 giorni e mezzo a settimana, 3 sommando il tragitto casa-lavoro\u201d.\u00a0 Ma allora cosa fanno ? Semplice, quelli che possono si fanno i fatti loro, <\/strong>per la famiglia, per lo studio professionale, per l\u2019 azienda o si procacciano consulenze\/intermediazioni di vario stampo e genere, cos\u00ec da incrementare i loro introiti.\u00a0 \u00a0\u00a0<strong>\u00a0\u00a0<\/strong><\/p>\n<p><strong>\u201cTime is money\u201d, dicono i britannici, \u00a0ed \u00e8 una verit\u00e0 verificata dalle dichiarazioni tributarie agli atti. <\/strong><\/p>\n<p>Nel merito\u00a0 basta intenderci. Se <strong>il fattore tempo <\/strong>\u2013 elemento limitato per ognuno di noi,\u00a0 risorsa non riproducibile che una volta consumata non torna pi\u00f9- \u00e8 speso da chi ci rappresenta in Parlamento \u201c<strong>per fare altro\u201d<\/strong> rispetto al dovere di legiferare e controllare con competenza e intelligenza qual\u2019 \u00e8 il prodotto, output, risultato finale?\u00a0 Il panorama desolante, sconcertante e inquietante, \u00e8 raffigurato dal decadimento istituzionale concausa del complessivo declino del sistema democratico-liberale \u00a0tout-court.<\/p>\n<p>L\u2019interrogativo successivo che il lettore deve porsi \u00e8, <strong>il tempo<\/strong> a disposizione di deputati e senatori per cosa deve essere impiegato? <strong>Per<\/strong> <strong>la collettivit\u00e0, il bene comune , le aspettative \u00a0dei governati? oppure \u00a0\u00a0per il\u00a0 benessere<\/strong> <strong>del singolo individuo e sue relazioni\/attivit\u00e0<\/strong>\u00a0?<\/p>\n<p>Consideriamo <strong>l\u2019indennit\u00e0 percepita<\/strong>, per le persone comuni detta anche: <strong><em>stipendio, salario, paga, corrispettivo professionale.<\/em><\/strong> Arrotondando a <strong>90.000 \u20ac <\/strong>lordi annui quella del <strong>senatore ordinario,<\/strong> sono mediamente <strong>7.500.00 \u20ac mensili<\/strong>, al netto oltre <strong>5.000.00 \u20ac sicuri ogni trenta giorni,<\/strong> in Italia <strong>paga da abbienti. <\/strong><\/p>\n<p>Rileviamo, adesso, quanti sono i contribuenti italiani e come sono divisi nelle diverse classi di reddito. I dati sono quelli del M.E.F. Ebbene, <strong>nel 2022 <\/strong>gli italiani\/contribuenti che hanno presentato la dichiarazione dei redditi sono stati poco oltre <strong>41 milioni e 600 mila, <\/strong>in sostanza, \u00a0tanti quanti hanno titolo a recarsi alle urne elettorali.<\/p>\n<p>Stando quindi ai dati fiscali del 2022, anno delle elezioni politiche, il 41 per cento dei contribuenti \u00a0ha dichiarato un reddito <strong>inferiore ai 15 mila euro, <\/strong>circa <strong>16,7 milioni di persone con <\/strong>in media <strong>7 mila euro annui<\/strong>. Seguono poi circa <strong>5.5 milioni di contribuenti<\/strong> \u00a0tra i 15 e i 20 mila euro, <strong>6.7 milioni <\/strong>tra i 20 e i 26 mila euro<strong>, 5.9 milioni <\/strong>tra i 26 e i 35 mila<strong> , 4.6 milioni <\/strong>tra i <strong>35 e i 75 mila euro. La somma \u00e8 pari a 39.4 milioni di contribuenti. <\/strong>Epper\u00f2, va precisato che nella fascia pi\u00f9 bassa fino\u00a0 a 15 mila euro annui, troviamo circa <strong>10 milioni e 400 milioni italiani<\/strong> con r<strong>eddito pari 0.00, zero. <\/strong>Si tratta prevalentemente di contribuenti con livelli reddituali compresi <strong>nelle soglie di esenzione, <\/strong>ovvero di coloro la cui <strong>imposta lorda si azzera<\/strong> per effetto delle detrazioni riconosciute dal nostro ordinamento.<\/p>\n<p>Ebbene, il totale di questi cittadini\/contribuenti\/elettori: <strong>in miseria, poveracci, poveri \u00a0dignitosi e appena autosufficienti assomma<\/strong> a \u00a039 milioni e quattrocentomila <strong>il 95% (94.7%)<\/strong> <strong>del corpo elettorale<\/strong>. Tra i 75 e i 100 mila euro si collocano <strong>542mila cittadini<\/strong>, \u00a0tra 100 e 200 mila <strong>576mila<\/strong> contribuenti, tra 200-300mila, <strong>67 mila<\/strong> e oltre 300, <strong>48 mila<\/strong>. Tra questi ultimi il reddito medio <strong>\u00e8 di 607 mila euro<\/strong>. La fascia pi\u00f9 bassa \u00e8 il famoso <strong>\u201cceto medio\u201d<\/strong> , dai 100 mila in avanti troviamo i \u201cricchi\u201d, poi, i \u201csuper-ricchi\u201d. Dai casi esaminati, un senatore <strong>\u00e8 benestante, <\/strong>gli altri due fanno parte <strong>della categoria \u201csuper-ricchi\u201d<\/strong>.<\/p>\n<p><strong>Un sistema democratico, regge<\/strong>, se i cittadini si sentono partecipi di un destino comune e si considerano parte artefice, integrante della stessa \u201cpolis\u201d, citt\u00e0, comunit\u00e0, stato. Di conseguenza, \u00a0il popolo crede, si fida e affida a coloro che lo rappresenta e lo governa (t\u00e9chn\u0113, arte, tecnica del governare-amministrare, ma i \u201cpolitici eletti dal popolo\u201d che <strong>lavorano a part-time<\/strong> possono ritenersi tali ? Va da s\u00e9 che il rapporto fiduciario traballa, il cittadino diserta le urne, a meno che -per irrobustire la democrazia- \u201c<strong>il servitore dello Stato e della Nazione\u201d<\/strong> non cambi in radice, \u00a0accetti un rapporto esclusivo per <strong>\u201cadempiere ed onorare fino in fondo, le funzioni pubbliche affidategli <\/strong>\u201d <strong>.<\/strong><\/p>\n<p>Tale decisione deve essere motivata da <strong>idealit\u00e0, valori, visione della societ\u00e0, <\/strong>la \u201cpolitica\u201d va esercitata con <strong>passione, dedizione e competenza<\/strong>. Essendo un\u2019 opzione libera, autonoma e consapevole, non pu\u00f2 diventare occasione <strong>per cialtroni, per arricchirsi, per ampliare il proprio giro d\u2019affari aziendale o della professione o del mestiere praticato.<\/strong><\/p>\n<p>Non troverete mai un medico che vi prescriva di <strong>\u201centrare in politica<\/strong>\u201d, troverete sempre qualcuno che vi dir\u00e0 <strong>\u201cbuttati in politica\u201d,<\/strong> cos\u00ec risolvi <strong>i tuoi guai con la giustizia<\/strong>, <strong>con una magra vita lavorativa o professionale, o perch\u00e9 non sai trovarti un\u2019occupazione<\/strong>.<\/p>\n<p>In quest\u2019ottica va valutata <strong>la retribuzione a fronte di un rapporto fiduciario esclusivo e la condizione di incompatibilit\u00e0 assoluta fini qui precisata<\/strong>. Oggi, in Italia, noi abbiamo <strong>dieci milioni di cittadini<\/strong> con salari da fame, sotto occupati, inattivi, disoccupati. Tra questi, \u00a0centinaia di migliaia di laureati preparati e competenti pronti a fare \u201cpolitica\u201d con passione e dedizione, \u00a0se sar\u00e0 offerta e data loro una chance di competere alle elezioni non solo in collegi perdenti.<\/p>\n<p><strong>ISTAT, Banca d\u2019Italia, CNEL, Fondazione Nord- Est<\/strong> attestano che in una stagione di <strong>glaciazione demografica<\/strong>, forte calo delle nascite, <strong>circa 600 mila persone<\/strong>, in maggior parte <strong>giovani che negli ultimi anni<\/strong>, hanno lasciato <strong>l\u2019Italia per poi non tornarci<\/strong>. Si chieda il lettore se uno <strong>salario d\u2019ingaggio di circa 90.000 \u20ac all\u2019anno<\/strong>, potrebbe essere un incentivo ritenuto sufficiente per restare nel \u00a0Paese dove si \u00e8 nati.<\/p>\n<p>In conclusione, chiss\u00e0 che il disegno di legge promesso dal senatore \u00a0Matteo Renzi appaia al pi\u00f9 presto, non mancheremo di <strong>dettagliare ulteriormente la proposta pubblicata<\/strong>.<\/p>\n<p>19 gennaio 2025<\/p>\n<p><strong>\u00a0 Enzo De Biasi<\/strong><\/p>\n<p>&nbsp;<\/p>\n<p>Fonte :<\/p>\n<p><a href=\"https:\/\/www.senato.it\/composizione\/senatori\/elenco-alfabetico\">https:\/\/www.senato.it\/composizione\/senatori\/elenco-alfabetico<\/a><\/p>\n<p><a href=\"https:\/\/www.camera.it\/leg19\/28\">https:\/\/www.camera.it\/leg19\/28<\/a><\/p>\n<p><em>nella scheda di ciascun senatore e deputato \u00e8 reperibile anche la dichiarazione dei redditi<\/em><\/p>","protected":false},"excerpt":{"rendered":"<p>Il leader di Italia Viva pronto a presentare un disegno di legge che vieta il doppio lavoro a chi \u00e8 deputato o senatore della Repubblica. Matteo Renzi si \u00e8 impegnato gioved\u00ec 9 gennaio\u00a0 davanti al pubblico televisivo dell\u2019emittente, La 7-Piazza Pulita, di presentare,\u00a0 a breve, un disegno di legge che vieti qualsiasi altra professione, mestiere, [&hellip;]<\/p>\n","protected":false},"author":2,"featured_media":117756,"comment_status":"closed","ping_status":"open","sticky":false,"template":"","format":"standard","meta":{"footnotes":""},"categories":[5,3446,26],"tags":[],"class_list":["post-157241","post","type-post","status-publish","format-standard","has-post-thumbnail","category-cronaca","category-featured","category-prima-pagina"],"yoast_head":"<!-- This site is optimized with the Yoast SEO plugin v28.4 - https:\/\/yoast.com\/product\/yoast-seo-wordpress\/ -->\n<title>Senatore Matteo Renzi: \u201cBasta con il Parlamentare part-time!\u201d  * di Enzo De Biasi - Bellunopress - Dolomiti<\/title>\n<meta name=\"robots\" content=\"index, follow, max-snippet:-1, max-image-preview:large, max-video-preview:-1\" \/>\n<link rel=\"canonical\" href=\"https:\/\/www.bellunopress.it\/fr\/2025\/01\/19\/senatore-matteo-renzi-basta-con-il-parlamentare-part-time-di-enzo-de-biasi\/\" \/>\n<meta property=\"og:locale\" content=\"fr_FR\" \/>\n<meta property=\"og:type\" content=\"article\" \/>\n<meta property=\"og:title\" content=\"Senatore Matteo Renzi: \u201cBasta con il Parlamentare part-time!\u201d  * di Enzo De Biasi - Bellunopress - Dolomiti\" \/>\n<meta property=\"og:description\" content=\"Il leader di Italia Viva pronto a presentare un disegno di legge che vieta il doppio lavoro a chi \u00e8 deputato o senatore della Repubblica. Matteo Renzi si \u00e8 impegnato gioved\u00ec 9 gennaio\u00a0 davanti al pubblico televisivo dell\u2019emittente, La 7-Piazza Pulita, di presentare,\u00a0 a breve, un disegno di legge che vieti qualsiasi altra professione, mestiere, [&hellip;]\" \/>\n<meta property=\"og:url\" content=\"https:\/\/www.bellunopress.it\/fr\/2025\/01\/19\/senatore-matteo-renzi-basta-con-il-parlamentare-part-time-di-enzo-de-biasi\/\" \/>\n<meta property=\"og:site_name\" content=\"Bellunopress - Dolomiti\" \/>\n<meta property=\"article:publisher\" content=\"https:\/\/www.facebook.com\/profile.php?id=100008943462799\" \/>\n<meta property=\"article:published_time\" content=\"2025-01-19T14:07:39+00:00\" \/>\n<meta property=\"og:image\" content=\"https:\/\/www.bellunopress.it\/wp-content\/uploads\/2020\/09\/Parlamento_edited.jpg\" \/>\n\t<meta property=\"og:image:width\" content=\"800\" \/>\n\t<meta property=\"og:image:height\" content=\"600\" \/>\n\t<meta property=\"og:image:type\" content=\"image\/jpeg\" \/>\n<meta name=\"author\" content=\"redazione\" \/>\n<meta name=\"twitter:card\" content=\"summary_large_image\" \/>\n<meta name=\"twitter:creator\" content=\"@bellunopress\" \/>\n<meta name=\"twitter:site\" content=\"@bellunopress\" \/>\n<meta name=\"twitter:label1\" content=\"Written by\" \/>\n\t<meta name=\"twitter:data1\" content=\"redazione\" \/>\n\t<meta name=\"twitter:label2\" content=\"Est. reading time\" \/>\n\t<meta name=\"twitter:data2\" content=\"11 minutes\" \/>\n<script type=\"application\/ld+json\" class=\"yoast-schema-graph\">{\"@context\":\"https:\\\/\\\/schema.org\",\"@graph\":[{\"@type\":\"Article\",\"@id\":\"https:\\\/\\\/www.bellunopress.it\\\/2025\\\/01\\\/19\\\/senatore-matteo-renzi-basta-con-il-parlamentare-part-time-di-enzo-de-biasi\\\/#article\",\"isPartOf\":{\"@id\":\"https:\\\/\\\/www.bellunopress.it\\\/2025\\\/01\\\/19\\\/senatore-matteo-renzi-basta-con-il-parlamentare-part-time-di-enzo-de-biasi\\\/\"},\"author\":{\"name\":\"redazione\",\"@id\":\"https:\\\/\\\/www.bellunopress.it\\\/#\\\/schema\\\/person\\\/79bb06722b37ece1c03d3e94beb30d73\"},\"headline\":\"Senatore Matteo Renzi: \u201cBasta con il Parlamentare part-time!\u201d * di Enzo De Biasi\",\"datePublished\":\"2025-01-19T14:07:39+00:00\",\"mainEntityOfPage\":{\"@id\":\"https:\\\/\\\/www.bellunopress.it\\\/2025\\\/01\\\/19\\\/senatore-matteo-renzi-basta-con-il-parlamentare-part-time-di-enzo-de-biasi\\\/\"},\"wordCount\":2185,\"publisher\":{\"@id\":\"https:\\\/\\\/www.bellunopress.it\\\/#organization\"},\"image\":{\"@id\":\"https:\\\/\\\/www.bellunopress.it\\\/2025\\\/01\\\/19\\\/senatore-matteo-renzi-basta-con-il-parlamentare-part-time-di-enzo-de-biasi\\\/#primaryimage\"},\"thumbnailUrl\":\"https:\\\/\\\/www.bellunopress.it\\\/wp-content\\\/uploads\\\/2020\\\/09\\\/Parlamento_edited.jpg\",\"articleSection\":[\"Cronaca\\\/Politica\",\"Featured\",\"Prima Pagina\"],\"inLanguage\":\"fr-FR\"},{\"@type\":\"WebPage\",\"@id\":\"https:\\\/\\\/www.bellunopress.it\\\/2025\\\/01\\\/19\\\/senatore-matteo-renzi-basta-con-il-parlamentare-part-time-di-enzo-de-biasi\\\/\",\"url\":\"https:\\\/\\\/www.bellunopress.it\\\/2025\\\/01\\\/19\\\/senatore-matteo-renzi-basta-con-il-parlamentare-part-time-di-enzo-de-biasi\\\/\",\"name\":\"Senatore Matteo Renzi: \u201cBasta con il Parlamentare part-time!\u201d * di Enzo De Biasi - Bellunopress - Dolomiti\",\"isPartOf\":{\"@id\":\"https:\\\/\\\/www.bellunopress.it\\\/#website\"},\"primaryImageOfPage\":{\"@id\":\"https:\\\/\\\/www.bellunopress.it\\\/2025\\\/01\\\/19\\\/senatore-matteo-renzi-basta-con-il-parlamentare-part-time-di-enzo-de-biasi\\\/#primaryimage\"},\"image\":{\"@id\":\"https:\\\/\\\/www.bellunopress.it\\\/2025\\\/01\\\/19\\\/senatore-matteo-renzi-basta-con-il-parlamentare-part-time-di-enzo-de-biasi\\\/#primaryimage\"},\"thumbnailUrl\":\"https:\\\/\\\/www.bellunopress.it\\\/wp-content\\\/uploads\\\/2020\\\/09\\\/Parlamento_edited.jpg\",\"datePublished\":\"2025-01-19T14:07:39+00:00\",\"breadcrumb\":{\"@id\":\"https:\\\/\\\/www.bellunopress.it\\\/2025\\\/01\\\/19\\\/senatore-matteo-renzi-basta-con-il-parlamentare-part-time-di-enzo-de-biasi\\\/#breadcrumb\"},\"inLanguage\":\"fr-FR\",\"potentialAction\":[{\"@type\":\"ReadAction\",\"target\":[\"https:\\\/\\\/www.bellunopress.it\\\/2025\\\/01\\\/19\\\/senatore-matteo-renzi-basta-con-il-parlamentare-part-time-di-enzo-de-biasi\\\/\"]}]},{\"@type\":\"ImageObject\",\"inLanguage\":\"fr-FR\",\"@id\":\"https:\\\/\\\/www.bellunopress.it\\\/2025\\\/01\\\/19\\\/senatore-matteo-renzi-basta-con-il-parlamentare-part-time-di-enzo-de-biasi\\\/#primaryimage\",\"url\":\"https:\\\/\\\/www.bellunopress.it\\\/wp-content\\\/uploads\\\/2020\\\/09\\\/Parlamento_edited.jpg\",\"contentUrl\":\"https:\\\/\\\/www.bellunopress.it\\\/wp-content\\\/uploads\\\/2020\\\/09\\\/Parlamento_edited.jpg\",\"width\":800,\"height\":600},{\"@type\":\"BreadcrumbList\",\"@id\":\"https:\\\/\\\/www.bellunopress.it\\\/2025\\\/01\\\/19\\\/senatore-matteo-renzi-basta-con-il-parlamentare-part-time-di-enzo-de-biasi\\\/#breadcrumb\",\"itemListElement\":[{\"@type\":\"ListItem\",\"position\":1,\"name\":\"Home\",\"item\":\"https:\\\/\\\/www.bellunopress.it\\\/\"},{\"@type\":\"ListItem\",\"position\":2,\"name\":\"Senatore Matteo Renzi: \u201cBasta con il Parlamentare part-time!\u201d * di Enzo De Biasi\"}]},{\"@type\":\"WebSite\",\"@id\":\"https:\\\/\\\/www.bellunopress.it\\\/#website\",\"url\":\"https:\\\/\\\/www.bellunopress.it\\\/\",\"name\":\"Bellunopress - Dolomiti\",\"description\":\"e-mail: redazione@bellunopress.it\",\"publisher\":{\"@id\":\"https:\\\/\\\/www.bellunopress.it\\\/#organization\"},\"potentialAction\":[{\"@type\":\"SearchAction\",\"target\":{\"@type\":\"EntryPoint\",\"urlTemplate\":\"https:\\\/\\\/www.bellunopress.it\\\/?s={search_term_string}\"},\"query-input\":{\"@type\":\"PropertyValueSpecification\",\"valueRequired\":true,\"valueName\":\"search_term_string\"}}],\"inLanguage\":\"fr-FR\"},{\"@type\":\"Organization\",\"@id\":\"https:\\\/\\\/www.bellunopress.it\\\/#organization\",\"name\":\"Bellunopress\",\"url\":\"https:\\\/\\\/www.bellunopress.it\\\/\",\"logo\":{\"@type\":\"ImageObject\",\"inLanguage\":\"fr-FR\",\"@id\":\"https:\\\/\\\/www.bellunopress.it\\\/#\\\/schema\\\/logo\\\/image\\\/\",\"url\":\"https:\\\/\\\/www.bellunopress.it\\\/wp-content\\\/uploads\\\/2011\\\/05\\\/cropped-logo-bellunopress-.jpg\",\"contentUrl\":\"https:\\\/\\\/www.bellunopress.it\\\/wp-content\\\/uploads\\\/2011\\\/05\\\/cropped-logo-bellunopress-.jpg\",\"width\":512,\"height\":512,\"caption\":\"Bellunopress\"},\"image\":{\"@id\":\"https:\\\/\\\/www.bellunopress.it\\\/#\\\/schema\\\/logo\\\/image\\\/\"},\"sameAs\":[\"https:\\\/\\\/www.facebook.com\\\/profile.php?id=100008943462799\",\"https:\\\/\\\/x.com\\\/bellunopress\",\"https:\\\/\\\/www.linkedin.com\\\/hp\\\/?dnr=JBzUWaJfMUw8vbXJJ2tVW5-I3jZKvC4wsoxE&amp;amp;amp;amp;amp;amp;trk=nav_responsive_tab_home\",\"https:\\\/\\\/www.youtube.com\\\/channel\\\/UCxL0wu1uN0_3_7hGG0306cw\"]},{\"@type\":\"Person\",\"@id\":\"https:\\\/\\\/www.bellunopress.it\\\/#\\\/schema\\\/person\\\/79bb06722b37ece1c03d3e94beb30d73\",\"name\":\"redazione\",\"image\":{\"@type\":\"ImageObject\",\"inLanguage\":\"fr-FR\",\"@id\":\"https:\\\/\\\/secure.gravatar.com\\\/avatar\\\/37d968a2e67a6fd04c169c4bdef102d0bc5d31b2546345219e348575eb80e9a0?s=96&d=mm&r=g\",\"url\":\"https:\\\/\\\/secure.gravatar.com\\\/avatar\\\/37d968a2e67a6fd04c169c4bdef102d0bc5d31b2546345219e348575eb80e9a0?s=96&d=mm&r=g\",\"contentUrl\":\"https:\\\/\\\/secure.gravatar.com\\\/avatar\\\/37d968a2e67a6fd04c169c4bdef102d0bc5d31b2546345219e348575eb80e9a0?s=96&d=mm&r=g\",\"caption\":\"redazione\"},\"sameAs\":[\"http:\\\/\\\/www.bellunopress.it\",\"https:\\\/\\\/x.com\\\/bellunopress\"],\"url\":\"https:\\\/\\\/www.bellunopress.it\\\/fr\\\/author\\\/redazione\\\/\"}]}<\/script>\n<!-- \/ Yoast SEO plugin. -->","yoast_head_json":{"title":"Senatore Matteo Renzi: \u201cBasta con il Parlamentare part-time!\u201d  * di Enzo De Biasi - Bellunopress - Dolomiti","robots":{"index":"index","follow":"follow","max-snippet":"max-snippet:-1","max-image-preview":"max-image-preview:large","max-video-preview":"max-video-preview:-1"},"canonical":"https:\/\/www.bellunopress.it\/fr\/2025\/01\/19\/senatore-matteo-renzi-basta-con-il-parlamentare-part-time-di-enzo-de-biasi\/","og_locale":"fr_FR","og_type":"article","og_title":"Senatore Matteo Renzi: \u201cBasta con il Parlamentare part-time!\u201d  * di Enzo De Biasi - Bellunopress - Dolomiti","og_description":"Il leader di Italia Viva pronto a presentare un disegno di legge che vieta il doppio lavoro a chi \u00e8 deputato o senatore della Repubblica. Matteo Renzi si \u00e8 impegnato gioved\u00ec 9 gennaio\u00a0 davanti al pubblico televisivo dell\u2019emittente, La 7-Piazza Pulita, di presentare,\u00a0 a breve, un disegno di legge che vieti qualsiasi altra professione, mestiere, [&hellip;]","og_url":"https:\/\/www.bellunopress.it\/fr\/2025\/01\/19\/senatore-matteo-renzi-basta-con-il-parlamentare-part-time-di-enzo-de-biasi\/","og_site_name":"Bellunopress - Dolomiti","article_publisher":"https:\/\/www.facebook.com\/profile.php?id=100008943462799","article_published_time":"2025-01-19T14:07:39+00:00","og_image":[{"width":800,"height":600,"url":"https:\/\/www.bellunopress.it\/wp-content\/uploads\/2020\/09\/Parlamento_edited.jpg","type":"image\/jpeg"}],"author":"redazione","twitter_card":"summary_large_image","twitter_creator":"@bellunopress","twitter_site":"@bellunopress","twitter_misc":{"Written by":"redazione","Est. reading time":"11 minutes"},"schema":{"@context":"https:\/\/schema.org","@graph":[{"@type":"Article","@id":"https:\/\/www.bellunopress.it\/2025\/01\/19\/senatore-matteo-renzi-basta-con-il-parlamentare-part-time-di-enzo-de-biasi\/#article","isPartOf":{"@id":"https:\/\/www.bellunopress.it\/2025\/01\/19\/senatore-matteo-renzi-basta-con-il-parlamentare-part-time-di-enzo-de-biasi\/"},"author":{"name":"redazione","@id":"https:\/\/www.bellunopress.it\/#\/schema\/person\/79bb06722b37ece1c03d3e94beb30d73"},"headline":"Senatore Matteo Renzi: \u201cBasta con il Parlamentare part-time!\u201d * di Enzo De Biasi","datePublished":"2025-01-19T14:07:39+00:00","mainEntityOfPage":{"@id":"https:\/\/www.bellunopress.it\/2025\/01\/19\/senatore-matteo-renzi-basta-con-il-parlamentare-part-time-di-enzo-de-biasi\/"},"wordCount":2185,"publisher":{"@id":"https:\/\/www.bellunopress.it\/#organization"},"image":{"@id":"https:\/\/www.bellunopress.it\/2025\/01\/19\/senatore-matteo-renzi-basta-con-il-parlamentare-part-time-di-enzo-de-biasi\/#primaryimage"},"thumbnailUrl":"https:\/\/www.bellunopress.it\/wp-content\/uploads\/2020\/09\/Parlamento_edited.jpg","articleSection":["Cronaca\/Politica","Featured","Prima Pagina"],"inLanguage":"fr-FR"},{"@type":"WebPage","@id":"https:\/\/www.bellunopress.it\/2025\/01\/19\/senatore-matteo-renzi-basta-con-il-parlamentare-part-time-di-enzo-de-biasi\/","url":"https:\/\/www.bellunopress.it\/2025\/01\/19\/senatore-matteo-renzi-basta-con-il-parlamentare-part-time-di-enzo-de-biasi\/","name":"Senatore Matteo Renzi: \u201cBasta con il Parlamentare part-time!\u201d * di Enzo De Biasi - Bellunopress - Dolomiti","isPartOf":{"@id":"https:\/\/www.bellunopress.it\/#website"},"primaryImageOfPage":{"@id":"https:\/\/www.bellunopress.it\/2025\/01\/19\/senatore-matteo-renzi-basta-con-il-parlamentare-part-time-di-enzo-de-biasi\/#primaryimage"},"image":{"@id":"https:\/\/www.bellunopress.it\/2025\/01\/19\/senatore-matteo-renzi-basta-con-il-parlamentare-part-time-di-enzo-de-biasi\/#primaryimage"},"thumbnailUrl":"https:\/\/www.bellunopress.it\/wp-content\/uploads\/2020\/09\/Parlamento_edited.jpg","datePublished":"2025-01-19T14:07:39+00:00","breadcrumb":{"@id":"https:\/\/www.bellunopress.it\/2025\/01\/19\/senatore-matteo-renzi-basta-con-il-parlamentare-part-time-di-enzo-de-biasi\/#breadcrumb"},"inLanguage":"fr-FR","potentialAction":[{"@type":"ReadAction","target":["https:\/\/www.bellunopress.it\/2025\/01\/19\/senatore-matteo-renzi-basta-con-il-parlamentare-part-time-di-enzo-de-biasi\/"]}]},{"@type":"ImageObject","inLanguage":"fr-FR","@id":"https:\/\/www.bellunopress.it\/2025\/01\/19\/senatore-matteo-renzi-basta-con-il-parlamentare-part-time-di-enzo-de-biasi\/#primaryimage","url":"https:\/\/www.bellunopress.it\/wp-content\/uploads\/2020\/09\/Parlamento_edited.jpg","contentUrl":"https:\/\/www.bellunopress.it\/wp-content\/uploads\/2020\/09\/Parlamento_edited.jpg","width":800,"height":600},{"@type":"BreadcrumbList","@id":"https:\/\/www.bellunopress.it\/2025\/01\/19\/senatore-matteo-renzi-basta-con-il-parlamentare-part-time-di-enzo-de-biasi\/#breadcrumb","itemListElement":[{"@type":"ListItem","position":1,"name":"Home","item":"https:\/\/www.bellunopress.it\/"},{"@type":"ListItem","position":2,"name":"Senatore Matteo Renzi: \u201cBasta con il Parlamentare part-time!\u201d * di Enzo De Biasi"}]},{"@type":"WebSite","@id":"https:\/\/www.bellunopress.it\/#website","url":"https:\/\/www.bellunopress.it\/","name":"Bellunopress - Dolomiti","description":"e-mail: redazione@bellunopress.it","publisher":{"@id":"https:\/\/www.bellunopress.it\/#organization"},"potentialAction":[{"@type":"SearchAction","target":{"@type":"EntryPoint","urlTemplate":"https:\/\/www.bellunopress.it\/?s={search_term_string}"},"query-input":{"@type":"PropertyValueSpecification","valueRequired":true,"valueName":"search_term_string"}}],"inLanguage":"fr-FR"},{"@type":"Organization","@id":"https:\/\/www.bellunopress.it\/#organization","name":"Bellunopress","url":"https:\/\/www.bellunopress.it\/","logo":{"@type":"ImageObject","inLanguage":"fr-FR","@id":"https:\/\/www.bellunopress.it\/#\/schema\/logo\/image\/","url":"https:\/\/www.bellunopress.it\/wp-content\/uploads\/2011\/05\/cropped-logo-bellunopress-.jpg","contentUrl":"https:\/\/www.bellunopress.it\/wp-content\/uploads\/2011\/05\/cropped-logo-bellunopress-.jpg","width":512,"height":512,"caption":"Bellunopress"},"image":{"@id":"https:\/\/www.bellunopress.it\/#\/schema\/logo\/image\/"},"sameAs":["https:\/\/www.facebook.com\/profile.php?id=100008943462799","https:\/\/x.com\/bellunopress","https:\/\/www.linkedin.com\/hp\/?dnr=JBzUWaJfMUw8vbXJJ2tVW5-I3jZKvC4wsoxE&amp;amp;amp;amp;amp;amp;trk=nav_responsive_tab_home","https:\/\/www.youtube.com\/channel\/UCxL0wu1uN0_3_7hGG0306cw"]},{"@type":"Person","@id":"https:\/\/www.bellunopress.it\/#\/schema\/person\/79bb06722b37ece1c03d3e94beb30d73","name":"r\u00e9daction","image":{"@type":"ImageObject","inLanguage":"fr-FR","@id":"https:\/\/secure.gravatar.com\/avatar\/37d968a2e67a6fd04c169c4bdef102d0bc5d31b2546345219e348575eb80e9a0?s=96&d=mm&r=g","url":"https:\/\/secure.gravatar.com\/avatar\/37d968a2e67a6fd04c169c4bdef102d0bc5d31b2546345219e348575eb80e9a0?s=96&d=mm&r=g","contentUrl":"https:\/\/secure.gravatar.com\/avatar\/37d968a2e67a6fd04c169c4bdef102d0bc5d31b2546345219e348575eb80e9a0?s=96&d=mm&r=g","caption":"redazione"},"sameAs":["http:\/\/www.bellunopress.it","https:\/\/x.com\/bellunopress"],"url":"https:\/\/www.bellunopress.it\/fr\/author\/redazione\/"}]}},"_links":{"self":[{"href":"https:\/\/www.bellunopress.it\/fr\/wp-json\/wp\/v2\/posts\/157241","targetHints":{"allow":["GET"]}}],"collection":[{"href":"https:\/\/www.bellunopress.it\/fr\/wp-json\/wp\/v2\/posts"}],"about":[{"href":"https:\/\/www.bellunopress.it\/fr\/wp-json\/wp\/v2\/types\/post"}],"author":[{"embeddable":true,"href":"https:\/\/www.bellunopress.it\/fr\/wp-json\/wp\/v2\/users\/2"}],"replies":[{"embeddable":true,"href":"https:\/\/www.bellunopress.it\/fr\/wp-json\/wp\/v2\/comments?post=157241"}],"version-history":[{"count":1,"href":"https:\/\/www.bellunopress.it\/fr\/wp-json\/wp\/v2\/posts\/157241\/revisions"}],"predecessor-version":[{"id":157242,"href":"https:\/\/www.bellunopress.it\/fr\/wp-json\/wp\/v2\/posts\/157241\/revisions\/157242"}],"wp:featuredmedia":[{"embeddable":true,"href":"https:\/\/www.bellunopress.it\/fr\/wp-json\/wp\/v2\/media\/117756"}],"wp:attachment":[{"href":"https:\/\/www.bellunopress.it\/fr\/wp-json\/wp\/v2\/media?parent=157241"}],"wp:term":[{"taxonomy":"category","embeddable":true,"href":"https:\/\/www.bellunopress.it\/fr\/wp-json\/wp\/v2\/categories?post=157241"},{"taxonomy":"post_tag","embeddable":true,"href":"https:\/\/www.bellunopress.it\/fr\/wp-json\/wp\/v2\/tags?post=157241"}],"curies":[{"name":"wp","href":"https:\/\/api.w.org\/{rel}","templated":true}]}}