{"id":157236,"date":"2025-01-19T10:34:19","date_gmt":"2025-01-19T09:34:19","guid":{"rendered":"https:\/\/www.bellunopress.it\/?p=157236"},"modified":"2025-01-19T10:36:02","modified_gmt":"2025-01-19T09:36:02","slug":"rugby-subacqueo-la-nazionale-sceglie-la-vasca-tuffi-di-belluno","status":"publish","type":"post","link":"https:\/\/www.bellunopress.it\/fr\/2025\/01\/19\/rugby-subacqueo-la-nazionale-sceglie-la-vasca-tuffi-di-belluno\/","title":{"rendered":"Rugby Subacqueo: la Nazionale sceglie la vasca tuffi di Belluno"},"content":{"rendered":"<figure id=\"attachment_157237\" aria-describedby=\"caption-attachment-157237\" style=\"width: 749px\" class=\"wp-caption aligncenter\"><img loading=\"lazy\" decoding=\"async\" class=\"size-full wp-image-157237\" src=\"https:\/\/www.bellunopress.it\/wp-content\/uploads\/2025\/01\/Nazionale-Rugby-Subacqueo-2025-Foto-di-Letizia-Costa_2_edited.jpg\" alt=\"\" width=\"749\" height=\"1000\" srcset=\"https:\/\/www.bellunopress.it\/wp-content\/uploads\/2025\/01\/Nazionale-Rugby-Subacqueo-2025-Foto-di-Letizia-Costa_2_edited.jpg 749w, https:\/\/www.bellunopress.it\/wp-content\/uploads\/2025\/01\/Nazionale-Rugby-Subacqueo-2025-Foto-di-Letizia-Costa_2_edited-375x500.jpg 375w, https:\/\/www.bellunopress.it\/wp-content\/uploads\/2025\/01\/Nazionale-Rugby-Subacqueo-2025-Foto-di-Letizia-Costa_2_edited-315x420.jpg 315w, https:\/\/www.bellunopress.it\/wp-content\/uploads\/2025\/01\/Nazionale-Rugby-Subacqueo-2025-Foto-di-Letizia-Costa_2_edited-696x929.jpg 696w\" sizes=\"auto, (max-width: 749px) 100vw, 749px\" \/><figcaption id=\"caption-attachment-157237\" class=\"wp-caption-text\">Nazionale Rugby Subacqueo 2025 ( Foto: Letizia Costa)<\/figcaption><\/figure>\n<p>Belluno, 19\/01\/2025\u00a0 &#8211;\u00a0La piscina comunale di Belluno si conferma centro d&#8217;eccellenza per gli sport subacquei, ospitando questo fine settimana la Nazionale di Rugby Subacqueo per un prestigioso ritiro di allenamento. La struttura, grazie alla sua vasca tuffi profonda 5 metri, si rivela ancora una volta location ideale per discipline acquatiche di alto livello.<\/p>\n<p>Nelle giornate di sabato 18 e domenica 19 gennaio, i campioni della Nazionale hanno condiviso le acque con gli atleti dei club storici locali, il Club Subacqueo Belluno e Nonsoloacqua Diving Club, in una serie di sessioni di allenamento congiunte. Un&#8217;occasione unica che ha permesso agli atleti locali di confrontarsi con i migliori interpreti della disciplina a livello nazionale.<\/p>\n<p>&#8220;La profondit\u00e0 della nostra vasca tuffi rappresenta una risorsa preziosa per gli sport subacquei. &#8211; commentano gli organizzatori &#8211; Non sono molte le strutture in Italia che possono offrire condizioni cos\u00ec ideali per gli allenamenti di alto livello&#8221;.<\/p>\n<p>Ma le ambizioni della comunit\u00e0 subacquea bellunese non si fermano qui. Nonsoloacqua Diving Club e il Club Subacqueo Belluno stanno gi\u00e0 guardando al futuro con l&#8217;organizzazione del &#8220;1\u00b0 TARAVANA DOLOMITI 2025&#8221;, in programma per domenica 16 febbraio. Questo innovativo contest di apnea, che comprender\u00e0 prove sia di statica che di dinamica, promette di attirare atleti da tutta Italia, ponendosi come vetrina d&#8217;eccellenza per gli sport subacquei nel territorio bellunese.<\/p>\n<p>L&#8217;evento rappresenter\u00e0 un&#8217;occasione unica non solo per gli addetti ai lavori, ma anche per avvicinare la comunit\u00e0 locale al fascino degli sport subacquei. La manifestazione, infatti, si propone come ponte tra gli appassionati del settore e il tessuto sociale della citt\u00e0, confermando il ruolo centrale della piscina comunale come catalizzatore di eventi sportivi di prestigio.<\/p>\n<p>La vasca tuffi della piscina comunale si conferma quindi asset strategico per il territorio, meritevole di tutela e valorizzazione. Il suo ruolo nel panorama degli sport subacquei nazionale \u00e8 destinato a crescere ulteriormente, grazie alla lungimiranza dei club locali e alla qualit\u00e0 delle strutture disponibili.<\/p>\n<p>&nbsp;<\/p>","protected":false},"excerpt":{"rendered":"<p>Belluno, 19\/01\/2025\u00a0 &#8211;\u00a0La piscina comunale di Belluno si conferma centro d&#8217;eccellenza per gli sport subacquei, ospitando questo fine settimana la Nazionale di Rugby Subacqueo per un prestigioso ritiro di allenamento. La struttura, grazie alla sua vasca tuffi profonda 5 metri, si rivela ancora una volta location ideale per discipline acquatiche di alto livello. Nelle giornate [&hellip;]<\/p>\n","protected":false},"author":2,"featured_media":157237,"comment_status":"closed","ping_status":"open","sticky":false,"template":"","format":"standard","meta":{"footnotes":""},"categories":[26,4],"tags":[],"class_list":["post-157236","post","type-post","status-publish","format-standard","has-post-thumbnail","category-prima-pagina","category-sport"],"yoast_head":"<!-- This site is optimized with the Yoast SEO plugin v28.4 - https:\/\/yoast.com\/product\/yoast-seo-wordpress\/ -->\n<title>Rugby Subacqueo: la Nazionale sceglie la vasca tuffi di Belluno - Bellunopress - Dolomiti<\/title>\n<meta name=\"robots\" content=\"index, follow, max-snippet:-1, max-image-preview:large, max-video-preview:-1\" \/>\n<link rel=\"canonical\" href=\"https:\/\/www.bellunopress.it\/fr\/2025\/01\/19\/rugby-subacqueo-la-nazionale-sceglie-la-vasca-tuffi-di-belluno\/\" \/>\n<meta property=\"og:locale\" content=\"fr_FR\" \/>\n<meta property=\"og:type\" content=\"article\" \/>\n<meta property=\"og:title\" content=\"Rugby Subacqueo: la Nazionale sceglie la vasca tuffi di Belluno - Bellunopress - Dolomiti\" \/>\n<meta property=\"og:description\" content=\"Belluno, 19\/01\/2025\u00a0 &#8211;\u00a0La piscina comunale di Belluno si conferma centro d&#8217;eccellenza per gli sport subacquei, ospitando questo fine settimana la Nazionale di Rugby Subacqueo per un prestigioso ritiro di allenamento. La struttura, grazie alla sua vasca tuffi profonda 5 metri, si rivela ancora una volta location ideale per discipline acquatiche di alto livello. Nelle giornate [&hellip;]\" \/>\n<meta property=\"og:url\" content=\"https:\/\/www.bellunopress.it\/fr\/2025\/01\/19\/rugby-subacqueo-la-nazionale-sceglie-la-vasca-tuffi-di-belluno\/\" \/>\n<meta property=\"og:site_name\" content=\"Bellunopress - Dolomiti\" \/>\n<meta property=\"article:publisher\" content=\"https:\/\/www.facebook.com\/profile.php?id=100008943462799\" \/>\n<meta property=\"article:published_time\" content=\"2025-01-19T09:34:19+00:00\" \/>\n<meta property=\"article:modified_time\" content=\"2025-01-19T09:36:02+00:00\" \/>\n<meta property=\"og:image\" content=\"https:\/\/www.bellunopress.it\/wp-content\/uploads\/2025\/01\/Nazionale-Rugby-Subacqueo-2025-Foto-di-Letizia-Costa_2_edited.jpg\" \/>\n\t<meta property=\"og:image:width\" content=\"749\" \/>\n\t<meta property=\"og:image:height\" content=\"1000\" \/>\n\t<meta property=\"og:image:type\" content=\"image\/jpeg\" \/>\n<meta name=\"author\" content=\"redazione\" \/>\n<meta name=\"twitter:card\" content=\"summary_large_image\" \/>\n<meta name=\"twitter:creator\" content=\"@bellunopress\" \/>\n<meta name=\"twitter:site\" content=\"@bellunopress\" \/>\n<meta name=\"twitter:label1\" content=\"\u00c9crit par\" \/>\n\t<meta name=\"twitter:data1\" content=\"redazione\" \/>\n\t<meta name=\"twitter:label2\" content=\"Dur\u00e9e de lecture estim\u00e9e\" \/>\n\t<meta name=\"twitter:data2\" content=\"2 minutes\" \/>\n<script type=\"application\/ld+json\" class=\"yoast-schema-graph\">{\"@context\":\"https:\\\/\\\/schema.org\",\"@graph\":[{\"@type\":\"Article\",\"@id\":\"https:\\\/\\\/www.bellunopress.it\\\/2025\\\/01\\\/19\\\/rugby-subacqueo-la-nazionale-sceglie-la-vasca-tuffi-di-belluno\\\/#article\",\"isPartOf\":{\"@id\":\"https:\\\/\\\/www.bellunopress.it\\\/2025\\\/01\\\/19\\\/rugby-subacqueo-la-nazionale-sceglie-la-vasca-tuffi-di-belluno\\\/\"},\"author\":{\"name\":\"redazione\",\"@id\":\"https:\\\/\\\/www.bellunopress.it\\\/#\\\/schema\\\/person\\\/79bb06722b37ece1c03d3e94beb30d73\"},\"headline\":\"Rugby Subacqueo: la Nazionale sceglie la vasca tuffi di Belluno\",\"datePublished\":\"2025-01-19T09:34:19+00:00\",\"dateModified\":\"2025-01-19T09:36:02+00:00\",\"mainEntityOfPage\":{\"@id\":\"https:\\\/\\\/www.bellunopress.it\\\/2025\\\/01\\\/19\\\/rugby-subacqueo-la-nazionale-sceglie-la-vasca-tuffi-di-belluno\\\/\"},\"wordCount\":342,\"publisher\":{\"@id\":\"https:\\\/\\\/www.bellunopress.it\\\/#organization\"},\"image\":{\"@id\":\"https:\\\/\\\/www.bellunopress.it\\\/2025\\\/01\\\/19\\\/rugby-subacqueo-la-nazionale-sceglie-la-vasca-tuffi-di-belluno\\\/#primaryimage\"},\"thumbnailUrl\":\"https:\\\/\\\/www.bellunopress.it\\\/wp-content\\\/uploads\\\/2025\\\/01\\\/Nazionale-Rugby-Subacqueo-2025-Foto-di-Letizia-Costa_2_edited.jpg\",\"articleSection\":[\"Prima Pagina\",\"Sport, tempo libero\"],\"inLanguage\":\"fr-FR\"},{\"@type\":\"WebPage\",\"@id\":\"https:\\\/\\\/www.bellunopress.it\\\/2025\\\/01\\\/19\\\/rugby-subacqueo-la-nazionale-sceglie-la-vasca-tuffi-di-belluno\\\/\",\"url\":\"https:\\\/\\\/www.bellunopress.it\\\/2025\\\/01\\\/19\\\/rugby-subacqueo-la-nazionale-sceglie-la-vasca-tuffi-di-belluno\\\/\",\"name\":\"Rugby Subacqueo: la Nazionale sceglie la vasca tuffi di Belluno - Bellunopress - Dolomiti\",\"isPartOf\":{\"@id\":\"https:\\\/\\\/www.bellunopress.it\\\/#website\"},\"primaryImageOfPage\":{\"@id\":\"https:\\\/\\\/www.bellunopress.it\\\/2025\\\/01\\\/19\\\/rugby-subacqueo-la-nazionale-sceglie-la-vasca-tuffi-di-belluno\\\/#primaryimage\"},\"image\":{\"@id\":\"https:\\\/\\\/www.bellunopress.it\\\/2025\\\/01\\\/19\\\/rugby-subacqueo-la-nazionale-sceglie-la-vasca-tuffi-di-belluno\\\/#primaryimage\"},\"thumbnailUrl\":\"https:\\\/\\\/www.bellunopress.it\\\/wp-content\\\/uploads\\\/2025\\\/01\\\/Nazionale-Rugby-Subacqueo-2025-Foto-di-Letizia-Costa_2_edited.jpg\",\"datePublished\":\"2025-01-19T09:34:19+00:00\",\"dateModified\":\"2025-01-19T09:36:02+00:00\",\"breadcrumb\":{\"@id\":\"https:\\\/\\\/www.bellunopress.it\\\/2025\\\/01\\\/19\\\/rugby-subacqueo-la-nazionale-sceglie-la-vasca-tuffi-di-belluno\\\/#breadcrumb\"},\"inLanguage\":\"fr-FR\",\"potentialAction\":[{\"@type\":\"ReadAction\",\"target\":[\"https:\\\/\\\/www.bellunopress.it\\\/2025\\\/01\\\/19\\\/rugby-subacqueo-la-nazionale-sceglie-la-vasca-tuffi-di-belluno\\\/\"]}]},{\"@type\":\"ImageObject\",\"inLanguage\":\"fr-FR\",\"@id\":\"https:\\\/\\\/www.bellunopress.it\\\/2025\\\/01\\\/19\\\/rugby-subacqueo-la-nazionale-sceglie-la-vasca-tuffi-di-belluno\\\/#primaryimage\",\"url\":\"https:\\\/\\\/www.bellunopress.it\\\/wp-content\\\/uploads\\\/2025\\\/01\\\/Nazionale-Rugby-Subacqueo-2025-Foto-di-Letizia-Costa_2_edited.jpg\",\"contentUrl\":\"https:\\\/\\\/www.bellunopress.it\\\/wp-content\\\/uploads\\\/2025\\\/01\\\/Nazionale-Rugby-Subacqueo-2025-Foto-di-Letizia-Costa_2_edited.jpg\",\"width\":749,\"height\":1000,\"caption\":\"Nazionale Rugby Subacqueo 2025 ( Foto Letizia Costa)\"},{\"@type\":\"BreadcrumbList\",\"@id\":\"https:\\\/\\\/www.bellunopress.it\\\/2025\\\/01\\\/19\\\/rugby-subacqueo-la-nazionale-sceglie-la-vasca-tuffi-di-belluno\\\/#breadcrumb\",\"itemListElement\":[{\"@type\":\"ListItem\",\"position\":1,\"name\":\"Home\",\"item\":\"https:\\\/\\\/www.bellunopress.it\\\/\"},{\"@type\":\"ListItem\",\"position\":2,\"name\":\"Rugby Subacqueo: la Nazionale sceglie la vasca tuffi di Belluno\"}]},{\"@type\":\"WebSite\",\"@id\":\"https:\\\/\\\/www.bellunopress.it\\\/#website\",\"url\":\"https:\\\/\\\/www.bellunopress.it\\\/\",\"name\":\"Bellunopress - Dolomiti\",\"description\":\"e-mail: redazione@bellunopress.it\",\"publisher\":{\"@id\":\"https:\\\/\\\/www.bellunopress.it\\\/#organization\"},\"potentialAction\":[{\"@type\":\"SearchAction\",\"target\":{\"@type\":\"EntryPoint\",\"urlTemplate\":\"https:\\\/\\\/www.bellunopress.it\\\/?s={search_term_string}\"},\"query-input\":{\"@type\":\"PropertyValueSpecification\",\"valueRequired\":true,\"valueName\":\"search_term_string\"}}],\"inLanguage\":\"fr-FR\"},{\"@type\":\"Organization\",\"@id\":\"https:\\\/\\\/www.bellunopress.it\\\/#organization\",\"name\":\"Bellunopress\",\"url\":\"https:\\\/\\\/www.bellunopress.it\\\/\",\"logo\":{\"@type\":\"ImageObject\",\"inLanguage\":\"fr-FR\",\"@id\":\"https:\\\/\\\/www.bellunopress.it\\\/#\\\/schema\\\/logo\\\/image\\\/\",\"url\":\"https:\\\/\\\/www.bellunopress.it\\\/wp-content\\\/uploads\\\/2011\\\/05\\\/cropped-logo-bellunopress-.jpg\",\"contentUrl\":\"https:\\\/\\\/www.bellunopress.it\\\/wp-content\\\/uploads\\\/2011\\\/05\\\/cropped-logo-bellunopress-.jpg\",\"width\":512,\"height\":512,\"caption\":\"Bellunopress\"},\"image\":{\"@id\":\"https:\\\/\\\/www.bellunopress.it\\\/#\\\/schema\\\/logo\\\/image\\\/\"},\"sameAs\":[\"https:\\\/\\\/www.facebook.com\\\/profile.php?id=100008943462799\",\"https:\\\/\\\/x.com\\\/bellunopress\",\"https:\\\/\\\/www.linkedin.com\\\/hp\\\/?dnr=JBzUWaJfMUw8vbXJJ2tVW5-I3jZKvC4wsoxE&amp;amp;amp;amp;amp;amp;trk=nav_responsive_tab_home\",\"https:\\\/\\\/www.youtube.com\\\/channel\\\/UCxL0wu1uN0_3_7hGG0306cw\"]},{\"@type\":\"Person\",\"@id\":\"https:\\\/\\\/www.bellunopress.it\\\/#\\\/schema\\\/person\\\/79bb06722b37ece1c03d3e94beb30d73\",\"name\":\"redazione\",\"image\":{\"@type\":\"ImageObject\",\"inLanguage\":\"fr-FR\",\"@id\":\"https:\\\/\\\/secure.gravatar.com\\\/avatar\\\/37d968a2e67a6fd04c169c4bdef102d0bc5d31b2546345219e348575eb80e9a0?s=96&d=mm&r=g\",\"url\":\"https:\\\/\\\/secure.gravatar.com\\\/avatar\\\/37d968a2e67a6fd04c169c4bdef102d0bc5d31b2546345219e348575eb80e9a0?s=96&d=mm&r=g\",\"contentUrl\":\"https:\\\/\\\/secure.gravatar.com\\\/avatar\\\/37d968a2e67a6fd04c169c4bdef102d0bc5d31b2546345219e348575eb80e9a0?s=96&d=mm&r=g\",\"caption\":\"redazione\"},\"sameAs\":[\"http:\\\/\\\/www.bellunopress.it\",\"https:\\\/\\\/x.com\\\/bellunopress\"],\"url\":\"https:\\\/\\\/www.bellunopress.it\\\/fr\\\/author\\\/redazione\\\/\"}]}<\/script>\n<!-- \/ Yoast SEO plugin. -->","yoast_head_json":{"title":"Rugby Subacqueo: la Nazionale sceglie la vasca tuffi di Belluno - Bellunopress - Dolomiti","robots":{"index":"index","follow":"follow","max-snippet":"max-snippet:-1","max-image-preview":"max-image-preview:large","max-video-preview":"max-video-preview:-1"},"canonical":"https:\/\/www.bellunopress.it\/fr\/2025\/01\/19\/rugby-subacqueo-la-nazionale-sceglie-la-vasca-tuffi-di-belluno\/","og_locale":"fr_FR","og_type":"article","og_title":"Rugby Subacqueo: la Nazionale sceglie la vasca tuffi di Belluno - Bellunopress - Dolomiti","og_description":"Belluno, 19\/01\/2025\u00a0 &#8211;\u00a0La piscina comunale di Belluno si conferma centro d&#8217;eccellenza per gli sport subacquei, ospitando questo fine settimana la Nazionale di Rugby Subacqueo per un prestigioso ritiro di allenamento. La struttura, grazie alla sua vasca tuffi profonda 5 metri, si rivela ancora una volta location ideale per discipline acquatiche di alto livello. Nelle giornate [&hellip;]","og_url":"https:\/\/www.bellunopress.it\/fr\/2025\/01\/19\/rugby-subacqueo-la-nazionale-sceglie-la-vasca-tuffi-di-belluno\/","og_site_name":"Bellunopress - Dolomiti","article_publisher":"https:\/\/www.facebook.com\/profile.php?id=100008943462799","article_published_time":"2025-01-19T09:34:19+00:00","article_modified_time":"2025-01-19T09:36:02+00:00","og_image":[{"width":749,"height":1000,"url":"https:\/\/www.bellunopress.it\/wp-content\/uploads\/2025\/01\/Nazionale-Rugby-Subacqueo-2025-Foto-di-Letizia-Costa_2_edited.jpg","type":"image\/jpeg"}],"author":"redazione","twitter_card":"summary_large_image","twitter_creator":"@bellunopress","twitter_site":"@bellunopress","twitter_misc":{"\u00c9crit par":"redazione","Dur\u00e9e de lecture estim\u00e9e":"2 minutes"},"schema":{"@context":"https:\/\/schema.org","@graph":[{"@type":"Article","@id":"https:\/\/www.bellunopress.it\/2025\/01\/19\/rugby-subacqueo-la-nazionale-sceglie-la-vasca-tuffi-di-belluno\/#article","isPartOf":{"@id":"https:\/\/www.bellunopress.it\/2025\/01\/19\/rugby-subacqueo-la-nazionale-sceglie-la-vasca-tuffi-di-belluno\/"},"author":{"name":"redazione","@id":"https:\/\/www.bellunopress.it\/#\/schema\/person\/79bb06722b37ece1c03d3e94beb30d73"},"headline":"Rugby Subacqueo: la Nazionale sceglie la vasca tuffi di Belluno","datePublished":"2025-01-19T09:34:19+00:00","dateModified":"2025-01-19T09:36:02+00:00","mainEntityOfPage":{"@id":"https:\/\/www.bellunopress.it\/2025\/01\/19\/rugby-subacqueo-la-nazionale-sceglie-la-vasca-tuffi-di-belluno\/"},"wordCount":342,"publisher":{"@id":"https:\/\/www.bellunopress.it\/#organization"},"image":{"@id":"https:\/\/www.bellunopress.it\/2025\/01\/19\/rugby-subacqueo-la-nazionale-sceglie-la-vasca-tuffi-di-belluno\/#primaryimage"},"thumbnailUrl":"https:\/\/www.bellunopress.it\/wp-content\/uploads\/2025\/01\/Nazionale-Rugby-Subacqueo-2025-Foto-di-Letizia-Costa_2_edited.jpg","articleSection":["Prima Pagina","Sport, tempo libero"],"inLanguage":"fr-FR"},{"@type":"WebPage","@id":"https:\/\/www.bellunopress.it\/2025\/01\/19\/rugby-subacqueo-la-nazionale-sceglie-la-vasca-tuffi-di-belluno\/","url":"https:\/\/www.bellunopress.it\/2025\/01\/19\/rugby-subacqueo-la-nazionale-sceglie-la-vasca-tuffi-di-belluno\/","name":"Rugby Subacqueo: la Nazionale sceglie la vasca tuffi di Belluno - Bellunopress - Dolomiti","isPartOf":{"@id":"https:\/\/www.bellunopress.it\/#website"},"primaryImageOfPage":{"@id":"https:\/\/www.bellunopress.it\/2025\/01\/19\/rugby-subacqueo-la-nazionale-sceglie-la-vasca-tuffi-di-belluno\/#primaryimage"},"image":{"@id":"https:\/\/www.bellunopress.it\/2025\/01\/19\/rugby-subacqueo-la-nazionale-sceglie-la-vasca-tuffi-di-belluno\/#primaryimage"},"thumbnailUrl":"https:\/\/www.bellunopress.it\/wp-content\/uploads\/2025\/01\/Nazionale-Rugby-Subacqueo-2025-Foto-di-Letizia-Costa_2_edited.jpg","datePublished":"2025-01-19T09:34:19+00:00","dateModified":"2025-01-19T09:36:02+00:00","breadcrumb":{"@id":"https:\/\/www.bellunopress.it\/2025\/01\/19\/rugby-subacqueo-la-nazionale-sceglie-la-vasca-tuffi-di-belluno\/#breadcrumb"},"inLanguage":"fr-FR","potentialAction":[{"@type":"ReadAction","target":["https:\/\/www.bellunopress.it\/2025\/01\/19\/rugby-subacqueo-la-nazionale-sceglie-la-vasca-tuffi-di-belluno\/"]}]},{"@type":"ImageObject","inLanguage":"fr-FR","@id":"https:\/\/www.bellunopress.it\/2025\/01\/19\/rugby-subacqueo-la-nazionale-sceglie-la-vasca-tuffi-di-belluno\/#primaryimage","url":"https:\/\/www.bellunopress.it\/wp-content\/uploads\/2025\/01\/Nazionale-Rugby-Subacqueo-2025-Foto-di-Letizia-Costa_2_edited.jpg","contentUrl":"https:\/\/www.bellunopress.it\/wp-content\/uploads\/2025\/01\/Nazionale-Rugby-Subacqueo-2025-Foto-di-Letizia-Costa_2_edited.jpg","width":749,"height":1000,"caption":"Nazionale Rugby Subacqueo 2025 ( Foto Letizia Costa)"},{"@type":"BreadcrumbList","@id":"https:\/\/www.bellunopress.it\/2025\/01\/19\/rugby-subacqueo-la-nazionale-sceglie-la-vasca-tuffi-di-belluno\/#breadcrumb","itemListElement":[{"@type":"ListItem","position":1,"name":"Home","item":"https:\/\/www.bellunopress.it\/"},{"@type":"ListItem","position":2,"name":"Rugby Subacqueo: la Nazionale sceglie la vasca tuffi di Belluno"}]},{"@type":"WebSite","@id":"https:\/\/www.bellunopress.it\/#website","url":"https:\/\/www.bellunopress.it\/","name":"Bellunopress - Dolomiti","description":"e-mail: redazione@bellunopress.it","publisher":{"@id":"https:\/\/www.bellunopress.it\/#organization"},"potentialAction":[{"@type":"SearchAction","target":{"@type":"EntryPoint","urlTemplate":"https:\/\/www.bellunopress.it\/?s={search_term_string}"},"query-input":{"@type":"PropertyValueSpecification","valueRequired":true,"valueName":"search_term_string"}}],"inLanguage":"fr-FR"},{"@type":"Organization","@id":"https:\/\/www.bellunopress.it\/#organization","name":"Bellunopress","url":"https:\/\/www.bellunopress.it\/","logo":{"@type":"ImageObject","inLanguage":"fr-FR","@id":"https:\/\/www.bellunopress.it\/#\/schema\/logo\/image\/","url":"https:\/\/www.bellunopress.it\/wp-content\/uploads\/2011\/05\/cropped-logo-bellunopress-.jpg","contentUrl":"https:\/\/www.bellunopress.it\/wp-content\/uploads\/2011\/05\/cropped-logo-bellunopress-.jpg","width":512,"height":512,"caption":"Bellunopress"},"image":{"@id":"https:\/\/www.bellunopress.it\/#\/schema\/logo\/image\/"},"sameAs":["https:\/\/www.facebook.com\/profile.php?id=100008943462799","https:\/\/x.com\/bellunopress","https:\/\/www.linkedin.com\/hp\/?dnr=JBzUWaJfMUw8vbXJJ2tVW5-I3jZKvC4wsoxE&amp;amp;amp;amp;amp;amp;trk=nav_responsive_tab_home","https:\/\/www.youtube.com\/channel\/UCxL0wu1uN0_3_7hGG0306cw"]},{"@type":"Person","@id":"https:\/\/www.bellunopress.it\/#\/schema\/person\/79bb06722b37ece1c03d3e94beb30d73","name":"r\u00e9daction","image":{"@type":"ImageObject","inLanguage":"fr-FR","@id":"https:\/\/secure.gravatar.com\/avatar\/37d968a2e67a6fd04c169c4bdef102d0bc5d31b2546345219e348575eb80e9a0?s=96&d=mm&r=g","url":"https:\/\/secure.gravatar.com\/avatar\/37d968a2e67a6fd04c169c4bdef102d0bc5d31b2546345219e348575eb80e9a0?s=96&d=mm&r=g","contentUrl":"https:\/\/secure.gravatar.com\/avatar\/37d968a2e67a6fd04c169c4bdef102d0bc5d31b2546345219e348575eb80e9a0?s=96&d=mm&r=g","caption":"redazione"},"sameAs":["http:\/\/www.bellunopress.it","https:\/\/x.com\/bellunopress"],"url":"https:\/\/www.bellunopress.it\/fr\/author\/redazione\/"}]}},"_links":{"self":[{"href":"https:\/\/www.bellunopress.it\/fr\/wp-json\/wp\/v2\/posts\/157236","targetHints":{"allow":["GET"]}}],"collection":[{"href":"https:\/\/www.bellunopress.it\/fr\/wp-json\/wp\/v2\/posts"}],"about":[{"href":"https:\/\/www.bellunopress.it\/fr\/wp-json\/wp\/v2\/types\/post"}],"author":[{"embeddable":true,"href":"https:\/\/www.bellunopress.it\/fr\/wp-json\/wp\/v2\/users\/2"}],"replies":[{"embeddable":true,"href":"https:\/\/www.bellunopress.it\/fr\/wp-json\/wp\/v2\/comments?post=157236"}],"version-history":[{"count":2,"href":"https:\/\/www.bellunopress.it\/fr\/wp-json\/wp\/v2\/posts\/157236\/revisions"}],"predecessor-version":[{"id":157239,"href":"https:\/\/www.bellunopress.it\/fr\/wp-json\/wp\/v2\/posts\/157236\/revisions\/157239"}],"wp:featuredmedia":[{"embeddable":true,"href":"https:\/\/www.bellunopress.it\/fr\/wp-json\/wp\/v2\/media\/157237"}],"wp:attachment":[{"href":"https:\/\/www.bellunopress.it\/fr\/wp-json\/wp\/v2\/media?parent=157236"}],"wp:term":[{"taxonomy":"category","embeddable":true,"href":"https:\/\/www.bellunopress.it\/fr\/wp-json\/wp\/v2\/categories?post=157236"},{"taxonomy":"post_tag","embeddable":true,"href":"https:\/\/www.bellunopress.it\/fr\/wp-json\/wp\/v2\/tags?post=157236"}],"curies":[{"name":"wp","href":"https:\/\/api.w.org\/{rel}","templated":true}]}}