{"id":157220,"date":"2025-01-18T19:57:27","date_gmt":"2025-01-18T18:57:27","guid":{"rendered":"https:\/\/www.bellunopress.it\/?p=157220"},"modified":"2025-01-18T19:57:27","modified_gmt":"2025-01-18T18:57:27","slug":"belluno-nasce-gel-generazione-europa-liberaldemocratici-un-movimento-di-centro-liberal-riformatore-che-strizza-locchio-ad-azione-di-calenda","status":"publish","type":"post","link":"https:\/\/www.bellunopress.it\/fr\/2025\/01\/18\/belluno-nasce-gel-generazione-europa-liberaldemocratici-un-movimento-di-centro-liberal-riformatore-che-strizza-locchio-ad-azione-di-calenda\/","title":{"rendered":"Belluno. Nasce GEL, Generazione Europa LiberalDemocratici, un movimento di Centro Liberal-Riformatore che strizza l&#8217;occhio ad Azione di Calenda"},"content":{"rendered":"<p><em><strong><img loading=\"lazy\" decoding=\"async\" class=\"aligncenter size-full wp-image-157221\" src=\"https:\/\/www.bellunopress.it\/wp-content\/uploads\/2025\/01\/Generazione-Europa_edited.jpg\" alt=\"Luigi Filippo Daniele\" width=\"719\" height=\"718\" srcset=\"https:\/\/www.bellunopress.it\/wp-content\/uploads\/2025\/01\/Generazione-Europa_edited.jpg 719w, https:\/\/www.bellunopress.it\/wp-content\/uploads\/2025\/01\/Generazione-Europa_edited-500x500.jpg 500w, https:\/\/www.bellunopress.it\/wp-content\/uploads\/2025\/01\/Generazione-Europa_edited-300x300.jpg 300w, https:\/\/www.bellunopress.it\/wp-content\/uploads\/2025\/01\/Generazione-Europa_edited-421x420.jpg 421w, https:\/\/www.bellunopress.it\/wp-content\/uploads\/2025\/01\/Generazione-Europa_edited-696x695.jpg 696w\" sizes=\"auto, (max-width: 719px) 100vw, 719px\" \/>Gel, Generazione Europa LiberalDemocratici<\/strong><\/em><\/p>\n<p><em><strong> Presidente Emanuele Pestrichella.\u00a0Coordinatore Luigi Filippo Daniele<\/strong><\/em><\/p>\n<p>Belluno, 18 gennaio 2025 \u2013 Strade inadeguate, treni lenti, mezzi pubblici insufficienti. A poco pi\u00f9 di un anno che ci separa dalle Olimpiadi Invernali di Milano-Cortina 2026, Belluno \u00e8 preparata a gestire l&#8217;impatto di un evento di portata mondiale? L&#8217;allarme arriva da Generazione Europa LiberalDemocratici (GEL), un movimento di giovani liberali e libertari under 35 che durante il primo congresso, svoltosi a Belluno il 18 gennaio &#8211; che ha eletto presidente Emanuele Pestrichella &#8211; ha denunciato il grave deficit infrastrutturale della provincia. Al Congresso era presente online anche il deputato di Azione Fabrizio Benzoni.<\/p>\n<p><strong>L&#8217;allerta infrastrutturale: &#8220;Siamo fuori tempo massimo&#8221;<\/strong><br \/>\nIl neocoordinatore di GEL, Luigi Filippo Daniele, ha aperto il dibattito con parole dure: &#8220;Con l&#8217;attuale sistema ferroviario e stradale, Belluno non \u00e8 pronta ad accogliere un evento di questa portata&#8221;. Secondo il gruppo, la rete ferroviaria rappresenta il vero punto critico principale: collegamenti lenti, ritardi frequenti e scarsa accessibilit\u00e0 rischiano di mettere in crisi la mobilit\u00e0 durante i Giochi.<br \/>\n&#8220;La Provincia deve intervenire in modo rapido e mirato, non bastano le varianti di Longarone e Tai di Cadore. Qui servono collegamenti ferroviari veloci con Venezia e Padova, ma soprattutto bisogna investire sul potenziamento del trasporto pubblico locale&#8221;. La chiusura intermittente dell&#8217;A27, con un pedaggio che sfiora i 10 euro, complica ulteriormente la situazione per i viaggiatori, mentre la linea ferroviaria Belluno-Padova, in manutenzione da cinque anni, continua a penalizzare studenti, lavoratori e turisti.<\/p>\n<p><strong>Trasporti pubblici al collasso<\/strong><br \/>\nAnche la situazione dei mezzi pubblici \u00e8 critica. DolomitiBus, partecipata pubblicamente al 48%, ha ridotto la frequenza delle corse in favore del servizio a chiamata Trillo, peggiorando i collegamenti con le aree montane come Agordino, Cadore e Comelico. Una scelta che penalizza non solo i residenti, ma anche i turisti che affolleranno la provincia nel 2026.<br \/>\n&#8220;\u00c8 inaccettabile che Belluno non possa neanche accogliere il Frecciarossa e l&#8217;alta velocit\u00e0 nel Capoluogo&#8221;, Denuncia GEL &#8220;Come pensiamo di gestire le linee extraurbane durante il flusso olimpico, se non riusciamo a garantire nemmeno i servizi locali essenziali nelle due pi\u00f9 grandi citt\u00e0 della Provincia quali Belluno e Feltre? Le Olimpiadi sono un&#8217;occasione storica, ma senza infrastrutture adeguate rischiamo di trasformarle in un boomerang&#8221;<\/p>\n<p><strong>Un appello per le politiche giovanili<\/strong><\/p>\n<p>Il I\u00b0 congresso di GEL si \u00e8 concluso con una proposta concreta per i giovani: il pieno supporto alla petizione per la realizzazione di uno Skatepark a Belluno, un&#8217;opportunit\u00e0 unica per creare uno spazio sicuro e inclusivo, che promuova lo sport e l&#8217;aggregazione giovanile. Il movimento si impegna ora a raccogliere firme cartacee e a presentare la petizione al Presidente del Consiglio Comunale, con l&#8217;obiettivo di rendere Belluno un punto di riferimento per le nuove generazioni e lo sport urbano.<\/p>\n<p><strong>GEL: un movimento di Centro Liberal-Riformatore per una nuova Politica<\/strong><\/p>\n<p>&#8220;Generazione Europa LiberalDemocratici (GEL) \u00e8 un movimento giovanile che si colloca al centro dello spettro politico, abbracciando una visione liberal-riformatrice. In un contesto politico sempre pi\u00f9 polarizzato, GEL vuole essere quella piattaforma che rappresenti la voce di coloro i quali, secondo un recente sondaggio Eumetra, si identifica nel centro politico rifiutando gli estremismi provenienti sia da destra sia da sinistra, \u00e8 siamo circa il 10% dell&#8217;elettorato. Questo spazio, spesso trascurato, \u00e8 fondamentale per costruire una politica basata su dialogo, riforme concrete e pragmatismo.<br \/>\nMa bisogna convincere soprattutto gli astenuti, quel 46% di persone che non votano perch\u00e9 rifiutano la politica, vista spesso come un male; ma \u00e8 qui che dobbiamo intervenire noi con il nostro movimento comunicando in maniera differente ed innovativa, per far comprendere che un nuovo modo di fare politica \u00e8 possibile, meno opportunista. Una politica che parli alle persone come cittadini e singoli individui, non come semplici elettori.<br \/>\nRicordiamoci cosa chiedono oggi i cittadini bellunesi : sviluppo economico della Provincia, infrastrutture moderne e sostenibili con un trasporto su gomma e su rotaia pi\u00f9 efficiente, una significativa riduzione delle tasse, servizi pi\u00f9 efficienti per anziani e giovani e maggiori contributi alla sanit\u00e0 pubblica&#8221;.<\/p>\n<p>&#8220;Siamo qui per dimostrare che il centro non \u00e8 un luogo di compromesso, ma un&#8217;opportunit\u00e0 per rispondere alle vere esigenze dei cittadini&#8221;, conclude Luigi Filippo Daniele, coordinatore del movimento.<br \/>\nIl movimento crede in una politica che coniughi crescita economica e attenzione sociale, offrendo soluzioni innovative e concrete per migliorare la qualit\u00e0 della vita nel territorio.<\/p>\n<p>&nbsp;<\/p>","protected":false},"excerpt":{"rendered":"<p>Gel, Generazione Europa LiberalDemocratici Presidente Emanuele Pestrichella.\u00a0Coordinatore Luigi Filippo Daniele Belluno, 18 gennaio 2025 \u2013 Strade inadeguate, treni lenti, mezzi pubblici insufficienti. A poco pi\u00f9 di un anno che ci separa dalle Olimpiadi Invernali di Milano-Cortina 2026, Belluno \u00e8 preparata a gestire l&#8217;impatto di un evento di portata mondiale? L&#8217;allarme arriva da Generazione Europa LiberalDemocratici [&hellip;]<\/p>\n","protected":false},"author":2,"featured_media":157221,"comment_status":"closed","ping_status":"open","sticky":false,"template":"","format":"standard","meta":{"footnotes":""},"categories":[5,26],"tags":[],"class_list":["post-157220","post","type-post","status-publish","format-standard","has-post-thumbnail","category-cronaca","category-prima-pagina"],"yoast_head":"<!-- This site is optimized with the Yoast SEO plugin v28.4 - https:\/\/yoast.com\/product\/yoast-seo-wordpress\/ -->\n<title>Belluno. Nasce GEL, Generazione Europa LiberalDemocratici, un movimento di Centro Liberal-Riformatore che strizza l&#039;occhio ad Azione di Calenda - Bellunopress - Dolomiti<\/title>\n<meta name=\"robots\" content=\"index, follow, max-snippet:-1, max-image-preview:large, max-video-preview:-1\" \/>\n<link rel=\"canonical\" href=\"https:\/\/www.bellunopress.it\/fr\/2025\/01\/18\/belluno-nasce-gel-generazione-europa-liberaldemocratici-un-movimento-di-centro-liberal-riformatore-che-strizza-locchio-ad-azione-di-calenda\/\" \/>\n<meta property=\"og:locale\" content=\"fr_FR\" \/>\n<meta property=\"og:type\" content=\"article\" \/>\n<meta property=\"og:title\" content=\"Belluno. Nasce GEL, Generazione Europa LiberalDemocratici, un movimento di Centro Liberal-Riformatore che strizza l&#039;occhio ad Azione di Calenda - Bellunopress - Dolomiti\" \/>\n<meta property=\"og:description\" content=\"Gel, Generazione Europa LiberalDemocratici Presidente Emanuele Pestrichella.\u00a0Coordinatore Luigi Filippo Daniele Belluno, 18 gennaio 2025 \u2013 Strade inadeguate, treni lenti, mezzi pubblici insufficienti. A poco pi\u00f9 di un anno che ci separa dalle Olimpiadi Invernali di Milano-Cortina 2026, Belluno \u00e8 preparata a gestire l&#8217;impatto di un evento di portata mondiale? L&#8217;allarme arriva da Generazione Europa LiberalDemocratici [&hellip;]\" \/>\n<meta property=\"og:url\" content=\"https:\/\/www.bellunopress.it\/fr\/2025\/01\/18\/belluno-nasce-gel-generazione-europa-liberaldemocratici-un-movimento-di-centro-liberal-riformatore-che-strizza-locchio-ad-azione-di-calenda\/\" \/>\n<meta property=\"og:site_name\" content=\"Bellunopress - Dolomiti\" \/>\n<meta property=\"article:publisher\" content=\"https:\/\/www.facebook.com\/profile.php?id=100008943462799\" \/>\n<meta property=\"article:published_time\" content=\"2025-01-18T18:57:27+00:00\" \/>\n<meta property=\"og:image\" content=\"https:\/\/www.bellunopress.it\/wp-content\/uploads\/2025\/01\/Generazione-Europa_edited.jpg\" \/>\n\t<meta property=\"og:image:width\" content=\"719\" \/>\n\t<meta property=\"og:image:height\" content=\"718\" \/>\n\t<meta property=\"og:image:type\" content=\"image\/jpeg\" \/>\n<meta name=\"author\" content=\"redazione\" \/>\n<meta name=\"twitter:card\" content=\"summary_large_image\" \/>\n<meta name=\"twitter:creator\" content=\"@bellunopress\" \/>\n<meta name=\"twitter:site\" content=\"@bellunopress\" \/>\n<meta name=\"twitter:label1\" content=\"\u00c9crit par\" \/>\n\t<meta name=\"twitter:data1\" content=\"redazione\" \/>\n\t<meta name=\"twitter:label2\" content=\"Dur\u00e9e de lecture estim\u00e9e\" \/>\n\t<meta name=\"twitter:data2\" content=\"3 minutes\" \/>\n<script type=\"application\/ld+json\" class=\"yoast-schema-graph\">{\"@context\":\"https:\\\/\\\/schema.org\",\"@graph\":[{\"@type\":\"Article\",\"@id\":\"https:\\\/\\\/www.bellunopress.it\\\/2025\\\/01\\\/18\\\/belluno-nasce-gel-generazione-europa-liberaldemocratici-un-movimento-di-centro-liberal-riformatore-che-strizza-locchio-ad-azione-di-calenda\\\/#article\",\"isPartOf\":{\"@id\":\"https:\\\/\\\/www.bellunopress.it\\\/2025\\\/01\\\/18\\\/belluno-nasce-gel-generazione-europa-liberaldemocratici-un-movimento-di-centro-liberal-riformatore-che-strizza-locchio-ad-azione-di-calenda\\\/\"},\"author\":{\"name\":\"redazione\",\"@id\":\"https:\\\/\\\/www.bellunopress.it\\\/#\\\/schema\\\/person\\\/79bb06722b37ece1c03d3e94beb30d73\"},\"headline\":\"Belluno. Nasce GEL, Generazione Europa LiberalDemocratici, un movimento di Centro Liberal-Riformatore che strizza l&#8217;occhio ad Azione di Calenda\",\"datePublished\":\"2025-01-18T18:57:27+00:00\",\"mainEntityOfPage\":{\"@id\":\"https:\\\/\\\/www.bellunopress.it\\\/2025\\\/01\\\/18\\\/belluno-nasce-gel-generazione-europa-liberaldemocratici-un-movimento-di-centro-liberal-riformatore-che-strizza-locchio-ad-azione-di-calenda\\\/\"},\"wordCount\":724,\"publisher\":{\"@id\":\"https:\\\/\\\/www.bellunopress.it\\\/#organization\"},\"image\":{\"@id\":\"https:\\\/\\\/www.bellunopress.it\\\/2025\\\/01\\\/18\\\/belluno-nasce-gel-generazione-europa-liberaldemocratici-un-movimento-di-centro-liberal-riformatore-che-strizza-locchio-ad-azione-di-calenda\\\/#primaryimage\"},\"thumbnailUrl\":\"https:\\\/\\\/www.bellunopress.it\\\/wp-content\\\/uploads\\\/2025\\\/01\\\/Generazione-Europa_edited.jpg\",\"articleSection\":[\"Cronaca\\\/Politica\",\"Prima Pagina\"],\"inLanguage\":\"fr-FR\"},{\"@type\":\"WebPage\",\"@id\":\"https:\\\/\\\/www.bellunopress.it\\\/2025\\\/01\\\/18\\\/belluno-nasce-gel-generazione-europa-liberaldemocratici-un-movimento-di-centro-liberal-riformatore-che-strizza-locchio-ad-azione-di-calenda\\\/\",\"url\":\"https:\\\/\\\/www.bellunopress.it\\\/2025\\\/01\\\/18\\\/belluno-nasce-gel-generazione-europa-liberaldemocratici-un-movimento-di-centro-liberal-riformatore-che-strizza-locchio-ad-azione-di-calenda\\\/\",\"name\":\"Belluno. Nasce GEL, Generazione Europa LiberalDemocratici, un movimento di Centro Liberal-Riformatore che strizza l'occhio ad Azione di Calenda - Bellunopress - Dolomiti\",\"isPartOf\":{\"@id\":\"https:\\\/\\\/www.bellunopress.it\\\/#website\"},\"primaryImageOfPage\":{\"@id\":\"https:\\\/\\\/www.bellunopress.it\\\/2025\\\/01\\\/18\\\/belluno-nasce-gel-generazione-europa-liberaldemocratici-un-movimento-di-centro-liberal-riformatore-che-strizza-locchio-ad-azione-di-calenda\\\/#primaryimage\"},\"image\":{\"@id\":\"https:\\\/\\\/www.bellunopress.it\\\/2025\\\/01\\\/18\\\/belluno-nasce-gel-generazione-europa-liberaldemocratici-un-movimento-di-centro-liberal-riformatore-che-strizza-locchio-ad-azione-di-calenda\\\/#primaryimage\"},\"thumbnailUrl\":\"https:\\\/\\\/www.bellunopress.it\\\/wp-content\\\/uploads\\\/2025\\\/01\\\/Generazione-Europa_edited.jpg\",\"datePublished\":\"2025-01-18T18:57:27+00:00\",\"breadcrumb\":{\"@id\":\"https:\\\/\\\/www.bellunopress.it\\\/2025\\\/01\\\/18\\\/belluno-nasce-gel-generazione-europa-liberaldemocratici-un-movimento-di-centro-liberal-riformatore-che-strizza-locchio-ad-azione-di-calenda\\\/#breadcrumb\"},\"inLanguage\":\"fr-FR\",\"potentialAction\":[{\"@type\":\"ReadAction\",\"target\":[\"https:\\\/\\\/www.bellunopress.it\\\/2025\\\/01\\\/18\\\/belluno-nasce-gel-generazione-europa-liberaldemocratici-un-movimento-di-centro-liberal-riformatore-che-strizza-locchio-ad-azione-di-calenda\\\/\"]}]},{\"@type\":\"ImageObject\",\"inLanguage\":\"fr-FR\",\"@id\":\"https:\\\/\\\/www.bellunopress.it\\\/2025\\\/01\\\/18\\\/belluno-nasce-gel-generazione-europa-liberaldemocratici-un-movimento-di-centro-liberal-riformatore-che-strizza-locchio-ad-azione-di-calenda\\\/#primaryimage\",\"url\":\"https:\\\/\\\/www.bellunopress.it\\\/wp-content\\\/uploads\\\/2025\\\/01\\\/Generazione-Europa_edited.jpg\",\"contentUrl\":\"https:\\\/\\\/www.bellunopress.it\\\/wp-content\\\/uploads\\\/2025\\\/01\\\/Generazione-Europa_edited.jpg\",\"width\":719,\"height\":718,\"caption\":\"Luigi Filippo Daniele, GEL\"},{\"@type\":\"BreadcrumbList\",\"@id\":\"https:\\\/\\\/www.bellunopress.it\\\/2025\\\/01\\\/18\\\/belluno-nasce-gel-generazione-europa-liberaldemocratici-un-movimento-di-centro-liberal-riformatore-che-strizza-locchio-ad-azione-di-calenda\\\/#breadcrumb\",\"itemListElement\":[{\"@type\":\"ListItem\",\"position\":1,\"name\":\"Home\",\"item\":\"https:\\\/\\\/www.bellunopress.it\\\/\"},{\"@type\":\"ListItem\",\"position\":2,\"name\":\"Belluno. Nasce GEL, Generazione Europa LiberalDemocratici, un movimento di Centro Liberal-Riformatore che strizza l&#8217;occhio ad Azione di Calenda\"}]},{\"@type\":\"WebSite\",\"@id\":\"https:\\\/\\\/www.bellunopress.it\\\/#website\",\"url\":\"https:\\\/\\\/www.bellunopress.it\\\/\",\"name\":\"Bellunopress - Dolomiti\",\"description\":\"e-mail: redazione@bellunopress.it\",\"publisher\":{\"@id\":\"https:\\\/\\\/www.bellunopress.it\\\/#organization\"},\"potentialAction\":[{\"@type\":\"SearchAction\",\"target\":{\"@type\":\"EntryPoint\",\"urlTemplate\":\"https:\\\/\\\/www.bellunopress.it\\\/?s={search_term_string}\"},\"query-input\":{\"@type\":\"PropertyValueSpecification\",\"valueRequired\":true,\"valueName\":\"search_term_string\"}}],\"inLanguage\":\"fr-FR\"},{\"@type\":\"Organization\",\"@id\":\"https:\\\/\\\/www.bellunopress.it\\\/#organization\",\"name\":\"Bellunopress\",\"url\":\"https:\\\/\\\/www.bellunopress.it\\\/\",\"logo\":{\"@type\":\"ImageObject\",\"inLanguage\":\"fr-FR\",\"@id\":\"https:\\\/\\\/www.bellunopress.it\\\/#\\\/schema\\\/logo\\\/image\\\/\",\"url\":\"https:\\\/\\\/www.bellunopress.it\\\/wp-content\\\/uploads\\\/2011\\\/05\\\/cropped-logo-bellunopress-.jpg\",\"contentUrl\":\"https:\\\/\\\/www.bellunopress.it\\\/wp-content\\\/uploads\\\/2011\\\/05\\\/cropped-logo-bellunopress-.jpg\",\"width\":512,\"height\":512,\"caption\":\"Bellunopress\"},\"image\":{\"@id\":\"https:\\\/\\\/www.bellunopress.it\\\/#\\\/schema\\\/logo\\\/image\\\/\"},\"sameAs\":[\"https:\\\/\\\/www.facebook.com\\\/profile.php?id=100008943462799\",\"https:\\\/\\\/x.com\\\/bellunopress\",\"https:\\\/\\\/www.linkedin.com\\\/hp\\\/?dnr=JBzUWaJfMUw8vbXJJ2tVW5-I3jZKvC4wsoxE&amp;amp;amp;amp;amp;amp;trk=nav_responsive_tab_home\",\"https:\\\/\\\/www.youtube.com\\\/channel\\\/UCxL0wu1uN0_3_7hGG0306cw\"]},{\"@type\":\"Person\",\"@id\":\"https:\\\/\\\/www.bellunopress.it\\\/#\\\/schema\\\/person\\\/79bb06722b37ece1c03d3e94beb30d73\",\"name\":\"redazione\",\"image\":{\"@type\":\"ImageObject\",\"inLanguage\":\"fr-FR\",\"@id\":\"https:\\\/\\\/secure.gravatar.com\\\/avatar\\\/37d968a2e67a6fd04c169c4bdef102d0bc5d31b2546345219e348575eb80e9a0?s=96&d=mm&r=g\",\"url\":\"https:\\\/\\\/secure.gravatar.com\\\/avatar\\\/37d968a2e67a6fd04c169c4bdef102d0bc5d31b2546345219e348575eb80e9a0?s=96&d=mm&r=g\",\"contentUrl\":\"https:\\\/\\\/secure.gravatar.com\\\/avatar\\\/37d968a2e67a6fd04c169c4bdef102d0bc5d31b2546345219e348575eb80e9a0?s=96&d=mm&r=g\",\"caption\":\"redazione\"},\"sameAs\":[\"http:\\\/\\\/www.bellunopress.it\",\"https:\\\/\\\/x.com\\\/bellunopress\"],\"url\":\"https:\\\/\\\/www.bellunopress.it\\\/fr\\\/author\\\/redazione\\\/\"}]}<\/script>\n<!-- \/ Yoast SEO plugin. -->","yoast_head_json":{"title":"Belluno. Nasce GEL, Generazione Europa LiberalDemocratici, un movimento di Centro Liberal-Riformatore che strizza l'occhio ad Azione di Calenda - Bellunopress - Dolomiti","robots":{"index":"index","follow":"follow","max-snippet":"max-snippet:-1","max-image-preview":"max-image-preview:large","max-video-preview":"max-video-preview:-1"},"canonical":"https:\/\/www.bellunopress.it\/fr\/2025\/01\/18\/belluno-nasce-gel-generazione-europa-liberaldemocratici-un-movimento-di-centro-liberal-riformatore-che-strizza-locchio-ad-azione-di-calenda\/","og_locale":"fr_FR","og_type":"article","og_title":"Belluno. Nasce GEL, Generazione Europa LiberalDemocratici, un movimento di Centro Liberal-Riformatore che strizza l'occhio ad Azione di Calenda - Bellunopress - Dolomiti","og_description":"Gel, Generazione Europa LiberalDemocratici Presidente Emanuele Pestrichella.\u00a0Coordinatore Luigi Filippo Daniele Belluno, 18 gennaio 2025 \u2013 Strade inadeguate, treni lenti, mezzi pubblici insufficienti. A poco pi\u00f9 di un anno che ci separa dalle Olimpiadi Invernali di Milano-Cortina 2026, Belluno \u00e8 preparata a gestire l&#8217;impatto di un evento di portata mondiale? L&#8217;allarme arriva da Generazione Europa LiberalDemocratici [&hellip;]","og_url":"https:\/\/www.bellunopress.it\/fr\/2025\/01\/18\/belluno-nasce-gel-generazione-europa-liberaldemocratici-un-movimento-di-centro-liberal-riformatore-che-strizza-locchio-ad-azione-di-calenda\/","og_site_name":"Bellunopress - Dolomiti","article_publisher":"https:\/\/www.facebook.com\/profile.php?id=100008943462799","article_published_time":"2025-01-18T18:57:27+00:00","og_image":[{"width":719,"height":718,"url":"https:\/\/www.bellunopress.it\/wp-content\/uploads\/2025\/01\/Generazione-Europa_edited.jpg","type":"image\/jpeg"}],"author":"redazione","twitter_card":"summary_large_image","twitter_creator":"@bellunopress","twitter_site":"@bellunopress","twitter_misc":{"\u00c9crit par":"redazione","Dur\u00e9e de lecture estim\u00e9e":"3 minutes"},"schema":{"@context":"https:\/\/schema.org","@graph":[{"@type":"Article","@id":"https:\/\/www.bellunopress.it\/2025\/01\/18\/belluno-nasce-gel-generazione-europa-liberaldemocratici-un-movimento-di-centro-liberal-riformatore-che-strizza-locchio-ad-azione-di-calenda\/#article","isPartOf":{"@id":"https:\/\/www.bellunopress.it\/2025\/01\/18\/belluno-nasce-gel-generazione-europa-liberaldemocratici-un-movimento-di-centro-liberal-riformatore-che-strizza-locchio-ad-azione-di-calenda\/"},"author":{"name":"redazione","@id":"https:\/\/www.bellunopress.it\/#\/schema\/person\/79bb06722b37ece1c03d3e94beb30d73"},"headline":"Belluno. Nasce GEL, Generazione Europa LiberalDemocratici, un movimento di Centro Liberal-Riformatore che strizza l&#8217;occhio ad Azione di Calenda","datePublished":"2025-01-18T18:57:27+00:00","mainEntityOfPage":{"@id":"https:\/\/www.bellunopress.it\/2025\/01\/18\/belluno-nasce-gel-generazione-europa-liberaldemocratici-un-movimento-di-centro-liberal-riformatore-che-strizza-locchio-ad-azione-di-calenda\/"},"wordCount":724,"publisher":{"@id":"https:\/\/www.bellunopress.it\/#organization"},"image":{"@id":"https:\/\/www.bellunopress.it\/2025\/01\/18\/belluno-nasce-gel-generazione-europa-liberaldemocratici-un-movimento-di-centro-liberal-riformatore-che-strizza-locchio-ad-azione-di-calenda\/#primaryimage"},"thumbnailUrl":"https:\/\/www.bellunopress.it\/wp-content\/uploads\/2025\/01\/Generazione-Europa_edited.jpg","articleSection":["Cronaca\/Politica","Prima Pagina"],"inLanguage":"fr-FR"},{"@type":"WebPage","@id":"https:\/\/www.bellunopress.it\/2025\/01\/18\/belluno-nasce-gel-generazione-europa-liberaldemocratici-un-movimento-di-centro-liberal-riformatore-che-strizza-locchio-ad-azione-di-calenda\/","url":"https:\/\/www.bellunopress.it\/2025\/01\/18\/belluno-nasce-gel-generazione-europa-liberaldemocratici-un-movimento-di-centro-liberal-riformatore-che-strizza-locchio-ad-azione-di-calenda\/","name":"Belluno. Nasce GEL, Generazione Europa LiberalDemocratici, un movimento di Centro Liberal-Riformatore che strizza l'occhio ad Azione di Calenda - Bellunopress - Dolomiti","isPartOf":{"@id":"https:\/\/www.bellunopress.it\/#website"},"primaryImageOfPage":{"@id":"https:\/\/www.bellunopress.it\/2025\/01\/18\/belluno-nasce-gel-generazione-europa-liberaldemocratici-un-movimento-di-centro-liberal-riformatore-che-strizza-locchio-ad-azione-di-calenda\/#primaryimage"},"image":{"@id":"https:\/\/www.bellunopress.it\/2025\/01\/18\/belluno-nasce-gel-generazione-europa-liberaldemocratici-un-movimento-di-centro-liberal-riformatore-che-strizza-locchio-ad-azione-di-calenda\/#primaryimage"},"thumbnailUrl":"https:\/\/www.bellunopress.it\/wp-content\/uploads\/2025\/01\/Generazione-Europa_edited.jpg","datePublished":"2025-01-18T18:57:27+00:00","breadcrumb":{"@id":"https:\/\/www.bellunopress.it\/2025\/01\/18\/belluno-nasce-gel-generazione-europa-liberaldemocratici-un-movimento-di-centro-liberal-riformatore-che-strizza-locchio-ad-azione-di-calenda\/#breadcrumb"},"inLanguage":"fr-FR","potentialAction":[{"@type":"ReadAction","target":["https:\/\/www.bellunopress.it\/2025\/01\/18\/belluno-nasce-gel-generazione-europa-liberaldemocratici-un-movimento-di-centro-liberal-riformatore-che-strizza-locchio-ad-azione-di-calenda\/"]}]},{"@type":"ImageObject","inLanguage":"fr-FR","@id":"https:\/\/www.bellunopress.it\/2025\/01\/18\/belluno-nasce-gel-generazione-europa-liberaldemocratici-un-movimento-di-centro-liberal-riformatore-che-strizza-locchio-ad-azione-di-calenda\/#primaryimage","url":"https:\/\/www.bellunopress.it\/wp-content\/uploads\/2025\/01\/Generazione-Europa_edited.jpg","contentUrl":"https:\/\/www.bellunopress.it\/wp-content\/uploads\/2025\/01\/Generazione-Europa_edited.jpg","width":719,"height":718,"caption":"Luigi Filippo Daniele, GEL"},{"@type":"BreadcrumbList","@id":"https:\/\/www.bellunopress.it\/2025\/01\/18\/belluno-nasce-gel-generazione-europa-liberaldemocratici-un-movimento-di-centro-liberal-riformatore-che-strizza-locchio-ad-azione-di-calenda\/#breadcrumb","itemListElement":[{"@type":"ListItem","position":1,"name":"Home","item":"https:\/\/www.bellunopress.it\/"},{"@type":"ListItem","position":2,"name":"Belluno. Nasce GEL, Generazione Europa LiberalDemocratici, un movimento di Centro Liberal-Riformatore che strizza l&#8217;occhio ad Azione di Calenda"}]},{"@type":"WebSite","@id":"https:\/\/www.bellunopress.it\/#website","url":"https:\/\/www.bellunopress.it\/","name":"Bellunopress - Dolomiti","description":"e-mail: redazione@bellunopress.it","publisher":{"@id":"https:\/\/www.bellunopress.it\/#organization"},"potentialAction":[{"@type":"SearchAction","target":{"@type":"EntryPoint","urlTemplate":"https:\/\/www.bellunopress.it\/?s={search_term_string}"},"query-input":{"@type":"PropertyValueSpecification","valueRequired":true,"valueName":"search_term_string"}}],"inLanguage":"fr-FR"},{"@type":"Organization","@id":"https:\/\/www.bellunopress.it\/#organization","name":"Bellunopress","url":"https:\/\/www.bellunopress.it\/","logo":{"@type":"ImageObject","inLanguage":"fr-FR","@id":"https:\/\/www.bellunopress.it\/#\/schema\/logo\/image\/","url":"https:\/\/www.bellunopress.it\/wp-content\/uploads\/2011\/05\/cropped-logo-bellunopress-.jpg","contentUrl":"https:\/\/www.bellunopress.it\/wp-content\/uploads\/2011\/05\/cropped-logo-bellunopress-.jpg","width":512,"height":512,"caption":"Bellunopress"},"image":{"@id":"https:\/\/www.bellunopress.it\/#\/schema\/logo\/image\/"},"sameAs":["https:\/\/www.facebook.com\/profile.php?id=100008943462799","https:\/\/x.com\/bellunopress","https:\/\/www.linkedin.com\/hp\/?dnr=JBzUWaJfMUw8vbXJJ2tVW5-I3jZKvC4wsoxE&amp;amp;amp;amp;amp;amp;trk=nav_responsive_tab_home","https:\/\/www.youtube.com\/channel\/UCxL0wu1uN0_3_7hGG0306cw"]},{"@type":"Person","@id":"https:\/\/www.bellunopress.it\/#\/schema\/person\/79bb06722b37ece1c03d3e94beb30d73","name":"r\u00e9daction","image":{"@type":"ImageObject","inLanguage":"fr-FR","@id":"https:\/\/secure.gravatar.com\/avatar\/37d968a2e67a6fd04c169c4bdef102d0bc5d31b2546345219e348575eb80e9a0?s=96&d=mm&r=g","url":"https:\/\/secure.gravatar.com\/avatar\/37d968a2e67a6fd04c169c4bdef102d0bc5d31b2546345219e348575eb80e9a0?s=96&d=mm&r=g","contentUrl":"https:\/\/secure.gravatar.com\/avatar\/37d968a2e67a6fd04c169c4bdef102d0bc5d31b2546345219e348575eb80e9a0?s=96&d=mm&r=g","caption":"redazione"},"sameAs":["http:\/\/www.bellunopress.it","https:\/\/x.com\/bellunopress"],"url":"https:\/\/www.bellunopress.it\/fr\/author\/redazione\/"}]}},"_links":{"self":[{"href":"https:\/\/www.bellunopress.it\/fr\/wp-json\/wp\/v2\/posts\/157220","targetHints":{"allow":["GET"]}}],"collection":[{"href":"https:\/\/www.bellunopress.it\/fr\/wp-json\/wp\/v2\/posts"}],"about":[{"href":"https:\/\/www.bellunopress.it\/fr\/wp-json\/wp\/v2\/types\/post"}],"author":[{"embeddable":true,"href":"https:\/\/www.bellunopress.it\/fr\/wp-json\/wp\/v2\/users\/2"}],"replies":[{"embeddable":true,"href":"https:\/\/www.bellunopress.it\/fr\/wp-json\/wp\/v2\/comments?post=157220"}],"version-history":[{"count":1,"href":"https:\/\/www.bellunopress.it\/fr\/wp-json\/wp\/v2\/posts\/157220\/revisions"}],"predecessor-version":[{"id":157222,"href":"https:\/\/www.bellunopress.it\/fr\/wp-json\/wp\/v2\/posts\/157220\/revisions\/157222"}],"wp:featuredmedia":[{"embeddable":true,"href":"https:\/\/www.bellunopress.it\/fr\/wp-json\/wp\/v2\/media\/157221"}],"wp:attachment":[{"href":"https:\/\/www.bellunopress.it\/fr\/wp-json\/wp\/v2\/media?parent=157220"}],"wp:term":[{"taxonomy":"category","embeddable":true,"href":"https:\/\/www.bellunopress.it\/fr\/wp-json\/wp\/v2\/categories?post=157220"},{"taxonomy":"post_tag","embeddable":true,"href":"https:\/\/www.bellunopress.it\/fr\/wp-json\/wp\/v2\/tags?post=157220"}],"curies":[{"name":"wp","href":"https:\/\/api.w.org\/{rel}","templated":true}]}}