{"id":157212,"date":"2025-01-18T16:48:36","date_gmt":"2025-01-18T15:48:36","guid":{"rendered":"https:\/\/www.bellunopress.it\/?p=157212"},"modified":"2025-01-18T16:48:36","modified_gmt":"2025-01-18T15:48:36","slug":"ottantanni-fa-larmata-rossa-abbatte-i-cancelli-di-auschwitz-se-ne-e-parlato-oggi-allistituto-comprensivo-di-mel","status":"publish","type":"post","link":"https:\/\/www.bellunopress.it\/fr\/2025\/01\/18\/ottantanni-fa-larmata-rossa-abbatte-i-cancelli-di-auschwitz-se-ne-e-parlato-oggi-allistituto-comprensivo-di-mel\/","title":{"rendered":"Ottant&#8217;anni fa l&#8217;Armata Rossa abbatte i cancelli di Auschwitz. Se ne \u00e8 parlato oggi all&#8217;Istituto comprensivo di Mel"},"content":{"rendered":"<figure id=\"attachment_157213\" aria-describedby=\"caption-attachment-157213\" style=\"width: 1000px\" class=\"wp-caption aligncenter\"><img loading=\"lazy\" decoding=\"async\" class=\"size-full wp-image-157213\" src=\"https:\/\/www.bellunopress.it\/wp-content\/uploads\/2025\/01\/alcuni-ragazzi-terza-media-Mel_edited.jpg\" alt=\"\" width=\"1000\" height=\"823\" srcset=\"https:\/\/www.bellunopress.it\/wp-content\/uploads\/2025\/01\/alcuni-ragazzi-terza-media-Mel_edited.jpg 1000w, https:\/\/www.bellunopress.it\/wp-content\/uploads\/2025\/01\/alcuni-ragazzi-terza-media-Mel_edited-500x412.jpg 500w, https:\/\/www.bellunopress.it\/wp-content\/uploads\/2025\/01\/alcuni-ragazzi-terza-media-Mel_edited-510x420.jpg 510w, https:\/\/www.bellunopress.it\/wp-content\/uploads\/2025\/01\/alcuni-ragazzi-terza-media-Mel_edited-696x573.jpg 696w\" sizes=\"auto, (max-width: 1000px) 100vw, 1000px\" \/><figcaption id=\"caption-attachment-157213\" class=\"wp-caption-text\">Studenti della 3a Media di Mel<\/figcaption><\/figure>\n<p>Borgo Valbelluna, 18 gennaio 2024 &#8211; Questa mattina, alcuni docenti dell\u2019Istituto Comprensivo di Mel (BL), grazie alla collaborazione tra la sezione ANPI Sinistra Piave Bellunese ed il Comune di Borgo Valbelluna, hanno accompagnato gli studenti delle classi terze della Scuola Secondaria di Primo Grado ad un accattivante incontro, presso l\u2019ex chiesetta di San Pietro a Mel, con la dottoressa Adriana Lotto. Bellunese, gi\u00e0 docente e ricercatrice, \u00e8 presidente e referente per Montagne in Rete dell\u2019Associazione Tina Merlin, \u00e8 inoltre autrice di saggi ed articoli di storia contemporanea, mostrando particolare interesse verso il Secondo conflitto mondiale, la deportazione e la Resistenza locale.<br \/>\n&#8220;Inutile dire che continuare a focalizzare l&#8217;attenzione su questi terribili avvenimenti (che, purtroppo, hanno investito anche l\u2019Italia) \u00e8 di primaria importanza &#8211; sottolinea Cristiana Dal Toe&#8217;, docente dell&#8217;Istituto comprensivo di Mel &#8211; anche se qualcuno, lungi da ogni retorica, si potrebbe chiedere se vale la pena, a distanza di tanti anni, continuare a riflettere sull\u2019utilit\u00e0 di ripercorrere quel terribile periodo storico. Qualsiasi sia la risposta, se si considerano le congiunture geopolitiche di questi mesi, non si pu\u00f2 fare a meno di notare che alcuni termini relativi alla Shoah siano tornati d\u2019uso. Forse, per\u00f2, a volte c\u2019\u00e8 un po\u2019 di confusione e termini come \u201ccampi di lavoro\u201d, \u201cconcentramento\u201d, \u201csterminio\u201d, vengono usati spesso come sinonimi&#8221;.<\/p>\n<p>Nell\u2019intervento la dottoressa Lotto, oltre ad approfondire con i ragazzi la storia della Shoah e alcuni aspetti della stessa legati al nostro territorio; ha cercato di offrire (in maniera molto esaustiva) un chiarimento sull\u2019origine e peculiarit\u00e0 di alcuni siti nel quale vennero deportate molte persone, pure bellunesi. Durante il colloquio con i ragazzi, ha offerto un peculiare focus sulla condizione femminile nei campi nazisti, non mancando di inserire anche episodi drammatici che hanno interessato alcuni membri della sua famiglia.<br \/>\nGli alunni hanno sorpreso gli adulti presenti per la loro sensibilit\u00e0 ed attenzione, dimostrandosi molto appassionati alle tematiche, seppur tristi e lontane dai loro vissuti. Molte le domande fatte alla dottoressa Lotto che non si \u00e8 risparmiata nelle risposte, cercando di usare esempi e termini adatti agli intervenuti. Al rientro in classe, i feedback degli stessi sono stati molto promettenti.<br \/>\nPerci\u00f2: ne vale la pena ricordare? I giovani sono la nostra speranza; un mondo migliore richiede speranza; un\u2019umanit\u00e0 pi\u00f9 propensa al bene vuole giovani che si confrontano con la storia in modo critico e curioso.<\/p>\n<p>&nbsp;<\/p>\n<p><strong> Auschwitz<\/strong><\/p>\n<p>Il 27 gennaio di ottant\u2019anni orsono, l\u2019Armata Rossa riusc\u00ec ad abbattere i cancelli del campo di concentramento di Auschwitz. Il mondo, da quel momento dovette confrontarsi con l\u2019orrore sapientemente descritto da Hannah Arendt: \u00abquando l&#8217;impossibile \u00e8 stato reso possibile, \u00e8 diventato il male assoluto, impunibile e imperdonabile\u00bb. L\u2019impatto fu devastante: il silenzio divenne vuoto e gelido, poich\u00e9, per chi non rimase indifferente, le parole non servivano (o non bastavano) per attenuare la sofferenza di chi, pochi, torn\u00f2 alle proprie abitazioni. Perfino il termine \u201cgenocidio\u201d fu un neologismo, in quanto venne coniato solo dopo la Seconda Guerra Mondiale da un avvocato polacco ebreo, Raphael Lamkin, il quale ne specific\u00f2 l\u2019etimologia nel suo libro Il dominio dell\u2019Asse nell\u2019Europa occupata.<br \/>\nDopo un primo periodo in cui sembrava utile bypassare quelle assurde giornate in cui tutti i malcapitati erano \u201ctutti uguali e tutti niente\u201d dentro quelle casacche, si cominci\u00f2 a raccontare. Non si doveva dimenticare, poich\u00e9 \u00abci\u00f2 che \u00e8 accaduto pu\u00f2 succedere ancora\u00bb (Primo Levi). Lo Stato Italiano \u00e8 stato uno dei primi ad istituire la Giornata della Memoria con la Legge 211\/2000. In ogni ricorrenza numerose sono le iniziative intraprese a livello pubblico o mediatico e anche in ambito scolastico; frequenti, infatti, sono i viaggi istruttivi di classe presso luoghi dolorosi come Auschwitz o Buchenwald.<\/p>","protected":false},"excerpt":{"rendered":"<p>Borgo Valbelluna, 18 gennaio 2024 &#8211; Questa mattina, alcuni docenti dell\u2019Istituto Comprensivo di Mel (BL), grazie alla collaborazione tra la sezione ANPI Sinistra Piave Bellunese ed il Comune di Borgo Valbelluna, hanno accompagnato gli studenti delle classi terze della Scuola Secondaria di Primo Grado ad un accattivante incontro, presso l\u2019ex chiesetta di San Pietro a [&hellip;]<\/p>\n","protected":false},"author":2,"featured_media":157213,"comment_status":"closed","ping_status":"open","sticky":false,"template":"","format":"standard","meta":{"footnotes":""},"categories":[26,15],"tags":[],"class_list":["post-157212","post","type-post","status-publish","format-standard","has-post-thumbnail","category-prima-pagina","category-scuola"],"yoast_head":"<!-- This site is optimized with the Yoast SEO plugin v28.4 - https:\/\/yoast.com\/product\/yoast-seo-wordpress\/ -->\n<title>Ottant&#039;anni fa l&#039;Armata Rossa abbatte i cancelli di Auschwitz. Se ne \u00e8 parlato oggi all&#039;Istituto comprensivo di Mel - Bellunopress - Dolomiti<\/title>\n<meta name=\"robots\" content=\"index, follow, max-snippet:-1, max-image-preview:large, max-video-preview:-1\" \/>\n<link rel=\"canonical\" href=\"https:\/\/www.bellunopress.it\/fr\/2025\/01\/18\/ottantanni-fa-larmata-rossa-abbatte-i-cancelli-di-auschwitz-se-ne-e-parlato-oggi-allistituto-comprensivo-di-mel\/\" \/>\n<meta property=\"og:locale\" content=\"fr_FR\" \/>\n<meta property=\"og:type\" content=\"article\" \/>\n<meta property=\"og:title\" content=\"Ottant&#039;anni fa l&#039;Armata Rossa abbatte i cancelli di Auschwitz. Se ne \u00e8 parlato oggi all&#039;Istituto comprensivo di Mel - Bellunopress - Dolomiti\" \/>\n<meta property=\"og:description\" content=\"Borgo Valbelluna, 18 gennaio 2024 &#8211; Questa mattina, alcuni docenti dell\u2019Istituto Comprensivo di Mel (BL), grazie alla collaborazione tra la sezione ANPI Sinistra Piave Bellunese ed il Comune di Borgo Valbelluna, hanno accompagnato gli studenti delle classi terze della Scuola Secondaria di Primo Grado ad un accattivante incontro, presso l\u2019ex chiesetta di San Pietro a [&hellip;]\" \/>\n<meta property=\"og:url\" content=\"https:\/\/www.bellunopress.it\/fr\/2025\/01\/18\/ottantanni-fa-larmata-rossa-abbatte-i-cancelli-di-auschwitz-se-ne-e-parlato-oggi-allistituto-comprensivo-di-mel\/\" \/>\n<meta property=\"og:site_name\" content=\"Bellunopress - Dolomiti\" \/>\n<meta property=\"article:publisher\" content=\"https:\/\/www.facebook.com\/profile.php?id=100008943462799\" \/>\n<meta property=\"article:published_time\" content=\"2025-01-18T15:48:36+00:00\" \/>\n<meta property=\"og:image\" content=\"https:\/\/www.bellunopress.it\/wp-content\/uploads\/2025\/01\/alcuni-ragazzi-terza-media-Mel_edited.jpg\" \/>\n\t<meta property=\"og:image:width\" content=\"1000\" \/>\n\t<meta property=\"og:image:height\" content=\"823\" \/>\n\t<meta property=\"og:image:type\" content=\"image\/jpeg\" \/>\n<meta name=\"author\" content=\"redazione\" \/>\n<meta name=\"twitter:card\" content=\"summary_large_image\" \/>\n<meta name=\"twitter:creator\" content=\"@bellunopress\" \/>\n<meta name=\"twitter:site\" content=\"@bellunopress\" \/>\n<meta name=\"twitter:label1\" content=\"\u00c9crit par\" \/>\n\t<meta name=\"twitter:data1\" content=\"redazione\" \/>\n\t<meta name=\"twitter:label2\" content=\"Dur\u00e9e de lecture estim\u00e9e\" \/>\n\t<meta name=\"twitter:data2\" content=\"3 minutes\" \/>\n<script type=\"application\/ld+json\" class=\"yoast-schema-graph\">{\"@context\":\"https:\\\/\\\/schema.org\",\"@graph\":[{\"@type\":\"Article\",\"@id\":\"https:\\\/\\\/www.bellunopress.it\\\/2025\\\/01\\\/18\\\/ottantanni-fa-larmata-rossa-abbatte-i-cancelli-di-auschwitz-se-ne-e-parlato-oggi-allistituto-comprensivo-di-mel\\\/#article\",\"isPartOf\":{\"@id\":\"https:\\\/\\\/www.bellunopress.it\\\/2025\\\/01\\\/18\\\/ottantanni-fa-larmata-rossa-abbatte-i-cancelli-di-auschwitz-se-ne-e-parlato-oggi-allistituto-comprensivo-di-mel\\\/\"},\"author\":{\"name\":\"redazione\",\"@id\":\"https:\\\/\\\/www.bellunopress.it\\\/#\\\/schema\\\/person\\\/79bb06722b37ece1c03d3e94beb30d73\"},\"headline\":\"Ottant&#8217;anni fa l&#8217;Armata Rossa abbatte i cancelli di Auschwitz. Se ne \u00e8 parlato oggi all&#8217;Istituto comprensivo di Mel\",\"datePublished\":\"2025-01-18T15:48:36+00:00\",\"mainEntityOfPage\":{\"@id\":\"https:\\\/\\\/www.bellunopress.it\\\/2025\\\/01\\\/18\\\/ottantanni-fa-larmata-rossa-abbatte-i-cancelli-di-auschwitz-se-ne-e-parlato-oggi-allistituto-comprensivo-di-mel\\\/\"},\"wordCount\":642,\"publisher\":{\"@id\":\"https:\\\/\\\/www.bellunopress.it\\\/#organization\"},\"image\":{\"@id\":\"https:\\\/\\\/www.bellunopress.it\\\/2025\\\/01\\\/18\\\/ottantanni-fa-larmata-rossa-abbatte-i-cancelli-di-auschwitz-se-ne-e-parlato-oggi-allistituto-comprensivo-di-mel\\\/#primaryimage\"},\"thumbnailUrl\":\"https:\\\/\\\/www.bellunopress.it\\\/wp-content\\\/uploads\\\/2025\\\/01\\\/alcuni-ragazzi-terza-media-Mel_edited.jpg\",\"articleSection\":[\"Prima Pagina\",\"Scuola\"],\"inLanguage\":\"fr-FR\"},{\"@type\":\"WebPage\",\"@id\":\"https:\\\/\\\/www.bellunopress.it\\\/2025\\\/01\\\/18\\\/ottantanni-fa-larmata-rossa-abbatte-i-cancelli-di-auschwitz-se-ne-e-parlato-oggi-allistituto-comprensivo-di-mel\\\/\",\"url\":\"https:\\\/\\\/www.bellunopress.it\\\/2025\\\/01\\\/18\\\/ottantanni-fa-larmata-rossa-abbatte-i-cancelli-di-auschwitz-se-ne-e-parlato-oggi-allistituto-comprensivo-di-mel\\\/\",\"name\":\"Ottant'anni fa l'Armata Rossa abbatte i cancelli di Auschwitz. Se ne \u00e8 parlato oggi all'Istituto comprensivo di Mel - Bellunopress - Dolomiti\",\"isPartOf\":{\"@id\":\"https:\\\/\\\/www.bellunopress.it\\\/#website\"},\"primaryImageOfPage\":{\"@id\":\"https:\\\/\\\/www.bellunopress.it\\\/2025\\\/01\\\/18\\\/ottantanni-fa-larmata-rossa-abbatte-i-cancelli-di-auschwitz-se-ne-e-parlato-oggi-allistituto-comprensivo-di-mel\\\/#primaryimage\"},\"image\":{\"@id\":\"https:\\\/\\\/www.bellunopress.it\\\/2025\\\/01\\\/18\\\/ottantanni-fa-larmata-rossa-abbatte-i-cancelli-di-auschwitz-se-ne-e-parlato-oggi-allistituto-comprensivo-di-mel\\\/#primaryimage\"},\"thumbnailUrl\":\"https:\\\/\\\/www.bellunopress.it\\\/wp-content\\\/uploads\\\/2025\\\/01\\\/alcuni-ragazzi-terza-media-Mel_edited.jpg\",\"datePublished\":\"2025-01-18T15:48:36+00:00\",\"breadcrumb\":{\"@id\":\"https:\\\/\\\/www.bellunopress.it\\\/2025\\\/01\\\/18\\\/ottantanni-fa-larmata-rossa-abbatte-i-cancelli-di-auschwitz-se-ne-e-parlato-oggi-allistituto-comprensivo-di-mel\\\/#breadcrumb\"},\"inLanguage\":\"fr-FR\",\"potentialAction\":[{\"@type\":\"ReadAction\",\"target\":[\"https:\\\/\\\/www.bellunopress.it\\\/2025\\\/01\\\/18\\\/ottantanni-fa-larmata-rossa-abbatte-i-cancelli-di-auschwitz-se-ne-e-parlato-oggi-allistituto-comprensivo-di-mel\\\/\"]}]},{\"@type\":\"ImageObject\",\"inLanguage\":\"fr-FR\",\"@id\":\"https:\\\/\\\/www.bellunopress.it\\\/2025\\\/01\\\/18\\\/ottantanni-fa-larmata-rossa-abbatte-i-cancelli-di-auschwitz-se-ne-e-parlato-oggi-allistituto-comprensivo-di-mel\\\/#primaryimage\",\"url\":\"https:\\\/\\\/www.bellunopress.it\\\/wp-content\\\/uploads\\\/2025\\\/01\\\/alcuni-ragazzi-terza-media-Mel_edited.jpg\",\"contentUrl\":\"https:\\\/\\\/www.bellunopress.it\\\/wp-content\\\/uploads\\\/2025\\\/01\\\/alcuni-ragazzi-terza-media-Mel_edited.jpg\",\"width\":1000,\"height\":823,\"caption\":\"Studenti della 3a Media di Mel\"},{\"@type\":\"BreadcrumbList\",\"@id\":\"https:\\\/\\\/www.bellunopress.it\\\/2025\\\/01\\\/18\\\/ottantanni-fa-larmata-rossa-abbatte-i-cancelli-di-auschwitz-se-ne-e-parlato-oggi-allistituto-comprensivo-di-mel\\\/#breadcrumb\",\"itemListElement\":[{\"@type\":\"ListItem\",\"position\":1,\"name\":\"Home\",\"item\":\"https:\\\/\\\/www.bellunopress.it\\\/\"},{\"@type\":\"ListItem\",\"position\":2,\"name\":\"Ottant&#8217;anni fa l&#8217;Armata Rossa abbatte i cancelli di Auschwitz. Se ne \u00e8 parlato oggi all&#8217;Istituto comprensivo di Mel\"}]},{\"@type\":\"WebSite\",\"@id\":\"https:\\\/\\\/www.bellunopress.it\\\/#website\",\"url\":\"https:\\\/\\\/www.bellunopress.it\\\/\",\"name\":\"Bellunopress - Dolomiti\",\"description\":\"e-mail: redazione@bellunopress.it\",\"publisher\":{\"@id\":\"https:\\\/\\\/www.bellunopress.it\\\/#organization\"},\"potentialAction\":[{\"@type\":\"SearchAction\",\"target\":{\"@type\":\"EntryPoint\",\"urlTemplate\":\"https:\\\/\\\/www.bellunopress.it\\\/?s={search_term_string}\"},\"query-input\":{\"@type\":\"PropertyValueSpecification\",\"valueRequired\":true,\"valueName\":\"search_term_string\"}}],\"inLanguage\":\"fr-FR\"},{\"@type\":\"Organization\",\"@id\":\"https:\\\/\\\/www.bellunopress.it\\\/#organization\",\"name\":\"Bellunopress\",\"url\":\"https:\\\/\\\/www.bellunopress.it\\\/\",\"logo\":{\"@type\":\"ImageObject\",\"inLanguage\":\"fr-FR\",\"@id\":\"https:\\\/\\\/www.bellunopress.it\\\/#\\\/schema\\\/logo\\\/image\\\/\",\"url\":\"https:\\\/\\\/www.bellunopress.it\\\/wp-content\\\/uploads\\\/2011\\\/05\\\/cropped-logo-bellunopress-.jpg\",\"contentUrl\":\"https:\\\/\\\/www.bellunopress.it\\\/wp-content\\\/uploads\\\/2011\\\/05\\\/cropped-logo-bellunopress-.jpg\",\"width\":512,\"height\":512,\"caption\":\"Bellunopress\"},\"image\":{\"@id\":\"https:\\\/\\\/www.bellunopress.it\\\/#\\\/schema\\\/logo\\\/image\\\/\"},\"sameAs\":[\"https:\\\/\\\/www.facebook.com\\\/profile.php?id=100008943462799\",\"https:\\\/\\\/x.com\\\/bellunopress\",\"https:\\\/\\\/www.linkedin.com\\\/hp\\\/?dnr=JBzUWaJfMUw8vbXJJ2tVW5-I3jZKvC4wsoxE&amp;amp;amp;amp;amp;amp;trk=nav_responsive_tab_home\",\"https:\\\/\\\/www.youtube.com\\\/channel\\\/UCxL0wu1uN0_3_7hGG0306cw\"]},{\"@type\":\"Person\",\"@id\":\"https:\\\/\\\/www.bellunopress.it\\\/#\\\/schema\\\/person\\\/79bb06722b37ece1c03d3e94beb30d73\",\"name\":\"redazione\",\"image\":{\"@type\":\"ImageObject\",\"inLanguage\":\"fr-FR\",\"@id\":\"https:\\\/\\\/secure.gravatar.com\\\/avatar\\\/37d968a2e67a6fd04c169c4bdef102d0bc5d31b2546345219e348575eb80e9a0?s=96&d=mm&r=g\",\"url\":\"https:\\\/\\\/secure.gravatar.com\\\/avatar\\\/37d968a2e67a6fd04c169c4bdef102d0bc5d31b2546345219e348575eb80e9a0?s=96&d=mm&r=g\",\"contentUrl\":\"https:\\\/\\\/secure.gravatar.com\\\/avatar\\\/37d968a2e67a6fd04c169c4bdef102d0bc5d31b2546345219e348575eb80e9a0?s=96&d=mm&r=g\",\"caption\":\"redazione\"},\"sameAs\":[\"http:\\\/\\\/www.bellunopress.it\",\"https:\\\/\\\/x.com\\\/bellunopress\"],\"url\":\"https:\\\/\\\/www.bellunopress.it\\\/fr\\\/author\\\/redazione\\\/\"}]}<\/script>\n<!-- \/ Yoast SEO plugin. -->","yoast_head_json":{"title":"Ottant'anni fa l'Armata Rossa abbatte i cancelli di Auschwitz. Se ne \u00e8 parlato oggi all'Istituto comprensivo di Mel - Bellunopress - Dolomiti","robots":{"index":"index","follow":"follow","max-snippet":"max-snippet:-1","max-image-preview":"max-image-preview:large","max-video-preview":"max-video-preview:-1"},"canonical":"https:\/\/www.bellunopress.it\/fr\/2025\/01\/18\/ottantanni-fa-larmata-rossa-abbatte-i-cancelli-di-auschwitz-se-ne-e-parlato-oggi-allistituto-comprensivo-di-mel\/","og_locale":"fr_FR","og_type":"article","og_title":"Ottant'anni fa l'Armata Rossa abbatte i cancelli di Auschwitz. Se ne \u00e8 parlato oggi all'Istituto comprensivo di Mel - Bellunopress - Dolomiti","og_description":"Borgo Valbelluna, 18 gennaio 2024 &#8211; Questa mattina, alcuni docenti dell\u2019Istituto Comprensivo di Mel (BL), grazie alla collaborazione tra la sezione ANPI Sinistra Piave Bellunese ed il Comune di Borgo Valbelluna, hanno accompagnato gli studenti delle classi terze della Scuola Secondaria di Primo Grado ad un accattivante incontro, presso l\u2019ex chiesetta di San Pietro a [&hellip;]","og_url":"https:\/\/www.bellunopress.it\/fr\/2025\/01\/18\/ottantanni-fa-larmata-rossa-abbatte-i-cancelli-di-auschwitz-se-ne-e-parlato-oggi-allistituto-comprensivo-di-mel\/","og_site_name":"Bellunopress - Dolomiti","article_publisher":"https:\/\/www.facebook.com\/profile.php?id=100008943462799","article_published_time":"2025-01-18T15:48:36+00:00","og_image":[{"width":1000,"height":823,"url":"https:\/\/www.bellunopress.it\/wp-content\/uploads\/2025\/01\/alcuni-ragazzi-terza-media-Mel_edited.jpg","type":"image\/jpeg"}],"author":"redazione","twitter_card":"summary_large_image","twitter_creator":"@bellunopress","twitter_site":"@bellunopress","twitter_misc":{"\u00c9crit par":"redazione","Dur\u00e9e de lecture estim\u00e9e":"3 minutes"},"schema":{"@context":"https:\/\/schema.org","@graph":[{"@type":"Article","@id":"https:\/\/www.bellunopress.it\/2025\/01\/18\/ottantanni-fa-larmata-rossa-abbatte-i-cancelli-di-auschwitz-se-ne-e-parlato-oggi-allistituto-comprensivo-di-mel\/#article","isPartOf":{"@id":"https:\/\/www.bellunopress.it\/2025\/01\/18\/ottantanni-fa-larmata-rossa-abbatte-i-cancelli-di-auschwitz-se-ne-e-parlato-oggi-allistituto-comprensivo-di-mel\/"},"author":{"name":"redazione","@id":"https:\/\/www.bellunopress.it\/#\/schema\/person\/79bb06722b37ece1c03d3e94beb30d73"},"headline":"Ottant&#8217;anni fa l&#8217;Armata Rossa abbatte i cancelli di Auschwitz. Se ne \u00e8 parlato oggi all&#8217;Istituto comprensivo di Mel","datePublished":"2025-01-18T15:48:36+00:00","mainEntityOfPage":{"@id":"https:\/\/www.bellunopress.it\/2025\/01\/18\/ottantanni-fa-larmata-rossa-abbatte-i-cancelli-di-auschwitz-se-ne-e-parlato-oggi-allistituto-comprensivo-di-mel\/"},"wordCount":642,"publisher":{"@id":"https:\/\/www.bellunopress.it\/#organization"},"image":{"@id":"https:\/\/www.bellunopress.it\/2025\/01\/18\/ottantanni-fa-larmata-rossa-abbatte-i-cancelli-di-auschwitz-se-ne-e-parlato-oggi-allistituto-comprensivo-di-mel\/#primaryimage"},"thumbnailUrl":"https:\/\/www.bellunopress.it\/wp-content\/uploads\/2025\/01\/alcuni-ragazzi-terza-media-Mel_edited.jpg","articleSection":["Prima Pagina","Scuola"],"inLanguage":"fr-FR"},{"@type":"WebPage","@id":"https:\/\/www.bellunopress.it\/2025\/01\/18\/ottantanni-fa-larmata-rossa-abbatte-i-cancelli-di-auschwitz-se-ne-e-parlato-oggi-allistituto-comprensivo-di-mel\/","url":"https:\/\/www.bellunopress.it\/2025\/01\/18\/ottantanni-fa-larmata-rossa-abbatte-i-cancelli-di-auschwitz-se-ne-e-parlato-oggi-allistituto-comprensivo-di-mel\/","name":"Ottant'anni fa l'Armata Rossa abbatte i cancelli di Auschwitz. Se ne \u00e8 parlato oggi all'Istituto comprensivo di Mel - Bellunopress - Dolomiti","isPartOf":{"@id":"https:\/\/www.bellunopress.it\/#website"},"primaryImageOfPage":{"@id":"https:\/\/www.bellunopress.it\/2025\/01\/18\/ottantanni-fa-larmata-rossa-abbatte-i-cancelli-di-auschwitz-se-ne-e-parlato-oggi-allistituto-comprensivo-di-mel\/#primaryimage"},"image":{"@id":"https:\/\/www.bellunopress.it\/2025\/01\/18\/ottantanni-fa-larmata-rossa-abbatte-i-cancelli-di-auschwitz-se-ne-e-parlato-oggi-allistituto-comprensivo-di-mel\/#primaryimage"},"thumbnailUrl":"https:\/\/www.bellunopress.it\/wp-content\/uploads\/2025\/01\/alcuni-ragazzi-terza-media-Mel_edited.jpg","datePublished":"2025-01-18T15:48:36+00:00","breadcrumb":{"@id":"https:\/\/www.bellunopress.it\/2025\/01\/18\/ottantanni-fa-larmata-rossa-abbatte-i-cancelli-di-auschwitz-se-ne-e-parlato-oggi-allistituto-comprensivo-di-mel\/#breadcrumb"},"inLanguage":"fr-FR","potentialAction":[{"@type":"ReadAction","target":["https:\/\/www.bellunopress.it\/2025\/01\/18\/ottantanni-fa-larmata-rossa-abbatte-i-cancelli-di-auschwitz-se-ne-e-parlato-oggi-allistituto-comprensivo-di-mel\/"]}]},{"@type":"ImageObject","inLanguage":"fr-FR","@id":"https:\/\/www.bellunopress.it\/2025\/01\/18\/ottantanni-fa-larmata-rossa-abbatte-i-cancelli-di-auschwitz-se-ne-e-parlato-oggi-allistituto-comprensivo-di-mel\/#primaryimage","url":"https:\/\/www.bellunopress.it\/wp-content\/uploads\/2025\/01\/alcuni-ragazzi-terza-media-Mel_edited.jpg","contentUrl":"https:\/\/www.bellunopress.it\/wp-content\/uploads\/2025\/01\/alcuni-ragazzi-terza-media-Mel_edited.jpg","width":1000,"height":823,"caption":"Studenti della 3a Media di Mel"},{"@type":"BreadcrumbList","@id":"https:\/\/www.bellunopress.it\/2025\/01\/18\/ottantanni-fa-larmata-rossa-abbatte-i-cancelli-di-auschwitz-se-ne-e-parlato-oggi-allistituto-comprensivo-di-mel\/#breadcrumb","itemListElement":[{"@type":"ListItem","position":1,"name":"Home","item":"https:\/\/www.bellunopress.it\/"},{"@type":"ListItem","position":2,"name":"Ottant&#8217;anni fa l&#8217;Armata Rossa abbatte i cancelli di Auschwitz. Se ne \u00e8 parlato oggi all&#8217;Istituto comprensivo di Mel"}]},{"@type":"WebSite","@id":"https:\/\/www.bellunopress.it\/#website","url":"https:\/\/www.bellunopress.it\/","name":"Bellunopress - Dolomiti","description":"e-mail: redazione@bellunopress.it","publisher":{"@id":"https:\/\/www.bellunopress.it\/#organization"},"potentialAction":[{"@type":"SearchAction","target":{"@type":"EntryPoint","urlTemplate":"https:\/\/www.bellunopress.it\/?s={search_term_string}"},"query-input":{"@type":"PropertyValueSpecification","valueRequired":true,"valueName":"search_term_string"}}],"inLanguage":"fr-FR"},{"@type":"Organization","@id":"https:\/\/www.bellunopress.it\/#organization","name":"Bellunopress","url":"https:\/\/www.bellunopress.it\/","logo":{"@type":"ImageObject","inLanguage":"fr-FR","@id":"https:\/\/www.bellunopress.it\/#\/schema\/logo\/image\/","url":"https:\/\/www.bellunopress.it\/wp-content\/uploads\/2011\/05\/cropped-logo-bellunopress-.jpg","contentUrl":"https:\/\/www.bellunopress.it\/wp-content\/uploads\/2011\/05\/cropped-logo-bellunopress-.jpg","width":512,"height":512,"caption":"Bellunopress"},"image":{"@id":"https:\/\/www.bellunopress.it\/#\/schema\/logo\/image\/"},"sameAs":["https:\/\/www.facebook.com\/profile.php?id=100008943462799","https:\/\/x.com\/bellunopress","https:\/\/www.linkedin.com\/hp\/?dnr=JBzUWaJfMUw8vbXJJ2tVW5-I3jZKvC4wsoxE&amp;amp;amp;amp;amp;amp;trk=nav_responsive_tab_home","https:\/\/www.youtube.com\/channel\/UCxL0wu1uN0_3_7hGG0306cw"]},{"@type":"Person","@id":"https:\/\/www.bellunopress.it\/#\/schema\/person\/79bb06722b37ece1c03d3e94beb30d73","name":"r\u00e9daction","image":{"@type":"ImageObject","inLanguage":"fr-FR","@id":"https:\/\/secure.gravatar.com\/avatar\/37d968a2e67a6fd04c169c4bdef102d0bc5d31b2546345219e348575eb80e9a0?s=96&d=mm&r=g","url":"https:\/\/secure.gravatar.com\/avatar\/37d968a2e67a6fd04c169c4bdef102d0bc5d31b2546345219e348575eb80e9a0?s=96&d=mm&r=g","contentUrl":"https:\/\/secure.gravatar.com\/avatar\/37d968a2e67a6fd04c169c4bdef102d0bc5d31b2546345219e348575eb80e9a0?s=96&d=mm&r=g","caption":"redazione"},"sameAs":["http:\/\/www.bellunopress.it","https:\/\/x.com\/bellunopress"],"url":"https:\/\/www.bellunopress.it\/fr\/author\/redazione\/"}]}},"_links":{"self":[{"href":"https:\/\/www.bellunopress.it\/fr\/wp-json\/wp\/v2\/posts\/157212","targetHints":{"allow":["GET"]}}],"collection":[{"href":"https:\/\/www.bellunopress.it\/fr\/wp-json\/wp\/v2\/posts"}],"about":[{"href":"https:\/\/www.bellunopress.it\/fr\/wp-json\/wp\/v2\/types\/post"}],"author":[{"embeddable":true,"href":"https:\/\/www.bellunopress.it\/fr\/wp-json\/wp\/v2\/users\/2"}],"replies":[{"embeddable":true,"href":"https:\/\/www.bellunopress.it\/fr\/wp-json\/wp\/v2\/comments?post=157212"}],"version-history":[{"count":1,"href":"https:\/\/www.bellunopress.it\/fr\/wp-json\/wp\/v2\/posts\/157212\/revisions"}],"predecessor-version":[{"id":157214,"href":"https:\/\/www.bellunopress.it\/fr\/wp-json\/wp\/v2\/posts\/157212\/revisions\/157214"}],"wp:featuredmedia":[{"embeddable":true,"href":"https:\/\/www.bellunopress.it\/fr\/wp-json\/wp\/v2\/media\/157213"}],"wp:attachment":[{"href":"https:\/\/www.bellunopress.it\/fr\/wp-json\/wp\/v2\/media?parent=157212"}],"wp:term":[{"taxonomy":"category","embeddable":true,"href":"https:\/\/www.bellunopress.it\/fr\/wp-json\/wp\/v2\/categories?post=157212"},{"taxonomy":"post_tag","embeddable":true,"href":"https:\/\/www.bellunopress.it\/fr\/wp-json\/wp\/v2\/tags?post=157212"}],"curies":[{"name":"wp","href":"https:\/\/api.w.org\/{rel}","templated":true}]}}