{"id":157208,"date":"2025-01-18T14:52:15","date_gmt":"2025-01-18T13:52:15","guid":{"rendered":"https:\/\/www.bellunopress.it\/?p=157208"},"modified":"2025-01-18T14:52:15","modified_gmt":"2025-01-18T13:52:15","slug":"giuseppe-zandegiacomo-eletto-alla-presidenza-del-soccorso-alpino-e-speleologico-veneto","status":"publish","type":"post","link":"https:\/\/www.bellunopress.it\/fr\/2025\/01\/18\/giuseppe-zandegiacomo-eletto-alla-presidenza-del-soccorso-alpino-e-speleologico-veneto\/","title":{"rendered":"Giuseppe Zandegiacomo eletto alla presidenza del Soccorso Alpino e Speleologico Veneto"},"content":{"rendered":"<figure id=\"attachment_157209\" aria-describedby=\"caption-attachment-157209\" style=\"width: 1000px\" class=\"wp-caption aligncenter\"><img loading=\"lazy\" decoding=\"async\" class=\"size-full wp-image-157209\" src=\"https:\/\/www.bellunopress.it\/wp-content\/uploads\/2025\/01\/Zandegiacomo-Barbirato_edited.jpg\" alt=\"\" width=\"1000\" height=\"742\" srcset=\"https:\/\/www.bellunopress.it\/wp-content\/uploads\/2025\/01\/Zandegiacomo-Barbirato_edited.jpg 1000w, https:\/\/www.bellunopress.it\/wp-content\/uploads\/2025\/01\/Zandegiacomo-Barbirato_edited-500x371.jpg 500w, https:\/\/www.bellunopress.it\/wp-content\/uploads\/2025\/01\/Zandegiacomo-Barbirato_edited-566x420.jpg 566w, https:\/\/www.bellunopress.it\/wp-content\/uploads\/2025\/01\/Zandegiacomo-Barbirato_edited-80x60.jpg 80w, https:\/\/www.bellunopress.it\/wp-content\/uploads\/2025\/01\/Zandegiacomo-Barbirato_edited-485x360.jpg 485w, https:\/\/www.bellunopress.it\/wp-content\/uploads\/2025\/01\/Zandegiacomo-Barbirato_edited-696x516.jpg 696w\" sizes=\"auto, (max-width: 1000px) 100vw, 1000px\" \/><figcaption id=\"caption-attachment-157209\" class=\"wp-caption-text\">Il presidente Giuseppe Zandegiacomo con il suo vice Alberto Barbirato<\/figcaption><\/figure>\n<p>Pedavena (BL), 18-01-25\u00a0 \u00a0&#8211;\u00a0 \u00a0Cambio ai vertici del Soccorso alpino e speleologico Veneto: questa mattina \u00e8 stato nominato presidente Giuseppe Zandegiacomo, suo vice Alberto Barbirato.<\/p>\n<p>Sar\u00e0 Giuseppe &#8216;Sampogna&#8217; Zandegiacomo, appartenente al Soccorso alpino di Auronzo di Cadore, a condurre il servizio regionale per il triennio 2025-2027, affiancato da Alberto Barbirato del Soccorso alpino di Padova. Gi\u00e0 a capo della sua Stazione, il 62enne Zandegiacomo ha ricevuto oggi nel corso dall&#8217;assemblea regionale dei capi e vice capistazione il testimone dal presidente uscente, Rodolfo Selenati, del Soccorso alpino di Feltre, al termine di 13 intensi anni di attivit\u00e0.<\/p>\n<p>&#8220;Ringrazio i capi e vice capistazione per la loro fiducia, questo mi d\u00e0, se necessario, ancora pi\u00f9 motivazione per affrontare questo percorso impegnativo. Conto sulla collaborazione, sulla condivisione, sul rispetto reciproco e dei ruoli, sulla forza di gruppo e su quanto ciascuno di noi potr\u00e0 portare. Auguro buon lavoro a tutti noi&#8221;.<\/p>\n<p>Alberto Barbirato, 45 anni, appena concluso il suo impegno da delegato della XI Zona Prealpi Venete, \u00e8 stato eletto vicepresidente al posto di Giovanni Busato, del Soccorso alpino di Arsiero.<\/p>\n<p>Il consiglio direttivo entrante e quello uscente, con i delegati e vicedelegati delle tre Zone, II Dolomiti Bellunesi, XI Prealpi Venete e VI speleologica, hanno tributato il proprio sincero ringraziamento alla presidenza Selenati-Busato.<\/p>\n<p>Le elezioni sono state inoltre l&#8217;occasione per il conferimento del riconoscimento di &#8220;soccorritore benemerito&#8221; a due storici volontari del Soccorso alpino di Longarone al termine del loro percorso all&#8217;interno dell&#8217;Associazione, dettato, per statuto, al compimento dell&#8217;et\u00e0 di 75 anni. Giacomo Cesca, a capo della Stazione di Longarone e gi\u00e0 vice delegato, e Palmiro Burigo, importantissima figura per l&#8217;intera delegazione Dolomiti Bellunesi, responsabile dagli esordi del Centro mobile di coordinamento impegnato soprattutto nella ricerca dei dispersi, hanno ricevuto il lungo applauso di gratitudine dall&#8217;intera assemblea, in piedi al loro passaggio.<\/p>\n<p>&nbsp;<\/p>\n<p><strong>Le parole del presidente Selenati e del vicepresidente Busato in chiusura di mandato<\/strong><\/p>\n<p>&#8220;A conclusione di questi tredici anni di comune Presidenza siamo orgogliosi di consegnare ai prossimi dirigenti una moderna struttura di Soccorso Alpino, con bilanci assolutamente positivi, funzionante e performante. La nostra esperienza nel 2011 \u00e8 iniziata tra i mille dubbi di chi si trova investito da una cascata di adempimenti, scadenze, decisioni, sconvolta subito, nell&#8217;agosto dello stesso anno, dalla tragedia del Pelmo dove persero la vita due nostri soccorritori, Alberto e Aldo, incidente che ha segnato profondamente il nostro approccio personale con quella che, smessa la veste di Associazione, diventer\u00e0 la nostra seconda famiglia. Siamo partiti nel 2011 con un&#8217;organizzazione perfettamente funzionante ma profondamente divisa nelle sue tre realt\u00e0: due geografiche, 2^ e 11^ Delegazione alpine e una Speleo, 6^Delegazione.<\/p>\n<p>Questa divisione amministrativa ma anche formativa e funzionale \u00e8 apparsa da subito evidente quale freno a una crescita veloce e comune a livello regionale. L&#8217;idea di una visione regionale di soccorso alpino \u00e8 stata uno dei fili conduttori dell&#8217;opera di questa presidenza, pur nelle difficolt\u00e0 dei mille campanilismi. E&#8217; apparsa anche come una sfida che i futuri dirigenti dovranno sostenere per evitare di tornare ad una provincialit\u00e0 campanilistica fuori dal tempo, che non pu\u00f2 che riportare indietro le lancette dell&#8217;orologio del nostro sodalizio. Riepilogare in poche righe tredici anni di lavoro \u00e8 impresa quasi impossibile. In questi anni abbiamo incrociato dei cambiamenti storici: l&#8217;applicazione delle norme sulla sicurezza sul lavoro previste dal dlgs 81 del 2008 che ha coinvolto anche la nostra associazione di volontariato, portando a dover certificare tutta la filiera delle attivit\u00e0 operative, addestrative e formative dei nostri Soccorritori, dalla formazione, alle visite mediche, alle attrezzature individuali e di squadra. E&#8217; stato un passaggio epocale da molti punti di vista: formativo , economico e soprattutto culturale; un salto di qualit\u00e0 enorme, peraltro necessario per essere riconosciuti dalla legge regionale quale riferimento esclusivo dei vari 118 territoriali per il soccorso in montagna. Contemporaneamente si sono intensificati i rapporti con Regione e UlSS locali, proprio in virt\u00f9 di quella &#8220;regionalit\u00e0&#8221; individuata dall&#8217;esterno in un unico interlocutore; \u00e8 stata una collaborazione fatta di successive convenzioni progressivamente finanziate, che hanno portato a raddoppiare il bilancio della struttura regionale. Si \u00e8 raggiunto un legame sempre pi\u00f9 stretto con la Regione ben testimoniato dalla vicenda legata all&#8217; acquisizione della nuova sede sita presso l&#8217;aereoporto di Belluno: venduta la vecchia sede, peraltro acquistata nel corso della nostra presidenza, abbiamo comperato, con il concorso sempre della Regione, lo stabile del gestore del servizio di elisoccorso dotandoci cos\u00ec di una sede funzionale per il soccorso e connessa al servizio sanitario regionale avendo tale stabile la possibilit\u00e0 di &#8220;angherare&#8221; ben due elicotteri. Da non dimenticare gli anni del Covid, quando alla gi\u00e0 difficile gestione familiare della pandemia dovemmo far spazio alla gestione di una struttura che comunque doveva garantire un servizio e che, paradossalmente, dovette far fronte ai maggiori numeri di soccorsi mai raggiunti prima nonostante la totale chiusura! Va dato atto della fondamentale collaborazione della Scuola medica regionale che, nelle prime fasi di concitata confusione e nei periodi successivi, ha contribuito ad elaborare e ad aggiornare un protocollo di procedure e DPI che hanno permesso a questo servizio, pur tra mille difficolt\u00e0, di portare sempre a termine il proprio compito. Abbiamo incrociato la grande riforma del Terzo Settore con tutti i suoi adempimenti a partire dalla modifica dello Statuto per adeguarlo alle modifiche fatte a livello nazionale ma, soprattutto di adeguamento alla normativa relativa al Terzo Settore; \u00e8 stato un lavoro certosino poco visibile e burocratico ma che permette ora al Soccorso alpino e speleologico Veneto di operare legittimamente ovvero all&#8217;interno di un quadro normativo ben definito potendo godere dei contributi regionali ormai irrinunciabili per mantenere il livello di eccellenza attuale. In questi tredici anni si sono consolidati i rapporti anche con gli altri attori del mondo del soccorso (Prefetture, Guardia di Finanza, Vigili del Fuoco, Comando di Brigata Alpina Julia, forze di Polizia, Protezione civile ed ARPAV) ottenendo un&#8217;importante opera di mediazione per arrivare alla redazione dei diversi protocolli regionali e provinciali, evidenziando cos\u00ec le competenze del Soccorso alpino, in ambiente ostile e impervio, senza per\u00f2 perdere di vista il &#8220;peso&#8221; delle varie forze in campo, evitando cos\u00ec inutili quanto puerili contrasti o prese di posizione estreme. In questo modo i rapporti con le istituzioni sono nettamente migliorati sia sul piano del reciproco rispetto e considerazione che sul riconoscimento delle reciproche funzioni. Siamo convinti che il Soccorso alpino e speleologico Veneto debba rimanere prevalentemente un&#8217;associazione di volontari che prestano il loro servizio gratuitamente quale condizione &#8220;sine qua non&#8221; per sopravvivere senza perdere la propria storica vocazione, soprattutto in questi tempi di competitori anche istituzionali e di pericolose spinte anche al nostro interno, per arrivare ad una sorta di professionismo. Le eccezioni devono confermare la regola e noi siamo orgogliosi del nostro operato, grati ai nostri soccorritori e alle loro famiglie, ai Delegati, ai Capistazione e Vice, ai Direttori delle Scuole e a tutti gli Istruttori, per averci dato la fiducia di guidare, assieme a tutti i membri dei Consigli succedutesi nel tempo, questa associazione unica e irripetibile. Ed infine, un nostro particolare ringraziamento va al Presidente della Regione Luca\u00a0Zaia, agli assessori della Sanit\u00e0 Manuela Lanzarin, della Protezione Civile Gianpaolo Bottacin ed al Direttore del Dipartimento Regionale SUEM-118 Paolo Rosi&#8221;.<\/p>\n<p>&nbsp;<\/p>","protected":false},"excerpt":{"rendered":"<p>Pedavena (BL), 18-01-25\u00a0 \u00a0&#8211;\u00a0 \u00a0Cambio ai vertici del Soccorso alpino e speleologico Veneto: questa mattina \u00e8 stato nominato presidente Giuseppe Zandegiacomo, suo vice Alberto Barbirato. Sar\u00e0 Giuseppe &#8216;Sampogna&#8217; Zandegiacomo, appartenente al Soccorso alpino di Auronzo di Cadore, a condurre il servizio regionale per il triennio 2025-2027, affiancato da Alberto Barbirato del Soccorso alpino di Padova. [&hellip;]<\/p>\n","protected":false},"author":2,"featured_media":157210,"comment_status":"closed","ping_status":"open","sticky":false,"template":"","format":"standard","meta":{"footnotes":""},"categories":[26,8],"tags":[],"class_list":["post-157208","post","type-post","status-publish","format-standard","has-post-thumbnail","category-prima-pagina","category-societa-istituzioni"],"yoast_head":"<!-- This site is optimized with the Yoast SEO plugin v28.4 - https:\/\/yoast.com\/product\/yoast-seo-wordpress\/ -->\n<title>Giuseppe Zandegiacomo eletto alla presidenza del Soccorso Alpino e Speleologico Veneto - Bellunopress - Dolomiti<\/title>\n<meta name=\"robots\" content=\"index, follow, max-snippet:-1, max-image-preview:large, max-video-preview:-1\" \/>\n<link rel=\"canonical\" href=\"https:\/\/www.bellunopress.it\/fr\/2025\/01\/18\/giuseppe-zandegiacomo-eletto-alla-presidenza-del-soccorso-alpino-e-speleologico-veneto\/\" \/>\n<meta property=\"og:locale\" content=\"fr_FR\" \/>\n<meta property=\"og:type\" content=\"article\" \/>\n<meta property=\"og:title\" content=\"Giuseppe Zandegiacomo eletto alla presidenza del Soccorso Alpino e Speleologico Veneto - Bellunopress - Dolomiti\" \/>\n<meta property=\"og:description\" content=\"Pedavena (BL), 18-01-25\u00a0 \u00a0&#8211;\u00a0 \u00a0Cambio ai vertici del Soccorso alpino e speleologico Veneto: questa mattina \u00e8 stato nominato presidente Giuseppe Zandegiacomo, suo vice Alberto Barbirato. Sar\u00e0 Giuseppe &#8216;Sampogna&#8217; Zandegiacomo, appartenente al Soccorso alpino di Auronzo di Cadore, a condurre il servizio regionale per il triennio 2025-2027, affiancato da Alberto Barbirato del Soccorso alpino di Padova. [&hellip;]\" \/>\n<meta property=\"og:url\" content=\"https:\/\/www.bellunopress.it\/fr\/2025\/01\/18\/giuseppe-zandegiacomo-eletto-alla-presidenza-del-soccorso-alpino-e-speleologico-veneto\/\" \/>\n<meta property=\"og:site_name\" content=\"Bellunopress - Dolomiti\" \/>\n<meta property=\"article:publisher\" content=\"https:\/\/www.facebook.com\/profile.php?id=100008943462799\" \/>\n<meta property=\"article:published_time\" content=\"2025-01-18T13:52:15+00:00\" \/>\n<meta property=\"og:image\" content=\"https:\/\/www.bellunopress.it\/wp-content\/uploads\/2025\/01\/Zandegiacomo-.jpg\" \/>\n\t<meta property=\"og:image:width\" content=\"715\" \/>\n\t<meta property=\"og:image:height\" content=\"990\" \/>\n\t<meta property=\"og:image:type\" content=\"image\/jpeg\" \/>\n<meta name=\"author\" content=\"redazione\" \/>\n<meta name=\"twitter:card\" content=\"summary_large_image\" \/>\n<meta name=\"twitter:creator\" content=\"@bellunopress\" \/>\n<meta name=\"twitter:site\" content=\"@bellunopress\" \/>\n<meta name=\"twitter:label1\" content=\"\u00c9crit par\" \/>\n\t<meta name=\"twitter:data1\" content=\"redazione\" \/>\n\t<meta name=\"twitter:label2\" content=\"Dur\u00e9e de lecture estim\u00e9e\" \/>\n\t<meta name=\"twitter:data2\" content=\"6 minutes\" \/>\n<script type=\"application\/ld+json\" class=\"yoast-schema-graph\">{\"@context\":\"https:\\\/\\\/schema.org\",\"@graph\":[{\"@type\":\"Article\",\"@id\":\"https:\\\/\\\/www.bellunopress.it\\\/2025\\\/01\\\/18\\\/giuseppe-zandegiacomo-eletto-alla-presidenza-del-soccorso-alpino-e-speleologico-veneto\\\/#article\",\"isPartOf\":{\"@id\":\"https:\\\/\\\/www.bellunopress.it\\\/2025\\\/01\\\/18\\\/giuseppe-zandegiacomo-eletto-alla-presidenza-del-soccorso-alpino-e-speleologico-veneto\\\/\"},\"author\":{\"name\":\"redazione\",\"@id\":\"https:\\\/\\\/www.bellunopress.it\\\/#\\\/schema\\\/person\\\/79bb06722b37ece1c03d3e94beb30d73\"},\"headline\":\"Giuseppe Zandegiacomo eletto alla presidenza del Soccorso Alpino e Speleologico Veneto\",\"datePublished\":\"2025-01-18T13:52:15+00:00\",\"mainEntityOfPage\":{\"@id\":\"https:\\\/\\\/www.bellunopress.it\\\/2025\\\/01\\\/18\\\/giuseppe-zandegiacomo-eletto-alla-presidenza-del-soccorso-alpino-e-speleologico-veneto\\\/\"},\"wordCount\":1216,\"publisher\":{\"@id\":\"https:\\\/\\\/www.bellunopress.it\\\/#organization\"},\"image\":{\"@id\":\"https:\\\/\\\/www.bellunopress.it\\\/2025\\\/01\\\/18\\\/giuseppe-zandegiacomo-eletto-alla-presidenza-del-soccorso-alpino-e-speleologico-veneto\\\/#primaryimage\"},\"thumbnailUrl\":\"https:\\\/\\\/www.bellunopress.it\\\/wp-content\\\/uploads\\\/2025\\\/01\\\/Zandegiacomo-.jpg\",\"articleSection\":[\"Prima Pagina\",\"Societ\u00e0, Associazioni, Istituzioni\"],\"inLanguage\":\"fr-FR\"},{\"@type\":\"WebPage\",\"@id\":\"https:\\\/\\\/www.bellunopress.it\\\/2025\\\/01\\\/18\\\/giuseppe-zandegiacomo-eletto-alla-presidenza-del-soccorso-alpino-e-speleologico-veneto\\\/\",\"url\":\"https:\\\/\\\/www.bellunopress.it\\\/2025\\\/01\\\/18\\\/giuseppe-zandegiacomo-eletto-alla-presidenza-del-soccorso-alpino-e-speleologico-veneto\\\/\",\"name\":\"Giuseppe Zandegiacomo eletto alla presidenza del Soccorso Alpino e Speleologico Veneto - Bellunopress - Dolomiti\",\"isPartOf\":{\"@id\":\"https:\\\/\\\/www.bellunopress.it\\\/#website\"},\"primaryImageOfPage\":{\"@id\":\"https:\\\/\\\/www.bellunopress.it\\\/2025\\\/01\\\/18\\\/giuseppe-zandegiacomo-eletto-alla-presidenza-del-soccorso-alpino-e-speleologico-veneto\\\/#primaryimage\"},\"image\":{\"@id\":\"https:\\\/\\\/www.bellunopress.it\\\/2025\\\/01\\\/18\\\/giuseppe-zandegiacomo-eletto-alla-presidenza-del-soccorso-alpino-e-speleologico-veneto\\\/#primaryimage\"},\"thumbnailUrl\":\"https:\\\/\\\/www.bellunopress.it\\\/wp-content\\\/uploads\\\/2025\\\/01\\\/Zandegiacomo-.jpg\",\"datePublished\":\"2025-01-18T13:52:15+00:00\",\"breadcrumb\":{\"@id\":\"https:\\\/\\\/www.bellunopress.it\\\/2025\\\/01\\\/18\\\/giuseppe-zandegiacomo-eletto-alla-presidenza-del-soccorso-alpino-e-speleologico-veneto\\\/#breadcrumb\"},\"inLanguage\":\"fr-FR\",\"potentialAction\":[{\"@type\":\"ReadAction\",\"target\":[\"https:\\\/\\\/www.bellunopress.it\\\/2025\\\/01\\\/18\\\/giuseppe-zandegiacomo-eletto-alla-presidenza-del-soccorso-alpino-e-speleologico-veneto\\\/\"]}]},{\"@type\":\"ImageObject\",\"inLanguage\":\"fr-FR\",\"@id\":\"https:\\\/\\\/www.bellunopress.it\\\/2025\\\/01\\\/18\\\/giuseppe-zandegiacomo-eletto-alla-presidenza-del-soccorso-alpino-e-speleologico-veneto\\\/#primaryimage\",\"url\":\"https:\\\/\\\/www.bellunopress.it\\\/wp-content\\\/uploads\\\/2025\\\/01\\\/Zandegiacomo-.jpg\",\"contentUrl\":\"https:\\\/\\\/www.bellunopress.it\\\/wp-content\\\/uploads\\\/2025\\\/01\\\/Zandegiacomo-.jpg\",\"width\":715,\"height\":990,\"caption\":\"Giuseppe Zandegiacomo, presidente Soccorso alpino veneto\"},{\"@type\":\"BreadcrumbList\",\"@id\":\"https:\\\/\\\/www.bellunopress.it\\\/2025\\\/01\\\/18\\\/giuseppe-zandegiacomo-eletto-alla-presidenza-del-soccorso-alpino-e-speleologico-veneto\\\/#breadcrumb\",\"itemListElement\":[{\"@type\":\"ListItem\",\"position\":1,\"name\":\"Home\",\"item\":\"https:\\\/\\\/www.bellunopress.it\\\/\"},{\"@type\":\"ListItem\",\"position\":2,\"name\":\"Giuseppe Zandegiacomo eletto alla presidenza del Soccorso Alpino e Speleologico Veneto\"}]},{\"@type\":\"WebSite\",\"@id\":\"https:\\\/\\\/www.bellunopress.it\\\/#website\",\"url\":\"https:\\\/\\\/www.bellunopress.it\\\/\",\"name\":\"Bellunopress - Dolomiti\",\"description\":\"e-mail: redazione@bellunopress.it\",\"publisher\":{\"@id\":\"https:\\\/\\\/www.bellunopress.it\\\/#organization\"},\"potentialAction\":[{\"@type\":\"SearchAction\",\"target\":{\"@type\":\"EntryPoint\",\"urlTemplate\":\"https:\\\/\\\/www.bellunopress.it\\\/?s={search_term_string}\"},\"query-input\":{\"@type\":\"PropertyValueSpecification\",\"valueRequired\":true,\"valueName\":\"search_term_string\"}}],\"inLanguage\":\"fr-FR\"},{\"@type\":\"Organization\",\"@id\":\"https:\\\/\\\/www.bellunopress.it\\\/#organization\",\"name\":\"Bellunopress\",\"url\":\"https:\\\/\\\/www.bellunopress.it\\\/\",\"logo\":{\"@type\":\"ImageObject\",\"inLanguage\":\"fr-FR\",\"@id\":\"https:\\\/\\\/www.bellunopress.it\\\/#\\\/schema\\\/logo\\\/image\\\/\",\"url\":\"https:\\\/\\\/www.bellunopress.it\\\/wp-content\\\/uploads\\\/2011\\\/05\\\/cropped-logo-bellunopress-.jpg\",\"contentUrl\":\"https:\\\/\\\/www.bellunopress.it\\\/wp-content\\\/uploads\\\/2011\\\/05\\\/cropped-logo-bellunopress-.jpg\",\"width\":512,\"height\":512,\"caption\":\"Bellunopress\"},\"image\":{\"@id\":\"https:\\\/\\\/www.bellunopress.it\\\/#\\\/schema\\\/logo\\\/image\\\/\"},\"sameAs\":[\"https:\\\/\\\/www.facebook.com\\\/profile.php?id=100008943462799\",\"https:\\\/\\\/x.com\\\/bellunopress\",\"https:\\\/\\\/www.linkedin.com\\\/hp\\\/?dnr=JBzUWaJfMUw8vbXJJ2tVW5-I3jZKvC4wsoxE&amp;amp;amp;amp;amp;amp;trk=nav_responsive_tab_home\",\"https:\\\/\\\/www.youtube.com\\\/channel\\\/UCxL0wu1uN0_3_7hGG0306cw\"]},{\"@type\":\"Person\",\"@id\":\"https:\\\/\\\/www.bellunopress.it\\\/#\\\/schema\\\/person\\\/79bb06722b37ece1c03d3e94beb30d73\",\"name\":\"redazione\",\"image\":{\"@type\":\"ImageObject\",\"inLanguage\":\"fr-FR\",\"@id\":\"https:\\\/\\\/secure.gravatar.com\\\/avatar\\\/37d968a2e67a6fd04c169c4bdef102d0bc5d31b2546345219e348575eb80e9a0?s=96&d=mm&r=g\",\"url\":\"https:\\\/\\\/secure.gravatar.com\\\/avatar\\\/37d968a2e67a6fd04c169c4bdef102d0bc5d31b2546345219e348575eb80e9a0?s=96&d=mm&r=g\",\"contentUrl\":\"https:\\\/\\\/secure.gravatar.com\\\/avatar\\\/37d968a2e67a6fd04c169c4bdef102d0bc5d31b2546345219e348575eb80e9a0?s=96&d=mm&r=g\",\"caption\":\"redazione\"},\"sameAs\":[\"http:\\\/\\\/www.bellunopress.it\",\"https:\\\/\\\/x.com\\\/bellunopress\"],\"url\":\"https:\\\/\\\/www.bellunopress.it\\\/fr\\\/author\\\/redazione\\\/\"}]}<\/script>\n<!-- \/ Yoast SEO plugin. -->","yoast_head_json":{"title":"Giuseppe Zandegiacomo eletto alla presidenza del Soccorso Alpino e Speleologico Veneto - Bellunopress - Dolomiti","robots":{"index":"index","follow":"follow","max-snippet":"max-snippet:-1","max-image-preview":"max-image-preview:large","max-video-preview":"max-video-preview:-1"},"canonical":"https:\/\/www.bellunopress.it\/fr\/2025\/01\/18\/giuseppe-zandegiacomo-eletto-alla-presidenza-del-soccorso-alpino-e-speleologico-veneto\/","og_locale":"fr_FR","og_type":"article","og_title":"Giuseppe Zandegiacomo eletto alla presidenza del Soccorso Alpino e Speleologico Veneto - Bellunopress - Dolomiti","og_description":"Pedavena (BL), 18-01-25\u00a0 \u00a0&#8211;\u00a0 \u00a0Cambio ai vertici del Soccorso alpino e speleologico Veneto: questa mattina \u00e8 stato nominato presidente Giuseppe Zandegiacomo, suo vice Alberto Barbirato. Sar\u00e0 Giuseppe &#8216;Sampogna&#8217; Zandegiacomo, appartenente al Soccorso alpino di Auronzo di Cadore, a condurre il servizio regionale per il triennio 2025-2027, affiancato da Alberto Barbirato del Soccorso alpino di Padova. [&hellip;]","og_url":"https:\/\/www.bellunopress.it\/fr\/2025\/01\/18\/giuseppe-zandegiacomo-eletto-alla-presidenza-del-soccorso-alpino-e-speleologico-veneto\/","og_site_name":"Bellunopress - Dolomiti","article_publisher":"https:\/\/www.facebook.com\/profile.php?id=100008943462799","article_published_time":"2025-01-18T13:52:15+00:00","og_image":[{"width":715,"height":990,"url":"https:\/\/www.bellunopress.it\/wp-content\/uploads\/2025\/01\/Zandegiacomo-.jpg","type":"image\/jpeg"}],"author":"redazione","twitter_card":"summary_large_image","twitter_creator":"@bellunopress","twitter_site":"@bellunopress","twitter_misc":{"\u00c9crit par":"redazione","Dur\u00e9e de lecture estim\u00e9e":"6 minutes"},"schema":{"@context":"https:\/\/schema.org","@graph":[{"@type":"Article","@id":"https:\/\/www.bellunopress.it\/2025\/01\/18\/giuseppe-zandegiacomo-eletto-alla-presidenza-del-soccorso-alpino-e-speleologico-veneto\/#article","isPartOf":{"@id":"https:\/\/www.bellunopress.it\/2025\/01\/18\/giuseppe-zandegiacomo-eletto-alla-presidenza-del-soccorso-alpino-e-speleologico-veneto\/"},"author":{"name":"redazione","@id":"https:\/\/www.bellunopress.it\/#\/schema\/person\/79bb06722b37ece1c03d3e94beb30d73"},"headline":"Giuseppe Zandegiacomo eletto alla presidenza del Soccorso Alpino e Speleologico Veneto","datePublished":"2025-01-18T13:52:15+00:00","mainEntityOfPage":{"@id":"https:\/\/www.bellunopress.it\/2025\/01\/18\/giuseppe-zandegiacomo-eletto-alla-presidenza-del-soccorso-alpino-e-speleologico-veneto\/"},"wordCount":1216,"publisher":{"@id":"https:\/\/www.bellunopress.it\/#organization"},"image":{"@id":"https:\/\/www.bellunopress.it\/2025\/01\/18\/giuseppe-zandegiacomo-eletto-alla-presidenza-del-soccorso-alpino-e-speleologico-veneto\/#primaryimage"},"thumbnailUrl":"https:\/\/www.bellunopress.it\/wp-content\/uploads\/2025\/01\/Zandegiacomo-.jpg","articleSection":["Prima Pagina","Societ\u00e0, Associazioni, Istituzioni"],"inLanguage":"fr-FR"},{"@type":"WebPage","@id":"https:\/\/www.bellunopress.it\/2025\/01\/18\/giuseppe-zandegiacomo-eletto-alla-presidenza-del-soccorso-alpino-e-speleologico-veneto\/","url":"https:\/\/www.bellunopress.it\/2025\/01\/18\/giuseppe-zandegiacomo-eletto-alla-presidenza-del-soccorso-alpino-e-speleologico-veneto\/","name":"Giuseppe Zandegiacomo eletto alla presidenza del Soccorso Alpino e Speleologico Veneto - Bellunopress - Dolomiti","isPartOf":{"@id":"https:\/\/www.bellunopress.it\/#website"},"primaryImageOfPage":{"@id":"https:\/\/www.bellunopress.it\/2025\/01\/18\/giuseppe-zandegiacomo-eletto-alla-presidenza-del-soccorso-alpino-e-speleologico-veneto\/#primaryimage"},"image":{"@id":"https:\/\/www.bellunopress.it\/2025\/01\/18\/giuseppe-zandegiacomo-eletto-alla-presidenza-del-soccorso-alpino-e-speleologico-veneto\/#primaryimage"},"thumbnailUrl":"https:\/\/www.bellunopress.it\/wp-content\/uploads\/2025\/01\/Zandegiacomo-.jpg","datePublished":"2025-01-18T13:52:15+00:00","breadcrumb":{"@id":"https:\/\/www.bellunopress.it\/2025\/01\/18\/giuseppe-zandegiacomo-eletto-alla-presidenza-del-soccorso-alpino-e-speleologico-veneto\/#breadcrumb"},"inLanguage":"fr-FR","potentialAction":[{"@type":"ReadAction","target":["https:\/\/www.bellunopress.it\/2025\/01\/18\/giuseppe-zandegiacomo-eletto-alla-presidenza-del-soccorso-alpino-e-speleologico-veneto\/"]}]},{"@type":"ImageObject","inLanguage":"fr-FR","@id":"https:\/\/www.bellunopress.it\/2025\/01\/18\/giuseppe-zandegiacomo-eletto-alla-presidenza-del-soccorso-alpino-e-speleologico-veneto\/#primaryimage","url":"https:\/\/www.bellunopress.it\/wp-content\/uploads\/2025\/01\/Zandegiacomo-.jpg","contentUrl":"https:\/\/www.bellunopress.it\/wp-content\/uploads\/2025\/01\/Zandegiacomo-.jpg","width":715,"height":990,"caption":"Giuseppe Zandegiacomo, presidente Soccorso alpino veneto"},{"@type":"BreadcrumbList","@id":"https:\/\/www.bellunopress.it\/2025\/01\/18\/giuseppe-zandegiacomo-eletto-alla-presidenza-del-soccorso-alpino-e-speleologico-veneto\/#breadcrumb","itemListElement":[{"@type":"ListItem","position":1,"name":"Home","item":"https:\/\/www.bellunopress.it\/"},{"@type":"ListItem","position":2,"name":"Giuseppe Zandegiacomo eletto alla presidenza del Soccorso Alpino e Speleologico Veneto"}]},{"@type":"WebSite","@id":"https:\/\/www.bellunopress.it\/#website","url":"https:\/\/www.bellunopress.it\/","name":"Bellunopress - Dolomiti","description":"e-mail: redazione@bellunopress.it","publisher":{"@id":"https:\/\/www.bellunopress.it\/#organization"},"potentialAction":[{"@type":"SearchAction","target":{"@type":"EntryPoint","urlTemplate":"https:\/\/www.bellunopress.it\/?s={search_term_string}"},"query-input":{"@type":"PropertyValueSpecification","valueRequired":true,"valueName":"search_term_string"}}],"inLanguage":"fr-FR"},{"@type":"Organization","@id":"https:\/\/www.bellunopress.it\/#organization","name":"Bellunopress","url":"https:\/\/www.bellunopress.it\/","logo":{"@type":"ImageObject","inLanguage":"fr-FR","@id":"https:\/\/www.bellunopress.it\/#\/schema\/logo\/image\/","url":"https:\/\/www.bellunopress.it\/wp-content\/uploads\/2011\/05\/cropped-logo-bellunopress-.jpg","contentUrl":"https:\/\/www.bellunopress.it\/wp-content\/uploads\/2011\/05\/cropped-logo-bellunopress-.jpg","width":512,"height":512,"caption":"Bellunopress"},"image":{"@id":"https:\/\/www.bellunopress.it\/#\/schema\/logo\/image\/"},"sameAs":["https:\/\/www.facebook.com\/profile.php?id=100008943462799","https:\/\/x.com\/bellunopress","https:\/\/www.linkedin.com\/hp\/?dnr=JBzUWaJfMUw8vbXJJ2tVW5-I3jZKvC4wsoxE&amp;amp;amp;amp;amp;amp;trk=nav_responsive_tab_home","https:\/\/www.youtube.com\/channel\/UCxL0wu1uN0_3_7hGG0306cw"]},{"@type":"Person","@id":"https:\/\/www.bellunopress.it\/#\/schema\/person\/79bb06722b37ece1c03d3e94beb30d73","name":"r\u00e9daction","image":{"@type":"ImageObject","inLanguage":"fr-FR","@id":"https:\/\/secure.gravatar.com\/avatar\/37d968a2e67a6fd04c169c4bdef102d0bc5d31b2546345219e348575eb80e9a0?s=96&d=mm&r=g","url":"https:\/\/secure.gravatar.com\/avatar\/37d968a2e67a6fd04c169c4bdef102d0bc5d31b2546345219e348575eb80e9a0?s=96&d=mm&r=g","contentUrl":"https:\/\/secure.gravatar.com\/avatar\/37d968a2e67a6fd04c169c4bdef102d0bc5d31b2546345219e348575eb80e9a0?s=96&d=mm&r=g","caption":"redazione"},"sameAs":["http:\/\/www.bellunopress.it","https:\/\/x.com\/bellunopress"],"url":"https:\/\/www.bellunopress.it\/fr\/author\/redazione\/"}]}},"_links":{"self":[{"href":"https:\/\/www.bellunopress.it\/fr\/wp-json\/wp\/v2\/posts\/157208","targetHints":{"allow":["GET"]}}],"collection":[{"href":"https:\/\/www.bellunopress.it\/fr\/wp-json\/wp\/v2\/posts"}],"about":[{"href":"https:\/\/www.bellunopress.it\/fr\/wp-json\/wp\/v2\/types\/post"}],"author":[{"embeddable":true,"href":"https:\/\/www.bellunopress.it\/fr\/wp-json\/wp\/v2\/users\/2"}],"replies":[{"embeddable":true,"href":"https:\/\/www.bellunopress.it\/fr\/wp-json\/wp\/v2\/comments?post=157208"}],"version-history":[{"count":1,"href":"https:\/\/www.bellunopress.it\/fr\/wp-json\/wp\/v2\/posts\/157208\/revisions"}],"predecessor-version":[{"id":157211,"href":"https:\/\/www.bellunopress.it\/fr\/wp-json\/wp\/v2\/posts\/157208\/revisions\/157211"}],"wp:featuredmedia":[{"embeddable":true,"href":"https:\/\/www.bellunopress.it\/fr\/wp-json\/wp\/v2\/media\/157210"}],"wp:attachment":[{"href":"https:\/\/www.bellunopress.it\/fr\/wp-json\/wp\/v2\/media?parent=157208"}],"wp:term":[{"taxonomy":"category","embeddable":true,"href":"https:\/\/www.bellunopress.it\/fr\/wp-json\/wp\/v2\/categories?post=157208"},{"taxonomy":"post_tag","embeddable":true,"href":"https:\/\/www.bellunopress.it\/fr\/wp-json\/wp\/v2\/tags?post=157208"}],"curies":[{"name":"wp","href":"https:\/\/api.w.org\/{rel}","templated":true}]}}