{"id":157197,"date":"2025-01-18T13:07:52","date_gmt":"2025-01-18T12:07:52","guid":{"rendered":"https:\/\/www.bellunopress.it\/?p=157197"},"modified":"2025-01-18T13:07:52","modified_gmt":"2025-01-18T12:07:52","slug":"pista-da-bob-di-cortina-sopralluogo-al-cantiere-del-presidente-zaia-questa-pista-sara-il-simbolo-delle-olimpiadi-2026-e-delleccellenza-del-veneto","status":"publish","type":"post","link":"https:\/\/www.bellunopress.it\/fr\/2025\/01\/18\/pista-da-bob-di-cortina-sopralluogo-al-cantiere-del-presidente-zaia-questa-pista-sara-il-simbolo-delle-olimpiadi-2026-e-delleccellenza-del-veneto\/","title":{"rendered":"Pista da bob di Cortina, sopralluogo al cantiere del presidente Zaia: &#8220;Questa pista sar\u00e0 il simbolo delle Olimpiadi 2026 e dell&#8217;eccellenza del Veneto&#8221;"},"content":{"rendered":"<p><img loading=\"lazy\" decoding=\"async\" class=\"aligncenter size-full wp-image-157198\" src=\"https:\/\/www.bellunopress.it\/wp-content\/uploads\/2025\/01\/Zaia-visita-pista-bob-cortina_edited.jpg\" alt=\"\" width=\"1000\" height=\"630\" srcset=\"https:\/\/www.bellunopress.it\/wp-content\/uploads\/2025\/01\/Zaia-visita-pista-bob-cortina_edited.jpg 1000w, https:\/\/www.bellunopress.it\/wp-content\/uploads\/2025\/01\/Zaia-visita-pista-bob-cortina_edited-500x315.jpg 500w, https:\/\/www.bellunopress.it\/wp-content\/uploads\/2025\/01\/Zaia-visita-pista-bob-cortina_edited-667x420.jpg 667w, https:\/\/www.bellunopress.it\/wp-content\/uploads\/2025\/01\/Zaia-visita-pista-bob-cortina_edited-696x438.jpg 696w\" sizes=\"auto, (max-width: 1000px) 100vw, 1000px\" \/>Venezia, 18 gennaio 2025\u00a0 &#8211;\u00a0\u00a0\u201cOggi tocchiamo con mano il futuro. La nuova pista da bob di Cortina non \u00e8 solo un\u2019infrastruttura sportiva: \u00e8 un simbolo del nostro impegno, della nostra determinazione e di quello che il Veneto e l\u2019Italia possono offrire al mondo. Questa opera rappresenter\u00e0, una volta completata, una sfida vinta, un capolavoro che combina ingegneria, tradizione e rispetto per l\u2019ambiente. Sar\u00e0 pronta, come promesso, per i Giochi Olimpici di Milano-Cortina 2026, e sono certo che diventer\u00e0 una delle immagini pi\u00f9 iconiche di questa edizione. Qui non stiamo costruendo solo un impianto sportivo, ma un pezzo di storia che rester\u00e0 per le generazioni future. Grazie alle maestranze, agli operai, agli ingegneri e alle imprese: ognuno di voi sta contribuendo a un sogno che si sta trasformando in realt\u00e0\u201d.<\/p>\n<p>Con queste parole, il Presidente della Regione del Veneto, Luca Zaia, ha commentato il sopralluogo effettuato oggi presso il cantiere della pista da bob in costruzione a Cortina. Presenti con lui l\u2019Olympic Games Executive Director Christophe Dubi, il Membro CIO, Presidente del CONI e della Fondazione Milano Cortina 2026 Giovanni Malag\u00f2, l\u2019Amministratore Delegato della Societ\u00e0 Infrastrutture Milano Cortina 2020-2026 (Simico) Giovanni Soldini e i tecnici del Ministero delle Infrastrutture e dei Trasporti.<\/p>\n<p>Il Presidente si \u00e8 fermato a dialogare con gli operai, complimentandosi per l\u2019avanzamento e la qualit\u00e0 del progetto. Ha sottolineato come questa infrastruttura, inserita dal CIO tra quelle fondamentali per i Giochi, rappresenti una perfetta sintesi tra tecnologia e armonizzazione con l\u2019ambiente montano circostante.<\/p>\n<p>Zaia ha concluso: \u201cIl Veneto e l\u2019Italia meritano di ospitare un\u2019opera cos\u00ec importante, che non sar\u00e0 solo uno spazio dedicato alla competizione sportiva, ma anche un luogo di incontro, turismo e valorizzazione territoriale. Cortina, con la sua tradizione e il suo fascino, sapr\u00e0 essere una straordinaria ambasciatrice del nostro Paese\u201d.<\/p>\n<p>Il Presidente ha, inoltre, voluto rivolgere un sentito ringraziamento a tutto il Governo ed in particolare al Ministro delle Infrastrutture, Matteo Salvini per il supporto garantito, anche attraverso la societ\u00e0 Simico, che sta gestendo il complesso iter di progettazione e realizzazione. \u201cQuesta \u00e8 una vittoria collettiva, resa possibile dalla collaborazione tra istituzioni, tecnici e territori. Insieme, stiamo costruendo qualcosa di straordinario\u201d.<\/p>","protected":false},"excerpt":{"rendered":"<p>Venezia, 18 gennaio 2025\u00a0 &#8211;\u00a0\u00a0\u201cOggi tocchiamo con mano il futuro. La nuova pista da bob di Cortina non \u00e8 solo un\u2019infrastruttura sportiva: \u00e8 un simbolo del nostro impegno, della nostra determinazione e di quello che il Veneto e l\u2019Italia possono offrire al mondo. Questa opera rappresenter\u00e0, una volta completata, una sfida vinta, un capolavoro che [&hellip;]<\/p>\n","protected":false},"author":2,"featured_media":157198,"comment_status":"closed","ping_status":"open","sticky":false,"template":"","format":"standard","meta":{"footnotes":""},"categories":[5,26],"tags":[],"class_list":["post-157197","post","type-post","status-publish","format-standard","has-post-thumbnail","category-cronaca","category-prima-pagina"],"yoast_head":"<!-- This site is optimized with the Yoast SEO plugin v28.4 - https:\/\/yoast.com\/product\/yoast-seo-wordpress\/ -->\n<title>Pista da bob di Cortina, sopralluogo al cantiere del presidente Zaia: &quot;Questa pista sar\u00e0 il simbolo delle Olimpiadi 2026 e dell&#039;eccellenza del Veneto&quot; - Bellunopress - Dolomiti<\/title>\n<meta name=\"robots\" content=\"index, follow, max-snippet:-1, max-image-preview:large, max-video-preview:-1\" \/>\n<link rel=\"canonical\" href=\"https:\/\/www.bellunopress.it\/fr\/2025\/01\/18\/pista-da-bob-di-cortina-sopralluogo-al-cantiere-del-presidente-zaia-questa-pista-sara-il-simbolo-delle-olimpiadi-2026-e-delleccellenza-del-veneto\/\" \/>\n<meta property=\"og:locale\" content=\"fr_FR\" \/>\n<meta property=\"og:type\" content=\"article\" \/>\n<meta property=\"og:title\" content=\"Pista da bob di Cortina, sopralluogo al cantiere del presidente Zaia: &quot;Questa pista sar\u00e0 il simbolo delle Olimpiadi 2026 e dell&#039;eccellenza del Veneto&quot; - Bellunopress - Dolomiti\" \/>\n<meta property=\"og:description\" content=\"Venezia, 18 gennaio 2025\u00a0 &#8211;\u00a0\u00a0\u201cOggi tocchiamo con mano il futuro. La nuova pista da bob di Cortina non \u00e8 solo un\u2019infrastruttura sportiva: \u00e8 un simbolo del nostro impegno, della nostra determinazione e di quello che il Veneto e l\u2019Italia possono offrire al mondo. Questa opera rappresenter\u00e0, una volta completata, una sfida vinta, un capolavoro che [&hellip;]\" \/>\n<meta property=\"og:url\" content=\"https:\/\/www.bellunopress.it\/fr\/2025\/01\/18\/pista-da-bob-di-cortina-sopralluogo-al-cantiere-del-presidente-zaia-questa-pista-sara-il-simbolo-delle-olimpiadi-2026-e-delleccellenza-del-veneto\/\" \/>\n<meta property=\"og:site_name\" content=\"Bellunopress - Dolomiti\" \/>\n<meta property=\"article:publisher\" content=\"https:\/\/www.facebook.com\/profile.php?id=100008943462799\" \/>\n<meta property=\"article:published_time\" content=\"2025-01-18T12:07:52+00:00\" \/>\n<meta property=\"og:image\" content=\"https:\/\/www.bellunopress.it\/wp-content\/uploads\/2025\/01\/Zaia-visita-pista-bob-cortina_edited.jpg\" \/>\n\t<meta property=\"og:image:width\" content=\"1000\" \/>\n\t<meta property=\"og:image:height\" content=\"630\" \/>\n\t<meta property=\"og:image:type\" content=\"image\/jpeg\" \/>\n<meta name=\"author\" content=\"redazione\" \/>\n<meta name=\"twitter:card\" content=\"summary_large_image\" \/>\n<meta name=\"twitter:creator\" content=\"@bellunopress\" \/>\n<meta name=\"twitter:site\" content=\"@bellunopress\" \/>\n<meta name=\"twitter:label1\" content=\"Written by\" \/>\n\t<meta name=\"twitter:data1\" content=\"redazione\" \/>\n\t<meta name=\"twitter:label2\" content=\"Est. reading time\" \/>\n\t<meta name=\"twitter:data2\" content=\"2 minutes\" \/>\n<script type=\"application\/ld+json\" class=\"yoast-schema-graph\">{\"@context\":\"https:\\\/\\\/schema.org\",\"@graph\":[{\"@type\":\"Article\",\"@id\":\"https:\\\/\\\/www.bellunopress.it\\\/2025\\\/01\\\/18\\\/pista-da-bob-di-cortina-sopralluogo-al-cantiere-del-presidente-zaia-questa-pista-sara-il-simbolo-delle-olimpiadi-2026-e-delleccellenza-del-veneto\\\/#article\",\"isPartOf\":{\"@id\":\"https:\\\/\\\/www.bellunopress.it\\\/2025\\\/01\\\/18\\\/pista-da-bob-di-cortina-sopralluogo-al-cantiere-del-presidente-zaia-questa-pista-sara-il-simbolo-delle-olimpiadi-2026-e-delleccellenza-del-veneto\\\/\"},\"author\":{\"name\":\"redazione\",\"@id\":\"https:\\\/\\\/www.bellunopress.it\\\/#\\\/schema\\\/person\\\/79bb06722b37ece1c03d3e94beb30d73\"},\"headline\":\"Pista da bob di Cortina, sopralluogo al cantiere del presidente Zaia: &#8220;Questa pista sar\u00e0 il simbolo delle Olimpiadi 2026 e dell&#8217;eccellenza del Veneto&#8221;\",\"datePublished\":\"2025-01-18T12:07:52+00:00\",\"mainEntityOfPage\":{\"@id\":\"https:\\\/\\\/www.bellunopress.it\\\/2025\\\/01\\\/18\\\/pista-da-bob-di-cortina-sopralluogo-al-cantiere-del-presidente-zaia-questa-pista-sara-il-simbolo-delle-olimpiadi-2026-e-delleccellenza-del-veneto\\\/\"},\"wordCount\":381,\"publisher\":{\"@id\":\"https:\\\/\\\/www.bellunopress.it\\\/#organization\"},\"image\":{\"@id\":\"https:\\\/\\\/www.bellunopress.it\\\/2025\\\/01\\\/18\\\/pista-da-bob-di-cortina-sopralluogo-al-cantiere-del-presidente-zaia-questa-pista-sara-il-simbolo-delle-olimpiadi-2026-e-delleccellenza-del-veneto\\\/#primaryimage\"},\"thumbnailUrl\":\"https:\\\/\\\/www.bellunopress.it\\\/wp-content\\\/uploads\\\/2025\\\/01\\\/Zaia-visita-pista-bob-cortina_edited.jpg\",\"articleSection\":[\"Cronaca\\\/Politica\",\"Prima Pagina\"],\"inLanguage\":\"fr-FR\"},{\"@type\":\"WebPage\",\"@id\":\"https:\\\/\\\/www.bellunopress.it\\\/2025\\\/01\\\/18\\\/pista-da-bob-di-cortina-sopralluogo-al-cantiere-del-presidente-zaia-questa-pista-sara-il-simbolo-delle-olimpiadi-2026-e-delleccellenza-del-veneto\\\/\",\"url\":\"https:\\\/\\\/www.bellunopress.it\\\/2025\\\/01\\\/18\\\/pista-da-bob-di-cortina-sopralluogo-al-cantiere-del-presidente-zaia-questa-pista-sara-il-simbolo-delle-olimpiadi-2026-e-delleccellenza-del-veneto\\\/\",\"name\":\"Pista da bob di Cortina, sopralluogo al cantiere del presidente Zaia: \\\"Questa pista sar\u00e0 il simbolo delle Olimpiadi 2026 e dell'eccellenza del Veneto\\\" - Bellunopress - Dolomiti\",\"isPartOf\":{\"@id\":\"https:\\\/\\\/www.bellunopress.it\\\/#website\"},\"primaryImageOfPage\":{\"@id\":\"https:\\\/\\\/www.bellunopress.it\\\/2025\\\/01\\\/18\\\/pista-da-bob-di-cortina-sopralluogo-al-cantiere-del-presidente-zaia-questa-pista-sara-il-simbolo-delle-olimpiadi-2026-e-delleccellenza-del-veneto\\\/#primaryimage\"},\"image\":{\"@id\":\"https:\\\/\\\/www.bellunopress.it\\\/2025\\\/01\\\/18\\\/pista-da-bob-di-cortina-sopralluogo-al-cantiere-del-presidente-zaia-questa-pista-sara-il-simbolo-delle-olimpiadi-2026-e-delleccellenza-del-veneto\\\/#primaryimage\"},\"thumbnailUrl\":\"https:\\\/\\\/www.bellunopress.it\\\/wp-content\\\/uploads\\\/2025\\\/01\\\/Zaia-visita-pista-bob-cortina_edited.jpg\",\"datePublished\":\"2025-01-18T12:07:52+00:00\",\"breadcrumb\":{\"@id\":\"https:\\\/\\\/www.bellunopress.it\\\/2025\\\/01\\\/18\\\/pista-da-bob-di-cortina-sopralluogo-al-cantiere-del-presidente-zaia-questa-pista-sara-il-simbolo-delle-olimpiadi-2026-e-delleccellenza-del-veneto\\\/#breadcrumb\"},\"inLanguage\":\"fr-FR\",\"potentialAction\":[{\"@type\":\"ReadAction\",\"target\":[\"https:\\\/\\\/www.bellunopress.it\\\/2025\\\/01\\\/18\\\/pista-da-bob-di-cortina-sopralluogo-al-cantiere-del-presidente-zaia-questa-pista-sara-il-simbolo-delle-olimpiadi-2026-e-delleccellenza-del-veneto\\\/\"]}]},{\"@type\":\"ImageObject\",\"inLanguage\":\"fr-FR\",\"@id\":\"https:\\\/\\\/www.bellunopress.it\\\/2025\\\/01\\\/18\\\/pista-da-bob-di-cortina-sopralluogo-al-cantiere-del-presidente-zaia-questa-pista-sara-il-simbolo-delle-olimpiadi-2026-e-delleccellenza-del-veneto\\\/#primaryimage\",\"url\":\"https:\\\/\\\/www.bellunopress.it\\\/wp-content\\\/uploads\\\/2025\\\/01\\\/Zaia-visita-pista-bob-cortina_edited.jpg\",\"contentUrl\":\"https:\\\/\\\/www.bellunopress.it\\\/wp-content\\\/uploads\\\/2025\\\/01\\\/Zaia-visita-pista-bob-cortina_edited.jpg\",\"width\":1000,\"height\":630},{\"@type\":\"BreadcrumbList\",\"@id\":\"https:\\\/\\\/www.bellunopress.it\\\/2025\\\/01\\\/18\\\/pista-da-bob-di-cortina-sopralluogo-al-cantiere-del-presidente-zaia-questa-pista-sara-il-simbolo-delle-olimpiadi-2026-e-delleccellenza-del-veneto\\\/#breadcrumb\",\"itemListElement\":[{\"@type\":\"ListItem\",\"position\":1,\"name\":\"Home\",\"item\":\"https:\\\/\\\/www.bellunopress.it\\\/\"},{\"@type\":\"ListItem\",\"position\":2,\"name\":\"Pista da bob di Cortina, sopralluogo al cantiere del presidente Zaia: &#8220;Questa pista sar\u00e0 il simbolo delle Olimpiadi 2026 e dell&#8217;eccellenza del Veneto&#8221;\"}]},{\"@type\":\"WebSite\",\"@id\":\"https:\\\/\\\/www.bellunopress.it\\\/#website\",\"url\":\"https:\\\/\\\/www.bellunopress.it\\\/\",\"name\":\"Bellunopress - Dolomiti\",\"description\":\"e-mail: redazione@bellunopress.it\",\"publisher\":{\"@id\":\"https:\\\/\\\/www.bellunopress.it\\\/#organization\"},\"potentialAction\":[{\"@type\":\"SearchAction\",\"target\":{\"@type\":\"EntryPoint\",\"urlTemplate\":\"https:\\\/\\\/www.bellunopress.it\\\/?s={search_term_string}\"},\"query-input\":{\"@type\":\"PropertyValueSpecification\",\"valueRequired\":true,\"valueName\":\"search_term_string\"}}],\"inLanguage\":\"fr-FR\"},{\"@type\":\"Organization\",\"@id\":\"https:\\\/\\\/www.bellunopress.it\\\/#organization\",\"name\":\"Bellunopress\",\"url\":\"https:\\\/\\\/www.bellunopress.it\\\/\",\"logo\":{\"@type\":\"ImageObject\",\"inLanguage\":\"fr-FR\",\"@id\":\"https:\\\/\\\/www.bellunopress.it\\\/#\\\/schema\\\/logo\\\/image\\\/\",\"url\":\"https:\\\/\\\/www.bellunopress.it\\\/wp-content\\\/uploads\\\/2011\\\/05\\\/cropped-logo-bellunopress-.jpg\",\"contentUrl\":\"https:\\\/\\\/www.bellunopress.it\\\/wp-content\\\/uploads\\\/2011\\\/05\\\/cropped-logo-bellunopress-.jpg\",\"width\":512,\"height\":512,\"caption\":\"Bellunopress\"},\"image\":{\"@id\":\"https:\\\/\\\/www.bellunopress.it\\\/#\\\/schema\\\/logo\\\/image\\\/\"},\"sameAs\":[\"https:\\\/\\\/www.facebook.com\\\/profile.php?id=100008943462799\",\"https:\\\/\\\/x.com\\\/bellunopress\",\"https:\\\/\\\/www.linkedin.com\\\/hp\\\/?dnr=JBzUWaJfMUw8vbXJJ2tVW5-I3jZKvC4wsoxE&amp;amp;amp;amp;amp;amp;trk=nav_responsive_tab_home\",\"https:\\\/\\\/www.youtube.com\\\/channel\\\/UCxL0wu1uN0_3_7hGG0306cw\"]},{\"@type\":\"Person\",\"@id\":\"https:\\\/\\\/www.bellunopress.it\\\/#\\\/schema\\\/person\\\/79bb06722b37ece1c03d3e94beb30d73\",\"name\":\"redazione\",\"image\":{\"@type\":\"ImageObject\",\"inLanguage\":\"fr-FR\",\"@id\":\"https:\\\/\\\/secure.gravatar.com\\\/avatar\\\/37d968a2e67a6fd04c169c4bdef102d0bc5d31b2546345219e348575eb80e9a0?s=96&d=mm&r=g\",\"url\":\"https:\\\/\\\/secure.gravatar.com\\\/avatar\\\/37d968a2e67a6fd04c169c4bdef102d0bc5d31b2546345219e348575eb80e9a0?s=96&d=mm&r=g\",\"contentUrl\":\"https:\\\/\\\/secure.gravatar.com\\\/avatar\\\/37d968a2e67a6fd04c169c4bdef102d0bc5d31b2546345219e348575eb80e9a0?s=96&d=mm&r=g\",\"caption\":\"redazione\"},\"sameAs\":[\"http:\\\/\\\/www.bellunopress.it\",\"https:\\\/\\\/x.com\\\/bellunopress\"],\"url\":\"https:\\\/\\\/www.bellunopress.it\\\/fr\\\/author\\\/redazione\\\/\"}]}<\/script>\n<!-- \/ Yoast SEO plugin. -->","yoast_head_json":{"title":"Pista da bob di Cortina, sopralluogo al cantiere del presidente Zaia: \"Questa pista sar\u00e0 il simbolo delle Olimpiadi 2026 e dell'eccellenza del Veneto\" - Bellunopress - Dolomiti","robots":{"index":"index","follow":"follow","max-snippet":"max-snippet:-1","max-image-preview":"max-image-preview:large","max-video-preview":"max-video-preview:-1"},"canonical":"https:\/\/www.bellunopress.it\/fr\/2025\/01\/18\/pista-da-bob-di-cortina-sopralluogo-al-cantiere-del-presidente-zaia-questa-pista-sara-il-simbolo-delle-olimpiadi-2026-e-delleccellenza-del-veneto\/","og_locale":"fr_FR","og_type":"article","og_title":"Pista da bob di Cortina, sopralluogo al cantiere del presidente Zaia: \"Questa pista sar\u00e0 il simbolo delle Olimpiadi 2026 e dell'eccellenza del Veneto\" - Bellunopress - Dolomiti","og_description":"Venezia, 18 gennaio 2025\u00a0 &#8211;\u00a0\u00a0\u201cOggi tocchiamo con mano il futuro. La nuova pista da bob di Cortina non \u00e8 solo un\u2019infrastruttura sportiva: \u00e8 un simbolo del nostro impegno, della nostra determinazione e di quello che il Veneto e l\u2019Italia possono offrire al mondo. Questa opera rappresenter\u00e0, una volta completata, una sfida vinta, un capolavoro che [&hellip;]","og_url":"https:\/\/www.bellunopress.it\/fr\/2025\/01\/18\/pista-da-bob-di-cortina-sopralluogo-al-cantiere-del-presidente-zaia-questa-pista-sara-il-simbolo-delle-olimpiadi-2026-e-delleccellenza-del-veneto\/","og_site_name":"Bellunopress - Dolomiti","article_publisher":"https:\/\/www.facebook.com\/profile.php?id=100008943462799","article_published_time":"2025-01-18T12:07:52+00:00","og_image":[{"width":1000,"height":630,"url":"https:\/\/www.bellunopress.it\/wp-content\/uploads\/2025\/01\/Zaia-visita-pista-bob-cortina_edited.jpg","type":"image\/jpeg"}],"author":"redazione","twitter_card":"summary_large_image","twitter_creator":"@bellunopress","twitter_site":"@bellunopress","twitter_misc":{"Written by":"redazione","Est. reading time":"2 minutes"},"schema":{"@context":"https:\/\/schema.org","@graph":[{"@type":"Article","@id":"https:\/\/www.bellunopress.it\/2025\/01\/18\/pista-da-bob-di-cortina-sopralluogo-al-cantiere-del-presidente-zaia-questa-pista-sara-il-simbolo-delle-olimpiadi-2026-e-delleccellenza-del-veneto\/#article","isPartOf":{"@id":"https:\/\/www.bellunopress.it\/2025\/01\/18\/pista-da-bob-di-cortina-sopralluogo-al-cantiere-del-presidente-zaia-questa-pista-sara-il-simbolo-delle-olimpiadi-2026-e-delleccellenza-del-veneto\/"},"author":{"name":"redazione","@id":"https:\/\/www.bellunopress.it\/#\/schema\/person\/79bb06722b37ece1c03d3e94beb30d73"},"headline":"Pista da bob di Cortina, sopralluogo al cantiere del presidente Zaia: &#8220;Questa pista sar\u00e0 il simbolo delle Olimpiadi 2026 e dell&#8217;eccellenza del Veneto&#8221;","datePublished":"2025-01-18T12:07:52+00:00","mainEntityOfPage":{"@id":"https:\/\/www.bellunopress.it\/2025\/01\/18\/pista-da-bob-di-cortina-sopralluogo-al-cantiere-del-presidente-zaia-questa-pista-sara-il-simbolo-delle-olimpiadi-2026-e-delleccellenza-del-veneto\/"},"wordCount":381,"publisher":{"@id":"https:\/\/www.bellunopress.it\/#organization"},"image":{"@id":"https:\/\/www.bellunopress.it\/2025\/01\/18\/pista-da-bob-di-cortina-sopralluogo-al-cantiere-del-presidente-zaia-questa-pista-sara-il-simbolo-delle-olimpiadi-2026-e-delleccellenza-del-veneto\/#primaryimage"},"thumbnailUrl":"https:\/\/www.bellunopress.it\/wp-content\/uploads\/2025\/01\/Zaia-visita-pista-bob-cortina_edited.jpg","articleSection":["Cronaca\/Politica","Prima Pagina"],"inLanguage":"fr-FR"},{"@type":"WebPage","@id":"https:\/\/www.bellunopress.it\/2025\/01\/18\/pista-da-bob-di-cortina-sopralluogo-al-cantiere-del-presidente-zaia-questa-pista-sara-il-simbolo-delle-olimpiadi-2026-e-delleccellenza-del-veneto\/","url":"https:\/\/www.bellunopress.it\/2025\/01\/18\/pista-da-bob-di-cortina-sopralluogo-al-cantiere-del-presidente-zaia-questa-pista-sara-il-simbolo-delle-olimpiadi-2026-e-delleccellenza-del-veneto\/","name":"Pista da bob di Cortina, sopralluogo al cantiere del presidente Zaia: \"Questa pista sar\u00e0 il simbolo delle Olimpiadi 2026 e dell'eccellenza del Veneto\" - Bellunopress - Dolomiti","isPartOf":{"@id":"https:\/\/www.bellunopress.it\/#website"},"primaryImageOfPage":{"@id":"https:\/\/www.bellunopress.it\/2025\/01\/18\/pista-da-bob-di-cortina-sopralluogo-al-cantiere-del-presidente-zaia-questa-pista-sara-il-simbolo-delle-olimpiadi-2026-e-delleccellenza-del-veneto\/#primaryimage"},"image":{"@id":"https:\/\/www.bellunopress.it\/2025\/01\/18\/pista-da-bob-di-cortina-sopralluogo-al-cantiere-del-presidente-zaia-questa-pista-sara-il-simbolo-delle-olimpiadi-2026-e-delleccellenza-del-veneto\/#primaryimage"},"thumbnailUrl":"https:\/\/www.bellunopress.it\/wp-content\/uploads\/2025\/01\/Zaia-visita-pista-bob-cortina_edited.jpg","datePublished":"2025-01-18T12:07:52+00:00","breadcrumb":{"@id":"https:\/\/www.bellunopress.it\/2025\/01\/18\/pista-da-bob-di-cortina-sopralluogo-al-cantiere-del-presidente-zaia-questa-pista-sara-il-simbolo-delle-olimpiadi-2026-e-delleccellenza-del-veneto\/#breadcrumb"},"inLanguage":"fr-FR","potentialAction":[{"@type":"ReadAction","target":["https:\/\/www.bellunopress.it\/2025\/01\/18\/pista-da-bob-di-cortina-sopralluogo-al-cantiere-del-presidente-zaia-questa-pista-sara-il-simbolo-delle-olimpiadi-2026-e-delleccellenza-del-veneto\/"]}]},{"@type":"ImageObject","inLanguage":"fr-FR","@id":"https:\/\/www.bellunopress.it\/2025\/01\/18\/pista-da-bob-di-cortina-sopralluogo-al-cantiere-del-presidente-zaia-questa-pista-sara-il-simbolo-delle-olimpiadi-2026-e-delleccellenza-del-veneto\/#primaryimage","url":"https:\/\/www.bellunopress.it\/wp-content\/uploads\/2025\/01\/Zaia-visita-pista-bob-cortina_edited.jpg","contentUrl":"https:\/\/www.bellunopress.it\/wp-content\/uploads\/2025\/01\/Zaia-visita-pista-bob-cortina_edited.jpg","width":1000,"height":630},{"@type":"BreadcrumbList","@id":"https:\/\/www.bellunopress.it\/2025\/01\/18\/pista-da-bob-di-cortina-sopralluogo-al-cantiere-del-presidente-zaia-questa-pista-sara-il-simbolo-delle-olimpiadi-2026-e-delleccellenza-del-veneto\/#breadcrumb","itemListElement":[{"@type":"ListItem","position":1,"name":"Home","item":"https:\/\/www.bellunopress.it\/"},{"@type":"ListItem","position":2,"name":"Pista da bob di Cortina, sopralluogo al cantiere del presidente Zaia: &#8220;Questa pista sar\u00e0 il simbolo delle Olimpiadi 2026 e dell&#8217;eccellenza del Veneto&#8221;"}]},{"@type":"WebSite","@id":"https:\/\/www.bellunopress.it\/#website","url":"https:\/\/www.bellunopress.it\/","name":"Bellunopress - Dolomiti","description":"e-mail: redazione@bellunopress.it","publisher":{"@id":"https:\/\/www.bellunopress.it\/#organization"},"potentialAction":[{"@type":"SearchAction","target":{"@type":"EntryPoint","urlTemplate":"https:\/\/www.bellunopress.it\/?s={search_term_string}"},"query-input":{"@type":"PropertyValueSpecification","valueRequired":true,"valueName":"search_term_string"}}],"inLanguage":"fr-FR"},{"@type":"Organization","@id":"https:\/\/www.bellunopress.it\/#organization","name":"Bellunopress","url":"https:\/\/www.bellunopress.it\/","logo":{"@type":"ImageObject","inLanguage":"fr-FR","@id":"https:\/\/www.bellunopress.it\/#\/schema\/logo\/image\/","url":"https:\/\/www.bellunopress.it\/wp-content\/uploads\/2011\/05\/cropped-logo-bellunopress-.jpg","contentUrl":"https:\/\/www.bellunopress.it\/wp-content\/uploads\/2011\/05\/cropped-logo-bellunopress-.jpg","width":512,"height":512,"caption":"Bellunopress"},"image":{"@id":"https:\/\/www.bellunopress.it\/#\/schema\/logo\/image\/"},"sameAs":["https:\/\/www.facebook.com\/profile.php?id=100008943462799","https:\/\/x.com\/bellunopress","https:\/\/www.linkedin.com\/hp\/?dnr=JBzUWaJfMUw8vbXJJ2tVW5-I3jZKvC4wsoxE&amp;amp;amp;amp;amp;amp;trk=nav_responsive_tab_home","https:\/\/www.youtube.com\/channel\/UCxL0wu1uN0_3_7hGG0306cw"]},{"@type":"Person","@id":"https:\/\/www.bellunopress.it\/#\/schema\/person\/79bb06722b37ece1c03d3e94beb30d73","name":"r\u00e9daction","image":{"@type":"ImageObject","inLanguage":"fr-FR","@id":"https:\/\/secure.gravatar.com\/avatar\/37d968a2e67a6fd04c169c4bdef102d0bc5d31b2546345219e348575eb80e9a0?s=96&d=mm&r=g","url":"https:\/\/secure.gravatar.com\/avatar\/37d968a2e67a6fd04c169c4bdef102d0bc5d31b2546345219e348575eb80e9a0?s=96&d=mm&r=g","contentUrl":"https:\/\/secure.gravatar.com\/avatar\/37d968a2e67a6fd04c169c4bdef102d0bc5d31b2546345219e348575eb80e9a0?s=96&d=mm&r=g","caption":"redazione"},"sameAs":["http:\/\/www.bellunopress.it","https:\/\/x.com\/bellunopress"],"url":"https:\/\/www.bellunopress.it\/fr\/author\/redazione\/"}]}},"_links":{"self":[{"href":"https:\/\/www.bellunopress.it\/fr\/wp-json\/wp\/v2\/posts\/157197","targetHints":{"allow":["GET"]}}],"collection":[{"href":"https:\/\/www.bellunopress.it\/fr\/wp-json\/wp\/v2\/posts"}],"about":[{"href":"https:\/\/www.bellunopress.it\/fr\/wp-json\/wp\/v2\/types\/post"}],"author":[{"embeddable":true,"href":"https:\/\/www.bellunopress.it\/fr\/wp-json\/wp\/v2\/users\/2"}],"replies":[{"embeddable":true,"href":"https:\/\/www.bellunopress.it\/fr\/wp-json\/wp\/v2\/comments?post=157197"}],"version-history":[{"count":1,"href":"https:\/\/www.bellunopress.it\/fr\/wp-json\/wp\/v2\/posts\/157197\/revisions"}],"predecessor-version":[{"id":157199,"href":"https:\/\/www.bellunopress.it\/fr\/wp-json\/wp\/v2\/posts\/157197\/revisions\/157199"}],"wp:featuredmedia":[{"embeddable":true,"href":"https:\/\/www.bellunopress.it\/fr\/wp-json\/wp\/v2\/media\/157198"}],"wp:attachment":[{"href":"https:\/\/www.bellunopress.it\/fr\/wp-json\/wp\/v2\/media?parent=157197"}],"wp:term":[{"taxonomy":"category","embeddable":true,"href":"https:\/\/www.bellunopress.it\/fr\/wp-json\/wp\/v2\/categories?post=157197"},{"taxonomy":"post_tag","embeddable":true,"href":"https:\/\/www.bellunopress.it\/fr\/wp-json\/wp\/v2\/tags?post=157197"}],"curies":[{"name":"wp","href":"https:\/\/api.w.org\/{rel}","templated":true}]}}