{"id":157194,"date":"2025-01-18T12:29:31","date_gmt":"2025-01-18T11:29:31","guid":{"rendered":"https:\/\/www.bellunopress.it\/?p=157194"},"modified":"2025-01-18T13:25:15","modified_gmt":"2025-01-18T12:25:15","slug":"cordoglio-per-la-morte-di-luigino-olivier-gia-vicesindaco-di-longarone","status":"publish","type":"post","link":"https:\/\/www.bellunopress.it\/fr\/2025\/01\/18\/cordoglio-per-la-morte-di-luigino-olivier-gia-vicesindaco-di-longarone\/","title":{"rendered":"Cordoglio per la morte di Luigino Olivier, gi\u00e0 vicesindaco di Longarone"},"content":{"rendered":"<p><img loading=\"lazy\" decoding=\"async\" class=\"aligncenter size-full wp-image-119261\" src=\"https:\/\/www.bellunopress.it\/wp-content\/uploads\/2020\/11\/lutto_edited.jpg\" alt=\"\" width=\"800\" height=\"445\" srcset=\"https:\/\/www.bellunopress.it\/wp-content\/uploads\/2020\/11\/lutto_edited.jpg 800w, https:\/\/www.bellunopress.it\/wp-content\/uploads\/2020\/11\/lutto_edited-500x278.jpg 500w, https:\/\/www.bellunopress.it\/wp-content\/uploads\/2020\/11\/lutto_edited-696x387.jpg 696w, https:\/\/www.bellunopress.it\/wp-content\/uploads\/2020\/11\/lutto_edited-755x420.jpg 755w\" sizes=\"auto, (max-width: 800px) 100vw, 800px\" \/>\u00abPerdiamo un amministratore capace, leale, appassionato. Personalmente perdo un punto di riferimento, una voce amica e autorevole, un consigliere fidato\u00bb.<\/p>\n<p>Cos\u00ec il sindaco di Longarone Roberto Padrin, in una nota di cordoglio per la scomparsa di Luigino Olivier, 74 anni, gi\u00e0 vice sindaco nella prima amministrazione Padrin (dal 2009 al 2014), presidente dell\u2019Associazione Amici di Urussanga e tra i primissimi promotori del gemellaggio con la citt\u00e0 brasiliana.<\/p>\n<p>\u00abQuella di Luigino Olivier \u00e8 stata una vita interamente dedicata alla res publica, al darsi da fare per la nostra comunit\u00e0 senza strepiti, senza proclami, spesso nel silenzio e sempre nella concretezza. Voleva fare le cose e farle bene: ricordo ancora con grande emozione e affetto quanto tempo aveva dedicato alla cura dei dettagli quando era assessore alle manutenzioni, nel mio primo mandato da sindaco. Aveva una straordinaria capacit\u00e0 di dedicarsi alla soluzione dei problemi, anche quelli pi\u00f9 piccoli, perch\u00e9 per lui ogni cosa che non funzionava andava messa a posto e non c\u2019era distinzione tra grandi e piccole criticit\u00e0: le trattava tutte con lo stesso impegno. Un impegno che diventava passione autentica nel rapporto con i nostri emigranti e nel mantenimento delle radici, tanto che aveva promosso e portato avanti il gemellaggio con Urussanga, di cui era diventato cittadino onorario. In queste ore ho sentito diverse persone della citt\u00e0 brasiliana, che mi hanno manifestato il loro dolore per la scomparsa di Luigino\u00bb.<\/p>\n<p>\u00abUn abbraccio forte da parte di tutta l&#8217;amministrazione comunale ai familiari di Luigino, al figlio Michele e al figlio Claudio, che come il pap\u00e0 sta portando avanti un incarico amministrativo in Fiera\u00bb continua il sindaco Padrin. \u00abDa parte nostra abbiamo il dovere &#8211; oltre che l\u2019onore &#8211; di raccogliere l\u2019eredit\u00e0 di Luigino e farci ispirare dal suo esempio, dalla sua concretezza, dalla sua passione e semplicit\u00e0\u00bb.<\/p>\n<p>&nbsp;<\/p>\n<p>Il cordoglio di Oscar De Bona<br \/>\nAnche Oscar De Bona, presidente dell\u2019Associazione Bellunesi nel Mondo, ha voluto ricordare Olivier con parole commosse:<br \/>\n\u00ab\u00c8 una notizia che mi rattrista molto, moltissimo. Luigino Olivier per me \u00e8 stato uno dei 4-5 amici di una vita. Tanti sono, centinaia sono i momenti che ricordo di quando ci siamo conosciuti: si parla ormai di quasi 40 anni fa. La sua passione, la tenacia, la costanza, la convinzione che poteva raggiungere qualsiasi risultato, il suo amore per i parenti e per la comunit\u00e0 di origine longaronese emigrata 150 anni fa in Brasile, sono indelebili.\u00a0Non c\u2019\u00e8 stata iniziativa politica negli ultimi 40 anni a Longarone che non abbia visto protagonista Luigi Olivier. \u00c8 stato un uomo che ha fatto di tutto per il bene della propria comunit\u00e0, per realizzare i suoi progetti, sia a Longarone che in Brasile, soprattutto con Urussanga. Ricordo con affetto i messaggi che mi mandava, lui interista e io milanista, sempre pronti a scherzare con ironia e amicizia.\u00a0Caro Luigi, un abbraccio forte. Grazie per tutto quello che ci hai donato e per ci\u00f2 che hai rappresentato. Grazie per l\u2019amicizia e per la tua instancabile dedizione. Mi mancherai come un fratello\u00bb.<\/p>\n<p>Si \u00e8 spento dopo una breve malattia, Luigino Olivier, figura di spicco della comunit\u00e0 di Longarone e protagonista instancabile del volontariato locale e internazionale. Nato il 20 marzo 1950, Olivier lascia un\u2019eredit\u00e0 fatta di impegno sociale, umanit\u00e0 e dedizione.<\/p>\n<p>Una carriera di servizio e volontariato<br \/>\nLuigino Olivier ha lavorato fino al 2007 presso Poste Italiane, ricoprendo ruoli di responsabilit\u00e0 come ispettore interno. Tuttavia, \u00e8 nel volontariato che ha espresso al massimo la sua passione per la comunit\u00e0. Negli anni \u201970 \u00e8 stato segretario della Societ\u00e0 Pescatori Sportiva Fortogna-Longarone e, dal 1983 al 1986, segretario e presidente della Riserva Alpina di Caccia di Longarone.<\/p>\n<p>Negli anni \u201990 ha assunto il ruolo di capogruppo del Gruppo Alpini di Longarone, un incarico che ha svolto con dedizione. Attivo anche nel circolo ricreativo per anziani &#8220;Stella Alpina&#8221;, era socio dell\u2019Associazione Bellunesi nel Mondo e promotore di iniziative umanitarie. Tra queste, si ricorda la raccolta fondi per un orfanotrofio a Urussanga, in Brasile, citt\u00e0 gemellata con Longarone dal 1991.<\/p>\n<p>Dal 2015 al 2018 \u00e8 stato consigliere della Famiglia Emigranti di Longarone e dal 2016 presidente dell\u2019Associazione Amici di Urussanga, incarico che ha ricoperto fino alla sua scomparsa.<\/p>\n<p>Un protagonista della vita pubblica<br \/>\nOlivier ha avuto anche una lunga carriera politica e amministrativa, iniziata nel 1985 come consigliere comunale a Longarone. Ha ricoperto numerosi incarichi, tra cui assessore alla Protezione Civile, Sanit\u00e0 e Servizi Sociali, capogruppo consiliare a Castellavazzo, e rappresentante nella Comunit\u00e0 Montana Cadore Longaronese Zoldo.<\/p>\n<p>Tra il 2009 e il 2014 \u00e8 stato vice sindaco e presidente della squadra di Protezione Civile di Longarone, nonch\u00e9 presidente della locale casa di riposo per anziani. La sua attivit\u00e0 \u00e8 stata caratterizzata dall\u2019organizzazione di eventi significativi, come il ventesimo anniversario del gemellaggio tra Longarone e Urussanga.<\/p>\n<p>Onorificenze e riconoscimenti<br \/>\nLuigino Olivier \u00e8 stato insignito di prestigiosi titoli: Cavaliere al Merito della Repubblica Italiana nel 2006 e Ufficiale al Merito nel 2014. Nel 2012 \u00e8 stato nominato cittadino onorario di Urussanga e nel 2013 socio benemerito dell\u2019Associazione Nazionale Carabinieri.<\/p>\n<p>Il cordoglio della comunit\u00e0<br \/>\nL\u2019Associazione Bellunesi nel Mondo e tutta la comunit\u00e0 longaronese piangono la scomparsa di un uomo che ha dedicato la sua vita al bene comune, sia nella sua Longarone che oltre i confini italiani.<\/p>\n<p>Olivier lascia la moglie e due figli.<\/p>","protected":false},"excerpt":{"rendered":"<p>\u00abPerdiamo un amministratore capace, leale, appassionato. Personalmente perdo un punto di riferimento, una voce amica e autorevole, un consigliere fidato\u00bb. Cos\u00ec il sindaco di Longarone Roberto Padrin, in una nota di cordoglio per la scomparsa di Luigino Olivier, 74 anni, gi\u00e0 vice sindaco nella prima amministrazione Padrin (dal 2009 al 2014), presidente dell\u2019Associazione Amici di [&hellip;]<\/p>\n","protected":false},"author":2,"featured_media":119261,"comment_status":"closed","ping_status":"open","sticky":false,"template":"","format":"standard","meta":{"footnotes":""},"categories":[5,26],"tags":[],"class_list":["post-157194","post","type-post","status-publish","format-standard","has-post-thumbnail","category-cronaca","category-prima-pagina"],"yoast_head":"<!-- This site is optimized with the Yoast SEO plugin v28.4 - https:\/\/yoast.com\/product\/yoast-seo-wordpress\/ -->\n<title>Cordoglio per la morte di Luigino Olivier, gi\u00e0 vicesindaco di Longarone - Bellunopress - Dolomiti<\/title>\n<meta name=\"robots\" content=\"index, follow, max-snippet:-1, max-image-preview:large, max-video-preview:-1\" \/>\n<link rel=\"canonical\" href=\"https:\/\/www.bellunopress.it\/fr\/2025\/01\/18\/cordoglio-per-la-morte-di-luigino-olivier-gia-vicesindaco-di-longarone\/\" \/>\n<meta property=\"og:locale\" content=\"fr_FR\" \/>\n<meta property=\"og:type\" content=\"article\" \/>\n<meta property=\"og:title\" content=\"Cordoglio per la morte di Luigino Olivier, gi\u00e0 vicesindaco di Longarone - Bellunopress - Dolomiti\" \/>\n<meta property=\"og:description\" content=\"\u00abPerdiamo un amministratore capace, leale, appassionato. Personalmente perdo un punto di riferimento, una voce amica e autorevole, un consigliere fidato\u00bb. Cos\u00ec il sindaco di Longarone Roberto Padrin, in una nota di cordoglio per la scomparsa di Luigino Olivier, 74 anni, gi\u00e0 vice sindaco nella prima amministrazione Padrin (dal 2009 al 2014), presidente dell\u2019Associazione Amici di [&hellip;]\" \/>\n<meta property=\"og:url\" content=\"https:\/\/www.bellunopress.it\/fr\/2025\/01\/18\/cordoglio-per-la-morte-di-luigino-olivier-gia-vicesindaco-di-longarone\/\" \/>\n<meta property=\"og:site_name\" content=\"Bellunopress - Dolomiti\" \/>\n<meta property=\"article:publisher\" content=\"https:\/\/www.facebook.com\/profile.php?id=100008943462799\" \/>\n<meta property=\"article:published_time\" content=\"2025-01-18T11:29:31+00:00\" \/>\n<meta property=\"article:modified_time\" content=\"2025-01-18T12:25:15+00:00\" \/>\n<meta property=\"og:image\" content=\"https:\/\/www.bellunopress.it\/wp-content\/uploads\/2020\/11\/lutto_edited.jpg\" \/>\n\t<meta property=\"og:image:width\" content=\"800\" \/>\n\t<meta property=\"og:image:height\" content=\"445\" \/>\n\t<meta property=\"og:image:type\" content=\"image\/jpeg\" \/>\n<meta name=\"author\" content=\"redazione\" \/>\n<meta name=\"twitter:card\" content=\"summary_large_image\" \/>\n<meta name=\"twitter:creator\" content=\"@bellunopress\" \/>\n<meta name=\"twitter:site\" content=\"@bellunopress\" \/>\n<meta name=\"twitter:label1\" content=\"Written by\" \/>\n\t<meta name=\"twitter:data1\" content=\"redazione\" \/>\n\t<meta name=\"twitter:label2\" content=\"Est. reading time\" \/>\n\t<meta name=\"twitter:data2\" content=\"4 minutes\" \/>\n<script type=\"application\/ld+json\" class=\"yoast-schema-graph\">{\"@context\":\"https:\\\/\\\/schema.org\",\"@graph\":[{\"@type\":\"Article\",\"@id\":\"https:\\\/\\\/www.bellunopress.it\\\/2025\\\/01\\\/18\\\/cordoglio-per-la-morte-di-luigino-olivier-gia-vicesindaco-di-longarone\\\/#article\",\"isPartOf\":{\"@id\":\"https:\\\/\\\/www.bellunopress.it\\\/2025\\\/01\\\/18\\\/cordoglio-per-la-morte-di-luigino-olivier-gia-vicesindaco-di-longarone\\\/\"},\"author\":{\"name\":\"redazione\",\"@id\":\"https:\\\/\\\/www.bellunopress.it\\\/#\\\/schema\\\/person\\\/79bb06722b37ece1c03d3e94beb30d73\"},\"headline\":\"Cordoglio per la morte di Luigino Olivier, gi\u00e0 vicesindaco di Longarone\",\"datePublished\":\"2025-01-18T11:29:31+00:00\",\"dateModified\":\"2025-01-18T12:25:15+00:00\",\"mainEntityOfPage\":{\"@id\":\"https:\\\/\\\/www.bellunopress.it\\\/2025\\\/01\\\/18\\\/cordoglio-per-la-morte-di-luigino-olivier-gia-vicesindaco-di-longarone\\\/\"},\"wordCount\":860,\"publisher\":{\"@id\":\"https:\\\/\\\/www.bellunopress.it\\\/#organization\"},\"image\":{\"@id\":\"https:\\\/\\\/www.bellunopress.it\\\/2025\\\/01\\\/18\\\/cordoglio-per-la-morte-di-luigino-olivier-gia-vicesindaco-di-longarone\\\/#primaryimage\"},\"thumbnailUrl\":\"https:\\\/\\\/www.bellunopress.it\\\/wp-content\\\/uploads\\\/2020\\\/11\\\/lutto_edited.jpg\",\"articleSection\":[\"Cronaca\\\/Politica\",\"Prima Pagina\"],\"inLanguage\":\"fr-FR\"},{\"@type\":\"WebPage\",\"@id\":\"https:\\\/\\\/www.bellunopress.it\\\/2025\\\/01\\\/18\\\/cordoglio-per-la-morte-di-luigino-olivier-gia-vicesindaco-di-longarone\\\/\",\"url\":\"https:\\\/\\\/www.bellunopress.it\\\/2025\\\/01\\\/18\\\/cordoglio-per-la-morte-di-luigino-olivier-gia-vicesindaco-di-longarone\\\/\",\"name\":\"Cordoglio per la morte di Luigino Olivier, gi\u00e0 vicesindaco di Longarone - Bellunopress - Dolomiti\",\"isPartOf\":{\"@id\":\"https:\\\/\\\/www.bellunopress.it\\\/#website\"},\"primaryImageOfPage\":{\"@id\":\"https:\\\/\\\/www.bellunopress.it\\\/2025\\\/01\\\/18\\\/cordoglio-per-la-morte-di-luigino-olivier-gia-vicesindaco-di-longarone\\\/#primaryimage\"},\"image\":{\"@id\":\"https:\\\/\\\/www.bellunopress.it\\\/2025\\\/01\\\/18\\\/cordoglio-per-la-morte-di-luigino-olivier-gia-vicesindaco-di-longarone\\\/#primaryimage\"},\"thumbnailUrl\":\"https:\\\/\\\/www.bellunopress.it\\\/wp-content\\\/uploads\\\/2020\\\/11\\\/lutto_edited.jpg\",\"datePublished\":\"2025-01-18T11:29:31+00:00\",\"dateModified\":\"2025-01-18T12:25:15+00:00\",\"breadcrumb\":{\"@id\":\"https:\\\/\\\/www.bellunopress.it\\\/2025\\\/01\\\/18\\\/cordoglio-per-la-morte-di-luigino-olivier-gia-vicesindaco-di-longarone\\\/#breadcrumb\"},\"inLanguage\":\"fr-FR\",\"potentialAction\":[{\"@type\":\"ReadAction\",\"target\":[\"https:\\\/\\\/www.bellunopress.it\\\/2025\\\/01\\\/18\\\/cordoglio-per-la-morte-di-luigino-olivier-gia-vicesindaco-di-longarone\\\/\"]}]},{\"@type\":\"ImageObject\",\"inLanguage\":\"fr-FR\",\"@id\":\"https:\\\/\\\/www.bellunopress.it\\\/2025\\\/01\\\/18\\\/cordoglio-per-la-morte-di-luigino-olivier-gia-vicesindaco-di-longarone\\\/#primaryimage\",\"url\":\"https:\\\/\\\/www.bellunopress.it\\\/wp-content\\\/uploads\\\/2020\\\/11\\\/lutto_edited.jpg\",\"contentUrl\":\"https:\\\/\\\/www.bellunopress.it\\\/wp-content\\\/uploads\\\/2020\\\/11\\\/lutto_edited.jpg\",\"width\":800,\"height\":445},{\"@type\":\"BreadcrumbList\",\"@id\":\"https:\\\/\\\/www.bellunopress.it\\\/2025\\\/01\\\/18\\\/cordoglio-per-la-morte-di-luigino-olivier-gia-vicesindaco-di-longarone\\\/#breadcrumb\",\"itemListElement\":[{\"@type\":\"ListItem\",\"position\":1,\"name\":\"Home\",\"item\":\"https:\\\/\\\/www.bellunopress.it\\\/\"},{\"@type\":\"ListItem\",\"position\":2,\"name\":\"Cordoglio per la morte di Luigino Olivier, gi\u00e0 vicesindaco di Longarone\"}]},{\"@type\":\"WebSite\",\"@id\":\"https:\\\/\\\/www.bellunopress.it\\\/#website\",\"url\":\"https:\\\/\\\/www.bellunopress.it\\\/\",\"name\":\"Bellunopress - Dolomiti\",\"description\":\"e-mail: redazione@bellunopress.it\",\"publisher\":{\"@id\":\"https:\\\/\\\/www.bellunopress.it\\\/#organization\"},\"potentialAction\":[{\"@type\":\"SearchAction\",\"target\":{\"@type\":\"EntryPoint\",\"urlTemplate\":\"https:\\\/\\\/www.bellunopress.it\\\/?s={search_term_string}\"},\"query-input\":{\"@type\":\"PropertyValueSpecification\",\"valueRequired\":true,\"valueName\":\"search_term_string\"}}],\"inLanguage\":\"fr-FR\"},{\"@type\":\"Organization\",\"@id\":\"https:\\\/\\\/www.bellunopress.it\\\/#organization\",\"name\":\"Bellunopress\",\"url\":\"https:\\\/\\\/www.bellunopress.it\\\/\",\"logo\":{\"@type\":\"ImageObject\",\"inLanguage\":\"fr-FR\",\"@id\":\"https:\\\/\\\/www.bellunopress.it\\\/#\\\/schema\\\/logo\\\/image\\\/\",\"url\":\"https:\\\/\\\/www.bellunopress.it\\\/wp-content\\\/uploads\\\/2011\\\/05\\\/cropped-logo-bellunopress-.jpg\",\"contentUrl\":\"https:\\\/\\\/www.bellunopress.it\\\/wp-content\\\/uploads\\\/2011\\\/05\\\/cropped-logo-bellunopress-.jpg\",\"width\":512,\"height\":512,\"caption\":\"Bellunopress\"},\"image\":{\"@id\":\"https:\\\/\\\/www.bellunopress.it\\\/#\\\/schema\\\/logo\\\/image\\\/\"},\"sameAs\":[\"https:\\\/\\\/www.facebook.com\\\/profile.php?id=100008943462799\",\"https:\\\/\\\/x.com\\\/bellunopress\",\"https:\\\/\\\/www.linkedin.com\\\/hp\\\/?dnr=JBzUWaJfMUw8vbXJJ2tVW5-I3jZKvC4wsoxE&amp;amp;amp;amp;amp;amp;trk=nav_responsive_tab_home\",\"https:\\\/\\\/www.youtube.com\\\/channel\\\/UCxL0wu1uN0_3_7hGG0306cw\"]},{\"@type\":\"Person\",\"@id\":\"https:\\\/\\\/www.bellunopress.it\\\/#\\\/schema\\\/person\\\/79bb06722b37ece1c03d3e94beb30d73\",\"name\":\"redazione\",\"image\":{\"@type\":\"ImageObject\",\"inLanguage\":\"fr-FR\",\"@id\":\"https:\\\/\\\/secure.gravatar.com\\\/avatar\\\/37d968a2e67a6fd04c169c4bdef102d0bc5d31b2546345219e348575eb80e9a0?s=96&d=mm&r=g\",\"url\":\"https:\\\/\\\/secure.gravatar.com\\\/avatar\\\/37d968a2e67a6fd04c169c4bdef102d0bc5d31b2546345219e348575eb80e9a0?s=96&d=mm&r=g\",\"contentUrl\":\"https:\\\/\\\/secure.gravatar.com\\\/avatar\\\/37d968a2e67a6fd04c169c4bdef102d0bc5d31b2546345219e348575eb80e9a0?s=96&d=mm&r=g\",\"caption\":\"redazione\"},\"sameAs\":[\"http:\\\/\\\/www.bellunopress.it\",\"https:\\\/\\\/x.com\\\/bellunopress\"],\"url\":\"https:\\\/\\\/www.bellunopress.it\\\/fr\\\/author\\\/redazione\\\/\"}]}<\/script>\n<!-- \/ Yoast SEO plugin. -->","yoast_head_json":{"title":"Cordoglio per la morte di Luigino Olivier, gi\u00e0 vicesindaco di Longarone - Bellunopress - Dolomiti","robots":{"index":"index","follow":"follow","max-snippet":"max-snippet:-1","max-image-preview":"max-image-preview:large","max-video-preview":"max-video-preview:-1"},"canonical":"https:\/\/www.bellunopress.it\/fr\/2025\/01\/18\/cordoglio-per-la-morte-di-luigino-olivier-gia-vicesindaco-di-longarone\/","og_locale":"fr_FR","og_type":"article","og_title":"Cordoglio per la morte di Luigino Olivier, gi\u00e0 vicesindaco di Longarone - Bellunopress - Dolomiti","og_description":"\u00abPerdiamo un amministratore capace, leale, appassionato. Personalmente perdo un punto di riferimento, una voce amica e autorevole, un consigliere fidato\u00bb. Cos\u00ec il sindaco di Longarone Roberto Padrin, in una nota di cordoglio per la scomparsa di Luigino Olivier, 74 anni, gi\u00e0 vice sindaco nella prima amministrazione Padrin (dal 2009 al 2014), presidente dell\u2019Associazione Amici di [&hellip;]","og_url":"https:\/\/www.bellunopress.it\/fr\/2025\/01\/18\/cordoglio-per-la-morte-di-luigino-olivier-gia-vicesindaco-di-longarone\/","og_site_name":"Bellunopress - Dolomiti","article_publisher":"https:\/\/www.facebook.com\/profile.php?id=100008943462799","article_published_time":"2025-01-18T11:29:31+00:00","article_modified_time":"2025-01-18T12:25:15+00:00","og_image":[{"width":800,"height":445,"url":"https:\/\/www.bellunopress.it\/wp-content\/uploads\/2020\/11\/lutto_edited.jpg","type":"image\/jpeg"}],"author":"redazione","twitter_card":"summary_large_image","twitter_creator":"@bellunopress","twitter_site":"@bellunopress","twitter_misc":{"Written by":"redazione","Est. reading time":"4 minutes"},"schema":{"@context":"https:\/\/schema.org","@graph":[{"@type":"Article","@id":"https:\/\/www.bellunopress.it\/2025\/01\/18\/cordoglio-per-la-morte-di-luigino-olivier-gia-vicesindaco-di-longarone\/#article","isPartOf":{"@id":"https:\/\/www.bellunopress.it\/2025\/01\/18\/cordoglio-per-la-morte-di-luigino-olivier-gia-vicesindaco-di-longarone\/"},"author":{"name":"redazione","@id":"https:\/\/www.bellunopress.it\/#\/schema\/person\/79bb06722b37ece1c03d3e94beb30d73"},"headline":"Cordoglio per la morte di Luigino Olivier, gi\u00e0 vicesindaco di Longarone","datePublished":"2025-01-18T11:29:31+00:00","dateModified":"2025-01-18T12:25:15+00:00","mainEntityOfPage":{"@id":"https:\/\/www.bellunopress.it\/2025\/01\/18\/cordoglio-per-la-morte-di-luigino-olivier-gia-vicesindaco-di-longarone\/"},"wordCount":860,"publisher":{"@id":"https:\/\/www.bellunopress.it\/#organization"},"image":{"@id":"https:\/\/www.bellunopress.it\/2025\/01\/18\/cordoglio-per-la-morte-di-luigino-olivier-gia-vicesindaco-di-longarone\/#primaryimage"},"thumbnailUrl":"https:\/\/www.bellunopress.it\/wp-content\/uploads\/2020\/11\/lutto_edited.jpg","articleSection":["Cronaca\/Politica","Prima Pagina"],"inLanguage":"fr-FR"},{"@type":"WebPage","@id":"https:\/\/www.bellunopress.it\/2025\/01\/18\/cordoglio-per-la-morte-di-luigino-olivier-gia-vicesindaco-di-longarone\/","url":"https:\/\/www.bellunopress.it\/2025\/01\/18\/cordoglio-per-la-morte-di-luigino-olivier-gia-vicesindaco-di-longarone\/","name":"Cordoglio per la morte di Luigino Olivier, gi\u00e0 vicesindaco di Longarone - Bellunopress - Dolomiti","isPartOf":{"@id":"https:\/\/www.bellunopress.it\/#website"},"primaryImageOfPage":{"@id":"https:\/\/www.bellunopress.it\/2025\/01\/18\/cordoglio-per-la-morte-di-luigino-olivier-gia-vicesindaco-di-longarone\/#primaryimage"},"image":{"@id":"https:\/\/www.bellunopress.it\/2025\/01\/18\/cordoglio-per-la-morte-di-luigino-olivier-gia-vicesindaco-di-longarone\/#primaryimage"},"thumbnailUrl":"https:\/\/www.bellunopress.it\/wp-content\/uploads\/2020\/11\/lutto_edited.jpg","datePublished":"2025-01-18T11:29:31+00:00","dateModified":"2025-01-18T12:25:15+00:00","breadcrumb":{"@id":"https:\/\/www.bellunopress.it\/2025\/01\/18\/cordoglio-per-la-morte-di-luigino-olivier-gia-vicesindaco-di-longarone\/#breadcrumb"},"inLanguage":"fr-FR","potentialAction":[{"@type":"ReadAction","target":["https:\/\/www.bellunopress.it\/2025\/01\/18\/cordoglio-per-la-morte-di-luigino-olivier-gia-vicesindaco-di-longarone\/"]}]},{"@type":"ImageObject","inLanguage":"fr-FR","@id":"https:\/\/www.bellunopress.it\/2025\/01\/18\/cordoglio-per-la-morte-di-luigino-olivier-gia-vicesindaco-di-longarone\/#primaryimage","url":"https:\/\/www.bellunopress.it\/wp-content\/uploads\/2020\/11\/lutto_edited.jpg","contentUrl":"https:\/\/www.bellunopress.it\/wp-content\/uploads\/2020\/11\/lutto_edited.jpg","width":800,"height":445},{"@type":"BreadcrumbList","@id":"https:\/\/www.bellunopress.it\/2025\/01\/18\/cordoglio-per-la-morte-di-luigino-olivier-gia-vicesindaco-di-longarone\/#breadcrumb","itemListElement":[{"@type":"ListItem","position":1,"name":"Home","item":"https:\/\/www.bellunopress.it\/"},{"@type":"ListItem","position":2,"name":"Cordoglio per la morte di Luigino Olivier, gi\u00e0 vicesindaco di Longarone"}]},{"@type":"WebSite","@id":"https:\/\/www.bellunopress.it\/#website","url":"https:\/\/www.bellunopress.it\/","name":"Bellunopress - Dolomiti","description":"e-mail: redazione@bellunopress.it","publisher":{"@id":"https:\/\/www.bellunopress.it\/#organization"},"potentialAction":[{"@type":"SearchAction","target":{"@type":"EntryPoint","urlTemplate":"https:\/\/www.bellunopress.it\/?s={search_term_string}"},"query-input":{"@type":"PropertyValueSpecification","valueRequired":true,"valueName":"search_term_string"}}],"inLanguage":"fr-FR"},{"@type":"Organization","@id":"https:\/\/www.bellunopress.it\/#organization","name":"Bellunopress","url":"https:\/\/www.bellunopress.it\/","logo":{"@type":"ImageObject","inLanguage":"fr-FR","@id":"https:\/\/www.bellunopress.it\/#\/schema\/logo\/image\/","url":"https:\/\/www.bellunopress.it\/wp-content\/uploads\/2011\/05\/cropped-logo-bellunopress-.jpg","contentUrl":"https:\/\/www.bellunopress.it\/wp-content\/uploads\/2011\/05\/cropped-logo-bellunopress-.jpg","width":512,"height":512,"caption":"Bellunopress"},"image":{"@id":"https:\/\/www.bellunopress.it\/#\/schema\/logo\/image\/"},"sameAs":["https:\/\/www.facebook.com\/profile.php?id=100008943462799","https:\/\/x.com\/bellunopress","https:\/\/www.linkedin.com\/hp\/?dnr=JBzUWaJfMUw8vbXJJ2tVW5-I3jZKvC4wsoxE&amp;amp;amp;amp;amp;amp;trk=nav_responsive_tab_home","https:\/\/www.youtube.com\/channel\/UCxL0wu1uN0_3_7hGG0306cw"]},{"@type":"Person","@id":"https:\/\/www.bellunopress.it\/#\/schema\/person\/79bb06722b37ece1c03d3e94beb30d73","name":"r\u00e9daction","image":{"@type":"ImageObject","inLanguage":"fr-FR","@id":"https:\/\/secure.gravatar.com\/avatar\/37d968a2e67a6fd04c169c4bdef102d0bc5d31b2546345219e348575eb80e9a0?s=96&d=mm&r=g","url":"https:\/\/secure.gravatar.com\/avatar\/37d968a2e67a6fd04c169c4bdef102d0bc5d31b2546345219e348575eb80e9a0?s=96&d=mm&r=g","contentUrl":"https:\/\/secure.gravatar.com\/avatar\/37d968a2e67a6fd04c169c4bdef102d0bc5d31b2546345219e348575eb80e9a0?s=96&d=mm&r=g","caption":"redazione"},"sameAs":["http:\/\/www.bellunopress.it","https:\/\/x.com\/bellunopress"],"url":"https:\/\/www.bellunopress.it\/fr\/author\/redazione\/"}]}},"_links":{"self":[{"href":"https:\/\/www.bellunopress.it\/fr\/wp-json\/wp\/v2\/posts\/157194","targetHints":{"allow":["GET"]}}],"collection":[{"href":"https:\/\/www.bellunopress.it\/fr\/wp-json\/wp\/v2\/posts"}],"about":[{"href":"https:\/\/www.bellunopress.it\/fr\/wp-json\/wp\/v2\/types\/post"}],"author":[{"embeddable":true,"href":"https:\/\/www.bellunopress.it\/fr\/wp-json\/wp\/v2\/users\/2"}],"replies":[{"embeddable":true,"href":"https:\/\/www.bellunopress.it\/fr\/wp-json\/wp\/v2\/comments?post=157194"}],"version-history":[{"count":4,"href":"https:\/\/www.bellunopress.it\/fr\/wp-json\/wp\/v2\/posts\/157194\/revisions"}],"predecessor-version":[{"id":157201,"href":"https:\/\/www.bellunopress.it\/fr\/wp-json\/wp\/v2\/posts\/157194\/revisions\/157201"}],"wp:featuredmedia":[{"embeddable":true,"href":"https:\/\/www.bellunopress.it\/fr\/wp-json\/wp\/v2\/media\/119261"}],"wp:attachment":[{"href":"https:\/\/www.bellunopress.it\/fr\/wp-json\/wp\/v2\/media?parent=157194"}],"wp:term":[{"taxonomy":"category","embeddable":true,"href":"https:\/\/www.bellunopress.it\/fr\/wp-json\/wp\/v2\/categories?post=157194"},{"taxonomy":"post_tag","embeddable":true,"href":"https:\/\/www.bellunopress.it\/fr\/wp-json\/wp\/v2\/tags?post=157194"}],"curies":[{"name":"wp","href":"https:\/\/api.w.org\/{rel}","templated":true}]}}