{"id":157189,"date":"2025-01-18T08:09:47","date_gmt":"2025-01-18T07:09:47","guid":{"rendered":"https:\/\/www.bellunopress.it\/?p=157189"},"modified":"2025-01-18T08:09:47","modified_gmt":"2025-01-18T07:09:47","slug":"pista-da-bob-di-cortina-eurodeputata-cristina-guarda-bellissima-gestirla-costera-come-150-posti-di-asilo-nido-ogni-anno","status":"publish","type":"post","link":"https:\/\/www.bellunopress.it\/fr\/2025\/01\/18\/pista-da-bob-di-cortina-eurodeputata-cristina-guarda-bellissima-gestirla-costera-come-150-posti-di-asilo-nido-ogni-anno\/","title":{"rendered":"Pista da bob di Cortina. Eurodeputata Cristina Guarda: Bellissima? Gestirla coster\u00e0 come 150 posti di asilo nido ogni anno"},"content":{"rendered":"<figure id=\"attachment_149752\" aria-describedby=\"caption-attachment-149752\" style=\"width: 699px\" class=\"wp-caption aligncenter\"><img loading=\"lazy\" decoding=\"async\" class=\"size-full wp-image-149752\" src=\"https:\/\/www.bellunopress.it\/wp-content\/uploads\/2024\/04\/Cristina-Guarda_edited.jpg\" alt=\"\" width=\"699\" height=\"937\" srcset=\"https:\/\/www.bellunopress.it\/wp-content\/uploads\/2024\/04\/Cristina-Guarda_edited.jpg 699w, https:\/\/www.bellunopress.it\/wp-content\/uploads\/2024\/04\/Cristina-Guarda_edited-373x500.jpg 373w, https:\/\/www.bellunopress.it\/wp-content\/uploads\/2024\/04\/Cristina-Guarda_edited-313x420.jpg 313w, https:\/\/www.bellunopress.it\/wp-content\/uploads\/2024\/04\/Cristina-Guarda_edited-696x933.jpg 696w\" sizes=\"auto, (max-width: 699px) 100vw, 699px\" \/><figcaption id=\"caption-attachment-149752\" class=\"wp-caption-text\">Cristina Guarda, eurodeputata<\/figcaption><\/figure>\n<p><strong>Fra 100 anni ci saranno i nostri nipoti, non la &#8220;bellissima&#8221; pista da bob<\/strong><br \/>\n<strong>Il costo di gestione dello sliding centre equivale a 150 posti di asilo nido all&#8217;anno<\/strong><\/p>\n<p>17 gennaio 2025 &#8211; Cristina Guarda, eurodeputata del gruppo Verdi\/ALE al Parlamento europeo, interviene in merito alla pista da bob di Cortina dopo il sopralluogo svolto ieri nel cantiere da parte del Comitato Olimpico Internazionale assieme a Fondazione Milano Cortina, Regione Veneto, Comune di Cortina e la Federazione internazionale di bob e skeleton guidata dall&#8217;italiano Ivo Ferriani.<\/p>\n<p>\u00abIeri il presidente della Federazione internazionale di bob ha definito &#8220;bellissima&#8221; la nuova pista in costruzione, per fare spazio alla quale \u00e8 stato necessario sradicare un bosco di larici centenari. Un giudizio estetico di cui prendiamo atto, ma che non condividiamo \u2014 e non solo per ragioni di tutela del paesaggio. Il presidente ha parlato di una testimonianza del passaggio dei Giochi a Cortina che durer\u00e0 almeno cinquant&#8217;anni. Ma a che prezzo?\u00bb<\/p>\n<p>\u00abIl costo di gestione stimato almeno per i primi vent&#8217;anni \u00e8 di circa 1,5 milioni di euro l&#8217;anno, che graveranno sulle casse di Regione ed enti locali. Con un&#8217;incognita sul piano finanziario, che sar\u00e0 verificato al costo di 54.900 euro dopo la richiesta del sindaco di Cortina alla Regione. Con 1,5 milioni di euro all&#8217;anno si potrebbero finanziare interamente 150 nuovi posti di asilo nido, per cominciare a rispondere ai bisogni delle famiglie bellunesi.\u00bb<\/p>\n<p>\u00abUna recente indagine realizzata da Fem Factor Dolomiti e Fondazione Corazzin, cofinanziata dall&#8217;Unione europea, ha evidenziato che il 52% delle donne diventate mamme lasciano il lavoro perch\u00e9 nel Bellunese mancano servizi per l&#8217;infanzia. L&#8217;altra carenza denunciata dalle donne lavoratrici riguarda i trasporti pubblici, giudicati inadeguati. Con 120 milioni di euro si pu\u00f2 scegliere di costruire una pista da bob, che sar\u00e0 utilizzata da poche decine di atleti, oppure di estendere il bonus regionale trasporti a tutte le famiglie con figli a carico.\u00bb<\/p>\n<p>\u00abLa nuova iniziativa promossa dall&#8217;assessore regionale all&#8217;Ambiente va nella direzione giusta, ma sconta i limiti di un investimento di 6,7 milioni di euro. Invece, una misura che mira a sostenere sul lungo periodo il trasporto pubblico locale, rendendolo competitivo con l&#8217;auto privata, pu\u00f2 aiutare concretamente le famiglie e ridurre le emissioni.\u00bb<\/p>\n<p>\u00abInsomma, la pista da bob sar\u00e0 pure bellissima. Ma non sarebbe ancora pi\u00f9 bello avere degli asili nido accessibili, una rete di trasporto pubblico efficiente e un lariceto centenario ancora in vita?\u00bb<\/p>\n<p>&nbsp;<\/p>\n<p>&nbsp;<\/p>","protected":false},"excerpt":{"rendered":"<p>Fra 100 anni ci saranno i nostri nipoti, non la &#8220;bellissima&#8221; pista da bob Il costo di gestione dello sliding centre equivale a 150 posti di asilo nido all&#8217;anno 17 gennaio 2025 &#8211; Cristina Guarda, eurodeputata del gruppo Verdi\/ALE al Parlamento europeo, interviene in merito alla pista da bob di Cortina dopo il sopralluogo svolto [&hellip;]<\/p>\n","protected":false},"author":2,"featured_media":149752,"comment_status":"closed","ping_status":"open","sticky":false,"template":"","format":"standard","meta":{"footnotes":""},"categories":[5,26],"tags":[],"class_list":["post-157189","post","type-post","status-publish","format-standard","has-post-thumbnail","category-cronaca","category-prima-pagina"],"yoast_head":"<!-- This site is optimized with the Yoast SEO plugin v28.4 - https:\/\/yoast.com\/product\/yoast-seo-wordpress\/ -->\n<title>Pista da bob di Cortina. Eurodeputata Cristina Guarda: Bellissima? Gestirla coster\u00e0 come 150 posti di asilo nido ogni anno - Bellunopress - Dolomiti<\/title>\n<meta name=\"robots\" content=\"index, follow, max-snippet:-1, max-image-preview:large, max-video-preview:-1\" \/>\n<link rel=\"canonical\" href=\"https:\/\/www.bellunopress.it\/fr\/2025\/01\/18\/pista-da-bob-di-cortina-eurodeputata-cristina-guarda-bellissima-gestirla-costera-come-150-posti-di-asilo-nido-ogni-anno\/\" \/>\n<meta property=\"og:locale\" content=\"fr_FR\" \/>\n<meta property=\"og:type\" content=\"article\" \/>\n<meta property=\"og:title\" content=\"Pista da bob di Cortina. Eurodeputata Cristina Guarda: Bellissima? Gestirla coster\u00e0 come 150 posti di asilo nido ogni anno - Bellunopress - Dolomiti\" \/>\n<meta property=\"og:description\" content=\"Fra 100 anni ci saranno i nostri nipoti, non la &#8220;bellissima&#8221; pista da bob Il costo di gestione dello sliding centre equivale a 150 posti di asilo nido all&#8217;anno 17 gennaio 2025 &#8211; Cristina Guarda, eurodeputata del gruppo Verdi\/ALE al Parlamento europeo, interviene in merito alla pista da bob di Cortina dopo il sopralluogo svolto [&hellip;]\" \/>\n<meta property=\"og:url\" content=\"https:\/\/www.bellunopress.it\/fr\/2025\/01\/18\/pista-da-bob-di-cortina-eurodeputata-cristina-guarda-bellissima-gestirla-costera-come-150-posti-di-asilo-nido-ogni-anno\/\" \/>\n<meta property=\"og:site_name\" content=\"Bellunopress - Dolomiti\" \/>\n<meta property=\"article:publisher\" content=\"https:\/\/www.facebook.com\/profile.php?id=100008943462799\" \/>\n<meta property=\"article:published_time\" content=\"2025-01-18T07:09:47+00:00\" \/>\n<meta property=\"og:image\" content=\"https:\/\/www.bellunopress.it\/wp-content\/uploads\/2024\/04\/Cristina-Guarda_edited.jpg\" \/>\n\t<meta property=\"og:image:width\" content=\"699\" \/>\n\t<meta property=\"og:image:height\" content=\"937\" \/>\n\t<meta property=\"og:image:type\" content=\"image\/jpeg\" \/>\n<meta name=\"author\" content=\"redazione\" \/>\n<meta name=\"twitter:card\" content=\"summary_large_image\" \/>\n<meta name=\"twitter:creator\" content=\"@bellunopress\" \/>\n<meta name=\"twitter:site\" content=\"@bellunopress\" \/>\n<meta name=\"twitter:label1\" content=\"\u00c9crit par\" \/>\n\t<meta name=\"twitter:data1\" content=\"redazione\" \/>\n\t<meta name=\"twitter:label2\" content=\"Dur\u00e9e de lecture estim\u00e9e\" \/>\n\t<meta name=\"twitter:data2\" content=\"2 minutes\" \/>\n<script type=\"application\/ld+json\" class=\"yoast-schema-graph\">{\"@context\":\"https:\\\/\\\/schema.org\",\"@graph\":[{\"@type\":\"Article\",\"@id\":\"https:\\\/\\\/www.bellunopress.it\\\/2025\\\/01\\\/18\\\/pista-da-bob-di-cortina-eurodeputata-cristina-guarda-bellissima-gestirla-costera-come-150-posti-di-asilo-nido-ogni-anno\\\/#article\",\"isPartOf\":{\"@id\":\"https:\\\/\\\/www.bellunopress.it\\\/2025\\\/01\\\/18\\\/pista-da-bob-di-cortina-eurodeputata-cristina-guarda-bellissima-gestirla-costera-come-150-posti-di-asilo-nido-ogni-anno\\\/\"},\"author\":{\"name\":\"redazione\",\"@id\":\"https:\\\/\\\/www.bellunopress.it\\\/#\\\/schema\\\/person\\\/79bb06722b37ece1c03d3e94beb30d73\"},\"headline\":\"Pista da bob di Cortina. Eurodeputata Cristina Guarda: Bellissima? Gestirla coster\u00e0 come 150 posti di asilo nido ogni anno\",\"datePublished\":\"2025-01-18T07:09:47+00:00\",\"mainEntityOfPage\":{\"@id\":\"https:\\\/\\\/www.bellunopress.it\\\/2025\\\/01\\\/18\\\/pista-da-bob-di-cortina-eurodeputata-cristina-guarda-bellissima-gestirla-costera-come-150-posti-di-asilo-nido-ogni-anno\\\/\"},\"wordCount\":427,\"publisher\":{\"@id\":\"https:\\\/\\\/www.bellunopress.it\\\/#organization\"},\"image\":{\"@id\":\"https:\\\/\\\/www.bellunopress.it\\\/2025\\\/01\\\/18\\\/pista-da-bob-di-cortina-eurodeputata-cristina-guarda-bellissima-gestirla-costera-come-150-posti-di-asilo-nido-ogni-anno\\\/#primaryimage\"},\"thumbnailUrl\":\"https:\\\/\\\/www.bellunopress.it\\\/wp-content\\\/uploads\\\/2024\\\/04\\\/Cristina-Guarda_edited.jpg\",\"articleSection\":[\"Cronaca\\\/Politica\",\"Prima Pagina\"],\"inLanguage\":\"fr-FR\"},{\"@type\":\"WebPage\",\"@id\":\"https:\\\/\\\/www.bellunopress.it\\\/2025\\\/01\\\/18\\\/pista-da-bob-di-cortina-eurodeputata-cristina-guarda-bellissima-gestirla-costera-come-150-posti-di-asilo-nido-ogni-anno\\\/\",\"url\":\"https:\\\/\\\/www.bellunopress.it\\\/2025\\\/01\\\/18\\\/pista-da-bob-di-cortina-eurodeputata-cristina-guarda-bellissima-gestirla-costera-come-150-posti-di-asilo-nido-ogni-anno\\\/\",\"name\":\"Pista da bob di Cortina. Eurodeputata Cristina Guarda: Bellissima? Gestirla coster\u00e0 come 150 posti di asilo nido ogni anno - Bellunopress - Dolomiti\",\"isPartOf\":{\"@id\":\"https:\\\/\\\/www.bellunopress.it\\\/#website\"},\"primaryImageOfPage\":{\"@id\":\"https:\\\/\\\/www.bellunopress.it\\\/2025\\\/01\\\/18\\\/pista-da-bob-di-cortina-eurodeputata-cristina-guarda-bellissima-gestirla-costera-come-150-posti-di-asilo-nido-ogni-anno\\\/#primaryimage\"},\"image\":{\"@id\":\"https:\\\/\\\/www.bellunopress.it\\\/2025\\\/01\\\/18\\\/pista-da-bob-di-cortina-eurodeputata-cristina-guarda-bellissima-gestirla-costera-come-150-posti-di-asilo-nido-ogni-anno\\\/#primaryimage\"},\"thumbnailUrl\":\"https:\\\/\\\/www.bellunopress.it\\\/wp-content\\\/uploads\\\/2024\\\/04\\\/Cristina-Guarda_edited.jpg\",\"datePublished\":\"2025-01-18T07:09:47+00:00\",\"breadcrumb\":{\"@id\":\"https:\\\/\\\/www.bellunopress.it\\\/2025\\\/01\\\/18\\\/pista-da-bob-di-cortina-eurodeputata-cristina-guarda-bellissima-gestirla-costera-come-150-posti-di-asilo-nido-ogni-anno\\\/#breadcrumb\"},\"inLanguage\":\"fr-FR\",\"potentialAction\":[{\"@type\":\"ReadAction\",\"target\":[\"https:\\\/\\\/www.bellunopress.it\\\/2025\\\/01\\\/18\\\/pista-da-bob-di-cortina-eurodeputata-cristina-guarda-bellissima-gestirla-costera-come-150-posti-di-asilo-nido-ogni-anno\\\/\"]}]},{\"@type\":\"ImageObject\",\"inLanguage\":\"fr-FR\",\"@id\":\"https:\\\/\\\/www.bellunopress.it\\\/2025\\\/01\\\/18\\\/pista-da-bob-di-cortina-eurodeputata-cristina-guarda-bellissima-gestirla-costera-come-150-posti-di-asilo-nido-ogni-anno\\\/#primaryimage\",\"url\":\"https:\\\/\\\/www.bellunopress.it\\\/wp-content\\\/uploads\\\/2024\\\/04\\\/Cristina-Guarda_edited.jpg\",\"contentUrl\":\"https:\\\/\\\/www.bellunopress.it\\\/wp-content\\\/uploads\\\/2024\\\/04\\\/Cristina-Guarda_edited.jpg\",\"width\":699,\"height\":937,\"caption\":\"Cristina Guarda, eurodeputata\"},{\"@type\":\"BreadcrumbList\",\"@id\":\"https:\\\/\\\/www.bellunopress.it\\\/2025\\\/01\\\/18\\\/pista-da-bob-di-cortina-eurodeputata-cristina-guarda-bellissima-gestirla-costera-come-150-posti-di-asilo-nido-ogni-anno\\\/#breadcrumb\",\"itemListElement\":[{\"@type\":\"ListItem\",\"position\":1,\"name\":\"Home\",\"item\":\"https:\\\/\\\/www.bellunopress.it\\\/\"},{\"@type\":\"ListItem\",\"position\":2,\"name\":\"Pista da bob di Cortina. Eurodeputata Cristina Guarda: Bellissima? Gestirla coster\u00e0 come 150 posti di asilo nido ogni anno\"}]},{\"@type\":\"WebSite\",\"@id\":\"https:\\\/\\\/www.bellunopress.it\\\/#website\",\"url\":\"https:\\\/\\\/www.bellunopress.it\\\/\",\"name\":\"Bellunopress - Dolomiti\",\"description\":\"e-mail: redazione@bellunopress.it\",\"publisher\":{\"@id\":\"https:\\\/\\\/www.bellunopress.it\\\/#organization\"},\"potentialAction\":[{\"@type\":\"SearchAction\",\"target\":{\"@type\":\"EntryPoint\",\"urlTemplate\":\"https:\\\/\\\/www.bellunopress.it\\\/?s={search_term_string}\"},\"query-input\":{\"@type\":\"PropertyValueSpecification\",\"valueRequired\":true,\"valueName\":\"search_term_string\"}}],\"inLanguage\":\"fr-FR\"},{\"@type\":\"Organization\",\"@id\":\"https:\\\/\\\/www.bellunopress.it\\\/#organization\",\"name\":\"Bellunopress\",\"url\":\"https:\\\/\\\/www.bellunopress.it\\\/\",\"logo\":{\"@type\":\"ImageObject\",\"inLanguage\":\"fr-FR\",\"@id\":\"https:\\\/\\\/www.bellunopress.it\\\/#\\\/schema\\\/logo\\\/image\\\/\",\"url\":\"https:\\\/\\\/www.bellunopress.it\\\/wp-content\\\/uploads\\\/2011\\\/05\\\/cropped-logo-bellunopress-.jpg\",\"contentUrl\":\"https:\\\/\\\/www.bellunopress.it\\\/wp-content\\\/uploads\\\/2011\\\/05\\\/cropped-logo-bellunopress-.jpg\",\"width\":512,\"height\":512,\"caption\":\"Bellunopress\"},\"image\":{\"@id\":\"https:\\\/\\\/www.bellunopress.it\\\/#\\\/schema\\\/logo\\\/image\\\/\"},\"sameAs\":[\"https:\\\/\\\/www.facebook.com\\\/profile.php?id=100008943462799\",\"https:\\\/\\\/x.com\\\/bellunopress\",\"https:\\\/\\\/www.linkedin.com\\\/hp\\\/?dnr=JBzUWaJfMUw8vbXJJ2tVW5-I3jZKvC4wsoxE&amp;amp;amp;amp;amp;amp;trk=nav_responsive_tab_home\",\"https:\\\/\\\/www.youtube.com\\\/channel\\\/UCxL0wu1uN0_3_7hGG0306cw\"]},{\"@type\":\"Person\",\"@id\":\"https:\\\/\\\/www.bellunopress.it\\\/#\\\/schema\\\/person\\\/79bb06722b37ece1c03d3e94beb30d73\",\"name\":\"redazione\",\"image\":{\"@type\":\"ImageObject\",\"inLanguage\":\"fr-FR\",\"@id\":\"https:\\\/\\\/secure.gravatar.com\\\/avatar\\\/37d968a2e67a6fd04c169c4bdef102d0bc5d31b2546345219e348575eb80e9a0?s=96&d=mm&r=g\",\"url\":\"https:\\\/\\\/secure.gravatar.com\\\/avatar\\\/37d968a2e67a6fd04c169c4bdef102d0bc5d31b2546345219e348575eb80e9a0?s=96&d=mm&r=g\",\"contentUrl\":\"https:\\\/\\\/secure.gravatar.com\\\/avatar\\\/37d968a2e67a6fd04c169c4bdef102d0bc5d31b2546345219e348575eb80e9a0?s=96&d=mm&r=g\",\"caption\":\"redazione\"},\"sameAs\":[\"http:\\\/\\\/www.bellunopress.it\",\"https:\\\/\\\/x.com\\\/bellunopress\"],\"url\":\"https:\\\/\\\/www.bellunopress.it\\\/fr\\\/author\\\/redazione\\\/\"}]}<\/script>\n<!-- \/ Yoast SEO plugin. -->","yoast_head_json":{"title":"Pista da bob di Cortina. Eurodeputata Cristina Guarda: Bellissima? Gestirla coster\u00e0 come 150 posti di asilo nido ogni anno - Bellunopress - Dolomiti","robots":{"index":"index","follow":"follow","max-snippet":"max-snippet:-1","max-image-preview":"max-image-preview:large","max-video-preview":"max-video-preview:-1"},"canonical":"https:\/\/www.bellunopress.it\/fr\/2025\/01\/18\/pista-da-bob-di-cortina-eurodeputata-cristina-guarda-bellissima-gestirla-costera-come-150-posti-di-asilo-nido-ogni-anno\/","og_locale":"fr_FR","og_type":"article","og_title":"Pista da bob di Cortina. Eurodeputata Cristina Guarda: Bellissima? Gestirla coster\u00e0 come 150 posti di asilo nido ogni anno - Bellunopress - Dolomiti","og_description":"Fra 100 anni ci saranno i nostri nipoti, non la &#8220;bellissima&#8221; pista da bob Il costo di gestione dello sliding centre equivale a 150 posti di asilo nido all&#8217;anno 17 gennaio 2025 &#8211; Cristina Guarda, eurodeputata del gruppo Verdi\/ALE al Parlamento europeo, interviene in merito alla pista da bob di Cortina dopo il sopralluogo svolto [&hellip;]","og_url":"https:\/\/www.bellunopress.it\/fr\/2025\/01\/18\/pista-da-bob-di-cortina-eurodeputata-cristina-guarda-bellissima-gestirla-costera-come-150-posti-di-asilo-nido-ogni-anno\/","og_site_name":"Bellunopress - Dolomiti","article_publisher":"https:\/\/www.facebook.com\/profile.php?id=100008943462799","article_published_time":"2025-01-18T07:09:47+00:00","og_image":[{"width":699,"height":937,"url":"https:\/\/www.bellunopress.it\/wp-content\/uploads\/2024\/04\/Cristina-Guarda_edited.jpg","type":"image\/jpeg"}],"author":"redazione","twitter_card":"summary_large_image","twitter_creator":"@bellunopress","twitter_site":"@bellunopress","twitter_misc":{"\u00c9crit par":"redazione","Dur\u00e9e de lecture estim\u00e9e":"2 minutes"},"schema":{"@context":"https:\/\/schema.org","@graph":[{"@type":"Article","@id":"https:\/\/www.bellunopress.it\/2025\/01\/18\/pista-da-bob-di-cortina-eurodeputata-cristina-guarda-bellissima-gestirla-costera-come-150-posti-di-asilo-nido-ogni-anno\/#article","isPartOf":{"@id":"https:\/\/www.bellunopress.it\/2025\/01\/18\/pista-da-bob-di-cortina-eurodeputata-cristina-guarda-bellissima-gestirla-costera-come-150-posti-di-asilo-nido-ogni-anno\/"},"author":{"name":"redazione","@id":"https:\/\/www.bellunopress.it\/#\/schema\/person\/79bb06722b37ece1c03d3e94beb30d73"},"headline":"Pista da bob di Cortina. Eurodeputata Cristina Guarda: Bellissima? Gestirla coster\u00e0 come 150 posti di asilo nido ogni anno","datePublished":"2025-01-18T07:09:47+00:00","mainEntityOfPage":{"@id":"https:\/\/www.bellunopress.it\/2025\/01\/18\/pista-da-bob-di-cortina-eurodeputata-cristina-guarda-bellissima-gestirla-costera-come-150-posti-di-asilo-nido-ogni-anno\/"},"wordCount":427,"publisher":{"@id":"https:\/\/www.bellunopress.it\/#organization"},"image":{"@id":"https:\/\/www.bellunopress.it\/2025\/01\/18\/pista-da-bob-di-cortina-eurodeputata-cristina-guarda-bellissima-gestirla-costera-come-150-posti-di-asilo-nido-ogni-anno\/#primaryimage"},"thumbnailUrl":"https:\/\/www.bellunopress.it\/wp-content\/uploads\/2024\/04\/Cristina-Guarda_edited.jpg","articleSection":["Cronaca\/Politica","Prima Pagina"],"inLanguage":"fr-FR"},{"@type":"WebPage","@id":"https:\/\/www.bellunopress.it\/2025\/01\/18\/pista-da-bob-di-cortina-eurodeputata-cristina-guarda-bellissima-gestirla-costera-come-150-posti-di-asilo-nido-ogni-anno\/","url":"https:\/\/www.bellunopress.it\/2025\/01\/18\/pista-da-bob-di-cortina-eurodeputata-cristina-guarda-bellissima-gestirla-costera-come-150-posti-di-asilo-nido-ogni-anno\/","name":"Pista da bob di Cortina. Eurodeputata Cristina Guarda: Bellissima? Gestirla coster\u00e0 come 150 posti di asilo nido ogni anno - Bellunopress - Dolomiti","isPartOf":{"@id":"https:\/\/www.bellunopress.it\/#website"},"primaryImageOfPage":{"@id":"https:\/\/www.bellunopress.it\/2025\/01\/18\/pista-da-bob-di-cortina-eurodeputata-cristina-guarda-bellissima-gestirla-costera-come-150-posti-di-asilo-nido-ogni-anno\/#primaryimage"},"image":{"@id":"https:\/\/www.bellunopress.it\/2025\/01\/18\/pista-da-bob-di-cortina-eurodeputata-cristina-guarda-bellissima-gestirla-costera-come-150-posti-di-asilo-nido-ogni-anno\/#primaryimage"},"thumbnailUrl":"https:\/\/www.bellunopress.it\/wp-content\/uploads\/2024\/04\/Cristina-Guarda_edited.jpg","datePublished":"2025-01-18T07:09:47+00:00","breadcrumb":{"@id":"https:\/\/www.bellunopress.it\/2025\/01\/18\/pista-da-bob-di-cortina-eurodeputata-cristina-guarda-bellissima-gestirla-costera-come-150-posti-di-asilo-nido-ogni-anno\/#breadcrumb"},"inLanguage":"fr-FR","potentialAction":[{"@type":"ReadAction","target":["https:\/\/www.bellunopress.it\/2025\/01\/18\/pista-da-bob-di-cortina-eurodeputata-cristina-guarda-bellissima-gestirla-costera-come-150-posti-di-asilo-nido-ogni-anno\/"]}]},{"@type":"ImageObject","inLanguage":"fr-FR","@id":"https:\/\/www.bellunopress.it\/2025\/01\/18\/pista-da-bob-di-cortina-eurodeputata-cristina-guarda-bellissima-gestirla-costera-come-150-posti-di-asilo-nido-ogni-anno\/#primaryimage","url":"https:\/\/www.bellunopress.it\/wp-content\/uploads\/2024\/04\/Cristina-Guarda_edited.jpg","contentUrl":"https:\/\/www.bellunopress.it\/wp-content\/uploads\/2024\/04\/Cristina-Guarda_edited.jpg","width":699,"height":937,"caption":"Cristina Guarda, eurodeputata"},{"@type":"BreadcrumbList","@id":"https:\/\/www.bellunopress.it\/2025\/01\/18\/pista-da-bob-di-cortina-eurodeputata-cristina-guarda-bellissima-gestirla-costera-come-150-posti-di-asilo-nido-ogni-anno\/#breadcrumb","itemListElement":[{"@type":"ListItem","position":1,"name":"Home","item":"https:\/\/www.bellunopress.it\/"},{"@type":"ListItem","position":2,"name":"Pista da bob di Cortina. Eurodeputata Cristina Guarda: Bellissima? Gestirla coster\u00e0 come 150 posti di asilo nido ogni anno"}]},{"@type":"WebSite","@id":"https:\/\/www.bellunopress.it\/#website","url":"https:\/\/www.bellunopress.it\/","name":"Bellunopress - Dolomiti","description":"e-mail: redazione@bellunopress.it","publisher":{"@id":"https:\/\/www.bellunopress.it\/#organization"},"potentialAction":[{"@type":"SearchAction","target":{"@type":"EntryPoint","urlTemplate":"https:\/\/www.bellunopress.it\/?s={search_term_string}"},"query-input":{"@type":"PropertyValueSpecification","valueRequired":true,"valueName":"search_term_string"}}],"inLanguage":"fr-FR"},{"@type":"Organization","@id":"https:\/\/www.bellunopress.it\/#organization","name":"Bellunopress","url":"https:\/\/www.bellunopress.it\/","logo":{"@type":"ImageObject","inLanguage":"fr-FR","@id":"https:\/\/www.bellunopress.it\/#\/schema\/logo\/image\/","url":"https:\/\/www.bellunopress.it\/wp-content\/uploads\/2011\/05\/cropped-logo-bellunopress-.jpg","contentUrl":"https:\/\/www.bellunopress.it\/wp-content\/uploads\/2011\/05\/cropped-logo-bellunopress-.jpg","width":512,"height":512,"caption":"Bellunopress"},"image":{"@id":"https:\/\/www.bellunopress.it\/#\/schema\/logo\/image\/"},"sameAs":["https:\/\/www.facebook.com\/profile.php?id=100008943462799","https:\/\/x.com\/bellunopress","https:\/\/www.linkedin.com\/hp\/?dnr=JBzUWaJfMUw8vbXJJ2tVW5-I3jZKvC4wsoxE&amp;amp;amp;amp;amp;amp;trk=nav_responsive_tab_home","https:\/\/www.youtube.com\/channel\/UCxL0wu1uN0_3_7hGG0306cw"]},{"@type":"Person","@id":"https:\/\/www.bellunopress.it\/#\/schema\/person\/79bb06722b37ece1c03d3e94beb30d73","name":"r\u00e9daction","image":{"@type":"ImageObject","inLanguage":"fr-FR","@id":"https:\/\/secure.gravatar.com\/avatar\/37d968a2e67a6fd04c169c4bdef102d0bc5d31b2546345219e348575eb80e9a0?s=96&d=mm&r=g","url":"https:\/\/secure.gravatar.com\/avatar\/37d968a2e67a6fd04c169c4bdef102d0bc5d31b2546345219e348575eb80e9a0?s=96&d=mm&r=g","contentUrl":"https:\/\/secure.gravatar.com\/avatar\/37d968a2e67a6fd04c169c4bdef102d0bc5d31b2546345219e348575eb80e9a0?s=96&d=mm&r=g","caption":"redazione"},"sameAs":["http:\/\/www.bellunopress.it","https:\/\/x.com\/bellunopress"],"url":"https:\/\/www.bellunopress.it\/fr\/author\/redazione\/"}]}},"_links":{"self":[{"href":"https:\/\/www.bellunopress.it\/fr\/wp-json\/wp\/v2\/posts\/157189","targetHints":{"allow":["GET"]}}],"collection":[{"href":"https:\/\/www.bellunopress.it\/fr\/wp-json\/wp\/v2\/posts"}],"about":[{"href":"https:\/\/www.bellunopress.it\/fr\/wp-json\/wp\/v2\/types\/post"}],"author":[{"embeddable":true,"href":"https:\/\/www.bellunopress.it\/fr\/wp-json\/wp\/v2\/users\/2"}],"replies":[{"embeddable":true,"href":"https:\/\/www.bellunopress.it\/fr\/wp-json\/wp\/v2\/comments?post=157189"}],"version-history":[{"count":1,"href":"https:\/\/www.bellunopress.it\/fr\/wp-json\/wp\/v2\/posts\/157189\/revisions"}],"predecessor-version":[{"id":157190,"href":"https:\/\/www.bellunopress.it\/fr\/wp-json\/wp\/v2\/posts\/157189\/revisions\/157190"}],"wp:featuredmedia":[{"embeddable":true,"href":"https:\/\/www.bellunopress.it\/fr\/wp-json\/wp\/v2\/media\/149752"}],"wp:attachment":[{"href":"https:\/\/www.bellunopress.it\/fr\/wp-json\/wp\/v2\/media?parent=157189"}],"wp:term":[{"taxonomy":"category","embeddable":true,"href":"https:\/\/www.bellunopress.it\/fr\/wp-json\/wp\/v2\/categories?post=157189"},{"taxonomy":"post_tag","embeddable":true,"href":"https:\/\/www.bellunopress.it\/fr\/wp-json\/wp\/v2\/tags?post=157189"}],"curies":[{"name":"wp","href":"https:\/\/api.w.org\/{rel}","templated":true}]}}