{"id":157184,"date":"2025-01-17T18:16:42","date_gmt":"2025-01-17T17:16:42","guid":{"rendered":"https:\/\/www.bellunopress.it\/?p=157184"},"modified":"2025-01-17T18:16:42","modified_gmt":"2025-01-17T17:16:42","slug":"iris-de-martin-pinter-lo-sprint-vincente-a-falcade","status":"publish","type":"post","link":"https:\/\/www.bellunopress.it\/fr\/2025\/01\/17\/iris-de-martin-pinter-lo-sprint-vincente-a-falcade\/","title":{"rendered":"Iris De Martin Pinter, lo sprint vincente a Falcade"},"content":{"rendered":"<p><em><strong><img loading=\"lazy\" decoding=\"async\" class=\"aligncenter size-large wp-image-157185\" src=\"https:\/\/www.bellunopress.it\/wp-content\/uploads\/2025\/01\/Iris-De-Martin-Pinter-Fesa-Cup-Falcade_edited.jpg\" alt=\"\" width=\"696\" height=\"464\" srcset=\"https:\/\/www.bellunopress.it\/wp-content\/uploads\/2025\/01\/Iris-De-Martin-Pinter-Fesa-Cup-Falcade_edited.jpg 1000w, https:\/\/www.bellunopress.it\/wp-content\/uploads\/2025\/01\/Iris-De-Martin-Pinter-Fesa-Cup-Falcade_edited-500x334.jpg 500w, https:\/\/www.bellunopress.it\/wp-content\/uploads\/2025\/01\/Iris-De-Martin-Pinter-Fesa-Cup-Falcade_edited-630x420.jpg 630w, https:\/\/www.bellunopress.it\/wp-content\/uploads\/2025\/01\/Iris-De-Martin-Pinter-Fesa-Cup-Falcade_edited-696x464.jpg 696w\" sizes=\"auto, (max-width: 696px) 100vw, 696px\" \/>Una Coppa Europa a tinte azzurre\u00a0<\/strong><\/em><\/p>\n<p><em><strong>Comincia con la Sprint in classico la FESA Cup di sci di fondo di Falcade<\/strong><\/em><\/p>\n<p><em><strong>Iris De Martin Pinter centra la vittoria sulle piste &#8216;di casa&#8217;, 1\u00b0 podio per Romina Bachmann<\/strong><\/em><\/p>\n<p><em><strong>Al maschile festa tedesca ma si piazzano Giacomo Gabrielli, Alessandro Chiocchetti e Federico Pozzi<\/strong><\/em><\/p>\n<p><em><strong>Domani si continua con l&#8217;Individual a skating, procede il lavoro dell&#8217;SC Val Biois<\/strong><\/em><\/p>\n<p>Comincia con il piede giusto la tappa bellunese della FESA Cup di Falcade, con i talenti dello sci di fondo che hanno messo in scena un grande spettacolo nella Sprint in tecnica classica. Sulle piste del Falcade Ski Center si \u00e8 imposta l&#8217;atleta di casa Iris De Martin Pinter (Senior), con il successo della transalpina Daphne Patois nelle Junior. Festa tedesca al maschile con Keck e Weidlich a precedere rispettivamente Gabrielli e Pozzi nelle categorie Senior e Junior.<\/p>\n<p>Nella Sprint al maschile \u00e8 un Germania-Italia 2 a 0 con le vittorie di Elias Keck tra i Senior e Janik Weidlich tra gli Junior. Keck, leader della generale di FESA Cup, ha sferrato l&#8217;attacco decisivo in salita, quando nella conseguente discesa il fiemmese Giacomo Gabrielli \u00e8 incappato in una caduta che ne ha compromesso le ambizioni di vittoria. Il portacolori dell&#8217;Esercito si \u00e8 per\u00f2 reso protagonista di uno splendido recupero chiudendo in 2.a posizione davanti al ritrovato fassano Alessandro Chiocchetti (FFGG). &#8220;\u00c8 un buon 2\u00b0 posto per la Coppa Europa, ma non sono contento per via dell&#8217;intoppo nel primo tratto. Sono caduto e ho dovuto fare un mega recupero, per\u00f2 \u00e8 stata comunque una bella gara. \u00c8 una manifestazione internazionale, qua in Italia, quindi sono contento anche se ovviamente puntavo a vincere&#8221; ha raccontato in mixed zone Gabrielli, che analizza in modo schietto la sua performance dopo aver combattuto, e vinto, in una semifinale interamente &#8220;teutonica&#8221; con 5 atleti tedeschi al suo fianco. In crescita Chiocchetti, che all&#8217;arrivo ha aggiunto: &#8220;ho avuto buone sensazioni fin dalla qualifica e sono molto contento di essermi sentito bene. \u00c8 stato un inizio di stagione difficile e questo bel risultato conferma le sensazioni positive in allenamento&#8221;.<\/p>\n<p>A centrare la qualifica erano stati 9 azzurri con, oltre ai due atleti a podio e il 4\u00b0 classificato, il valdostano Mikael Abram, i trentini Giovanni Ticc\u00f2 (9\u00b0) e Riccardo Bernardi (12\u00b0), il livignasco Teo Galli (18\u00b0), l&#8217;altoatesino Benjamin Schwingshackl (21\u00b0), il piemontese Davide Ghio (27\u00b0) e il lombardo Aksel Artusi (28\u00b0).<\/p>\n<p>Nella scattante prova Junior, dopo aver stampato il miglior tempo in qualifica e superato con convinzione le batterie, ha conquistato un solido 2\u00b0 posto Federico Pozzi alle spalle del tedesco Janik Weidlich. &#8220;In finale mi sono fatto un po&#8217; infilare nella prima parte. In salita ho scollinato per 4\u00b0 e nell&#8217;ultimo piano sono riuscito ad uscire piuttosto forte nel tratto finale, ma non abbastanza. Dovevo uscire forse un po&#8217; prima, ma \u00e8 sempre facile dopo la gara dire cosa si sbaglia, durante invece \u00e8 veramente difficile. Per\u00f2 sono contento&#8221; ha dichiarato il valtellinese al traguardo, che sale sul podio in 2.a piazza davanti al tedesco Felix Bollwein. La finale Junior presentava ben 3 azzurri, con Tommaso Cuc e Niccol\u00f2 Giovanni Bianchi che hanno concluso la loro prova al 4\u00b0 e 6\u00b0 posto. A qualificarsi per le batterie sono stati 10 atleti tricolori con anche il friulano Marco Pinzani (7\u00b0), il bergamasco Davide Negroni (8\u00b0), il piemontese Gabriele Matli (13\u00b0), l&#8217;altoatesino Ruben Wurzer (14\u00b0), i trentini Luca Ferrari (15\u00b0) e Andrea Goss (16\u00b0) e il piemontese Alessio Romano (27\u00b0).<\/p>\n<p>Con le tre cime del Focobon e il monte Mulaz a vegliare sulla cerimonia di premiazione, nella gara femminile sono state celebrate le vittorie di Iris De Martin Pinter e Daphne Patois (FRA). In una Sprint in classico senza esclusione di colpi, ad avere la meglio nella prova Senior e &#8220;accorciare&#8221; le distanze nella sfida Italia-Germania \u00e8 stata l&#8217;atleta di casa Iris De Martin Pinter. La giovane classe 2004 dopo aver siglato il 5\u00b0 tempo in qualifica ha dominato tutte le batterie, vincendo una finale tirata con un paio di metri di vantaggio sulle rivali. Sul podio con l&#8217;atleta di Padola salgono le tedesche Anna-Maria Dietze e Lisa Lohmann. &#8220;Questa vittoria per me \u00e8 molto importante, mi serviva una conferma per ritrovare un po&#8217; di fiducia dopo un inizio di stagione non brillante. Vincere qui \u00e8 davvero bello, gareggio su questa pista fin da bambina e tornare a Falcade da Senior \u00e8 molto piacevole&#8221; ha aggiunto raggiante all&#8217;arrivo una soddisfatta De Martin Pinter. Contente e concordi sull&#8217;alto livello della gara anche le tedesche, che hanno apprezzato l&#8217;esigente ma perfetto tracciato di gara e l&#8217;intensit\u00e0 della Sprint.<\/p>\n<p>Cos\u00ec le altre azzurre qualificatesi in gara: 7.a la valdostana Nadine Laurent, 11.a e 13.a rispettivamente le bergamasche Lucia Isonni e Martina Bellini, e 21.a la trentina Stefania Corradini.<\/p>\n<p>Nella categoria Junior per l&#8217;Italia c&#8217;\u00e8 da festeggiare il primo podio in carriera di una scatenata Romina Bachmann, la giovane della Val Casies ha raggiunto infatti la sua prima finale in Sprint riuscendo a salire sul gradino pi\u00f9 basso del podio dopo aver avuto la meglio al photofinish sulla compagna di squadra Beatrice Laurent. &#8220;Sono molto contenta della gara, non mi aspettavo questo risultato!&#8221; ha aggiunto Bachmann sul traguardo. Salutata per un breve ma intenso lasso di tempo anche da un tiepido sole, la gara femminile Junior nella Valle del Biois ha registrato la vittoria della transalpina Daphne Patois davanti all&#8217;austriaca Heidi Bucher. Nella Sprint sul tracciato da 1,4 km del centro fondo Pietro Scola fra le Junior avevano centrato la qualificazione anche le altoatesine Marie Schwitzer (8.a) e Marit Folie (10.a), le venete Caterina Milani (19.a) e Vanessa Cagnati (23.a) e l&#8217;altoatesina Anna Morandini (27.a).<\/p>\n<p>&#8220;Un evento di alto livello che \u00e8 per noi un piacere sostenere&#8221; ricorda da bordo pista l&#8217;head of global marketing di Sportful Federico Mele, che aggiunge &#8220;Sportful \u00e8 un&#8217;azienda veneta che mette le sue radici nel bellunese e nello sci di fondo in particolare, un onore supportare realt\u00e0 come quella dello Sci Club Val Biois nell&#8217;allestimento di una manifestazione continentale che raduna tanti protagonisti del panorama internazionale&#8221;.<\/p>\n<p>Domani la FESA Cup di Falcade continua con l&#8217;Individual 10 km in tecnica libera: dalle 9.30 le partenze delle gare maschili e a seguire quelle femminili, comitato e volontari dello SC Val Biois sono pronti a continuare il bel lavoro avviato oggi in occasione della Sprint.<\/p>\n<p>&nbsp;<\/p>\n<p><strong>Sprint TC \u2013 Senior Men<\/strong><\/p>\n<p>1. Keck Elias GER 3:30.68; 2. Gabrielli Giacomo ITA 3:32.52; 3. Chiocchetti Alessandro ITA 3:34.84; 4. Abram Mikael ITA 3:35.97; 5. Rousset Gaspard FRA 3:37.61; 6. Rollinger Toni GER 4:09.45<\/p>\n<p>&nbsp;<\/p>\n<p><strong>Sprint TC \u2013 Senior Women<\/strong><\/p>\n<p>1. De Martin Pinter Iris ITA 4:06.32; 2. Dietze Anna-Maria GER 4:06.67; 3. Lohmann Lisa GER 4:06.98; 4. Fuerstenberg Theresa GER 4:07.72; 5. Del Rio Gina AND 4:07.83; 6. Keck Lena GER 4:08.59<\/p>\n<p>&nbsp;<\/p>\n<p><strong>Sprint TC \u2013 U20 Men<\/strong><\/p>\n<p>1. Weidlich Janik GER 3:40.99; 2. Pozzi Federico ITA 3:41.06; 3. Bollwein Felix GER 3:41.59; 4. Cuc Tommaso ITA 3:41.78; 5. Moch Jakob Elias GER 3:42.59; 6 Bianchi Niccolo Giovanni ITA 3:50.28<\/p>\n<p>&nbsp;<\/p>\n<p><strong>Sprint TC \u2013 U20 Women<\/strong><\/p>\n<p>1. Patois Daphne FRA 4:19.39; 2. Bucher Heidi AUT 4:19.74; 3. Bachmann Romina ITA 4:19.99; 4. Laurent Beatrice ITA 4:20.05; 5. Duskova Katerina CZE 4:25.41; 6. Buchmann Anne GER 4:31.12<\/p>","protected":false},"excerpt":{"rendered":"<p>Una Coppa Europa a tinte azzurre\u00a0 Comincia con la Sprint in classico la FESA Cup di sci di fondo di Falcade Iris De Martin Pinter centra la vittoria sulle piste &#8216;di casa&#8217;, 1\u00b0 podio per Romina Bachmann Al maschile festa tedesca ma si piazzano Giacomo Gabrielli, Alessandro Chiocchetti e Federico Pozzi Domani si continua con [&hellip;]<\/p>\n","protected":false},"author":2,"featured_media":157185,"comment_status":"closed","ping_status":"open","sticky":false,"template":"","format":"standard","meta":{"footnotes":""},"categories":[26,4],"tags":[],"class_list":["post-157184","post","type-post","status-publish","format-standard","has-post-thumbnail","category-prima-pagina","category-sport"],"yoast_head":"<!-- This site is optimized with the Yoast SEO plugin v28.4 - https:\/\/yoast.com\/product\/yoast-seo-wordpress\/ -->\n<title>Iris De Martin Pinter, lo sprint vincente a Falcade - Bellunopress - Dolomiti<\/title>\n<meta name=\"robots\" content=\"index, follow, max-snippet:-1, max-image-preview:large, max-video-preview:-1\" \/>\n<link rel=\"canonical\" href=\"https:\/\/www.bellunopress.it\/fr\/2025\/01\/17\/iris-de-martin-pinter-lo-sprint-vincente-a-falcade\/\" \/>\n<meta property=\"og:locale\" content=\"fr_FR\" \/>\n<meta property=\"og:type\" content=\"article\" \/>\n<meta property=\"og:title\" content=\"Iris De Martin Pinter, lo sprint vincente a Falcade - Bellunopress - Dolomiti\" \/>\n<meta property=\"og:description\" content=\"Una Coppa Europa a tinte azzurre\u00a0 Comincia con la Sprint in classico la FESA Cup di sci di fondo di Falcade Iris De Martin Pinter centra la vittoria sulle piste &#8216;di casa&#8217;, 1\u00b0 podio per Romina Bachmann Al maschile festa tedesca ma si piazzano Giacomo Gabrielli, Alessandro Chiocchetti e Federico Pozzi Domani si continua con [&hellip;]\" \/>\n<meta property=\"og:url\" content=\"https:\/\/www.bellunopress.it\/fr\/2025\/01\/17\/iris-de-martin-pinter-lo-sprint-vincente-a-falcade\/\" \/>\n<meta property=\"og:site_name\" content=\"Bellunopress - Dolomiti\" \/>\n<meta property=\"article:publisher\" content=\"https:\/\/www.facebook.com\/profile.php?id=100008943462799\" \/>\n<meta property=\"article:published_time\" content=\"2025-01-17T17:16:42+00:00\" \/>\n<meta property=\"og:image\" content=\"https:\/\/www.bellunopress.it\/wp-content\/uploads\/2025\/01\/Iris-De-Martin-Pinter-Fesa-Cup-Falcade_edited.jpg\" \/>\n\t<meta property=\"og:image:width\" content=\"1000\" \/>\n\t<meta property=\"og:image:height\" content=\"667\" \/>\n\t<meta property=\"og:image:type\" content=\"image\/jpeg\" \/>\n<meta name=\"author\" content=\"redazione\" \/>\n<meta name=\"twitter:card\" content=\"summary_large_image\" \/>\n<meta name=\"twitter:creator\" content=\"@bellunopress\" \/>\n<meta name=\"twitter:site\" content=\"@bellunopress\" \/>\n<meta name=\"twitter:label1\" content=\"\u00c9crit par\" \/>\n\t<meta name=\"twitter:data1\" content=\"redazione\" \/>\n\t<meta name=\"twitter:label2\" content=\"Dur\u00e9e de lecture estim\u00e9e\" \/>\n\t<meta name=\"twitter:data2\" content=\"5 minutes\" \/>\n<script type=\"application\/ld+json\" class=\"yoast-schema-graph\">{\"@context\":\"https:\\\/\\\/schema.org\",\"@graph\":[{\"@type\":\"Article\",\"@id\":\"https:\\\/\\\/www.bellunopress.it\\\/2025\\\/01\\\/17\\\/iris-de-martin-pinter-lo-sprint-vincente-a-falcade\\\/#article\",\"isPartOf\":{\"@id\":\"https:\\\/\\\/www.bellunopress.it\\\/2025\\\/01\\\/17\\\/iris-de-martin-pinter-lo-sprint-vincente-a-falcade\\\/\"},\"author\":{\"name\":\"redazione\",\"@id\":\"https:\\\/\\\/www.bellunopress.it\\\/#\\\/schema\\\/person\\\/79bb06722b37ece1c03d3e94beb30d73\"},\"headline\":\"Iris De Martin Pinter, lo sprint vincente a Falcade\",\"datePublished\":\"2025-01-17T17:16:42+00:00\",\"mainEntityOfPage\":{\"@id\":\"https:\\\/\\\/www.bellunopress.it\\\/2025\\\/01\\\/17\\\/iris-de-martin-pinter-lo-sprint-vincente-a-falcade\\\/\"},\"wordCount\":1131,\"publisher\":{\"@id\":\"https:\\\/\\\/www.bellunopress.it\\\/#organization\"},\"image\":{\"@id\":\"https:\\\/\\\/www.bellunopress.it\\\/2025\\\/01\\\/17\\\/iris-de-martin-pinter-lo-sprint-vincente-a-falcade\\\/#primaryimage\"},\"thumbnailUrl\":\"https:\\\/\\\/www.bellunopress.it\\\/wp-content\\\/uploads\\\/2025\\\/01\\\/Iris-De-Martin-Pinter-Fesa-Cup-Falcade_edited.jpg\",\"articleSection\":[\"Prima Pagina\",\"Sport, tempo libero\"],\"inLanguage\":\"fr-FR\"},{\"@type\":\"WebPage\",\"@id\":\"https:\\\/\\\/www.bellunopress.it\\\/2025\\\/01\\\/17\\\/iris-de-martin-pinter-lo-sprint-vincente-a-falcade\\\/\",\"url\":\"https:\\\/\\\/www.bellunopress.it\\\/2025\\\/01\\\/17\\\/iris-de-martin-pinter-lo-sprint-vincente-a-falcade\\\/\",\"name\":\"Iris De Martin Pinter, lo sprint vincente a Falcade - Bellunopress - Dolomiti\",\"isPartOf\":{\"@id\":\"https:\\\/\\\/www.bellunopress.it\\\/#website\"},\"primaryImageOfPage\":{\"@id\":\"https:\\\/\\\/www.bellunopress.it\\\/2025\\\/01\\\/17\\\/iris-de-martin-pinter-lo-sprint-vincente-a-falcade\\\/#primaryimage\"},\"image\":{\"@id\":\"https:\\\/\\\/www.bellunopress.it\\\/2025\\\/01\\\/17\\\/iris-de-martin-pinter-lo-sprint-vincente-a-falcade\\\/#primaryimage\"},\"thumbnailUrl\":\"https:\\\/\\\/www.bellunopress.it\\\/wp-content\\\/uploads\\\/2025\\\/01\\\/Iris-De-Martin-Pinter-Fesa-Cup-Falcade_edited.jpg\",\"datePublished\":\"2025-01-17T17:16:42+00:00\",\"breadcrumb\":{\"@id\":\"https:\\\/\\\/www.bellunopress.it\\\/2025\\\/01\\\/17\\\/iris-de-martin-pinter-lo-sprint-vincente-a-falcade\\\/#breadcrumb\"},\"inLanguage\":\"fr-FR\",\"potentialAction\":[{\"@type\":\"ReadAction\",\"target\":[\"https:\\\/\\\/www.bellunopress.it\\\/2025\\\/01\\\/17\\\/iris-de-martin-pinter-lo-sprint-vincente-a-falcade\\\/\"]}]},{\"@type\":\"ImageObject\",\"inLanguage\":\"fr-FR\",\"@id\":\"https:\\\/\\\/www.bellunopress.it\\\/2025\\\/01\\\/17\\\/iris-de-martin-pinter-lo-sprint-vincente-a-falcade\\\/#primaryimage\",\"url\":\"https:\\\/\\\/www.bellunopress.it\\\/wp-content\\\/uploads\\\/2025\\\/01\\\/Iris-De-Martin-Pinter-Fesa-Cup-Falcade_edited.jpg\",\"contentUrl\":\"https:\\\/\\\/www.bellunopress.it\\\/wp-content\\\/uploads\\\/2025\\\/01\\\/Iris-De-Martin-Pinter-Fesa-Cup-Falcade_edited.jpg\",\"width\":1000,\"height\":667},{\"@type\":\"BreadcrumbList\",\"@id\":\"https:\\\/\\\/www.bellunopress.it\\\/2025\\\/01\\\/17\\\/iris-de-martin-pinter-lo-sprint-vincente-a-falcade\\\/#breadcrumb\",\"itemListElement\":[{\"@type\":\"ListItem\",\"position\":1,\"name\":\"Home\",\"item\":\"https:\\\/\\\/www.bellunopress.it\\\/\"},{\"@type\":\"ListItem\",\"position\":2,\"name\":\"Iris De Martin Pinter, lo sprint vincente a Falcade\"}]},{\"@type\":\"WebSite\",\"@id\":\"https:\\\/\\\/www.bellunopress.it\\\/#website\",\"url\":\"https:\\\/\\\/www.bellunopress.it\\\/\",\"name\":\"Bellunopress - Dolomiti\",\"description\":\"e-mail: redazione@bellunopress.it\",\"publisher\":{\"@id\":\"https:\\\/\\\/www.bellunopress.it\\\/#organization\"},\"potentialAction\":[{\"@type\":\"SearchAction\",\"target\":{\"@type\":\"EntryPoint\",\"urlTemplate\":\"https:\\\/\\\/www.bellunopress.it\\\/?s={search_term_string}\"},\"query-input\":{\"@type\":\"PropertyValueSpecification\",\"valueRequired\":true,\"valueName\":\"search_term_string\"}}],\"inLanguage\":\"fr-FR\"},{\"@type\":\"Organization\",\"@id\":\"https:\\\/\\\/www.bellunopress.it\\\/#organization\",\"name\":\"Bellunopress\",\"url\":\"https:\\\/\\\/www.bellunopress.it\\\/\",\"logo\":{\"@type\":\"ImageObject\",\"inLanguage\":\"fr-FR\",\"@id\":\"https:\\\/\\\/www.bellunopress.it\\\/#\\\/schema\\\/logo\\\/image\\\/\",\"url\":\"https:\\\/\\\/www.bellunopress.it\\\/wp-content\\\/uploads\\\/2011\\\/05\\\/cropped-logo-bellunopress-.jpg\",\"contentUrl\":\"https:\\\/\\\/www.bellunopress.it\\\/wp-content\\\/uploads\\\/2011\\\/05\\\/cropped-logo-bellunopress-.jpg\",\"width\":512,\"height\":512,\"caption\":\"Bellunopress\"},\"image\":{\"@id\":\"https:\\\/\\\/www.bellunopress.it\\\/#\\\/schema\\\/logo\\\/image\\\/\"},\"sameAs\":[\"https:\\\/\\\/www.facebook.com\\\/profile.php?id=100008943462799\",\"https:\\\/\\\/x.com\\\/bellunopress\",\"https:\\\/\\\/www.linkedin.com\\\/hp\\\/?dnr=JBzUWaJfMUw8vbXJJ2tVW5-I3jZKvC4wsoxE&amp;amp;amp;amp;amp;amp;trk=nav_responsive_tab_home\",\"https:\\\/\\\/www.youtube.com\\\/channel\\\/UCxL0wu1uN0_3_7hGG0306cw\"]},{\"@type\":\"Person\",\"@id\":\"https:\\\/\\\/www.bellunopress.it\\\/#\\\/schema\\\/person\\\/79bb06722b37ece1c03d3e94beb30d73\",\"name\":\"redazione\",\"image\":{\"@type\":\"ImageObject\",\"inLanguage\":\"fr-FR\",\"@id\":\"https:\\\/\\\/secure.gravatar.com\\\/avatar\\\/37d968a2e67a6fd04c169c4bdef102d0bc5d31b2546345219e348575eb80e9a0?s=96&d=mm&r=g\",\"url\":\"https:\\\/\\\/secure.gravatar.com\\\/avatar\\\/37d968a2e67a6fd04c169c4bdef102d0bc5d31b2546345219e348575eb80e9a0?s=96&d=mm&r=g\",\"contentUrl\":\"https:\\\/\\\/secure.gravatar.com\\\/avatar\\\/37d968a2e67a6fd04c169c4bdef102d0bc5d31b2546345219e348575eb80e9a0?s=96&d=mm&r=g\",\"caption\":\"redazione\"},\"sameAs\":[\"http:\\\/\\\/www.bellunopress.it\",\"https:\\\/\\\/x.com\\\/bellunopress\"],\"url\":\"https:\\\/\\\/www.bellunopress.it\\\/fr\\\/author\\\/redazione\\\/\"}]}<\/script>\n<!-- \/ Yoast SEO plugin. -->","yoast_head_json":{"title":"Iris De Martin Pinter, lo sprint vincente a Falcade - Bellunopress - Dolomiti","robots":{"index":"index","follow":"follow","max-snippet":"max-snippet:-1","max-image-preview":"max-image-preview:large","max-video-preview":"max-video-preview:-1"},"canonical":"https:\/\/www.bellunopress.it\/fr\/2025\/01\/17\/iris-de-martin-pinter-lo-sprint-vincente-a-falcade\/","og_locale":"fr_FR","og_type":"article","og_title":"Iris De Martin Pinter, lo sprint vincente a Falcade - Bellunopress - Dolomiti","og_description":"Una Coppa Europa a tinte azzurre\u00a0 Comincia con la Sprint in classico la FESA Cup di sci di fondo di Falcade Iris De Martin Pinter centra la vittoria sulle piste &#8216;di casa&#8217;, 1\u00b0 podio per Romina Bachmann Al maschile festa tedesca ma si piazzano Giacomo Gabrielli, Alessandro Chiocchetti e Federico Pozzi Domani si continua con [&hellip;]","og_url":"https:\/\/www.bellunopress.it\/fr\/2025\/01\/17\/iris-de-martin-pinter-lo-sprint-vincente-a-falcade\/","og_site_name":"Bellunopress - Dolomiti","article_publisher":"https:\/\/www.facebook.com\/profile.php?id=100008943462799","article_published_time":"2025-01-17T17:16:42+00:00","og_image":[{"width":1000,"height":667,"url":"https:\/\/www.bellunopress.it\/wp-content\/uploads\/2025\/01\/Iris-De-Martin-Pinter-Fesa-Cup-Falcade_edited.jpg","type":"image\/jpeg"}],"author":"redazione","twitter_card":"summary_large_image","twitter_creator":"@bellunopress","twitter_site":"@bellunopress","twitter_misc":{"\u00c9crit par":"redazione","Dur\u00e9e de lecture estim\u00e9e":"5 minutes"},"schema":{"@context":"https:\/\/schema.org","@graph":[{"@type":"Article","@id":"https:\/\/www.bellunopress.it\/2025\/01\/17\/iris-de-martin-pinter-lo-sprint-vincente-a-falcade\/#article","isPartOf":{"@id":"https:\/\/www.bellunopress.it\/2025\/01\/17\/iris-de-martin-pinter-lo-sprint-vincente-a-falcade\/"},"author":{"name":"redazione","@id":"https:\/\/www.bellunopress.it\/#\/schema\/person\/79bb06722b37ece1c03d3e94beb30d73"},"headline":"Iris De Martin Pinter, lo sprint vincente a Falcade","datePublished":"2025-01-17T17:16:42+00:00","mainEntityOfPage":{"@id":"https:\/\/www.bellunopress.it\/2025\/01\/17\/iris-de-martin-pinter-lo-sprint-vincente-a-falcade\/"},"wordCount":1131,"publisher":{"@id":"https:\/\/www.bellunopress.it\/#organization"},"image":{"@id":"https:\/\/www.bellunopress.it\/2025\/01\/17\/iris-de-martin-pinter-lo-sprint-vincente-a-falcade\/#primaryimage"},"thumbnailUrl":"https:\/\/www.bellunopress.it\/wp-content\/uploads\/2025\/01\/Iris-De-Martin-Pinter-Fesa-Cup-Falcade_edited.jpg","articleSection":["Prima Pagina","Sport, tempo libero"],"inLanguage":"fr-FR"},{"@type":"WebPage","@id":"https:\/\/www.bellunopress.it\/2025\/01\/17\/iris-de-martin-pinter-lo-sprint-vincente-a-falcade\/","url":"https:\/\/www.bellunopress.it\/2025\/01\/17\/iris-de-martin-pinter-lo-sprint-vincente-a-falcade\/","name":"Iris De Martin Pinter, lo sprint vincente a Falcade - Bellunopress - Dolomiti","isPartOf":{"@id":"https:\/\/www.bellunopress.it\/#website"},"primaryImageOfPage":{"@id":"https:\/\/www.bellunopress.it\/2025\/01\/17\/iris-de-martin-pinter-lo-sprint-vincente-a-falcade\/#primaryimage"},"image":{"@id":"https:\/\/www.bellunopress.it\/2025\/01\/17\/iris-de-martin-pinter-lo-sprint-vincente-a-falcade\/#primaryimage"},"thumbnailUrl":"https:\/\/www.bellunopress.it\/wp-content\/uploads\/2025\/01\/Iris-De-Martin-Pinter-Fesa-Cup-Falcade_edited.jpg","datePublished":"2025-01-17T17:16:42+00:00","breadcrumb":{"@id":"https:\/\/www.bellunopress.it\/2025\/01\/17\/iris-de-martin-pinter-lo-sprint-vincente-a-falcade\/#breadcrumb"},"inLanguage":"fr-FR","potentialAction":[{"@type":"ReadAction","target":["https:\/\/www.bellunopress.it\/2025\/01\/17\/iris-de-martin-pinter-lo-sprint-vincente-a-falcade\/"]}]},{"@type":"ImageObject","inLanguage":"fr-FR","@id":"https:\/\/www.bellunopress.it\/2025\/01\/17\/iris-de-martin-pinter-lo-sprint-vincente-a-falcade\/#primaryimage","url":"https:\/\/www.bellunopress.it\/wp-content\/uploads\/2025\/01\/Iris-De-Martin-Pinter-Fesa-Cup-Falcade_edited.jpg","contentUrl":"https:\/\/www.bellunopress.it\/wp-content\/uploads\/2025\/01\/Iris-De-Martin-Pinter-Fesa-Cup-Falcade_edited.jpg","width":1000,"height":667},{"@type":"BreadcrumbList","@id":"https:\/\/www.bellunopress.it\/2025\/01\/17\/iris-de-martin-pinter-lo-sprint-vincente-a-falcade\/#breadcrumb","itemListElement":[{"@type":"ListItem","position":1,"name":"Home","item":"https:\/\/www.bellunopress.it\/"},{"@type":"ListItem","position":2,"name":"Iris De Martin Pinter, lo sprint vincente a Falcade"}]},{"@type":"WebSite","@id":"https:\/\/www.bellunopress.it\/#website","url":"https:\/\/www.bellunopress.it\/","name":"Bellunopress - Dolomiti","description":"e-mail: redazione@bellunopress.it","publisher":{"@id":"https:\/\/www.bellunopress.it\/#organization"},"potentialAction":[{"@type":"SearchAction","target":{"@type":"EntryPoint","urlTemplate":"https:\/\/www.bellunopress.it\/?s={search_term_string}"},"query-input":{"@type":"PropertyValueSpecification","valueRequired":true,"valueName":"search_term_string"}}],"inLanguage":"fr-FR"},{"@type":"Organization","@id":"https:\/\/www.bellunopress.it\/#organization","name":"Bellunopress","url":"https:\/\/www.bellunopress.it\/","logo":{"@type":"ImageObject","inLanguage":"fr-FR","@id":"https:\/\/www.bellunopress.it\/#\/schema\/logo\/image\/","url":"https:\/\/www.bellunopress.it\/wp-content\/uploads\/2011\/05\/cropped-logo-bellunopress-.jpg","contentUrl":"https:\/\/www.bellunopress.it\/wp-content\/uploads\/2011\/05\/cropped-logo-bellunopress-.jpg","width":512,"height":512,"caption":"Bellunopress"},"image":{"@id":"https:\/\/www.bellunopress.it\/#\/schema\/logo\/image\/"},"sameAs":["https:\/\/www.facebook.com\/profile.php?id=100008943462799","https:\/\/x.com\/bellunopress","https:\/\/www.linkedin.com\/hp\/?dnr=JBzUWaJfMUw8vbXJJ2tVW5-I3jZKvC4wsoxE&amp;amp;amp;amp;amp;amp;trk=nav_responsive_tab_home","https:\/\/www.youtube.com\/channel\/UCxL0wu1uN0_3_7hGG0306cw"]},{"@type":"Person","@id":"https:\/\/www.bellunopress.it\/#\/schema\/person\/79bb06722b37ece1c03d3e94beb30d73","name":"r\u00e9daction","image":{"@type":"ImageObject","inLanguage":"fr-FR","@id":"https:\/\/secure.gravatar.com\/avatar\/37d968a2e67a6fd04c169c4bdef102d0bc5d31b2546345219e348575eb80e9a0?s=96&d=mm&r=g","url":"https:\/\/secure.gravatar.com\/avatar\/37d968a2e67a6fd04c169c4bdef102d0bc5d31b2546345219e348575eb80e9a0?s=96&d=mm&r=g","contentUrl":"https:\/\/secure.gravatar.com\/avatar\/37d968a2e67a6fd04c169c4bdef102d0bc5d31b2546345219e348575eb80e9a0?s=96&d=mm&r=g","caption":"redazione"},"sameAs":["http:\/\/www.bellunopress.it","https:\/\/x.com\/bellunopress"],"url":"https:\/\/www.bellunopress.it\/fr\/author\/redazione\/"}]}},"_links":{"self":[{"href":"https:\/\/www.bellunopress.it\/fr\/wp-json\/wp\/v2\/posts\/157184","targetHints":{"allow":["GET"]}}],"collection":[{"href":"https:\/\/www.bellunopress.it\/fr\/wp-json\/wp\/v2\/posts"}],"about":[{"href":"https:\/\/www.bellunopress.it\/fr\/wp-json\/wp\/v2\/types\/post"}],"author":[{"embeddable":true,"href":"https:\/\/www.bellunopress.it\/fr\/wp-json\/wp\/v2\/users\/2"}],"replies":[{"embeddable":true,"href":"https:\/\/www.bellunopress.it\/fr\/wp-json\/wp\/v2\/comments?post=157184"}],"version-history":[{"count":1,"href":"https:\/\/www.bellunopress.it\/fr\/wp-json\/wp\/v2\/posts\/157184\/revisions"}],"predecessor-version":[{"id":157186,"href":"https:\/\/www.bellunopress.it\/fr\/wp-json\/wp\/v2\/posts\/157184\/revisions\/157186"}],"wp:featuredmedia":[{"embeddable":true,"href":"https:\/\/www.bellunopress.it\/fr\/wp-json\/wp\/v2\/media\/157185"}],"wp:attachment":[{"href":"https:\/\/www.bellunopress.it\/fr\/wp-json\/wp\/v2\/media?parent=157184"}],"wp:term":[{"taxonomy":"category","embeddable":true,"href":"https:\/\/www.bellunopress.it\/fr\/wp-json\/wp\/v2\/categories?post=157184"},{"taxonomy":"post_tag","embeddable":true,"href":"https:\/\/www.bellunopress.it\/fr\/wp-json\/wp\/v2\/tags?post=157184"}],"curies":[{"name":"wp","href":"https:\/\/api.w.org\/{rel}","templated":true}]}}