{"id":157176,"date":"2025-01-17T14:59:59","date_gmt":"2025-01-17T13:59:59","guid":{"rendered":"https:\/\/www.bellunopress.it\/?p=157176"},"modified":"2025-01-17T14:59:59","modified_gmt":"2025-01-17T13:59:59","slug":"belluno-dissesto-strada-via-col-cavalier-le-segnalazioni-alla-giunta-comunale","status":"publish","type":"post","link":"https:\/\/www.bellunopress.it\/fr\/2025\/01\/17\/belluno-dissesto-strada-via-col-cavalier-le-segnalazioni-alla-giunta-comunale\/","title":{"rendered":"Belluno, dissesto strada via Col Cavalier. Le segnalazioni alla giunta comunale"},"content":{"rendered":"<figure id=\"attachment_157177\" aria-describedby=\"caption-attachment-157177\" style=\"width: 376px\" class=\"wp-caption aligncenter\"><img loading=\"lazy\" decoding=\"async\" class=\"size-full wp-image-157177\" src=\"https:\/\/www.bellunopress.it\/wp-content\/uploads\/2025\/01\/via-Col-Cavalier-Belluno-strada-dissestata.jpg\" alt=\"\" width=\"376\" height=\"508\" srcset=\"https:\/\/www.bellunopress.it\/wp-content\/uploads\/2025\/01\/via-Col-Cavalier-Belluno-strada-dissestata.jpg 376w, https:\/\/www.bellunopress.it\/wp-content\/uploads\/2025\/01\/via-Col-Cavalier-Belluno-strada-dissestata-370x500.jpg 370w, https:\/\/www.bellunopress.it\/wp-content\/uploads\/2025\/01\/via-Col-Cavalier-Belluno-strada-dissestata-311x420.jpg 311w\" sizes=\"auto, (max-width: 376px) 100vw, 376px\" \/><figcaption id=\"caption-attachment-157177\" class=\"wp-caption-text\">Belluno, via Col Cavalier<\/figcaption><\/figure>\n<p>Aumentano le preoccupazioni dei cittadini residenti sul colle e dei castionesi per lo stato della strada, via Col Cavalier, che da Belluno porta a Castion.<\/p>\n<p>Siamo venuti a conoscenza che la scorsa settimana un residente molto preoccupato ha segnalato la situazione ai VVFF che sono intervenuti in sopralluogo con successivo coinvolgimento della Polizia Municipale.<br \/>\nCome \u00e8 noto la strada \u00e8 interessata da tempo da un vasto dissesto con evidenti smottamenti a valle e preoccupanti cedimenti del muro di sostegno a monte. I pericoli sono evidenti. Inoltre i continui livellamenti con numerosi strati di asfalto hanno reso ormai inutili le protezioni dei guardrail ormai superati dal livello della sede stradale.<\/p>\n<p>Il gruppo consigliare PD, su segnalazione del Circolo PD Castionese, da sempre attento alle problematiche del territorio, nel marzo 2024 aveva interrogato Sindaco e Giunta per avere notizie in merito all\u2019ormai annoso problema (l\u2019intervento era gi\u00e0 stato promesso dalla precedente Giunta). Le risposte sono state che l\u2019intervento era stato finanziato. Ma a tutt\u2019oggi non si hanno notizie nuove in merito.<\/p>\n<p>C\u2019\u00e8 il progetto esecutivo? E, soprattutto, inizier\u00e0 l\u2019intervento? Quando \u00e8 previsto?<br \/>\nI castionesi, i residenti e chi frequenta il Nevegal sono molto preoccupati e la segnalazione fatta ai Vigili del Fuoco ne \u00e8 una dimostrazione.<\/p>\n<p><strong>Angelina Stefan &#8211; Segretaria circolo PD Castionese<\/strong><\/p>","protected":false},"excerpt":{"rendered":"<p>Aumentano le preoccupazioni dei cittadini residenti sul colle e dei castionesi per lo stato della strada, via Col Cavalier, che da Belluno porta a Castion. Siamo venuti a conoscenza che la scorsa settimana un residente molto preoccupato ha segnalato la situazione ai VVFF che sono intervenuti in sopralluogo con successivo coinvolgimento della Polizia Municipale. Come [&hellip;]<\/p>\n","protected":false},"author":2,"featured_media":157177,"comment_status":"closed","ping_status":"open","sticky":false,"template":"","format":"standard","meta":{"footnotes":""},"categories":[5,26],"tags":[],"class_list":["post-157176","post","type-post","status-publish","format-standard","has-post-thumbnail","category-cronaca","category-prima-pagina"],"yoast_head":"<!-- This site is optimized with the Yoast SEO plugin v28.4 - https:\/\/yoast.com\/product\/yoast-seo-wordpress\/ -->\n<title>Belluno, dissesto strada via Col Cavalier. Le segnalazioni alla giunta comunale - Bellunopress - Dolomiti<\/title>\n<meta name=\"robots\" content=\"index, follow, max-snippet:-1, max-image-preview:large, max-video-preview:-1\" \/>\n<link rel=\"canonical\" href=\"https:\/\/www.bellunopress.it\/fr\/2025\/01\/17\/belluno-dissesto-strada-via-col-cavalier-le-segnalazioni-alla-giunta-comunale\/\" \/>\n<meta property=\"og:locale\" content=\"fr_FR\" \/>\n<meta property=\"og:type\" content=\"article\" \/>\n<meta property=\"og:title\" content=\"Belluno, dissesto strada via Col Cavalier. Le segnalazioni alla giunta comunale - Bellunopress - Dolomiti\" \/>\n<meta property=\"og:description\" content=\"Aumentano le preoccupazioni dei cittadini residenti sul colle e dei castionesi per lo stato della strada, via Col Cavalier, che da Belluno porta a Castion. Siamo venuti a conoscenza che la scorsa settimana un residente molto preoccupato ha segnalato la situazione ai VVFF che sono intervenuti in sopralluogo con successivo coinvolgimento della Polizia Municipale. Come [&hellip;]\" \/>\n<meta property=\"og:url\" content=\"https:\/\/www.bellunopress.it\/fr\/2025\/01\/17\/belluno-dissesto-strada-via-col-cavalier-le-segnalazioni-alla-giunta-comunale\/\" \/>\n<meta property=\"og:site_name\" content=\"Bellunopress - Dolomiti\" \/>\n<meta property=\"article:publisher\" content=\"https:\/\/www.facebook.com\/profile.php?id=100008943462799\" \/>\n<meta property=\"article:published_time\" content=\"2025-01-17T13:59:59+00:00\" \/>\n<meta property=\"og:image\" content=\"https:\/\/www.bellunopress.it\/wp-content\/uploads\/2025\/01\/via-Col-Cavalier-Belluno-strada-dissestata.jpg\" \/>\n\t<meta property=\"og:image:width\" content=\"376\" \/>\n\t<meta property=\"og:image:height\" content=\"508\" \/>\n\t<meta property=\"og:image:type\" content=\"image\/jpeg\" \/>\n<meta name=\"author\" content=\"redazione\" \/>\n<meta name=\"twitter:card\" content=\"summary_large_image\" \/>\n<meta name=\"twitter:creator\" content=\"@bellunopress\" \/>\n<meta name=\"twitter:site\" content=\"@bellunopress\" \/>\n<meta name=\"twitter:label1\" content=\"\u00c9crit par\" \/>\n\t<meta name=\"twitter:data1\" content=\"redazione\" \/>\n\t<meta name=\"twitter:label2\" content=\"Dur\u00e9e de lecture estim\u00e9e\" \/>\n\t<meta name=\"twitter:data2\" content=\"1 minute\" \/>\n<script type=\"application\/ld+json\" class=\"yoast-schema-graph\">{\"@context\":\"https:\\\/\\\/schema.org\",\"@graph\":[{\"@type\":\"Article\",\"@id\":\"https:\\\/\\\/www.bellunopress.it\\\/2025\\\/01\\\/17\\\/belluno-dissesto-strada-via-col-cavalier-le-segnalazioni-alla-giunta-comunale\\\/#article\",\"isPartOf\":{\"@id\":\"https:\\\/\\\/www.bellunopress.it\\\/2025\\\/01\\\/17\\\/belluno-dissesto-strada-via-col-cavalier-le-segnalazioni-alla-giunta-comunale\\\/\"},\"author\":{\"name\":\"redazione\",\"@id\":\"https:\\\/\\\/www.bellunopress.it\\\/#\\\/schema\\\/person\\\/79bb06722b37ece1c03d3e94beb30d73\"},\"headline\":\"Belluno, dissesto strada via Col Cavalier. Le segnalazioni alla giunta comunale\",\"datePublished\":\"2025-01-17T13:59:59+00:00\",\"mainEntityOfPage\":{\"@id\":\"https:\\\/\\\/www.bellunopress.it\\\/2025\\\/01\\\/17\\\/belluno-dissesto-strada-via-col-cavalier-le-segnalazioni-alla-giunta-comunale\\\/\"},\"wordCount\":233,\"publisher\":{\"@id\":\"https:\\\/\\\/www.bellunopress.it\\\/#organization\"},\"image\":{\"@id\":\"https:\\\/\\\/www.bellunopress.it\\\/2025\\\/01\\\/17\\\/belluno-dissesto-strada-via-col-cavalier-le-segnalazioni-alla-giunta-comunale\\\/#primaryimage\"},\"thumbnailUrl\":\"https:\\\/\\\/www.bellunopress.it\\\/wp-content\\\/uploads\\\/2025\\\/01\\\/via-Col-Cavalier-Belluno-strada-dissestata.jpg\",\"articleSection\":[\"Cronaca\\\/Politica\",\"Prima Pagina\"],\"inLanguage\":\"fr-FR\"},{\"@type\":\"WebPage\",\"@id\":\"https:\\\/\\\/www.bellunopress.it\\\/2025\\\/01\\\/17\\\/belluno-dissesto-strada-via-col-cavalier-le-segnalazioni-alla-giunta-comunale\\\/\",\"url\":\"https:\\\/\\\/www.bellunopress.it\\\/2025\\\/01\\\/17\\\/belluno-dissesto-strada-via-col-cavalier-le-segnalazioni-alla-giunta-comunale\\\/\",\"name\":\"Belluno, dissesto strada via Col Cavalier. Le segnalazioni alla giunta comunale - Bellunopress - Dolomiti\",\"isPartOf\":{\"@id\":\"https:\\\/\\\/www.bellunopress.it\\\/#website\"},\"primaryImageOfPage\":{\"@id\":\"https:\\\/\\\/www.bellunopress.it\\\/2025\\\/01\\\/17\\\/belluno-dissesto-strada-via-col-cavalier-le-segnalazioni-alla-giunta-comunale\\\/#primaryimage\"},\"image\":{\"@id\":\"https:\\\/\\\/www.bellunopress.it\\\/2025\\\/01\\\/17\\\/belluno-dissesto-strada-via-col-cavalier-le-segnalazioni-alla-giunta-comunale\\\/#primaryimage\"},\"thumbnailUrl\":\"https:\\\/\\\/www.bellunopress.it\\\/wp-content\\\/uploads\\\/2025\\\/01\\\/via-Col-Cavalier-Belluno-strada-dissestata.jpg\",\"datePublished\":\"2025-01-17T13:59:59+00:00\",\"breadcrumb\":{\"@id\":\"https:\\\/\\\/www.bellunopress.it\\\/2025\\\/01\\\/17\\\/belluno-dissesto-strada-via-col-cavalier-le-segnalazioni-alla-giunta-comunale\\\/#breadcrumb\"},\"inLanguage\":\"fr-FR\",\"potentialAction\":[{\"@type\":\"ReadAction\",\"target\":[\"https:\\\/\\\/www.bellunopress.it\\\/2025\\\/01\\\/17\\\/belluno-dissesto-strada-via-col-cavalier-le-segnalazioni-alla-giunta-comunale\\\/\"]}]},{\"@type\":\"ImageObject\",\"inLanguage\":\"fr-FR\",\"@id\":\"https:\\\/\\\/www.bellunopress.it\\\/2025\\\/01\\\/17\\\/belluno-dissesto-strada-via-col-cavalier-le-segnalazioni-alla-giunta-comunale\\\/#primaryimage\",\"url\":\"https:\\\/\\\/www.bellunopress.it\\\/wp-content\\\/uploads\\\/2025\\\/01\\\/via-Col-Cavalier-Belluno-strada-dissestata.jpg\",\"contentUrl\":\"https:\\\/\\\/www.bellunopress.it\\\/wp-content\\\/uploads\\\/2025\\\/01\\\/via-Col-Cavalier-Belluno-strada-dissestata.jpg\",\"width\":376,\"height\":508,\"caption\":\"Belluno, via Col Cavalier\"},{\"@type\":\"BreadcrumbList\",\"@id\":\"https:\\\/\\\/www.bellunopress.it\\\/2025\\\/01\\\/17\\\/belluno-dissesto-strada-via-col-cavalier-le-segnalazioni-alla-giunta-comunale\\\/#breadcrumb\",\"itemListElement\":[{\"@type\":\"ListItem\",\"position\":1,\"name\":\"Home\",\"item\":\"https:\\\/\\\/www.bellunopress.it\\\/\"},{\"@type\":\"ListItem\",\"position\":2,\"name\":\"Belluno, dissesto strada via Col Cavalier. Le segnalazioni alla giunta comunale\"}]},{\"@type\":\"WebSite\",\"@id\":\"https:\\\/\\\/www.bellunopress.it\\\/#website\",\"url\":\"https:\\\/\\\/www.bellunopress.it\\\/\",\"name\":\"Bellunopress - Dolomiti\",\"description\":\"e-mail: redazione@bellunopress.it\",\"publisher\":{\"@id\":\"https:\\\/\\\/www.bellunopress.it\\\/#organization\"},\"potentialAction\":[{\"@type\":\"SearchAction\",\"target\":{\"@type\":\"EntryPoint\",\"urlTemplate\":\"https:\\\/\\\/www.bellunopress.it\\\/?s={search_term_string}\"},\"query-input\":{\"@type\":\"PropertyValueSpecification\",\"valueRequired\":true,\"valueName\":\"search_term_string\"}}],\"inLanguage\":\"fr-FR\"},{\"@type\":\"Organization\",\"@id\":\"https:\\\/\\\/www.bellunopress.it\\\/#organization\",\"name\":\"Bellunopress\",\"url\":\"https:\\\/\\\/www.bellunopress.it\\\/\",\"logo\":{\"@type\":\"ImageObject\",\"inLanguage\":\"fr-FR\",\"@id\":\"https:\\\/\\\/www.bellunopress.it\\\/#\\\/schema\\\/logo\\\/image\\\/\",\"url\":\"https:\\\/\\\/www.bellunopress.it\\\/wp-content\\\/uploads\\\/2011\\\/05\\\/cropped-logo-bellunopress-.jpg\",\"contentUrl\":\"https:\\\/\\\/www.bellunopress.it\\\/wp-content\\\/uploads\\\/2011\\\/05\\\/cropped-logo-bellunopress-.jpg\",\"width\":512,\"height\":512,\"caption\":\"Bellunopress\"},\"image\":{\"@id\":\"https:\\\/\\\/www.bellunopress.it\\\/#\\\/schema\\\/logo\\\/image\\\/\"},\"sameAs\":[\"https:\\\/\\\/www.facebook.com\\\/profile.php?id=100008943462799\",\"https:\\\/\\\/x.com\\\/bellunopress\",\"https:\\\/\\\/www.linkedin.com\\\/hp\\\/?dnr=JBzUWaJfMUw8vbXJJ2tVW5-I3jZKvC4wsoxE&amp;amp;amp;amp;amp;amp;trk=nav_responsive_tab_home\",\"https:\\\/\\\/www.youtube.com\\\/channel\\\/UCxL0wu1uN0_3_7hGG0306cw\"]},{\"@type\":\"Person\",\"@id\":\"https:\\\/\\\/www.bellunopress.it\\\/#\\\/schema\\\/person\\\/79bb06722b37ece1c03d3e94beb30d73\",\"name\":\"redazione\",\"image\":{\"@type\":\"ImageObject\",\"inLanguage\":\"fr-FR\",\"@id\":\"https:\\\/\\\/secure.gravatar.com\\\/avatar\\\/37d968a2e67a6fd04c169c4bdef102d0bc5d31b2546345219e348575eb80e9a0?s=96&d=mm&r=g\",\"url\":\"https:\\\/\\\/secure.gravatar.com\\\/avatar\\\/37d968a2e67a6fd04c169c4bdef102d0bc5d31b2546345219e348575eb80e9a0?s=96&d=mm&r=g\",\"contentUrl\":\"https:\\\/\\\/secure.gravatar.com\\\/avatar\\\/37d968a2e67a6fd04c169c4bdef102d0bc5d31b2546345219e348575eb80e9a0?s=96&d=mm&r=g\",\"caption\":\"redazione\"},\"sameAs\":[\"http:\\\/\\\/www.bellunopress.it\",\"https:\\\/\\\/x.com\\\/bellunopress\"],\"url\":\"https:\\\/\\\/www.bellunopress.it\\\/fr\\\/author\\\/redazione\\\/\"}]}<\/script>\n<!-- \/ Yoast SEO plugin. -->","yoast_head_json":{"title":"Belluno, dissesto strada via Col Cavalier. Le segnalazioni alla giunta comunale - Bellunopress - Dolomiti","robots":{"index":"index","follow":"follow","max-snippet":"max-snippet:-1","max-image-preview":"max-image-preview:large","max-video-preview":"max-video-preview:-1"},"canonical":"https:\/\/www.bellunopress.it\/fr\/2025\/01\/17\/belluno-dissesto-strada-via-col-cavalier-le-segnalazioni-alla-giunta-comunale\/","og_locale":"fr_FR","og_type":"article","og_title":"Belluno, dissesto strada via Col Cavalier. Le segnalazioni alla giunta comunale - Bellunopress - Dolomiti","og_description":"Aumentano le preoccupazioni dei cittadini residenti sul colle e dei castionesi per lo stato della strada, via Col Cavalier, che da Belluno porta a Castion. Siamo venuti a conoscenza che la scorsa settimana un residente molto preoccupato ha segnalato la situazione ai VVFF che sono intervenuti in sopralluogo con successivo coinvolgimento della Polizia Municipale. Come [&hellip;]","og_url":"https:\/\/www.bellunopress.it\/fr\/2025\/01\/17\/belluno-dissesto-strada-via-col-cavalier-le-segnalazioni-alla-giunta-comunale\/","og_site_name":"Bellunopress - Dolomiti","article_publisher":"https:\/\/www.facebook.com\/profile.php?id=100008943462799","article_published_time":"2025-01-17T13:59:59+00:00","og_image":[{"width":376,"height":508,"url":"https:\/\/www.bellunopress.it\/wp-content\/uploads\/2025\/01\/via-Col-Cavalier-Belluno-strada-dissestata.jpg","type":"image\/jpeg"}],"author":"redazione","twitter_card":"summary_large_image","twitter_creator":"@bellunopress","twitter_site":"@bellunopress","twitter_misc":{"\u00c9crit par":"redazione","Dur\u00e9e de lecture estim\u00e9e":"1 minute"},"schema":{"@context":"https:\/\/schema.org","@graph":[{"@type":"Article","@id":"https:\/\/www.bellunopress.it\/2025\/01\/17\/belluno-dissesto-strada-via-col-cavalier-le-segnalazioni-alla-giunta-comunale\/#article","isPartOf":{"@id":"https:\/\/www.bellunopress.it\/2025\/01\/17\/belluno-dissesto-strada-via-col-cavalier-le-segnalazioni-alla-giunta-comunale\/"},"author":{"name":"redazione","@id":"https:\/\/www.bellunopress.it\/#\/schema\/person\/79bb06722b37ece1c03d3e94beb30d73"},"headline":"Belluno, dissesto strada via Col Cavalier. Le segnalazioni alla giunta comunale","datePublished":"2025-01-17T13:59:59+00:00","mainEntityOfPage":{"@id":"https:\/\/www.bellunopress.it\/2025\/01\/17\/belluno-dissesto-strada-via-col-cavalier-le-segnalazioni-alla-giunta-comunale\/"},"wordCount":233,"publisher":{"@id":"https:\/\/www.bellunopress.it\/#organization"},"image":{"@id":"https:\/\/www.bellunopress.it\/2025\/01\/17\/belluno-dissesto-strada-via-col-cavalier-le-segnalazioni-alla-giunta-comunale\/#primaryimage"},"thumbnailUrl":"https:\/\/www.bellunopress.it\/wp-content\/uploads\/2025\/01\/via-Col-Cavalier-Belluno-strada-dissestata.jpg","articleSection":["Cronaca\/Politica","Prima Pagina"],"inLanguage":"fr-FR"},{"@type":"WebPage","@id":"https:\/\/www.bellunopress.it\/2025\/01\/17\/belluno-dissesto-strada-via-col-cavalier-le-segnalazioni-alla-giunta-comunale\/","url":"https:\/\/www.bellunopress.it\/2025\/01\/17\/belluno-dissesto-strada-via-col-cavalier-le-segnalazioni-alla-giunta-comunale\/","name":"Belluno, dissesto strada via Col Cavalier. Le segnalazioni alla giunta comunale - Bellunopress - Dolomiti","isPartOf":{"@id":"https:\/\/www.bellunopress.it\/#website"},"primaryImageOfPage":{"@id":"https:\/\/www.bellunopress.it\/2025\/01\/17\/belluno-dissesto-strada-via-col-cavalier-le-segnalazioni-alla-giunta-comunale\/#primaryimage"},"image":{"@id":"https:\/\/www.bellunopress.it\/2025\/01\/17\/belluno-dissesto-strada-via-col-cavalier-le-segnalazioni-alla-giunta-comunale\/#primaryimage"},"thumbnailUrl":"https:\/\/www.bellunopress.it\/wp-content\/uploads\/2025\/01\/via-Col-Cavalier-Belluno-strada-dissestata.jpg","datePublished":"2025-01-17T13:59:59+00:00","breadcrumb":{"@id":"https:\/\/www.bellunopress.it\/2025\/01\/17\/belluno-dissesto-strada-via-col-cavalier-le-segnalazioni-alla-giunta-comunale\/#breadcrumb"},"inLanguage":"fr-FR","potentialAction":[{"@type":"ReadAction","target":["https:\/\/www.bellunopress.it\/2025\/01\/17\/belluno-dissesto-strada-via-col-cavalier-le-segnalazioni-alla-giunta-comunale\/"]}]},{"@type":"ImageObject","inLanguage":"fr-FR","@id":"https:\/\/www.bellunopress.it\/2025\/01\/17\/belluno-dissesto-strada-via-col-cavalier-le-segnalazioni-alla-giunta-comunale\/#primaryimage","url":"https:\/\/www.bellunopress.it\/wp-content\/uploads\/2025\/01\/via-Col-Cavalier-Belluno-strada-dissestata.jpg","contentUrl":"https:\/\/www.bellunopress.it\/wp-content\/uploads\/2025\/01\/via-Col-Cavalier-Belluno-strada-dissestata.jpg","width":376,"height":508,"caption":"Belluno, via Col Cavalier"},{"@type":"BreadcrumbList","@id":"https:\/\/www.bellunopress.it\/2025\/01\/17\/belluno-dissesto-strada-via-col-cavalier-le-segnalazioni-alla-giunta-comunale\/#breadcrumb","itemListElement":[{"@type":"ListItem","position":1,"name":"Home","item":"https:\/\/www.bellunopress.it\/"},{"@type":"ListItem","position":2,"name":"Belluno, dissesto strada via Col Cavalier. Le segnalazioni alla giunta comunale"}]},{"@type":"WebSite","@id":"https:\/\/www.bellunopress.it\/#website","url":"https:\/\/www.bellunopress.it\/","name":"Bellunopress - Dolomiti","description":"e-mail: redazione@bellunopress.it","publisher":{"@id":"https:\/\/www.bellunopress.it\/#organization"},"potentialAction":[{"@type":"SearchAction","target":{"@type":"EntryPoint","urlTemplate":"https:\/\/www.bellunopress.it\/?s={search_term_string}"},"query-input":{"@type":"PropertyValueSpecification","valueRequired":true,"valueName":"search_term_string"}}],"inLanguage":"fr-FR"},{"@type":"Organization","@id":"https:\/\/www.bellunopress.it\/#organization","name":"Bellunopress","url":"https:\/\/www.bellunopress.it\/","logo":{"@type":"ImageObject","inLanguage":"fr-FR","@id":"https:\/\/www.bellunopress.it\/#\/schema\/logo\/image\/","url":"https:\/\/www.bellunopress.it\/wp-content\/uploads\/2011\/05\/cropped-logo-bellunopress-.jpg","contentUrl":"https:\/\/www.bellunopress.it\/wp-content\/uploads\/2011\/05\/cropped-logo-bellunopress-.jpg","width":512,"height":512,"caption":"Bellunopress"},"image":{"@id":"https:\/\/www.bellunopress.it\/#\/schema\/logo\/image\/"},"sameAs":["https:\/\/www.facebook.com\/profile.php?id=100008943462799","https:\/\/x.com\/bellunopress","https:\/\/www.linkedin.com\/hp\/?dnr=JBzUWaJfMUw8vbXJJ2tVW5-I3jZKvC4wsoxE&amp;amp;amp;amp;amp;amp;trk=nav_responsive_tab_home","https:\/\/www.youtube.com\/channel\/UCxL0wu1uN0_3_7hGG0306cw"]},{"@type":"Person","@id":"https:\/\/www.bellunopress.it\/#\/schema\/person\/79bb06722b37ece1c03d3e94beb30d73","name":"r\u00e9daction","image":{"@type":"ImageObject","inLanguage":"fr-FR","@id":"https:\/\/secure.gravatar.com\/avatar\/37d968a2e67a6fd04c169c4bdef102d0bc5d31b2546345219e348575eb80e9a0?s=96&d=mm&r=g","url":"https:\/\/secure.gravatar.com\/avatar\/37d968a2e67a6fd04c169c4bdef102d0bc5d31b2546345219e348575eb80e9a0?s=96&d=mm&r=g","contentUrl":"https:\/\/secure.gravatar.com\/avatar\/37d968a2e67a6fd04c169c4bdef102d0bc5d31b2546345219e348575eb80e9a0?s=96&d=mm&r=g","caption":"redazione"},"sameAs":["http:\/\/www.bellunopress.it","https:\/\/x.com\/bellunopress"],"url":"https:\/\/www.bellunopress.it\/fr\/author\/redazione\/"}]}},"_links":{"self":[{"href":"https:\/\/www.bellunopress.it\/fr\/wp-json\/wp\/v2\/posts\/157176","targetHints":{"allow":["GET"]}}],"collection":[{"href":"https:\/\/www.bellunopress.it\/fr\/wp-json\/wp\/v2\/posts"}],"about":[{"href":"https:\/\/www.bellunopress.it\/fr\/wp-json\/wp\/v2\/types\/post"}],"author":[{"embeddable":true,"href":"https:\/\/www.bellunopress.it\/fr\/wp-json\/wp\/v2\/users\/2"}],"replies":[{"embeddable":true,"href":"https:\/\/www.bellunopress.it\/fr\/wp-json\/wp\/v2\/comments?post=157176"}],"version-history":[{"count":1,"href":"https:\/\/www.bellunopress.it\/fr\/wp-json\/wp\/v2\/posts\/157176\/revisions"}],"predecessor-version":[{"id":157178,"href":"https:\/\/www.bellunopress.it\/fr\/wp-json\/wp\/v2\/posts\/157176\/revisions\/157178"}],"wp:featuredmedia":[{"embeddable":true,"href":"https:\/\/www.bellunopress.it\/fr\/wp-json\/wp\/v2\/media\/157177"}],"wp:attachment":[{"href":"https:\/\/www.bellunopress.it\/fr\/wp-json\/wp\/v2\/media?parent=157176"}],"wp:term":[{"taxonomy":"category","embeddable":true,"href":"https:\/\/www.bellunopress.it\/fr\/wp-json\/wp\/v2\/categories?post=157176"},{"taxonomy":"post_tag","embeddable":true,"href":"https:\/\/www.bellunopress.it\/fr\/wp-json\/wp\/v2\/tags?post=157176"}],"curies":[{"name":"wp","href":"https:\/\/api.w.org\/{rel}","templated":true}]}}