{"id":157154,"date":"2025-01-16T21:57:54","date_gmt":"2025-01-16T20:57:54","guid":{"rendered":"https:\/\/www.bellunopress.it\/?p=157154"},"modified":"2025-01-16T21:57:54","modified_gmt":"2025-01-16T20:57:54","slug":"potabilita-dellacqua-a-ponte-nelle-alpi-la-preoccupazione-dei-cittadini","status":"publish","type":"post","link":"https:\/\/www.bellunopress.it\/fr\/2025\/01\/16\/potabilita-dellacqua-a-ponte-nelle-alpi-la-preoccupazione-dei-cittadini\/","title":{"rendered":"Potabilit\u00e0 dell&#8217;acqua a Ponte nelle Alpi. La preoccupazione dei cittadini"},"content":{"rendered":"<p><img loading=\"lazy\" decoding=\"async\" class=\"aligncenter size-full wp-image-132280\" src=\"https:\/\/www.bellunopress.it\/wp-content\/uploads\/2022\/03\/rubinetto-acqua_edited.jpg\" alt=\"\" width=\"859\" height=\"584\" srcset=\"https:\/\/www.bellunopress.it\/wp-content\/uploads\/2022\/03\/rubinetto-acqua_edited.jpg 859w, https:\/\/www.bellunopress.it\/wp-content\/uploads\/2022\/03\/rubinetto-acqua_edited-500x340.jpg 500w, https:\/\/www.bellunopress.it\/wp-content\/uploads\/2022\/03\/rubinetto-acqua_edited-696x473.jpg 696w, https:\/\/www.bellunopress.it\/wp-content\/uploads\/2022\/03\/rubinetto-acqua_edited-618x420.jpg 618w\" sizes=\"auto, (max-width: 859px) 100vw, 859px\" \/>Gi\u00e0 il 9 novembre del 2023 Gsp Gestione servizi pubblici aveva informato la popolazione residente nelle localit\u00e0 di Lastreghe, Piaia, Canevoi, del Comune di Ponte nelle Alpi della non potabilit\u00e0 dell&#8217;acqua, e che la stessa poteva \u201cessere usata per scopi alimentari solo previa bollitura\u201d. Nello stesso avviso all&#8217;utenza, GSP comunicava di aver \u201cgi\u00e0 adottato le necessarie misure per la disinfezione dell&#8217;acqua presente nei serbatoi e nella rete idrica con l&#8217;aggiunta di cloro\u201d. Infatti, nel seguente avviso del 16 novembre 2023, GSP comunicava il cessato allarme garantendo che nelle localit\u00e0 suddette l&#8217;acqua erogata dall&#8217;acquedotto era nuovamente potabile e poteva essere usata, quindi, per scopi alimentari.<\/p>\n<p>Ma il 9 gennaio 2025 in tutto il Comune di Ponte nelle Alpi si ripresentava il problema della non potabilit\u00e0 dell&#8217;acqua, con eccezione delle localit\u00e0 di Nuova Erto, Cugnan, Col di Cugnan, Maraschiata, Losego, Roncan, Cornolade, Quantin, Vich, Casan, Soccher, Reveane, Arsi\u00e9 e Paiane. Anche questa volta, dopo due giorni, l&#8217;11 gennaio 2025 il problema era stato risolto e i Servizi Integrati Bellunesi comunicavano che in tutto il Comune di Ponte nelle Alpi l&#8217;acqua erogata dall&#8217;acquedotto era tornata nuovamente potabile e quindi poteva essere usata per scopi alimentari.<\/p>\n<p>Ebbene, fa sapere un gruppo di cittadini di Ponte nelle Alpi,<\/p>\n<p>&#8220;Da tempo l&#8217;acqua erogata presenta un odore intenso e sgradevole, riconducibile a sostanze chimiche, presumibilmente un disinfettante a base di cloro.\u00a0Di fronte a questa problematica, la soluzione adottata appare piuttosto discutibile: sembra infatti che la risposta consista nell&#8217;aumentare ulteriormente le dosi di disinfettante, trasformando l&#8217;acqua in un liquido che ricorda quello di una piscina.<\/p>\n<p>Ci\u00f2 lascia intendere che, anzich\u00e9 affrontare il problema alla radice, migliorando le infrastrutture dell&#8217;acquedotto, come la presa e le vasche di raccolta, si ricorra semplicemente all&#8217;aggiunta di sostanze chimiche. Inoltre, non vengono fornite informazioni trasparenti circa la natura delle sostanze utilizzate, la loro eventuale pericolosit\u00e0 per la salute umana e animale, n\u00e9 tantomeno sui possibili effetti a lungo termine derivanti da un uso massiccio e continuativo di tali composti.<\/p>\n<p>Per un cittadino comune &#8211; conclude la lettera &#8211; risulta estremamente difficile ottenere chiarimenti e rassicurazioni in merito&#8221;.<\/p>","protected":false},"excerpt":{"rendered":"<p>Gi\u00e0 il 9 novembre del 2023 Gsp Gestione servizi pubblici aveva informato la popolazione residente nelle localit\u00e0 di Lastreghe, Piaia, Canevoi, del Comune di Ponte nelle Alpi della non potabilit\u00e0 dell&#8217;acqua, e che la stessa poteva \u201cessere usata per scopi alimentari solo previa bollitura\u201d. Nello stesso avviso all&#8217;utenza, GSP comunicava di aver \u201cgi\u00e0 adottato le [&hellip;]<\/p>\n","protected":false},"author":2,"featured_media":132280,"comment_status":"closed","ping_status":"open","sticky":false,"template":"","format":"standard","meta":{"footnotes":""},"categories":[5,1,26],"tags":[],"class_list":["post-157154","post","type-post","status-publish","format-standard","has-post-thumbnail","category-cronaca","category-leo","category-prima-pagina"],"yoast_head":"<!-- This site is optimized with the Yoast SEO plugin v28.4 - https:\/\/yoast.com\/product\/yoast-seo-wordpress\/ -->\n<title>Potabilit\u00e0 dell&#039;acqua a Ponte nelle Alpi. La preoccupazione dei cittadini - Bellunopress - Dolomiti<\/title>\n<meta name=\"robots\" content=\"index, follow, max-snippet:-1, max-image-preview:large, max-video-preview:-1\" \/>\n<link rel=\"canonical\" href=\"https:\/\/www.bellunopress.it\/fr\/2025\/01\/16\/potabilita-dellacqua-a-ponte-nelle-alpi-la-preoccupazione-dei-cittadini\/\" \/>\n<meta property=\"og:locale\" content=\"fr_FR\" \/>\n<meta property=\"og:type\" content=\"article\" \/>\n<meta property=\"og:title\" content=\"Potabilit\u00e0 dell&#039;acqua a Ponte nelle Alpi. La preoccupazione dei cittadini - Bellunopress - Dolomiti\" \/>\n<meta property=\"og:description\" content=\"Gi\u00e0 il 9 novembre del 2023 Gsp Gestione servizi pubblici aveva informato la popolazione residente nelle localit\u00e0 di Lastreghe, Piaia, Canevoi, del Comune di Ponte nelle Alpi della non potabilit\u00e0 dell&#8217;acqua, e che la stessa poteva \u201cessere usata per scopi alimentari solo previa bollitura\u201d. Nello stesso avviso all&#8217;utenza, GSP comunicava di aver \u201cgi\u00e0 adottato le [&hellip;]\" \/>\n<meta property=\"og:url\" content=\"https:\/\/www.bellunopress.it\/fr\/2025\/01\/16\/potabilita-dellacqua-a-ponte-nelle-alpi-la-preoccupazione-dei-cittadini\/\" \/>\n<meta property=\"og:site_name\" content=\"Bellunopress - Dolomiti\" \/>\n<meta property=\"article:publisher\" content=\"https:\/\/www.facebook.com\/profile.php?id=100008943462799\" \/>\n<meta property=\"article:published_time\" content=\"2025-01-16T20:57:54+00:00\" \/>\n<meta property=\"og:image\" content=\"https:\/\/www.bellunopress.it\/wp-content\/uploads\/2022\/03\/rubinetto-acqua_edited.jpg\" \/>\n\t<meta property=\"og:image:width\" content=\"859\" \/>\n\t<meta property=\"og:image:height\" content=\"584\" \/>\n\t<meta property=\"og:image:type\" content=\"image\/jpeg\" \/>\n<meta name=\"author\" content=\"redazione\" \/>\n<meta name=\"twitter:card\" content=\"summary_large_image\" \/>\n<meta name=\"twitter:creator\" content=\"@bellunopress\" \/>\n<meta name=\"twitter:site\" content=\"@bellunopress\" \/>\n<meta name=\"twitter:label1\" content=\"\u00c9crit par\" \/>\n\t<meta name=\"twitter:data1\" content=\"redazione\" \/>\n\t<meta name=\"twitter:label2\" content=\"Dur\u00e9e de lecture estim\u00e9e\" \/>\n\t<meta name=\"twitter:data2\" content=\"2 minutes\" \/>\n<script type=\"application\/ld+json\" class=\"yoast-schema-graph\">{\"@context\":\"https:\\\/\\\/schema.org\",\"@graph\":[{\"@type\":\"Article\",\"@id\":\"https:\\\/\\\/www.bellunopress.it\\\/2025\\\/01\\\/16\\\/potabilita-dellacqua-a-ponte-nelle-alpi-la-preoccupazione-dei-cittadini\\\/#article\",\"isPartOf\":{\"@id\":\"https:\\\/\\\/www.bellunopress.it\\\/2025\\\/01\\\/16\\\/potabilita-dellacqua-a-ponte-nelle-alpi-la-preoccupazione-dei-cittadini\\\/\"},\"author\":{\"name\":\"redazione\",\"@id\":\"https:\\\/\\\/www.bellunopress.it\\\/#\\\/schema\\\/person\\\/79bb06722b37ece1c03d3e94beb30d73\"},\"headline\":\"Potabilit\u00e0 dell&#8217;acqua a Ponte nelle Alpi. La preoccupazione dei cittadini\",\"datePublished\":\"2025-01-16T20:57:54+00:00\",\"mainEntityOfPage\":{\"@id\":\"https:\\\/\\\/www.bellunopress.it\\\/2025\\\/01\\\/16\\\/potabilita-dellacqua-a-ponte-nelle-alpi-la-preoccupazione-dei-cittadini\\\/\"},\"wordCount\":363,\"publisher\":{\"@id\":\"https:\\\/\\\/www.bellunopress.it\\\/#organization\"},\"image\":{\"@id\":\"https:\\\/\\\/www.bellunopress.it\\\/2025\\\/01\\\/16\\\/potabilita-dellacqua-a-ponte-nelle-alpi-la-preoccupazione-dei-cittadini\\\/#primaryimage\"},\"thumbnailUrl\":\"https:\\\/\\\/www.bellunopress.it\\\/wp-content\\\/uploads\\\/2022\\\/03\\\/rubinetto-acqua_edited.jpg\",\"articleSection\":[\"Cronaca\\\/Politica\",\"Lettere Opinioni\",\"Prima Pagina\"],\"inLanguage\":\"fr-FR\"},{\"@type\":\"WebPage\",\"@id\":\"https:\\\/\\\/www.bellunopress.it\\\/2025\\\/01\\\/16\\\/potabilita-dellacqua-a-ponte-nelle-alpi-la-preoccupazione-dei-cittadini\\\/\",\"url\":\"https:\\\/\\\/www.bellunopress.it\\\/2025\\\/01\\\/16\\\/potabilita-dellacqua-a-ponte-nelle-alpi-la-preoccupazione-dei-cittadini\\\/\",\"name\":\"Potabilit\u00e0 dell'acqua a Ponte nelle Alpi. La preoccupazione dei cittadini - Bellunopress - Dolomiti\",\"isPartOf\":{\"@id\":\"https:\\\/\\\/www.bellunopress.it\\\/#website\"},\"primaryImageOfPage\":{\"@id\":\"https:\\\/\\\/www.bellunopress.it\\\/2025\\\/01\\\/16\\\/potabilita-dellacqua-a-ponte-nelle-alpi-la-preoccupazione-dei-cittadini\\\/#primaryimage\"},\"image\":{\"@id\":\"https:\\\/\\\/www.bellunopress.it\\\/2025\\\/01\\\/16\\\/potabilita-dellacqua-a-ponte-nelle-alpi-la-preoccupazione-dei-cittadini\\\/#primaryimage\"},\"thumbnailUrl\":\"https:\\\/\\\/www.bellunopress.it\\\/wp-content\\\/uploads\\\/2022\\\/03\\\/rubinetto-acqua_edited.jpg\",\"datePublished\":\"2025-01-16T20:57:54+00:00\",\"breadcrumb\":{\"@id\":\"https:\\\/\\\/www.bellunopress.it\\\/2025\\\/01\\\/16\\\/potabilita-dellacqua-a-ponte-nelle-alpi-la-preoccupazione-dei-cittadini\\\/#breadcrumb\"},\"inLanguage\":\"fr-FR\",\"potentialAction\":[{\"@type\":\"ReadAction\",\"target\":[\"https:\\\/\\\/www.bellunopress.it\\\/2025\\\/01\\\/16\\\/potabilita-dellacqua-a-ponte-nelle-alpi-la-preoccupazione-dei-cittadini\\\/\"]}]},{\"@type\":\"ImageObject\",\"inLanguage\":\"fr-FR\",\"@id\":\"https:\\\/\\\/www.bellunopress.it\\\/2025\\\/01\\\/16\\\/potabilita-dellacqua-a-ponte-nelle-alpi-la-preoccupazione-dei-cittadini\\\/#primaryimage\",\"url\":\"https:\\\/\\\/www.bellunopress.it\\\/wp-content\\\/uploads\\\/2022\\\/03\\\/rubinetto-acqua_edited.jpg\",\"contentUrl\":\"https:\\\/\\\/www.bellunopress.it\\\/wp-content\\\/uploads\\\/2022\\\/03\\\/rubinetto-acqua_edited.jpg\",\"width\":859,\"height\":584},{\"@type\":\"BreadcrumbList\",\"@id\":\"https:\\\/\\\/www.bellunopress.it\\\/2025\\\/01\\\/16\\\/potabilita-dellacqua-a-ponte-nelle-alpi-la-preoccupazione-dei-cittadini\\\/#breadcrumb\",\"itemListElement\":[{\"@type\":\"ListItem\",\"position\":1,\"name\":\"Home\",\"item\":\"https:\\\/\\\/www.bellunopress.it\\\/\"},{\"@type\":\"ListItem\",\"position\":2,\"name\":\"Potabilit\u00e0 dell&#8217;acqua a Ponte nelle Alpi. La preoccupazione dei cittadini\"}]},{\"@type\":\"WebSite\",\"@id\":\"https:\\\/\\\/www.bellunopress.it\\\/#website\",\"url\":\"https:\\\/\\\/www.bellunopress.it\\\/\",\"name\":\"Bellunopress - Dolomiti\",\"description\":\"e-mail: redazione@bellunopress.it\",\"publisher\":{\"@id\":\"https:\\\/\\\/www.bellunopress.it\\\/#organization\"},\"potentialAction\":[{\"@type\":\"SearchAction\",\"target\":{\"@type\":\"EntryPoint\",\"urlTemplate\":\"https:\\\/\\\/www.bellunopress.it\\\/?s={search_term_string}\"},\"query-input\":{\"@type\":\"PropertyValueSpecification\",\"valueRequired\":true,\"valueName\":\"search_term_string\"}}],\"inLanguage\":\"fr-FR\"},{\"@type\":\"Organization\",\"@id\":\"https:\\\/\\\/www.bellunopress.it\\\/#organization\",\"name\":\"Bellunopress\",\"url\":\"https:\\\/\\\/www.bellunopress.it\\\/\",\"logo\":{\"@type\":\"ImageObject\",\"inLanguage\":\"fr-FR\",\"@id\":\"https:\\\/\\\/www.bellunopress.it\\\/#\\\/schema\\\/logo\\\/image\\\/\",\"url\":\"https:\\\/\\\/www.bellunopress.it\\\/wp-content\\\/uploads\\\/2011\\\/05\\\/cropped-logo-bellunopress-.jpg\",\"contentUrl\":\"https:\\\/\\\/www.bellunopress.it\\\/wp-content\\\/uploads\\\/2011\\\/05\\\/cropped-logo-bellunopress-.jpg\",\"width\":512,\"height\":512,\"caption\":\"Bellunopress\"},\"image\":{\"@id\":\"https:\\\/\\\/www.bellunopress.it\\\/#\\\/schema\\\/logo\\\/image\\\/\"},\"sameAs\":[\"https:\\\/\\\/www.facebook.com\\\/profile.php?id=100008943462799\",\"https:\\\/\\\/x.com\\\/bellunopress\",\"https:\\\/\\\/www.linkedin.com\\\/hp\\\/?dnr=JBzUWaJfMUw8vbXJJ2tVW5-I3jZKvC4wsoxE&amp;amp;amp;amp;amp;amp;trk=nav_responsive_tab_home\",\"https:\\\/\\\/www.youtube.com\\\/channel\\\/UCxL0wu1uN0_3_7hGG0306cw\"]},{\"@type\":\"Person\",\"@id\":\"https:\\\/\\\/www.bellunopress.it\\\/#\\\/schema\\\/person\\\/79bb06722b37ece1c03d3e94beb30d73\",\"name\":\"redazione\",\"image\":{\"@type\":\"ImageObject\",\"inLanguage\":\"fr-FR\",\"@id\":\"https:\\\/\\\/secure.gravatar.com\\\/avatar\\\/37d968a2e67a6fd04c169c4bdef102d0bc5d31b2546345219e348575eb80e9a0?s=96&d=mm&r=g\",\"url\":\"https:\\\/\\\/secure.gravatar.com\\\/avatar\\\/37d968a2e67a6fd04c169c4bdef102d0bc5d31b2546345219e348575eb80e9a0?s=96&d=mm&r=g\",\"contentUrl\":\"https:\\\/\\\/secure.gravatar.com\\\/avatar\\\/37d968a2e67a6fd04c169c4bdef102d0bc5d31b2546345219e348575eb80e9a0?s=96&d=mm&r=g\",\"caption\":\"redazione\"},\"sameAs\":[\"http:\\\/\\\/www.bellunopress.it\",\"https:\\\/\\\/x.com\\\/bellunopress\"],\"url\":\"https:\\\/\\\/www.bellunopress.it\\\/fr\\\/author\\\/redazione\\\/\"}]}<\/script>\n<!-- \/ Yoast SEO plugin. -->","yoast_head_json":{"title":"Potabilit\u00e0 dell'acqua a Ponte nelle Alpi. La preoccupazione dei cittadini - Bellunopress - Dolomiti","robots":{"index":"index","follow":"follow","max-snippet":"max-snippet:-1","max-image-preview":"max-image-preview:large","max-video-preview":"max-video-preview:-1"},"canonical":"https:\/\/www.bellunopress.it\/fr\/2025\/01\/16\/potabilita-dellacqua-a-ponte-nelle-alpi-la-preoccupazione-dei-cittadini\/","og_locale":"fr_FR","og_type":"article","og_title":"Potabilit\u00e0 dell'acqua a Ponte nelle Alpi. La preoccupazione dei cittadini - Bellunopress - Dolomiti","og_description":"Gi\u00e0 il 9 novembre del 2023 Gsp Gestione servizi pubblici aveva informato la popolazione residente nelle localit\u00e0 di Lastreghe, Piaia, Canevoi, del Comune di Ponte nelle Alpi della non potabilit\u00e0 dell&#8217;acqua, e che la stessa poteva \u201cessere usata per scopi alimentari solo previa bollitura\u201d. Nello stesso avviso all&#8217;utenza, GSP comunicava di aver \u201cgi\u00e0 adottato le [&hellip;]","og_url":"https:\/\/www.bellunopress.it\/fr\/2025\/01\/16\/potabilita-dellacqua-a-ponte-nelle-alpi-la-preoccupazione-dei-cittadini\/","og_site_name":"Bellunopress - Dolomiti","article_publisher":"https:\/\/www.facebook.com\/profile.php?id=100008943462799","article_published_time":"2025-01-16T20:57:54+00:00","og_image":[{"width":859,"height":584,"url":"https:\/\/www.bellunopress.it\/wp-content\/uploads\/2022\/03\/rubinetto-acqua_edited.jpg","type":"image\/jpeg"}],"author":"redazione","twitter_card":"summary_large_image","twitter_creator":"@bellunopress","twitter_site":"@bellunopress","twitter_misc":{"\u00c9crit par":"redazione","Dur\u00e9e de lecture estim\u00e9e":"2 minutes"},"schema":{"@context":"https:\/\/schema.org","@graph":[{"@type":"Article","@id":"https:\/\/www.bellunopress.it\/2025\/01\/16\/potabilita-dellacqua-a-ponte-nelle-alpi-la-preoccupazione-dei-cittadini\/#article","isPartOf":{"@id":"https:\/\/www.bellunopress.it\/2025\/01\/16\/potabilita-dellacqua-a-ponte-nelle-alpi-la-preoccupazione-dei-cittadini\/"},"author":{"name":"redazione","@id":"https:\/\/www.bellunopress.it\/#\/schema\/person\/79bb06722b37ece1c03d3e94beb30d73"},"headline":"Potabilit\u00e0 dell&#8217;acqua a Ponte nelle Alpi. La preoccupazione dei cittadini","datePublished":"2025-01-16T20:57:54+00:00","mainEntityOfPage":{"@id":"https:\/\/www.bellunopress.it\/2025\/01\/16\/potabilita-dellacqua-a-ponte-nelle-alpi-la-preoccupazione-dei-cittadini\/"},"wordCount":363,"publisher":{"@id":"https:\/\/www.bellunopress.it\/#organization"},"image":{"@id":"https:\/\/www.bellunopress.it\/2025\/01\/16\/potabilita-dellacqua-a-ponte-nelle-alpi-la-preoccupazione-dei-cittadini\/#primaryimage"},"thumbnailUrl":"https:\/\/www.bellunopress.it\/wp-content\/uploads\/2022\/03\/rubinetto-acqua_edited.jpg","articleSection":["Cronaca\/Politica","Lettere Opinioni","Prima Pagina"],"inLanguage":"fr-FR"},{"@type":"WebPage","@id":"https:\/\/www.bellunopress.it\/2025\/01\/16\/potabilita-dellacqua-a-ponte-nelle-alpi-la-preoccupazione-dei-cittadini\/","url":"https:\/\/www.bellunopress.it\/2025\/01\/16\/potabilita-dellacqua-a-ponte-nelle-alpi-la-preoccupazione-dei-cittadini\/","name":"Potabilit\u00e0 dell'acqua a Ponte nelle Alpi. La preoccupazione dei cittadini - Bellunopress - Dolomiti","isPartOf":{"@id":"https:\/\/www.bellunopress.it\/#website"},"primaryImageOfPage":{"@id":"https:\/\/www.bellunopress.it\/2025\/01\/16\/potabilita-dellacqua-a-ponte-nelle-alpi-la-preoccupazione-dei-cittadini\/#primaryimage"},"image":{"@id":"https:\/\/www.bellunopress.it\/2025\/01\/16\/potabilita-dellacqua-a-ponte-nelle-alpi-la-preoccupazione-dei-cittadini\/#primaryimage"},"thumbnailUrl":"https:\/\/www.bellunopress.it\/wp-content\/uploads\/2022\/03\/rubinetto-acqua_edited.jpg","datePublished":"2025-01-16T20:57:54+00:00","breadcrumb":{"@id":"https:\/\/www.bellunopress.it\/2025\/01\/16\/potabilita-dellacqua-a-ponte-nelle-alpi-la-preoccupazione-dei-cittadini\/#breadcrumb"},"inLanguage":"fr-FR","potentialAction":[{"@type":"ReadAction","target":["https:\/\/www.bellunopress.it\/2025\/01\/16\/potabilita-dellacqua-a-ponte-nelle-alpi-la-preoccupazione-dei-cittadini\/"]}]},{"@type":"ImageObject","inLanguage":"fr-FR","@id":"https:\/\/www.bellunopress.it\/2025\/01\/16\/potabilita-dellacqua-a-ponte-nelle-alpi-la-preoccupazione-dei-cittadini\/#primaryimage","url":"https:\/\/www.bellunopress.it\/wp-content\/uploads\/2022\/03\/rubinetto-acqua_edited.jpg","contentUrl":"https:\/\/www.bellunopress.it\/wp-content\/uploads\/2022\/03\/rubinetto-acqua_edited.jpg","width":859,"height":584},{"@type":"BreadcrumbList","@id":"https:\/\/www.bellunopress.it\/2025\/01\/16\/potabilita-dellacqua-a-ponte-nelle-alpi-la-preoccupazione-dei-cittadini\/#breadcrumb","itemListElement":[{"@type":"ListItem","position":1,"name":"Home","item":"https:\/\/www.bellunopress.it\/"},{"@type":"ListItem","position":2,"name":"Potabilit\u00e0 dell&#8217;acqua a Ponte nelle Alpi. La preoccupazione dei cittadini"}]},{"@type":"WebSite","@id":"https:\/\/www.bellunopress.it\/#website","url":"https:\/\/www.bellunopress.it\/","name":"Bellunopress - Dolomiti","description":"e-mail: redazione@bellunopress.it","publisher":{"@id":"https:\/\/www.bellunopress.it\/#organization"},"potentialAction":[{"@type":"SearchAction","target":{"@type":"EntryPoint","urlTemplate":"https:\/\/www.bellunopress.it\/?s={search_term_string}"},"query-input":{"@type":"PropertyValueSpecification","valueRequired":true,"valueName":"search_term_string"}}],"inLanguage":"fr-FR"},{"@type":"Organization","@id":"https:\/\/www.bellunopress.it\/#organization","name":"Bellunopress","url":"https:\/\/www.bellunopress.it\/","logo":{"@type":"ImageObject","inLanguage":"fr-FR","@id":"https:\/\/www.bellunopress.it\/#\/schema\/logo\/image\/","url":"https:\/\/www.bellunopress.it\/wp-content\/uploads\/2011\/05\/cropped-logo-bellunopress-.jpg","contentUrl":"https:\/\/www.bellunopress.it\/wp-content\/uploads\/2011\/05\/cropped-logo-bellunopress-.jpg","width":512,"height":512,"caption":"Bellunopress"},"image":{"@id":"https:\/\/www.bellunopress.it\/#\/schema\/logo\/image\/"},"sameAs":["https:\/\/www.facebook.com\/profile.php?id=100008943462799","https:\/\/x.com\/bellunopress","https:\/\/www.linkedin.com\/hp\/?dnr=JBzUWaJfMUw8vbXJJ2tVW5-I3jZKvC4wsoxE&amp;amp;amp;amp;amp;amp;trk=nav_responsive_tab_home","https:\/\/www.youtube.com\/channel\/UCxL0wu1uN0_3_7hGG0306cw"]},{"@type":"Person","@id":"https:\/\/www.bellunopress.it\/#\/schema\/person\/79bb06722b37ece1c03d3e94beb30d73","name":"r\u00e9daction","image":{"@type":"ImageObject","inLanguage":"fr-FR","@id":"https:\/\/secure.gravatar.com\/avatar\/37d968a2e67a6fd04c169c4bdef102d0bc5d31b2546345219e348575eb80e9a0?s=96&d=mm&r=g","url":"https:\/\/secure.gravatar.com\/avatar\/37d968a2e67a6fd04c169c4bdef102d0bc5d31b2546345219e348575eb80e9a0?s=96&d=mm&r=g","contentUrl":"https:\/\/secure.gravatar.com\/avatar\/37d968a2e67a6fd04c169c4bdef102d0bc5d31b2546345219e348575eb80e9a0?s=96&d=mm&r=g","caption":"redazione"},"sameAs":["http:\/\/www.bellunopress.it","https:\/\/x.com\/bellunopress"],"url":"https:\/\/www.bellunopress.it\/fr\/author\/redazione\/"}]}},"_links":{"self":[{"href":"https:\/\/www.bellunopress.it\/fr\/wp-json\/wp\/v2\/posts\/157154","targetHints":{"allow":["GET"]}}],"collection":[{"href":"https:\/\/www.bellunopress.it\/fr\/wp-json\/wp\/v2\/posts"}],"about":[{"href":"https:\/\/www.bellunopress.it\/fr\/wp-json\/wp\/v2\/types\/post"}],"author":[{"embeddable":true,"href":"https:\/\/www.bellunopress.it\/fr\/wp-json\/wp\/v2\/users\/2"}],"replies":[{"embeddable":true,"href":"https:\/\/www.bellunopress.it\/fr\/wp-json\/wp\/v2\/comments?post=157154"}],"version-history":[{"count":1,"href":"https:\/\/www.bellunopress.it\/fr\/wp-json\/wp\/v2\/posts\/157154\/revisions"}],"predecessor-version":[{"id":157155,"href":"https:\/\/www.bellunopress.it\/fr\/wp-json\/wp\/v2\/posts\/157154\/revisions\/157155"}],"wp:featuredmedia":[{"embeddable":true,"href":"https:\/\/www.bellunopress.it\/fr\/wp-json\/wp\/v2\/media\/132280"}],"wp:attachment":[{"href":"https:\/\/www.bellunopress.it\/fr\/wp-json\/wp\/v2\/media?parent=157154"}],"wp:term":[{"taxonomy":"category","embeddable":true,"href":"https:\/\/www.bellunopress.it\/fr\/wp-json\/wp\/v2\/categories?post=157154"},{"taxonomy":"post_tag","embeddable":true,"href":"https:\/\/www.bellunopress.it\/fr\/wp-json\/wp\/v2\/tags?post=157154"}],"curies":[{"name":"wp","href":"https:\/\/api.w.org\/{rel}","templated":true}]}}