{"id":157146,"date":"2025-01-16T16:37:16","date_gmt":"2025-01-16T15:37:16","guid":{"rendered":"https:\/\/www.bellunopress.it\/?p=157146"},"modified":"2025-01-16T16:37:16","modified_gmt":"2025-01-16T15:37:16","slug":"il-comune-di-feltre-e-il-fai-uniti-per-il-castello-di-alboino-appello-ai-cittadini-per-sostenere-i-luoghi-del-cuore","status":"publish","type":"post","link":"https:\/\/www.bellunopress.it\/fr\/2025\/01\/16\/il-comune-di-feltre-e-il-fai-uniti-per-il-castello-di-alboino-appello-ai-cittadini-per-sostenere-i-luoghi-del-cuore\/","title":{"rendered":"Il Comune di Feltre e il FAI uniti per il Castello di Alboino. Appello ai cittadini per sostenere &#8220;I Luoghi del Cuore&#8221;"},"content":{"rendered":"<figure id=\"attachment_154282\" aria-describedby=\"caption-attachment-154282\" style=\"width: 915px\" class=\"wp-caption aligncenter\"><img loading=\"lazy\" decoding=\"async\" class=\"size-full wp-image-154282\" src=\"https:\/\/www.bellunopress.it\/wp-content\/uploads\/2024\/09\/Castello-di-Alboino-Feltre_edited.jpg\" alt=\"\" width=\"915\" height=\"1000\" srcset=\"https:\/\/www.bellunopress.it\/wp-content\/uploads\/2024\/09\/Castello-di-Alboino-Feltre_edited.jpg 915w, https:\/\/www.bellunopress.it\/wp-content\/uploads\/2024\/09\/Castello-di-Alboino-Feltre_edited-458x500.jpg 458w, https:\/\/www.bellunopress.it\/wp-content\/uploads\/2024\/09\/Castello-di-Alboino-Feltre_edited-384x420.jpg 384w, https:\/\/www.bellunopress.it\/wp-content\/uploads\/2024\/09\/Castello-di-Alboino-Feltre_edited-696x761.jpg 696w\" sizes=\"auto, (max-width: 915px) 100vw, 915px\" \/><figcaption id=\"caption-attachment-154282\" class=\"wp-caption-text\">Il Castello di Alboino &#8211; Feltre (https:\/\/fondoambiente.it\/luoghi\/castello-di-alboino)<\/figcaption><\/figure>\n<p>Feltre, 16 gennaio 2025 \u2013 Nella giornata odierna il Comune di Feltre ha accolto con<br \/>\nentusiasmo i rappresentanti del FAI &#8211; Fondo per l&#8217;Ambiente Italiano della<br \/>\nDelegazione bellunese e del Gruppo feltrino per una conferenza stampa volta a<br \/>\nsensibilizzare la cittadinanza sull&#8217;importanza di sostenere il Castello di Alboino<br \/>\nnella campagna nazionale &#8220;I Luoghi del Cuore&#8221;.<\/p>\n<p>\u201cCon 9.270 voti gi\u00e0 raccolti, il nostro Castello \u00e8 attualmente al sesto posto nella classica provvisoria nazionale, un traguardo signicativo che merita di essere celebrato, ma che pu\u00f2 essere ulteriormente migliorato grazie al contributo di tutti\u201d, ha detto il sindaco Viviana<br \/>\nFusaro, la quale, presente all&#8217;incontro, dopo essersi complimentata con i volontari<br \/>\ne rappresentanti locali e provinciali per il grande lavoro svolto nora, ha inoltre<br \/>\ndichiarato: &#8220;Il Castello di Alboino non \u00e8 soltanto una roccaforte storica, ma un<br \/>\nsimbolo identitario che racchiude l&#8217;anima di Feltre. Ogni voto rappresenta un<br \/>\ngesto d&#8217;amore verso la nostra citt\u00e0 e la sua storia. \u00c8 per questo che Invitiamo<br \/>\nogni cittadino a partecipare attivamente a questa straordinaria occasione per<br \/>\nvalorizzare il nostro patrimonio culturale.&#8221;<\/p>\n<p>\u00c8 spettato ad Andrea Bona evidenziare il dialogo e i rapporti molto costruttivi che<br \/>\nil Comune sta intrattenendo con l\u2019Agenzia del Demanio, ancora proprietaria della<br \/>\nparte pi\u00f9 importante del complesso sulla sommit\u00e0 del Colle delle Capre. \u201cIl Demanio si \u00e8 da subito dimostrato sensibile e disponibile al percorso di valorizzazione del Castello di Feltre che pu\u00f2 portare al recupero del bene storico, per un suo totale recupero al servizio della citt\u00e0\u201d.<\/p>\n<p>Il Castello di Feltre, con la sua imponente presenza, ha dominato il panorama<br \/>\ncittadino n dal XII secolo, fungendo da rifugio sicuro per vescovi e signori, e da<br \/>\nbaluardo inaccessibile durante le epoche pi\u00f9 turbolente. La sua storia, intrecciata<br \/>\ncon quella della citt\u00e0 e del suo territorio, continua a vivere nei cuori di chi lo visita e<br \/>\nlo ammira, ed \u00e8 uno dei pochi sopravvissuti a seguito dell\u2019ordinanza dei Veneziani<br \/>\ndi abbattimento del 1421.<\/p>\n<p>L&#8217;appello lanciato oggi \u2013 presenti oltre il sindaco e Andrea Bona anche l\u2019assessore<br \/>\nMaurizio Zatta e il presidente del Consiglio comunale Ennio Trento &#8211; mira a<br \/>\ncoinvolgere l&#8217;intera comunit\u00e0 feltrina e bellunese, invitando tutti a votare e a<br \/>\ncondividere il gesto con amici e parenti. \u201cOgni voto \u00e8 fondamentale per far brillare<br \/>\nil Castello di Alboino nel panorama nazionale e per far s\u00ec che tante persone lo<br \/>\nconoscano. Fino al 10 aprile si potr\u00e0 votare online sul portale del FAI dedicato alla<br \/>\ncampagna \u201cLuoghi del Cuore\u201d, ma anche in cartaceo in molte attivit\u00e0 commerciali<br \/>\ndel centro di Feltre, allo IAT in Piazza Maggiore e al Polo Bibliotecario Feltrino. Si<br \/>\npossono votare pi luoghi, ma per ognuno si pu\u00f2 esprimere solo un voto.<\/p>\n<p>Rientrare nel podio \u00e8 importante, ma non vincolante per poter accedere agli altri<br \/>\ncontributi economici che verranno banditi da FAI-Banca Intesa, a fronte di un<br \/>\nprogetto concreto da concordare con il Fondo per L\u2019Ambiente Italiano\u201d,ha<br \/>\nsottolineato la capogruppo del FAI di Feltre Isabella Pilo, intervenuta insieme al<br \/>\ncapodelegazione provinciale Adriano Barcelloni Corte, che ha tenuto a<br \/>\nringraziare tutti coloro che a vario titolo stanno dando una mano nella raccolta<br \/>\ndelle preferenze per la rocca feltrina, in particolare le associazioni e le scuole.<br \/>\n\u00c8 possibile seguire la prosecuzione della campagna del Castello di Feltre luogo del<br \/>\nCuore nel canali social fb e ig \u201cCastello di Feltre\u201d, dove si troveranno menzionati<br \/>\ntutti le attivit\u00e0 dove poter votare in cartaceo.<\/p>\n<p>Per votare basta un semplice click al seguente link:<br \/>\n<a href=\"https:\/\/fondoambiente.it\/luoghi\/castello-di-alboino?ldc\">https:\/\/fondoambiente.it\/luoghi\/castello-di-alboino?ldc<\/a>. Il voto va confermato via<br \/>\nmail.<\/p>","protected":false},"excerpt":{"rendered":"<p>Feltre, 16 gennaio 2025 \u2013 Nella giornata odierna il Comune di Feltre ha accolto con entusiasmo i rappresentanti del FAI &#8211; Fondo per l&#8217;Ambiente Italiano della Delegazione bellunese e del Gruppo feltrino per una conferenza stampa volta a sensibilizzare la cittadinanza sull&#8217;importanza di sostenere il Castello di Alboino nella campagna nazionale &#8220;I Luoghi del Cuore&#8221;. [&hellip;]<\/p>\n","protected":false},"author":2,"featured_media":154282,"comment_status":"closed","ping_status":"open","sticky":false,"template":"","format":"standard","meta":{"footnotes":""},"categories":[3446,26,8],"tags":[],"class_list":["post-157146","post","type-post","status-publish","format-standard","has-post-thumbnail","category-featured","category-prima-pagina","category-societa-istituzioni"],"yoast_head":"<!-- This site is optimized with the Yoast SEO plugin v28.4 - https:\/\/yoast.com\/product\/yoast-seo-wordpress\/ -->\n<title>Il Comune di Feltre e il FAI uniti per il Castello di Alboino. Appello ai cittadini per sostenere &quot;I Luoghi del Cuore&quot; - Bellunopress - Dolomiti<\/title>\n<meta name=\"robots\" content=\"index, follow, max-snippet:-1, max-image-preview:large, max-video-preview:-1\" \/>\n<link rel=\"canonical\" href=\"https:\/\/www.bellunopress.it\/fr\/2025\/01\/16\/il-comune-di-feltre-e-il-fai-uniti-per-il-castello-di-alboino-appello-ai-cittadini-per-sostenere-i-luoghi-del-cuore\/\" \/>\n<meta property=\"og:locale\" content=\"fr_FR\" \/>\n<meta property=\"og:type\" content=\"article\" \/>\n<meta property=\"og:title\" content=\"Il Comune di Feltre e il FAI uniti per il Castello di Alboino. Appello ai cittadini per sostenere &quot;I Luoghi del Cuore&quot; - Bellunopress - Dolomiti\" \/>\n<meta property=\"og:description\" content=\"Feltre, 16 gennaio 2025 \u2013 Nella giornata odierna il Comune di Feltre ha accolto con entusiasmo i rappresentanti del FAI &#8211; Fondo per l&#8217;Ambiente Italiano della Delegazione bellunese e del Gruppo feltrino per una conferenza stampa volta a sensibilizzare la cittadinanza sull&#8217;importanza di sostenere il Castello di Alboino nella campagna nazionale &#8220;I Luoghi del Cuore&#8221;. [&hellip;]\" \/>\n<meta property=\"og:url\" content=\"https:\/\/www.bellunopress.it\/fr\/2025\/01\/16\/il-comune-di-feltre-e-il-fai-uniti-per-il-castello-di-alboino-appello-ai-cittadini-per-sostenere-i-luoghi-del-cuore\/\" \/>\n<meta property=\"og:site_name\" content=\"Bellunopress - Dolomiti\" \/>\n<meta property=\"article:publisher\" content=\"https:\/\/www.facebook.com\/profile.php?id=100008943462799\" \/>\n<meta property=\"article:published_time\" content=\"2025-01-16T15:37:16+00:00\" \/>\n<meta property=\"og:image\" content=\"https:\/\/www.bellunopress.it\/wp-content\/uploads\/2024\/09\/Castello-di-Alboino-Feltre_edited.jpg\" \/>\n\t<meta property=\"og:image:width\" content=\"915\" \/>\n\t<meta property=\"og:image:height\" content=\"1000\" \/>\n\t<meta property=\"og:image:type\" content=\"image\/jpeg\" \/>\n<meta name=\"author\" content=\"redazione\" \/>\n<meta name=\"twitter:card\" content=\"summary_large_image\" \/>\n<meta name=\"twitter:creator\" content=\"@bellunopress\" \/>\n<meta name=\"twitter:site\" content=\"@bellunopress\" \/>\n<meta name=\"twitter:label1\" content=\"\u00c9crit par\" \/>\n\t<meta name=\"twitter:data1\" content=\"redazione\" \/>\n\t<meta name=\"twitter:label2\" content=\"Dur\u00e9e de lecture estim\u00e9e\" \/>\n\t<meta name=\"twitter:data2\" content=\"3 minutes\" \/>\n<script type=\"application\/ld+json\" class=\"yoast-schema-graph\">{\"@context\":\"https:\\\/\\\/schema.org\",\"@graph\":[{\"@type\":\"Article\",\"@id\":\"https:\\\/\\\/www.bellunopress.it\\\/2025\\\/01\\\/16\\\/il-comune-di-feltre-e-il-fai-uniti-per-il-castello-di-alboino-appello-ai-cittadini-per-sostenere-i-luoghi-del-cuore\\\/#article\",\"isPartOf\":{\"@id\":\"https:\\\/\\\/www.bellunopress.it\\\/2025\\\/01\\\/16\\\/il-comune-di-feltre-e-il-fai-uniti-per-il-castello-di-alboino-appello-ai-cittadini-per-sostenere-i-luoghi-del-cuore\\\/\"},\"author\":{\"name\":\"redazione\",\"@id\":\"https:\\\/\\\/www.bellunopress.it\\\/#\\\/schema\\\/person\\\/79bb06722b37ece1c03d3e94beb30d73\"},\"headline\":\"Il Comune di Feltre e il FAI uniti per il Castello di Alboino. Appello ai cittadini per sostenere &#8220;I Luoghi del Cuore&#8221;\",\"datePublished\":\"2025-01-16T15:37:16+00:00\",\"mainEntityOfPage\":{\"@id\":\"https:\\\/\\\/www.bellunopress.it\\\/2025\\\/01\\\/16\\\/il-comune-di-feltre-e-il-fai-uniti-per-il-castello-di-alboino-appello-ai-cittadini-per-sostenere-i-luoghi-del-cuore\\\/\"},\"wordCount\":615,\"publisher\":{\"@id\":\"https:\\\/\\\/www.bellunopress.it\\\/#organization\"},\"image\":{\"@id\":\"https:\\\/\\\/www.bellunopress.it\\\/2025\\\/01\\\/16\\\/il-comune-di-feltre-e-il-fai-uniti-per-il-castello-di-alboino-appello-ai-cittadini-per-sostenere-i-luoghi-del-cuore\\\/#primaryimage\"},\"thumbnailUrl\":\"https:\\\/\\\/www.bellunopress.it\\\/wp-content\\\/uploads\\\/2024\\\/09\\\/Castello-di-Alboino-Feltre_edited.jpg\",\"articleSection\":[\"Featured\",\"Prima Pagina\",\"Societ\u00e0, Associazioni, Istituzioni\"],\"inLanguage\":\"fr-FR\"},{\"@type\":\"WebPage\",\"@id\":\"https:\\\/\\\/www.bellunopress.it\\\/2025\\\/01\\\/16\\\/il-comune-di-feltre-e-il-fai-uniti-per-il-castello-di-alboino-appello-ai-cittadini-per-sostenere-i-luoghi-del-cuore\\\/\",\"url\":\"https:\\\/\\\/www.bellunopress.it\\\/2025\\\/01\\\/16\\\/il-comune-di-feltre-e-il-fai-uniti-per-il-castello-di-alboino-appello-ai-cittadini-per-sostenere-i-luoghi-del-cuore\\\/\",\"name\":\"Il Comune di Feltre e il FAI uniti per il Castello di Alboino. Appello ai cittadini per sostenere \\\"I Luoghi del Cuore\\\" - Bellunopress - Dolomiti\",\"isPartOf\":{\"@id\":\"https:\\\/\\\/www.bellunopress.it\\\/#website\"},\"primaryImageOfPage\":{\"@id\":\"https:\\\/\\\/www.bellunopress.it\\\/2025\\\/01\\\/16\\\/il-comune-di-feltre-e-il-fai-uniti-per-il-castello-di-alboino-appello-ai-cittadini-per-sostenere-i-luoghi-del-cuore\\\/#primaryimage\"},\"image\":{\"@id\":\"https:\\\/\\\/www.bellunopress.it\\\/2025\\\/01\\\/16\\\/il-comune-di-feltre-e-il-fai-uniti-per-il-castello-di-alboino-appello-ai-cittadini-per-sostenere-i-luoghi-del-cuore\\\/#primaryimage\"},\"thumbnailUrl\":\"https:\\\/\\\/www.bellunopress.it\\\/wp-content\\\/uploads\\\/2024\\\/09\\\/Castello-di-Alboino-Feltre_edited.jpg\",\"datePublished\":\"2025-01-16T15:37:16+00:00\",\"breadcrumb\":{\"@id\":\"https:\\\/\\\/www.bellunopress.it\\\/2025\\\/01\\\/16\\\/il-comune-di-feltre-e-il-fai-uniti-per-il-castello-di-alboino-appello-ai-cittadini-per-sostenere-i-luoghi-del-cuore\\\/#breadcrumb\"},\"inLanguage\":\"fr-FR\",\"potentialAction\":[{\"@type\":\"ReadAction\",\"target\":[\"https:\\\/\\\/www.bellunopress.it\\\/2025\\\/01\\\/16\\\/il-comune-di-feltre-e-il-fai-uniti-per-il-castello-di-alboino-appello-ai-cittadini-per-sostenere-i-luoghi-del-cuore\\\/\"]}]},{\"@type\":\"ImageObject\",\"inLanguage\":\"fr-FR\",\"@id\":\"https:\\\/\\\/www.bellunopress.it\\\/2025\\\/01\\\/16\\\/il-comune-di-feltre-e-il-fai-uniti-per-il-castello-di-alboino-appello-ai-cittadini-per-sostenere-i-luoghi-del-cuore\\\/#primaryimage\",\"url\":\"https:\\\/\\\/www.bellunopress.it\\\/wp-content\\\/uploads\\\/2024\\\/09\\\/Castello-di-Alboino-Feltre_edited.jpg\",\"contentUrl\":\"https:\\\/\\\/www.bellunopress.it\\\/wp-content\\\/uploads\\\/2024\\\/09\\\/Castello-di-Alboino-Feltre_edited.jpg\",\"width\":915,\"height\":1000,\"caption\":\"Il Castello di Alboino - Feltre (https:\\\/\\\/fondoambiente.it\\\/luoghi\\\/castello-di-alboino)\"},{\"@type\":\"BreadcrumbList\",\"@id\":\"https:\\\/\\\/www.bellunopress.it\\\/2025\\\/01\\\/16\\\/il-comune-di-feltre-e-il-fai-uniti-per-il-castello-di-alboino-appello-ai-cittadini-per-sostenere-i-luoghi-del-cuore\\\/#breadcrumb\",\"itemListElement\":[{\"@type\":\"ListItem\",\"position\":1,\"name\":\"Home\",\"item\":\"https:\\\/\\\/www.bellunopress.it\\\/\"},{\"@type\":\"ListItem\",\"position\":2,\"name\":\"Il Comune di Feltre e il FAI uniti per il Castello di Alboino. Appello ai cittadini per sostenere &#8220;I Luoghi del Cuore&#8221;\"}]},{\"@type\":\"WebSite\",\"@id\":\"https:\\\/\\\/www.bellunopress.it\\\/#website\",\"url\":\"https:\\\/\\\/www.bellunopress.it\\\/\",\"name\":\"Bellunopress - Dolomiti\",\"description\":\"e-mail: redazione@bellunopress.it\",\"publisher\":{\"@id\":\"https:\\\/\\\/www.bellunopress.it\\\/#organization\"},\"potentialAction\":[{\"@type\":\"SearchAction\",\"target\":{\"@type\":\"EntryPoint\",\"urlTemplate\":\"https:\\\/\\\/www.bellunopress.it\\\/?s={search_term_string}\"},\"query-input\":{\"@type\":\"PropertyValueSpecification\",\"valueRequired\":true,\"valueName\":\"search_term_string\"}}],\"inLanguage\":\"fr-FR\"},{\"@type\":\"Organization\",\"@id\":\"https:\\\/\\\/www.bellunopress.it\\\/#organization\",\"name\":\"Bellunopress\",\"url\":\"https:\\\/\\\/www.bellunopress.it\\\/\",\"logo\":{\"@type\":\"ImageObject\",\"inLanguage\":\"fr-FR\",\"@id\":\"https:\\\/\\\/www.bellunopress.it\\\/#\\\/schema\\\/logo\\\/image\\\/\",\"url\":\"https:\\\/\\\/www.bellunopress.it\\\/wp-content\\\/uploads\\\/2011\\\/05\\\/cropped-logo-bellunopress-.jpg\",\"contentUrl\":\"https:\\\/\\\/www.bellunopress.it\\\/wp-content\\\/uploads\\\/2011\\\/05\\\/cropped-logo-bellunopress-.jpg\",\"width\":512,\"height\":512,\"caption\":\"Bellunopress\"},\"image\":{\"@id\":\"https:\\\/\\\/www.bellunopress.it\\\/#\\\/schema\\\/logo\\\/image\\\/\"},\"sameAs\":[\"https:\\\/\\\/www.facebook.com\\\/profile.php?id=100008943462799\",\"https:\\\/\\\/x.com\\\/bellunopress\",\"https:\\\/\\\/www.linkedin.com\\\/hp\\\/?dnr=JBzUWaJfMUw8vbXJJ2tVW5-I3jZKvC4wsoxE&amp;amp;amp;amp;amp;amp;trk=nav_responsive_tab_home\",\"https:\\\/\\\/www.youtube.com\\\/channel\\\/UCxL0wu1uN0_3_7hGG0306cw\"]},{\"@type\":\"Person\",\"@id\":\"https:\\\/\\\/www.bellunopress.it\\\/#\\\/schema\\\/person\\\/79bb06722b37ece1c03d3e94beb30d73\",\"name\":\"redazione\",\"image\":{\"@type\":\"ImageObject\",\"inLanguage\":\"fr-FR\",\"@id\":\"https:\\\/\\\/secure.gravatar.com\\\/avatar\\\/37d968a2e67a6fd04c169c4bdef102d0bc5d31b2546345219e348575eb80e9a0?s=96&d=mm&r=g\",\"url\":\"https:\\\/\\\/secure.gravatar.com\\\/avatar\\\/37d968a2e67a6fd04c169c4bdef102d0bc5d31b2546345219e348575eb80e9a0?s=96&d=mm&r=g\",\"contentUrl\":\"https:\\\/\\\/secure.gravatar.com\\\/avatar\\\/37d968a2e67a6fd04c169c4bdef102d0bc5d31b2546345219e348575eb80e9a0?s=96&d=mm&r=g\",\"caption\":\"redazione\"},\"sameAs\":[\"http:\\\/\\\/www.bellunopress.it\",\"https:\\\/\\\/x.com\\\/bellunopress\"],\"url\":\"https:\\\/\\\/www.bellunopress.it\\\/fr\\\/author\\\/redazione\\\/\"}]}<\/script>\n<!-- \/ Yoast SEO plugin. -->","yoast_head_json":{"title":"Il Comune di Feltre e il FAI uniti per il Castello di Alboino. Appello ai cittadini per sostenere \"I Luoghi del Cuore\" - Bellunopress - Dolomiti","robots":{"index":"index","follow":"follow","max-snippet":"max-snippet:-1","max-image-preview":"max-image-preview:large","max-video-preview":"max-video-preview:-1"},"canonical":"https:\/\/www.bellunopress.it\/fr\/2025\/01\/16\/il-comune-di-feltre-e-il-fai-uniti-per-il-castello-di-alboino-appello-ai-cittadini-per-sostenere-i-luoghi-del-cuore\/","og_locale":"fr_FR","og_type":"article","og_title":"Il Comune di Feltre e il FAI uniti per il Castello di Alboino. Appello ai cittadini per sostenere \"I Luoghi del Cuore\" - Bellunopress - Dolomiti","og_description":"Feltre, 16 gennaio 2025 \u2013 Nella giornata odierna il Comune di Feltre ha accolto con entusiasmo i rappresentanti del FAI &#8211; Fondo per l&#8217;Ambiente Italiano della Delegazione bellunese e del Gruppo feltrino per una conferenza stampa volta a sensibilizzare la cittadinanza sull&#8217;importanza di sostenere il Castello di Alboino nella campagna nazionale &#8220;I Luoghi del Cuore&#8221;. [&hellip;]","og_url":"https:\/\/www.bellunopress.it\/fr\/2025\/01\/16\/il-comune-di-feltre-e-il-fai-uniti-per-il-castello-di-alboino-appello-ai-cittadini-per-sostenere-i-luoghi-del-cuore\/","og_site_name":"Bellunopress - Dolomiti","article_publisher":"https:\/\/www.facebook.com\/profile.php?id=100008943462799","article_published_time":"2025-01-16T15:37:16+00:00","og_image":[{"width":915,"height":1000,"url":"https:\/\/www.bellunopress.it\/wp-content\/uploads\/2024\/09\/Castello-di-Alboino-Feltre_edited.jpg","type":"image\/jpeg"}],"author":"redazione","twitter_card":"summary_large_image","twitter_creator":"@bellunopress","twitter_site":"@bellunopress","twitter_misc":{"\u00c9crit par":"redazione","Dur\u00e9e de lecture estim\u00e9e":"3 minutes"},"schema":{"@context":"https:\/\/schema.org","@graph":[{"@type":"Article","@id":"https:\/\/www.bellunopress.it\/2025\/01\/16\/il-comune-di-feltre-e-il-fai-uniti-per-il-castello-di-alboino-appello-ai-cittadini-per-sostenere-i-luoghi-del-cuore\/#article","isPartOf":{"@id":"https:\/\/www.bellunopress.it\/2025\/01\/16\/il-comune-di-feltre-e-il-fai-uniti-per-il-castello-di-alboino-appello-ai-cittadini-per-sostenere-i-luoghi-del-cuore\/"},"author":{"name":"redazione","@id":"https:\/\/www.bellunopress.it\/#\/schema\/person\/79bb06722b37ece1c03d3e94beb30d73"},"headline":"Il Comune di Feltre e il FAI uniti per il Castello di Alboino. Appello ai cittadini per sostenere &#8220;I Luoghi del Cuore&#8221;","datePublished":"2025-01-16T15:37:16+00:00","mainEntityOfPage":{"@id":"https:\/\/www.bellunopress.it\/2025\/01\/16\/il-comune-di-feltre-e-il-fai-uniti-per-il-castello-di-alboino-appello-ai-cittadini-per-sostenere-i-luoghi-del-cuore\/"},"wordCount":615,"publisher":{"@id":"https:\/\/www.bellunopress.it\/#organization"},"image":{"@id":"https:\/\/www.bellunopress.it\/2025\/01\/16\/il-comune-di-feltre-e-il-fai-uniti-per-il-castello-di-alboino-appello-ai-cittadini-per-sostenere-i-luoghi-del-cuore\/#primaryimage"},"thumbnailUrl":"https:\/\/www.bellunopress.it\/wp-content\/uploads\/2024\/09\/Castello-di-Alboino-Feltre_edited.jpg","articleSection":["Featured","Prima Pagina","Societ\u00e0, Associazioni, Istituzioni"],"inLanguage":"fr-FR"},{"@type":"WebPage","@id":"https:\/\/www.bellunopress.it\/2025\/01\/16\/il-comune-di-feltre-e-il-fai-uniti-per-il-castello-di-alboino-appello-ai-cittadini-per-sostenere-i-luoghi-del-cuore\/","url":"https:\/\/www.bellunopress.it\/2025\/01\/16\/il-comune-di-feltre-e-il-fai-uniti-per-il-castello-di-alboino-appello-ai-cittadini-per-sostenere-i-luoghi-del-cuore\/","name":"Il Comune di Feltre e il FAI uniti per il Castello di Alboino. Appello ai cittadini per sostenere \"I Luoghi del Cuore\" - Bellunopress - Dolomiti","isPartOf":{"@id":"https:\/\/www.bellunopress.it\/#website"},"primaryImageOfPage":{"@id":"https:\/\/www.bellunopress.it\/2025\/01\/16\/il-comune-di-feltre-e-il-fai-uniti-per-il-castello-di-alboino-appello-ai-cittadini-per-sostenere-i-luoghi-del-cuore\/#primaryimage"},"image":{"@id":"https:\/\/www.bellunopress.it\/2025\/01\/16\/il-comune-di-feltre-e-il-fai-uniti-per-il-castello-di-alboino-appello-ai-cittadini-per-sostenere-i-luoghi-del-cuore\/#primaryimage"},"thumbnailUrl":"https:\/\/www.bellunopress.it\/wp-content\/uploads\/2024\/09\/Castello-di-Alboino-Feltre_edited.jpg","datePublished":"2025-01-16T15:37:16+00:00","breadcrumb":{"@id":"https:\/\/www.bellunopress.it\/2025\/01\/16\/il-comune-di-feltre-e-il-fai-uniti-per-il-castello-di-alboino-appello-ai-cittadini-per-sostenere-i-luoghi-del-cuore\/#breadcrumb"},"inLanguage":"fr-FR","potentialAction":[{"@type":"ReadAction","target":["https:\/\/www.bellunopress.it\/2025\/01\/16\/il-comune-di-feltre-e-il-fai-uniti-per-il-castello-di-alboino-appello-ai-cittadini-per-sostenere-i-luoghi-del-cuore\/"]}]},{"@type":"ImageObject","inLanguage":"fr-FR","@id":"https:\/\/www.bellunopress.it\/2025\/01\/16\/il-comune-di-feltre-e-il-fai-uniti-per-il-castello-di-alboino-appello-ai-cittadini-per-sostenere-i-luoghi-del-cuore\/#primaryimage","url":"https:\/\/www.bellunopress.it\/wp-content\/uploads\/2024\/09\/Castello-di-Alboino-Feltre_edited.jpg","contentUrl":"https:\/\/www.bellunopress.it\/wp-content\/uploads\/2024\/09\/Castello-di-Alboino-Feltre_edited.jpg","width":915,"height":1000,"caption":"Il Castello di Alboino - Feltre (https:\/\/fondoambiente.it\/luoghi\/castello-di-alboino)"},{"@type":"BreadcrumbList","@id":"https:\/\/www.bellunopress.it\/2025\/01\/16\/il-comune-di-feltre-e-il-fai-uniti-per-il-castello-di-alboino-appello-ai-cittadini-per-sostenere-i-luoghi-del-cuore\/#breadcrumb","itemListElement":[{"@type":"ListItem","position":1,"name":"Home","item":"https:\/\/www.bellunopress.it\/"},{"@type":"ListItem","position":2,"name":"Il Comune di Feltre e il FAI uniti per il Castello di Alboino. Appello ai cittadini per sostenere &#8220;I Luoghi del Cuore&#8221;"}]},{"@type":"WebSite","@id":"https:\/\/www.bellunopress.it\/#website","url":"https:\/\/www.bellunopress.it\/","name":"Bellunopress - Dolomiti","description":"e-mail: redazione@bellunopress.it","publisher":{"@id":"https:\/\/www.bellunopress.it\/#organization"},"potentialAction":[{"@type":"SearchAction","target":{"@type":"EntryPoint","urlTemplate":"https:\/\/www.bellunopress.it\/?s={search_term_string}"},"query-input":{"@type":"PropertyValueSpecification","valueRequired":true,"valueName":"search_term_string"}}],"inLanguage":"fr-FR"},{"@type":"Organization","@id":"https:\/\/www.bellunopress.it\/#organization","name":"Bellunopress","url":"https:\/\/www.bellunopress.it\/","logo":{"@type":"ImageObject","inLanguage":"fr-FR","@id":"https:\/\/www.bellunopress.it\/#\/schema\/logo\/image\/","url":"https:\/\/www.bellunopress.it\/wp-content\/uploads\/2011\/05\/cropped-logo-bellunopress-.jpg","contentUrl":"https:\/\/www.bellunopress.it\/wp-content\/uploads\/2011\/05\/cropped-logo-bellunopress-.jpg","width":512,"height":512,"caption":"Bellunopress"},"image":{"@id":"https:\/\/www.bellunopress.it\/#\/schema\/logo\/image\/"},"sameAs":["https:\/\/www.facebook.com\/profile.php?id=100008943462799","https:\/\/x.com\/bellunopress","https:\/\/www.linkedin.com\/hp\/?dnr=JBzUWaJfMUw8vbXJJ2tVW5-I3jZKvC4wsoxE&amp;amp;amp;amp;amp;amp;trk=nav_responsive_tab_home","https:\/\/www.youtube.com\/channel\/UCxL0wu1uN0_3_7hGG0306cw"]},{"@type":"Person","@id":"https:\/\/www.bellunopress.it\/#\/schema\/person\/79bb06722b37ece1c03d3e94beb30d73","name":"r\u00e9daction","image":{"@type":"ImageObject","inLanguage":"fr-FR","@id":"https:\/\/secure.gravatar.com\/avatar\/37d968a2e67a6fd04c169c4bdef102d0bc5d31b2546345219e348575eb80e9a0?s=96&d=mm&r=g","url":"https:\/\/secure.gravatar.com\/avatar\/37d968a2e67a6fd04c169c4bdef102d0bc5d31b2546345219e348575eb80e9a0?s=96&d=mm&r=g","contentUrl":"https:\/\/secure.gravatar.com\/avatar\/37d968a2e67a6fd04c169c4bdef102d0bc5d31b2546345219e348575eb80e9a0?s=96&d=mm&r=g","caption":"redazione"},"sameAs":["http:\/\/www.bellunopress.it","https:\/\/x.com\/bellunopress"],"url":"https:\/\/www.bellunopress.it\/fr\/author\/redazione\/"}]}},"_links":{"self":[{"href":"https:\/\/www.bellunopress.it\/fr\/wp-json\/wp\/v2\/posts\/157146","targetHints":{"allow":["GET"]}}],"collection":[{"href":"https:\/\/www.bellunopress.it\/fr\/wp-json\/wp\/v2\/posts"}],"about":[{"href":"https:\/\/www.bellunopress.it\/fr\/wp-json\/wp\/v2\/types\/post"}],"author":[{"embeddable":true,"href":"https:\/\/www.bellunopress.it\/fr\/wp-json\/wp\/v2\/users\/2"}],"replies":[{"embeddable":true,"href":"https:\/\/www.bellunopress.it\/fr\/wp-json\/wp\/v2\/comments?post=157146"}],"version-history":[{"count":1,"href":"https:\/\/www.bellunopress.it\/fr\/wp-json\/wp\/v2\/posts\/157146\/revisions"}],"predecessor-version":[{"id":157147,"href":"https:\/\/www.bellunopress.it\/fr\/wp-json\/wp\/v2\/posts\/157146\/revisions\/157147"}],"wp:featuredmedia":[{"embeddable":true,"href":"https:\/\/www.bellunopress.it\/fr\/wp-json\/wp\/v2\/media\/154282"}],"wp:attachment":[{"href":"https:\/\/www.bellunopress.it\/fr\/wp-json\/wp\/v2\/media?parent=157146"}],"wp:term":[{"taxonomy":"category","embeddable":true,"href":"https:\/\/www.bellunopress.it\/fr\/wp-json\/wp\/v2\/categories?post=157146"},{"taxonomy":"post_tag","embeddable":true,"href":"https:\/\/www.bellunopress.it\/fr\/wp-json\/wp\/v2\/tags?post=157146"}],"curies":[{"name":"wp","href":"https:\/\/api.w.org\/{rel}","templated":true}]}}