{"id":157062,"date":"2025-01-19T11:33:39","date_gmt":"2025-01-19T10:33:39","guid":{"rendered":"https:\/\/www.bellunopress.it\/?p=157062"},"modified":"2025-01-13T19:53:44","modified_gmt":"2025-01-13T18:53:44","slug":"giornata-nazionale-della-memoria-e-del-sacrificio-degli-alpini-sabato-la-celebrazione-al-circolo-la-terra-dei-padri","status":"publish","type":"post","link":"https:\/\/www.bellunopress.it\/fr\/2025\/01\/19\/giornata-nazionale-della-memoria-e-del-sacrificio-degli-alpini-sabato-la-celebrazione-al-circolo-la-terra-dei-padri\/","title":{"rendered":"Giornata nazionale della memoria e del sacrificio degli Alpini. Sabato la celebrazione al Circolo &#8220;La Terra dei Padri&#8221;"},"content":{"rendered":"<p><img loading=\"lazy\" decoding=\"async\" class=\"aligncenter size-full wp-image-157063\" src=\"https:\/\/www.bellunopress.it\/wp-content\/uploads\/2025\/01\/Locandina-giornata-degli-Alpini-25-gennaio-2025_edited.jpg\" alt=\"\" width=\"709\" height=\"1000\" srcset=\"https:\/\/www.bellunopress.it\/wp-content\/uploads\/2025\/01\/Locandina-giornata-degli-Alpini-25-gennaio-2025_edited.jpg 709w, https:\/\/www.bellunopress.it\/wp-content\/uploads\/2025\/01\/Locandina-giornata-degli-Alpini-25-gennaio-2025_edited-355x500.jpg 355w, https:\/\/www.bellunopress.it\/wp-content\/uploads\/2025\/01\/Locandina-giornata-degli-Alpini-25-gennaio-2025_edited-298x420.jpg 298w, https:\/\/www.bellunopress.it\/wp-content\/uploads\/2025\/01\/Locandina-giornata-degli-Alpini-25-gennaio-2025_edited-696x982.jpg 696w\" sizes=\"auto, (max-width: 709px) 100vw, 709px\" \/>Sabato 25 gennaio 2025 alle ore 17.00 nella sede del Circolo Culturale La Terra dei Padri in via dei Molini, 10 a Belluno (Borgo Piave, davanti alla chiesa di San Nicol\u00f2), si terr\u00e0 la celebrazione della Giornata della Memoria e del Sacrificio degli Alpini.<\/p>\n<p>Interverr\u00e0 con una relazione su &#8220;La Grande Guerra nelle Dolomiti&#8221;, Giovanni Schiratti, storico ed esperto della guerra nelle Alpi.<\/p>\n<p>Introduce il professor Francesco Dematte&#8217;, presidente Circolo culturale &#8220;La Terra dei Padri &#8211; Belluno APS&#8221; e delegato per la provincia di Belluno della Lega Nazionale.<\/p>\n<p>L&#8217;evento \u00e8 organizzato dal Circolo culturale &#8220;La Terra dei Padri &#8211; Belluno Aps&#8221;, in collaborazione con la delegazione bellunese della Lega Nazionale e la Sezione bellunese dell&#8217;ANA.<\/p>\n<p>La Giornata nazionale della memoria e del sacrificio degli Alpini \u00e8 stata istituita con la legge n. 44 del 5 maggio 2022 e si celebra il 26 gennaio di ciascun anno. Lo scopo del provvedimento \u00e8 quello di tenere vivo il ricordo della battaglia di Nikolajewka, combattuta dagli alpini il 26 gennaio del 1943 durante la Campagna di Russia (Seconda guerra mondiale) e di promuovere &#8220;i valori della difesa della sovranit\u00e0 e dell&#8217;interesse nazionale, nonch\u00e9 dell&#8217;etica della partecipazione civile, della solidariet\u00e0 e del volontariato, che gli alpini incarnano&#8221; (art.1).<\/p>","protected":false},"excerpt":{"rendered":"<p>Sabato 25 gennaio 2025 alle ore 17.00 nella sede del Circolo Culturale La Terra dei Padri in via dei Molini, 10 a Belluno (Borgo Piave, davanti alla chiesa di San Nicol\u00f2), si terr\u00e0 la celebrazione della Giornata della Memoria e del Sacrificio degli Alpini. Interverr\u00e0 con una relazione su &#8220;La Grande Guerra nelle Dolomiti&#8221;, Giovanni [&hellip;]<\/p>\n","protected":false},"author":2,"featured_media":157063,"comment_status":"closed","ping_status":"open","sticky":false,"template":"","format":"standard","meta":{"footnotes":""},"categories":[27,3,25],"tags":[],"class_list":["post-157062","post","type-post","status-publish","format-standard","has-post-thumbnail","category-appuntamenti","category-arte-cultura-spettacoli-scienza-archivi","category-pausa-caffe"],"yoast_head":"<!-- This site is optimized with the Yoast SEO plugin v28.4 - https:\/\/yoast.com\/product\/yoast-seo-wordpress\/ -->\n<title>Giornata nazionale della memoria e del sacrificio degli Alpini. Sabato la celebrazione al Circolo &quot;La Terra dei Padri&quot; - Bellunopress - Dolomiti<\/title>\n<meta name=\"robots\" content=\"index, follow, max-snippet:-1, max-image-preview:large, max-video-preview:-1\" \/>\n<link rel=\"canonical\" href=\"https:\/\/www.bellunopress.it\/fr\/2025\/01\/19\/giornata-nazionale-della-memoria-e-del-sacrificio-degli-alpini-sabato-la-celebrazione-al-circolo-la-terra-dei-padri\/\" \/>\n<meta property=\"og:locale\" content=\"fr_FR\" \/>\n<meta property=\"og:type\" content=\"article\" \/>\n<meta property=\"og:title\" content=\"Giornata nazionale della memoria e del sacrificio degli Alpini. Sabato la celebrazione al Circolo &quot;La Terra dei Padri&quot; - Bellunopress - Dolomiti\" \/>\n<meta property=\"og:description\" content=\"Sabato 25 gennaio 2025 alle ore 17.00 nella sede del Circolo Culturale La Terra dei Padri in via dei Molini, 10 a Belluno (Borgo Piave, davanti alla chiesa di San Nicol\u00f2), si terr\u00e0 la celebrazione della Giornata della Memoria e del Sacrificio degli Alpini. Interverr\u00e0 con una relazione su &#8220;La Grande Guerra nelle Dolomiti&#8221;, Giovanni [&hellip;]\" \/>\n<meta property=\"og:url\" content=\"https:\/\/www.bellunopress.it\/fr\/2025\/01\/19\/giornata-nazionale-della-memoria-e-del-sacrificio-degli-alpini-sabato-la-celebrazione-al-circolo-la-terra-dei-padri\/\" \/>\n<meta property=\"og:site_name\" content=\"Bellunopress - Dolomiti\" \/>\n<meta property=\"article:publisher\" content=\"https:\/\/www.facebook.com\/profile.php?id=100008943462799\" \/>\n<meta property=\"article:published_time\" content=\"2025-01-19T10:33:39+00:00\" \/>\n<meta property=\"og:image\" content=\"https:\/\/www.bellunopress.it\/wp-content\/uploads\/2025\/01\/Locandina-giornata-degli-Alpini-25-gennaio-2025_edited.jpg\" \/>\n\t<meta property=\"og:image:width\" content=\"709\" \/>\n\t<meta property=\"og:image:height\" content=\"1000\" \/>\n\t<meta property=\"og:image:type\" content=\"image\/jpeg\" \/>\n<meta name=\"author\" content=\"redazione\" \/>\n<meta name=\"twitter:card\" content=\"summary_large_image\" \/>\n<meta name=\"twitter:creator\" content=\"@bellunopress\" \/>\n<meta name=\"twitter:site\" content=\"@bellunopress\" \/>\n<meta name=\"twitter:label1\" content=\"\u00c9crit par\" \/>\n\t<meta name=\"twitter:data1\" content=\"redazione\" \/>\n\t<meta name=\"twitter:label2\" content=\"Dur\u00e9e de lecture estim\u00e9e\" \/>\n\t<meta name=\"twitter:data2\" content=\"1 minute\" \/>\n<script type=\"application\/ld+json\" class=\"yoast-schema-graph\">{\"@context\":\"https:\\\/\\\/schema.org\",\"@graph\":[{\"@type\":\"Article\",\"@id\":\"https:\\\/\\\/www.bellunopress.it\\\/2025\\\/01\\\/19\\\/giornata-nazionale-della-memoria-e-del-sacrificio-degli-alpini-sabato-la-celebrazione-al-circolo-la-terra-dei-padri\\\/#article\",\"isPartOf\":{\"@id\":\"https:\\\/\\\/www.bellunopress.it\\\/2025\\\/01\\\/19\\\/giornata-nazionale-della-memoria-e-del-sacrificio-degli-alpini-sabato-la-celebrazione-al-circolo-la-terra-dei-padri\\\/\"},\"author\":{\"name\":\"redazione\",\"@id\":\"https:\\\/\\\/www.bellunopress.it\\\/#\\\/schema\\\/person\\\/79bb06722b37ece1c03d3e94beb30d73\"},\"headline\":\"Giornata nazionale della memoria e del sacrificio degli Alpini. Sabato la celebrazione al Circolo &#8220;La Terra dei Padri&#8221;\",\"datePublished\":\"2025-01-19T10:33:39+00:00\",\"mainEntityOfPage\":{\"@id\":\"https:\\\/\\\/www.bellunopress.it\\\/2025\\\/01\\\/19\\\/giornata-nazionale-della-memoria-e-del-sacrificio-degli-alpini-sabato-la-celebrazione-al-circolo-la-terra-dei-padri\\\/\"},\"wordCount\":213,\"publisher\":{\"@id\":\"https:\\\/\\\/www.bellunopress.it\\\/#organization\"},\"image\":{\"@id\":\"https:\\\/\\\/www.bellunopress.it\\\/2025\\\/01\\\/19\\\/giornata-nazionale-della-memoria-e-del-sacrificio-degli-alpini-sabato-la-celebrazione-al-circolo-la-terra-dei-padri\\\/#primaryimage\"},\"thumbnailUrl\":\"https:\\\/\\\/www.bellunopress.it\\\/wp-content\\\/uploads\\\/2025\\\/01\\\/Locandina-giornata-degli-Alpini-25-gennaio-2025_edited.jpg\",\"articleSection\":[\"Appuntamenti, Eventi\",\"Arte, Cultura, Spettacoli, Scienza\",\"Pausa Caff\u00e8\"],\"inLanguage\":\"fr-FR\"},{\"@type\":\"WebPage\",\"@id\":\"https:\\\/\\\/www.bellunopress.it\\\/2025\\\/01\\\/19\\\/giornata-nazionale-della-memoria-e-del-sacrificio-degli-alpini-sabato-la-celebrazione-al-circolo-la-terra-dei-padri\\\/\",\"url\":\"https:\\\/\\\/www.bellunopress.it\\\/2025\\\/01\\\/19\\\/giornata-nazionale-della-memoria-e-del-sacrificio-degli-alpini-sabato-la-celebrazione-al-circolo-la-terra-dei-padri\\\/\",\"name\":\"Giornata nazionale della memoria e del sacrificio degli Alpini. Sabato la celebrazione al Circolo \\\"La Terra dei Padri\\\" - Bellunopress - Dolomiti\",\"isPartOf\":{\"@id\":\"https:\\\/\\\/www.bellunopress.it\\\/#website\"},\"primaryImageOfPage\":{\"@id\":\"https:\\\/\\\/www.bellunopress.it\\\/2025\\\/01\\\/19\\\/giornata-nazionale-della-memoria-e-del-sacrificio-degli-alpini-sabato-la-celebrazione-al-circolo-la-terra-dei-padri\\\/#primaryimage\"},\"image\":{\"@id\":\"https:\\\/\\\/www.bellunopress.it\\\/2025\\\/01\\\/19\\\/giornata-nazionale-della-memoria-e-del-sacrificio-degli-alpini-sabato-la-celebrazione-al-circolo-la-terra-dei-padri\\\/#primaryimage\"},\"thumbnailUrl\":\"https:\\\/\\\/www.bellunopress.it\\\/wp-content\\\/uploads\\\/2025\\\/01\\\/Locandina-giornata-degli-Alpini-25-gennaio-2025_edited.jpg\",\"datePublished\":\"2025-01-19T10:33:39+00:00\",\"breadcrumb\":{\"@id\":\"https:\\\/\\\/www.bellunopress.it\\\/2025\\\/01\\\/19\\\/giornata-nazionale-della-memoria-e-del-sacrificio-degli-alpini-sabato-la-celebrazione-al-circolo-la-terra-dei-padri\\\/#breadcrumb\"},\"inLanguage\":\"fr-FR\",\"potentialAction\":[{\"@type\":\"ReadAction\",\"target\":[\"https:\\\/\\\/www.bellunopress.it\\\/2025\\\/01\\\/19\\\/giornata-nazionale-della-memoria-e-del-sacrificio-degli-alpini-sabato-la-celebrazione-al-circolo-la-terra-dei-padri\\\/\"]}]},{\"@type\":\"ImageObject\",\"inLanguage\":\"fr-FR\",\"@id\":\"https:\\\/\\\/www.bellunopress.it\\\/2025\\\/01\\\/19\\\/giornata-nazionale-della-memoria-e-del-sacrificio-degli-alpini-sabato-la-celebrazione-al-circolo-la-terra-dei-padri\\\/#primaryimage\",\"url\":\"https:\\\/\\\/www.bellunopress.it\\\/wp-content\\\/uploads\\\/2025\\\/01\\\/Locandina-giornata-degli-Alpini-25-gennaio-2025_edited.jpg\",\"contentUrl\":\"https:\\\/\\\/www.bellunopress.it\\\/wp-content\\\/uploads\\\/2025\\\/01\\\/Locandina-giornata-degli-Alpini-25-gennaio-2025_edited.jpg\",\"width\":709,\"height\":1000},{\"@type\":\"BreadcrumbList\",\"@id\":\"https:\\\/\\\/www.bellunopress.it\\\/2025\\\/01\\\/19\\\/giornata-nazionale-della-memoria-e-del-sacrificio-degli-alpini-sabato-la-celebrazione-al-circolo-la-terra-dei-padri\\\/#breadcrumb\",\"itemListElement\":[{\"@type\":\"ListItem\",\"position\":1,\"name\":\"Home\",\"item\":\"https:\\\/\\\/www.bellunopress.it\\\/\"},{\"@type\":\"ListItem\",\"position\":2,\"name\":\"Giornata nazionale della memoria e del sacrificio degli Alpini. Sabato la celebrazione al Circolo &#8220;La Terra dei Padri&#8221;\"}]},{\"@type\":\"WebSite\",\"@id\":\"https:\\\/\\\/www.bellunopress.it\\\/#website\",\"url\":\"https:\\\/\\\/www.bellunopress.it\\\/\",\"name\":\"Bellunopress - Dolomiti\",\"description\":\"e-mail: redazione@bellunopress.it\",\"publisher\":{\"@id\":\"https:\\\/\\\/www.bellunopress.it\\\/#organization\"},\"potentialAction\":[{\"@type\":\"SearchAction\",\"target\":{\"@type\":\"EntryPoint\",\"urlTemplate\":\"https:\\\/\\\/www.bellunopress.it\\\/?s={search_term_string}\"},\"query-input\":{\"@type\":\"PropertyValueSpecification\",\"valueRequired\":true,\"valueName\":\"search_term_string\"}}],\"inLanguage\":\"fr-FR\"},{\"@type\":\"Organization\",\"@id\":\"https:\\\/\\\/www.bellunopress.it\\\/#organization\",\"name\":\"Bellunopress\",\"url\":\"https:\\\/\\\/www.bellunopress.it\\\/\",\"logo\":{\"@type\":\"ImageObject\",\"inLanguage\":\"fr-FR\",\"@id\":\"https:\\\/\\\/www.bellunopress.it\\\/#\\\/schema\\\/logo\\\/image\\\/\",\"url\":\"https:\\\/\\\/www.bellunopress.it\\\/wp-content\\\/uploads\\\/2011\\\/05\\\/cropped-logo-bellunopress-.jpg\",\"contentUrl\":\"https:\\\/\\\/www.bellunopress.it\\\/wp-content\\\/uploads\\\/2011\\\/05\\\/cropped-logo-bellunopress-.jpg\",\"width\":512,\"height\":512,\"caption\":\"Bellunopress\"},\"image\":{\"@id\":\"https:\\\/\\\/www.bellunopress.it\\\/#\\\/schema\\\/logo\\\/image\\\/\"},\"sameAs\":[\"https:\\\/\\\/www.facebook.com\\\/profile.php?id=100008943462799\",\"https:\\\/\\\/x.com\\\/bellunopress\",\"https:\\\/\\\/www.linkedin.com\\\/hp\\\/?dnr=JBzUWaJfMUw8vbXJJ2tVW5-I3jZKvC4wsoxE&amp;amp;amp;amp;amp;amp;trk=nav_responsive_tab_home\",\"https:\\\/\\\/www.youtube.com\\\/channel\\\/UCxL0wu1uN0_3_7hGG0306cw\"]},{\"@type\":\"Person\",\"@id\":\"https:\\\/\\\/www.bellunopress.it\\\/#\\\/schema\\\/person\\\/79bb06722b37ece1c03d3e94beb30d73\",\"name\":\"redazione\",\"image\":{\"@type\":\"ImageObject\",\"inLanguage\":\"fr-FR\",\"@id\":\"https:\\\/\\\/secure.gravatar.com\\\/avatar\\\/37d968a2e67a6fd04c169c4bdef102d0bc5d31b2546345219e348575eb80e9a0?s=96&d=mm&r=g\",\"url\":\"https:\\\/\\\/secure.gravatar.com\\\/avatar\\\/37d968a2e67a6fd04c169c4bdef102d0bc5d31b2546345219e348575eb80e9a0?s=96&d=mm&r=g\",\"contentUrl\":\"https:\\\/\\\/secure.gravatar.com\\\/avatar\\\/37d968a2e67a6fd04c169c4bdef102d0bc5d31b2546345219e348575eb80e9a0?s=96&d=mm&r=g\",\"caption\":\"redazione\"},\"sameAs\":[\"http:\\\/\\\/www.bellunopress.it\",\"https:\\\/\\\/x.com\\\/bellunopress\"],\"url\":\"https:\\\/\\\/www.bellunopress.it\\\/fr\\\/author\\\/redazione\\\/\"}]}<\/script>\n<!-- \/ Yoast SEO plugin. -->","yoast_head_json":{"title":"Giornata nazionale della memoria e del sacrificio degli Alpini. Sabato la celebrazione al Circolo \"La Terra dei Padri\" - Bellunopress - Dolomiti","robots":{"index":"index","follow":"follow","max-snippet":"max-snippet:-1","max-image-preview":"max-image-preview:large","max-video-preview":"max-video-preview:-1"},"canonical":"https:\/\/www.bellunopress.it\/fr\/2025\/01\/19\/giornata-nazionale-della-memoria-e-del-sacrificio-degli-alpini-sabato-la-celebrazione-al-circolo-la-terra-dei-padri\/","og_locale":"fr_FR","og_type":"article","og_title":"Giornata nazionale della memoria e del sacrificio degli Alpini. Sabato la celebrazione al Circolo \"La Terra dei Padri\" - Bellunopress - Dolomiti","og_description":"Sabato 25 gennaio 2025 alle ore 17.00 nella sede del Circolo Culturale La Terra dei Padri in via dei Molini, 10 a Belluno (Borgo Piave, davanti alla chiesa di San Nicol\u00f2), si terr\u00e0 la celebrazione della Giornata della Memoria e del Sacrificio degli Alpini. Interverr\u00e0 con una relazione su &#8220;La Grande Guerra nelle Dolomiti&#8221;, Giovanni [&hellip;]","og_url":"https:\/\/www.bellunopress.it\/fr\/2025\/01\/19\/giornata-nazionale-della-memoria-e-del-sacrificio-degli-alpini-sabato-la-celebrazione-al-circolo-la-terra-dei-padri\/","og_site_name":"Bellunopress - Dolomiti","article_publisher":"https:\/\/www.facebook.com\/profile.php?id=100008943462799","article_published_time":"2025-01-19T10:33:39+00:00","og_image":[{"width":709,"height":1000,"url":"https:\/\/www.bellunopress.it\/wp-content\/uploads\/2025\/01\/Locandina-giornata-degli-Alpini-25-gennaio-2025_edited.jpg","type":"image\/jpeg"}],"author":"redazione","twitter_card":"summary_large_image","twitter_creator":"@bellunopress","twitter_site":"@bellunopress","twitter_misc":{"\u00c9crit par":"redazione","Dur\u00e9e de lecture estim\u00e9e":"1 minute"},"schema":{"@context":"https:\/\/schema.org","@graph":[{"@type":"Article","@id":"https:\/\/www.bellunopress.it\/2025\/01\/19\/giornata-nazionale-della-memoria-e-del-sacrificio-degli-alpini-sabato-la-celebrazione-al-circolo-la-terra-dei-padri\/#article","isPartOf":{"@id":"https:\/\/www.bellunopress.it\/2025\/01\/19\/giornata-nazionale-della-memoria-e-del-sacrificio-degli-alpini-sabato-la-celebrazione-al-circolo-la-terra-dei-padri\/"},"author":{"name":"redazione","@id":"https:\/\/www.bellunopress.it\/#\/schema\/person\/79bb06722b37ece1c03d3e94beb30d73"},"headline":"Giornata nazionale della memoria e del sacrificio degli Alpini. Sabato la celebrazione al Circolo &#8220;La Terra dei Padri&#8221;","datePublished":"2025-01-19T10:33:39+00:00","mainEntityOfPage":{"@id":"https:\/\/www.bellunopress.it\/2025\/01\/19\/giornata-nazionale-della-memoria-e-del-sacrificio-degli-alpini-sabato-la-celebrazione-al-circolo-la-terra-dei-padri\/"},"wordCount":213,"publisher":{"@id":"https:\/\/www.bellunopress.it\/#organization"},"image":{"@id":"https:\/\/www.bellunopress.it\/2025\/01\/19\/giornata-nazionale-della-memoria-e-del-sacrificio-degli-alpini-sabato-la-celebrazione-al-circolo-la-terra-dei-padri\/#primaryimage"},"thumbnailUrl":"https:\/\/www.bellunopress.it\/wp-content\/uploads\/2025\/01\/Locandina-giornata-degli-Alpini-25-gennaio-2025_edited.jpg","articleSection":["Appuntamenti, Eventi","Arte, Cultura, Spettacoli, Scienza","Pausa Caff\u00e8"],"inLanguage":"fr-FR"},{"@type":"WebPage","@id":"https:\/\/www.bellunopress.it\/2025\/01\/19\/giornata-nazionale-della-memoria-e-del-sacrificio-degli-alpini-sabato-la-celebrazione-al-circolo-la-terra-dei-padri\/","url":"https:\/\/www.bellunopress.it\/2025\/01\/19\/giornata-nazionale-della-memoria-e-del-sacrificio-degli-alpini-sabato-la-celebrazione-al-circolo-la-terra-dei-padri\/","name":"Giornata nazionale della memoria e del sacrificio degli Alpini. Sabato la celebrazione al Circolo \"La Terra dei Padri\" - Bellunopress - Dolomiti","isPartOf":{"@id":"https:\/\/www.bellunopress.it\/#website"},"primaryImageOfPage":{"@id":"https:\/\/www.bellunopress.it\/2025\/01\/19\/giornata-nazionale-della-memoria-e-del-sacrificio-degli-alpini-sabato-la-celebrazione-al-circolo-la-terra-dei-padri\/#primaryimage"},"image":{"@id":"https:\/\/www.bellunopress.it\/2025\/01\/19\/giornata-nazionale-della-memoria-e-del-sacrificio-degli-alpini-sabato-la-celebrazione-al-circolo-la-terra-dei-padri\/#primaryimage"},"thumbnailUrl":"https:\/\/www.bellunopress.it\/wp-content\/uploads\/2025\/01\/Locandina-giornata-degli-Alpini-25-gennaio-2025_edited.jpg","datePublished":"2025-01-19T10:33:39+00:00","breadcrumb":{"@id":"https:\/\/www.bellunopress.it\/2025\/01\/19\/giornata-nazionale-della-memoria-e-del-sacrificio-degli-alpini-sabato-la-celebrazione-al-circolo-la-terra-dei-padri\/#breadcrumb"},"inLanguage":"fr-FR","potentialAction":[{"@type":"ReadAction","target":["https:\/\/www.bellunopress.it\/2025\/01\/19\/giornata-nazionale-della-memoria-e-del-sacrificio-degli-alpini-sabato-la-celebrazione-al-circolo-la-terra-dei-padri\/"]}]},{"@type":"ImageObject","inLanguage":"fr-FR","@id":"https:\/\/www.bellunopress.it\/2025\/01\/19\/giornata-nazionale-della-memoria-e-del-sacrificio-degli-alpini-sabato-la-celebrazione-al-circolo-la-terra-dei-padri\/#primaryimage","url":"https:\/\/www.bellunopress.it\/wp-content\/uploads\/2025\/01\/Locandina-giornata-degli-Alpini-25-gennaio-2025_edited.jpg","contentUrl":"https:\/\/www.bellunopress.it\/wp-content\/uploads\/2025\/01\/Locandina-giornata-degli-Alpini-25-gennaio-2025_edited.jpg","width":709,"height":1000},{"@type":"BreadcrumbList","@id":"https:\/\/www.bellunopress.it\/2025\/01\/19\/giornata-nazionale-della-memoria-e-del-sacrificio-degli-alpini-sabato-la-celebrazione-al-circolo-la-terra-dei-padri\/#breadcrumb","itemListElement":[{"@type":"ListItem","position":1,"name":"Home","item":"https:\/\/www.bellunopress.it\/"},{"@type":"ListItem","position":2,"name":"Giornata nazionale della memoria e del sacrificio degli Alpini. Sabato la celebrazione al Circolo &#8220;La Terra dei Padri&#8221;"}]},{"@type":"WebSite","@id":"https:\/\/www.bellunopress.it\/#website","url":"https:\/\/www.bellunopress.it\/","name":"Bellunopress - Dolomiti","description":"e-mail: redazione@bellunopress.it","publisher":{"@id":"https:\/\/www.bellunopress.it\/#organization"},"potentialAction":[{"@type":"SearchAction","target":{"@type":"EntryPoint","urlTemplate":"https:\/\/www.bellunopress.it\/?s={search_term_string}"},"query-input":{"@type":"PropertyValueSpecification","valueRequired":true,"valueName":"search_term_string"}}],"inLanguage":"fr-FR"},{"@type":"Organization","@id":"https:\/\/www.bellunopress.it\/#organization","name":"Bellunopress","url":"https:\/\/www.bellunopress.it\/","logo":{"@type":"ImageObject","inLanguage":"fr-FR","@id":"https:\/\/www.bellunopress.it\/#\/schema\/logo\/image\/","url":"https:\/\/www.bellunopress.it\/wp-content\/uploads\/2011\/05\/cropped-logo-bellunopress-.jpg","contentUrl":"https:\/\/www.bellunopress.it\/wp-content\/uploads\/2011\/05\/cropped-logo-bellunopress-.jpg","width":512,"height":512,"caption":"Bellunopress"},"image":{"@id":"https:\/\/www.bellunopress.it\/#\/schema\/logo\/image\/"},"sameAs":["https:\/\/www.facebook.com\/profile.php?id=100008943462799","https:\/\/x.com\/bellunopress","https:\/\/www.linkedin.com\/hp\/?dnr=JBzUWaJfMUw8vbXJJ2tVW5-I3jZKvC4wsoxE&amp;amp;amp;amp;amp;amp;trk=nav_responsive_tab_home","https:\/\/www.youtube.com\/channel\/UCxL0wu1uN0_3_7hGG0306cw"]},{"@type":"Person","@id":"https:\/\/www.bellunopress.it\/#\/schema\/person\/79bb06722b37ece1c03d3e94beb30d73","name":"r\u00e9daction","image":{"@type":"ImageObject","inLanguage":"fr-FR","@id":"https:\/\/secure.gravatar.com\/avatar\/37d968a2e67a6fd04c169c4bdef102d0bc5d31b2546345219e348575eb80e9a0?s=96&d=mm&r=g","url":"https:\/\/secure.gravatar.com\/avatar\/37d968a2e67a6fd04c169c4bdef102d0bc5d31b2546345219e348575eb80e9a0?s=96&d=mm&r=g","contentUrl":"https:\/\/secure.gravatar.com\/avatar\/37d968a2e67a6fd04c169c4bdef102d0bc5d31b2546345219e348575eb80e9a0?s=96&d=mm&r=g","caption":"redazione"},"sameAs":["http:\/\/www.bellunopress.it","https:\/\/x.com\/bellunopress"],"url":"https:\/\/www.bellunopress.it\/fr\/author\/redazione\/"}]}},"_links":{"self":[{"href":"https:\/\/www.bellunopress.it\/fr\/wp-json\/wp\/v2\/posts\/157062","targetHints":{"allow":["GET"]}}],"collection":[{"href":"https:\/\/www.bellunopress.it\/fr\/wp-json\/wp\/v2\/posts"}],"about":[{"href":"https:\/\/www.bellunopress.it\/fr\/wp-json\/wp\/v2\/types\/post"}],"author":[{"embeddable":true,"href":"https:\/\/www.bellunopress.it\/fr\/wp-json\/wp\/v2\/users\/2"}],"replies":[{"embeddable":true,"href":"https:\/\/www.bellunopress.it\/fr\/wp-json\/wp\/v2\/comments?post=157062"}],"version-history":[{"count":1,"href":"https:\/\/www.bellunopress.it\/fr\/wp-json\/wp\/v2\/posts\/157062\/revisions"}],"predecessor-version":[{"id":157064,"href":"https:\/\/www.bellunopress.it\/fr\/wp-json\/wp\/v2\/posts\/157062\/revisions\/157064"}],"wp:featuredmedia":[{"embeddable":true,"href":"https:\/\/www.bellunopress.it\/fr\/wp-json\/wp\/v2\/media\/157063"}],"wp:attachment":[{"href":"https:\/\/www.bellunopress.it\/fr\/wp-json\/wp\/v2\/media?parent=157062"}],"wp:term":[{"taxonomy":"category","embeddable":true,"href":"https:\/\/www.bellunopress.it\/fr\/wp-json\/wp\/v2\/categories?post=157062"},{"taxonomy":"post_tag","embeddable":true,"href":"https:\/\/www.bellunopress.it\/fr\/wp-json\/wp\/v2\/tags?post=157062"}],"curies":[{"name":"wp","href":"https:\/\/api.w.org\/{rel}","templated":true}]}}