{"id":157027,"date":"2025-01-13T09:05:26","date_gmt":"2025-01-13T08:05:26","guid":{"rendered":"https:\/\/www.bellunopress.it\/?p=157027"},"modified":"2025-01-13T09:05:26","modified_gmt":"2025-01-13T08:05:26","slug":"sogni-fantasie-illusioni-le-poesie-di-martina-brentel","status":"publish","type":"post","link":"https:\/\/www.bellunopress.it\/fr\/2025\/01\/13\/sogni-fantasie-illusioni-le-poesie-di-martina-brentel\/","title":{"rendered":"Sogni, fantasie, illusioni. Le poesie di Martina Brentel"},"content":{"rendered":"<p><img loading=\"lazy\" decoding=\"async\" class=\"aligncenter size-full wp-image-157028\" src=\"https:\/\/www.bellunopress.it\/wp-content\/uploads\/2025\/01\/Martina-Brentel-Sogni-fantasie-illusioni.jpg\" alt=\"\" width=\"345\" height=\"509\" srcset=\"https:\/\/www.bellunopress.it\/wp-content\/uploads\/2025\/01\/Martina-Brentel-Sogni-fantasie-illusioni.jpg 345w, https:\/\/www.bellunopress.it\/wp-content\/uploads\/2025\/01\/Martina-Brentel-Sogni-fantasie-illusioni-339x500.jpg 339w, https:\/\/www.bellunopress.it\/wp-content\/uploads\/2025\/01\/Martina-Brentel-Sogni-fantasie-illusioni-285x420.jpg 285w\" sizes=\"auto, (max-width: 345px) 100vw, 345px\" \/>C\u2019\u00e8 qualcosa di molto profondo nei versi di Martina Brentel, o meglio c\u2019\u00e8 un viaggio verso la<br \/>\npropria profondit\u00e0 che utilizza la poesia per riportare in superficie questo mondo sommerso.<br \/>\nDel resto, il titolo di questa silloge \u00e8 pi\u00f9 che mai esplicito: Sogni. Fantasie. Illusioni infatti,<br \/>\nallude immediatamente a immagini custodite nel proprio Io, anzi ancor pi\u00f9 nel proprio cuore, nella propria anima. Verrebbe, con ci\u00f2, quasi automatico pensare a una celebre frase che William Shakespeare, ne La Tempesta, fa pronunciare al protagonista Prospero: \u00abNoi siamo fatti della stessa sostanza dei sogni\u00bb.<\/p>\n<p>Ecco, parafrasando, potremmo dire che di questa stessa sostanza sono fatte le poesie di Martina Brentel.<\/p>\n<p>Martina Brentel \u00e8 nata a Trento, ma cresciuta a Belluno. Ha frequentato il liceo linguistico e ora sta studiando filosofia presso l\u2019Universit\u00e0 di Trento.<br \/>\nAma scrivere, soprattutto poesie, alle quali si dedica nel tempo libero da pi\u00f9 di tre anni.<\/p>\n<p>In vendita in libreria e in tutti i maggiori store on line<br \/>\nSogni. Fantasie. Illusioni di Martina Brentel<br \/>\nGenere: Poesia<br \/>\nListino: \u20ac 12,00<br \/>\nEditore: Gruppo Albatros Il Filo<br \/>\nCollana: Nuove Voci Le Piume<br \/>\nPagine: 48<br \/>\nLingua: Italiano<br \/>\nEAN: 9791223602966<\/p>","protected":false},"excerpt":{"rendered":"<p>C\u2019\u00e8 qualcosa di molto profondo nei versi di Martina Brentel, o meglio c\u2019\u00e8 un viaggio verso la propria profondit\u00e0 che utilizza la poesia per riportare in superficie questo mondo sommerso. Del resto, il titolo di questa silloge \u00e8 pi\u00f9 che mai esplicito: Sogni. Fantasie. Illusioni infatti, allude immediatamente a immagini custodite nel proprio Io, anzi [&hellip;]<\/p>\n","protected":false},"author":2,"featured_media":157028,"comment_status":"closed","ping_status":"open","sticky":false,"template":"","format":"standard","meta":{"footnotes":""},"categories":[3],"tags":[],"class_list":["post-157027","post","type-post","status-publish","format-standard","has-post-thumbnail","category-arte-cultura-spettacoli-scienza-archivi"],"yoast_head":"<!-- This site is optimized with the Yoast SEO plugin v28.4 - https:\/\/yoast.com\/product\/yoast-seo-wordpress\/ -->\n<title>Sogni, fantasie, illusioni. Le poesie di Martina Brentel - Bellunopress - Dolomiti<\/title>\n<meta name=\"robots\" content=\"index, follow, max-snippet:-1, max-image-preview:large, max-video-preview:-1\" \/>\n<link rel=\"canonical\" href=\"https:\/\/www.bellunopress.it\/fr\/2025\/01\/13\/sogni-fantasie-illusioni-le-poesie-di-martina-brentel\/\" \/>\n<meta property=\"og:locale\" content=\"fr_FR\" \/>\n<meta property=\"og:type\" content=\"article\" \/>\n<meta property=\"og:title\" content=\"Sogni, fantasie, illusioni. Le poesie di Martina Brentel - Bellunopress - Dolomiti\" \/>\n<meta property=\"og:description\" content=\"C\u2019\u00e8 qualcosa di molto profondo nei versi di Martina Brentel, o meglio c\u2019\u00e8 un viaggio verso la propria profondit\u00e0 che utilizza la poesia per riportare in superficie questo mondo sommerso. Del resto, il titolo di questa silloge \u00e8 pi\u00f9 che mai esplicito: Sogni. Fantasie. Illusioni infatti, allude immediatamente a immagini custodite nel proprio Io, anzi [&hellip;]\" \/>\n<meta property=\"og:url\" content=\"https:\/\/www.bellunopress.it\/fr\/2025\/01\/13\/sogni-fantasie-illusioni-le-poesie-di-martina-brentel\/\" \/>\n<meta property=\"og:site_name\" content=\"Bellunopress - Dolomiti\" \/>\n<meta property=\"article:publisher\" content=\"https:\/\/www.facebook.com\/profile.php?id=100008943462799\" \/>\n<meta property=\"article:published_time\" content=\"2025-01-13T08:05:26+00:00\" \/>\n<meta property=\"og:image\" content=\"https:\/\/www.bellunopress.it\/wp-content\/uploads\/2025\/01\/Martina-Brentel-Sogni-fantasie-illusioni.jpg\" \/>\n\t<meta property=\"og:image:width\" content=\"345\" \/>\n\t<meta property=\"og:image:height\" content=\"509\" \/>\n\t<meta property=\"og:image:type\" content=\"image\/jpeg\" \/>\n<meta name=\"author\" content=\"redazione\" \/>\n<meta name=\"twitter:card\" content=\"summary_large_image\" \/>\n<meta name=\"twitter:creator\" content=\"@bellunopress\" \/>\n<meta name=\"twitter:site\" content=\"@bellunopress\" \/>\n<meta name=\"twitter:label1\" content=\"\u00c9crit par\" \/>\n\t<meta name=\"twitter:data1\" content=\"redazione\" \/>\n\t<meta name=\"twitter:label2\" content=\"Dur\u00e9e de lecture estim\u00e9e\" \/>\n\t<meta name=\"twitter:data2\" content=\"1 minute\" \/>\n<script type=\"application\/ld+json\" class=\"yoast-schema-graph\">{\"@context\":\"https:\\\/\\\/schema.org\",\"@graph\":[{\"@type\":\"Article\",\"@id\":\"https:\\\/\\\/www.bellunopress.it\\\/2025\\\/01\\\/13\\\/sogni-fantasie-illusioni-le-poesie-di-martina-brentel\\\/#article\",\"isPartOf\":{\"@id\":\"https:\\\/\\\/www.bellunopress.it\\\/2025\\\/01\\\/13\\\/sogni-fantasie-illusioni-le-poesie-di-martina-brentel\\\/\"},\"author\":{\"name\":\"redazione\",\"@id\":\"https:\\\/\\\/www.bellunopress.it\\\/#\\\/schema\\\/person\\\/79bb06722b37ece1c03d3e94beb30d73\"},\"headline\":\"Sogni, fantasie, illusioni. Le poesie di Martina Brentel\",\"datePublished\":\"2025-01-13T08:05:26+00:00\",\"mainEntityOfPage\":{\"@id\":\"https:\\\/\\\/www.bellunopress.it\\\/2025\\\/01\\\/13\\\/sogni-fantasie-illusioni-le-poesie-di-martina-brentel\\\/\"},\"wordCount\":190,\"publisher\":{\"@id\":\"https:\\\/\\\/www.bellunopress.it\\\/#organization\"},\"image\":{\"@id\":\"https:\\\/\\\/www.bellunopress.it\\\/2025\\\/01\\\/13\\\/sogni-fantasie-illusioni-le-poesie-di-martina-brentel\\\/#primaryimage\"},\"thumbnailUrl\":\"https:\\\/\\\/www.bellunopress.it\\\/wp-content\\\/uploads\\\/2025\\\/01\\\/Martina-Brentel-Sogni-fantasie-illusioni.jpg\",\"articleSection\":[\"Arte, Cultura, Spettacoli, Scienza\"],\"inLanguage\":\"fr-FR\"},{\"@type\":\"WebPage\",\"@id\":\"https:\\\/\\\/www.bellunopress.it\\\/2025\\\/01\\\/13\\\/sogni-fantasie-illusioni-le-poesie-di-martina-brentel\\\/\",\"url\":\"https:\\\/\\\/www.bellunopress.it\\\/2025\\\/01\\\/13\\\/sogni-fantasie-illusioni-le-poesie-di-martina-brentel\\\/\",\"name\":\"Sogni, fantasie, illusioni. Le poesie di Martina Brentel - Bellunopress - Dolomiti\",\"isPartOf\":{\"@id\":\"https:\\\/\\\/www.bellunopress.it\\\/#website\"},\"primaryImageOfPage\":{\"@id\":\"https:\\\/\\\/www.bellunopress.it\\\/2025\\\/01\\\/13\\\/sogni-fantasie-illusioni-le-poesie-di-martina-brentel\\\/#primaryimage\"},\"image\":{\"@id\":\"https:\\\/\\\/www.bellunopress.it\\\/2025\\\/01\\\/13\\\/sogni-fantasie-illusioni-le-poesie-di-martina-brentel\\\/#primaryimage\"},\"thumbnailUrl\":\"https:\\\/\\\/www.bellunopress.it\\\/wp-content\\\/uploads\\\/2025\\\/01\\\/Martina-Brentel-Sogni-fantasie-illusioni.jpg\",\"datePublished\":\"2025-01-13T08:05:26+00:00\",\"breadcrumb\":{\"@id\":\"https:\\\/\\\/www.bellunopress.it\\\/2025\\\/01\\\/13\\\/sogni-fantasie-illusioni-le-poesie-di-martina-brentel\\\/#breadcrumb\"},\"inLanguage\":\"fr-FR\",\"potentialAction\":[{\"@type\":\"ReadAction\",\"target\":[\"https:\\\/\\\/www.bellunopress.it\\\/2025\\\/01\\\/13\\\/sogni-fantasie-illusioni-le-poesie-di-martina-brentel\\\/\"]}]},{\"@type\":\"ImageObject\",\"inLanguage\":\"fr-FR\",\"@id\":\"https:\\\/\\\/www.bellunopress.it\\\/2025\\\/01\\\/13\\\/sogni-fantasie-illusioni-le-poesie-di-martina-brentel\\\/#primaryimage\",\"url\":\"https:\\\/\\\/www.bellunopress.it\\\/wp-content\\\/uploads\\\/2025\\\/01\\\/Martina-Brentel-Sogni-fantasie-illusioni.jpg\",\"contentUrl\":\"https:\\\/\\\/www.bellunopress.it\\\/wp-content\\\/uploads\\\/2025\\\/01\\\/Martina-Brentel-Sogni-fantasie-illusioni.jpg\",\"width\":345,\"height\":509},{\"@type\":\"BreadcrumbList\",\"@id\":\"https:\\\/\\\/www.bellunopress.it\\\/2025\\\/01\\\/13\\\/sogni-fantasie-illusioni-le-poesie-di-martina-brentel\\\/#breadcrumb\",\"itemListElement\":[{\"@type\":\"ListItem\",\"position\":1,\"name\":\"Home\",\"item\":\"https:\\\/\\\/www.bellunopress.it\\\/\"},{\"@type\":\"ListItem\",\"position\":2,\"name\":\"Sogni, fantasie, illusioni. Le poesie di Martina Brentel\"}]},{\"@type\":\"WebSite\",\"@id\":\"https:\\\/\\\/www.bellunopress.it\\\/#website\",\"url\":\"https:\\\/\\\/www.bellunopress.it\\\/\",\"name\":\"Bellunopress - Dolomiti\",\"description\":\"e-mail: redazione@bellunopress.it\",\"publisher\":{\"@id\":\"https:\\\/\\\/www.bellunopress.it\\\/#organization\"},\"potentialAction\":[{\"@type\":\"SearchAction\",\"target\":{\"@type\":\"EntryPoint\",\"urlTemplate\":\"https:\\\/\\\/www.bellunopress.it\\\/?s={search_term_string}\"},\"query-input\":{\"@type\":\"PropertyValueSpecification\",\"valueRequired\":true,\"valueName\":\"search_term_string\"}}],\"inLanguage\":\"fr-FR\"},{\"@type\":\"Organization\",\"@id\":\"https:\\\/\\\/www.bellunopress.it\\\/#organization\",\"name\":\"Bellunopress\",\"url\":\"https:\\\/\\\/www.bellunopress.it\\\/\",\"logo\":{\"@type\":\"ImageObject\",\"inLanguage\":\"fr-FR\",\"@id\":\"https:\\\/\\\/www.bellunopress.it\\\/#\\\/schema\\\/logo\\\/image\\\/\",\"url\":\"https:\\\/\\\/www.bellunopress.it\\\/wp-content\\\/uploads\\\/2011\\\/05\\\/cropped-logo-bellunopress-.jpg\",\"contentUrl\":\"https:\\\/\\\/www.bellunopress.it\\\/wp-content\\\/uploads\\\/2011\\\/05\\\/cropped-logo-bellunopress-.jpg\",\"width\":512,\"height\":512,\"caption\":\"Bellunopress\"},\"image\":{\"@id\":\"https:\\\/\\\/www.bellunopress.it\\\/#\\\/schema\\\/logo\\\/image\\\/\"},\"sameAs\":[\"https:\\\/\\\/www.facebook.com\\\/profile.php?id=100008943462799\",\"https:\\\/\\\/x.com\\\/bellunopress\",\"https:\\\/\\\/www.linkedin.com\\\/hp\\\/?dnr=JBzUWaJfMUw8vbXJJ2tVW5-I3jZKvC4wsoxE&amp;amp;amp;amp;amp;amp;trk=nav_responsive_tab_home\",\"https:\\\/\\\/www.youtube.com\\\/channel\\\/UCxL0wu1uN0_3_7hGG0306cw\"]},{\"@type\":\"Person\",\"@id\":\"https:\\\/\\\/www.bellunopress.it\\\/#\\\/schema\\\/person\\\/79bb06722b37ece1c03d3e94beb30d73\",\"name\":\"redazione\",\"image\":{\"@type\":\"ImageObject\",\"inLanguage\":\"fr-FR\",\"@id\":\"https:\\\/\\\/secure.gravatar.com\\\/avatar\\\/37d968a2e67a6fd04c169c4bdef102d0bc5d31b2546345219e348575eb80e9a0?s=96&d=mm&r=g\",\"url\":\"https:\\\/\\\/secure.gravatar.com\\\/avatar\\\/37d968a2e67a6fd04c169c4bdef102d0bc5d31b2546345219e348575eb80e9a0?s=96&d=mm&r=g\",\"contentUrl\":\"https:\\\/\\\/secure.gravatar.com\\\/avatar\\\/37d968a2e67a6fd04c169c4bdef102d0bc5d31b2546345219e348575eb80e9a0?s=96&d=mm&r=g\",\"caption\":\"redazione\"},\"sameAs\":[\"http:\\\/\\\/www.bellunopress.it\",\"https:\\\/\\\/x.com\\\/bellunopress\"],\"url\":\"https:\\\/\\\/www.bellunopress.it\\\/fr\\\/author\\\/redazione\\\/\"}]}<\/script>\n<!-- \/ Yoast SEO plugin. -->","yoast_head_json":{"title":"Sogni, fantasie, illusioni. Le poesie di Martina Brentel - Bellunopress - Dolomiti","robots":{"index":"index","follow":"follow","max-snippet":"max-snippet:-1","max-image-preview":"max-image-preview:large","max-video-preview":"max-video-preview:-1"},"canonical":"https:\/\/www.bellunopress.it\/fr\/2025\/01\/13\/sogni-fantasie-illusioni-le-poesie-di-martina-brentel\/","og_locale":"fr_FR","og_type":"article","og_title":"Sogni, fantasie, illusioni. Le poesie di Martina Brentel - Bellunopress - Dolomiti","og_description":"C\u2019\u00e8 qualcosa di molto profondo nei versi di Martina Brentel, o meglio c\u2019\u00e8 un viaggio verso la propria profondit\u00e0 che utilizza la poesia per riportare in superficie questo mondo sommerso. Del resto, il titolo di questa silloge \u00e8 pi\u00f9 che mai esplicito: Sogni. Fantasie. Illusioni infatti, allude immediatamente a immagini custodite nel proprio Io, anzi [&hellip;]","og_url":"https:\/\/www.bellunopress.it\/fr\/2025\/01\/13\/sogni-fantasie-illusioni-le-poesie-di-martina-brentel\/","og_site_name":"Bellunopress - Dolomiti","article_publisher":"https:\/\/www.facebook.com\/profile.php?id=100008943462799","article_published_time":"2025-01-13T08:05:26+00:00","og_image":[{"width":345,"height":509,"url":"https:\/\/www.bellunopress.it\/wp-content\/uploads\/2025\/01\/Martina-Brentel-Sogni-fantasie-illusioni.jpg","type":"image\/jpeg"}],"author":"redazione","twitter_card":"summary_large_image","twitter_creator":"@bellunopress","twitter_site":"@bellunopress","twitter_misc":{"\u00c9crit par":"redazione","Dur\u00e9e de lecture estim\u00e9e":"1 minute"},"schema":{"@context":"https:\/\/schema.org","@graph":[{"@type":"Article","@id":"https:\/\/www.bellunopress.it\/2025\/01\/13\/sogni-fantasie-illusioni-le-poesie-di-martina-brentel\/#article","isPartOf":{"@id":"https:\/\/www.bellunopress.it\/2025\/01\/13\/sogni-fantasie-illusioni-le-poesie-di-martina-brentel\/"},"author":{"name":"redazione","@id":"https:\/\/www.bellunopress.it\/#\/schema\/person\/79bb06722b37ece1c03d3e94beb30d73"},"headline":"Sogni, fantasie, illusioni. Le poesie di Martina Brentel","datePublished":"2025-01-13T08:05:26+00:00","mainEntityOfPage":{"@id":"https:\/\/www.bellunopress.it\/2025\/01\/13\/sogni-fantasie-illusioni-le-poesie-di-martina-brentel\/"},"wordCount":190,"publisher":{"@id":"https:\/\/www.bellunopress.it\/#organization"},"image":{"@id":"https:\/\/www.bellunopress.it\/2025\/01\/13\/sogni-fantasie-illusioni-le-poesie-di-martina-brentel\/#primaryimage"},"thumbnailUrl":"https:\/\/www.bellunopress.it\/wp-content\/uploads\/2025\/01\/Martina-Brentel-Sogni-fantasie-illusioni.jpg","articleSection":["Arte, Cultura, Spettacoli, Scienza"],"inLanguage":"fr-FR"},{"@type":"WebPage","@id":"https:\/\/www.bellunopress.it\/2025\/01\/13\/sogni-fantasie-illusioni-le-poesie-di-martina-brentel\/","url":"https:\/\/www.bellunopress.it\/2025\/01\/13\/sogni-fantasie-illusioni-le-poesie-di-martina-brentel\/","name":"Sogni, fantasie, illusioni. Le poesie di Martina Brentel - Bellunopress - Dolomiti","isPartOf":{"@id":"https:\/\/www.bellunopress.it\/#website"},"primaryImageOfPage":{"@id":"https:\/\/www.bellunopress.it\/2025\/01\/13\/sogni-fantasie-illusioni-le-poesie-di-martina-brentel\/#primaryimage"},"image":{"@id":"https:\/\/www.bellunopress.it\/2025\/01\/13\/sogni-fantasie-illusioni-le-poesie-di-martina-brentel\/#primaryimage"},"thumbnailUrl":"https:\/\/www.bellunopress.it\/wp-content\/uploads\/2025\/01\/Martina-Brentel-Sogni-fantasie-illusioni.jpg","datePublished":"2025-01-13T08:05:26+00:00","breadcrumb":{"@id":"https:\/\/www.bellunopress.it\/2025\/01\/13\/sogni-fantasie-illusioni-le-poesie-di-martina-brentel\/#breadcrumb"},"inLanguage":"fr-FR","potentialAction":[{"@type":"ReadAction","target":["https:\/\/www.bellunopress.it\/2025\/01\/13\/sogni-fantasie-illusioni-le-poesie-di-martina-brentel\/"]}]},{"@type":"ImageObject","inLanguage":"fr-FR","@id":"https:\/\/www.bellunopress.it\/2025\/01\/13\/sogni-fantasie-illusioni-le-poesie-di-martina-brentel\/#primaryimage","url":"https:\/\/www.bellunopress.it\/wp-content\/uploads\/2025\/01\/Martina-Brentel-Sogni-fantasie-illusioni.jpg","contentUrl":"https:\/\/www.bellunopress.it\/wp-content\/uploads\/2025\/01\/Martina-Brentel-Sogni-fantasie-illusioni.jpg","width":345,"height":509},{"@type":"BreadcrumbList","@id":"https:\/\/www.bellunopress.it\/2025\/01\/13\/sogni-fantasie-illusioni-le-poesie-di-martina-brentel\/#breadcrumb","itemListElement":[{"@type":"ListItem","position":1,"name":"Home","item":"https:\/\/www.bellunopress.it\/"},{"@type":"ListItem","position":2,"name":"Sogni, fantasie, illusioni. Le poesie di Martina Brentel"}]},{"@type":"WebSite","@id":"https:\/\/www.bellunopress.it\/#website","url":"https:\/\/www.bellunopress.it\/","name":"Bellunopress - Dolomiti","description":"e-mail: redazione@bellunopress.it","publisher":{"@id":"https:\/\/www.bellunopress.it\/#organization"},"potentialAction":[{"@type":"SearchAction","target":{"@type":"EntryPoint","urlTemplate":"https:\/\/www.bellunopress.it\/?s={search_term_string}"},"query-input":{"@type":"PropertyValueSpecification","valueRequired":true,"valueName":"search_term_string"}}],"inLanguage":"fr-FR"},{"@type":"Organization","@id":"https:\/\/www.bellunopress.it\/#organization","name":"Bellunopress","url":"https:\/\/www.bellunopress.it\/","logo":{"@type":"ImageObject","inLanguage":"fr-FR","@id":"https:\/\/www.bellunopress.it\/#\/schema\/logo\/image\/","url":"https:\/\/www.bellunopress.it\/wp-content\/uploads\/2011\/05\/cropped-logo-bellunopress-.jpg","contentUrl":"https:\/\/www.bellunopress.it\/wp-content\/uploads\/2011\/05\/cropped-logo-bellunopress-.jpg","width":512,"height":512,"caption":"Bellunopress"},"image":{"@id":"https:\/\/www.bellunopress.it\/#\/schema\/logo\/image\/"},"sameAs":["https:\/\/www.facebook.com\/profile.php?id=100008943462799","https:\/\/x.com\/bellunopress","https:\/\/www.linkedin.com\/hp\/?dnr=JBzUWaJfMUw8vbXJJ2tVW5-I3jZKvC4wsoxE&amp;amp;amp;amp;amp;amp;trk=nav_responsive_tab_home","https:\/\/www.youtube.com\/channel\/UCxL0wu1uN0_3_7hGG0306cw"]},{"@type":"Person","@id":"https:\/\/www.bellunopress.it\/#\/schema\/person\/79bb06722b37ece1c03d3e94beb30d73","name":"r\u00e9daction","image":{"@type":"ImageObject","inLanguage":"fr-FR","@id":"https:\/\/secure.gravatar.com\/avatar\/37d968a2e67a6fd04c169c4bdef102d0bc5d31b2546345219e348575eb80e9a0?s=96&d=mm&r=g","url":"https:\/\/secure.gravatar.com\/avatar\/37d968a2e67a6fd04c169c4bdef102d0bc5d31b2546345219e348575eb80e9a0?s=96&d=mm&r=g","contentUrl":"https:\/\/secure.gravatar.com\/avatar\/37d968a2e67a6fd04c169c4bdef102d0bc5d31b2546345219e348575eb80e9a0?s=96&d=mm&r=g","caption":"redazione"},"sameAs":["http:\/\/www.bellunopress.it","https:\/\/x.com\/bellunopress"],"url":"https:\/\/www.bellunopress.it\/fr\/author\/redazione\/"}]}},"_links":{"self":[{"href":"https:\/\/www.bellunopress.it\/fr\/wp-json\/wp\/v2\/posts\/157027","targetHints":{"allow":["GET"]}}],"collection":[{"href":"https:\/\/www.bellunopress.it\/fr\/wp-json\/wp\/v2\/posts"}],"about":[{"href":"https:\/\/www.bellunopress.it\/fr\/wp-json\/wp\/v2\/types\/post"}],"author":[{"embeddable":true,"href":"https:\/\/www.bellunopress.it\/fr\/wp-json\/wp\/v2\/users\/2"}],"replies":[{"embeddable":true,"href":"https:\/\/www.bellunopress.it\/fr\/wp-json\/wp\/v2\/comments?post=157027"}],"version-history":[{"count":1,"href":"https:\/\/www.bellunopress.it\/fr\/wp-json\/wp\/v2\/posts\/157027\/revisions"}],"predecessor-version":[{"id":157029,"href":"https:\/\/www.bellunopress.it\/fr\/wp-json\/wp\/v2\/posts\/157027\/revisions\/157029"}],"wp:featuredmedia":[{"embeddable":true,"href":"https:\/\/www.bellunopress.it\/fr\/wp-json\/wp\/v2\/media\/157028"}],"wp:attachment":[{"href":"https:\/\/www.bellunopress.it\/fr\/wp-json\/wp\/v2\/media?parent=157027"}],"wp:term":[{"taxonomy":"category","embeddable":true,"href":"https:\/\/www.bellunopress.it\/fr\/wp-json\/wp\/v2\/categories?post=157027"},{"taxonomy":"post_tag","embeddable":true,"href":"https:\/\/www.bellunopress.it\/fr\/wp-json\/wp\/v2\/tags?post=157027"}],"curies":[{"name":"wp","href":"https:\/\/api.w.org\/{rel}","templated":true}]}}