{"id":157024,"date":"2025-01-13T07:32:06","date_gmt":"2025-01-13T06:32:06","guid":{"rendered":"https:\/\/www.bellunopress.it\/?p=157024"},"modified":"2025-01-13T07:32:06","modified_gmt":"2025-01-13T06:32:06","slug":"feltre-pra-del-moro-al-via-le-lezioni-con-scuole-e-corsi-per-adulti-anche-gli-alpini-sugli-sci-con-una-gara-in-memoria-di-paolo-centa","status":"publish","type":"post","link":"https:\/\/www.bellunopress.it\/fr\/2025\/01\/13\/feltre-pra-del-moro-al-via-le-lezioni-con-scuole-e-corsi-per-adulti-anche-gli-alpini-sugli-sci-con-una-gara-in-memoria-di-paolo-centa\/","title":{"rendered":"Feltre. Pra&#8217; del Moro, al via le lezioni con scuole e corsi per adulti. Anche gli Alpini sugli sci con una gara in memoria di Paolo Centa"},"content":{"rendered":"<figure id=\"attachment_156605\" aria-describedby=\"caption-attachment-156605\" style=\"width: 1000px\" class=\"wp-caption aligncenter\"><img loading=\"lazy\" decoding=\"async\" class=\"size-full wp-image-156605\" src=\"https:\/\/www.bellunopress.it\/wp-content\/uploads\/2024\/12\/Pra-de-moro-fondo-Feltre_edited.jpg\" alt=\"\" width=\"1000\" height=\"563\" srcset=\"https:\/\/www.bellunopress.it\/wp-content\/uploads\/2024\/12\/Pra-de-moro-fondo-Feltre_edited.jpg 1000w, https:\/\/www.bellunopress.it\/wp-content\/uploads\/2024\/12\/Pra-de-moro-fondo-Feltre_edited-500x282.jpg 500w, https:\/\/www.bellunopress.it\/wp-content\/uploads\/2024\/12\/Pra-de-moro-fondo-Feltre_edited-746x420.jpg 746w, https:\/\/www.bellunopress.it\/wp-content\/uploads\/2024\/12\/Pra-de-moro-fondo-Feltre_edited-696x392.jpg 696w\" sizes=\"auto, (max-width: 1000px) 100vw, 1000px\" \/><figcaption id=\"caption-attachment-156605\" class=\"wp-caption-text\">Feltre, Pr\u00e0 de Moro, pista di fondo<\/figcaption><\/figure>\n<p class=\"v1MsoNormal\">Continua l&#8217;apertura al pubblico della pista di fondo in Pra&#8217; del Moro a Feltre. Il tracciato innevato artificialmente si mantiene in ottime condizioni grazie alle rigide temperature e al lavoro dell&#8217;Enal Sport Villaga.\u00a0Questa settimana la pista sar\u00e0 aperta tutti i pomeriggi, ad eccezione di luned\u00ec e mercoled\u00ec, dalle 14.30 alle 18.00.\u00a0Marted\u00ec, mercoled\u00ec e venerd\u00ec sar\u00e0 possibile sciare anche in orario serale dalle 19.30 alle 21.30\u00a0grazie all&#8217;impianto di illuminazione. L&#8217;ingresso in pista costa 5 euro, ai quali vanno aggiunti altri 5 euro per il noleggio delle attrezzature (scarpe, sci e bastoncini). \u00c8 possibile sciare sia in tecnica classica, grazie alla presenza dei binari, sia in tecnica libera.<\/p>\n<p class=\"v1MsoNormal\"><b><u>Pienone per i corsi di fondo per adulti<\/u><\/b><\/p>\n<p class=\"v1MsoNormal\"><b>La pista di fondo in Pra&#8217; del Moro fa scattare la febbre da sci<\/b>. I corsi di avviamento per adulti, proposti dall&#8217;Info Caff\u00e8 Pra&#8217; del Moro in collaborazione con l&#8217;Enal Sport Villaga, hanno registrato il pieno di iscrizioni nel giro di pochi giorni. I corsi si terranno il 14, 15 e 17 gennaio e ancora il 21, 22 e 24 gennaio, dalle 19.30 alle 21.00. Un&#8217;interessante opportunit\u00e0 per imparare le basi dello sci nordico a due passi da casa, in un&#8217;atmosfera suggestiva e con la possibilit\u00e0 di gustarsi una bevanda calda presso l&#8217;Info Caff\u00e8.<\/p>\n<p class=\"v1MsoNormal\"><b><u>Le scuole a lezione sugli sci in Pra&#8217; del Moro<\/u><\/b><\/p>\n<p class=\"v1MsoNormal\">A lezione sugli sci.\u00a0Le giornate bianche proposte agli alunni feltrini dall&#8217;Enal Sport Villaga entrano nel vivo. Nei prossimi giorni oltre un centinaio di studenti, accompagnati dai loro professori, si recheranno sulla pista di Pra&#8217; del Moro per provare la disciplina dello sci di fondo.\u00a0Centoventi al momento gli alunni coinvolti, tutti appartenenti alle classi seconde della scuola media Gino Rocca. In programma una ventina di turni di due ore ciascuno nei quali si alterneranno le varie classi. Ma ci sono ancora altri istituti, anche da fuori provincia, che hanno chiesto di venire con i propri ragazzi a sciare sul circuito cittadino. A disposizione degli studenti, oltre a materiali ed attrezzature, ci saranno i maestri federali dell&#8217;Enal Sport Villaga che li aiuteranno a prender confidenza con gli sci o a migliorare la propria tecnica.<\/p>\n<p class=\"v1MsoNormal\"><b>Un&#8217;esperienza che si ripete da alcuni cicli scolastici e che riscuote molto successo<\/b>. \u00ab\u00c8 un progetto che portiamo avanti da alcuni anni, fortemente voluto dagli istituti &#8211; sottolinea il presidente Claudio Scopel &#8211; Il riscontro \u00e8 molto positivo e gli studenti dimostrano sempre grande entusiasmo. Oltre ad apprendere le nozioni base, gli alunni affrontano esercizi particolari, come sciare senza racchette o con un solo sci, e poi giochi di squadra\u00bb.<\/p>\n<p class=\"v1MsoNormal\">Un&#8217;iniziativa che punta a promuovere lo sport fra i giovani delle scuole e che conferma ulteriormente la valenza della pista di fondo in Pra&#8217; del Moro quale importante polo attrattivo per grandi e piccoli.<\/p>\n<p class=\"v1MsoNormal\"><b><u>Alpini sugli sci ricordando Paolo Centa<\/u><\/b><\/p>\n<p class=\"v1MsoNormal\">Un successo di sport e di amicizia. \u00c8 andato in scena sabato sera il 1\u00b0 Memorial Paolo Centa organizzato dalla sezione ANA Alpini di Feltre in collaborazione con l&#8217;Enal Sport Villaga. Una sfida sugli sci sull&#8217;anello di Pra&#8217; del Moro che ha visto una trentina di alpini competere amichevolmente in una staffetta sprint con sei squadre di cinque atleti ciascuna.<\/p>\n<p class=\"v1MsoNormal\"><b>Le penne nere di Feltre hanno voluto cos\u00ec ricordare l&#8217;amico Paolo Centa<\/b>, prematuramente scomparso lo scorso giugno, figura di spicco nell&#8217;associazionismo feltrino e appassionato podista (aveva portato in alto i colori dell&#8217;Ana Feltre anche a livello nazionale ai Campionati alpini).<\/p>\n<p class=\"v1MsoNormal\">Al termine delle gare sono stati sorteggiati gli sci e gli scarponi da sci appartenenti proprio a Centa e messi a disposizione della famiglia.<\/p>","protected":false},"excerpt":{"rendered":"<p>Continua l&#8217;apertura al pubblico della pista di fondo in Pra&#8217; del Moro a Feltre. Il tracciato innevato artificialmente si mantiene in ottime condizioni grazie alle rigide temperature e al lavoro dell&#8217;Enal Sport Villaga.\u00a0Questa settimana la pista sar\u00e0 aperta tutti i pomeriggi, ad eccezione di luned\u00ec e mercoled\u00ec, dalle 14.30 alle 18.00.\u00a0Marted\u00ec, mercoled\u00ec e venerd\u00ec sar\u00e0 [&hellip;]<\/p>\n","protected":false},"author":2,"featured_media":156605,"comment_status":"closed","ping_status":"open","sticky":false,"template":"","format":"standard","meta":{"footnotes":""},"categories":[25,8,4],"tags":[],"class_list":["post-157024","post","type-post","status-publish","format-standard","has-post-thumbnail","category-pausa-caffe","category-societa-istituzioni","category-sport"],"yoast_head":"<!-- This site is optimized with the Yoast SEO plugin v28.4 - https:\/\/yoast.com\/product\/yoast-seo-wordpress\/ -->\n<title>Feltre. Pra&#039; del Moro, al via le lezioni con scuole e corsi per adulti. Anche gli Alpini sugli sci con una gara in memoria di Paolo Centa - Bellunopress - Dolomiti<\/title>\n<meta name=\"robots\" content=\"index, follow, max-snippet:-1, max-image-preview:large, max-video-preview:-1\" \/>\n<link rel=\"canonical\" href=\"https:\/\/www.bellunopress.it\/fr\/2025\/01\/13\/feltre-pra-del-moro-al-via-le-lezioni-con-scuole-e-corsi-per-adulti-anche-gli-alpini-sugli-sci-con-una-gara-in-memoria-di-paolo-centa\/\" \/>\n<meta property=\"og:locale\" content=\"fr_FR\" \/>\n<meta property=\"og:type\" content=\"article\" \/>\n<meta property=\"og:title\" content=\"Feltre. Pra&#039; del Moro, al via le lezioni con scuole e corsi per adulti. Anche gli Alpini sugli sci con una gara in memoria di Paolo Centa - Bellunopress - Dolomiti\" \/>\n<meta property=\"og:description\" content=\"Continua l&#8217;apertura al pubblico della pista di fondo in Pra&#8217; del Moro a Feltre. Il tracciato innevato artificialmente si mantiene in ottime condizioni grazie alle rigide temperature e al lavoro dell&#8217;Enal Sport Villaga.\u00a0Questa settimana la pista sar\u00e0 aperta tutti i pomeriggi, ad eccezione di luned\u00ec e mercoled\u00ec, dalle 14.30 alle 18.00.\u00a0Marted\u00ec, mercoled\u00ec e venerd\u00ec sar\u00e0 [&hellip;]\" \/>\n<meta property=\"og:url\" content=\"https:\/\/www.bellunopress.it\/fr\/2025\/01\/13\/feltre-pra-del-moro-al-via-le-lezioni-con-scuole-e-corsi-per-adulti-anche-gli-alpini-sugli-sci-con-una-gara-in-memoria-di-paolo-centa\/\" \/>\n<meta property=\"og:site_name\" content=\"Bellunopress - Dolomiti\" \/>\n<meta property=\"article:publisher\" content=\"https:\/\/www.facebook.com\/profile.php?id=100008943462799\" \/>\n<meta property=\"article:published_time\" content=\"2025-01-13T06:32:06+00:00\" \/>\n<meta property=\"og:image\" content=\"https:\/\/www.bellunopress.it\/wp-content\/uploads\/2024\/12\/Pra-de-moro-fondo-Feltre_edited.jpg\" \/>\n\t<meta property=\"og:image:width\" content=\"1000\" \/>\n\t<meta property=\"og:image:height\" content=\"563\" \/>\n\t<meta property=\"og:image:type\" content=\"image\/jpeg\" \/>\n<meta name=\"author\" content=\"redazione\" \/>\n<meta name=\"twitter:card\" content=\"summary_large_image\" \/>\n<meta name=\"twitter:creator\" content=\"@bellunopress\" \/>\n<meta name=\"twitter:site\" content=\"@bellunopress\" \/>\n<meta name=\"twitter:label1\" content=\"\u00c9crit par\" \/>\n\t<meta name=\"twitter:data1\" content=\"redazione\" \/>\n\t<meta name=\"twitter:label2\" content=\"Dur\u00e9e de lecture estim\u00e9e\" \/>\n\t<meta name=\"twitter:data2\" content=\"3 minutes\" \/>\n<script type=\"application\/ld+json\" class=\"yoast-schema-graph\">{\"@context\":\"https:\\\/\\\/schema.org\",\"@graph\":[{\"@type\":\"Article\",\"@id\":\"https:\\\/\\\/www.bellunopress.it\\\/2025\\\/01\\\/13\\\/feltre-pra-del-moro-al-via-le-lezioni-con-scuole-e-corsi-per-adulti-anche-gli-alpini-sugli-sci-con-una-gara-in-memoria-di-paolo-centa\\\/#article\",\"isPartOf\":{\"@id\":\"https:\\\/\\\/www.bellunopress.it\\\/2025\\\/01\\\/13\\\/feltre-pra-del-moro-al-via-le-lezioni-con-scuole-e-corsi-per-adulti-anche-gli-alpini-sugli-sci-con-una-gara-in-memoria-di-paolo-centa\\\/\"},\"author\":{\"name\":\"redazione\",\"@id\":\"https:\\\/\\\/www.bellunopress.it\\\/#\\\/schema\\\/person\\\/79bb06722b37ece1c03d3e94beb30d73\"},\"headline\":\"Feltre. Pra&#8217; del Moro, al via le lezioni con scuole e corsi per adulti. Anche gli Alpini sugli sci con una gara in memoria di Paolo Centa\",\"datePublished\":\"2025-01-13T06:32:06+00:00\",\"mainEntityOfPage\":{\"@id\":\"https:\\\/\\\/www.bellunopress.it\\\/2025\\\/01\\\/13\\\/feltre-pra-del-moro-al-via-le-lezioni-con-scuole-e-corsi-per-adulti-anche-gli-alpini-sugli-sci-con-una-gara-in-memoria-di-paolo-centa\\\/\"},\"wordCount\":629,\"publisher\":{\"@id\":\"https:\\\/\\\/www.bellunopress.it\\\/#organization\"},\"image\":{\"@id\":\"https:\\\/\\\/www.bellunopress.it\\\/2025\\\/01\\\/13\\\/feltre-pra-del-moro-al-via-le-lezioni-con-scuole-e-corsi-per-adulti-anche-gli-alpini-sugli-sci-con-una-gara-in-memoria-di-paolo-centa\\\/#primaryimage\"},\"thumbnailUrl\":\"https:\\\/\\\/www.bellunopress.it\\\/wp-content\\\/uploads\\\/2024\\\/12\\\/Pra-de-moro-fondo-Feltre_edited.jpg\",\"articleSection\":[\"Pausa Caff\u00e8\",\"Societ\u00e0, Associazioni, Istituzioni\",\"Sport, tempo libero\"],\"inLanguage\":\"fr-FR\"},{\"@type\":\"WebPage\",\"@id\":\"https:\\\/\\\/www.bellunopress.it\\\/2025\\\/01\\\/13\\\/feltre-pra-del-moro-al-via-le-lezioni-con-scuole-e-corsi-per-adulti-anche-gli-alpini-sugli-sci-con-una-gara-in-memoria-di-paolo-centa\\\/\",\"url\":\"https:\\\/\\\/www.bellunopress.it\\\/2025\\\/01\\\/13\\\/feltre-pra-del-moro-al-via-le-lezioni-con-scuole-e-corsi-per-adulti-anche-gli-alpini-sugli-sci-con-una-gara-in-memoria-di-paolo-centa\\\/\",\"name\":\"Feltre. Pra' del Moro, al via le lezioni con scuole e corsi per adulti. Anche gli Alpini sugli sci con una gara in memoria di Paolo Centa - Bellunopress - Dolomiti\",\"isPartOf\":{\"@id\":\"https:\\\/\\\/www.bellunopress.it\\\/#website\"},\"primaryImageOfPage\":{\"@id\":\"https:\\\/\\\/www.bellunopress.it\\\/2025\\\/01\\\/13\\\/feltre-pra-del-moro-al-via-le-lezioni-con-scuole-e-corsi-per-adulti-anche-gli-alpini-sugli-sci-con-una-gara-in-memoria-di-paolo-centa\\\/#primaryimage\"},\"image\":{\"@id\":\"https:\\\/\\\/www.bellunopress.it\\\/2025\\\/01\\\/13\\\/feltre-pra-del-moro-al-via-le-lezioni-con-scuole-e-corsi-per-adulti-anche-gli-alpini-sugli-sci-con-una-gara-in-memoria-di-paolo-centa\\\/#primaryimage\"},\"thumbnailUrl\":\"https:\\\/\\\/www.bellunopress.it\\\/wp-content\\\/uploads\\\/2024\\\/12\\\/Pra-de-moro-fondo-Feltre_edited.jpg\",\"datePublished\":\"2025-01-13T06:32:06+00:00\",\"breadcrumb\":{\"@id\":\"https:\\\/\\\/www.bellunopress.it\\\/2025\\\/01\\\/13\\\/feltre-pra-del-moro-al-via-le-lezioni-con-scuole-e-corsi-per-adulti-anche-gli-alpini-sugli-sci-con-una-gara-in-memoria-di-paolo-centa\\\/#breadcrumb\"},\"inLanguage\":\"fr-FR\",\"potentialAction\":[{\"@type\":\"ReadAction\",\"target\":[\"https:\\\/\\\/www.bellunopress.it\\\/2025\\\/01\\\/13\\\/feltre-pra-del-moro-al-via-le-lezioni-con-scuole-e-corsi-per-adulti-anche-gli-alpini-sugli-sci-con-una-gara-in-memoria-di-paolo-centa\\\/\"]}]},{\"@type\":\"ImageObject\",\"inLanguage\":\"fr-FR\",\"@id\":\"https:\\\/\\\/www.bellunopress.it\\\/2025\\\/01\\\/13\\\/feltre-pra-del-moro-al-via-le-lezioni-con-scuole-e-corsi-per-adulti-anche-gli-alpini-sugli-sci-con-una-gara-in-memoria-di-paolo-centa\\\/#primaryimage\",\"url\":\"https:\\\/\\\/www.bellunopress.it\\\/wp-content\\\/uploads\\\/2024\\\/12\\\/Pra-de-moro-fondo-Feltre_edited.jpg\",\"contentUrl\":\"https:\\\/\\\/www.bellunopress.it\\\/wp-content\\\/uploads\\\/2024\\\/12\\\/Pra-de-moro-fondo-Feltre_edited.jpg\",\"width\":1000,\"height\":563,\"caption\":\"Feltre, Pr\u00e0 de Moro, pista di fondo\"},{\"@type\":\"BreadcrumbList\",\"@id\":\"https:\\\/\\\/www.bellunopress.it\\\/2025\\\/01\\\/13\\\/feltre-pra-del-moro-al-via-le-lezioni-con-scuole-e-corsi-per-adulti-anche-gli-alpini-sugli-sci-con-una-gara-in-memoria-di-paolo-centa\\\/#breadcrumb\",\"itemListElement\":[{\"@type\":\"ListItem\",\"position\":1,\"name\":\"Home\",\"item\":\"https:\\\/\\\/www.bellunopress.it\\\/\"},{\"@type\":\"ListItem\",\"position\":2,\"name\":\"Feltre. Pra&#8217; del Moro, al via le lezioni con scuole e corsi per adulti. Anche gli Alpini sugli sci con una gara in memoria di Paolo Centa\"}]},{\"@type\":\"WebSite\",\"@id\":\"https:\\\/\\\/www.bellunopress.it\\\/#website\",\"url\":\"https:\\\/\\\/www.bellunopress.it\\\/\",\"name\":\"Bellunopress - Dolomiti\",\"description\":\"e-mail: redazione@bellunopress.it\",\"publisher\":{\"@id\":\"https:\\\/\\\/www.bellunopress.it\\\/#organization\"},\"potentialAction\":[{\"@type\":\"SearchAction\",\"target\":{\"@type\":\"EntryPoint\",\"urlTemplate\":\"https:\\\/\\\/www.bellunopress.it\\\/?s={search_term_string}\"},\"query-input\":{\"@type\":\"PropertyValueSpecification\",\"valueRequired\":true,\"valueName\":\"search_term_string\"}}],\"inLanguage\":\"fr-FR\"},{\"@type\":\"Organization\",\"@id\":\"https:\\\/\\\/www.bellunopress.it\\\/#organization\",\"name\":\"Bellunopress\",\"url\":\"https:\\\/\\\/www.bellunopress.it\\\/\",\"logo\":{\"@type\":\"ImageObject\",\"inLanguage\":\"fr-FR\",\"@id\":\"https:\\\/\\\/www.bellunopress.it\\\/#\\\/schema\\\/logo\\\/image\\\/\",\"url\":\"https:\\\/\\\/www.bellunopress.it\\\/wp-content\\\/uploads\\\/2011\\\/05\\\/cropped-logo-bellunopress-.jpg\",\"contentUrl\":\"https:\\\/\\\/www.bellunopress.it\\\/wp-content\\\/uploads\\\/2011\\\/05\\\/cropped-logo-bellunopress-.jpg\",\"width\":512,\"height\":512,\"caption\":\"Bellunopress\"},\"image\":{\"@id\":\"https:\\\/\\\/www.bellunopress.it\\\/#\\\/schema\\\/logo\\\/image\\\/\"},\"sameAs\":[\"https:\\\/\\\/www.facebook.com\\\/profile.php?id=100008943462799\",\"https:\\\/\\\/x.com\\\/bellunopress\",\"https:\\\/\\\/www.linkedin.com\\\/hp\\\/?dnr=JBzUWaJfMUw8vbXJJ2tVW5-I3jZKvC4wsoxE&amp;amp;amp;amp;amp;amp;trk=nav_responsive_tab_home\",\"https:\\\/\\\/www.youtube.com\\\/channel\\\/UCxL0wu1uN0_3_7hGG0306cw\"]},{\"@type\":\"Person\",\"@id\":\"https:\\\/\\\/www.bellunopress.it\\\/#\\\/schema\\\/person\\\/79bb06722b37ece1c03d3e94beb30d73\",\"name\":\"redazione\",\"image\":{\"@type\":\"ImageObject\",\"inLanguage\":\"fr-FR\",\"@id\":\"https:\\\/\\\/secure.gravatar.com\\\/avatar\\\/37d968a2e67a6fd04c169c4bdef102d0bc5d31b2546345219e348575eb80e9a0?s=96&d=mm&r=g\",\"url\":\"https:\\\/\\\/secure.gravatar.com\\\/avatar\\\/37d968a2e67a6fd04c169c4bdef102d0bc5d31b2546345219e348575eb80e9a0?s=96&d=mm&r=g\",\"contentUrl\":\"https:\\\/\\\/secure.gravatar.com\\\/avatar\\\/37d968a2e67a6fd04c169c4bdef102d0bc5d31b2546345219e348575eb80e9a0?s=96&d=mm&r=g\",\"caption\":\"redazione\"},\"sameAs\":[\"http:\\\/\\\/www.bellunopress.it\",\"https:\\\/\\\/x.com\\\/bellunopress\"],\"url\":\"https:\\\/\\\/www.bellunopress.it\\\/fr\\\/author\\\/redazione\\\/\"}]}<\/script>\n<!-- \/ Yoast SEO plugin. -->","yoast_head_json":{"title":"Feltre. Pra' del Moro, al via le lezioni con scuole e corsi per adulti. Anche gli Alpini sugli sci con una gara in memoria di Paolo Centa - Bellunopress - Dolomiti","robots":{"index":"index","follow":"follow","max-snippet":"max-snippet:-1","max-image-preview":"max-image-preview:large","max-video-preview":"max-video-preview:-1"},"canonical":"https:\/\/www.bellunopress.it\/fr\/2025\/01\/13\/feltre-pra-del-moro-al-via-le-lezioni-con-scuole-e-corsi-per-adulti-anche-gli-alpini-sugli-sci-con-una-gara-in-memoria-di-paolo-centa\/","og_locale":"fr_FR","og_type":"article","og_title":"Feltre. Pra' del Moro, al via le lezioni con scuole e corsi per adulti. Anche gli Alpini sugli sci con una gara in memoria di Paolo Centa - Bellunopress - Dolomiti","og_description":"Continua l&#8217;apertura al pubblico della pista di fondo in Pra&#8217; del Moro a Feltre. Il tracciato innevato artificialmente si mantiene in ottime condizioni grazie alle rigide temperature e al lavoro dell&#8217;Enal Sport Villaga.\u00a0Questa settimana la pista sar\u00e0 aperta tutti i pomeriggi, ad eccezione di luned\u00ec e mercoled\u00ec, dalle 14.30 alle 18.00.\u00a0Marted\u00ec, mercoled\u00ec e venerd\u00ec sar\u00e0 [&hellip;]","og_url":"https:\/\/www.bellunopress.it\/fr\/2025\/01\/13\/feltre-pra-del-moro-al-via-le-lezioni-con-scuole-e-corsi-per-adulti-anche-gli-alpini-sugli-sci-con-una-gara-in-memoria-di-paolo-centa\/","og_site_name":"Bellunopress - Dolomiti","article_publisher":"https:\/\/www.facebook.com\/profile.php?id=100008943462799","article_published_time":"2025-01-13T06:32:06+00:00","og_image":[{"width":1000,"height":563,"url":"https:\/\/www.bellunopress.it\/wp-content\/uploads\/2024\/12\/Pra-de-moro-fondo-Feltre_edited.jpg","type":"image\/jpeg"}],"author":"redazione","twitter_card":"summary_large_image","twitter_creator":"@bellunopress","twitter_site":"@bellunopress","twitter_misc":{"\u00c9crit par":"redazione","Dur\u00e9e de lecture estim\u00e9e":"3 minutes"},"schema":{"@context":"https:\/\/schema.org","@graph":[{"@type":"Article","@id":"https:\/\/www.bellunopress.it\/2025\/01\/13\/feltre-pra-del-moro-al-via-le-lezioni-con-scuole-e-corsi-per-adulti-anche-gli-alpini-sugli-sci-con-una-gara-in-memoria-di-paolo-centa\/#article","isPartOf":{"@id":"https:\/\/www.bellunopress.it\/2025\/01\/13\/feltre-pra-del-moro-al-via-le-lezioni-con-scuole-e-corsi-per-adulti-anche-gli-alpini-sugli-sci-con-una-gara-in-memoria-di-paolo-centa\/"},"author":{"name":"redazione","@id":"https:\/\/www.bellunopress.it\/#\/schema\/person\/79bb06722b37ece1c03d3e94beb30d73"},"headline":"Feltre. Pra&#8217; del Moro, al via le lezioni con scuole e corsi per adulti. Anche gli Alpini sugli sci con una gara in memoria di Paolo Centa","datePublished":"2025-01-13T06:32:06+00:00","mainEntityOfPage":{"@id":"https:\/\/www.bellunopress.it\/2025\/01\/13\/feltre-pra-del-moro-al-via-le-lezioni-con-scuole-e-corsi-per-adulti-anche-gli-alpini-sugli-sci-con-una-gara-in-memoria-di-paolo-centa\/"},"wordCount":629,"publisher":{"@id":"https:\/\/www.bellunopress.it\/#organization"},"image":{"@id":"https:\/\/www.bellunopress.it\/2025\/01\/13\/feltre-pra-del-moro-al-via-le-lezioni-con-scuole-e-corsi-per-adulti-anche-gli-alpini-sugli-sci-con-una-gara-in-memoria-di-paolo-centa\/#primaryimage"},"thumbnailUrl":"https:\/\/www.bellunopress.it\/wp-content\/uploads\/2024\/12\/Pra-de-moro-fondo-Feltre_edited.jpg","articleSection":["Pausa Caff\u00e8","Societ\u00e0, Associazioni, Istituzioni","Sport, tempo libero"],"inLanguage":"fr-FR"},{"@type":"WebPage","@id":"https:\/\/www.bellunopress.it\/2025\/01\/13\/feltre-pra-del-moro-al-via-le-lezioni-con-scuole-e-corsi-per-adulti-anche-gli-alpini-sugli-sci-con-una-gara-in-memoria-di-paolo-centa\/","url":"https:\/\/www.bellunopress.it\/2025\/01\/13\/feltre-pra-del-moro-al-via-le-lezioni-con-scuole-e-corsi-per-adulti-anche-gli-alpini-sugli-sci-con-una-gara-in-memoria-di-paolo-centa\/","name":"Feltre. Pra' del Moro, al via le lezioni con scuole e corsi per adulti. Anche gli Alpini sugli sci con una gara in memoria di Paolo Centa - Bellunopress - Dolomiti","isPartOf":{"@id":"https:\/\/www.bellunopress.it\/#website"},"primaryImageOfPage":{"@id":"https:\/\/www.bellunopress.it\/2025\/01\/13\/feltre-pra-del-moro-al-via-le-lezioni-con-scuole-e-corsi-per-adulti-anche-gli-alpini-sugli-sci-con-una-gara-in-memoria-di-paolo-centa\/#primaryimage"},"image":{"@id":"https:\/\/www.bellunopress.it\/2025\/01\/13\/feltre-pra-del-moro-al-via-le-lezioni-con-scuole-e-corsi-per-adulti-anche-gli-alpini-sugli-sci-con-una-gara-in-memoria-di-paolo-centa\/#primaryimage"},"thumbnailUrl":"https:\/\/www.bellunopress.it\/wp-content\/uploads\/2024\/12\/Pra-de-moro-fondo-Feltre_edited.jpg","datePublished":"2025-01-13T06:32:06+00:00","breadcrumb":{"@id":"https:\/\/www.bellunopress.it\/2025\/01\/13\/feltre-pra-del-moro-al-via-le-lezioni-con-scuole-e-corsi-per-adulti-anche-gli-alpini-sugli-sci-con-una-gara-in-memoria-di-paolo-centa\/#breadcrumb"},"inLanguage":"fr-FR","potentialAction":[{"@type":"ReadAction","target":["https:\/\/www.bellunopress.it\/2025\/01\/13\/feltre-pra-del-moro-al-via-le-lezioni-con-scuole-e-corsi-per-adulti-anche-gli-alpini-sugli-sci-con-una-gara-in-memoria-di-paolo-centa\/"]}]},{"@type":"ImageObject","inLanguage":"fr-FR","@id":"https:\/\/www.bellunopress.it\/2025\/01\/13\/feltre-pra-del-moro-al-via-le-lezioni-con-scuole-e-corsi-per-adulti-anche-gli-alpini-sugli-sci-con-una-gara-in-memoria-di-paolo-centa\/#primaryimage","url":"https:\/\/www.bellunopress.it\/wp-content\/uploads\/2024\/12\/Pra-de-moro-fondo-Feltre_edited.jpg","contentUrl":"https:\/\/www.bellunopress.it\/wp-content\/uploads\/2024\/12\/Pra-de-moro-fondo-Feltre_edited.jpg","width":1000,"height":563,"caption":"Feltre, Pr\u00e0 de Moro, pista di fondo"},{"@type":"BreadcrumbList","@id":"https:\/\/www.bellunopress.it\/2025\/01\/13\/feltre-pra-del-moro-al-via-le-lezioni-con-scuole-e-corsi-per-adulti-anche-gli-alpini-sugli-sci-con-una-gara-in-memoria-di-paolo-centa\/#breadcrumb","itemListElement":[{"@type":"ListItem","position":1,"name":"Home","item":"https:\/\/www.bellunopress.it\/"},{"@type":"ListItem","position":2,"name":"Feltre. Pra&#8217; del Moro, al via le lezioni con scuole e corsi per adulti. Anche gli Alpini sugli sci con una gara in memoria di Paolo Centa"}]},{"@type":"WebSite","@id":"https:\/\/www.bellunopress.it\/#website","url":"https:\/\/www.bellunopress.it\/","name":"Bellunopress - Dolomiti","description":"e-mail: redazione@bellunopress.it","publisher":{"@id":"https:\/\/www.bellunopress.it\/#organization"},"potentialAction":[{"@type":"SearchAction","target":{"@type":"EntryPoint","urlTemplate":"https:\/\/www.bellunopress.it\/?s={search_term_string}"},"query-input":{"@type":"PropertyValueSpecification","valueRequired":true,"valueName":"search_term_string"}}],"inLanguage":"fr-FR"},{"@type":"Organization","@id":"https:\/\/www.bellunopress.it\/#organization","name":"Bellunopress","url":"https:\/\/www.bellunopress.it\/","logo":{"@type":"ImageObject","inLanguage":"fr-FR","@id":"https:\/\/www.bellunopress.it\/#\/schema\/logo\/image\/","url":"https:\/\/www.bellunopress.it\/wp-content\/uploads\/2011\/05\/cropped-logo-bellunopress-.jpg","contentUrl":"https:\/\/www.bellunopress.it\/wp-content\/uploads\/2011\/05\/cropped-logo-bellunopress-.jpg","width":512,"height":512,"caption":"Bellunopress"},"image":{"@id":"https:\/\/www.bellunopress.it\/#\/schema\/logo\/image\/"},"sameAs":["https:\/\/www.facebook.com\/profile.php?id=100008943462799","https:\/\/x.com\/bellunopress","https:\/\/www.linkedin.com\/hp\/?dnr=JBzUWaJfMUw8vbXJJ2tVW5-I3jZKvC4wsoxE&amp;amp;amp;amp;amp;amp;trk=nav_responsive_tab_home","https:\/\/www.youtube.com\/channel\/UCxL0wu1uN0_3_7hGG0306cw"]},{"@type":"Person","@id":"https:\/\/www.bellunopress.it\/#\/schema\/person\/79bb06722b37ece1c03d3e94beb30d73","name":"r\u00e9daction","image":{"@type":"ImageObject","inLanguage":"fr-FR","@id":"https:\/\/secure.gravatar.com\/avatar\/37d968a2e67a6fd04c169c4bdef102d0bc5d31b2546345219e348575eb80e9a0?s=96&d=mm&r=g","url":"https:\/\/secure.gravatar.com\/avatar\/37d968a2e67a6fd04c169c4bdef102d0bc5d31b2546345219e348575eb80e9a0?s=96&d=mm&r=g","contentUrl":"https:\/\/secure.gravatar.com\/avatar\/37d968a2e67a6fd04c169c4bdef102d0bc5d31b2546345219e348575eb80e9a0?s=96&d=mm&r=g","caption":"redazione"},"sameAs":["http:\/\/www.bellunopress.it","https:\/\/x.com\/bellunopress"],"url":"https:\/\/www.bellunopress.it\/fr\/author\/redazione\/"}]}},"_links":{"self":[{"href":"https:\/\/www.bellunopress.it\/fr\/wp-json\/wp\/v2\/posts\/157024","targetHints":{"allow":["GET"]}}],"collection":[{"href":"https:\/\/www.bellunopress.it\/fr\/wp-json\/wp\/v2\/posts"}],"about":[{"href":"https:\/\/www.bellunopress.it\/fr\/wp-json\/wp\/v2\/types\/post"}],"author":[{"embeddable":true,"href":"https:\/\/www.bellunopress.it\/fr\/wp-json\/wp\/v2\/users\/2"}],"replies":[{"embeddable":true,"href":"https:\/\/www.bellunopress.it\/fr\/wp-json\/wp\/v2\/comments?post=157024"}],"version-history":[{"count":1,"href":"https:\/\/www.bellunopress.it\/fr\/wp-json\/wp\/v2\/posts\/157024\/revisions"}],"predecessor-version":[{"id":157025,"href":"https:\/\/www.bellunopress.it\/fr\/wp-json\/wp\/v2\/posts\/157024\/revisions\/157025"}],"wp:featuredmedia":[{"embeddable":true,"href":"https:\/\/www.bellunopress.it\/fr\/wp-json\/wp\/v2\/media\/156605"}],"wp:attachment":[{"href":"https:\/\/www.bellunopress.it\/fr\/wp-json\/wp\/v2\/media?parent=157024"}],"wp:term":[{"taxonomy":"category","embeddable":true,"href":"https:\/\/www.bellunopress.it\/fr\/wp-json\/wp\/v2\/categories?post=157024"},{"taxonomy":"post_tag","embeddable":true,"href":"https:\/\/www.bellunopress.it\/fr\/wp-json\/wp\/v2\/tags?post=157024"}],"curies":[{"name":"wp","href":"https:\/\/api.w.org\/{rel}","templated":true}]}}