{"id":157003,"date":"2025-01-12T07:37:25","date_gmt":"2025-01-12T06:37:25","guid":{"rendered":"https:\/\/www.bellunopress.it\/?p=157003"},"modified":"2025-01-12T07:37:25","modified_gmt":"2025-01-12T06:37:25","slug":"sei-omicidi-del-novecento-ieri-a-borgo-piave-al-circolo-culturale-la-terra-dei-padri","status":"publish","type":"post","link":"https:\/\/www.bellunopress.it\/fr\/2025\/01\/12\/sei-omicidi-del-novecento-ieri-a-borgo-piave-al-circolo-culturale-la-terra-dei-padri\/","title":{"rendered":"Sei omicidi del Novecento ieri a Borgo Piave al Circolo culturale La Terra dei padri"},"content":{"rendered":"<p><img loading=\"lazy\" decoding=\"async\" class=\"aligncenter size-full wp-image-157004\" src=\"https:\/\/www.bellunopress.it\/wp-content\/uploads\/2025\/01\/presentazione-11-gennaio-2025-Circolo-Dematte_edited.jpg\" alt=\"\" width=\"1000\" height=\"804\" srcset=\"https:\/\/www.bellunopress.it\/wp-content\/uploads\/2025\/01\/presentazione-11-gennaio-2025-Circolo-Dematte_edited.jpg 1000w, https:\/\/www.bellunopress.it\/wp-content\/uploads\/2025\/01\/presentazione-11-gennaio-2025-Circolo-Dematte_edited-500x402.jpg 500w, https:\/\/www.bellunopress.it\/wp-content\/uploads\/2025\/01\/presentazione-11-gennaio-2025-Circolo-Dematte_edited-522x420.jpg 522w, https:\/\/www.bellunopress.it\/wp-content\/uploads\/2025\/01\/presentazione-11-gennaio-2025-Circolo-Dematte_edited-696x560.jpg 696w\" sizes=\"auto, (max-width: 1000px) 100vw, 1000px\" \/>Belluno, 12 gennaio 2025 &#8211;\u00a0Marta Kusch detta \u201cLa Contessa\u201d (Pedavena 1945), Linda Cimetta (Venezia 1947), Silvia Da Pont (Busto Arsizio 1951), Lea Luzzatto (Belluno 1946), Emma Canton (Trichiana 1933), Gemma Pagani (Pontevigodarzere 1926), sono i nomi delle sei donne uccise il secolo scorso. La loro vicenda processuale, le sentenze, il profilo criminologico degli assassini e delle vittime, come pu\u00f2 variare la pena a fronte dello stesso reato di omicidio volontario, il contesto nel quale sono avvenuti i fatti. Se ne \u00e8 parlato ieri pomeriggio alla presentazione degli ultimi due libri \u201cAssassinio sulla riva destra del Brenta\u201d e \u201cOmicidio di Emma Canton\u201d di Roberto De Nart, tenutasi nella sede di Borgo Piave del Circolo culturale \u201cLa Terra dei Padri\u201d, presieduta dal professor Francesco Dematt\u00e8, che ha introdotto l\u2019incontro. A condurre la serata c\u2019era l\u2019avvocato Anna Polifroni del Foro di Belluno, che si \u00e8 soffermata sull\u2019aspetto prettamente giuridico dei casi, i vari processi, le procedure, le pene con il Codice Zanardelli fino al 1930, poi sostituito dal Codice Rocco. Sei omicidi, dunque, sei libri, sei storie, ricostruite attraverso gli atti processuali dell\u2019Archivio di Stato di Venezia e dagli archivi storici dei giornali, raccontate dallo stesso autore Roberto De Nart dinanzi a un attento pubblico di una cinquantina di persone presenti alla serata.<\/p>","protected":false},"excerpt":{"rendered":"<p>Belluno, 12 gennaio 2025 &#8211;\u00a0Marta Kusch detta \u201cLa Contessa\u201d (Pedavena 1945), Linda Cimetta (Venezia 1947), Silvia Da Pont (Busto Arsizio 1951), Lea Luzzatto (Belluno 1946), Emma Canton (Trichiana 1933), Gemma Pagani (Pontevigodarzere 1926), sono i nomi delle sei donne uccise il secolo scorso. La loro vicenda processuale, le sentenze, il profilo criminologico degli assassini e [&hellip;]<\/p>\n","protected":false},"author":2,"featured_media":157004,"comment_status":"closed","ping_status":"open","sticky":false,"template":"","format":"standard","meta":{"footnotes":""},"categories":[3,3446,25,8],"tags":[],"class_list":["post-157003","post","type-post","status-publish","format-standard","has-post-thumbnail","category-arte-cultura-spettacoli-scienza-archivi","category-featured","category-pausa-caffe","category-societa-istituzioni"],"yoast_head":"<!-- This site is optimized with the Yoast SEO plugin v28.4 - https:\/\/yoast.com\/product\/yoast-seo-wordpress\/ -->\n<title>Sei omicidi del Novecento ieri a Borgo Piave al Circolo culturale La Terra dei padri - Bellunopress - Dolomiti<\/title>\n<meta name=\"robots\" content=\"index, follow, max-snippet:-1, max-image-preview:large, max-video-preview:-1\" \/>\n<link rel=\"canonical\" href=\"https:\/\/www.bellunopress.it\/fr\/2025\/01\/12\/sei-omicidi-del-novecento-ieri-a-borgo-piave-al-circolo-culturale-la-terra-dei-padri\/\" \/>\n<meta property=\"og:locale\" content=\"fr_FR\" \/>\n<meta property=\"og:type\" content=\"article\" \/>\n<meta property=\"og:title\" content=\"Sei omicidi del Novecento ieri a Borgo Piave al Circolo culturale La Terra dei padri - Bellunopress - Dolomiti\" \/>\n<meta property=\"og:description\" content=\"Belluno, 12 gennaio 2025 &#8211;\u00a0Marta Kusch detta \u201cLa Contessa\u201d (Pedavena 1945), Linda Cimetta (Venezia 1947), Silvia Da Pont (Busto Arsizio 1951), Lea Luzzatto (Belluno 1946), Emma Canton (Trichiana 1933), Gemma Pagani (Pontevigodarzere 1926), sono i nomi delle sei donne uccise il secolo scorso. La loro vicenda processuale, le sentenze, il profilo criminologico degli assassini e [&hellip;]\" \/>\n<meta property=\"og:url\" content=\"https:\/\/www.bellunopress.it\/fr\/2025\/01\/12\/sei-omicidi-del-novecento-ieri-a-borgo-piave-al-circolo-culturale-la-terra-dei-padri\/\" \/>\n<meta property=\"og:site_name\" content=\"Bellunopress - Dolomiti\" \/>\n<meta property=\"article:publisher\" content=\"https:\/\/www.facebook.com\/profile.php?id=100008943462799\" \/>\n<meta property=\"article:published_time\" content=\"2025-01-12T06:37:25+00:00\" \/>\n<meta property=\"og:image\" content=\"https:\/\/www.bellunopress.it\/wp-content\/uploads\/2025\/01\/presentazione-11-gennaio-2025-Circolo-Dematte_edited.jpg\" \/>\n\t<meta property=\"og:image:width\" content=\"1000\" \/>\n\t<meta property=\"og:image:height\" content=\"804\" \/>\n\t<meta property=\"og:image:type\" content=\"image\/jpeg\" \/>\n<meta name=\"author\" content=\"redazione\" \/>\n<meta name=\"twitter:card\" content=\"summary_large_image\" \/>\n<meta name=\"twitter:creator\" content=\"@bellunopress\" \/>\n<meta name=\"twitter:site\" content=\"@bellunopress\" \/>\n<meta name=\"twitter:label1\" content=\"\u00c9crit par\" \/>\n\t<meta name=\"twitter:data1\" content=\"redazione\" \/>\n\t<meta name=\"twitter:label2\" content=\"Dur\u00e9e de lecture estim\u00e9e\" \/>\n\t<meta name=\"twitter:data2\" content=\"1 minute\" \/>\n<script type=\"application\/ld+json\" class=\"yoast-schema-graph\">{\"@context\":\"https:\\\/\\\/schema.org\",\"@graph\":[{\"@type\":\"Article\",\"@id\":\"https:\\\/\\\/www.bellunopress.it\\\/2025\\\/01\\\/12\\\/sei-omicidi-del-novecento-ieri-a-borgo-piave-al-circolo-culturale-la-terra-dei-padri\\\/#article\",\"isPartOf\":{\"@id\":\"https:\\\/\\\/www.bellunopress.it\\\/2025\\\/01\\\/12\\\/sei-omicidi-del-novecento-ieri-a-borgo-piave-al-circolo-culturale-la-terra-dei-padri\\\/\"},\"author\":{\"name\":\"redazione\",\"@id\":\"https:\\\/\\\/www.bellunopress.it\\\/#\\\/schema\\\/person\\\/79bb06722b37ece1c03d3e94beb30d73\"},\"headline\":\"Sei omicidi del Novecento ieri a Borgo Piave al Circolo culturale La Terra dei padri\",\"datePublished\":\"2025-01-12T06:37:25+00:00\",\"mainEntityOfPage\":{\"@id\":\"https:\\\/\\\/www.bellunopress.it\\\/2025\\\/01\\\/12\\\/sei-omicidi-del-novecento-ieri-a-borgo-piave-al-circolo-culturale-la-terra-dei-padri\\\/\"},\"wordCount\":220,\"publisher\":{\"@id\":\"https:\\\/\\\/www.bellunopress.it\\\/#organization\"},\"image\":{\"@id\":\"https:\\\/\\\/www.bellunopress.it\\\/2025\\\/01\\\/12\\\/sei-omicidi-del-novecento-ieri-a-borgo-piave-al-circolo-culturale-la-terra-dei-padri\\\/#primaryimage\"},\"thumbnailUrl\":\"https:\\\/\\\/www.bellunopress.it\\\/wp-content\\\/uploads\\\/2025\\\/01\\\/presentazione-11-gennaio-2025-Circolo-Dematte_edited.jpg\",\"articleSection\":[\"Arte, Cultura, Spettacoli, Scienza\",\"Featured\",\"Pausa Caff\u00e8\",\"Societ\u00e0, Associazioni, Istituzioni\"],\"inLanguage\":\"fr-FR\"},{\"@type\":\"WebPage\",\"@id\":\"https:\\\/\\\/www.bellunopress.it\\\/2025\\\/01\\\/12\\\/sei-omicidi-del-novecento-ieri-a-borgo-piave-al-circolo-culturale-la-terra-dei-padri\\\/\",\"url\":\"https:\\\/\\\/www.bellunopress.it\\\/2025\\\/01\\\/12\\\/sei-omicidi-del-novecento-ieri-a-borgo-piave-al-circolo-culturale-la-terra-dei-padri\\\/\",\"name\":\"Sei omicidi del Novecento ieri a Borgo Piave al Circolo culturale La Terra dei padri - Bellunopress - Dolomiti\",\"isPartOf\":{\"@id\":\"https:\\\/\\\/www.bellunopress.it\\\/#website\"},\"primaryImageOfPage\":{\"@id\":\"https:\\\/\\\/www.bellunopress.it\\\/2025\\\/01\\\/12\\\/sei-omicidi-del-novecento-ieri-a-borgo-piave-al-circolo-culturale-la-terra-dei-padri\\\/#primaryimage\"},\"image\":{\"@id\":\"https:\\\/\\\/www.bellunopress.it\\\/2025\\\/01\\\/12\\\/sei-omicidi-del-novecento-ieri-a-borgo-piave-al-circolo-culturale-la-terra-dei-padri\\\/#primaryimage\"},\"thumbnailUrl\":\"https:\\\/\\\/www.bellunopress.it\\\/wp-content\\\/uploads\\\/2025\\\/01\\\/presentazione-11-gennaio-2025-Circolo-Dematte_edited.jpg\",\"datePublished\":\"2025-01-12T06:37:25+00:00\",\"breadcrumb\":{\"@id\":\"https:\\\/\\\/www.bellunopress.it\\\/2025\\\/01\\\/12\\\/sei-omicidi-del-novecento-ieri-a-borgo-piave-al-circolo-culturale-la-terra-dei-padri\\\/#breadcrumb\"},\"inLanguage\":\"fr-FR\",\"potentialAction\":[{\"@type\":\"ReadAction\",\"target\":[\"https:\\\/\\\/www.bellunopress.it\\\/2025\\\/01\\\/12\\\/sei-omicidi-del-novecento-ieri-a-borgo-piave-al-circolo-culturale-la-terra-dei-padri\\\/\"]}]},{\"@type\":\"ImageObject\",\"inLanguage\":\"fr-FR\",\"@id\":\"https:\\\/\\\/www.bellunopress.it\\\/2025\\\/01\\\/12\\\/sei-omicidi-del-novecento-ieri-a-borgo-piave-al-circolo-culturale-la-terra-dei-padri\\\/#primaryimage\",\"url\":\"https:\\\/\\\/www.bellunopress.it\\\/wp-content\\\/uploads\\\/2025\\\/01\\\/presentazione-11-gennaio-2025-Circolo-Dematte_edited.jpg\",\"contentUrl\":\"https:\\\/\\\/www.bellunopress.it\\\/wp-content\\\/uploads\\\/2025\\\/01\\\/presentazione-11-gennaio-2025-Circolo-Dematte_edited.jpg\",\"width\":1000,\"height\":804},{\"@type\":\"BreadcrumbList\",\"@id\":\"https:\\\/\\\/www.bellunopress.it\\\/2025\\\/01\\\/12\\\/sei-omicidi-del-novecento-ieri-a-borgo-piave-al-circolo-culturale-la-terra-dei-padri\\\/#breadcrumb\",\"itemListElement\":[{\"@type\":\"ListItem\",\"position\":1,\"name\":\"Home\",\"item\":\"https:\\\/\\\/www.bellunopress.it\\\/\"},{\"@type\":\"ListItem\",\"position\":2,\"name\":\"Sei omicidi del Novecento ieri a Borgo Piave al Circolo culturale La Terra dei padri\"}]},{\"@type\":\"WebSite\",\"@id\":\"https:\\\/\\\/www.bellunopress.it\\\/#website\",\"url\":\"https:\\\/\\\/www.bellunopress.it\\\/\",\"name\":\"Bellunopress - Dolomiti\",\"description\":\"e-mail: redazione@bellunopress.it\",\"publisher\":{\"@id\":\"https:\\\/\\\/www.bellunopress.it\\\/#organization\"},\"potentialAction\":[{\"@type\":\"SearchAction\",\"target\":{\"@type\":\"EntryPoint\",\"urlTemplate\":\"https:\\\/\\\/www.bellunopress.it\\\/?s={search_term_string}\"},\"query-input\":{\"@type\":\"PropertyValueSpecification\",\"valueRequired\":true,\"valueName\":\"search_term_string\"}}],\"inLanguage\":\"fr-FR\"},{\"@type\":\"Organization\",\"@id\":\"https:\\\/\\\/www.bellunopress.it\\\/#organization\",\"name\":\"Bellunopress\",\"url\":\"https:\\\/\\\/www.bellunopress.it\\\/\",\"logo\":{\"@type\":\"ImageObject\",\"inLanguage\":\"fr-FR\",\"@id\":\"https:\\\/\\\/www.bellunopress.it\\\/#\\\/schema\\\/logo\\\/image\\\/\",\"url\":\"https:\\\/\\\/www.bellunopress.it\\\/wp-content\\\/uploads\\\/2011\\\/05\\\/cropped-logo-bellunopress-.jpg\",\"contentUrl\":\"https:\\\/\\\/www.bellunopress.it\\\/wp-content\\\/uploads\\\/2011\\\/05\\\/cropped-logo-bellunopress-.jpg\",\"width\":512,\"height\":512,\"caption\":\"Bellunopress\"},\"image\":{\"@id\":\"https:\\\/\\\/www.bellunopress.it\\\/#\\\/schema\\\/logo\\\/image\\\/\"},\"sameAs\":[\"https:\\\/\\\/www.facebook.com\\\/profile.php?id=100008943462799\",\"https:\\\/\\\/x.com\\\/bellunopress\",\"https:\\\/\\\/www.linkedin.com\\\/hp\\\/?dnr=JBzUWaJfMUw8vbXJJ2tVW5-I3jZKvC4wsoxE&amp;amp;amp;amp;amp;amp;trk=nav_responsive_tab_home\",\"https:\\\/\\\/www.youtube.com\\\/channel\\\/UCxL0wu1uN0_3_7hGG0306cw\"]},{\"@type\":\"Person\",\"@id\":\"https:\\\/\\\/www.bellunopress.it\\\/#\\\/schema\\\/person\\\/79bb06722b37ece1c03d3e94beb30d73\",\"name\":\"redazione\",\"image\":{\"@type\":\"ImageObject\",\"inLanguage\":\"fr-FR\",\"@id\":\"https:\\\/\\\/secure.gravatar.com\\\/avatar\\\/37d968a2e67a6fd04c169c4bdef102d0bc5d31b2546345219e348575eb80e9a0?s=96&d=mm&r=g\",\"url\":\"https:\\\/\\\/secure.gravatar.com\\\/avatar\\\/37d968a2e67a6fd04c169c4bdef102d0bc5d31b2546345219e348575eb80e9a0?s=96&d=mm&r=g\",\"contentUrl\":\"https:\\\/\\\/secure.gravatar.com\\\/avatar\\\/37d968a2e67a6fd04c169c4bdef102d0bc5d31b2546345219e348575eb80e9a0?s=96&d=mm&r=g\",\"caption\":\"redazione\"},\"sameAs\":[\"http:\\\/\\\/www.bellunopress.it\",\"https:\\\/\\\/x.com\\\/bellunopress\"],\"url\":\"https:\\\/\\\/www.bellunopress.it\\\/fr\\\/author\\\/redazione\\\/\"}]}<\/script>\n<!-- \/ Yoast SEO plugin. -->","yoast_head_json":{"title":"Sei omicidi del Novecento ieri a Borgo Piave al Circolo culturale La Terra dei padri - Bellunopress - Dolomiti","robots":{"index":"index","follow":"follow","max-snippet":"max-snippet:-1","max-image-preview":"max-image-preview:large","max-video-preview":"max-video-preview:-1"},"canonical":"https:\/\/www.bellunopress.it\/fr\/2025\/01\/12\/sei-omicidi-del-novecento-ieri-a-borgo-piave-al-circolo-culturale-la-terra-dei-padri\/","og_locale":"fr_FR","og_type":"article","og_title":"Sei omicidi del Novecento ieri a Borgo Piave al Circolo culturale La Terra dei padri - Bellunopress - Dolomiti","og_description":"Belluno, 12 gennaio 2025 &#8211;\u00a0Marta Kusch detta \u201cLa Contessa\u201d (Pedavena 1945), Linda Cimetta (Venezia 1947), Silvia Da Pont (Busto Arsizio 1951), Lea Luzzatto (Belluno 1946), Emma Canton (Trichiana 1933), Gemma Pagani (Pontevigodarzere 1926), sono i nomi delle sei donne uccise il secolo scorso. La loro vicenda processuale, le sentenze, il profilo criminologico degli assassini e [&hellip;]","og_url":"https:\/\/www.bellunopress.it\/fr\/2025\/01\/12\/sei-omicidi-del-novecento-ieri-a-borgo-piave-al-circolo-culturale-la-terra-dei-padri\/","og_site_name":"Bellunopress - Dolomiti","article_publisher":"https:\/\/www.facebook.com\/profile.php?id=100008943462799","article_published_time":"2025-01-12T06:37:25+00:00","og_image":[{"width":1000,"height":804,"url":"https:\/\/www.bellunopress.it\/wp-content\/uploads\/2025\/01\/presentazione-11-gennaio-2025-Circolo-Dematte_edited.jpg","type":"image\/jpeg"}],"author":"redazione","twitter_card":"summary_large_image","twitter_creator":"@bellunopress","twitter_site":"@bellunopress","twitter_misc":{"\u00c9crit par":"redazione","Dur\u00e9e de lecture estim\u00e9e":"1 minute"},"schema":{"@context":"https:\/\/schema.org","@graph":[{"@type":"Article","@id":"https:\/\/www.bellunopress.it\/2025\/01\/12\/sei-omicidi-del-novecento-ieri-a-borgo-piave-al-circolo-culturale-la-terra-dei-padri\/#article","isPartOf":{"@id":"https:\/\/www.bellunopress.it\/2025\/01\/12\/sei-omicidi-del-novecento-ieri-a-borgo-piave-al-circolo-culturale-la-terra-dei-padri\/"},"author":{"name":"redazione","@id":"https:\/\/www.bellunopress.it\/#\/schema\/person\/79bb06722b37ece1c03d3e94beb30d73"},"headline":"Sei omicidi del Novecento ieri a Borgo Piave al Circolo culturale La Terra dei padri","datePublished":"2025-01-12T06:37:25+00:00","mainEntityOfPage":{"@id":"https:\/\/www.bellunopress.it\/2025\/01\/12\/sei-omicidi-del-novecento-ieri-a-borgo-piave-al-circolo-culturale-la-terra-dei-padri\/"},"wordCount":220,"publisher":{"@id":"https:\/\/www.bellunopress.it\/#organization"},"image":{"@id":"https:\/\/www.bellunopress.it\/2025\/01\/12\/sei-omicidi-del-novecento-ieri-a-borgo-piave-al-circolo-culturale-la-terra-dei-padri\/#primaryimage"},"thumbnailUrl":"https:\/\/www.bellunopress.it\/wp-content\/uploads\/2025\/01\/presentazione-11-gennaio-2025-Circolo-Dematte_edited.jpg","articleSection":["Arte, Cultura, Spettacoli, Scienza","Featured","Pausa Caff\u00e8","Societ\u00e0, Associazioni, Istituzioni"],"inLanguage":"fr-FR"},{"@type":"WebPage","@id":"https:\/\/www.bellunopress.it\/2025\/01\/12\/sei-omicidi-del-novecento-ieri-a-borgo-piave-al-circolo-culturale-la-terra-dei-padri\/","url":"https:\/\/www.bellunopress.it\/2025\/01\/12\/sei-omicidi-del-novecento-ieri-a-borgo-piave-al-circolo-culturale-la-terra-dei-padri\/","name":"Sei omicidi del Novecento ieri a Borgo Piave al Circolo culturale La Terra dei padri - Bellunopress - Dolomiti","isPartOf":{"@id":"https:\/\/www.bellunopress.it\/#website"},"primaryImageOfPage":{"@id":"https:\/\/www.bellunopress.it\/2025\/01\/12\/sei-omicidi-del-novecento-ieri-a-borgo-piave-al-circolo-culturale-la-terra-dei-padri\/#primaryimage"},"image":{"@id":"https:\/\/www.bellunopress.it\/2025\/01\/12\/sei-omicidi-del-novecento-ieri-a-borgo-piave-al-circolo-culturale-la-terra-dei-padri\/#primaryimage"},"thumbnailUrl":"https:\/\/www.bellunopress.it\/wp-content\/uploads\/2025\/01\/presentazione-11-gennaio-2025-Circolo-Dematte_edited.jpg","datePublished":"2025-01-12T06:37:25+00:00","breadcrumb":{"@id":"https:\/\/www.bellunopress.it\/2025\/01\/12\/sei-omicidi-del-novecento-ieri-a-borgo-piave-al-circolo-culturale-la-terra-dei-padri\/#breadcrumb"},"inLanguage":"fr-FR","potentialAction":[{"@type":"ReadAction","target":["https:\/\/www.bellunopress.it\/2025\/01\/12\/sei-omicidi-del-novecento-ieri-a-borgo-piave-al-circolo-culturale-la-terra-dei-padri\/"]}]},{"@type":"ImageObject","inLanguage":"fr-FR","@id":"https:\/\/www.bellunopress.it\/2025\/01\/12\/sei-omicidi-del-novecento-ieri-a-borgo-piave-al-circolo-culturale-la-terra-dei-padri\/#primaryimage","url":"https:\/\/www.bellunopress.it\/wp-content\/uploads\/2025\/01\/presentazione-11-gennaio-2025-Circolo-Dematte_edited.jpg","contentUrl":"https:\/\/www.bellunopress.it\/wp-content\/uploads\/2025\/01\/presentazione-11-gennaio-2025-Circolo-Dematte_edited.jpg","width":1000,"height":804},{"@type":"BreadcrumbList","@id":"https:\/\/www.bellunopress.it\/2025\/01\/12\/sei-omicidi-del-novecento-ieri-a-borgo-piave-al-circolo-culturale-la-terra-dei-padri\/#breadcrumb","itemListElement":[{"@type":"ListItem","position":1,"name":"Home","item":"https:\/\/www.bellunopress.it\/"},{"@type":"ListItem","position":2,"name":"Sei omicidi del Novecento ieri a Borgo Piave al Circolo culturale La Terra dei padri"}]},{"@type":"WebSite","@id":"https:\/\/www.bellunopress.it\/#website","url":"https:\/\/www.bellunopress.it\/","name":"Bellunopress - Dolomiti","description":"e-mail: redazione@bellunopress.it","publisher":{"@id":"https:\/\/www.bellunopress.it\/#organization"},"potentialAction":[{"@type":"SearchAction","target":{"@type":"EntryPoint","urlTemplate":"https:\/\/www.bellunopress.it\/?s={search_term_string}"},"query-input":{"@type":"PropertyValueSpecification","valueRequired":true,"valueName":"search_term_string"}}],"inLanguage":"fr-FR"},{"@type":"Organization","@id":"https:\/\/www.bellunopress.it\/#organization","name":"Bellunopress","url":"https:\/\/www.bellunopress.it\/","logo":{"@type":"ImageObject","inLanguage":"fr-FR","@id":"https:\/\/www.bellunopress.it\/#\/schema\/logo\/image\/","url":"https:\/\/www.bellunopress.it\/wp-content\/uploads\/2011\/05\/cropped-logo-bellunopress-.jpg","contentUrl":"https:\/\/www.bellunopress.it\/wp-content\/uploads\/2011\/05\/cropped-logo-bellunopress-.jpg","width":512,"height":512,"caption":"Bellunopress"},"image":{"@id":"https:\/\/www.bellunopress.it\/#\/schema\/logo\/image\/"},"sameAs":["https:\/\/www.facebook.com\/profile.php?id=100008943462799","https:\/\/x.com\/bellunopress","https:\/\/www.linkedin.com\/hp\/?dnr=JBzUWaJfMUw8vbXJJ2tVW5-I3jZKvC4wsoxE&amp;amp;amp;amp;amp;amp;trk=nav_responsive_tab_home","https:\/\/www.youtube.com\/channel\/UCxL0wu1uN0_3_7hGG0306cw"]},{"@type":"Person","@id":"https:\/\/www.bellunopress.it\/#\/schema\/person\/79bb06722b37ece1c03d3e94beb30d73","name":"r\u00e9daction","image":{"@type":"ImageObject","inLanguage":"fr-FR","@id":"https:\/\/secure.gravatar.com\/avatar\/37d968a2e67a6fd04c169c4bdef102d0bc5d31b2546345219e348575eb80e9a0?s=96&d=mm&r=g","url":"https:\/\/secure.gravatar.com\/avatar\/37d968a2e67a6fd04c169c4bdef102d0bc5d31b2546345219e348575eb80e9a0?s=96&d=mm&r=g","contentUrl":"https:\/\/secure.gravatar.com\/avatar\/37d968a2e67a6fd04c169c4bdef102d0bc5d31b2546345219e348575eb80e9a0?s=96&d=mm&r=g","caption":"redazione"},"sameAs":["http:\/\/www.bellunopress.it","https:\/\/x.com\/bellunopress"],"url":"https:\/\/www.bellunopress.it\/fr\/author\/redazione\/"}]}},"_links":{"self":[{"href":"https:\/\/www.bellunopress.it\/fr\/wp-json\/wp\/v2\/posts\/157003","targetHints":{"allow":["GET"]}}],"collection":[{"href":"https:\/\/www.bellunopress.it\/fr\/wp-json\/wp\/v2\/posts"}],"about":[{"href":"https:\/\/www.bellunopress.it\/fr\/wp-json\/wp\/v2\/types\/post"}],"author":[{"embeddable":true,"href":"https:\/\/www.bellunopress.it\/fr\/wp-json\/wp\/v2\/users\/2"}],"replies":[{"embeddable":true,"href":"https:\/\/www.bellunopress.it\/fr\/wp-json\/wp\/v2\/comments?post=157003"}],"version-history":[{"count":1,"href":"https:\/\/www.bellunopress.it\/fr\/wp-json\/wp\/v2\/posts\/157003\/revisions"}],"predecessor-version":[{"id":157005,"href":"https:\/\/www.bellunopress.it\/fr\/wp-json\/wp\/v2\/posts\/157003\/revisions\/157005"}],"wp:featuredmedia":[{"embeddable":true,"href":"https:\/\/www.bellunopress.it\/fr\/wp-json\/wp\/v2\/media\/157004"}],"wp:attachment":[{"href":"https:\/\/www.bellunopress.it\/fr\/wp-json\/wp\/v2\/media?parent=157003"}],"wp:term":[{"taxonomy":"category","embeddable":true,"href":"https:\/\/www.bellunopress.it\/fr\/wp-json\/wp\/v2\/categories?post=157003"},{"taxonomy":"post_tag","embeddable":true,"href":"https:\/\/www.bellunopress.it\/fr\/wp-json\/wp\/v2\/tags?post=157003"}],"curies":[{"name":"wp","href":"https:\/\/api.w.org\/{rel}","templated":true}]}}