{"id":156997,"date":"2025-01-12T06:19:21","date_gmt":"2025-01-12T05:19:21","guid":{"rendered":"https:\/\/www.bellunopress.it\/?p=156997"},"modified":"2025-01-12T06:19:21","modified_gmt":"2025-01-12T05:19:21","slug":"presentati-al-pubblico-la-futura-nuova-caserma-del-nucleo-carabinieri-parco-e-il-punto-informativo-del-parco-a-longarone","status":"publish","type":"post","link":"https:\/\/www.bellunopress.it\/fr\/2025\/01\/12\/presentati-al-pubblico-la-futura-nuova-caserma-del-nucleo-carabinieri-parco-e-il-punto-informativo-del-parco-a-longarone\/","title":{"rendered":"Presentati al pubblico la futura nuova caserma del Nucleo Carabinieri Parco e il punto informativo del Parco a Longarone"},"content":{"rendered":"<p><img loading=\"lazy\" decoding=\"async\" class=\"aligncenter size-full wp-image-156998\" src=\"https:\/\/www.bellunopress.it\/wp-content\/uploads\/2025\/01\/caserma-del-Nucleo-Carabinieri-Parco-e-il-punto-informativo-del-Parco-a-Longarone.jpg\" alt=\"Nucleo-Carabinieri-Parco-e-il-punto-informativo-del-Parco Nazionale Dolomiti Bellunesi a Longarone\" width=\"1000\" height=\"517\" srcset=\"https:\/\/www.bellunopress.it\/wp-content\/uploads\/2025\/01\/caserma-del-Nucleo-Carabinieri-Parco-e-il-punto-informativo-del-Parco-a-Longarone.jpg 1000w, https:\/\/www.bellunopress.it\/wp-content\/uploads\/2025\/01\/caserma-del-Nucleo-Carabinieri-Parco-e-il-punto-informativo-del-Parco-a-Longarone-500x259.jpg 500w, https:\/\/www.bellunopress.it\/wp-content\/uploads\/2025\/01\/caserma-del-Nucleo-Carabinieri-Parco-e-il-punto-informativo-del-Parco-a-Longarone-812x420.jpg 812w, https:\/\/www.bellunopress.it\/wp-content\/uploads\/2025\/01\/caserma-del-Nucleo-Carabinieri-Parco-e-il-punto-informativo-del-Parco-a-Longarone-696x360.jpg 696w\" sizes=\"auto, (max-width: 1000px) 100vw, 1000px\" \/>Longarone 11 gennaio 20225 &#8211;\u00a0 Si \u00e8 tenuta ieri, sabato 11 gennaio a Longarone, la presentazione degli interventi di recupero degli edifici dell\u2019ex distretto sanitario, che ospiter\u00e0 la nuova sede del Nucleo Carabinieri Parco di Longarone e un punto informativo del Parco Nazionale.<\/p>\n<p>Dopo la lettura dei messaggi di saluto inviati dal ministro dell\u2019Ambiente, Gilberto Pichetto Fratin, e del presidente della Regione Luca Zaia, il presidente del Parco Nazionale Dolomiti bellunesi, Ennio Vigne, ha ringraziato tutte le autorit\u00e0 presenti e i numerosi soggetti pubblici e privati che hanno permesso di portare a termine la ristrutturazione dell\u2019ex distretto sanitario.<\/p>\n<p>Vigne ha sottolineato quanto sia stata fondamentale, per il successo del progetto, la sinergia e la collaborazione tra i numerosi Enti coinvolti: il Parco, il ministero dell\u2019Ambiente e della Sicurezza Energetica, il Comune di Longarone, l\u2019Unione Montana Cadore, Longaronese Zoldo e i Carabinieri Forestali, che hanno dimostrato di saper fare squadra. La nuova caserma e il nuovo punto informativo \u2013 ha proseguito il presidente del Parco \u2013 saranno strategici anche in vista delle prossime Olimpiadi invernali di Milano Cortina, perch\u00e9 posti lungo l\u2019arteria stradale che costituisce sia la principale direttrice di accesso verso Cortina che una delle pi\u00f9 importanti porte di ingresso al territorio del Parco Nazionale Dolomiti Bellunesi\u201d.<\/p>\n<p>A seguire il dottor Stefano Mariech, dell\u2019Ente Parco, ha spiegato che grazie ad un finanziamento del ministero dell\u2019Ambiente, \u00e8 stato possibile prima acquistare e poi ristrutturare l\u2019ex distretto sanitario di Longarone, con un investimento complessivo di 200.000 euro per l\u2019acquisto e di 1.307.700 euro per la ristrutturazione (di cui 1.120.000 a valere su fondi ministeriali e 187.700 di fondi propri del Parco). Buona parte del finanziamento ministeriale (820.000 euro) proviene dal progetto \u201cParchi per il clima\u201d, finanziato con i proventi delle aste CO2 derivanti dal sistema di scambio di quote di emissioni dei gas ad effetto serra nell\u2019Unione Europea e finalizzato proprio alla riduzione di tali emissioni, anche attraverso l\u2019incremento dell\u2019efficienza energetica.<\/p>\n<p>Il dottor Livio De Bettio dell\u2019Unione Montana Cadore Longaronese Zoldo, che ha curato grazie ad un accordo di programma Parco-Unione Montana l\u2019assegnazione degli incarichi di progettazione, appalto e le successive attivit\u00e0 amministrative, ha illustrato al pubblico presente i dettagli tecnici dell\u2019intervento, che ha permesso di realizzare l\u2019adeguamento sismico dell\u2019edificio e di migliorarne in l\u2019efficienza energetica, passando da una classe energetica G alla classe A4, attualmente la meno energivora, grazie all\u2019isolamento termico, all\u2019installazione di pannelli fotovoltaici e all\u2019utilizzo di pompe di calore. I lavori di ristrutturazione sono stati realizzati dall\u2019impresa Olivotto di Ospitale di Cadore, mentre gli allestimenti del punto informativo sono stati curati dal personale dell\u2019Ente Parco.<\/p>\n<p>A seguire vi sono stati gli interventi istituzionali delle autorit\u00e0 presenti. Il prefetto di Belluno Antonello Roccoberton ha sottolineato l\u2019importante collaborazione interistituzionale per la realizzazione di un cos\u00ec rilevante progetto capace di esaltare la vitalit\u00e0 di un territorio ricco di valori naturalistici e culturali di rilevanza internazionale. Il sindaco di Longarone e presidente della Provincia e della Comunit\u00e0 del Parco, Roberto Padrin si \u00e8 unito ai ringraziamenti sottolineando come con la nascita del nuovo punto informativo del Parco e la presenza dei Carabinieri Forestali unitamente al limitrofo distaccamento dei Vigili del Fuoco e la stazione del soccorso alpino rappresenti per l\u2019intera cittadinanza di Longarone un polo in grado di assicurare un alto livello di efficienza in termini di sicurezza e servizio all\u2019intera collettivit\u00e0. Il presidente dei Fondi di Confine, Dario Bond e l\u2019onorevole Federico D\u2019Inc\u00e0 hanno entrambi evidenziato l\u2019elevato livello del lavoro di squadra tra le istituzioni in grado di dare alla cittadinanza ulteriori servizi istituzionali.<\/p>\n<p>Ha preso quindi la parola il generale di Divisione Antonio Danilo Mostacchi, comandante del Comando Carabinieri per la Tutela della Biodiversit\u00e0, intervenuto in rappresentanza del Comando delle Unit\u00e0 Forestali Ambientali e Agroalimentari dell\u2019Arma dei Carabinieri (CUFA). L\u2019alto ufficiale ha sottolineato quanto l&#8217;importante iniziativa economica ed infrastrutturale realizzata interamente dall\u2019Ente Parco, e che vedr\u00e0 prossimamente l&#8217;apertura della nuova sede del Nucleo Carabinieri Parco di Longarone, rappresenti un essenziale punto di riferimento per l&#8217;intera comunit\u00e0 del Parco che vedr\u00e0 i Carabinieri Forestali vicini alla cittadinanza, impegnati nella tutela e salvaguardia dell\u2019ambiente e delle aree protette e nella conservazione della biodiversit\u00e0, in visione di uno sviluppo eco-sostenibile. Un modello di riferimento cui tendere al fine di assicurare alle future generazioni un patrimonio naturale di cos\u00ec grande rilevanza come lo \u00e8 quello del Parco Nazionale delle Dolomiti Bellunesi.<\/p>\n<p>Ha concluso gli interventi istituzionali il senatore Luca De Carlo, presidente della IX Commissione industria, commercio, turismo, agricoltura e produzione agroalimentare che dopo essersi unito agli apprezzamenti generali ha voluto sottolineare come il Parco Nazionale Dolomiti Bellunesi rappresenti una straordinaria opportunit\u00e0 che va raccontata perche non pu\u00f2 essere percepito solo come voncolo ma soprattutto come straordinaria opportunit\u00e0 di sviluppo per tutto il territorio.<\/p>\n<p>La mattinata si \u00e8 conclusa con il tradizionale taglio del nastro e la visita alle strutture del Nucleo Carabinieri Parco e del punto informativo del Parco.<\/p>","protected":false},"excerpt":{"rendered":"<p>Longarone 11 gennaio 20225 &#8211;\u00a0 Si \u00e8 tenuta ieri, sabato 11 gennaio a Longarone, la presentazione degli interventi di recupero degli edifici dell\u2019ex distretto sanitario, che ospiter\u00e0 la nuova sede del Nucleo Carabinieri Parco di Longarone e un punto informativo del Parco Nazionale. Dopo la lettura dei messaggi di saluto inviati dal ministro dell\u2019Ambiente, Gilberto [&hellip;]<\/p>\n","protected":false},"author":2,"featured_media":156998,"comment_status":"closed","ping_status":"open","sticky":false,"template":"","format":"standard","meta":{"footnotes":""},"categories":[26,8],"tags":[],"class_list":["post-156997","post","type-post","status-publish","format-standard","has-post-thumbnail","category-prima-pagina","category-societa-istituzioni"],"yoast_head":"<!-- This site is optimized with the Yoast SEO plugin v28.4 - https:\/\/yoast.com\/product\/yoast-seo-wordpress\/ -->\n<title>Presentati al pubblico la futura nuova caserma del Nucleo Carabinieri Parco e il punto informativo del Parco a Longarone - Bellunopress - Dolomiti<\/title>\n<meta name=\"robots\" content=\"index, follow, max-snippet:-1, max-image-preview:large, max-video-preview:-1\" \/>\n<link rel=\"canonical\" href=\"https:\/\/www.bellunopress.it\/fr\/2025\/01\/12\/presentati-al-pubblico-la-futura-nuova-caserma-del-nucleo-carabinieri-parco-e-il-punto-informativo-del-parco-a-longarone\/\" \/>\n<meta property=\"og:locale\" content=\"fr_FR\" \/>\n<meta property=\"og:type\" content=\"article\" \/>\n<meta property=\"og:title\" content=\"Presentati al pubblico la futura nuova caserma del Nucleo Carabinieri Parco e il punto informativo del Parco a Longarone - Bellunopress - Dolomiti\" \/>\n<meta property=\"og:description\" content=\"Longarone 11 gennaio 20225 &#8211;\u00a0 Si \u00e8 tenuta ieri, sabato 11 gennaio a Longarone, la presentazione degli interventi di recupero degli edifici dell\u2019ex distretto sanitario, che ospiter\u00e0 la nuova sede del Nucleo Carabinieri Parco di Longarone e un punto informativo del Parco Nazionale. Dopo la lettura dei messaggi di saluto inviati dal ministro dell\u2019Ambiente, Gilberto [&hellip;]\" \/>\n<meta property=\"og:url\" content=\"https:\/\/www.bellunopress.it\/fr\/2025\/01\/12\/presentati-al-pubblico-la-futura-nuova-caserma-del-nucleo-carabinieri-parco-e-il-punto-informativo-del-parco-a-longarone\/\" \/>\n<meta property=\"og:site_name\" content=\"Bellunopress - Dolomiti\" \/>\n<meta property=\"article:publisher\" content=\"https:\/\/www.facebook.com\/profile.php?id=100008943462799\" \/>\n<meta property=\"article:published_time\" content=\"2025-01-12T05:19:21+00:00\" \/>\n<meta property=\"og:image\" content=\"https:\/\/www.bellunopress.it\/wp-content\/uploads\/2025\/01\/caserma-del-Nucleo-Carabinieri-Parco-e-il-punto-informativo-del-Parco-a-Longarone.jpg\" \/>\n\t<meta property=\"og:image:width\" content=\"1000\" \/>\n\t<meta property=\"og:image:height\" content=\"517\" \/>\n\t<meta property=\"og:image:type\" content=\"image\/jpeg\" \/>\n<meta name=\"author\" content=\"redazione\" \/>\n<meta name=\"twitter:card\" content=\"summary_large_image\" \/>\n<meta name=\"twitter:creator\" content=\"@bellunopress\" \/>\n<meta name=\"twitter:site\" content=\"@bellunopress\" \/>\n<meta name=\"twitter:label1\" content=\"\u00c9crit par\" \/>\n\t<meta name=\"twitter:data1\" content=\"redazione\" \/>\n\t<meta name=\"twitter:label2\" content=\"Dur\u00e9e de lecture estim\u00e9e\" \/>\n\t<meta name=\"twitter:data2\" content=\"4 minutes\" \/>\n<script type=\"application\/ld+json\" class=\"yoast-schema-graph\">{\"@context\":\"https:\\\/\\\/schema.org\",\"@graph\":[{\"@type\":\"Article\",\"@id\":\"https:\\\/\\\/www.bellunopress.it\\\/2025\\\/01\\\/12\\\/presentati-al-pubblico-la-futura-nuova-caserma-del-nucleo-carabinieri-parco-e-il-punto-informativo-del-parco-a-longarone\\\/#article\",\"isPartOf\":{\"@id\":\"https:\\\/\\\/www.bellunopress.it\\\/2025\\\/01\\\/12\\\/presentati-al-pubblico-la-futura-nuova-caserma-del-nucleo-carabinieri-parco-e-il-punto-informativo-del-parco-a-longarone\\\/\"},\"author\":{\"name\":\"redazione\",\"@id\":\"https:\\\/\\\/www.bellunopress.it\\\/#\\\/schema\\\/person\\\/79bb06722b37ece1c03d3e94beb30d73\"},\"headline\":\"Presentati al pubblico la futura nuova caserma del Nucleo Carabinieri Parco e il punto informativo del Parco a Longarone\",\"datePublished\":\"2025-01-12T05:19:21+00:00\",\"mainEntityOfPage\":{\"@id\":\"https:\\\/\\\/www.bellunopress.it\\\/2025\\\/01\\\/12\\\/presentati-al-pubblico-la-futura-nuova-caserma-del-nucleo-carabinieri-parco-e-il-punto-informativo-del-parco-a-longarone\\\/\"},\"wordCount\":846,\"publisher\":{\"@id\":\"https:\\\/\\\/www.bellunopress.it\\\/#organization\"},\"image\":{\"@id\":\"https:\\\/\\\/www.bellunopress.it\\\/2025\\\/01\\\/12\\\/presentati-al-pubblico-la-futura-nuova-caserma-del-nucleo-carabinieri-parco-e-il-punto-informativo-del-parco-a-longarone\\\/#primaryimage\"},\"thumbnailUrl\":\"https:\\\/\\\/www.bellunopress.it\\\/wp-content\\\/uploads\\\/2025\\\/01\\\/caserma-del-Nucleo-Carabinieri-Parco-e-il-punto-informativo-del-Parco-a-Longarone.jpg\",\"articleSection\":[\"Prima Pagina\",\"Societ\u00e0, Associazioni, Istituzioni\"],\"inLanguage\":\"fr-FR\"},{\"@type\":\"WebPage\",\"@id\":\"https:\\\/\\\/www.bellunopress.it\\\/2025\\\/01\\\/12\\\/presentati-al-pubblico-la-futura-nuova-caserma-del-nucleo-carabinieri-parco-e-il-punto-informativo-del-parco-a-longarone\\\/\",\"url\":\"https:\\\/\\\/www.bellunopress.it\\\/2025\\\/01\\\/12\\\/presentati-al-pubblico-la-futura-nuova-caserma-del-nucleo-carabinieri-parco-e-il-punto-informativo-del-parco-a-longarone\\\/\",\"name\":\"Presentati al pubblico la futura nuova caserma del Nucleo Carabinieri Parco e il punto informativo del Parco a Longarone - Bellunopress - Dolomiti\",\"isPartOf\":{\"@id\":\"https:\\\/\\\/www.bellunopress.it\\\/#website\"},\"primaryImageOfPage\":{\"@id\":\"https:\\\/\\\/www.bellunopress.it\\\/2025\\\/01\\\/12\\\/presentati-al-pubblico-la-futura-nuova-caserma-del-nucleo-carabinieri-parco-e-il-punto-informativo-del-parco-a-longarone\\\/#primaryimage\"},\"image\":{\"@id\":\"https:\\\/\\\/www.bellunopress.it\\\/2025\\\/01\\\/12\\\/presentati-al-pubblico-la-futura-nuova-caserma-del-nucleo-carabinieri-parco-e-il-punto-informativo-del-parco-a-longarone\\\/#primaryimage\"},\"thumbnailUrl\":\"https:\\\/\\\/www.bellunopress.it\\\/wp-content\\\/uploads\\\/2025\\\/01\\\/caserma-del-Nucleo-Carabinieri-Parco-e-il-punto-informativo-del-Parco-a-Longarone.jpg\",\"datePublished\":\"2025-01-12T05:19:21+00:00\",\"breadcrumb\":{\"@id\":\"https:\\\/\\\/www.bellunopress.it\\\/2025\\\/01\\\/12\\\/presentati-al-pubblico-la-futura-nuova-caserma-del-nucleo-carabinieri-parco-e-il-punto-informativo-del-parco-a-longarone\\\/#breadcrumb\"},\"inLanguage\":\"fr-FR\",\"potentialAction\":[{\"@type\":\"ReadAction\",\"target\":[\"https:\\\/\\\/www.bellunopress.it\\\/2025\\\/01\\\/12\\\/presentati-al-pubblico-la-futura-nuova-caserma-del-nucleo-carabinieri-parco-e-il-punto-informativo-del-parco-a-longarone\\\/\"]}]},{\"@type\":\"ImageObject\",\"inLanguage\":\"fr-FR\",\"@id\":\"https:\\\/\\\/www.bellunopress.it\\\/2025\\\/01\\\/12\\\/presentati-al-pubblico-la-futura-nuova-caserma-del-nucleo-carabinieri-parco-e-il-punto-informativo-del-parco-a-longarone\\\/#primaryimage\",\"url\":\"https:\\\/\\\/www.bellunopress.it\\\/wp-content\\\/uploads\\\/2025\\\/01\\\/caserma-del-Nucleo-Carabinieri-Parco-e-il-punto-informativo-del-Parco-a-Longarone.jpg\",\"contentUrl\":\"https:\\\/\\\/www.bellunopress.it\\\/wp-content\\\/uploads\\\/2025\\\/01\\\/caserma-del-Nucleo-Carabinieri-Parco-e-il-punto-informativo-del-Parco-a-Longarone.jpg\",\"width\":1000,\"height\":517,\"caption\":\"Nucleo-Carabinieri-Parco-e-il-punto-informativo-del-Parco Nazionale Dolomiti Bellunesi a Longarone\"},{\"@type\":\"BreadcrumbList\",\"@id\":\"https:\\\/\\\/www.bellunopress.it\\\/2025\\\/01\\\/12\\\/presentati-al-pubblico-la-futura-nuova-caserma-del-nucleo-carabinieri-parco-e-il-punto-informativo-del-parco-a-longarone\\\/#breadcrumb\",\"itemListElement\":[{\"@type\":\"ListItem\",\"position\":1,\"name\":\"Home\",\"item\":\"https:\\\/\\\/www.bellunopress.it\\\/\"},{\"@type\":\"ListItem\",\"position\":2,\"name\":\"Presentati al pubblico la futura nuova caserma del Nucleo Carabinieri Parco e il punto informativo del Parco a Longarone\"}]},{\"@type\":\"WebSite\",\"@id\":\"https:\\\/\\\/www.bellunopress.it\\\/#website\",\"url\":\"https:\\\/\\\/www.bellunopress.it\\\/\",\"name\":\"Bellunopress - Dolomiti\",\"description\":\"e-mail: redazione@bellunopress.it\",\"publisher\":{\"@id\":\"https:\\\/\\\/www.bellunopress.it\\\/#organization\"},\"potentialAction\":[{\"@type\":\"SearchAction\",\"target\":{\"@type\":\"EntryPoint\",\"urlTemplate\":\"https:\\\/\\\/www.bellunopress.it\\\/?s={search_term_string}\"},\"query-input\":{\"@type\":\"PropertyValueSpecification\",\"valueRequired\":true,\"valueName\":\"search_term_string\"}}],\"inLanguage\":\"fr-FR\"},{\"@type\":\"Organization\",\"@id\":\"https:\\\/\\\/www.bellunopress.it\\\/#organization\",\"name\":\"Bellunopress\",\"url\":\"https:\\\/\\\/www.bellunopress.it\\\/\",\"logo\":{\"@type\":\"ImageObject\",\"inLanguage\":\"fr-FR\",\"@id\":\"https:\\\/\\\/www.bellunopress.it\\\/#\\\/schema\\\/logo\\\/image\\\/\",\"url\":\"https:\\\/\\\/www.bellunopress.it\\\/wp-content\\\/uploads\\\/2011\\\/05\\\/cropped-logo-bellunopress-.jpg\",\"contentUrl\":\"https:\\\/\\\/www.bellunopress.it\\\/wp-content\\\/uploads\\\/2011\\\/05\\\/cropped-logo-bellunopress-.jpg\",\"width\":512,\"height\":512,\"caption\":\"Bellunopress\"},\"image\":{\"@id\":\"https:\\\/\\\/www.bellunopress.it\\\/#\\\/schema\\\/logo\\\/image\\\/\"},\"sameAs\":[\"https:\\\/\\\/www.facebook.com\\\/profile.php?id=100008943462799\",\"https:\\\/\\\/x.com\\\/bellunopress\",\"https:\\\/\\\/www.linkedin.com\\\/hp\\\/?dnr=JBzUWaJfMUw8vbXJJ2tVW5-I3jZKvC4wsoxE&amp;amp;amp;amp;amp;amp;trk=nav_responsive_tab_home\",\"https:\\\/\\\/www.youtube.com\\\/channel\\\/UCxL0wu1uN0_3_7hGG0306cw\"]},{\"@type\":\"Person\",\"@id\":\"https:\\\/\\\/www.bellunopress.it\\\/#\\\/schema\\\/person\\\/79bb06722b37ece1c03d3e94beb30d73\",\"name\":\"redazione\",\"image\":{\"@type\":\"ImageObject\",\"inLanguage\":\"fr-FR\",\"@id\":\"https:\\\/\\\/secure.gravatar.com\\\/avatar\\\/37d968a2e67a6fd04c169c4bdef102d0bc5d31b2546345219e348575eb80e9a0?s=96&d=mm&r=g\",\"url\":\"https:\\\/\\\/secure.gravatar.com\\\/avatar\\\/37d968a2e67a6fd04c169c4bdef102d0bc5d31b2546345219e348575eb80e9a0?s=96&d=mm&r=g\",\"contentUrl\":\"https:\\\/\\\/secure.gravatar.com\\\/avatar\\\/37d968a2e67a6fd04c169c4bdef102d0bc5d31b2546345219e348575eb80e9a0?s=96&d=mm&r=g\",\"caption\":\"redazione\"},\"sameAs\":[\"http:\\\/\\\/www.bellunopress.it\",\"https:\\\/\\\/x.com\\\/bellunopress\"],\"url\":\"https:\\\/\\\/www.bellunopress.it\\\/fr\\\/author\\\/redazione\\\/\"}]}<\/script>\n<!-- \/ Yoast SEO plugin. -->","yoast_head_json":{"title":"Presentati al pubblico la futura nuova caserma del Nucleo Carabinieri Parco e il punto informativo del Parco a Longarone - Bellunopress - Dolomiti","robots":{"index":"index","follow":"follow","max-snippet":"max-snippet:-1","max-image-preview":"max-image-preview:large","max-video-preview":"max-video-preview:-1"},"canonical":"https:\/\/www.bellunopress.it\/fr\/2025\/01\/12\/presentati-al-pubblico-la-futura-nuova-caserma-del-nucleo-carabinieri-parco-e-il-punto-informativo-del-parco-a-longarone\/","og_locale":"fr_FR","og_type":"article","og_title":"Presentati al pubblico la futura nuova caserma del Nucleo Carabinieri Parco e il punto informativo del Parco a Longarone - Bellunopress - Dolomiti","og_description":"Longarone 11 gennaio 20225 &#8211;\u00a0 Si \u00e8 tenuta ieri, sabato 11 gennaio a Longarone, la presentazione degli interventi di recupero degli edifici dell\u2019ex distretto sanitario, che ospiter\u00e0 la nuova sede del Nucleo Carabinieri Parco di Longarone e un punto informativo del Parco Nazionale. Dopo la lettura dei messaggi di saluto inviati dal ministro dell\u2019Ambiente, Gilberto [&hellip;]","og_url":"https:\/\/www.bellunopress.it\/fr\/2025\/01\/12\/presentati-al-pubblico-la-futura-nuova-caserma-del-nucleo-carabinieri-parco-e-il-punto-informativo-del-parco-a-longarone\/","og_site_name":"Bellunopress - Dolomiti","article_publisher":"https:\/\/www.facebook.com\/profile.php?id=100008943462799","article_published_time":"2025-01-12T05:19:21+00:00","og_image":[{"width":1000,"height":517,"url":"https:\/\/www.bellunopress.it\/wp-content\/uploads\/2025\/01\/caserma-del-Nucleo-Carabinieri-Parco-e-il-punto-informativo-del-Parco-a-Longarone.jpg","type":"image\/jpeg"}],"author":"redazione","twitter_card":"summary_large_image","twitter_creator":"@bellunopress","twitter_site":"@bellunopress","twitter_misc":{"\u00c9crit par":"redazione","Dur\u00e9e de lecture estim\u00e9e":"4 minutes"},"schema":{"@context":"https:\/\/schema.org","@graph":[{"@type":"Article","@id":"https:\/\/www.bellunopress.it\/2025\/01\/12\/presentati-al-pubblico-la-futura-nuova-caserma-del-nucleo-carabinieri-parco-e-il-punto-informativo-del-parco-a-longarone\/#article","isPartOf":{"@id":"https:\/\/www.bellunopress.it\/2025\/01\/12\/presentati-al-pubblico-la-futura-nuova-caserma-del-nucleo-carabinieri-parco-e-il-punto-informativo-del-parco-a-longarone\/"},"author":{"name":"redazione","@id":"https:\/\/www.bellunopress.it\/#\/schema\/person\/79bb06722b37ece1c03d3e94beb30d73"},"headline":"Presentati al pubblico la futura nuova caserma del Nucleo Carabinieri Parco e il punto informativo del Parco a Longarone","datePublished":"2025-01-12T05:19:21+00:00","mainEntityOfPage":{"@id":"https:\/\/www.bellunopress.it\/2025\/01\/12\/presentati-al-pubblico-la-futura-nuova-caserma-del-nucleo-carabinieri-parco-e-il-punto-informativo-del-parco-a-longarone\/"},"wordCount":846,"publisher":{"@id":"https:\/\/www.bellunopress.it\/#organization"},"image":{"@id":"https:\/\/www.bellunopress.it\/2025\/01\/12\/presentati-al-pubblico-la-futura-nuova-caserma-del-nucleo-carabinieri-parco-e-il-punto-informativo-del-parco-a-longarone\/#primaryimage"},"thumbnailUrl":"https:\/\/www.bellunopress.it\/wp-content\/uploads\/2025\/01\/caserma-del-Nucleo-Carabinieri-Parco-e-il-punto-informativo-del-Parco-a-Longarone.jpg","articleSection":["Prima Pagina","Societ\u00e0, Associazioni, Istituzioni"],"inLanguage":"fr-FR"},{"@type":"WebPage","@id":"https:\/\/www.bellunopress.it\/2025\/01\/12\/presentati-al-pubblico-la-futura-nuova-caserma-del-nucleo-carabinieri-parco-e-il-punto-informativo-del-parco-a-longarone\/","url":"https:\/\/www.bellunopress.it\/2025\/01\/12\/presentati-al-pubblico-la-futura-nuova-caserma-del-nucleo-carabinieri-parco-e-il-punto-informativo-del-parco-a-longarone\/","name":"Presentati al pubblico la futura nuova caserma del Nucleo Carabinieri Parco e il punto informativo del Parco a Longarone - Bellunopress - Dolomiti","isPartOf":{"@id":"https:\/\/www.bellunopress.it\/#website"},"primaryImageOfPage":{"@id":"https:\/\/www.bellunopress.it\/2025\/01\/12\/presentati-al-pubblico-la-futura-nuova-caserma-del-nucleo-carabinieri-parco-e-il-punto-informativo-del-parco-a-longarone\/#primaryimage"},"image":{"@id":"https:\/\/www.bellunopress.it\/2025\/01\/12\/presentati-al-pubblico-la-futura-nuova-caserma-del-nucleo-carabinieri-parco-e-il-punto-informativo-del-parco-a-longarone\/#primaryimage"},"thumbnailUrl":"https:\/\/www.bellunopress.it\/wp-content\/uploads\/2025\/01\/caserma-del-Nucleo-Carabinieri-Parco-e-il-punto-informativo-del-Parco-a-Longarone.jpg","datePublished":"2025-01-12T05:19:21+00:00","breadcrumb":{"@id":"https:\/\/www.bellunopress.it\/2025\/01\/12\/presentati-al-pubblico-la-futura-nuova-caserma-del-nucleo-carabinieri-parco-e-il-punto-informativo-del-parco-a-longarone\/#breadcrumb"},"inLanguage":"fr-FR","potentialAction":[{"@type":"ReadAction","target":["https:\/\/www.bellunopress.it\/2025\/01\/12\/presentati-al-pubblico-la-futura-nuova-caserma-del-nucleo-carabinieri-parco-e-il-punto-informativo-del-parco-a-longarone\/"]}]},{"@type":"ImageObject","inLanguage":"fr-FR","@id":"https:\/\/www.bellunopress.it\/2025\/01\/12\/presentati-al-pubblico-la-futura-nuova-caserma-del-nucleo-carabinieri-parco-e-il-punto-informativo-del-parco-a-longarone\/#primaryimage","url":"https:\/\/www.bellunopress.it\/wp-content\/uploads\/2025\/01\/caserma-del-Nucleo-Carabinieri-Parco-e-il-punto-informativo-del-Parco-a-Longarone.jpg","contentUrl":"https:\/\/www.bellunopress.it\/wp-content\/uploads\/2025\/01\/caserma-del-Nucleo-Carabinieri-Parco-e-il-punto-informativo-del-Parco-a-Longarone.jpg","width":1000,"height":517,"caption":"Nucleo-Carabinieri-Parco-e-il-punto-informativo-del-Parco Nazionale Dolomiti Bellunesi a Longarone"},{"@type":"BreadcrumbList","@id":"https:\/\/www.bellunopress.it\/2025\/01\/12\/presentati-al-pubblico-la-futura-nuova-caserma-del-nucleo-carabinieri-parco-e-il-punto-informativo-del-parco-a-longarone\/#breadcrumb","itemListElement":[{"@type":"ListItem","position":1,"name":"Home","item":"https:\/\/www.bellunopress.it\/"},{"@type":"ListItem","position":2,"name":"Presentati al pubblico la futura nuova caserma del Nucleo Carabinieri Parco e il punto informativo del Parco a Longarone"}]},{"@type":"WebSite","@id":"https:\/\/www.bellunopress.it\/#website","url":"https:\/\/www.bellunopress.it\/","name":"Bellunopress - Dolomiti","description":"e-mail: redazione@bellunopress.it","publisher":{"@id":"https:\/\/www.bellunopress.it\/#organization"},"potentialAction":[{"@type":"SearchAction","target":{"@type":"EntryPoint","urlTemplate":"https:\/\/www.bellunopress.it\/?s={search_term_string}"},"query-input":{"@type":"PropertyValueSpecification","valueRequired":true,"valueName":"search_term_string"}}],"inLanguage":"fr-FR"},{"@type":"Organization","@id":"https:\/\/www.bellunopress.it\/#organization","name":"Bellunopress","url":"https:\/\/www.bellunopress.it\/","logo":{"@type":"ImageObject","inLanguage":"fr-FR","@id":"https:\/\/www.bellunopress.it\/#\/schema\/logo\/image\/","url":"https:\/\/www.bellunopress.it\/wp-content\/uploads\/2011\/05\/cropped-logo-bellunopress-.jpg","contentUrl":"https:\/\/www.bellunopress.it\/wp-content\/uploads\/2011\/05\/cropped-logo-bellunopress-.jpg","width":512,"height":512,"caption":"Bellunopress"},"image":{"@id":"https:\/\/www.bellunopress.it\/#\/schema\/logo\/image\/"},"sameAs":["https:\/\/www.facebook.com\/profile.php?id=100008943462799","https:\/\/x.com\/bellunopress","https:\/\/www.linkedin.com\/hp\/?dnr=JBzUWaJfMUw8vbXJJ2tVW5-I3jZKvC4wsoxE&amp;amp;amp;amp;amp;amp;trk=nav_responsive_tab_home","https:\/\/www.youtube.com\/channel\/UCxL0wu1uN0_3_7hGG0306cw"]},{"@type":"Person","@id":"https:\/\/www.bellunopress.it\/#\/schema\/person\/79bb06722b37ece1c03d3e94beb30d73","name":"r\u00e9daction","image":{"@type":"ImageObject","inLanguage":"fr-FR","@id":"https:\/\/secure.gravatar.com\/avatar\/37d968a2e67a6fd04c169c4bdef102d0bc5d31b2546345219e348575eb80e9a0?s=96&d=mm&r=g","url":"https:\/\/secure.gravatar.com\/avatar\/37d968a2e67a6fd04c169c4bdef102d0bc5d31b2546345219e348575eb80e9a0?s=96&d=mm&r=g","contentUrl":"https:\/\/secure.gravatar.com\/avatar\/37d968a2e67a6fd04c169c4bdef102d0bc5d31b2546345219e348575eb80e9a0?s=96&d=mm&r=g","caption":"redazione"},"sameAs":["http:\/\/www.bellunopress.it","https:\/\/x.com\/bellunopress"],"url":"https:\/\/www.bellunopress.it\/fr\/author\/redazione\/"}]}},"_links":{"self":[{"href":"https:\/\/www.bellunopress.it\/fr\/wp-json\/wp\/v2\/posts\/156997","targetHints":{"allow":["GET"]}}],"collection":[{"href":"https:\/\/www.bellunopress.it\/fr\/wp-json\/wp\/v2\/posts"}],"about":[{"href":"https:\/\/www.bellunopress.it\/fr\/wp-json\/wp\/v2\/types\/post"}],"author":[{"embeddable":true,"href":"https:\/\/www.bellunopress.it\/fr\/wp-json\/wp\/v2\/users\/2"}],"replies":[{"embeddable":true,"href":"https:\/\/www.bellunopress.it\/fr\/wp-json\/wp\/v2\/comments?post=156997"}],"version-history":[{"count":1,"href":"https:\/\/www.bellunopress.it\/fr\/wp-json\/wp\/v2\/posts\/156997\/revisions"}],"predecessor-version":[{"id":156999,"href":"https:\/\/www.bellunopress.it\/fr\/wp-json\/wp\/v2\/posts\/156997\/revisions\/156999"}],"wp:featuredmedia":[{"embeddable":true,"href":"https:\/\/www.bellunopress.it\/fr\/wp-json\/wp\/v2\/media\/156998"}],"wp:attachment":[{"href":"https:\/\/www.bellunopress.it\/fr\/wp-json\/wp\/v2\/media?parent=156997"}],"wp:term":[{"taxonomy":"category","embeddable":true,"href":"https:\/\/www.bellunopress.it\/fr\/wp-json\/wp\/v2\/categories?post=156997"},{"taxonomy":"post_tag","embeddable":true,"href":"https:\/\/www.bellunopress.it\/fr\/wp-json\/wp\/v2\/tags?post=156997"}],"curies":[{"name":"wp","href":"https:\/\/api.w.org\/{rel}","templated":true}]}}