{"id":156995,"date":"2025-01-11T14:51:17","date_gmt":"2025-01-11T13:51:17","guid":{"rendered":"https:\/\/www.bellunopress.it\/?p=156995"},"modified":"2025-01-11T14:51:17","modified_gmt":"2025-01-11T13:51:17","slug":"tagli-ai-comuni-inaccettabili-giovanifuturo-i-cittadini-si-aspettano-soluzioni-non-continue-beghe-destra-sinistra","status":"publish","type":"post","link":"https:\/\/www.bellunopress.it\/fr\/2025\/01\/11\/tagli-ai-comuni-inaccettabili-giovanifuturo-i-cittadini-si-aspettano-soluzioni-non-continue-beghe-destra-sinistra\/","title":{"rendered":"Tagli ai Comuni inaccettabili. Giovani@Futuro: &#8220;I cittadini si aspettano soluzioni, non continue beghe destra-sinistra&#8221;"},"content":{"rendered":"<figure id=\"attachment_145535\" aria-describedby=\"caption-attachment-145535\" style=\"width: 1000px\" class=\"wp-caption aligncenter\"><img loading=\"lazy\" decoding=\"async\" class=\"size-full wp-image-145535\" src=\"https:\/\/www.bellunopress.it\/wp-content\/uploads\/2023\/11\/Luca-frescura-e-Thomas-menia-corbanese_edited.jpg\" alt=\"\" width=\"1000\" height=\"657\" srcset=\"https:\/\/www.bellunopress.it\/wp-content\/uploads\/2023\/11\/Luca-frescura-e-Thomas-menia-corbanese_edited.jpg 1000w, https:\/\/www.bellunopress.it\/wp-content\/uploads\/2023\/11\/Luca-frescura-e-Thomas-menia-corbanese_edited-500x329.jpg 500w, https:\/\/www.bellunopress.it\/wp-content\/uploads\/2023\/11\/Luca-frescura-e-Thomas-menia-corbanese_edited-696x457.jpg 696w\" sizes=\"auto, (max-width: 1000px) 100vw, 1000px\" \/><figcaption id=\"caption-attachment-145535\" class=\"wp-caption-text\">Luca Frescura e Thomas Menia Corbanese &#8211; Giovani&amp;Futuro<\/figcaption><\/figure>\n<p>\u201cNel leggere le dichiarazioni di alcuni esponenti bellunesi dei maggiori partiti nazionali ci siamo messi le mani nei capelli: un siparietto irrispettoso dei cittadini bellunesi, che si consuma tra chi \u201cminaccia\u201d tagli ai servizi e aumenti delle tasse e chi gioca allo scarica barile.<br \/>\nOggi sono tutti paladini dei portafogli delle famiglie e delle imprese, ma solo qualche settimana fa esponenti di destra e sinistra hanno votato insieme per aumentare le bollette dell\u2019acqua. Ma fosse solo l\u2019acqua ad aumentare! Come appreso qualche giorno fa dalla stampa, i possibili aumenti di luce e gas potrebbero portare ad un incremento delle attuali bollette di oltre 200 euro.<br \/>\nServono soluzioni: le beghe ideologiche non aiutano di sicuro le nostre famiglie ad arrivare alla fine del mese!\u201d il pensiero di Luca Frescura e Thomas Menia Corbanese, Presidente e<br \/>\nVicepresidente di Giovani&amp;Futuro.<\/p>\n<p>\u201cSiamo ovviamente contrari ai tagli per i comuni, ma non intendiamo sposare la tesi di chi pensa che la soluzione, in questo momento storico, sia tagliare i servizi o aumentare le tasse. Ritengo ci sia un\u2019altra strada percorribile: limitare gli sprechi e pensare ad idee innovative e lungimiranti.<br \/>\nLa vittoria di Thomas a Danta per noi \u00e8 stato un importante banco di prova, in quanto abbiamo potuto constatare che tra teoria e pratica c&#8217;\u00e8 una gran bella differenza. In questi mesi abbiamo imparato tanto, anche dalle difficolt\u00e0, e fin dal primo giorno abbiamo cercato di mettere in pratica la nostra idea di rilancio del territorio. Poche chiacchiere, giornate che prevedono anche 10\/12 ore di incontri e attivit\u00e0, attenzione maniacale a qualsiasi voce del bilancio e valigia in mano per andare dove serve a chiedere ed ottenere condizioni migliori per il nostro territorio. In questi giorni stiamo pensando ad un\u2019idea per aiutare concretamente famiglie e imprese: confidiamo di riuscire a presentarla nelle prossime settimane!\u201d afferma Frescura.<br \/>\n\u201cSono soddisfatto di quello che con la mia squadra e con il grande aiuto degli uffici siamo riusciti ad ottenere a Danta in questi mesi. Grazie ad un lavoro meticoloso 2 famiglie su 3 pagano meno tasse comunali e in soli 7 mesi siamo riusciti a captare importanti risorse per il rilancio e la valorizzazione del territorio. Interventi ed investimenti che daranno i loro frutti, soprattutto nel medio-lungo periodo\u201d afferma Menia Corbanese.<br \/>\n\u201cVogliamo lottare per poter vivere dignitosamente nel nostro territorio: non accetteremo, n\u00e9 oggi n\u00e9 mai, compromessi al ribasso\u201d conclude il Presidente nazionale di Giovani&amp;Futuro.<\/p>","protected":false},"excerpt":{"rendered":"<p>\u201cNel leggere le dichiarazioni di alcuni esponenti bellunesi dei maggiori partiti nazionali ci siamo messi le mani nei capelli: un siparietto irrispettoso dei cittadini bellunesi, che si consuma tra chi \u201cminaccia\u201d tagli ai servizi e aumenti delle tasse e chi gioca allo scarica barile. Oggi sono tutti paladini dei portafogli delle famiglie e delle imprese, [&hellip;]<\/p>\n","protected":false},"author":2,"featured_media":145535,"comment_status":"closed","ping_status":"open","sticky":false,"template":"","format":"standard","meta":{"footnotes":""},"categories":[5,26],"tags":[],"class_list":["post-156995","post","type-post","status-publish","format-standard","has-post-thumbnail","category-cronaca","category-prima-pagina"],"yoast_head":"<!-- This site is optimized with the Yoast SEO plugin v28.4 - https:\/\/yoast.com\/product\/yoast-seo-wordpress\/ -->\n<title>Tagli ai Comuni inaccettabili. Giovani@Futuro: &quot;I cittadini si aspettano soluzioni, non continue beghe destra-sinistra&quot; - Bellunopress - Dolomiti<\/title>\n<meta name=\"robots\" content=\"index, follow, max-snippet:-1, max-image-preview:large, max-video-preview:-1\" \/>\n<link rel=\"canonical\" href=\"https:\/\/www.bellunopress.it\/fr\/2025\/01\/11\/tagli-ai-comuni-inaccettabili-giovanifuturo-i-cittadini-si-aspettano-soluzioni-non-continue-beghe-destra-sinistra\/\" \/>\n<meta property=\"og:locale\" content=\"fr_FR\" \/>\n<meta property=\"og:type\" content=\"article\" \/>\n<meta property=\"og:title\" content=\"Tagli ai Comuni inaccettabili. Giovani@Futuro: &quot;I cittadini si aspettano soluzioni, non continue beghe destra-sinistra&quot; - Bellunopress - Dolomiti\" \/>\n<meta property=\"og:description\" content=\"\u201cNel leggere le dichiarazioni di alcuni esponenti bellunesi dei maggiori partiti nazionali ci siamo messi le mani nei capelli: un siparietto irrispettoso dei cittadini bellunesi, che si consuma tra chi \u201cminaccia\u201d tagli ai servizi e aumenti delle tasse e chi gioca allo scarica barile. Oggi sono tutti paladini dei portafogli delle famiglie e delle imprese, [&hellip;]\" \/>\n<meta property=\"og:url\" content=\"https:\/\/www.bellunopress.it\/fr\/2025\/01\/11\/tagli-ai-comuni-inaccettabili-giovanifuturo-i-cittadini-si-aspettano-soluzioni-non-continue-beghe-destra-sinistra\/\" \/>\n<meta property=\"og:site_name\" content=\"Bellunopress - Dolomiti\" \/>\n<meta property=\"article:publisher\" content=\"https:\/\/www.facebook.com\/profile.php?id=100008943462799\" \/>\n<meta property=\"article:published_time\" content=\"2025-01-11T13:51:17+00:00\" \/>\n<meta property=\"og:image\" content=\"https:\/\/www.bellunopress.it\/wp-content\/uploads\/2023\/11\/Luca-frescura-e-Thomas-menia-corbanese_edited.jpg\" \/>\n\t<meta property=\"og:image:width\" content=\"1000\" \/>\n\t<meta property=\"og:image:height\" content=\"657\" \/>\n\t<meta property=\"og:image:type\" content=\"image\/jpeg\" \/>\n<meta name=\"author\" content=\"redazione\" \/>\n<meta name=\"twitter:card\" content=\"summary_large_image\" \/>\n<meta name=\"twitter:creator\" content=\"@bellunopress\" \/>\n<meta name=\"twitter:site\" content=\"@bellunopress\" \/>\n<meta name=\"twitter:label1\" content=\"\u00c9crit par\" \/>\n\t<meta name=\"twitter:data1\" content=\"redazione\" \/>\n\t<meta name=\"twitter:label2\" content=\"Dur\u00e9e de lecture estim\u00e9e\" \/>\n\t<meta name=\"twitter:data2\" content=\"2 minutes\" \/>\n<script type=\"application\/ld+json\" class=\"yoast-schema-graph\">{\"@context\":\"https:\\\/\\\/schema.org\",\"@graph\":[{\"@type\":\"Article\",\"@id\":\"https:\\\/\\\/www.bellunopress.it\\\/2025\\\/01\\\/11\\\/tagli-ai-comuni-inaccettabili-giovanifuturo-i-cittadini-si-aspettano-soluzioni-non-continue-beghe-destra-sinistra\\\/#article\",\"isPartOf\":{\"@id\":\"https:\\\/\\\/www.bellunopress.it\\\/2025\\\/01\\\/11\\\/tagli-ai-comuni-inaccettabili-giovanifuturo-i-cittadini-si-aspettano-soluzioni-non-continue-beghe-destra-sinistra\\\/\"},\"author\":{\"name\":\"redazione\",\"@id\":\"https:\\\/\\\/www.bellunopress.it\\\/#\\\/schema\\\/person\\\/79bb06722b37ece1c03d3e94beb30d73\"},\"headline\":\"Tagli ai Comuni inaccettabili. Giovani@Futuro: &#8220;I cittadini si aspettano soluzioni, non continue beghe destra-sinistra&#8221;\",\"datePublished\":\"2025-01-11T13:51:17+00:00\",\"mainEntityOfPage\":{\"@id\":\"https:\\\/\\\/www.bellunopress.it\\\/2025\\\/01\\\/11\\\/tagli-ai-comuni-inaccettabili-giovanifuturo-i-cittadini-si-aspettano-soluzioni-non-continue-beghe-destra-sinistra\\\/\"},\"wordCount\":432,\"publisher\":{\"@id\":\"https:\\\/\\\/www.bellunopress.it\\\/#organization\"},\"image\":{\"@id\":\"https:\\\/\\\/www.bellunopress.it\\\/2025\\\/01\\\/11\\\/tagli-ai-comuni-inaccettabili-giovanifuturo-i-cittadini-si-aspettano-soluzioni-non-continue-beghe-destra-sinistra\\\/#primaryimage\"},\"thumbnailUrl\":\"https:\\\/\\\/www.bellunopress.it\\\/wp-content\\\/uploads\\\/2023\\\/11\\\/Luca-frescura-e-Thomas-menia-corbanese_edited.jpg\",\"articleSection\":[\"Cronaca\\\/Politica\",\"Prima Pagina\"],\"inLanguage\":\"fr-FR\"},{\"@type\":\"WebPage\",\"@id\":\"https:\\\/\\\/www.bellunopress.it\\\/2025\\\/01\\\/11\\\/tagli-ai-comuni-inaccettabili-giovanifuturo-i-cittadini-si-aspettano-soluzioni-non-continue-beghe-destra-sinistra\\\/\",\"url\":\"https:\\\/\\\/www.bellunopress.it\\\/2025\\\/01\\\/11\\\/tagli-ai-comuni-inaccettabili-giovanifuturo-i-cittadini-si-aspettano-soluzioni-non-continue-beghe-destra-sinistra\\\/\",\"name\":\"Tagli ai Comuni inaccettabili. Giovani@Futuro: \\\"I cittadini si aspettano soluzioni, non continue beghe destra-sinistra\\\" - Bellunopress - Dolomiti\",\"isPartOf\":{\"@id\":\"https:\\\/\\\/www.bellunopress.it\\\/#website\"},\"primaryImageOfPage\":{\"@id\":\"https:\\\/\\\/www.bellunopress.it\\\/2025\\\/01\\\/11\\\/tagli-ai-comuni-inaccettabili-giovanifuturo-i-cittadini-si-aspettano-soluzioni-non-continue-beghe-destra-sinistra\\\/#primaryimage\"},\"image\":{\"@id\":\"https:\\\/\\\/www.bellunopress.it\\\/2025\\\/01\\\/11\\\/tagli-ai-comuni-inaccettabili-giovanifuturo-i-cittadini-si-aspettano-soluzioni-non-continue-beghe-destra-sinistra\\\/#primaryimage\"},\"thumbnailUrl\":\"https:\\\/\\\/www.bellunopress.it\\\/wp-content\\\/uploads\\\/2023\\\/11\\\/Luca-frescura-e-Thomas-menia-corbanese_edited.jpg\",\"datePublished\":\"2025-01-11T13:51:17+00:00\",\"breadcrumb\":{\"@id\":\"https:\\\/\\\/www.bellunopress.it\\\/2025\\\/01\\\/11\\\/tagli-ai-comuni-inaccettabili-giovanifuturo-i-cittadini-si-aspettano-soluzioni-non-continue-beghe-destra-sinistra\\\/#breadcrumb\"},\"inLanguage\":\"fr-FR\",\"potentialAction\":[{\"@type\":\"ReadAction\",\"target\":[\"https:\\\/\\\/www.bellunopress.it\\\/2025\\\/01\\\/11\\\/tagli-ai-comuni-inaccettabili-giovanifuturo-i-cittadini-si-aspettano-soluzioni-non-continue-beghe-destra-sinistra\\\/\"]}]},{\"@type\":\"ImageObject\",\"inLanguage\":\"fr-FR\",\"@id\":\"https:\\\/\\\/www.bellunopress.it\\\/2025\\\/01\\\/11\\\/tagli-ai-comuni-inaccettabili-giovanifuturo-i-cittadini-si-aspettano-soluzioni-non-continue-beghe-destra-sinistra\\\/#primaryimage\",\"url\":\"https:\\\/\\\/www.bellunopress.it\\\/wp-content\\\/uploads\\\/2023\\\/11\\\/Luca-frescura-e-Thomas-menia-corbanese_edited.jpg\",\"contentUrl\":\"https:\\\/\\\/www.bellunopress.it\\\/wp-content\\\/uploads\\\/2023\\\/11\\\/Luca-frescura-e-Thomas-menia-corbanese_edited.jpg\",\"width\":1000,\"height\":657,\"caption\":\"Luca Frescura e Thomas Menia Corbanese - Giovani&Futuro\"},{\"@type\":\"BreadcrumbList\",\"@id\":\"https:\\\/\\\/www.bellunopress.it\\\/2025\\\/01\\\/11\\\/tagli-ai-comuni-inaccettabili-giovanifuturo-i-cittadini-si-aspettano-soluzioni-non-continue-beghe-destra-sinistra\\\/#breadcrumb\",\"itemListElement\":[{\"@type\":\"ListItem\",\"position\":1,\"name\":\"Home\",\"item\":\"https:\\\/\\\/www.bellunopress.it\\\/\"},{\"@type\":\"ListItem\",\"position\":2,\"name\":\"Tagli ai Comuni inaccettabili. Giovani@Futuro: &#8220;I cittadini si aspettano soluzioni, non continue beghe destra-sinistra&#8221;\"}]},{\"@type\":\"WebSite\",\"@id\":\"https:\\\/\\\/www.bellunopress.it\\\/#website\",\"url\":\"https:\\\/\\\/www.bellunopress.it\\\/\",\"name\":\"Bellunopress - Dolomiti\",\"description\":\"e-mail: redazione@bellunopress.it\",\"publisher\":{\"@id\":\"https:\\\/\\\/www.bellunopress.it\\\/#organization\"},\"potentialAction\":[{\"@type\":\"SearchAction\",\"target\":{\"@type\":\"EntryPoint\",\"urlTemplate\":\"https:\\\/\\\/www.bellunopress.it\\\/?s={search_term_string}\"},\"query-input\":{\"@type\":\"PropertyValueSpecification\",\"valueRequired\":true,\"valueName\":\"search_term_string\"}}],\"inLanguage\":\"fr-FR\"},{\"@type\":\"Organization\",\"@id\":\"https:\\\/\\\/www.bellunopress.it\\\/#organization\",\"name\":\"Bellunopress\",\"url\":\"https:\\\/\\\/www.bellunopress.it\\\/\",\"logo\":{\"@type\":\"ImageObject\",\"inLanguage\":\"fr-FR\",\"@id\":\"https:\\\/\\\/www.bellunopress.it\\\/#\\\/schema\\\/logo\\\/image\\\/\",\"url\":\"https:\\\/\\\/www.bellunopress.it\\\/wp-content\\\/uploads\\\/2011\\\/05\\\/cropped-logo-bellunopress-.jpg\",\"contentUrl\":\"https:\\\/\\\/www.bellunopress.it\\\/wp-content\\\/uploads\\\/2011\\\/05\\\/cropped-logo-bellunopress-.jpg\",\"width\":512,\"height\":512,\"caption\":\"Bellunopress\"},\"image\":{\"@id\":\"https:\\\/\\\/www.bellunopress.it\\\/#\\\/schema\\\/logo\\\/image\\\/\"},\"sameAs\":[\"https:\\\/\\\/www.facebook.com\\\/profile.php?id=100008943462799\",\"https:\\\/\\\/x.com\\\/bellunopress\",\"https:\\\/\\\/www.linkedin.com\\\/hp\\\/?dnr=JBzUWaJfMUw8vbXJJ2tVW5-I3jZKvC4wsoxE&amp;amp;amp;amp;amp;amp;trk=nav_responsive_tab_home\",\"https:\\\/\\\/www.youtube.com\\\/channel\\\/UCxL0wu1uN0_3_7hGG0306cw\"]},{\"@type\":\"Person\",\"@id\":\"https:\\\/\\\/www.bellunopress.it\\\/#\\\/schema\\\/person\\\/79bb06722b37ece1c03d3e94beb30d73\",\"name\":\"redazione\",\"image\":{\"@type\":\"ImageObject\",\"inLanguage\":\"fr-FR\",\"@id\":\"https:\\\/\\\/secure.gravatar.com\\\/avatar\\\/37d968a2e67a6fd04c169c4bdef102d0bc5d31b2546345219e348575eb80e9a0?s=96&d=mm&r=g\",\"url\":\"https:\\\/\\\/secure.gravatar.com\\\/avatar\\\/37d968a2e67a6fd04c169c4bdef102d0bc5d31b2546345219e348575eb80e9a0?s=96&d=mm&r=g\",\"contentUrl\":\"https:\\\/\\\/secure.gravatar.com\\\/avatar\\\/37d968a2e67a6fd04c169c4bdef102d0bc5d31b2546345219e348575eb80e9a0?s=96&d=mm&r=g\",\"caption\":\"redazione\"},\"sameAs\":[\"http:\\\/\\\/www.bellunopress.it\",\"https:\\\/\\\/x.com\\\/bellunopress\"],\"url\":\"https:\\\/\\\/www.bellunopress.it\\\/fr\\\/author\\\/redazione\\\/\"}]}<\/script>\n<!-- \/ Yoast SEO plugin. -->","yoast_head_json":{"title":"Tagli ai Comuni inaccettabili. Giovani@Futuro: \"I cittadini si aspettano soluzioni, non continue beghe destra-sinistra\" - Bellunopress - Dolomiti","robots":{"index":"index","follow":"follow","max-snippet":"max-snippet:-1","max-image-preview":"max-image-preview:large","max-video-preview":"max-video-preview:-1"},"canonical":"https:\/\/www.bellunopress.it\/fr\/2025\/01\/11\/tagli-ai-comuni-inaccettabili-giovanifuturo-i-cittadini-si-aspettano-soluzioni-non-continue-beghe-destra-sinistra\/","og_locale":"fr_FR","og_type":"article","og_title":"Tagli ai Comuni inaccettabili. Giovani@Futuro: \"I cittadini si aspettano soluzioni, non continue beghe destra-sinistra\" - Bellunopress - Dolomiti","og_description":"\u201cNel leggere le dichiarazioni di alcuni esponenti bellunesi dei maggiori partiti nazionali ci siamo messi le mani nei capelli: un siparietto irrispettoso dei cittadini bellunesi, che si consuma tra chi \u201cminaccia\u201d tagli ai servizi e aumenti delle tasse e chi gioca allo scarica barile. Oggi sono tutti paladini dei portafogli delle famiglie e delle imprese, [&hellip;]","og_url":"https:\/\/www.bellunopress.it\/fr\/2025\/01\/11\/tagli-ai-comuni-inaccettabili-giovanifuturo-i-cittadini-si-aspettano-soluzioni-non-continue-beghe-destra-sinistra\/","og_site_name":"Bellunopress - Dolomiti","article_publisher":"https:\/\/www.facebook.com\/profile.php?id=100008943462799","article_published_time":"2025-01-11T13:51:17+00:00","og_image":[{"width":1000,"height":657,"url":"https:\/\/www.bellunopress.it\/wp-content\/uploads\/2023\/11\/Luca-frescura-e-Thomas-menia-corbanese_edited.jpg","type":"image\/jpeg"}],"author":"redazione","twitter_card":"summary_large_image","twitter_creator":"@bellunopress","twitter_site":"@bellunopress","twitter_misc":{"\u00c9crit par":"redazione","Dur\u00e9e de lecture estim\u00e9e":"2 minutes"},"schema":{"@context":"https:\/\/schema.org","@graph":[{"@type":"Article","@id":"https:\/\/www.bellunopress.it\/2025\/01\/11\/tagli-ai-comuni-inaccettabili-giovanifuturo-i-cittadini-si-aspettano-soluzioni-non-continue-beghe-destra-sinistra\/#article","isPartOf":{"@id":"https:\/\/www.bellunopress.it\/2025\/01\/11\/tagli-ai-comuni-inaccettabili-giovanifuturo-i-cittadini-si-aspettano-soluzioni-non-continue-beghe-destra-sinistra\/"},"author":{"name":"redazione","@id":"https:\/\/www.bellunopress.it\/#\/schema\/person\/79bb06722b37ece1c03d3e94beb30d73"},"headline":"Tagli ai Comuni inaccettabili. Giovani@Futuro: &#8220;I cittadini si aspettano soluzioni, non continue beghe destra-sinistra&#8221;","datePublished":"2025-01-11T13:51:17+00:00","mainEntityOfPage":{"@id":"https:\/\/www.bellunopress.it\/2025\/01\/11\/tagli-ai-comuni-inaccettabili-giovanifuturo-i-cittadini-si-aspettano-soluzioni-non-continue-beghe-destra-sinistra\/"},"wordCount":432,"publisher":{"@id":"https:\/\/www.bellunopress.it\/#organization"},"image":{"@id":"https:\/\/www.bellunopress.it\/2025\/01\/11\/tagli-ai-comuni-inaccettabili-giovanifuturo-i-cittadini-si-aspettano-soluzioni-non-continue-beghe-destra-sinistra\/#primaryimage"},"thumbnailUrl":"https:\/\/www.bellunopress.it\/wp-content\/uploads\/2023\/11\/Luca-frescura-e-Thomas-menia-corbanese_edited.jpg","articleSection":["Cronaca\/Politica","Prima Pagina"],"inLanguage":"fr-FR"},{"@type":"WebPage","@id":"https:\/\/www.bellunopress.it\/2025\/01\/11\/tagli-ai-comuni-inaccettabili-giovanifuturo-i-cittadini-si-aspettano-soluzioni-non-continue-beghe-destra-sinistra\/","url":"https:\/\/www.bellunopress.it\/2025\/01\/11\/tagli-ai-comuni-inaccettabili-giovanifuturo-i-cittadini-si-aspettano-soluzioni-non-continue-beghe-destra-sinistra\/","name":"Tagli ai Comuni inaccettabili. Giovani@Futuro: \"I cittadini si aspettano soluzioni, non continue beghe destra-sinistra\" - Bellunopress - Dolomiti","isPartOf":{"@id":"https:\/\/www.bellunopress.it\/#website"},"primaryImageOfPage":{"@id":"https:\/\/www.bellunopress.it\/2025\/01\/11\/tagli-ai-comuni-inaccettabili-giovanifuturo-i-cittadini-si-aspettano-soluzioni-non-continue-beghe-destra-sinistra\/#primaryimage"},"image":{"@id":"https:\/\/www.bellunopress.it\/2025\/01\/11\/tagli-ai-comuni-inaccettabili-giovanifuturo-i-cittadini-si-aspettano-soluzioni-non-continue-beghe-destra-sinistra\/#primaryimage"},"thumbnailUrl":"https:\/\/www.bellunopress.it\/wp-content\/uploads\/2023\/11\/Luca-frescura-e-Thomas-menia-corbanese_edited.jpg","datePublished":"2025-01-11T13:51:17+00:00","breadcrumb":{"@id":"https:\/\/www.bellunopress.it\/2025\/01\/11\/tagli-ai-comuni-inaccettabili-giovanifuturo-i-cittadini-si-aspettano-soluzioni-non-continue-beghe-destra-sinistra\/#breadcrumb"},"inLanguage":"fr-FR","potentialAction":[{"@type":"ReadAction","target":["https:\/\/www.bellunopress.it\/2025\/01\/11\/tagli-ai-comuni-inaccettabili-giovanifuturo-i-cittadini-si-aspettano-soluzioni-non-continue-beghe-destra-sinistra\/"]}]},{"@type":"ImageObject","inLanguage":"fr-FR","@id":"https:\/\/www.bellunopress.it\/2025\/01\/11\/tagli-ai-comuni-inaccettabili-giovanifuturo-i-cittadini-si-aspettano-soluzioni-non-continue-beghe-destra-sinistra\/#primaryimage","url":"https:\/\/www.bellunopress.it\/wp-content\/uploads\/2023\/11\/Luca-frescura-e-Thomas-menia-corbanese_edited.jpg","contentUrl":"https:\/\/www.bellunopress.it\/wp-content\/uploads\/2023\/11\/Luca-frescura-e-Thomas-menia-corbanese_edited.jpg","width":1000,"height":657,"caption":"Luca Frescura e Thomas Menia Corbanese - Giovani&Futuro"},{"@type":"BreadcrumbList","@id":"https:\/\/www.bellunopress.it\/2025\/01\/11\/tagli-ai-comuni-inaccettabili-giovanifuturo-i-cittadini-si-aspettano-soluzioni-non-continue-beghe-destra-sinistra\/#breadcrumb","itemListElement":[{"@type":"ListItem","position":1,"name":"Home","item":"https:\/\/www.bellunopress.it\/"},{"@type":"ListItem","position":2,"name":"Tagli ai Comuni inaccettabili. Giovani@Futuro: &#8220;I cittadini si aspettano soluzioni, non continue beghe destra-sinistra&#8221;"}]},{"@type":"WebSite","@id":"https:\/\/www.bellunopress.it\/#website","url":"https:\/\/www.bellunopress.it\/","name":"Bellunopress - Dolomiti","description":"e-mail: redazione@bellunopress.it","publisher":{"@id":"https:\/\/www.bellunopress.it\/#organization"},"potentialAction":[{"@type":"SearchAction","target":{"@type":"EntryPoint","urlTemplate":"https:\/\/www.bellunopress.it\/?s={search_term_string}"},"query-input":{"@type":"PropertyValueSpecification","valueRequired":true,"valueName":"search_term_string"}}],"inLanguage":"fr-FR"},{"@type":"Organization","@id":"https:\/\/www.bellunopress.it\/#organization","name":"Bellunopress","url":"https:\/\/www.bellunopress.it\/","logo":{"@type":"ImageObject","inLanguage":"fr-FR","@id":"https:\/\/www.bellunopress.it\/#\/schema\/logo\/image\/","url":"https:\/\/www.bellunopress.it\/wp-content\/uploads\/2011\/05\/cropped-logo-bellunopress-.jpg","contentUrl":"https:\/\/www.bellunopress.it\/wp-content\/uploads\/2011\/05\/cropped-logo-bellunopress-.jpg","width":512,"height":512,"caption":"Bellunopress"},"image":{"@id":"https:\/\/www.bellunopress.it\/#\/schema\/logo\/image\/"},"sameAs":["https:\/\/www.facebook.com\/profile.php?id=100008943462799","https:\/\/x.com\/bellunopress","https:\/\/www.linkedin.com\/hp\/?dnr=JBzUWaJfMUw8vbXJJ2tVW5-I3jZKvC4wsoxE&amp;amp;amp;amp;amp;amp;trk=nav_responsive_tab_home","https:\/\/www.youtube.com\/channel\/UCxL0wu1uN0_3_7hGG0306cw"]},{"@type":"Person","@id":"https:\/\/www.bellunopress.it\/#\/schema\/person\/79bb06722b37ece1c03d3e94beb30d73","name":"r\u00e9daction","image":{"@type":"ImageObject","inLanguage":"fr-FR","@id":"https:\/\/secure.gravatar.com\/avatar\/37d968a2e67a6fd04c169c4bdef102d0bc5d31b2546345219e348575eb80e9a0?s=96&d=mm&r=g","url":"https:\/\/secure.gravatar.com\/avatar\/37d968a2e67a6fd04c169c4bdef102d0bc5d31b2546345219e348575eb80e9a0?s=96&d=mm&r=g","contentUrl":"https:\/\/secure.gravatar.com\/avatar\/37d968a2e67a6fd04c169c4bdef102d0bc5d31b2546345219e348575eb80e9a0?s=96&d=mm&r=g","caption":"redazione"},"sameAs":["http:\/\/www.bellunopress.it","https:\/\/x.com\/bellunopress"],"url":"https:\/\/www.bellunopress.it\/fr\/author\/redazione\/"}]}},"_links":{"self":[{"href":"https:\/\/www.bellunopress.it\/fr\/wp-json\/wp\/v2\/posts\/156995","targetHints":{"allow":["GET"]}}],"collection":[{"href":"https:\/\/www.bellunopress.it\/fr\/wp-json\/wp\/v2\/posts"}],"about":[{"href":"https:\/\/www.bellunopress.it\/fr\/wp-json\/wp\/v2\/types\/post"}],"author":[{"embeddable":true,"href":"https:\/\/www.bellunopress.it\/fr\/wp-json\/wp\/v2\/users\/2"}],"replies":[{"embeddable":true,"href":"https:\/\/www.bellunopress.it\/fr\/wp-json\/wp\/v2\/comments?post=156995"}],"version-history":[{"count":1,"href":"https:\/\/www.bellunopress.it\/fr\/wp-json\/wp\/v2\/posts\/156995\/revisions"}],"predecessor-version":[{"id":156996,"href":"https:\/\/www.bellunopress.it\/fr\/wp-json\/wp\/v2\/posts\/156995\/revisions\/156996"}],"wp:featuredmedia":[{"embeddable":true,"href":"https:\/\/www.bellunopress.it\/fr\/wp-json\/wp\/v2\/media\/145535"}],"wp:attachment":[{"href":"https:\/\/www.bellunopress.it\/fr\/wp-json\/wp\/v2\/media?parent=156995"}],"wp:term":[{"taxonomy":"category","embeddable":true,"href":"https:\/\/www.bellunopress.it\/fr\/wp-json\/wp\/v2\/categories?post=156995"},{"taxonomy":"post_tag","embeddable":true,"href":"https:\/\/www.bellunopress.it\/fr\/wp-json\/wp\/v2\/tags?post=156995"}],"curies":[{"name":"wp","href":"https:\/\/api.w.org\/{rel}","templated":true}]}}