{"id":156992,"date":"2025-01-12T13:59:48","date_gmt":"2025-01-12T12:59:48","guid":{"rendered":"https:\/\/www.bellunopress.it\/?p=156992"},"modified":"2025-01-11T14:06:45","modified_gmt":"2025-01-11T13:06:45","slug":"un-destino-da-raggiungere-presentazione-del-libro-di-valentina-cibien-venerdi-a-fonzaso","status":"publish","type":"post","link":"https:\/\/www.bellunopress.it\/fr\/2025\/01\/12\/un-destino-da-raggiungere-presentazione-del-libro-di-valentina-cibien-venerdi-a-fonzaso\/","title":{"rendered":"Un destino da raggiungere. Presentazione del libro di Valentina Cibien venerd\u00ec a Fonzaso"},"content":{"rendered":"<p><img loading=\"lazy\" decoding=\"async\" class=\"aligncenter size-full wp-image-156993\" src=\"https:\/\/www.bellunopress.it\/wp-content\/uploads\/2025\/01\/Un-destino-da-raggiungere-Valentina-Cibien.jpg\" alt=\"\" width=\"390\" height=\"568\" srcset=\"https:\/\/www.bellunopress.it\/wp-content\/uploads\/2025\/01\/Un-destino-da-raggiungere-Valentina-Cibien.jpg 390w, https:\/\/www.bellunopress.it\/wp-content\/uploads\/2025\/01\/Un-destino-da-raggiungere-Valentina-Cibien-343x500.jpg 343w, https:\/\/www.bellunopress.it\/wp-content\/uploads\/2025\/01\/Un-destino-da-raggiungere-Valentina-Cibien-288x420.jpg 288w\" sizes=\"auto, (max-width: 390px) 100vw, 390px\" \/>Presentazione del libro &#8220;Un destino da raggiungere&#8221; (Atile Edizioni), di Valentina Cibien,\u00a0 venerd\u00ec 17 gennaio 2025 alle ore 20:30 nella Sala del Municipio di Fonzaso in piazza 1\u00b0 novembre 14.<\/p>\n<p>L&#8217;autrice bellunese al suo debutto nel mondo della letteratura, parla con il cuore in mano e forti sentimenti contrastanti, di una giovane e determinata donna che ha bruciato le tappe della sua esistenza per un affetto e amore che non ha mai fatto al caso suo, mettendo in risalto le principali differenze tra un vero e proprio rapporto di fiducia, stima e attrazione e un altro che, invece, \u00e8 sinonimo di una routine quasi tediosa e fastidiosa, a lungo andare.<\/p>\n<p>Modera l&#8217;incontro Edoardo Comiotto, poeta, scrittore, giornalista.<\/p>","protected":false},"excerpt":{"rendered":"<p>Presentazione del libro &#8220;Un destino da raggiungere&#8221; (Atile Edizioni), di Valentina Cibien,\u00a0 venerd\u00ec 17 gennaio 2025 alle ore 20:30 nella Sala del Municipio di Fonzaso in piazza 1\u00b0 novembre 14. L&#8217;autrice bellunese al suo debutto nel mondo della letteratura, parla con il cuore in mano e forti sentimenti contrastanti, di una giovane e determinata donna [&hellip;]<\/p>\n","protected":false},"author":2,"featured_media":156993,"comment_status":"closed","ping_status":"open","sticky":false,"template":"","format":"standard","meta":{"footnotes":""},"categories":[27,3,25],"tags":[],"class_list":["post-156992","post","type-post","status-publish","format-standard","has-post-thumbnail","category-appuntamenti","category-arte-cultura-spettacoli-scienza-archivi","category-pausa-caffe"],"yoast_head":"<!-- This site is optimized with the Yoast SEO plugin v28.4 - https:\/\/yoast.com\/product\/yoast-seo-wordpress\/ -->\n<title>Un destino da raggiungere. Presentazione del libro di Valentina Cibien venerd\u00ec a Fonzaso - Bellunopress - Dolomiti<\/title>\n<meta name=\"robots\" content=\"index, follow, max-snippet:-1, max-image-preview:large, max-video-preview:-1\" \/>\n<link rel=\"canonical\" href=\"https:\/\/www.bellunopress.it\/fr\/2025\/01\/12\/un-destino-da-raggiungere-presentazione-del-libro-di-valentina-cibien-venerdi-a-fonzaso\/\" \/>\n<meta property=\"og:locale\" content=\"fr_FR\" \/>\n<meta property=\"og:type\" content=\"article\" \/>\n<meta property=\"og:title\" content=\"Un destino da raggiungere. Presentazione del libro di Valentina Cibien venerd\u00ec a Fonzaso - Bellunopress - Dolomiti\" \/>\n<meta property=\"og:description\" content=\"Presentazione del libro &#8220;Un destino da raggiungere&#8221; (Atile Edizioni), di Valentina Cibien,\u00a0 venerd\u00ec 17 gennaio 2025 alle ore 20:30 nella Sala del Municipio di Fonzaso in piazza 1\u00b0 novembre 14. L&#8217;autrice bellunese al suo debutto nel mondo della letteratura, parla con il cuore in mano e forti sentimenti contrastanti, di una giovane e determinata donna [&hellip;]\" \/>\n<meta property=\"og:url\" content=\"https:\/\/www.bellunopress.it\/fr\/2025\/01\/12\/un-destino-da-raggiungere-presentazione-del-libro-di-valentina-cibien-venerdi-a-fonzaso\/\" \/>\n<meta property=\"og:site_name\" content=\"Bellunopress - Dolomiti\" \/>\n<meta property=\"article:publisher\" content=\"https:\/\/www.facebook.com\/profile.php?id=100008943462799\" \/>\n<meta property=\"article:published_time\" content=\"2025-01-12T12:59:48+00:00\" \/>\n<meta property=\"og:image\" content=\"https:\/\/www.bellunopress.it\/wp-content\/uploads\/2025\/01\/Un-destino-da-raggiungere-Valentina-Cibien.jpg\" \/>\n\t<meta property=\"og:image:width\" content=\"390\" \/>\n\t<meta property=\"og:image:height\" content=\"568\" \/>\n\t<meta property=\"og:image:type\" content=\"image\/jpeg\" \/>\n<meta name=\"author\" content=\"redazione\" \/>\n<meta name=\"twitter:card\" content=\"summary_large_image\" \/>\n<meta name=\"twitter:creator\" content=\"@bellunopress\" \/>\n<meta name=\"twitter:site\" content=\"@bellunopress\" \/>\n<meta name=\"twitter:label1\" content=\"\u00c9crit par\" \/>\n\t<meta name=\"twitter:data1\" content=\"redazione\" \/>\n\t<meta name=\"twitter:label2\" content=\"Dur\u00e9e de lecture estim\u00e9e\" \/>\n\t<meta name=\"twitter:data2\" content=\"1 minute\" \/>\n<script type=\"application\/ld+json\" class=\"yoast-schema-graph\">{\"@context\":\"https:\\\/\\\/schema.org\",\"@graph\":[{\"@type\":\"Article\",\"@id\":\"https:\\\/\\\/www.bellunopress.it\\\/2025\\\/01\\\/12\\\/un-destino-da-raggiungere-presentazione-del-libro-di-valentina-cibien-venerdi-a-fonzaso\\\/#article\",\"isPartOf\":{\"@id\":\"https:\\\/\\\/www.bellunopress.it\\\/2025\\\/01\\\/12\\\/un-destino-da-raggiungere-presentazione-del-libro-di-valentina-cibien-venerdi-a-fonzaso\\\/\"},\"author\":{\"name\":\"redazione\",\"@id\":\"https:\\\/\\\/www.bellunopress.it\\\/#\\\/schema\\\/person\\\/79bb06722b37ece1c03d3e94beb30d73\"},\"headline\":\"Un destino da raggiungere. Presentazione del libro di Valentina Cibien venerd\u00ec a Fonzaso\",\"datePublished\":\"2025-01-12T12:59:48+00:00\",\"mainEntityOfPage\":{\"@id\":\"https:\\\/\\\/www.bellunopress.it\\\/2025\\\/01\\\/12\\\/un-destino-da-raggiungere-presentazione-del-libro-di-valentina-cibien-venerdi-a-fonzaso\\\/\"},\"wordCount\":126,\"publisher\":{\"@id\":\"https:\\\/\\\/www.bellunopress.it\\\/#organization\"},\"image\":{\"@id\":\"https:\\\/\\\/www.bellunopress.it\\\/2025\\\/01\\\/12\\\/un-destino-da-raggiungere-presentazione-del-libro-di-valentina-cibien-venerdi-a-fonzaso\\\/#primaryimage\"},\"thumbnailUrl\":\"https:\\\/\\\/www.bellunopress.it\\\/wp-content\\\/uploads\\\/2025\\\/01\\\/Un-destino-da-raggiungere-Valentina-Cibien.jpg\",\"articleSection\":[\"Appuntamenti, Eventi\",\"Arte, Cultura, Spettacoli, Scienza\",\"Pausa Caff\u00e8\"],\"inLanguage\":\"fr-FR\"},{\"@type\":\"WebPage\",\"@id\":\"https:\\\/\\\/www.bellunopress.it\\\/2025\\\/01\\\/12\\\/un-destino-da-raggiungere-presentazione-del-libro-di-valentina-cibien-venerdi-a-fonzaso\\\/\",\"url\":\"https:\\\/\\\/www.bellunopress.it\\\/2025\\\/01\\\/12\\\/un-destino-da-raggiungere-presentazione-del-libro-di-valentina-cibien-venerdi-a-fonzaso\\\/\",\"name\":\"Un destino da raggiungere. Presentazione del libro di Valentina Cibien venerd\u00ec a Fonzaso - Bellunopress - Dolomiti\",\"isPartOf\":{\"@id\":\"https:\\\/\\\/www.bellunopress.it\\\/#website\"},\"primaryImageOfPage\":{\"@id\":\"https:\\\/\\\/www.bellunopress.it\\\/2025\\\/01\\\/12\\\/un-destino-da-raggiungere-presentazione-del-libro-di-valentina-cibien-venerdi-a-fonzaso\\\/#primaryimage\"},\"image\":{\"@id\":\"https:\\\/\\\/www.bellunopress.it\\\/2025\\\/01\\\/12\\\/un-destino-da-raggiungere-presentazione-del-libro-di-valentina-cibien-venerdi-a-fonzaso\\\/#primaryimage\"},\"thumbnailUrl\":\"https:\\\/\\\/www.bellunopress.it\\\/wp-content\\\/uploads\\\/2025\\\/01\\\/Un-destino-da-raggiungere-Valentina-Cibien.jpg\",\"datePublished\":\"2025-01-12T12:59:48+00:00\",\"breadcrumb\":{\"@id\":\"https:\\\/\\\/www.bellunopress.it\\\/2025\\\/01\\\/12\\\/un-destino-da-raggiungere-presentazione-del-libro-di-valentina-cibien-venerdi-a-fonzaso\\\/#breadcrumb\"},\"inLanguage\":\"fr-FR\",\"potentialAction\":[{\"@type\":\"ReadAction\",\"target\":[\"https:\\\/\\\/www.bellunopress.it\\\/2025\\\/01\\\/12\\\/un-destino-da-raggiungere-presentazione-del-libro-di-valentina-cibien-venerdi-a-fonzaso\\\/\"]}]},{\"@type\":\"ImageObject\",\"inLanguage\":\"fr-FR\",\"@id\":\"https:\\\/\\\/www.bellunopress.it\\\/2025\\\/01\\\/12\\\/un-destino-da-raggiungere-presentazione-del-libro-di-valentina-cibien-venerdi-a-fonzaso\\\/#primaryimage\",\"url\":\"https:\\\/\\\/www.bellunopress.it\\\/wp-content\\\/uploads\\\/2025\\\/01\\\/Un-destino-da-raggiungere-Valentina-Cibien.jpg\",\"contentUrl\":\"https:\\\/\\\/www.bellunopress.it\\\/wp-content\\\/uploads\\\/2025\\\/01\\\/Un-destino-da-raggiungere-Valentina-Cibien.jpg\",\"width\":390,\"height\":568},{\"@type\":\"BreadcrumbList\",\"@id\":\"https:\\\/\\\/www.bellunopress.it\\\/2025\\\/01\\\/12\\\/un-destino-da-raggiungere-presentazione-del-libro-di-valentina-cibien-venerdi-a-fonzaso\\\/#breadcrumb\",\"itemListElement\":[{\"@type\":\"ListItem\",\"position\":1,\"name\":\"Home\",\"item\":\"https:\\\/\\\/www.bellunopress.it\\\/\"},{\"@type\":\"ListItem\",\"position\":2,\"name\":\"Un destino da raggiungere. Presentazione del libro di Valentina Cibien venerd\u00ec a Fonzaso\"}]},{\"@type\":\"WebSite\",\"@id\":\"https:\\\/\\\/www.bellunopress.it\\\/#website\",\"url\":\"https:\\\/\\\/www.bellunopress.it\\\/\",\"name\":\"Bellunopress - Dolomiti\",\"description\":\"e-mail: redazione@bellunopress.it\",\"publisher\":{\"@id\":\"https:\\\/\\\/www.bellunopress.it\\\/#organization\"},\"potentialAction\":[{\"@type\":\"SearchAction\",\"target\":{\"@type\":\"EntryPoint\",\"urlTemplate\":\"https:\\\/\\\/www.bellunopress.it\\\/?s={search_term_string}\"},\"query-input\":{\"@type\":\"PropertyValueSpecification\",\"valueRequired\":true,\"valueName\":\"search_term_string\"}}],\"inLanguage\":\"fr-FR\"},{\"@type\":\"Organization\",\"@id\":\"https:\\\/\\\/www.bellunopress.it\\\/#organization\",\"name\":\"Bellunopress\",\"url\":\"https:\\\/\\\/www.bellunopress.it\\\/\",\"logo\":{\"@type\":\"ImageObject\",\"inLanguage\":\"fr-FR\",\"@id\":\"https:\\\/\\\/www.bellunopress.it\\\/#\\\/schema\\\/logo\\\/image\\\/\",\"url\":\"https:\\\/\\\/www.bellunopress.it\\\/wp-content\\\/uploads\\\/2011\\\/05\\\/cropped-logo-bellunopress-.jpg\",\"contentUrl\":\"https:\\\/\\\/www.bellunopress.it\\\/wp-content\\\/uploads\\\/2011\\\/05\\\/cropped-logo-bellunopress-.jpg\",\"width\":512,\"height\":512,\"caption\":\"Bellunopress\"},\"image\":{\"@id\":\"https:\\\/\\\/www.bellunopress.it\\\/#\\\/schema\\\/logo\\\/image\\\/\"},\"sameAs\":[\"https:\\\/\\\/www.facebook.com\\\/profile.php?id=100008943462799\",\"https:\\\/\\\/x.com\\\/bellunopress\",\"https:\\\/\\\/www.linkedin.com\\\/hp\\\/?dnr=JBzUWaJfMUw8vbXJJ2tVW5-I3jZKvC4wsoxE&amp;amp;amp;amp;amp;amp;trk=nav_responsive_tab_home\",\"https:\\\/\\\/www.youtube.com\\\/channel\\\/UCxL0wu1uN0_3_7hGG0306cw\"]},{\"@type\":\"Person\",\"@id\":\"https:\\\/\\\/www.bellunopress.it\\\/#\\\/schema\\\/person\\\/79bb06722b37ece1c03d3e94beb30d73\",\"name\":\"redazione\",\"image\":{\"@type\":\"ImageObject\",\"inLanguage\":\"fr-FR\",\"@id\":\"https:\\\/\\\/secure.gravatar.com\\\/avatar\\\/37d968a2e67a6fd04c169c4bdef102d0bc5d31b2546345219e348575eb80e9a0?s=96&d=mm&r=g\",\"url\":\"https:\\\/\\\/secure.gravatar.com\\\/avatar\\\/37d968a2e67a6fd04c169c4bdef102d0bc5d31b2546345219e348575eb80e9a0?s=96&d=mm&r=g\",\"contentUrl\":\"https:\\\/\\\/secure.gravatar.com\\\/avatar\\\/37d968a2e67a6fd04c169c4bdef102d0bc5d31b2546345219e348575eb80e9a0?s=96&d=mm&r=g\",\"caption\":\"redazione\"},\"sameAs\":[\"http:\\\/\\\/www.bellunopress.it\",\"https:\\\/\\\/x.com\\\/bellunopress\"],\"url\":\"https:\\\/\\\/www.bellunopress.it\\\/fr\\\/author\\\/redazione\\\/\"}]}<\/script>\n<!-- \/ Yoast SEO plugin. -->","yoast_head_json":{"title":"Un destino da raggiungere. Presentazione del libro di Valentina Cibien venerd\u00ec a Fonzaso - Bellunopress - Dolomiti","robots":{"index":"index","follow":"follow","max-snippet":"max-snippet:-1","max-image-preview":"max-image-preview:large","max-video-preview":"max-video-preview:-1"},"canonical":"https:\/\/www.bellunopress.it\/fr\/2025\/01\/12\/un-destino-da-raggiungere-presentazione-del-libro-di-valentina-cibien-venerdi-a-fonzaso\/","og_locale":"fr_FR","og_type":"article","og_title":"Un destino da raggiungere. Presentazione del libro di Valentina Cibien venerd\u00ec a Fonzaso - Bellunopress - Dolomiti","og_description":"Presentazione del libro &#8220;Un destino da raggiungere&#8221; (Atile Edizioni), di Valentina Cibien,\u00a0 venerd\u00ec 17 gennaio 2025 alle ore 20:30 nella Sala del Municipio di Fonzaso in piazza 1\u00b0 novembre 14. L&#8217;autrice bellunese al suo debutto nel mondo della letteratura, parla con il cuore in mano e forti sentimenti contrastanti, di una giovane e determinata donna [&hellip;]","og_url":"https:\/\/www.bellunopress.it\/fr\/2025\/01\/12\/un-destino-da-raggiungere-presentazione-del-libro-di-valentina-cibien-venerdi-a-fonzaso\/","og_site_name":"Bellunopress - Dolomiti","article_publisher":"https:\/\/www.facebook.com\/profile.php?id=100008943462799","article_published_time":"2025-01-12T12:59:48+00:00","og_image":[{"width":390,"height":568,"url":"https:\/\/www.bellunopress.it\/wp-content\/uploads\/2025\/01\/Un-destino-da-raggiungere-Valentina-Cibien.jpg","type":"image\/jpeg"}],"author":"redazione","twitter_card":"summary_large_image","twitter_creator":"@bellunopress","twitter_site":"@bellunopress","twitter_misc":{"\u00c9crit par":"redazione","Dur\u00e9e de lecture estim\u00e9e":"1 minute"},"schema":{"@context":"https:\/\/schema.org","@graph":[{"@type":"Article","@id":"https:\/\/www.bellunopress.it\/2025\/01\/12\/un-destino-da-raggiungere-presentazione-del-libro-di-valentina-cibien-venerdi-a-fonzaso\/#article","isPartOf":{"@id":"https:\/\/www.bellunopress.it\/2025\/01\/12\/un-destino-da-raggiungere-presentazione-del-libro-di-valentina-cibien-venerdi-a-fonzaso\/"},"author":{"name":"redazione","@id":"https:\/\/www.bellunopress.it\/#\/schema\/person\/79bb06722b37ece1c03d3e94beb30d73"},"headline":"Un destino da raggiungere. Presentazione del libro di Valentina Cibien venerd\u00ec a Fonzaso","datePublished":"2025-01-12T12:59:48+00:00","mainEntityOfPage":{"@id":"https:\/\/www.bellunopress.it\/2025\/01\/12\/un-destino-da-raggiungere-presentazione-del-libro-di-valentina-cibien-venerdi-a-fonzaso\/"},"wordCount":126,"publisher":{"@id":"https:\/\/www.bellunopress.it\/#organization"},"image":{"@id":"https:\/\/www.bellunopress.it\/2025\/01\/12\/un-destino-da-raggiungere-presentazione-del-libro-di-valentina-cibien-venerdi-a-fonzaso\/#primaryimage"},"thumbnailUrl":"https:\/\/www.bellunopress.it\/wp-content\/uploads\/2025\/01\/Un-destino-da-raggiungere-Valentina-Cibien.jpg","articleSection":["Appuntamenti, Eventi","Arte, Cultura, Spettacoli, Scienza","Pausa Caff\u00e8"],"inLanguage":"fr-FR"},{"@type":"WebPage","@id":"https:\/\/www.bellunopress.it\/2025\/01\/12\/un-destino-da-raggiungere-presentazione-del-libro-di-valentina-cibien-venerdi-a-fonzaso\/","url":"https:\/\/www.bellunopress.it\/2025\/01\/12\/un-destino-da-raggiungere-presentazione-del-libro-di-valentina-cibien-venerdi-a-fonzaso\/","name":"Un destino da raggiungere. Presentazione del libro di Valentina Cibien venerd\u00ec a Fonzaso - Bellunopress - Dolomiti","isPartOf":{"@id":"https:\/\/www.bellunopress.it\/#website"},"primaryImageOfPage":{"@id":"https:\/\/www.bellunopress.it\/2025\/01\/12\/un-destino-da-raggiungere-presentazione-del-libro-di-valentina-cibien-venerdi-a-fonzaso\/#primaryimage"},"image":{"@id":"https:\/\/www.bellunopress.it\/2025\/01\/12\/un-destino-da-raggiungere-presentazione-del-libro-di-valentina-cibien-venerdi-a-fonzaso\/#primaryimage"},"thumbnailUrl":"https:\/\/www.bellunopress.it\/wp-content\/uploads\/2025\/01\/Un-destino-da-raggiungere-Valentina-Cibien.jpg","datePublished":"2025-01-12T12:59:48+00:00","breadcrumb":{"@id":"https:\/\/www.bellunopress.it\/2025\/01\/12\/un-destino-da-raggiungere-presentazione-del-libro-di-valentina-cibien-venerdi-a-fonzaso\/#breadcrumb"},"inLanguage":"fr-FR","potentialAction":[{"@type":"ReadAction","target":["https:\/\/www.bellunopress.it\/2025\/01\/12\/un-destino-da-raggiungere-presentazione-del-libro-di-valentina-cibien-venerdi-a-fonzaso\/"]}]},{"@type":"ImageObject","inLanguage":"fr-FR","@id":"https:\/\/www.bellunopress.it\/2025\/01\/12\/un-destino-da-raggiungere-presentazione-del-libro-di-valentina-cibien-venerdi-a-fonzaso\/#primaryimage","url":"https:\/\/www.bellunopress.it\/wp-content\/uploads\/2025\/01\/Un-destino-da-raggiungere-Valentina-Cibien.jpg","contentUrl":"https:\/\/www.bellunopress.it\/wp-content\/uploads\/2025\/01\/Un-destino-da-raggiungere-Valentina-Cibien.jpg","width":390,"height":568},{"@type":"BreadcrumbList","@id":"https:\/\/www.bellunopress.it\/2025\/01\/12\/un-destino-da-raggiungere-presentazione-del-libro-di-valentina-cibien-venerdi-a-fonzaso\/#breadcrumb","itemListElement":[{"@type":"ListItem","position":1,"name":"Home","item":"https:\/\/www.bellunopress.it\/"},{"@type":"ListItem","position":2,"name":"Un destino da raggiungere. Presentazione del libro di Valentina Cibien venerd\u00ec a Fonzaso"}]},{"@type":"WebSite","@id":"https:\/\/www.bellunopress.it\/#website","url":"https:\/\/www.bellunopress.it\/","name":"Bellunopress - Dolomiti","description":"e-mail: redazione@bellunopress.it","publisher":{"@id":"https:\/\/www.bellunopress.it\/#organization"},"potentialAction":[{"@type":"SearchAction","target":{"@type":"EntryPoint","urlTemplate":"https:\/\/www.bellunopress.it\/?s={search_term_string}"},"query-input":{"@type":"PropertyValueSpecification","valueRequired":true,"valueName":"search_term_string"}}],"inLanguage":"fr-FR"},{"@type":"Organization","@id":"https:\/\/www.bellunopress.it\/#organization","name":"Bellunopress","url":"https:\/\/www.bellunopress.it\/","logo":{"@type":"ImageObject","inLanguage":"fr-FR","@id":"https:\/\/www.bellunopress.it\/#\/schema\/logo\/image\/","url":"https:\/\/www.bellunopress.it\/wp-content\/uploads\/2011\/05\/cropped-logo-bellunopress-.jpg","contentUrl":"https:\/\/www.bellunopress.it\/wp-content\/uploads\/2011\/05\/cropped-logo-bellunopress-.jpg","width":512,"height":512,"caption":"Bellunopress"},"image":{"@id":"https:\/\/www.bellunopress.it\/#\/schema\/logo\/image\/"},"sameAs":["https:\/\/www.facebook.com\/profile.php?id=100008943462799","https:\/\/x.com\/bellunopress","https:\/\/www.linkedin.com\/hp\/?dnr=JBzUWaJfMUw8vbXJJ2tVW5-I3jZKvC4wsoxE&amp;amp;amp;amp;amp;amp;trk=nav_responsive_tab_home","https:\/\/www.youtube.com\/channel\/UCxL0wu1uN0_3_7hGG0306cw"]},{"@type":"Person","@id":"https:\/\/www.bellunopress.it\/#\/schema\/person\/79bb06722b37ece1c03d3e94beb30d73","name":"r\u00e9daction","image":{"@type":"ImageObject","inLanguage":"fr-FR","@id":"https:\/\/secure.gravatar.com\/avatar\/37d968a2e67a6fd04c169c4bdef102d0bc5d31b2546345219e348575eb80e9a0?s=96&d=mm&r=g","url":"https:\/\/secure.gravatar.com\/avatar\/37d968a2e67a6fd04c169c4bdef102d0bc5d31b2546345219e348575eb80e9a0?s=96&d=mm&r=g","contentUrl":"https:\/\/secure.gravatar.com\/avatar\/37d968a2e67a6fd04c169c4bdef102d0bc5d31b2546345219e348575eb80e9a0?s=96&d=mm&r=g","caption":"redazione"},"sameAs":["http:\/\/www.bellunopress.it","https:\/\/x.com\/bellunopress"],"url":"https:\/\/www.bellunopress.it\/fr\/author\/redazione\/"}]}},"_links":{"self":[{"href":"https:\/\/www.bellunopress.it\/fr\/wp-json\/wp\/v2\/posts\/156992","targetHints":{"allow":["GET"]}}],"collection":[{"href":"https:\/\/www.bellunopress.it\/fr\/wp-json\/wp\/v2\/posts"}],"about":[{"href":"https:\/\/www.bellunopress.it\/fr\/wp-json\/wp\/v2\/types\/post"}],"author":[{"embeddable":true,"href":"https:\/\/www.bellunopress.it\/fr\/wp-json\/wp\/v2\/users\/2"}],"replies":[{"embeddable":true,"href":"https:\/\/www.bellunopress.it\/fr\/wp-json\/wp\/v2\/comments?post=156992"}],"version-history":[{"count":1,"href":"https:\/\/www.bellunopress.it\/fr\/wp-json\/wp\/v2\/posts\/156992\/revisions"}],"predecessor-version":[{"id":156994,"href":"https:\/\/www.bellunopress.it\/fr\/wp-json\/wp\/v2\/posts\/156992\/revisions\/156994"}],"wp:featuredmedia":[{"embeddable":true,"href":"https:\/\/www.bellunopress.it\/fr\/wp-json\/wp\/v2\/media\/156993"}],"wp:attachment":[{"href":"https:\/\/www.bellunopress.it\/fr\/wp-json\/wp\/v2\/media?parent=156992"}],"wp:term":[{"taxonomy":"category","embeddable":true,"href":"https:\/\/www.bellunopress.it\/fr\/wp-json\/wp\/v2\/categories?post=156992"},{"taxonomy":"post_tag","embeddable":true,"href":"https:\/\/www.bellunopress.it\/fr\/wp-json\/wp\/v2\/tags?post=156992"}],"curies":[{"name":"wp","href":"https:\/\/api.w.org\/{rel}","templated":true}]}}