{"id":156978,"date":"2025-01-11T09:11:05","date_gmt":"2025-01-11T08:11:05","guid":{"rendered":"https:\/\/www.bellunopress.it\/?p=156978"},"modified":"2025-01-11T09:11:05","modified_gmt":"2025-01-11T08:11:05","slug":"runner-bellunese-incoronato-alla-corsa-della-bora-di-trieste","status":"publish","type":"post","link":"https:\/\/www.bellunopress.it\/fr\/2025\/01\/11\/runner-bellunese-incoronato-alla-corsa-della-bora-di-trieste\/","title":{"rendered":"Runner bellunese incoronato alla Corsa della Bora di Trieste"},"content":{"rendered":"<figure id=\"attachment_156979\" aria-describedby=\"caption-attachment-156979\" style=\"width: 1000px\" class=\"wp-caption aligncenter\"><img loading=\"lazy\" decoding=\"async\" class=\"size-full wp-image-156979\" src=\"https:\/\/www.bellunopress.it\/wp-content\/uploads\/2025\/01\/Daniele-Roccon-crediti-www.fotoravenna_edited.jpg\" alt=\"\" width=\"1000\" height=\"652\" srcset=\"https:\/\/www.bellunopress.it\/wp-content\/uploads\/2025\/01\/Daniele-Roccon-crediti-www.fotoravenna_edited.jpg 1000w, https:\/\/www.bellunopress.it\/wp-content\/uploads\/2025\/01\/Daniele-Roccon-crediti-www.fotoravenna_edited-500x326.jpg 500w, https:\/\/www.bellunopress.it\/wp-content\/uploads\/2025\/01\/Daniele-Roccon-crediti-www.fotoravenna_edited-644x420.jpg 644w, https:\/\/www.bellunopress.it\/wp-content\/uploads\/2025\/01\/Daniele-Roccon-crediti-www.fotoravenna_edited-696x454.jpg 696w\" sizes=\"auto, (max-width: 1000px) 100vw, 1000px\" \/><figcaption id=\"caption-attachment-156979\" class=\"wp-caption-text\">Daniele Roccon (foto: www.fotoravenna.it)<\/figcaption><\/figure>\n<p><strong>Daniele Roccon conquista il secondo posto nella gara Borderless da 34 Km, e diventa portabandiera della citt\u00e0 di Belluno in un teatro internazionale e transfrontaliero dello sport. Quest&#8217;anno, infatti, la manifestazione ha festeggiato i dieci anni con un record di iscritti: oltre 3.000 atleti da 50 nazioni, dall&#8217;Argentina alla Slovenia<\/strong><\/p>\n<p>TRIESTE &#8211; Un runner bellunese conquista il podio alla decima edizione della Corsa della Bora, l&#8217;evento di punta del Trail running invernale in Italia organizzato dall&#8217;Asd SentieroUno di Trieste, che si \u00e8 concluso il 5 gennaio scorso. Si tratta di Daniele Roccon, affiliato alla Scuola di Maratona Vittorio Veneto. Daniele ha corso 34 Km in un tempo di 2:37:54 e ha portato a casa un meritatissimo secondo posto nella gara Borderless, diventando cos\u00ec portabandiera della citt\u00e0 di Belluno in un teatro internazionale e transfrontaliero dello sport. Quest&#8217;anno, infatti la manifestazione ha festeggiato i dieci anni con un record di iscritti: oltre 3.000 atleti da 50 nazioni, dall&#8217;Argentina alla Slovenia.<\/p>\n<p>In Veneto sono stati ben undici i premiati alla Corsa della Bora 2025. Ecco gli altri dieci atleti che hanno portato in Veneto altrettanti trofei dopo l&#8217;impresa triestina: Giulia Vinco da Verona (prima assoluta nella gara a tappe 50 + 50 Km), Diego Zanardo da Treviso, secondo nella gara regina, la Anniversary Ultra da 105 Km, Filippo Bacchin da Venezia (secondo nella 84 Km Explorer Ultra), Lucia Forte da Padova (prima donna nella 21k Half Trail), Tommaso Lotto da Vicenza (secondo nella Half Trail), Jorge Ezequiel Torres da Treviso (quinto nella Half Trail) e Anna Mariola Wiatr da Venezia, (terza nella Karst Trail, la 15 Km nel calendario nazionale Fidal). In quest&#8217;ultima gara sono stati conferiti anche premi di categoria, tra gli Under 50 hanno trionfato tre atleti da Padova: primi posti per Elena Bianzale tra le donne e Lorenzo Soligo tra gli uomini, mentre Andrea Zecchinato si \u00e8 piazzato terzo sul podio maschile degli under.<\/p>\n<p>La Corsa della Bora \u00e8 la grande gara d&#8217;inverno sul carso italiano e sloveno, con una finish line in riva al mare, nel borgo di Portopiccolo, nel Comune di Duino Aurisina in provincia di Trieste. Quest&#8217;anno le gare sono state ben nove, dalle inclusive Borin (5 Km) e Family (14,6Km) alla gara regina &#8220;Anniversary Ultra&#8221; da 105 Km, un grande percorso ad anello che ha abbracciato tutto lo spettacolare territorio carsico, anche nella versione per escursionisti divisa in due tappe da 50 Km. Una competizione fatta di itinerari mozzafiato lungo costoni rocciosi sul mare, vigneti, antichi sentieri dei pescatori, grotte e bunker della Grande Guerra e foreste da fiaba.<\/p>\n<p>Cos\u00ec il presidente dell&#8217;Asd SentieroUno Tommaso de Mottoni: &#8220;Congratulazioni a tutti gli atleti del Veneto che hanno reso ancor pi\u00f9 speciale un&#8217;edizione mai cos\u00ec partecipata. La partenza in contemporanea delle tre gare da 5, 15 e 21 Km \u00e8 stata un vero fiume di partecipanti, durata oltre cinque minuti, uno spettacolo mai visto in questi dieci anni. Siamo gi\u00e0 al lavoro per il 2026 con l&#8217;obbiettivo di unire Italia, Slovenia e Croazia&#8221;.<\/p>\n<p>L&#8217;evento \u00e8 sostenuto dalla Regione Fvg e Promoturismo, Aics, i Comuni di Trieste, Duino Aurisina &#8211; Devin Nabre\u017eina, San Dorligo della Valle \u2013 Dolina, Sgonico \u2013 Zgonik, Monrupino &#8211; Repentabor. Un evento in collaborazione con Coni e Fidal, sponsorizzato da Civibank, Tecnologie Avanzate T.A. Srl \u2013 Communication &amp; Events.<\/p>\n<p>&nbsp;<\/p>","protected":false},"excerpt":{"rendered":"<p>Daniele Roccon conquista il secondo posto nella gara Borderless da 34 Km, e diventa portabandiera della citt\u00e0 di Belluno in un teatro internazionale e transfrontaliero dello sport. Quest&#8217;anno, infatti, la manifestazione ha festeggiato i dieci anni con un record di iscritti: oltre 3.000 atleti da 50 nazioni, dall&#8217;Argentina alla Slovenia TRIESTE &#8211; Un runner bellunese [&hellip;]<\/p>\n","protected":false},"author":2,"featured_media":156979,"comment_status":"closed","ping_status":"open","sticky":false,"template":"","format":"standard","meta":{"footnotes":""},"categories":[4],"tags":[],"class_list":["post-156978","post","type-post","status-publish","format-standard","has-post-thumbnail","category-sport"],"yoast_head":"<!-- This site is optimized with the Yoast SEO plugin v28.4 - https:\/\/yoast.com\/product\/yoast-seo-wordpress\/ -->\n<title>Runner bellunese incoronato alla Corsa della Bora di Trieste - Bellunopress - Dolomiti<\/title>\n<meta name=\"robots\" content=\"index, follow, max-snippet:-1, max-image-preview:large, max-video-preview:-1\" \/>\n<link rel=\"canonical\" href=\"https:\/\/www.bellunopress.it\/fr\/2025\/01\/11\/runner-bellunese-incoronato-alla-corsa-della-bora-di-trieste\/\" \/>\n<meta property=\"og:locale\" content=\"fr_FR\" \/>\n<meta property=\"og:type\" content=\"article\" \/>\n<meta property=\"og:title\" content=\"Runner bellunese incoronato alla Corsa della Bora di Trieste - Bellunopress - Dolomiti\" \/>\n<meta property=\"og:description\" content=\"Daniele Roccon conquista il secondo posto nella gara Borderless da 34 Km, e diventa portabandiera della citt\u00e0 di Belluno in un teatro internazionale e transfrontaliero dello sport. Quest&#8217;anno, infatti, la manifestazione ha festeggiato i dieci anni con un record di iscritti: oltre 3.000 atleti da 50 nazioni, dall&#8217;Argentina alla Slovenia TRIESTE &#8211; Un runner bellunese [&hellip;]\" \/>\n<meta property=\"og:url\" content=\"https:\/\/www.bellunopress.it\/fr\/2025\/01\/11\/runner-bellunese-incoronato-alla-corsa-della-bora-di-trieste\/\" \/>\n<meta property=\"og:site_name\" content=\"Bellunopress - Dolomiti\" \/>\n<meta property=\"article:publisher\" content=\"https:\/\/www.facebook.com\/profile.php?id=100008943462799\" \/>\n<meta property=\"article:published_time\" content=\"2025-01-11T08:11:05+00:00\" \/>\n<meta property=\"og:image\" content=\"https:\/\/www.bellunopress.it\/wp-content\/uploads\/2025\/01\/Daniele-Roccon-crediti-www.fotoravenna_edited.jpg\" \/>\n\t<meta property=\"og:image:width\" content=\"1000\" \/>\n\t<meta property=\"og:image:height\" content=\"652\" \/>\n\t<meta property=\"og:image:type\" content=\"image\/jpeg\" \/>\n<meta name=\"author\" content=\"redazione\" \/>\n<meta name=\"twitter:card\" content=\"summary_large_image\" \/>\n<meta name=\"twitter:creator\" content=\"@bellunopress\" \/>\n<meta name=\"twitter:site\" content=\"@bellunopress\" \/>\n<meta name=\"twitter:label1\" content=\"\u00c9crit par\" \/>\n\t<meta name=\"twitter:data1\" content=\"redazione\" \/>\n\t<meta name=\"twitter:label2\" content=\"Dur\u00e9e de lecture estim\u00e9e\" \/>\n\t<meta name=\"twitter:data2\" content=\"3 minutes\" \/>\n<script type=\"application\/ld+json\" class=\"yoast-schema-graph\">{\"@context\":\"https:\\\/\\\/schema.org\",\"@graph\":[{\"@type\":\"Article\",\"@id\":\"https:\\\/\\\/www.bellunopress.it\\\/2025\\\/01\\\/11\\\/runner-bellunese-incoronato-alla-corsa-della-bora-di-trieste\\\/#article\",\"isPartOf\":{\"@id\":\"https:\\\/\\\/www.bellunopress.it\\\/2025\\\/01\\\/11\\\/runner-bellunese-incoronato-alla-corsa-della-bora-di-trieste\\\/\"},\"author\":{\"name\":\"redazione\",\"@id\":\"https:\\\/\\\/www.bellunopress.it\\\/#\\\/schema\\\/person\\\/79bb06722b37ece1c03d3e94beb30d73\"},\"headline\":\"Runner bellunese incoronato alla Corsa della Bora di Trieste\",\"datePublished\":\"2025-01-11T08:11:05+00:00\",\"mainEntityOfPage\":{\"@id\":\"https:\\\/\\\/www.bellunopress.it\\\/2025\\\/01\\\/11\\\/runner-bellunese-incoronato-alla-corsa-della-bora-di-trieste\\\/\"},\"wordCount\":553,\"publisher\":{\"@id\":\"https:\\\/\\\/www.bellunopress.it\\\/#organization\"},\"image\":{\"@id\":\"https:\\\/\\\/www.bellunopress.it\\\/2025\\\/01\\\/11\\\/runner-bellunese-incoronato-alla-corsa-della-bora-di-trieste\\\/#primaryimage\"},\"thumbnailUrl\":\"https:\\\/\\\/www.bellunopress.it\\\/wp-content\\\/uploads\\\/2025\\\/01\\\/Daniele-Roccon-crediti-www.fotoravenna_edited.jpg\",\"articleSection\":[\"Sport, tempo libero\"],\"inLanguage\":\"fr-FR\"},{\"@type\":\"WebPage\",\"@id\":\"https:\\\/\\\/www.bellunopress.it\\\/2025\\\/01\\\/11\\\/runner-bellunese-incoronato-alla-corsa-della-bora-di-trieste\\\/\",\"url\":\"https:\\\/\\\/www.bellunopress.it\\\/2025\\\/01\\\/11\\\/runner-bellunese-incoronato-alla-corsa-della-bora-di-trieste\\\/\",\"name\":\"Runner bellunese incoronato alla Corsa della Bora di Trieste - Bellunopress - Dolomiti\",\"isPartOf\":{\"@id\":\"https:\\\/\\\/www.bellunopress.it\\\/#website\"},\"primaryImageOfPage\":{\"@id\":\"https:\\\/\\\/www.bellunopress.it\\\/2025\\\/01\\\/11\\\/runner-bellunese-incoronato-alla-corsa-della-bora-di-trieste\\\/#primaryimage\"},\"image\":{\"@id\":\"https:\\\/\\\/www.bellunopress.it\\\/2025\\\/01\\\/11\\\/runner-bellunese-incoronato-alla-corsa-della-bora-di-trieste\\\/#primaryimage\"},\"thumbnailUrl\":\"https:\\\/\\\/www.bellunopress.it\\\/wp-content\\\/uploads\\\/2025\\\/01\\\/Daniele-Roccon-crediti-www.fotoravenna_edited.jpg\",\"datePublished\":\"2025-01-11T08:11:05+00:00\",\"breadcrumb\":{\"@id\":\"https:\\\/\\\/www.bellunopress.it\\\/2025\\\/01\\\/11\\\/runner-bellunese-incoronato-alla-corsa-della-bora-di-trieste\\\/#breadcrumb\"},\"inLanguage\":\"fr-FR\",\"potentialAction\":[{\"@type\":\"ReadAction\",\"target\":[\"https:\\\/\\\/www.bellunopress.it\\\/2025\\\/01\\\/11\\\/runner-bellunese-incoronato-alla-corsa-della-bora-di-trieste\\\/\"]}]},{\"@type\":\"ImageObject\",\"inLanguage\":\"fr-FR\",\"@id\":\"https:\\\/\\\/www.bellunopress.it\\\/2025\\\/01\\\/11\\\/runner-bellunese-incoronato-alla-corsa-della-bora-di-trieste\\\/#primaryimage\",\"url\":\"https:\\\/\\\/www.bellunopress.it\\\/wp-content\\\/uploads\\\/2025\\\/01\\\/Daniele-Roccon-crediti-www.fotoravenna_edited.jpg\",\"contentUrl\":\"https:\\\/\\\/www.bellunopress.it\\\/wp-content\\\/uploads\\\/2025\\\/01\\\/Daniele-Roccon-crediti-www.fotoravenna_edited.jpg\",\"width\":1000,\"height\":652,\"caption\":\"Daniele Roccon (foto: www.fotoravenna.it)\"},{\"@type\":\"BreadcrumbList\",\"@id\":\"https:\\\/\\\/www.bellunopress.it\\\/2025\\\/01\\\/11\\\/runner-bellunese-incoronato-alla-corsa-della-bora-di-trieste\\\/#breadcrumb\",\"itemListElement\":[{\"@type\":\"ListItem\",\"position\":1,\"name\":\"Home\",\"item\":\"https:\\\/\\\/www.bellunopress.it\\\/\"},{\"@type\":\"ListItem\",\"position\":2,\"name\":\"Runner bellunese incoronato alla Corsa della Bora di Trieste\"}]},{\"@type\":\"WebSite\",\"@id\":\"https:\\\/\\\/www.bellunopress.it\\\/#website\",\"url\":\"https:\\\/\\\/www.bellunopress.it\\\/\",\"name\":\"Bellunopress - Dolomiti\",\"description\":\"e-mail: redazione@bellunopress.it\",\"publisher\":{\"@id\":\"https:\\\/\\\/www.bellunopress.it\\\/#organization\"},\"potentialAction\":[{\"@type\":\"SearchAction\",\"target\":{\"@type\":\"EntryPoint\",\"urlTemplate\":\"https:\\\/\\\/www.bellunopress.it\\\/?s={search_term_string}\"},\"query-input\":{\"@type\":\"PropertyValueSpecification\",\"valueRequired\":true,\"valueName\":\"search_term_string\"}}],\"inLanguage\":\"fr-FR\"},{\"@type\":\"Organization\",\"@id\":\"https:\\\/\\\/www.bellunopress.it\\\/#organization\",\"name\":\"Bellunopress\",\"url\":\"https:\\\/\\\/www.bellunopress.it\\\/\",\"logo\":{\"@type\":\"ImageObject\",\"inLanguage\":\"fr-FR\",\"@id\":\"https:\\\/\\\/www.bellunopress.it\\\/#\\\/schema\\\/logo\\\/image\\\/\",\"url\":\"https:\\\/\\\/www.bellunopress.it\\\/wp-content\\\/uploads\\\/2011\\\/05\\\/cropped-logo-bellunopress-.jpg\",\"contentUrl\":\"https:\\\/\\\/www.bellunopress.it\\\/wp-content\\\/uploads\\\/2011\\\/05\\\/cropped-logo-bellunopress-.jpg\",\"width\":512,\"height\":512,\"caption\":\"Bellunopress\"},\"image\":{\"@id\":\"https:\\\/\\\/www.bellunopress.it\\\/#\\\/schema\\\/logo\\\/image\\\/\"},\"sameAs\":[\"https:\\\/\\\/www.facebook.com\\\/profile.php?id=100008943462799\",\"https:\\\/\\\/x.com\\\/bellunopress\",\"https:\\\/\\\/www.linkedin.com\\\/hp\\\/?dnr=JBzUWaJfMUw8vbXJJ2tVW5-I3jZKvC4wsoxE&amp;amp;amp;amp;amp;amp;trk=nav_responsive_tab_home\",\"https:\\\/\\\/www.youtube.com\\\/channel\\\/UCxL0wu1uN0_3_7hGG0306cw\"]},{\"@type\":\"Person\",\"@id\":\"https:\\\/\\\/www.bellunopress.it\\\/#\\\/schema\\\/person\\\/79bb06722b37ece1c03d3e94beb30d73\",\"name\":\"redazione\",\"image\":{\"@type\":\"ImageObject\",\"inLanguage\":\"fr-FR\",\"@id\":\"https:\\\/\\\/secure.gravatar.com\\\/avatar\\\/37d968a2e67a6fd04c169c4bdef102d0bc5d31b2546345219e348575eb80e9a0?s=96&d=mm&r=g\",\"url\":\"https:\\\/\\\/secure.gravatar.com\\\/avatar\\\/37d968a2e67a6fd04c169c4bdef102d0bc5d31b2546345219e348575eb80e9a0?s=96&d=mm&r=g\",\"contentUrl\":\"https:\\\/\\\/secure.gravatar.com\\\/avatar\\\/37d968a2e67a6fd04c169c4bdef102d0bc5d31b2546345219e348575eb80e9a0?s=96&d=mm&r=g\",\"caption\":\"redazione\"},\"sameAs\":[\"http:\\\/\\\/www.bellunopress.it\",\"https:\\\/\\\/x.com\\\/bellunopress\"],\"url\":\"https:\\\/\\\/www.bellunopress.it\\\/fr\\\/author\\\/redazione\\\/\"}]}<\/script>\n<!-- \/ Yoast SEO plugin. -->","yoast_head_json":{"title":"Runner bellunese incoronato alla Corsa della Bora di Trieste - Bellunopress - Dolomiti","robots":{"index":"index","follow":"follow","max-snippet":"max-snippet:-1","max-image-preview":"max-image-preview:large","max-video-preview":"max-video-preview:-1"},"canonical":"https:\/\/www.bellunopress.it\/fr\/2025\/01\/11\/runner-bellunese-incoronato-alla-corsa-della-bora-di-trieste\/","og_locale":"fr_FR","og_type":"article","og_title":"Runner bellunese incoronato alla Corsa della Bora di Trieste - Bellunopress - Dolomiti","og_description":"Daniele Roccon conquista il secondo posto nella gara Borderless da 34 Km, e diventa portabandiera della citt\u00e0 di Belluno in un teatro internazionale e transfrontaliero dello sport. Quest&#8217;anno, infatti, la manifestazione ha festeggiato i dieci anni con un record di iscritti: oltre 3.000 atleti da 50 nazioni, dall&#8217;Argentina alla Slovenia TRIESTE &#8211; Un runner bellunese [&hellip;]","og_url":"https:\/\/www.bellunopress.it\/fr\/2025\/01\/11\/runner-bellunese-incoronato-alla-corsa-della-bora-di-trieste\/","og_site_name":"Bellunopress - Dolomiti","article_publisher":"https:\/\/www.facebook.com\/profile.php?id=100008943462799","article_published_time":"2025-01-11T08:11:05+00:00","og_image":[{"width":1000,"height":652,"url":"https:\/\/www.bellunopress.it\/wp-content\/uploads\/2025\/01\/Daniele-Roccon-crediti-www.fotoravenna_edited.jpg","type":"image\/jpeg"}],"author":"redazione","twitter_card":"summary_large_image","twitter_creator":"@bellunopress","twitter_site":"@bellunopress","twitter_misc":{"\u00c9crit par":"redazione","Dur\u00e9e de lecture estim\u00e9e":"3 minutes"},"schema":{"@context":"https:\/\/schema.org","@graph":[{"@type":"Article","@id":"https:\/\/www.bellunopress.it\/2025\/01\/11\/runner-bellunese-incoronato-alla-corsa-della-bora-di-trieste\/#article","isPartOf":{"@id":"https:\/\/www.bellunopress.it\/2025\/01\/11\/runner-bellunese-incoronato-alla-corsa-della-bora-di-trieste\/"},"author":{"name":"redazione","@id":"https:\/\/www.bellunopress.it\/#\/schema\/person\/79bb06722b37ece1c03d3e94beb30d73"},"headline":"Runner bellunese incoronato alla Corsa della Bora di Trieste","datePublished":"2025-01-11T08:11:05+00:00","mainEntityOfPage":{"@id":"https:\/\/www.bellunopress.it\/2025\/01\/11\/runner-bellunese-incoronato-alla-corsa-della-bora-di-trieste\/"},"wordCount":553,"publisher":{"@id":"https:\/\/www.bellunopress.it\/#organization"},"image":{"@id":"https:\/\/www.bellunopress.it\/2025\/01\/11\/runner-bellunese-incoronato-alla-corsa-della-bora-di-trieste\/#primaryimage"},"thumbnailUrl":"https:\/\/www.bellunopress.it\/wp-content\/uploads\/2025\/01\/Daniele-Roccon-crediti-www.fotoravenna_edited.jpg","articleSection":["Sport, tempo libero"],"inLanguage":"fr-FR"},{"@type":"WebPage","@id":"https:\/\/www.bellunopress.it\/2025\/01\/11\/runner-bellunese-incoronato-alla-corsa-della-bora-di-trieste\/","url":"https:\/\/www.bellunopress.it\/2025\/01\/11\/runner-bellunese-incoronato-alla-corsa-della-bora-di-trieste\/","name":"Runner bellunese incoronato alla Corsa della Bora di Trieste - Bellunopress - Dolomiti","isPartOf":{"@id":"https:\/\/www.bellunopress.it\/#website"},"primaryImageOfPage":{"@id":"https:\/\/www.bellunopress.it\/2025\/01\/11\/runner-bellunese-incoronato-alla-corsa-della-bora-di-trieste\/#primaryimage"},"image":{"@id":"https:\/\/www.bellunopress.it\/2025\/01\/11\/runner-bellunese-incoronato-alla-corsa-della-bora-di-trieste\/#primaryimage"},"thumbnailUrl":"https:\/\/www.bellunopress.it\/wp-content\/uploads\/2025\/01\/Daniele-Roccon-crediti-www.fotoravenna_edited.jpg","datePublished":"2025-01-11T08:11:05+00:00","breadcrumb":{"@id":"https:\/\/www.bellunopress.it\/2025\/01\/11\/runner-bellunese-incoronato-alla-corsa-della-bora-di-trieste\/#breadcrumb"},"inLanguage":"fr-FR","potentialAction":[{"@type":"ReadAction","target":["https:\/\/www.bellunopress.it\/2025\/01\/11\/runner-bellunese-incoronato-alla-corsa-della-bora-di-trieste\/"]}]},{"@type":"ImageObject","inLanguage":"fr-FR","@id":"https:\/\/www.bellunopress.it\/2025\/01\/11\/runner-bellunese-incoronato-alla-corsa-della-bora-di-trieste\/#primaryimage","url":"https:\/\/www.bellunopress.it\/wp-content\/uploads\/2025\/01\/Daniele-Roccon-crediti-www.fotoravenna_edited.jpg","contentUrl":"https:\/\/www.bellunopress.it\/wp-content\/uploads\/2025\/01\/Daniele-Roccon-crediti-www.fotoravenna_edited.jpg","width":1000,"height":652,"caption":"Daniele Roccon (foto: www.fotoravenna.it)"},{"@type":"BreadcrumbList","@id":"https:\/\/www.bellunopress.it\/2025\/01\/11\/runner-bellunese-incoronato-alla-corsa-della-bora-di-trieste\/#breadcrumb","itemListElement":[{"@type":"ListItem","position":1,"name":"Home","item":"https:\/\/www.bellunopress.it\/"},{"@type":"ListItem","position":2,"name":"Runner bellunese incoronato alla Corsa della Bora di Trieste"}]},{"@type":"WebSite","@id":"https:\/\/www.bellunopress.it\/#website","url":"https:\/\/www.bellunopress.it\/","name":"Bellunopress - Dolomiti","description":"e-mail: redazione@bellunopress.it","publisher":{"@id":"https:\/\/www.bellunopress.it\/#organization"},"potentialAction":[{"@type":"SearchAction","target":{"@type":"EntryPoint","urlTemplate":"https:\/\/www.bellunopress.it\/?s={search_term_string}"},"query-input":{"@type":"PropertyValueSpecification","valueRequired":true,"valueName":"search_term_string"}}],"inLanguage":"fr-FR"},{"@type":"Organization","@id":"https:\/\/www.bellunopress.it\/#organization","name":"Bellunopress","url":"https:\/\/www.bellunopress.it\/","logo":{"@type":"ImageObject","inLanguage":"fr-FR","@id":"https:\/\/www.bellunopress.it\/#\/schema\/logo\/image\/","url":"https:\/\/www.bellunopress.it\/wp-content\/uploads\/2011\/05\/cropped-logo-bellunopress-.jpg","contentUrl":"https:\/\/www.bellunopress.it\/wp-content\/uploads\/2011\/05\/cropped-logo-bellunopress-.jpg","width":512,"height":512,"caption":"Bellunopress"},"image":{"@id":"https:\/\/www.bellunopress.it\/#\/schema\/logo\/image\/"},"sameAs":["https:\/\/www.facebook.com\/profile.php?id=100008943462799","https:\/\/x.com\/bellunopress","https:\/\/www.linkedin.com\/hp\/?dnr=JBzUWaJfMUw8vbXJJ2tVW5-I3jZKvC4wsoxE&amp;amp;amp;amp;amp;amp;trk=nav_responsive_tab_home","https:\/\/www.youtube.com\/channel\/UCxL0wu1uN0_3_7hGG0306cw"]},{"@type":"Person","@id":"https:\/\/www.bellunopress.it\/#\/schema\/person\/79bb06722b37ece1c03d3e94beb30d73","name":"r\u00e9daction","image":{"@type":"ImageObject","inLanguage":"fr-FR","@id":"https:\/\/secure.gravatar.com\/avatar\/37d968a2e67a6fd04c169c4bdef102d0bc5d31b2546345219e348575eb80e9a0?s=96&d=mm&r=g","url":"https:\/\/secure.gravatar.com\/avatar\/37d968a2e67a6fd04c169c4bdef102d0bc5d31b2546345219e348575eb80e9a0?s=96&d=mm&r=g","contentUrl":"https:\/\/secure.gravatar.com\/avatar\/37d968a2e67a6fd04c169c4bdef102d0bc5d31b2546345219e348575eb80e9a0?s=96&d=mm&r=g","caption":"redazione"},"sameAs":["http:\/\/www.bellunopress.it","https:\/\/x.com\/bellunopress"],"url":"https:\/\/www.bellunopress.it\/fr\/author\/redazione\/"}]}},"_links":{"self":[{"href":"https:\/\/www.bellunopress.it\/fr\/wp-json\/wp\/v2\/posts\/156978","targetHints":{"allow":["GET"]}}],"collection":[{"href":"https:\/\/www.bellunopress.it\/fr\/wp-json\/wp\/v2\/posts"}],"about":[{"href":"https:\/\/www.bellunopress.it\/fr\/wp-json\/wp\/v2\/types\/post"}],"author":[{"embeddable":true,"href":"https:\/\/www.bellunopress.it\/fr\/wp-json\/wp\/v2\/users\/2"}],"replies":[{"embeddable":true,"href":"https:\/\/www.bellunopress.it\/fr\/wp-json\/wp\/v2\/comments?post=156978"}],"version-history":[{"count":1,"href":"https:\/\/www.bellunopress.it\/fr\/wp-json\/wp\/v2\/posts\/156978\/revisions"}],"predecessor-version":[{"id":156980,"href":"https:\/\/www.bellunopress.it\/fr\/wp-json\/wp\/v2\/posts\/156978\/revisions\/156980"}],"wp:featuredmedia":[{"embeddable":true,"href":"https:\/\/www.bellunopress.it\/fr\/wp-json\/wp\/v2\/media\/156979"}],"wp:attachment":[{"href":"https:\/\/www.bellunopress.it\/fr\/wp-json\/wp\/v2\/media?parent=156978"}],"wp:term":[{"taxonomy":"category","embeddable":true,"href":"https:\/\/www.bellunopress.it\/fr\/wp-json\/wp\/v2\/categories?post=156978"},{"taxonomy":"post_tag","embeddable":true,"href":"https:\/\/www.bellunopress.it\/fr\/wp-json\/wp\/v2\/tags?post=156978"}],"curies":[{"name":"wp","href":"https:\/\/api.w.org\/{rel}","templated":true}]}}