{"id":156976,"date":"2025-01-10T17:54:47","date_gmt":"2025-01-10T16:54:47","guid":{"rendered":"https:\/\/www.bellunopress.it\/?p=156976"},"modified":"2025-01-10T17:54:47","modified_gmt":"2025-01-10T16:54:47","slug":"ecofollie-ecoansia-ed-ecoparalisi","status":"publish","type":"post","link":"https:\/\/www.bellunopress.it\/fr\/2025\/01\/10\/ecofollie-ecoansia-ed-ecoparalisi\/","title":{"rendered":"Ecofollie, ecoansia ed ecoparalisi"},"content":{"rendered":"<p><img loading=\"lazy\" decoding=\"async\" class=\"aligncenter size-full wp-image-115193\" src=\"https:\/\/www.bellunopress.it\/wp-content\/uploads\/2020\/06\/rifugio-auronzo-tre-cime-di-lavaredo-estate-2020_edited.jpg\" alt=\"\" width=\"800\" height=\"565\" srcset=\"https:\/\/www.bellunopress.it\/wp-content\/uploads\/2020\/06\/rifugio-auronzo-tre-cime-di-lavaredo-estate-2020_edited.jpg 800w, https:\/\/www.bellunopress.it\/wp-content\/uploads\/2020\/06\/rifugio-auronzo-tre-cime-di-lavaredo-estate-2020_edited-500x353.jpg 500w, https:\/\/www.bellunopress.it\/wp-content\/uploads\/2020\/06\/rifugio-auronzo-tre-cime-di-lavaredo-estate-2020_edited-696x492.jpg 696w, https:\/\/www.bellunopress.it\/wp-content\/uploads\/2020\/06\/rifugio-auronzo-tre-cime-di-lavaredo-estate-2020_edited-595x420.jpg 595w, https:\/\/www.bellunopress.it\/wp-content\/uploads\/2020\/06\/rifugio-auronzo-tre-cime-di-lavaredo-estate-2020_edited-100x70.jpg 100w\" sizes=\"auto, (max-width: 800px) 100vw, 800px\" \/>Pochi giorni fa ho avuto l\u2019occasione di parlare con due giovani universitarie bellunesi, con le quali il discorso \u00e8 rapidamente scivolato sul cambiamento climatico. Concordemente hanno detto che sono ecofollie non parlare e non scrivere di questo argomento, che abbiamo incombente sulla testa, che non possiamo dimenticare e che condiziona l\u2019umore della giornata, le prospettive di una futura professione e le scelte possibili di una nuova famiglia. Si sentono isolate e senza riferimenti dopo che non possono pi\u00f9 contare sui discorsi e sulle proteste organizzate da Greta Thunberg.<\/p>\n<p>Poco pi\u00f9 di un anno fa a Belluno, nei primi giorni del dicembre 2023 l&#8217;associazione LIBERAL di Rosalba Schenal con la collaborazione del dott. Raffaele Addamiano e l&#8217;intervento di due relatori, Stefano Bruno Galli e Francesco Giubilei, ha illustrato molti esempi di follie organizzate nel mondo intero sullo sfondo di problematiche ambientali. In quel caso ecofollie venivano considerati alcuni provvedimenti valutati illogici o irrilevanti per un fenomeno di discutibile importanza. Su questo incontro il giorno dopo Bellunopress ha pubblicato un mio articolo col titolo \u201cEcofollie e Antropocene\u201d nel quale ad eventuali follie ecologiste veniva contrapposta la realt\u00e0 di un nuovo periodo gi\u00e0 battezzato da tempo \u201cantropocene\u201d, che inizia per convenzione con le bombe atomiche sul Giappone, e che ci porta progressivamente ai giorni nostri. Giorni in cui domina sottotraccia e inespresso il pensiero del cambiamento climatico e del futuro che ci aspetta. Ci\u00f2 perch\u00e9 stampa, radio e Tv non ne parlano, perch\u00e9 non \u00e8 gradito alla grande industria che vuole seguitare a sfruttare al massimo l&#8217;ambiente per i suoi mercati e perch\u00e9 non \u00e8 gradito alla politica che crede ancora stupidamente nella crescita senza fine del PIL.<br \/>\nIn una sola pagina si potrebbero concentrare le spiegazioni fisico-chimiche del riscaldamento climatico, le motivazioni per cui non se ne vuole parlare da almeno un secolo, il carattere predatorio ed egoista dell&#8217;animale uomo (con l&#8217;aggravante sapiens) e i risultati che potrebbe darci oggi la Scienza, se si volesse usarla esclusivamente per risolvere il problema dell&#8217;eccesso di CO2 e non per tutte le possibili armi da guerra e tutti i possibili consumi non necessari o inutili.<\/p>\n<p>Le due giovani universitarie bellunesi, l\u2019una di ingegneria e l\u2019altra di medicina, mi hanno parlato di ecoansia: invece di essere un motore per stimolarle ad affrontare energicamente il problema, provoca piuttosto una paralisi della azione nella consapevolezza che il mondo non intende fare alcunch\u00e9 per salvarci dalla crisi climatica. Si pu\u00f2 concludere che i giovani sentono acutamente sulla propria pelle il problema, considerano una follia non dibatterlo, avvertono ansiosamente le implicazioni per il loro futuro ma sono paralizzati dalla inerzia del mondo<br \/>\nPer affrontare il problema \u00e8 chiaro che si imporrebbe una transizione rapida e forse violenta verso una economia priva di combustibili fossili ma potrebbe avvenire soltanto all\u2019insegna della collaborazione tra tutti i paesi del mondo, con la eliminazione delle volont\u00e0 imperialistiche e delle guerre: al momento attuale questo sembra essere il sogno pi\u00f9 irreale. Come se le maggiori Potenze del mondo, consapevoli delle problematiche ambientali, volessero accaparrarsi tutto il possibile in vista di una crisi imminente. Saremmo invece ancora in tempo per realizzare il recupero del nostro Bene Comune pi\u00f9 prezioso, la Terra su cui poggiamo i piedi, lavorando tutti INSIEME con un fortissimo impiego di uomini e mezzi per un nuovo orientamento della economia del mondo sulle linee guida che la SCIENZA pu\u00f2 riservarci. Troppo bello!<\/p>\n<p>Filiberto Dal Molin<\/p>\n<p>&nbsp;<\/p>","protected":false},"excerpt":{"rendered":"<p>Pochi giorni fa ho avuto l\u2019occasione di parlare con due giovani universitarie bellunesi, con le quali il discorso \u00e8 rapidamente scivolato sul cambiamento climatico. Concordemente hanno detto che sono ecofollie non parlare e non scrivere di questo argomento, che abbiamo incombente sulla testa, che non possiamo dimenticare e che condiziona l\u2019umore della giornata, le prospettive [&hellip;]<\/p>\n","protected":false},"author":2,"featured_media":115193,"comment_status":"closed","ping_status":"open","sticky":false,"template":"","format":"standard","meta":{"footnotes":""},"categories":[3614],"tags":[],"class_list":["post-156976","post","type-post","status-publish","format-standard","has-post-thumbnail","category-controcorrente"],"yoast_head":"<!-- This site is optimized with the Yoast SEO plugin v28.4 - https:\/\/yoast.com\/product\/yoast-seo-wordpress\/ -->\n<title>Ecofollie, ecoansia ed ecoparalisi - Bellunopress - Dolomiti<\/title>\n<meta name=\"robots\" content=\"index, follow, max-snippet:-1, max-image-preview:large, max-video-preview:-1\" \/>\n<link rel=\"canonical\" href=\"https:\/\/www.bellunopress.it\/fr\/2025\/01\/10\/ecofollie-ecoansia-ed-ecoparalisi\/\" \/>\n<meta property=\"og:locale\" content=\"fr_FR\" \/>\n<meta property=\"og:type\" content=\"article\" \/>\n<meta property=\"og:title\" content=\"Ecofollie, ecoansia ed ecoparalisi - Bellunopress - Dolomiti\" \/>\n<meta property=\"og:description\" content=\"Pochi giorni fa ho avuto l\u2019occasione di parlare con due giovani universitarie bellunesi, con le quali il discorso \u00e8 rapidamente scivolato sul cambiamento climatico. Concordemente hanno detto che sono ecofollie non parlare e non scrivere di questo argomento, che abbiamo incombente sulla testa, che non possiamo dimenticare e che condiziona l\u2019umore della giornata, le prospettive [&hellip;]\" \/>\n<meta property=\"og:url\" content=\"https:\/\/www.bellunopress.it\/fr\/2025\/01\/10\/ecofollie-ecoansia-ed-ecoparalisi\/\" \/>\n<meta property=\"og:site_name\" content=\"Bellunopress - Dolomiti\" \/>\n<meta property=\"article:publisher\" content=\"https:\/\/www.facebook.com\/profile.php?id=100008943462799\" \/>\n<meta property=\"article:published_time\" content=\"2025-01-10T16:54:47+00:00\" \/>\n<meta property=\"og:image\" content=\"https:\/\/www.bellunopress.it\/wp-content\/uploads\/2020\/06\/rifugio-auronzo-tre-cime-di-lavaredo-estate-2020_edited.jpg\" \/>\n\t<meta property=\"og:image:width\" content=\"800\" \/>\n\t<meta property=\"og:image:height\" content=\"565\" \/>\n\t<meta property=\"og:image:type\" content=\"image\/jpeg\" \/>\n<meta name=\"author\" content=\"redazione\" \/>\n<meta name=\"twitter:card\" content=\"summary_large_image\" \/>\n<meta name=\"twitter:creator\" content=\"@bellunopress\" \/>\n<meta name=\"twitter:site\" content=\"@bellunopress\" \/>\n<meta name=\"twitter:label1\" content=\"Written by\" \/>\n\t<meta name=\"twitter:data1\" content=\"redazione\" \/>\n\t<meta name=\"twitter:label2\" content=\"Est. reading time\" \/>\n\t<meta name=\"twitter:data2\" content=\"3 minutes\" \/>\n<script type=\"application\/ld+json\" class=\"yoast-schema-graph\">{\"@context\":\"https:\\\/\\\/schema.org\",\"@graph\":[{\"@type\":\"Article\",\"@id\":\"https:\\\/\\\/www.bellunopress.it\\\/2025\\\/01\\\/10\\\/ecofollie-ecoansia-ed-ecoparalisi\\\/#article\",\"isPartOf\":{\"@id\":\"https:\\\/\\\/www.bellunopress.it\\\/2025\\\/01\\\/10\\\/ecofollie-ecoansia-ed-ecoparalisi\\\/\"},\"author\":{\"name\":\"redazione\",\"@id\":\"https:\\\/\\\/www.bellunopress.it\\\/#\\\/schema\\\/person\\\/79bb06722b37ece1c03d3e94beb30d73\"},\"headline\":\"Ecofollie, ecoansia ed ecoparalisi\",\"datePublished\":\"2025-01-10T16:54:47+00:00\",\"mainEntityOfPage\":{\"@id\":\"https:\\\/\\\/www.bellunopress.it\\\/2025\\\/01\\\/10\\\/ecofollie-ecoansia-ed-ecoparalisi\\\/\"},\"wordCount\":573,\"publisher\":{\"@id\":\"https:\\\/\\\/www.bellunopress.it\\\/#organization\"},\"image\":{\"@id\":\"https:\\\/\\\/www.bellunopress.it\\\/2025\\\/01\\\/10\\\/ecofollie-ecoansia-ed-ecoparalisi\\\/#primaryimage\"},\"thumbnailUrl\":\"https:\\\/\\\/www.bellunopress.it\\\/wp-content\\\/uploads\\\/2020\\\/06\\\/rifugio-auronzo-tre-cime-di-lavaredo-estate-2020_edited.jpg\",\"articleSection\":[\"Controcorrente Dr Filiberto Dal Molin\"],\"inLanguage\":\"fr-FR\"},{\"@type\":\"WebPage\",\"@id\":\"https:\\\/\\\/www.bellunopress.it\\\/2025\\\/01\\\/10\\\/ecofollie-ecoansia-ed-ecoparalisi\\\/\",\"url\":\"https:\\\/\\\/www.bellunopress.it\\\/2025\\\/01\\\/10\\\/ecofollie-ecoansia-ed-ecoparalisi\\\/\",\"name\":\"Ecofollie, ecoansia ed ecoparalisi - Bellunopress - Dolomiti\",\"isPartOf\":{\"@id\":\"https:\\\/\\\/www.bellunopress.it\\\/#website\"},\"primaryImageOfPage\":{\"@id\":\"https:\\\/\\\/www.bellunopress.it\\\/2025\\\/01\\\/10\\\/ecofollie-ecoansia-ed-ecoparalisi\\\/#primaryimage\"},\"image\":{\"@id\":\"https:\\\/\\\/www.bellunopress.it\\\/2025\\\/01\\\/10\\\/ecofollie-ecoansia-ed-ecoparalisi\\\/#primaryimage\"},\"thumbnailUrl\":\"https:\\\/\\\/www.bellunopress.it\\\/wp-content\\\/uploads\\\/2020\\\/06\\\/rifugio-auronzo-tre-cime-di-lavaredo-estate-2020_edited.jpg\",\"datePublished\":\"2025-01-10T16:54:47+00:00\",\"breadcrumb\":{\"@id\":\"https:\\\/\\\/www.bellunopress.it\\\/2025\\\/01\\\/10\\\/ecofollie-ecoansia-ed-ecoparalisi\\\/#breadcrumb\"},\"inLanguage\":\"fr-FR\",\"potentialAction\":[{\"@type\":\"ReadAction\",\"target\":[\"https:\\\/\\\/www.bellunopress.it\\\/2025\\\/01\\\/10\\\/ecofollie-ecoansia-ed-ecoparalisi\\\/\"]}]},{\"@type\":\"ImageObject\",\"inLanguage\":\"fr-FR\",\"@id\":\"https:\\\/\\\/www.bellunopress.it\\\/2025\\\/01\\\/10\\\/ecofollie-ecoansia-ed-ecoparalisi\\\/#primaryimage\",\"url\":\"https:\\\/\\\/www.bellunopress.it\\\/wp-content\\\/uploads\\\/2020\\\/06\\\/rifugio-auronzo-tre-cime-di-lavaredo-estate-2020_edited.jpg\",\"contentUrl\":\"https:\\\/\\\/www.bellunopress.it\\\/wp-content\\\/uploads\\\/2020\\\/06\\\/rifugio-auronzo-tre-cime-di-lavaredo-estate-2020_edited.jpg\",\"width\":800,\"height\":565},{\"@type\":\"BreadcrumbList\",\"@id\":\"https:\\\/\\\/www.bellunopress.it\\\/2025\\\/01\\\/10\\\/ecofollie-ecoansia-ed-ecoparalisi\\\/#breadcrumb\",\"itemListElement\":[{\"@type\":\"ListItem\",\"position\":1,\"name\":\"Home\",\"item\":\"https:\\\/\\\/www.bellunopress.it\\\/\"},{\"@type\":\"ListItem\",\"position\":2,\"name\":\"Ecofollie, ecoansia ed ecoparalisi\"}]},{\"@type\":\"WebSite\",\"@id\":\"https:\\\/\\\/www.bellunopress.it\\\/#website\",\"url\":\"https:\\\/\\\/www.bellunopress.it\\\/\",\"name\":\"Bellunopress - Dolomiti\",\"description\":\"e-mail: redazione@bellunopress.it\",\"publisher\":{\"@id\":\"https:\\\/\\\/www.bellunopress.it\\\/#organization\"},\"potentialAction\":[{\"@type\":\"SearchAction\",\"target\":{\"@type\":\"EntryPoint\",\"urlTemplate\":\"https:\\\/\\\/www.bellunopress.it\\\/?s={search_term_string}\"},\"query-input\":{\"@type\":\"PropertyValueSpecification\",\"valueRequired\":true,\"valueName\":\"search_term_string\"}}],\"inLanguage\":\"fr-FR\"},{\"@type\":\"Organization\",\"@id\":\"https:\\\/\\\/www.bellunopress.it\\\/#organization\",\"name\":\"Bellunopress\",\"url\":\"https:\\\/\\\/www.bellunopress.it\\\/\",\"logo\":{\"@type\":\"ImageObject\",\"inLanguage\":\"fr-FR\",\"@id\":\"https:\\\/\\\/www.bellunopress.it\\\/#\\\/schema\\\/logo\\\/image\\\/\",\"url\":\"https:\\\/\\\/www.bellunopress.it\\\/wp-content\\\/uploads\\\/2011\\\/05\\\/cropped-logo-bellunopress-.jpg\",\"contentUrl\":\"https:\\\/\\\/www.bellunopress.it\\\/wp-content\\\/uploads\\\/2011\\\/05\\\/cropped-logo-bellunopress-.jpg\",\"width\":512,\"height\":512,\"caption\":\"Bellunopress\"},\"image\":{\"@id\":\"https:\\\/\\\/www.bellunopress.it\\\/#\\\/schema\\\/logo\\\/image\\\/\"},\"sameAs\":[\"https:\\\/\\\/www.facebook.com\\\/profile.php?id=100008943462799\",\"https:\\\/\\\/x.com\\\/bellunopress\",\"https:\\\/\\\/www.linkedin.com\\\/hp\\\/?dnr=JBzUWaJfMUw8vbXJJ2tVW5-I3jZKvC4wsoxE&amp;amp;amp;amp;amp;amp;trk=nav_responsive_tab_home\",\"https:\\\/\\\/www.youtube.com\\\/channel\\\/UCxL0wu1uN0_3_7hGG0306cw\"]},{\"@type\":\"Person\",\"@id\":\"https:\\\/\\\/www.bellunopress.it\\\/#\\\/schema\\\/person\\\/79bb06722b37ece1c03d3e94beb30d73\",\"name\":\"redazione\",\"image\":{\"@type\":\"ImageObject\",\"inLanguage\":\"fr-FR\",\"@id\":\"https:\\\/\\\/secure.gravatar.com\\\/avatar\\\/37d968a2e67a6fd04c169c4bdef102d0bc5d31b2546345219e348575eb80e9a0?s=96&d=mm&r=g\",\"url\":\"https:\\\/\\\/secure.gravatar.com\\\/avatar\\\/37d968a2e67a6fd04c169c4bdef102d0bc5d31b2546345219e348575eb80e9a0?s=96&d=mm&r=g\",\"contentUrl\":\"https:\\\/\\\/secure.gravatar.com\\\/avatar\\\/37d968a2e67a6fd04c169c4bdef102d0bc5d31b2546345219e348575eb80e9a0?s=96&d=mm&r=g\",\"caption\":\"redazione\"},\"sameAs\":[\"http:\\\/\\\/www.bellunopress.it\",\"https:\\\/\\\/x.com\\\/bellunopress\"],\"url\":\"https:\\\/\\\/www.bellunopress.it\\\/fr\\\/author\\\/redazione\\\/\"}]}<\/script>\n<!-- \/ Yoast SEO plugin. -->","yoast_head_json":{"title":"Ecofollie, ecoansia ed ecoparalisi - Bellunopress - Dolomiti","robots":{"index":"index","follow":"follow","max-snippet":"max-snippet:-1","max-image-preview":"max-image-preview:large","max-video-preview":"max-video-preview:-1"},"canonical":"https:\/\/www.bellunopress.it\/fr\/2025\/01\/10\/ecofollie-ecoansia-ed-ecoparalisi\/","og_locale":"fr_FR","og_type":"article","og_title":"Ecofollie, ecoansia ed ecoparalisi - Bellunopress - Dolomiti","og_description":"Pochi giorni fa ho avuto l\u2019occasione di parlare con due giovani universitarie bellunesi, con le quali il discorso \u00e8 rapidamente scivolato sul cambiamento climatico. Concordemente hanno detto che sono ecofollie non parlare e non scrivere di questo argomento, che abbiamo incombente sulla testa, che non possiamo dimenticare e che condiziona l\u2019umore della giornata, le prospettive [&hellip;]","og_url":"https:\/\/www.bellunopress.it\/fr\/2025\/01\/10\/ecofollie-ecoansia-ed-ecoparalisi\/","og_site_name":"Bellunopress - Dolomiti","article_publisher":"https:\/\/www.facebook.com\/profile.php?id=100008943462799","article_published_time":"2025-01-10T16:54:47+00:00","og_image":[{"width":800,"height":565,"url":"https:\/\/www.bellunopress.it\/wp-content\/uploads\/2020\/06\/rifugio-auronzo-tre-cime-di-lavaredo-estate-2020_edited.jpg","type":"image\/jpeg"}],"author":"redazione","twitter_card":"summary_large_image","twitter_creator":"@bellunopress","twitter_site":"@bellunopress","twitter_misc":{"Written by":"redazione","Est. reading time":"3 minutes"},"schema":{"@context":"https:\/\/schema.org","@graph":[{"@type":"Article","@id":"https:\/\/www.bellunopress.it\/2025\/01\/10\/ecofollie-ecoansia-ed-ecoparalisi\/#article","isPartOf":{"@id":"https:\/\/www.bellunopress.it\/2025\/01\/10\/ecofollie-ecoansia-ed-ecoparalisi\/"},"author":{"name":"redazione","@id":"https:\/\/www.bellunopress.it\/#\/schema\/person\/79bb06722b37ece1c03d3e94beb30d73"},"headline":"Ecofollie, ecoansia ed ecoparalisi","datePublished":"2025-01-10T16:54:47+00:00","mainEntityOfPage":{"@id":"https:\/\/www.bellunopress.it\/2025\/01\/10\/ecofollie-ecoansia-ed-ecoparalisi\/"},"wordCount":573,"publisher":{"@id":"https:\/\/www.bellunopress.it\/#organization"},"image":{"@id":"https:\/\/www.bellunopress.it\/2025\/01\/10\/ecofollie-ecoansia-ed-ecoparalisi\/#primaryimage"},"thumbnailUrl":"https:\/\/www.bellunopress.it\/wp-content\/uploads\/2020\/06\/rifugio-auronzo-tre-cime-di-lavaredo-estate-2020_edited.jpg","articleSection":["Controcorrente Dr Filiberto Dal Molin"],"inLanguage":"fr-FR"},{"@type":"WebPage","@id":"https:\/\/www.bellunopress.it\/2025\/01\/10\/ecofollie-ecoansia-ed-ecoparalisi\/","url":"https:\/\/www.bellunopress.it\/2025\/01\/10\/ecofollie-ecoansia-ed-ecoparalisi\/","name":"Ecofollie, ecoansia ed ecoparalisi - Bellunopress - Dolomiti","isPartOf":{"@id":"https:\/\/www.bellunopress.it\/#website"},"primaryImageOfPage":{"@id":"https:\/\/www.bellunopress.it\/2025\/01\/10\/ecofollie-ecoansia-ed-ecoparalisi\/#primaryimage"},"image":{"@id":"https:\/\/www.bellunopress.it\/2025\/01\/10\/ecofollie-ecoansia-ed-ecoparalisi\/#primaryimage"},"thumbnailUrl":"https:\/\/www.bellunopress.it\/wp-content\/uploads\/2020\/06\/rifugio-auronzo-tre-cime-di-lavaredo-estate-2020_edited.jpg","datePublished":"2025-01-10T16:54:47+00:00","breadcrumb":{"@id":"https:\/\/www.bellunopress.it\/2025\/01\/10\/ecofollie-ecoansia-ed-ecoparalisi\/#breadcrumb"},"inLanguage":"fr-FR","potentialAction":[{"@type":"ReadAction","target":["https:\/\/www.bellunopress.it\/2025\/01\/10\/ecofollie-ecoansia-ed-ecoparalisi\/"]}]},{"@type":"ImageObject","inLanguage":"fr-FR","@id":"https:\/\/www.bellunopress.it\/2025\/01\/10\/ecofollie-ecoansia-ed-ecoparalisi\/#primaryimage","url":"https:\/\/www.bellunopress.it\/wp-content\/uploads\/2020\/06\/rifugio-auronzo-tre-cime-di-lavaredo-estate-2020_edited.jpg","contentUrl":"https:\/\/www.bellunopress.it\/wp-content\/uploads\/2020\/06\/rifugio-auronzo-tre-cime-di-lavaredo-estate-2020_edited.jpg","width":800,"height":565},{"@type":"BreadcrumbList","@id":"https:\/\/www.bellunopress.it\/2025\/01\/10\/ecofollie-ecoansia-ed-ecoparalisi\/#breadcrumb","itemListElement":[{"@type":"ListItem","position":1,"name":"Home","item":"https:\/\/www.bellunopress.it\/"},{"@type":"ListItem","position":2,"name":"Ecofollie, ecoansia ed ecoparalisi"}]},{"@type":"WebSite","@id":"https:\/\/www.bellunopress.it\/#website","url":"https:\/\/www.bellunopress.it\/","name":"Bellunopress - Dolomiti","description":"e-mail: redazione@bellunopress.it","publisher":{"@id":"https:\/\/www.bellunopress.it\/#organization"},"potentialAction":[{"@type":"SearchAction","target":{"@type":"EntryPoint","urlTemplate":"https:\/\/www.bellunopress.it\/?s={search_term_string}"},"query-input":{"@type":"PropertyValueSpecification","valueRequired":true,"valueName":"search_term_string"}}],"inLanguage":"fr-FR"},{"@type":"Organization","@id":"https:\/\/www.bellunopress.it\/#organization","name":"Bellunopress","url":"https:\/\/www.bellunopress.it\/","logo":{"@type":"ImageObject","inLanguage":"fr-FR","@id":"https:\/\/www.bellunopress.it\/#\/schema\/logo\/image\/","url":"https:\/\/www.bellunopress.it\/wp-content\/uploads\/2011\/05\/cropped-logo-bellunopress-.jpg","contentUrl":"https:\/\/www.bellunopress.it\/wp-content\/uploads\/2011\/05\/cropped-logo-bellunopress-.jpg","width":512,"height":512,"caption":"Bellunopress"},"image":{"@id":"https:\/\/www.bellunopress.it\/#\/schema\/logo\/image\/"},"sameAs":["https:\/\/www.facebook.com\/profile.php?id=100008943462799","https:\/\/x.com\/bellunopress","https:\/\/www.linkedin.com\/hp\/?dnr=JBzUWaJfMUw8vbXJJ2tVW5-I3jZKvC4wsoxE&amp;amp;amp;amp;amp;amp;trk=nav_responsive_tab_home","https:\/\/www.youtube.com\/channel\/UCxL0wu1uN0_3_7hGG0306cw"]},{"@type":"Person","@id":"https:\/\/www.bellunopress.it\/#\/schema\/person\/79bb06722b37ece1c03d3e94beb30d73","name":"r\u00e9daction","image":{"@type":"ImageObject","inLanguage":"fr-FR","@id":"https:\/\/secure.gravatar.com\/avatar\/37d968a2e67a6fd04c169c4bdef102d0bc5d31b2546345219e348575eb80e9a0?s=96&d=mm&r=g","url":"https:\/\/secure.gravatar.com\/avatar\/37d968a2e67a6fd04c169c4bdef102d0bc5d31b2546345219e348575eb80e9a0?s=96&d=mm&r=g","contentUrl":"https:\/\/secure.gravatar.com\/avatar\/37d968a2e67a6fd04c169c4bdef102d0bc5d31b2546345219e348575eb80e9a0?s=96&d=mm&r=g","caption":"redazione"},"sameAs":["http:\/\/www.bellunopress.it","https:\/\/x.com\/bellunopress"],"url":"https:\/\/www.bellunopress.it\/fr\/author\/redazione\/"}]}},"_links":{"self":[{"href":"https:\/\/www.bellunopress.it\/fr\/wp-json\/wp\/v2\/posts\/156976","targetHints":{"allow":["GET"]}}],"collection":[{"href":"https:\/\/www.bellunopress.it\/fr\/wp-json\/wp\/v2\/posts"}],"about":[{"href":"https:\/\/www.bellunopress.it\/fr\/wp-json\/wp\/v2\/types\/post"}],"author":[{"embeddable":true,"href":"https:\/\/www.bellunopress.it\/fr\/wp-json\/wp\/v2\/users\/2"}],"replies":[{"embeddable":true,"href":"https:\/\/www.bellunopress.it\/fr\/wp-json\/wp\/v2\/comments?post=156976"}],"version-history":[{"count":1,"href":"https:\/\/www.bellunopress.it\/fr\/wp-json\/wp\/v2\/posts\/156976\/revisions"}],"predecessor-version":[{"id":156977,"href":"https:\/\/www.bellunopress.it\/fr\/wp-json\/wp\/v2\/posts\/156976\/revisions\/156977"}],"wp:featuredmedia":[{"embeddable":true,"href":"https:\/\/www.bellunopress.it\/fr\/wp-json\/wp\/v2\/media\/115193"}],"wp:attachment":[{"href":"https:\/\/www.bellunopress.it\/fr\/wp-json\/wp\/v2\/media?parent=156976"}],"wp:term":[{"taxonomy":"category","embeddable":true,"href":"https:\/\/www.bellunopress.it\/fr\/wp-json\/wp\/v2\/categories?post=156976"},{"taxonomy":"post_tag","embeddable":true,"href":"https:\/\/www.bellunopress.it\/fr\/wp-json\/wp\/v2\/tags?post=156976"}],"curies":[{"name":"wp","href":"https:\/\/api.w.org\/{rel}","templated":true}]}}