{"id":156972,"date":"2025-01-10T16:55:11","date_gmt":"2025-01-10T15:55:11","guid":{"rendered":"https:\/\/www.bellunopress.it\/?p=156972"},"modified":"2025-01-10T16:56:48","modified_gmt":"2025-01-10T15:56:48","slug":"lunedi-sciopero-dei-metalmeccaniciper-il-rinnovo-del-contratto-presidio-davanti-alla-sede-di-confindustria-belluno-dolomiti","status":"publish","type":"post","link":"https:\/\/www.bellunopress.it\/fr\/2025\/01\/10\/lunedi-sciopero-dei-metalmeccaniciper-il-rinnovo-del-contratto-presidio-davanti-alla-sede-di-confindustria-belluno-dolomiti\/","title":{"rendered":"Luned\u00ec sciopero dei metalmeccanici per il rinnovo del contratto. Presidio davanti alla sede di Confindustria Belluno Dolomiti"},"content":{"rendered":"<figure id=\"attachment_156973\" aria-describedby=\"caption-attachment-156973\" style=\"width: 1000px\" class=\"wp-caption aligncenter\"><img loading=\"lazy\" decoding=\"async\" class=\"size-full wp-image-156973\" src=\"https:\/\/www.bellunopress.it\/wp-content\/uploads\/2025\/01\/metalmeccanici-BL_edited.jpg\" alt=\"Stefano Bona, Antonio Colombo, Mauro Zuglian e Matteo Caregnato\" width=\"1000\" height=\"750\" srcset=\"https:\/\/www.bellunopress.it\/wp-content\/uploads\/2025\/01\/metalmeccanici-BL_edited.jpg 1000w, https:\/\/www.bellunopress.it\/wp-content\/uploads\/2025\/01\/metalmeccanici-BL_edited-500x375.jpg 500w, https:\/\/www.bellunopress.it\/wp-content\/uploads\/2025\/01\/metalmeccanici-BL_edited-560x420.jpg 560w, https:\/\/www.bellunopress.it\/wp-content\/uploads\/2025\/01\/metalmeccanici-BL_edited-80x60.jpg 80w, https:\/\/www.bellunopress.it\/wp-content\/uploads\/2025\/01\/metalmeccanici-BL_edited-696x522.jpg 696w\" sizes=\"auto, (max-width: 1000px) 100vw, 1000px\" \/><figcaption id=\"caption-attachment-156973\" class=\"wp-caption-text\">Stefano Bona, Antonio Colombo, Mauro Zuglian e Matteo Caregnato<\/figcaption><\/figure>\n<p>Le Segreterie provinciali di Fiom CGIL Belluno, Fim CISL Belluno-Treviso e Uilm UIL Belluno, hanno proclamato 8 ore di sciopero luned\u00ec 13 gennaio dei lavoratori metalmeccanici e presidio dalle 10 alle 12 davanti alla sede di Confindustria Belluno.<\/p>\n<p>Lo sciopero \u00e8 stato deciso dai sindacati a seguito della rottura del tavolo di trattativa per il rinnovo del Contratto Collettivo Nazionale Federmeccanica-Assistal, che si \u00e8 determinata nell&#8217;ultimo incontro del 12 novembre 2024, L&#8217;astensione dal lavoro riguarda tutti i lavoratori metalmeccanici della provincia di Belluno, a sostegno delle richieste presentate nella piattaforma unitaria e rigettate dalle associazioni imprenditoriali. Sul piatto, il rinnovo del contratto nazionale scaduto il 30 giugno dell&#8217;anno scorso e che riguarda 6.000 lavoratori nel Bellunese. Federmeccanica e Assistal hanno deciso di non rispondere alle richieste di Fim, Fiom e Uilm, creando un caos negoziale e ampliando le distanze anche sulle parti normative.<\/p>\n<p>La piattaforma unitaria presentata da Fim, Fiom e Uilm per il rinnovo del Contratto Collettivo Nazionale dei Lavoratori (CCNL) metalmeccanici per il periodo 2024-2027 propone un aumento salariale di 280 euro in tre anni, la sperimentazione dell&#8217;orario a 35 ore a parit\u00e0 di salario, incentivi per la stabilizzazione dell&#8217;occupazione e il contrasto alla precariet\u00e0, l&#8217;estensione delle ore dedicate alla formazione professionale, con un aumento da 8 a 16 ore, per favorire l&#8217;aggiornamento e la crescita delle competenze, misure specifiche in materia di salute e sicurezza e di conciliazione vita-lavoro attraverso l&#8217;introduzione di misure di welfare aziendale e di flessibilit\u00e0 oraria.<\/p>\n<p>Le associazioni datoriali hanno rigettato la proposta di aumento salariale di 280 euro in tre anni, formulata in base ai dati Istat, proponendo appena 173 euro in quattro anni. Cos\u00ec come hanno spinto per un peggioramento del meccanismo attuale di erogazione salariale, posticipando di 6 mesi il pagamento nei casi di scostamento tra inflazione prevista e consuntivata, n\u00e9 hanno considerato l&#8217;elemento di professionalit\u00e0, contrattato nel 2021, non erogato negli ultimi due aumenti contrattuali. Nessuna apertura neppure su molte parti normative, come ad esempio sulle differenze di genere, sulla riduzione dell&#8217;orario di lavoro, sullo smart working, sull&#8217;orario di lavoro, sulla stabilizzazione dei contratti precari, sull&#8217;inquadramento e sulla formazione professionale.<\/p>\n<p>&#8220;Federmeccanica e Assistal hanno messo in atto un comportamento inaccettabile \u2013 dichiarano Stefano Bona della Fiom Cgil Belluno, Matteo Caregnato della Fim Cisl Belluno Treviso e Antonino Colombo della Uilm Uil Belluno \u2013 e rifiutato le nostre richieste su aumenti salariali adeguati e in linea con l&#8217;inflazione di questi anni, stabilit\u00e0 occupazionale e miglioramenti normativi per i lavoratori, inclusi quelli degli appalti. Le contropartite proposte non rispondono alle sfide economiche e sociali che il settore metalmeccanico deve affrontare. Per questo abbiamo proclamato lo stato di agitazione, con lo sciopero del 13 e una manifestazione davanti alla sede di Confindustria per sostenere le nostre istanze e difendere i diritti dei lavoratori e delle lavoratrici&#8221;.<\/p>","protected":false},"excerpt":{"rendered":"<p>Le Segreterie provinciali di Fiom CGIL Belluno, Fim CISL Belluno-Treviso e Uilm UIL Belluno, hanno proclamato 8 ore di sciopero luned\u00ec 13 gennaio dei lavoratori metalmeccanici e presidio dalle 10 alle 12 davanti alla sede di Confindustria Belluno. Lo sciopero \u00e8 stato deciso dai sindacati a seguito della rottura del tavolo di trattativa per il [&hellip;]<\/p>\n","protected":false},"author":2,"featured_media":156973,"comment_status":"closed","ping_status":"open","sticky":false,"template":"","format":"standard","meta":{"footnotes":""},"categories":[5,36,26],"tags":[],"class_list":["post-156972","post","type-post","status-publish","format-standard","has-post-thumbnail","category-cronaca","category-lavoro-economia","category-prima-pagina"],"yoast_head":"<!-- This site is optimized with the Yoast SEO plugin v28.4 - https:\/\/yoast.com\/product\/yoast-seo-wordpress\/ -->\n<title>Luned\u00ec sciopero dei metalmeccanici per il rinnovo del contratto. Presidio davanti alla sede di Confindustria Belluno Dolomiti - Bellunopress - Dolomiti<\/title>\n<meta name=\"robots\" content=\"index, follow, max-snippet:-1, max-image-preview:large, max-video-preview:-1\" \/>\n<link rel=\"canonical\" href=\"https:\/\/www.bellunopress.it\/fr\/2025\/01\/10\/lunedi-sciopero-dei-metalmeccaniciper-il-rinnovo-del-contratto-presidio-davanti-alla-sede-di-confindustria-belluno-dolomiti\/\" \/>\n<meta property=\"og:locale\" content=\"fr_FR\" \/>\n<meta property=\"og:type\" content=\"article\" \/>\n<meta property=\"og:title\" content=\"Luned\u00ec sciopero dei metalmeccanici per il rinnovo del contratto. Presidio davanti alla sede di Confindustria Belluno Dolomiti - Bellunopress - Dolomiti\" \/>\n<meta property=\"og:description\" content=\"Le Segreterie provinciali di Fiom CGIL Belluno, Fim CISL Belluno-Treviso e Uilm UIL Belluno, hanno proclamato 8 ore di sciopero luned\u00ec 13 gennaio dei lavoratori metalmeccanici e presidio dalle 10 alle 12 davanti alla sede di Confindustria Belluno. Lo sciopero \u00e8 stato deciso dai sindacati a seguito della rottura del tavolo di trattativa per il [&hellip;]\" \/>\n<meta property=\"og:url\" content=\"https:\/\/www.bellunopress.it\/fr\/2025\/01\/10\/lunedi-sciopero-dei-metalmeccaniciper-il-rinnovo-del-contratto-presidio-davanti-alla-sede-di-confindustria-belluno-dolomiti\/\" \/>\n<meta property=\"og:site_name\" content=\"Bellunopress - Dolomiti\" \/>\n<meta property=\"article:publisher\" content=\"https:\/\/www.facebook.com\/profile.php?id=100008943462799\" \/>\n<meta property=\"article:published_time\" content=\"2025-01-10T15:55:11+00:00\" \/>\n<meta property=\"article:modified_time\" content=\"2025-01-10T15:56:48+00:00\" \/>\n<meta property=\"og:image\" content=\"https:\/\/www.bellunopress.it\/wp-content\/uploads\/2025\/01\/metalmeccanici-BL_edited.jpg\" \/>\n\t<meta property=\"og:image:width\" content=\"1000\" \/>\n\t<meta property=\"og:image:height\" content=\"750\" \/>\n\t<meta property=\"og:image:type\" content=\"image\/jpeg\" \/>\n<meta name=\"author\" content=\"redazione\" \/>\n<meta name=\"twitter:card\" content=\"summary_large_image\" \/>\n<meta name=\"twitter:creator\" content=\"@bellunopress\" \/>\n<meta name=\"twitter:site\" content=\"@bellunopress\" \/>\n<meta name=\"twitter:label1\" content=\"\u00c9crit par\" \/>\n\t<meta name=\"twitter:data1\" content=\"redazione\" \/>\n\t<meta name=\"twitter:label2\" content=\"Dur\u00e9e de lecture estim\u00e9e\" \/>\n\t<meta name=\"twitter:data2\" content=\"2 minutes\" \/>\n<script type=\"application\/ld+json\" class=\"yoast-schema-graph\">{\"@context\":\"https:\\\/\\\/schema.org\",\"@graph\":[{\"@type\":\"Article\",\"@id\":\"https:\\\/\\\/www.bellunopress.it\\\/2025\\\/01\\\/10\\\/lunedi-sciopero-dei-metalmeccaniciper-il-rinnovo-del-contratto-presidio-davanti-alla-sede-di-confindustria-belluno-dolomiti\\\/#article\",\"isPartOf\":{\"@id\":\"https:\\\/\\\/www.bellunopress.it\\\/2025\\\/01\\\/10\\\/lunedi-sciopero-dei-metalmeccaniciper-il-rinnovo-del-contratto-presidio-davanti-alla-sede-di-confindustria-belluno-dolomiti\\\/\"},\"author\":{\"name\":\"redazione\",\"@id\":\"https:\\\/\\\/www.bellunopress.it\\\/#\\\/schema\\\/person\\\/79bb06722b37ece1c03d3e94beb30d73\"},\"headline\":\"Luned\u00ec sciopero dei metalmeccanici per il rinnovo del contratto. Presidio davanti alla sede di Confindustria Belluno Dolomiti\",\"datePublished\":\"2025-01-10T15:55:11+00:00\",\"dateModified\":\"2025-01-10T15:56:48+00:00\",\"mainEntityOfPage\":{\"@id\":\"https:\\\/\\\/www.bellunopress.it\\\/2025\\\/01\\\/10\\\/lunedi-sciopero-dei-metalmeccaniciper-il-rinnovo-del-contratto-presidio-davanti-alla-sede-di-confindustria-belluno-dolomiti\\\/\"},\"wordCount\":489,\"publisher\":{\"@id\":\"https:\\\/\\\/www.bellunopress.it\\\/#organization\"},\"image\":{\"@id\":\"https:\\\/\\\/www.bellunopress.it\\\/2025\\\/01\\\/10\\\/lunedi-sciopero-dei-metalmeccaniciper-il-rinnovo-del-contratto-presidio-davanti-alla-sede-di-confindustria-belluno-dolomiti\\\/#primaryimage\"},\"thumbnailUrl\":\"https:\\\/\\\/www.bellunopress.it\\\/wp-content\\\/uploads\\\/2025\\\/01\\\/metalmeccanici-BL_edited.jpg\",\"articleSection\":[\"Cronaca\\\/Politica\",\"Lavoro, Economia, Turismo\",\"Prima Pagina\"],\"inLanguage\":\"fr-FR\"},{\"@type\":\"WebPage\",\"@id\":\"https:\\\/\\\/www.bellunopress.it\\\/2025\\\/01\\\/10\\\/lunedi-sciopero-dei-metalmeccaniciper-il-rinnovo-del-contratto-presidio-davanti-alla-sede-di-confindustria-belluno-dolomiti\\\/\",\"url\":\"https:\\\/\\\/www.bellunopress.it\\\/2025\\\/01\\\/10\\\/lunedi-sciopero-dei-metalmeccaniciper-il-rinnovo-del-contratto-presidio-davanti-alla-sede-di-confindustria-belluno-dolomiti\\\/\",\"name\":\"Luned\u00ec sciopero dei metalmeccanici per il rinnovo del contratto. Presidio davanti alla sede di Confindustria Belluno Dolomiti - Bellunopress - Dolomiti\",\"isPartOf\":{\"@id\":\"https:\\\/\\\/www.bellunopress.it\\\/#website\"},\"primaryImageOfPage\":{\"@id\":\"https:\\\/\\\/www.bellunopress.it\\\/2025\\\/01\\\/10\\\/lunedi-sciopero-dei-metalmeccaniciper-il-rinnovo-del-contratto-presidio-davanti-alla-sede-di-confindustria-belluno-dolomiti\\\/#primaryimage\"},\"image\":{\"@id\":\"https:\\\/\\\/www.bellunopress.it\\\/2025\\\/01\\\/10\\\/lunedi-sciopero-dei-metalmeccaniciper-il-rinnovo-del-contratto-presidio-davanti-alla-sede-di-confindustria-belluno-dolomiti\\\/#primaryimage\"},\"thumbnailUrl\":\"https:\\\/\\\/www.bellunopress.it\\\/wp-content\\\/uploads\\\/2025\\\/01\\\/metalmeccanici-BL_edited.jpg\",\"datePublished\":\"2025-01-10T15:55:11+00:00\",\"dateModified\":\"2025-01-10T15:56:48+00:00\",\"breadcrumb\":{\"@id\":\"https:\\\/\\\/www.bellunopress.it\\\/2025\\\/01\\\/10\\\/lunedi-sciopero-dei-metalmeccaniciper-il-rinnovo-del-contratto-presidio-davanti-alla-sede-di-confindustria-belluno-dolomiti\\\/#breadcrumb\"},\"inLanguage\":\"fr-FR\",\"potentialAction\":[{\"@type\":\"ReadAction\",\"target\":[\"https:\\\/\\\/www.bellunopress.it\\\/2025\\\/01\\\/10\\\/lunedi-sciopero-dei-metalmeccaniciper-il-rinnovo-del-contratto-presidio-davanti-alla-sede-di-confindustria-belluno-dolomiti\\\/\"]}]},{\"@type\":\"ImageObject\",\"inLanguage\":\"fr-FR\",\"@id\":\"https:\\\/\\\/www.bellunopress.it\\\/2025\\\/01\\\/10\\\/lunedi-sciopero-dei-metalmeccaniciper-il-rinnovo-del-contratto-presidio-davanti-alla-sede-di-confindustria-belluno-dolomiti\\\/#primaryimage\",\"url\":\"https:\\\/\\\/www.bellunopress.it\\\/wp-content\\\/uploads\\\/2025\\\/01\\\/metalmeccanici-BL_edited.jpg\",\"contentUrl\":\"https:\\\/\\\/www.bellunopress.it\\\/wp-content\\\/uploads\\\/2025\\\/01\\\/metalmeccanici-BL_edited.jpg\",\"width\":1000,\"height\":750,\"caption\":\"Stefano Bona, Antonio Colombo, Mauro Zuglian e Matteo Caregnato\"},{\"@type\":\"BreadcrumbList\",\"@id\":\"https:\\\/\\\/www.bellunopress.it\\\/2025\\\/01\\\/10\\\/lunedi-sciopero-dei-metalmeccaniciper-il-rinnovo-del-contratto-presidio-davanti-alla-sede-di-confindustria-belluno-dolomiti\\\/#breadcrumb\",\"itemListElement\":[{\"@type\":\"ListItem\",\"position\":1,\"name\":\"Home\",\"item\":\"https:\\\/\\\/www.bellunopress.it\\\/\"},{\"@type\":\"ListItem\",\"position\":2,\"name\":\"Luned\u00ec sciopero dei metalmeccanici per il rinnovo del contratto. Presidio davanti alla sede di Confindustria Belluno Dolomiti\"}]},{\"@type\":\"WebSite\",\"@id\":\"https:\\\/\\\/www.bellunopress.it\\\/#website\",\"url\":\"https:\\\/\\\/www.bellunopress.it\\\/\",\"name\":\"Bellunopress - Dolomiti\",\"description\":\"e-mail: redazione@bellunopress.it\",\"publisher\":{\"@id\":\"https:\\\/\\\/www.bellunopress.it\\\/#organization\"},\"potentialAction\":[{\"@type\":\"SearchAction\",\"target\":{\"@type\":\"EntryPoint\",\"urlTemplate\":\"https:\\\/\\\/www.bellunopress.it\\\/?s={search_term_string}\"},\"query-input\":{\"@type\":\"PropertyValueSpecification\",\"valueRequired\":true,\"valueName\":\"search_term_string\"}}],\"inLanguage\":\"fr-FR\"},{\"@type\":\"Organization\",\"@id\":\"https:\\\/\\\/www.bellunopress.it\\\/#organization\",\"name\":\"Bellunopress\",\"url\":\"https:\\\/\\\/www.bellunopress.it\\\/\",\"logo\":{\"@type\":\"ImageObject\",\"inLanguage\":\"fr-FR\",\"@id\":\"https:\\\/\\\/www.bellunopress.it\\\/#\\\/schema\\\/logo\\\/image\\\/\",\"url\":\"https:\\\/\\\/www.bellunopress.it\\\/wp-content\\\/uploads\\\/2011\\\/05\\\/cropped-logo-bellunopress-.jpg\",\"contentUrl\":\"https:\\\/\\\/www.bellunopress.it\\\/wp-content\\\/uploads\\\/2011\\\/05\\\/cropped-logo-bellunopress-.jpg\",\"width\":512,\"height\":512,\"caption\":\"Bellunopress\"},\"image\":{\"@id\":\"https:\\\/\\\/www.bellunopress.it\\\/#\\\/schema\\\/logo\\\/image\\\/\"},\"sameAs\":[\"https:\\\/\\\/www.facebook.com\\\/profile.php?id=100008943462799\",\"https:\\\/\\\/x.com\\\/bellunopress\",\"https:\\\/\\\/www.linkedin.com\\\/hp\\\/?dnr=JBzUWaJfMUw8vbXJJ2tVW5-I3jZKvC4wsoxE&amp;amp;amp;amp;amp;amp;trk=nav_responsive_tab_home\",\"https:\\\/\\\/www.youtube.com\\\/channel\\\/UCxL0wu1uN0_3_7hGG0306cw\"]},{\"@type\":\"Person\",\"@id\":\"https:\\\/\\\/www.bellunopress.it\\\/#\\\/schema\\\/person\\\/79bb06722b37ece1c03d3e94beb30d73\",\"name\":\"redazione\",\"image\":{\"@type\":\"ImageObject\",\"inLanguage\":\"fr-FR\",\"@id\":\"https:\\\/\\\/secure.gravatar.com\\\/avatar\\\/37d968a2e67a6fd04c169c4bdef102d0bc5d31b2546345219e348575eb80e9a0?s=96&d=mm&r=g\",\"url\":\"https:\\\/\\\/secure.gravatar.com\\\/avatar\\\/37d968a2e67a6fd04c169c4bdef102d0bc5d31b2546345219e348575eb80e9a0?s=96&d=mm&r=g\",\"contentUrl\":\"https:\\\/\\\/secure.gravatar.com\\\/avatar\\\/37d968a2e67a6fd04c169c4bdef102d0bc5d31b2546345219e348575eb80e9a0?s=96&d=mm&r=g\",\"caption\":\"redazione\"},\"sameAs\":[\"http:\\\/\\\/www.bellunopress.it\",\"https:\\\/\\\/x.com\\\/bellunopress\"],\"url\":\"https:\\\/\\\/www.bellunopress.it\\\/fr\\\/author\\\/redazione\\\/\"}]}<\/script>\n<!-- \/ Yoast SEO plugin. -->","yoast_head_json":{"title":"Luned\u00ec sciopero dei metalmeccanici per il rinnovo del contratto. Presidio davanti alla sede di Confindustria Belluno Dolomiti - Bellunopress - Dolomiti","robots":{"index":"index","follow":"follow","max-snippet":"max-snippet:-1","max-image-preview":"max-image-preview:large","max-video-preview":"max-video-preview:-1"},"canonical":"https:\/\/www.bellunopress.it\/fr\/2025\/01\/10\/lunedi-sciopero-dei-metalmeccaniciper-il-rinnovo-del-contratto-presidio-davanti-alla-sede-di-confindustria-belluno-dolomiti\/","og_locale":"fr_FR","og_type":"article","og_title":"Luned\u00ec sciopero dei metalmeccanici per il rinnovo del contratto. Presidio davanti alla sede di Confindustria Belluno Dolomiti - Bellunopress - Dolomiti","og_description":"Le Segreterie provinciali di Fiom CGIL Belluno, Fim CISL Belluno-Treviso e Uilm UIL Belluno, hanno proclamato 8 ore di sciopero luned\u00ec 13 gennaio dei lavoratori metalmeccanici e presidio dalle 10 alle 12 davanti alla sede di Confindustria Belluno. Lo sciopero \u00e8 stato deciso dai sindacati a seguito della rottura del tavolo di trattativa per il [&hellip;]","og_url":"https:\/\/www.bellunopress.it\/fr\/2025\/01\/10\/lunedi-sciopero-dei-metalmeccaniciper-il-rinnovo-del-contratto-presidio-davanti-alla-sede-di-confindustria-belluno-dolomiti\/","og_site_name":"Bellunopress - Dolomiti","article_publisher":"https:\/\/www.facebook.com\/profile.php?id=100008943462799","article_published_time":"2025-01-10T15:55:11+00:00","article_modified_time":"2025-01-10T15:56:48+00:00","og_image":[{"width":1000,"height":750,"url":"https:\/\/www.bellunopress.it\/wp-content\/uploads\/2025\/01\/metalmeccanici-BL_edited.jpg","type":"image\/jpeg"}],"author":"redazione","twitter_card":"summary_large_image","twitter_creator":"@bellunopress","twitter_site":"@bellunopress","twitter_misc":{"\u00c9crit par":"redazione","Dur\u00e9e de lecture estim\u00e9e":"2 minutes"},"schema":{"@context":"https:\/\/schema.org","@graph":[{"@type":"Article","@id":"https:\/\/www.bellunopress.it\/2025\/01\/10\/lunedi-sciopero-dei-metalmeccaniciper-il-rinnovo-del-contratto-presidio-davanti-alla-sede-di-confindustria-belluno-dolomiti\/#article","isPartOf":{"@id":"https:\/\/www.bellunopress.it\/2025\/01\/10\/lunedi-sciopero-dei-metalmeccaniciper-il-rinnovo-del-contratto-presidio-davanti-alla-sede-di-confindustria-belluno-dolomiti\/"},"author":{"name":"redazione","@id":"https:\/\/www.bellunopress.it\/#\/schema\/person\/79bb06722b37ece1c03d3e94beb30d73"},"headline":"Luned\u00ec sciopero dei metalmeccanici per il rinnovo del contratto. Presidio davanti alla sede di Confindustria Belluno Dolomiti","datePublished":"2025-01-10T15:55:11+00:00","dateModified":"2025-01-10T15:56:48+00:00","mainEntityOfPage":{"@id":"https:\/\/www.bellunopress.it\/2025\/01\/10\/lunedi-sciopero-dei-metalmeccaniciper-il-rinnovo-del-contratto-presidio-davanti-alla-sede-di-confindustria-belluno-dolomiti\/"},"wordCount":489,"publisher":{"@id":"https:\/\/www.bellunopress.it\/#organization"},"image":{"@id":"https:\/\/www.bellunopress.it\/2025\/01\/10\/lunedi-sciopero-dei-metalmeccaniciper-il-rinnovo-del-contratto-presidio-davanti-alla-sede-di-confindustria-belluno-dolomiti\/#primaryimage"},"thumbnailUrl":"https:\/\/www.bellunopress.it\/wp-content\/uploads\/2025\/01\/metalmeccanici-BL_edited.jpg","articleSection":["Cronaca\/Politica","Lavoro, Economia, Turismo","Prima Pagina"],"inLanguage":"fr-FR"},{"@type":"WebPage","@id":"https:\/\/www.bellunopress.it\/2025\/01\/10\/lunedi-sciopero-dei-metalmeccaniciper-il-rinnovo-del-contratto-presidio-davanti-alla-sede-di-confindustria-belluno-dolomiti\/","url":"https:\/\/www.bellunopress.it\/2025\/01\/10\/lunedi-sciopero-dei-metalmeccaniciper-il-rinnovo-del-contratto-presidio-davanti-alla-sede-di-confindustria-belluno-dolomiti\/","name":"Luned\u00ec sciopero dei metalmeccanici per il rinnovo del contratto. Presidio davanti alla sede di Confindustria Belluno Dolomiti - Bellunopress - Dolomiti","isPartOf":{"@id":"https:\/\/www.bellunopress.it\/#website"},"primaryImageOfPage":{"@id":"https:\/\/www.bellunopress.it\/2025\/01\/10\/lunedi-sciopero-dei-metalmeccaniciper-il-rinnovo-del-contratto-presidio-davanti-alla-sede-di-confindustria-belluno-dolomiti\/#primaryimage"},"image":{"@id":"https:\/\/www.bellunopress.it\/2025\/01\/10\/lunedi-sciopero-dei-metalmeccaniciper-il-rinnovo-del-contratto-presidio-davanti-alla-sede-di-confindustria-belluno-dolomiti\/#primaryimage"},"thumbnailUrl":"https:\/\/www.bellunopress.it\/wp-content\/uploads\/2025\/01\/metalmeccanici-BL_edited.jpg","datePublished":"2025-01-10T15:55:11+00:00","dateModified":"2025-01-10T15:56:48+00:00","breadcrumb":{"@id":"https:\/\/www.bellunopress.it\/2025\/01\/10\/lunedi-sciopero-dei-metalmeccaniciper-il-rinnovo-del-contratto-presidio-davanti-alla-sede-di-confindustria-belluno-dolomiti\/#breadcrumb"},"inLanguage":"fr-FR","potentialAction":[{"@type":"ReadAction","target":["https:\/\/www.bellunopress.it\/2025\/01\/10\/lunedi-sciopero-dei-metalmeccaniciper-il-rinnovo-del-contratto-presidio-davanti-alla-sede-di-confindustria-belluno-dolomiti\/"]}]},{"@type":"ImageObject","inLanguage":"fr-FR","@id":"https:\/\/www.bellunopress.it\/2025\/01\/10\/lunedi-sciopero-dei-metalmeccaniciper-il-rinnovo-del-contratto-presidio-davanti-alla-sede-di-confindustria-belluno-dolomiti\/#primaryimage","url":"https:\/\/www.bellunopress.it\/wp-content\/uploads\/2025\/01\/metalmeccanici-BL_edited.jpg","contentUrl":"https:\/\/www.bellunopress.it\/wp-content\/uploads\/2025\/01\/metalmeccanici-BL_edited.jpg","width":1000,"height":750,"caption":"Stefano Bona, Antonio Colombo, Mauro Zuglian e Matteo Caregnato"},{"@type":"BreadcrumbList","@id":"https:\/\/www.bellunopress.it\/2025\/01\/10\/lunedi-sciopero-dei-metalmeccaniciper-il-rinnovo-del-contratto-presidio-davanti-alla-sede-di-confindustria-belluno-dolomiti\/#breadcrumb","itemListElement":[{"@type":"ListItem","position":1,"name":"Home","item":"https:\/\/www.bellunopress.it\/"},{"@type":"ListItem","position":2,"name":"Luned\u00ec sciopero dei metalmeccanici per il rinnovo del contratto. Presidio davanti alla sede di Confindustria Belluno Dolomiti"}]},{"@type":"WebSite","@id":"https:\/\/www.bellunopress.it\/#website","url":"https:\/\/www.bellunopress.it\/","name":"Bellunopress - Dolomiti","description":"e-mail: redazione@bellunopress.it","publisher":{"@id":"https:\/\/www.bellunopress.it\/#organization"},"potentialAction":[{"@type":"SearchAction","target":{"@type":"EntryPoint","urlTemplate":"https:\/\/www.bellunopress.it\/?s={search_term_string}"},"query-input":{"@type":"PropertyValueSpecification","valueRequired":true,"valueName":"search_term_string"}}],"inLanguage":"fr-FR"},{"@type":"Organization","@id":"https:\/\/www.bellunopress.it\/#organization","name":"Bellunopress","url":"https:\/\/www.bellunopress.it\/","logo":{"@type":"ImageObject","inLanguage":"fr-FR","@id":"https:\/\/www.bellunopress.it\/#\/schema\/logo\/image\/","url":"https:\/\/www.bellunopress.it\/wp-content\/uploads\/2011\/05\/cropped-logo-bellunopress-.jpg","contentUrl":"https:\/\/www.bellunopress.it\/wp-content\/uploads\/2011\/05\/cropped-logo-bellunopress-.jpg","width":512,"height":512,"caption":"Bellunopress"},"image":{"@id":"https:\/\/www.bellunopress.it\/#\/schema\/logo\/image\/"},"sameAs":["https:\/\/www.facebook.com\/profile.php?id=100008943462799","https:\/\/x.com\/bellunopress","https:\/\/www.linkedin.com\/hp\/?dnr=JBzUWaJfMUw8vbXJJ2tVW5-I3jZKvC4wsoxE&amp;amp;amp;amp;amp;amp;trk=nav_responsive_tab_home","https:\/\/www.youtube.com\/channel\/UCxL0wu1uN0_3_7hGG0306cw"]},{"@type":"Person","@id":"https:\/\/www.bellunopress.it\/#\/schema\/person\/79bb06722b37ece1c03d3e94beb30d73","name":"r\u00e9daction","image":{"@type":"ImageObject","inLanguage":"fr-FR","@id":"https:\/\/secure.gravatar.com\/avatar\/37d968a2e67a6fd04c169c4bdef102d0bc5d31b2546345219e348575eb80e9a0?s=96&d=mm&r=g","url":"https:\/\/secure.gravatar.com\/avatar\/37d968a2e67a6fd04c169c4bdef102d0bc5d31b2546345219e348575eb80e9a0?s=96&d=mm&r=g","contentUrl":"https:\/\/secure.gravatar.com\/avatar\/37d968a2e67a6fd04c169c4bdef102d0bc5d31b2546345219e348575eb80e9a0?s=96&d=mm&r=g","caption":"redazione"},"sameAs":["http:\/\/www.bellunopress.it","https:\/\/x.com\/bellunopress"],"url":"https:\/\/www.bellunopress.it\/fr\/author\/redazione\/"}]}},"_links":{"self":[{"href":"https:\/\/www.bellunopress.it\/fr\/wp-json\/wp\/v2\/posts\/156972","targetHints":{"allow":["GET"]}}],"collection":[{"href":"https:\/\/www.bellunopress.it\/fr\/wp-json\/wp\/v2\/posts"}],"about":[{"href":"https:\/\/www.bellunopress.it\/fr\/wp-json\/wp\/v2\/types\/post"}],"author":[{"embeddable":true,"href":"https:\/\/www.bellunopress.it\/fr\/wp-json\/wp\/v2\/users\/2"}],"replies":[{"embeddable":true,"href":"https:\/\/www.bellunopress.it\/fr\/wp-json\/wp\/v2\/comments?post=156972"}],"version-history":[{"count":2,"href":"https:\/\/www.bellunopress.it\/fr\/wp-json\/wp\/v2\/posts\/156972\/revisions"}],"predecessor-version":[{"id":156975,"href":"https:\/\/www.bellunopress.it\/fr\/wp-json\/wp\/v2\/posts\/156972\/revisions\/156975"}],"wp:featuredmedia":[{"embeddable":true,"href":"https:\/\/www.bellunopress.it\/fr\/wp-json\/wp\/v2\/media\/156973"}],"wp:attachment":[{"href":"https:\/\/www.bellunopress.it\/fr\/wp-json\/wp\/v2\/media?parent=156972"}],"wp:term":[{"taxonomy":"category","embeddable":true,"href":"https:\/\/www.bellunopress.it\/fr\/wp-json\/wp\/v2\/categories?post=156972"},{"taxonomy":"post_tag","embeddable":true,"href":"https:\/\/www.bellunopress.it\/fr\/wp-json\/wp\/v2\/tags?post=156972"}],"curies":[{"name":"wp","href":"https:\/\/api.w.org\/{rel}","templated":true}]}}