{"id":156969,"date":"2025-01-10T16:34:22","date_gmt":"2025-01-10T15:34:22","guid":{"rendered":"https:\/\/www.bellunopress.it\/?p=156969"},"modified":"2025-01-10T16:34:22","modified_gmt":"2025-01-10T15:34:22","slug":"in-300-al-centro-giovanni-23mo-per-orientfuturo-di-giovani-confindustria-belluno-dolomiti","status":"publish","type":"post","link":"https:\/\/www.bellunopress.it\/fr\/2025\/01\/10\/in-300-al-centro-giovanni-23mo-per-orientfuturo-di-giovani-confindustria-belluno-dolomiti\/","title":{"rendered":"In 300 al Centro Giovanni 23mo per Orient@Futuro di Giovani Confindustria Belluno Dolomiti"},"content":{"rendered":"<p><img loading=\"lazy\" decoding=\"async\" class=\"aligncenter size-full wp-image-156970\" src=\"https:\/\/www.bellunopress.it\/wp-content\/uploads\/2025\/01\/Giovanni-23.jpg\" alt=\"Confindustria Giovani\" width=\"750\" height=\"1000\" srcset=\"https:\/\/www.bellunopress.it\/wp-content\/uploads\/2025\/01\/Giovanni-23.jpg 750w, https:\/\/www.bellunopress.it\/wp-content\/uploads\/2025\/01\/Giovanni-23-375x500.jpg 375w, https:\/\/www.bellunopress.it\/wp-content\/uploads\/2025\/01\/Giovanni-23-315x420.jpg 315w, https:\/\/www.bellunopress.it\/wp-content\/uploads\/2025\/01\/Giovanni-23-696x928.jpg 696w\" sizes=\"auto, (max-width: 750px) 100vw, 750px\" \/>Belluno, 10 gennaio 2025 \u2013 Sono stati circa 300 le studentesse e gli studenti bellunesi delle classi quarte che si sono dati appuntamento oggi, venerd\u00ec 10 gennaio, al Centro Giovanni XXIII di Belluno per &#8220;Orient@futuro&#8221;, l&#8217;iniziativa messa in campo dal Gruppo Giovani di Confindustria Belluno Dolomiti, con il supporto di Umana, e che ha visto &#8211; per buona parte della giornata &#8211; la mobilitazione delle aziende del territorio.<\/p>\n<p>\u00c8 stato adottato un nuovo metodo, creando un vero e proprio &#8220;faccia a faccia&#8221; tra imprese e studenti, suddividendo l&#8217;attivit\u00e0 in gruppi e workshop tematici. La sfida delle competenze, sempre pi\u00f9 strategica per il manifatturiero, non pu\u00f2 prescindere da un confronto serrato tra nuove generazioni e mondo dell&#8217;impresa.<\/p>\n<p>I 300 partecipanti \u2013 dopo una introduzione generale affidata al trainer Nicola Zema \u2013 hanno avuto la possibilit\u00e0 di conoscere i vari aspetti della vita d&#8217;impresa, confrontandosi con imprenditori, manager, responsabili e collaboratori delle diverse realt\u00e0, dall&#8217;occhialeria ai trasporti, passando per la meccatronica e l&#8217;agroalimentare. Quattordici workshop sono stati organizzati in tutti gli spazi e le aule del Centro Congressi nelle seguenti aree professionali: capitale umano, produzione e logistica, marketing comunicazione e vendite, amministrazione finanza e controllo, ricerca e sviluppo, IT, sostenibilit\u00e0.<\/p>\n<p>Ogni workshop \u2013 regolato da un moderatore \u2013 ha visto la partecipazione di tre aziende diverse, ciascuno con i propri rappresentanti.<\/p>\n<p>\u00c8 stata una full immersion, grazie alla quale studentesse e studenti hanno potuto toccare con mano la vita in azienda, capire cosa fanno nel concreto i tanti profili di cui si compone un&#8217;impresa. Un metodo innovativo, veloce ed efficace, che supera la logica della semplice &#8220;fiera&#8221;, spesso troppo dispersiva.<\/p>\n<p>Lungo l&#8217;elenco delle aziende che si sono mobilitate a fianco di Confindustria: Umana, Blackfin, De Rigo Vision, Clivet, Epta, Firex, Lattebusche, Manifattura Valcismon, Marcolin, Meccanostampi, Rdm Cartiera Santa Giustina, Sinteco, Sips, Technowrapp, Thelios, Trenti, Vemer, Visottica, Walber.<\/p>","protected":false},"excerpt":{"rendered":"<p>Belluno, 10 gennaio 2025 \u2013 Sono stati circa 300 le studentesse e gli studenti bellunesi delle classi quarte che si sono dati appuntamento oggi, venerd\u00ec 10 gennaio, al Centro Giovanni XXIII di Belluno per &#8220;Orient@futuro&#8221;, l&#8217;iniziativa messa in campo dal Gruppo Giovani di Confindustria Belluno Dolomiti, con il supporto di Umana, e che ha visto [&hellip;]<\/p>\n","protected":false},"author":2,"featured_media":156970,"comment_status":"closed","ping_status":"open","sticky":false,"template":"","format":"standard","meta":{"footnotes":""},"categories":[36,26,8],"tags":[],"class_list":["post-156969","post","type-post","status-publish","format-standard","has-post-thumbnail","category-lavoro-economia","category-prima-pagina","category-societa-istituzioni"],"yoast_head":"<!-- This site is optimized with the Yoast SEO plugin v28.4 - https:\/\/yoast.com\/product\/yoast-seo-wordpress\/ -->\n<title>In 300 al Centro Giovanni 23mo per Orient@Futuro di Giovani Confindustria Belluno Dolomiti - Bellunopress - Dolomiti<\/title>\n<meta name=\"robots\" content=\"index, follow, max-snippet:-1, max-image-preview:large, max-video-preview:-1\" \/>\n<link rel=\"canonical\" href=\"https:\/\/www.bellunopress.it\/fr\/2025\/01\/10\/in-300-al-centro-giovanni-23mo-per-orientfuturo-di-giovani-confindustria-belluno-dolomiti\/\" \/>\n<meta property=\"og:locale\" content=\"fr_FR\" \/>\n<meta property=\"og:type\" content=\"article\" \/>\n<meta property=\"og:title\" content=\"In 300 al Centro Giovanni 23mo per Orient@Futuro di Giovani Confindustria Belluno Dolomiti - Bellunopress - Dolomiti\" \/>\n<meta property=\"og:description\" content=\"Belluno, 10 gennaio 2025 \u2013 Sono stati circa 300 le studentesse e gli studenti bellunesi delle classi quarte che si sono dati appuntamento oggi, venerd\u00ec 10 gennaio, al Centro Giovanni XXIII di Belluno per &#8220;Orient@futuro&#8221;, l&#8217;iniziativa messa in campo dal Gruppo Giovani di Confindustria Belluno Dolomiti, con il supporto di Umana, e che ha visto [&hellip;]\" \/>\n<meta property=\"og:url\" content=\"https:\/\/www.bellunopress.it\/fr\/2025\/01\/10\/in-300-al-centro-giovanni-23mo-per-orientfuturo-di-giovani-confindustria-belluno-dolomiti\/\" \/>\n<meta property=\"og:site_name\" content=\"Bellunopress - Dolomiti\" \/>\n<meta property=\"article:publisher\" content=\"https:\/\/www.facebook.com\/profile.php?id=100008943462799\" \/>\n<meta property=\"article:published_time\" content=\"2025-01-10T15:34:22+00:00\" \/>\n<meta property=\"og:image\" content=\"https:\/\/www.bellunopress.it\/wp-content\/uploads\/2025\/01\/Giovanni-23.jpg\" \/>\n\t<meta property=\"og:image:width\" content=\"750\" \/>\n\t<meta property=\"og:image:height\" content=\"1000\" \/>\n\t<meta property=\"og:image:type\" content=\"image\/jpeg\" \/>\n<meta name=\"author\" content=\"redazione\" \/>\n<meta name=\"twitter:card\" content=\"summary_large_image\" \/>\n<meta name=\"twitter:creator\" content=\"@bellunopress\" \/>\n<meta name=\"twitter:site\" content=\"@bellunopress\" \/>\n<meta name=\"twitter:label1\" content=\"\u00c9crit par\" \/>\n\t<meta name=\"twitter:data1\" content=\"redazione\" \/>\n\t<meta name=\"twitter:label2\" content=\"Dur\u00e9e de lecture estim\u00e9e\" \/>\n\t<meta name=\"twitter:data2\" content=\"1 minute\" \/>\n<script type=\"application\/ld+json\" class=\"yoast-schema-graph\">{\"@context\":\"https:\\\/\\\/schema.org\",\"@graph\":[{\"@type\":\"Article\",\"@id\":\"https:\\\/\\\/www.bellunopress.it\\\/2025\\\/01\\\/10\\\/in-300-al-centro-giovanni-23mo-per-orientfuturo-di-giovani-confindustria-belluno-dolomiti\\\/#article\",\"isPartOf\":{\"@id\":\"https:\\\/\\\/www.bellunopress.it\\\/2025\\\/01\\\/10\\\/in-300-al-centro-giovanni-23mo-per-orientfuturo-di-giovani-confindustria-belluno-dolomiti\\\/\"},\"author\":{\"name\":\"redazione\",\"@id\":\"https:\\\/\\\/www.bellunopress.it\\\/#\\\/schema\\\/person\\\/79bb06722b37ece1c03d3e94beb30d73\"},\"headline\":\"In 300 al Centro Giovanni 23mo per Orient@Futuro di Giovani Confindustria Belluno Dolomiti\",\"datePublished\":\"2025-01-10T15:34:22+00:00\",\"mainEntityOfPage\":{\"@id\":\"https:\\\/\\\/www.bellunopress.it\\\/2025\\\/01\\\/10\\\/in-300-al-centro-giovanni-23mo-per-orientfuturo-di-giovani-confindustria-belluno-dolomiti\\\/\"},\"wordCount\":315,\"publisher\":{\"@id\":\"https:\\\/\\\/www.bellunopress.it\\\/#organization\"},\"image\":{\"@id\":\"https:\\\/\\\/www.bellunopress.it\\\/2025\\\/01\\\/10\\\/in-300-al-centro-giovanni-23mo-per-orientfuturo-di-giovani-confindustria-belluno-dolomiti\\\/#primaryimage\"},\"thumbnailUrl\":\"https:\\\/\\\/www.bellunopress.it\\\/wp-content\\\/uploads\\\/2025\\\/01\\\/Giovanni-23.jpg\",\"articleSection\":[\"Lavoro, Economia, Turismo\",\"Prima Pagina\",\"Societ\u00e0, Associazioni, Istituzioni\"],\"inLanguage\":\"fr-FR\"},{\"@type\":\"WebPage\",\"@id\":\"https:\\\/\\\/www.bellunopress.it\\\/2025\\\/01\\\/10\\\/in-300-al-centro-giovanni-23mo-per-orientfuturo-di-giovani-confindustria-belluno-dolomiti\\\/\",\"url\":\"https:\\\/\\\/www.bellunopress.it\\\/2025\\\/01\\\/10\\\/in-300-al-centro-giovanni-23mo-per-orientfuturo-di-giovani-confindustria-belluno-dolomiti\\\/\",\"name\":\"In 300 al Centro Giovanni 23mo per Orient@Futuro di Giovani Confindustria Belluno Dolomiti - Bellunopress - Dolomiti\",\"isPartOf\":{\"@id\":\"https:\\\/\\\/www.bellunopress.it\\\/#website\"},\"primaryImageOfPage\":{\"@id\":\"https:\\\/\\\/www.bellunopress.it\\\/2025\\\/01\\\/10\\\/in-300-al-centro-giovanni-23mo-per-orientfuturo-di-giovani-confindustria-belluno-dolomiti\\\/#primaryimage\"},\"image\":{\"@id\":\"https:\\\/\\\/www.bellunopress.it\\\/2025\\\/01\\\/10\\\/in-300-al-centro-giovanni-23mo-per-orientfuturo-di-giovani-confindustria-belluno-dolomiti\\\/#primaryimage\"},\"thumbnailUrl\":\"https:\\\/\\\/www.bellunopress.it\\\/wp-content\\\/uploads\\\/2025\\\/01\\\/Giovanni-23.jpg\",\"datePublished\":\"2025-01-10T15:34:22+00:00\",\"breadcrumb\":{\"@id\":\"https:\\\/\\\/www.bellunopress.it\\\/2025\\\/01\\\/10\\\/in-300-al-centro-giovanni-23mo-per-orientfuturo-di-giovani-confindustria-belluno-dolomiti\\\/#breadcrumb\"},\"inLanguage\":\"fr-FR\",\"potentialAction\":[{\"@type\":\"ReadAction\",\"target\":[\"https:\\\/\\\/www.bellunopress.it\\\/2025\\\/01\\\/10\\\/in-300-al-centro-giovanni-23mo-per-orientfuturo-di-giovani-confindustria-belluno-dolomiti\\\/\"]}]},{\"@type\":\"ImageObject\",\"inLanguage\":\"fr-FR\",\"@id\":\"https:\\\/\\\/www.bellunopress.it\\\/2025\\\/01\\\/10\\\/in-300-al-centro-giovanni-23mo-per-orientfuturo-di-giovani-confindustria-belluno-dolomiti\\\/#primaryimage\",\"url\":\"https:\\\/\\\/www.bellunopress.it\\\/wp-content\\\/uploads\\\/2025\\\/01\\\/Giovanni-23.jpg\",\"contentUrl\":\"https:\\\/\\\/www.bellunopress.it\\\/wp-content\\\/uploads\\\/2025\\\/01\\\/Giovanni-23.jpg\",\"width\":750,\"height\":1000,\"caption\":\"Confindustria Giovani\"},{\"@type\":\"BreadcrumbList\",\"@id\":\"https:\\\/\\\/www.bellunopress.it\\\/2025\\\/01\\\/10\\\/in-300-al-centro-giovanni-23mo-per-orientfuturo-di-giovani-confindustria-belluno-dolomiti\\\/#breadcrumb\",\"itemListElement\":[{\"@type\":\"ListItem\",\"position\":1,\"name\":\"Home\",\"item\":\"https:\\\/\\\/www.bellunopress.it\\\/\"},{\"@type\":\"ListItem\",\"position\":2,\"name\":\"In 300 al Centro Giovanni 23mo per Orient@Futuro di Giovani Confindustria Belluno Dolomiti\"}]},{\"@type\":\"WebSite\",\"@id\":\"https:\\\/\\\/www.bellunopress.it\\\/#website\",\"url\":\"https:\\\/\\\/www.bellunopress.it\\\/\",\"name\":\"Bellunopress - Dolomiti\",\"description\":\"e-mail: redazione@bellunopress.it\",\"publisher\":{\"@id\":\"https:\\\/\\\/www.bellunopress.it\\\/#organization\"},\"potentialAction\":[{\"@type\":\"SearchAction\",\"target\":{\"@type\":\"EntryPoint\",\"urlTemplate\":\"https:\\\/\\\/www.bellunopress.it\\\/?s={search_term_string}\"},\"query-input\":{\"@type\":\"PropertyValueSpecification\",\"valueRequired\":true,\"valueName\":\"search_term_string\"}}],\"inLanguage\":\"fr-FR\"},{\"@type\":\"Organization\",\"@id\":\"https:\\\/\\\/www.bellunopress.it\\\/#organization\",\"name\":\"Bellunopress\",\"url\":\"https:\\\/\\\/www.bellunopress.it\\\/\",\"logo\":{\"@type\":\"ImageObject\",\"inLanguage\":\"fr-FR\",\"@id\":\"https:\\\/\\\/www.bellunopress.it\\\/#\\\/schema\\\/logo\\\/image\\\/\",\"url\":\"https:\\\/\\\/www.bellunopress.it\\\/wp-content\\\/uploads\\\/2011\\\/05\\\/cropped-logo-bellunopress-.jpg\",\"contentUrl\":\"https:\\\/\\\/www.bellunopress.it\\\/wp-content\\\/uploads\\\/2011\\\/05\\\/cropped-logo-bellunopress-.jpg\",\"width\":512,\"height\":512,\"caption\":\"Bellunopress\"},\"image\":{\"@id\":\"https:\\\/\\\/www.bellunopress.it\\\/#\\\/schema\\\/logo\\\/image\\\/\"},\"sameAs\":[\"https:\\\/\\\/www.facebook.com\\\/profile.php?id=100008943462799\",\"https:\\\/\\\/x.com\\\/bellunopress\",\"https:\\\/\\\/www.linkedin.com\\\/hp\\\/?dnr=JBzUWaJfMUw8vbXJJ2tVW5-I3jZKvC4wsoxE&amp;amp;amp;amp;amp;amp;trk=nav_responsive_tab_home\",\"https:\\\/\\\/www.youtube.com\\\/channel\\\/UCxL0wu1uN0_3_7hGG0306cw\"]},{\"@type\":\"Person\",\"@id\":\"https:\\\/\\\/www.bellunopress.it\\\/#\\\/schema\\\/person\\\/79bb06722b37ece1c03d3e94beb30d73\",\"name\":\"redazione\",\"image\":{\"@type\":\"ImageObject\",\"inLanguage\":\"fr-FR\",\"@id\":\"https:\\\/\\\/secure.gravatar.com\\\/avatar\\\/37d968a2e67a6fd04c169c4bdef102d0bc5d31b2546345219e348575eb80e9a0?s=96&d=mm&r=g\",\"url\":\"https:\\\/\\\/secure.gravatar.com\\\/avatar\\\/37d968a2e67a6fd04c169c4bdef102d0bc5d31b2546345219e348575eb80e9a0?s=96&d=mm&r=g\",\"contentUrl\":\"https:\\\/\\\/secure.gravatar.com\\\/avatar\\\/37d968a2e67a6fd04c169c4bdef102d0bc5d31b2546345219e348575eb80e9a0?s=96&d=mm&r=g\",\"caption\":\"redazione\"},\"sameAs\":[\"http:\\\/\\\/www.bellunopress.it\",\"https:\\\/\\\/x.com\\\/bellunopress\"],\"url\":\"https:\\\/\\\/www.bellunopress.it\\\/fr\\\/author\\\/redazione\\\/\"}]}<\/script>\n<!-- \/ Yoast SEO plugin. -->","yoast_head_json":{"title":"In 300 al Centro Giovanni 23mo per Orient@Futuro di Giovani Confindustria Belluno Dolomiti - Bellunopress - Dolomiti","robots":{"index":"index","follow":"follow","max-snippet":"max-snippet:-1","max-image-preview":"max-image-preview:large","max-video-preview":"max-video-preview:-1"},"canonical":"https:\/\/www.bellunopress.it\/fr\/2025\/01\/10\/in-300-al-centro-giovanni-23mo-per-orientfuturo-di-giovani-confindustria-belluno-dolomiti\/","og_locale":"fr_FR","og_type":"article","og_title":"In 300 al Centro Giovanni 23mo per Orient@Futuro di Giovani Confindustria Belluno Dolomiti - Bellunopress - Dolomiti","og_description":"Belluno, 10 gennaio 2025 \u2013 Sono stati circa 300 le studentesse e gli studenti bellunesi delle classi quarte che si sono dati appuntamento oggi, venerd\u00ec 10 gennaio, al Centro Giovanni XXIII di Belluno per &#8220;Orient@futuro&#8221;, l&#8217;iniziativa messa in campo dal Gruppo Giovani di Confindustria Belluno Dolomiti, con il supporto di Umana, e che ha visto [&hellip;]","og_url":"https:\/\/www.bellunopress.it\/fr\/2025\/01\/10\/in-300-al-centro-giovanni-23mo-per-orientfuturo-di-giovani-confindustria-belluno-dolomiti\/","og_site_name":"Bellunopress - Dolomiti","article_publisher":"https:\/\/www.facebook.com\/profile.php?id=100008943462799","article_published_time":"2025-01-10T15:34:22+00:00","og_image":[{"width":750,"height":1000,"url":"https:\/\/www.bellunopress.it\/wp-content\/uploads\/2025\/01\/Giovanni-23.jpg","type":"image\/jpeg"}],"author":"redazione","twitter_card":"summary_large_image","twitter_creator":"@bellunopress","twitter_site":"@bellunopress","twitter_misc":{"\u00c9crit par":"redazione","Dur\u00e9e de lecture estim\u00e9e":"1 minute"},"schema":{"@context":"https:\/\/schema.org","@graph":[{"@type":"Article","@id":"https:\/\/www.bellunopress.it\/2025\/01\/10\/in-300-al-centro-giovanni-23mo-per-orientfuturo-di-giovani-confindustria-belluno-dolomiti\/#article","isPartOf":{"@id":"https:\/\/www.bellunopress.it\/2025\/01\/10\/in-300-al-centro-giovanni-23mo-per-orientfuturo-di-giovani-confindustria-belluno-dolomiti\/"},"author":{"name":"redazione","@id":"https:\/\/www.bellunopress.it\/#\/schema\/person\/79bb06722b37ece1c03d3e94beb30d73"},"headline":"In 300 al Centro Giovanni 23mo per Orient@Futuro di Giovani Confindustria Belluno Dolomiti","datePublished":"2025-01-10T15:34:22+00:00","mainEntityOfPage":{"@id":"https:\/\/www.bellunopress.it\/2025\/01\/10\/in-300-al-centro-giovanni-23mo-per-orientfuturo-di-giovani-confindustria-belluno-dolomiti\/"},"wordCount":315,"publisher":{"@id":"https:\/\/www.bellunopress.it\/#organization"},"image":{"@id":"https:\/\/www.bellunopress.it\/2025\/01\/10\/in-300-al-centro-giovanni-23mo-per-orientfuturo-di-giovani-confindustria-belluno-dolomiti\/#primaryimage"},"thumbnailUrl":"https:\/\/www.bellunopress.it\/wp-content\/uploads\/2025\/01\/Giovanni-23.jpg","articleSection":["Lavoro, Economia, Turismo","Prima Pagina","Societ\u00e0, Associazioni, Istituzioni"],"inLanguage":"fr-FR"},{"@type":"WebPage","@id":"https:\/\/www.bellunopress.it\/2025\/01\/10\/in-300-al-centro-giovanni-23mo-per-orientfuturo-di-giovani-confindustria-belluno-dolomiti\/","url":"https:\/\/www.bellunopress.it\/2025\/01\/10\/in-300-al-centro-giovanni-23mo-per-orientfuturo-di-giovani-confindustria-belluno-dolomiti\/","name":"In 300 al Centro Giovanni 23mo per Orient@Futuro di Giovani Confindustria Belluno Dolomiti - Bellunopress - Dolomiti","isPartOf":{"@id":"https:\/\/www.bellunopress.it\/#website"},"primaryImageOfPage":{"@id":"https:\/\/www.bellunopress.it\/2025\/01\/10\/in-300-al-centro-giovanni-23mo-per-orientfuturo-di-giovani-confindustria-belluno-dolomiti\/#primaryimage"},"image":{"@id":"https:\/\/www.bellunopress.it\/2025\/01\/10\/in-300-al-centro-giovanni-23mo-per-orientfuturo-di-giovani-confindustria-belluno-dolomiti\/#primaryimage"},"thumbnailUrl":"https:\/\/www.bellunopress.it\/wp-content\/uploads\/2025\/01\/Giovanni-23.jpg","datePublished":"2025-01-10T15:34:22+00:00","breadcrumb":{"@id":"https:\/\/www.bellunopress.it\/2025\/01\/10\/in-300-al-centro-giovanni-23mo-per-orientfuturo-di-giovani-confindustria-belluno-dolomiti\/#breadcrumb"},"inLanguage":"fr-FR","potentialAction":[{"@type":"ReadAction","target":["https:\/\/www.bellunopress.it\/2025\/01\/10\/in-300-al-centro-giovanni-23mo-per-orientfuturo-di-giovani-confindustria-belluno-dolomiti\/"]}]},{"@type":"ImageObject","inLanguage":"fr-FR","@id":"https:\/\/www.bellunopress.it\/2025\/01\/10\/in-300-al-centro-giovanni-23mo-per-orientfuturo-di-giovani-confindustria-belluno-dolomiti\/#primaryimage","url":"https:\/\/www.bellunopress.it\/wp-content\/uploads\/2025\/01\/Giovanni-23.jpg","contentUrl":"https:\/\/www.bellunopress.it\/wp-content\/uploads\/2025\/01\/Giovanni-23.jpg","width":750,"height":1000,"caption":"Confindustria Giovani"},{"@type":"BreadcrumbList","@id":"https:\/\/www.bellunopress.it\/2025\/01\/10\/in-300-al-centro-giovanni-23mo-per-orientfuturo-di-giovani-confindustria-belluno-dolomiti\/#breadcrumb","itemListElement":[{"@type":"ListItem","position":1,"name":"Home","item":"https:\/\/www.bellunopress.it\/"},{"@type":"ListItem","position":2,"name":"In 300 al Centro Giovanni 23mo per Orient@Futuro di Giovani Confindustria Belluno Dolomiti"}]},{"@type":"WebSite","@id":"https:\/\/www.bellunopress.it\/#website","url":"https:\/\/www.bellunopress.it\/","name":"Bellunopress - Dolomiti","description":"e-mail: redazione@bellunopress.it","publisher":{"@id":"https:\/\/www.bellunopress.it\/#organization"},"potentialAction":[{"@type":"SearchAction","target":{"@type":"EntryPoint","urlTemplate":"https:\/\/www.bellunopress.it\/?s={search_term_string}"},"query-input":{"@type":"PropertyValueSpecification","valueRequired":true,"valueName":"search_term_string"}}],"inLanguage":"fr-FR"},{"@type":"Organization","@id":"https:\/\/www.bellunopress.it\/#organization","name":"Bellunopress","url":"https:\/\/www.bellunopress.it\/","logo":{"@type":"ImageObject","inLanguage":"fr-FR","@id":"https:\/\/www.bellunopress.it\/#\/schema\/logo\/image\/","url":"https:\/\/www.bellunopress.it\/wp-content\/uploads\/2011\/05\/cropped-logo-bellunopress-.jpg","contentUrl":"https:\/\/www.bellunopress.it\/wp-content\/uploads\/2011\/05\/cropped-logo-bellunopress-.jpg","width":512,"height":512,"caption":"Bellunopress"},"image":{"@id":"https:\/\/www.bellunopress.it\/#\/schema\/logo\/image\/"},"sameAs":["https:\/\/www.facebook.com\/profile.php?id=100008943462799","https:\/\/x.com\/bellunopress","https:\/\/www.linkedin.com\/hp\/?dnr=JBzUWaJfMUw8vbXJJ2tVW5-I3jZKvC4wsoxE&amp;amp;amp;amp;amp;amp;trk=nav_responsive_tab_home","https:\/\/www.youtube.com\/channel\/UCxL0wu1uN0_3_7hGG0306cw"]},{"@type":"Person","@id":"https:\/\/www.bellunopress.it\/#\/schema\/person\/79bb06722b37ece1c03d3e94beb30d73","name":"r\u00e9daction","image":{"@type":"ImageObject","inLanguage":"fr-FR","@id":"https:\/\/secure.gravatar.com\/avatar\/37d968a2e67a6fd04c169c4bdef102d0bc5d31b2546345219e348575eb80e9a0?s=96&d=mm&r=g","url":"https:\/\/secure.gravatar.com\/avatar\/37d968a2e67a6fd04c169c4bdef102d0bc5d31b2546345219e348575eb80e9a0?s=96&d=mm&r=g","contentUrl":"https:\/\/secure.gravatar.com\/avatar\/37d968a2e67a6fd04c169c4bdef102d0bc5d31b2546345219e348575eb80e9a0?s=96&d=mm&r=g","caption":"redazione"},"sameAs":["http:\/\/www.bellunopress.it","https:\/\/x.com\/bellunopress"],"url":"https:\/\/www.bellunopress.it\/fr\/author\/redazione\/"}]}},"_links":{"self":[{"href":"https:\/\/www.bellunopress.it\/fr\/wp-json\/wp\/v2\/posts\/156969","targetHints":{"allow":["GET"]}}],"collection":[{"href":"https:\/\/www.bellunopress.it\/fr\/wp-json\/wp\/v2\/posts"}],"about":[{"href":"https:\/\/www.bellunopress.it\/fr\/wp-json\/wp\/v2\/types\/post"}],"author":[{"embeddable":true,"href":"https:\/\/www.bellunopress.it\/fr\/wp-json\/wp\/v2\/users\/2"}],"replies":[{"embeddable":true,"href":"https:\/\/www.bellunopress.it\/fr\/wp-json\/wp\/v2\/comments?post=156969"}],"version-history":[{"count":1,"href":"https:\/\/www.bellunopress.it\/fr\/wp-json\/wp\/v2\/posts\/156969\/revisions"}],"predecessor-version":[{"id":156971,"href":"https:\/\/www.bellunopress.it\/fr\/wp-json\/wp\/v2\/posts\/156969\/revisions\/156971"}],"wp:featuredmedia":[{"embeddable":true,"href":"https:\/\/www.bellunopress.it\/fr\/wp-json\/wp\/v2\/media\/156970"}],"wp:attachment":[{"href":"https:\/\/www.bellunopress.it\/fr\/wp-json\/wp\/v2\/media?parent=156969"}],"wp:term":[{"taxonomy":"category","embeddable":true,"href":"https:\/\/www.bellunopress.it\/fr\/wp-json\/wp\/v2\/categories?post=156969"},{"taxonomy":"post_tag","embeddable":true,"href":"https:\/\/www.bellunopress.it\/fr\/wp-json\/wp\/v2\/tags?post=156969"}],"curies":[{"name":"wp","href":"https:\/\/api.w.org\/{rel}","templated":true}]}}