{"id":156967,"date":"2025-01-12T14:05:01","date_gmt":"2025-01-12T13:05:01","guid":{"rendered":"https:\/\/www.bellunopress.it\/?p=156967"},"modified":"2025-01-10T14:08:54","modified_gmt":"2025-01-10T13:08:54","slug":"licei-galilei-tiziano-belluno-sabato-alle-15-appuntamento-con-scuola-aperta-approvato-il-piano-triennale-dellofferta-formativa","status":"publish","type":"post","link":"https:\/\/www.bellunopress.it\/fr\/2025\/01\/12\/licei-galilei-tiziano-belluno-sabato-alle-15-appuntamento-con-scuola-aperta-approvato-il-piano-triennale-dellofferta-formativa\/","title":{"rendered":"Licei Galilei-Tiziano Belluno. Sabato alle 15 appuntamento con Scuola aperta.  Approvato il Piano Triennale dell\u2019Offerta Formativa"},"content":{"rendered":"<figure id=\"attachment_155836\" aria-describedby=\"caption-attachment-155836\" style=\"width: 960px\" class=\"wp-caption aligncenter\"><img loading=\"lazy\" decoding=\"async\" class=\"size-full wp-image-155836\" src=\"https:\/\/www.bellunopress.it\/wp-content\/uploads\/2024\/11\/liceo-galilei-tiziano.jpg\" alt=\"\" width=\"960\" height=\"389\" srcset=\"https:\/\/www.bellunopress.it\/wp-content\/uploads\/2024\/11\/liceo-galilei-tiziano.jpg 960w, https:\/\/www.bellunopress.it\/wp-content\/uploads\/2024\/11\/liceo-galilei-tiziano-500x203.jpg 500w, https:\/\/www.bellunopress.it\/wp-content\/uploads\/2024\/11\/liceo-galilei-tiziano-696x282.jpg 696w\" sizes=\"auto, (max-width: 960px) 100vw, 960px\" \/><figcaption id=\"caption-attachment-155836\" class=\"wp-caption-text\">Liceo Galilei\/Tiziano di Belluno<\/figcaption><\/figure>\n<p>I Licei Galilei-Tiziano aprono ancora una volta le porte in vista delle iscrizioni al prossimo anno scolastico, che saranno possibili dal 21 gennaio al 10 febbraio. La proroga dei termini consentir\u00e0 alle famiglie di approfondire ulteriormente l\u2019offerta formativa dei vari istituti: di qui l\u2019importanza dell\u2019ultima data di <strong>Scuola Aperta<\/strong>, <strong>sabato<\/strong> <strong>18 gennaio 2025 alle ore 15.00<\/strong> sia per l\u2019indirizzo classico che per quelli scientifici (\u00e8 richiesta la prenotazione attraverso il sito liceibelluno.edu.it).<\/p>\n<p>Sar\u00e0 anche l\u2019occasione per aggiornare le famiglie sul nuovo Piano Triennale dell\u2019Offerta Formativa (PTOF) 2025\/2028 approvato lo scorso 20 dicembre 2024, attraverso il quale i Licei Galilei-Tiziano di Belluno confermano la loro attenzione a un\u2019offerta formativa di qualit\u00e0, certificata anche quest\u2019anno dai dati INVALSI ed EDUSCOPIO, e la arricchiscono con proposte che mirano a rispondere sempre meglio alle esigenze degli studenti e delle loro famiglie.<\/p>\n<ol>\n<li><strong> Opportunit\u00e0 formative per le famiglie<\/strong><\/li>\n<\/ol>\n<p>Una delle principali novit\u00e0 sar\u00e0 l\u2019offerta alle famiglie di occasioni per approfondire la conoscenza e riflettere intorno a tematiche di grande rilevanza nel panorama giovanile odierno: anche grazie alla collaborazione con la \u201cRete di scuole per un mondo di solidariet\u00e0 e pace\u201d, di cui l\u2019Istituto \u00e8 capofila, saranno ad esempio proposte opportunit\u00e0 formative sui temi delle dinamiche relazionali, sull\u2019uso consapevole dei social media, sulle sfide dell\u2019adolescenza e sulla costruzione di un dialogo efficace e costruttivo tra adulti e ragazzi.<\/p>\n<ol start=\"2\">\n<li><strong> Educazione al digitale: benessere e consapevolezza<\/strong><\/li>\n<\/ol>\n<p>La scuola rinnova il suo impegno nel promuovere una cultura digitale responsabile. Si approfondiranno i temi del benessere digitale, dell\u2019educazione ai media e dell\u2019uso consapevole delle tecnologie, integrando queste tematiche nei curricoli e nei progetti extracurricolari. I Licei Galilei-Tiziano fanno inoltre parte della rete regionale delle \u201cScuole che promuovono salute\u201d, riconosciuta dall\u2019ULSS 1 Dolomiti, confermando il loro impegno nel promuovere il benessere a 360 gradi.<\/p>\n<ol start=\"3\">\n<li><strong> Multilinguismo e potenziamento dell\u2019area umanistica<\/strong><\/li>\n<\/ol>\n<p>Si dar\u00e0 seguito alla promozione del multilinguismo, con corsi annuali di seconda lingua straniera \u2013 francese, spagnolo e tedesco \u2013 svolti in orario extracurricolare e condotti preferibilmente da docenti madrelingua. Questo approccio mira a rafforzare le competenze linguistiche degli studenti e a prepararli per un contesto internazionale. Parallelamente, verr\u00e0 potenziata l\u2019area umanistica, sviluppando percorsi e progettualit\u00e0 che concorrano a formare individui completi, consapevoli e capaci di interpretare la complessit\u00e0 del mondo.<\/p>\n<ol start=\"4\">\n<li><strong> Un curricolo allineato ai bisogni degli studenti e all\u2019Agenda 2030<\/strong><\/li>\n<\/ol>\n<p>Il nuovo Piano Triennale dell\u2019Offerta Formativa punta a un curricolo moderno, capace di rispondere ai bisogni formativi degli studenti di oggi. Attenzione verr\u00e0 data ai temi dell\u2019Agenda 2030, come la sostenibilit\u00e0 ambientale, l\u2019inclusione sociale, la sensibilizzazione sulle disuguaglianze e l\u2019educazione alla cittadinanza globale.<\/p>\n<ol start=\"5\">\n<li><strong> Esperienze di servizio agli altri e alla comunit\u00e0<\/strong><\/li>\n<\/ol>\n<p>Le conoscenze, abilit\u00e0 e competenze disciplinari non rimarranno chiuse tra le mura scolastiche, ma potranno trovare applicazione pratica attraverso esperienze di servizio agli altri e alla comunit\u00e0. Questa proposta mira a responsabilizzare gli studenti, favorendo la loro crescita personale e la consapevolezza dell\u2019importanza dell\u2019attenzione agli altri.<\/p>\n<ol start=\"6\">\n<li><strong> Una rete di ex alunni per rafforzare la comunit\u00e0 scolastica<\/strong><\/li>\n<\/ol>\n<p>Il contributo degli ex allievi dei Licei Galilei-Tiziano \u00e8 stato sempre prezioso, in particolare nelle attivit\u00e0 di orientamento per gli studenti delle classi quinte. Per rafforzare questo legame, nasce l\u2019idea di creare un\u2019Associazione degli ex alunni del Liceo Galilei, sulla scia dell\u2019esperienza positiva gi\u00e0 consolidata dal Liceo Tiziano. Questo progetto rappresenta un\u2019opportunit\u00e0 per rafforzare il senso di appartenenza alla scuola e creare una rete di supporto per le iniziative dell\u2019Istituto e i suoi studenti.<\/p>\n<p>Il Piano Triennale dell\u2019Offerta Formativa 2025\/2028 si presenta dunque come un documento strategico e innovativo, orientato a rispondere in modo sempre pi\u00f9 efficace ai bisogni degli allievi e di tutta la comunit\u00e0 scolastica. La visione della scuola \u00e8 chiara: formare giovani preparati, consapevoli e responsabili, capaci di affrontare le sfide di un mondo in continua evoluzione.<\/p>\n<p>&nbsp;<\/p>","protected":false},"excerpt":{"rendered":"<p>I Licei Galilei-Tiziano aprono ancora una volta le porte in vista delle iscrizioni al prossimo anno scolastico, che saranno possibili dal 21 gennaio al 10 febbraio. La proroga dei termini consentir\u00e0 alle famiglie di approfondire ulteriormente l\u2019offerta formativa dei vari istituti: di qui l\u2019importanza dell\u2019ultima data di Scuola Aperta, sabato 18 gennaio 2025 alle ore [&hellip;]<\/p>\n","protected":false},"author":2,"featured_media":155836,"comment_status":"closed","ping_status":"open","sticky":false,"template":"","format":"standard","meta":{"footnotes":""},"categories":[26,15],"tags":[],"class_list":["post-156967","post","type-post","status-publish","format-standard","has-post-thumbnail","category-prima-pagina","category-scuola"],"yoast_head":"<!-- This site is optimized with the Yoast SEO plugin v28.4 - https:\/\/yoast.com\/product\/yoast-seo-wordpress\/ -->\n<title>Licei Galilei-Tiziano Belluno. Sabato alle 15 appuntamento con Scuola aperta. Approvato il Piano Triennale dell\u2019Offerta Formativa - Bellunopress - Dolomiti<\/title>\n<meta name=\"robots\" content=\"index, follow, max-snippet:-1, max-image-preview:large, max-video-preview:-1\" \/>\n<link rel=\"canonical\" href=\"https:\/\/www.bellunopress.it\/fr\/2025\/01\/12\/licei-galilei-tiziano-belluno-sabato-alle-15-appuntamento-con-scuola-aperta-approvato-il-piano-triennale-dellofferta-formativa\/\" \/>\n<meta property=\"og:locale\" content=\"fr_FR\" \/>\n<meta property=\"og:type\" content=\"article\" \/>\n<meta property=\"og:title\" content=\"Licei Galilei-Tiziano Belluno. Sabato alle 15 appuntamento con Scuola aperta. Approvato il Piano Triennale dell\u2019Offerta Formativa - Bellunopress - Dolomiti\" \/>\n<meta property=\"og:description\" content=\"I Licei Galilei-Tiziano aprono ancora una volta le porte in vista delle iscrizioni al prossimo anno scolastico, che saranno possibili dal 21 gennaio al 10 febbraio. La proroga dei termini consentir\u00e0 alle famiglie di approfondire ulteriormente l\u2019offerta formativa dei vari istituti: di qui l\u2019importanza dell\u2019ultima data di Scuola Aperta, sabato 18 gennaio 2025 alle ore [&hellip;]\" \/>\n<meta property=\"og:url\" content=\"https:\/\/www.bellunopress.it\/fr\/2025\/01\/12\/licei-galilei-tiziano-belluno-sabato-alle-15-appuntamento-con-scuola-aperta-approvato-il-piano-triennale-dellofferta-formativa\/\" \/>\n<meta property=\"og:site_name\" content=\"Bellunopress - Dolomiti\" \/>\n<meta property=\"article:publisher\" content=\"https:\/\/www.facebook.com\/profile.php?id=100008943462799\" \/>\n<meta property=\"article:published_time\" content=\"2025-01-12T13:05:01+00:00\" \/>\n<meta property=\"og:image\" content=\"https:\/\/www.bellunopress.it\/wp-content\/uploads\/2024\/11\/liceo-galilei-tiziano.jpg\" \/>\n\t<meta property=\"og:image:width\" content=\"960\" \/>\n\t<meta property=\"og:image:height\" content=\"389\" \/>\n\t<meta property=\"og:image:type\" content=\"image\/jpeg\" \/>\n<meta name=\"author\" content=\"redazione\" \/>\n<meta name=\"twitter:card\" content=\"summary_large_image\" \/>\n<meta name=\"twitter:creator\" content=\"@bellunopress\" \/>\n<meta name=\"twitter:site\" content=\"@bellunopress\" \/>\n<meta name=\"twitter:label1\" content=\"\u00c9crit par\" \/>\n\t<meta name=\"twitter:data1\" content=\"redazione\" \/>\n\t<meta name=\"twitter:label2\" content=\"Dur\u00e9e de lecture estim\u00e9e\" \/>\n\t<meta name=\"twitter:data2\" content=\"3 minutes\" \/>\n<script type=\"application\/ld+json\" class=\"yoast-schema-graph\">{\"@context\":\"https:\\\/\\\/schema.org\",\"@graph\":[{\"@type\":\"Article\",\"@id\":\"https:\\\/\\\/www.bellunopress.it\\\/2025\\\/01\\\/12\\\/licei-galilei-tiziano-belluno-sabato-alle-15-appuntamento-con-scuola-aperta-approvato-il-piano-triennale-dellofferta-formativa\\\/#article\",\"isPartOf\":{\"@id\":\"https:\\\/\\\/www.bellunopress.it\\\/2025\\\/01\\\/12\\\/licei-galilei-tiziano-belluno-sabato-alle-15-appuntamento-con-scuola-aperta-approvato-il-piano-triennale-dellofferta-formativa\\\/\"},\"author\":{\"name\":\"redazione\",\"@id\":\"https:\\\/\\\/www.bellunopress.it\\\/#\\\/schema\\\/person\\\/79bb06722b37ece1c03d3e94beb30d73\"},\"headline\":\"Licei Galilei-Tiziano Belluno. Sabato alle 15 appuntamento con Scuola aperta. Approvato il Piano Triennale dell\u2019Offerta Formativa\",\"datePublished\":\"2025-01-12T13:05:01+00:00\",\"mainEntityOfPage\":{\"@id\":\"https:\\\/\\\/www.bellunopress.it\\\/2025\\\/01\\\/12\\\/licei-galilei-tiziano-belluno-sabato-alle-15-appuntamento-con-scuola-aperta-approvato-il-piano-triennale-dellofferta-formativa\\\/\"},\"wordCount\":657,\"publisher\":{\"@id\":\"https:\\\/\\\/www.bellunopress.it\\\/#organization\"},\"image\":{\"@id\":\"https:\\\/\\\/www.bellunopress.it\\\/2025\\\/01\\\/12\\\/licei-galilei-tiziano-belluno-sabato-alle-15-appuntamento-con-scuola-aperta-approvato-il-piano-triennale-dellofferta-formativa\\\/#primaryimage\"},\"thumbnailUrl\":\"https:\\\/\\\/www.bellunopress.it\\\/wp-content\\\/uploads\\\/2024\\\/11\\\/liceo-galilei-tiziano.jpg\",\"articleSection\":[\"Prima Pagina\",\"Scuola\"],\"inLanguage\":\"fr-FR\"},{\"@type\":\"WebPage\",\"@id\":\"https:\\\/\\\/www.bellunopress.it\\\/2025\\\/01\\\/12\\\/licei-galilei-tiziano-belluno-sabato-alle-15-appuntamento-con-scuola-aperta-approvato-il-piano-triennale-dellofferta-formativa\\\/\",\"url\":\"https:\\\/\\\/www.bellunopress.it\\\/2025\\\/01\\\/12\\\/licei-galilei-tiziano-belluno-sabato-alle-15-appuntamento-con-scuola-aperta-approvato-il-piano-triennale-dellofferta-formativa\\\/\",\"name\":\"Licei Galilei-Tiziano Belluno. Sabato alle 15 appuntamento con Scuola aperta. Approvato il Piano Triennale dell\u2019Offerta Formativa - Bellunopress - Dolomiti\",\"isPartOf\":{\"@id\":\"https:\\\/\\\/www.bellunopress.it\\\/#website\"},\"primaryImageOfPage\":{\"@id\":\"https:\\\/\\\/www.bellunopress.it\\\/2025\\\/01\\\/12\\\/licei-galilei-tiziano-belluno-sabato-alle-15-appuntamento-con-scuola-aperta-approvato-il-piano-triennale-dellofferta-formativa\\\/#primaryimage\"},\"image\":{\"@id\":\"https:\\\/\\\/www.bellunopress.it\\\/2025\\\/01\\\/12\\\/licei-galilei-tiziano-belluno-sabato-alle-15-appuntamento-con-scuola-aperta-approvato-il-piano-triennale-dellofferta-formativa\\\/#primaryimage\"},\"thumbnailUrl\":\"https:\\\/\\\/www.bellunopress.it\\\/wp-content\\\/uploads\\\/2024\\\/11\\\/liceo-galilei-tiziano.jpg\",\"datePublished\":\"2025-01-12T13:05:01+00:00\",\"breadcrumb\":{\"@id\":\"https:\\\/\\\/www.bellunopress.it\\\/2025\\\/01\\\/12\\\/licei-galilei-tiziano-belluno-sabato-alle-15-appuntamento-con-scuola-aperta-approvato-il-piano-triennale-dellofferta-formativa\\\/#breadcrumb\"},\"inLanguage\":\"fr-FR\",\"potentialAction\":[{\"@type\":\"ReadAction\",\"target\":[\"https:\\\/\\\/www.bellunopress.it\\\/2025\\\/01\\\/12\\\/licei-galilei-tiziano-belluno-sabato-alle-15-appuntamento-con-scuola-aperta-approvato-il-piano-triennale-dellofferta-formativa\\\/\"]}]},{\"@type\":\"ImageObject\",\"inLanguage\":\"fr-FR\",\"@id\":\"https:\\\/\\\/www.bellunopress.it\\\/2025\\\/01\\\/12\\\/licei-galilei-tiziano-belluno-sabato-alle-15-appuntamento-con-scuola-aperta-approvato-il-piano-triennale-dellofferta-formativa\\\/#primaryimage\",\"url\":\"https:\\\/\\\/www.bellunopress.it\\\/wp-content\\\/uploads\\\/2024\\\/11\\\/liceo-galilei-tiziano.jpg\",\"contentUrl\":\"https:\\\/\\\/www.bellunopress.it\\\/wp-content\\\/uploads\\\/2024\\\/11\\\/liceo-galilei-tiziano.jpg\",\"width\":960,\"height\":389,\"caption\":\"Liceo Galilei\\\/Tiziano di Belluno\"},{\"@type\":\"BreadcrumbList\",\"@id\":\"https:\\\/\\\/www.bellunopress.it\\\/2025\\\/01\\\/12\\\/licei-galilei-tiziano-belluno-sabato-alle-15-appuntamento-con-scuola-aperta-approvato-il-piano-triennale-dellofferta-formativa\\\/#breadcrumb\",\"itemListElement\":[{\"@type\":\"ListItem\",\"position\":1,\"name\":\"Home\",\"item\":\"https:\\\/\\\/www.bellunopress.it\\\/\"},{\"@type\":\"ListItem\",\"position\":2,\"name\":\"Licei Galilei-Tiziano Belluno. Sabato alle 15 appuntamento con Scuola aperta. Approvato il Piano Triennale dell\u2019Offerta Formativa\"}]},{\"@type\":\"WebSite\",\"@id\":\"https:\\\/\\\/www.bellunopress.it\\\/#website\",\"url\":\"https:\\\/\\\/www.bellunopress.it\\\/\",\"name\":\"Bellunopress - Dolomiti\",\"description\":\"e-mail: redazione@bellunopress.it\",\"publisher\":{\"@id\":\"https:\\\/\\\/www.bellunopress.it\\\/#organization\"},\"potentialAction\":[{\"@type\":\"SearchAction\",\"target\":{\"@type\":\"EntryPoint\",\"urlTemplate\":\"https:\\\/\\\/www.bellunopress.it\\\/?s={search_term_string}\"},\"query-input\":{\"@type\":\"PropertyValueSpecification\",\"valueRequired\":true,\"valueName\":\"search_term_string\"}}],\"inLanguage\":\"fr-FR\"},{\"@type\":\"Organization\",\"@id\":\"https:\\\/\\\/www.bellunopress.it\\\/#organization\",\"name\":\"Bellunopress\",\"url\":\"https:\\\/\\\/www.bellunopress.it\\\/\",\"logo\":{\"@type\":\"ImageObject\",\"inLanguage\":\"fr-FR\",\"@id\":\"https:\\\/\\\/www.bellunopress.it\\\/#\\\/schema\\\/logo\\\/image\\\/\",\"url\":\"https:\\\/\\\/www.bellunopress.it\\\/wp-content\\\/uploads\\\/2011\\\/05\\\/cropped-logo-bellunopress-.jpg\",\"contentUrl\":\"https:\\\/\\\/www.bellunopress.it\\\/wp-content\\\/uploads\\\/2011\\\/05\\\/cropped-logo-bellunopress-.jpg\",\"width\":512,\"height\":512,\"caption\":\"Bellunopress\"},\"image\":{\"@id\":\"https:\\\/\\\/www.bellunopress.it\\\/#\\\/schema\\\/logo\\\/image\\\/\"},\"sameAs\":[\"https:\\\/\\\/www.facebook.com\\\/profile.php?id=100008943462799\",\"https:\\\/\\\/x.com\\\/bellunopress\",\"https:\\\/\\\/www.linkedin.com\\\/hp\\\/?dnr=JBzUWaJfMUw8vbXJJ2tVW5-I3jZKvC4wsoxE&amp;amp;amp;amp;amp;amp;trk=nav_responsive_tab_home\",\"https:\\\/\\\/www.youtube.com\\\/channel\\\/UCxL0wu1uN0_3_7hGG0306cw\"]},{\"@type\":\"Person\",\"@id\":\"https:\\\/\\\/www.bellunopress.it\\\/#\\\/schema\\\/person\\\/79bb06722b37ece1c03d3e94beb30d73\",\"name\":\"redazione\",\"image\":{\"@type\":\"ImageObject\",\"inLanguage\":\"fr-FR\",\"@id\":\"https:\\\/\\\/secure.gravatar.com\\\/avatar\\\/37d968a2e67a6fd04c169c4bdef102d0bc5d31b2546345219e348575eb80e9a0?s=96&d=mm&r=g\",\"url\":\"https:\\\/\\\/secure.gravatar.com\\\/avatar\\\/37d968a2e67a6fd04c169c4bdef102d0bc5d31b2546345219e348575eb80e9a0?s=96&d=mm&r=g\",\"contentUrl\":\"https:\\\/\\\/secure.gravatar.com\\\/avatar\\\/37d968a2e67a6fd04c169c4bdef102d0bc5d31b2546345219e348575eb80e9a0?s=96&d=mm&r=g\",\"caption\":\"redazione\"},\"sameAs\":[\"http:\\\/\\\/www.bellunopress.it\",\"https:\\\/\\\/x.com\\\/bellunopress\"],\"url\":\"https:\\\/\\\/www.bellunopress.it\\\/fr\\\/author\\\/redazione\\\/\"}]}<\/script>\n<!-- \/ Yoast SEO plugin. -->","yoast_head_json":{"title":"Licei Galilei-Tiziano Belluno. Sabato alle 15 appuntamento con Scuola aperta. Approvato il Piano Triennale dell\u2019Offerta Formativa - Bellunopress - Dolomiti","robots":{"index":"index","follow":"follow","max-snippet":"max-snippet:-1","max-image-preview":"max-image-preview:large","max-video-preview":"max-video-preview:-1"},"canonical":"https:\/\/www.bellunopress.it\/fr\/2025\/01\/12\/licei-galilei-tiziano-belluno-sabato-alle-15-appuntamento-con-scuola-aperta-approvato-il-piano-triennale-dellofferta-formativa\/","og_locale":"fr_FR","og_type":"article","og_title":"Licei Galilei-Tiziano Belluno. Sabato alle 15 appuntamento con Scuola aperta. Approvato il Piano Triennale dell\u2019Offerta Formativa - Bellunopress - Dolomiti","og_description":"I Licei Galilei-Tiziano aprono ancora una volta le porte in vista delle iscrizioni al prossimo anno scolastico, che saranno possibili dal 21 gennaio al 10 febbraio. La proroga dei termini consentir\u00e0 alle famiglie di approfondire ulteriormente l\u2019offerta formativa dei vari istituti: di qui l\u2019importanza dell\u2019ultima data di Scuola Aperta, sabato 18 gennaio 2025 alle ore [&hellip;]","og_url":"https:\/\/www.bellunopress.it\/fr\/2025\/01\/12\/licei-galilei-tiziano-belluno-sabato-alle-15-appuntamento-con-scuola-aperta-approvato-il-piano-triennale-dellofferta-formativa\/","og_site_name":"Bellunopress - Dolomiti","article_publisher":"https:\/\/www.facebook.com\/profile.php?id=100008943462799","article_published_time":"2025-01-12T13:05:01+00:00","og_image":[{"width":960,"height":389,"url":"https:\/\/www.bellunopress.it\/wp-content\/uploads\/2024\/11\/liceo-galilei-tiziano.jpg","type":"image\/jpeg"}],"author":"redazione","twitter_card":"summary_large_image","twitter_creator":"@bellunopress","twitter_site":"@bellunopress","twitter_misc":{"\u00c9crit par":"redazione","Dur\u00e9e de lecture estim\u00e9e":"3 minutes"},"schema":{"@context":"https:\/\/schema.org","@graph":[{"@type":"Article","@id":"https:\/\/www.bellunopress.it\/2025\/01\/12\/licei-galilei-tiziano-belluno-sabato-alle-15-appuntamento-con-scuola-aperta-approvato-il-piano-triennale-dellofferta-formativa\/#article","isPartOf":{"@id":"https:\/\/www.bellunopress.it\/2025\/01\/12\/licei-galilei-tiziano-belluno-sabato-alle-15-appuntamento-con-scuola-aperta-approvato-il-piano-triennale-dellofferta-formativa\/"},"author":{"name":"redazione","@id":"https:\/\/www.bellunopress.it\/#\/schema\/person\/79bb06722b37ece1c03d3e94beb30d73"},"headline":"Licei Galilei-Tiziano Belluno. Sabato alle 15 appuntamento con Scuola aperta. Approvato il Piano Triennale dell\u2019Offerta Formativa","datePublished":"2025-01-12T13:05:01+00:00","mainEntityOfPage":{"@id":"https:\/\/www.bellunopress.it\/2025\/01\/12\/licei-galilei-tiziano-belluno-sabato-alle-15-appuntamento-con-scuola-aperta-approvato-il-piano-triennale-dellofferta-formativa\/"},"wordCount":657,"publisher":{"@id":"https:\/\/www.bellunopress.it\/#organization"},"image":{"@id":"https:\/\/www.bellunopress.it\/2025\/01\/12\/licei-galilei-tiziano-belluno-sabato-alle-15-appuntamento-con-scuola-aperta-approvato-il-piano-triennale-dellofferta-formativa\/#primaryimage"},"thumbnailUrl":"https:\/\/www.bellunopress.it\/wp-content\/uploads\/2024\/11\/liceo-galilei-tiziano.jpg","articleSection":["Prima Pagina","Scuola"],"inLanguage":"fr-FR"},{"@type":"WebPage","@id":"https:\/\/www.bellunopress.it\/2025\/01\/12\/licei-galilei-tiziano-belluno-sabato-alle-15-appuntamento-con-scuola-aperta-approvato-il-piano-triennale-dellofferta-formativa\/","url":"https:\/\/www.bellunopress.it\/2025\/01\/12\/licei-galilei-tiziano-belluno-sabato-alle-15-appuntamento-con-scuola-aperta-approvato-il-piano-triennale-dellofferta-formativa\/","name":"Licei Galilei-Tiziano Belluno. Sabato alle 15 appuntamento con Scuola aperta. Approvato il Piano Triennale dell\u2019Offerta Formativa - Bellunopress - Dolomiti","isPartOf":{"@id":"https:\/\/www.bellunopress.it\/#website"},"primaryImageOfPage":{"@id":"https:\/\/www.bellunopress.it\/2025\/01\/12\/licei-galilei-tiziano-belluno-sabato-alle-15-appuntamento-con-scuola-aperta-approvato-il-piano-triennale-dellofferta-formativa\/#primaryimage"},"image":{"@id":"https:\/\/www.bellunopress.it\/2025\/01\/12\/licei-galilei-tiziano-belluno-sabato-alle-15-appuntamento-con-scuola-aperta-approvato-il-piano-triennale-dellofferta-formativa\/#primaryimage"},"thumbnailUrl":"https:\/\/www.bellunopress.it\/wp-content\/uploads\/2024\/11\/liceo-galilei-tiziano.jpg","datePublished":"2025-01-12T13:05:01+00:00","breadcrumb":{"@id":"https:\/\/www.bellunopress.it\/2025\/01\/12\/licei-galilei-tiziano-belluno-sabato-alle-15-appuntamento-con-scuola-aperta-approvato-il-piano-triennale-dellofferta-formativa\/#breadcrumb"},"inLanguage":"fr-FR","potentialAction":[{"@type":"ReadAction","target":["https:\/\/www.bellunopress.it\/2025\/01\/12\/licei-galilei-tiziano-belluno-sabato-alle-15-appuntamento-con-scuola-aperta-approvato-il-piano-triennale-dellofferta-formativa\/"]}]},{"@type":"ImageObject","inLanguage":"fr-FR","@id":"https:\/\/www.bellunopress.it\/2025\/01\/12\/licei-galilei-tiziano-belluno-sabato-alle-15-appuntamento-con-scuola-aperta-approvato-il-piano-triennale-dellofferta-formativa\/#primaryimage","url":"https:\/\/www.bellunopress.it\/wp-content\/uploads\/2024\/11\/liceo-galilei-tiziano.jpg","contentUrl":"https:\/\/www.bellunopress.it\/wp-content\/uploads\/2024\/11\/liceo-galilei-tiziano.jpg","width":960,"height":389,"caption":"Liceo Galilei\/Tiziano di Belluno"},{"@type":"BreadcrumbList","@id":"https:\/\/www.bellunopress.it\/2025\/01\/12\/licei-galilei-tiziano-belluno-sabato-alle-15-appuntamento-con-scuola-aperta-approvato-il-piano-triennale-dellofferta-formativa\/#breadcrumb","itemListElement":[{"@type":"ListItem","position":1,"name":"Home","item":"https:\/\/www.bellunopress.it\/"},{"@type":"ListItem","position":2,"name":"Licei Galilei-Tiziano Belluno. Sabato alle 15 appuntamento con Scuola aperta. Approvato il Piano Triennale dell\u2019Offerta Formativa"}]},{"@type":"WebSite","@id":"https:\/\/www.bellunopress.it\/#website","url":"https:\/\/www.bellunopress.it\/","name":"Bellunopress - Dolomiti","description":"e-mail: redazione@bellunopress.it","publisher":{"@id":"https:\/\/www.bellunopress.it\/#organization"},"potentialAction":[{"@type":"SearchAction","target":{"@type":"EntryPoint","urlTemplate":"https:\/\/www.bellunopress.it\/?s={search_term_string}"},"query-input":{"@type":"PropertyValueSpecification","valueRequired":true,"valueName":"search_term_string"}}],"inLanguage":"fr-FR"},{"@type":"Organization","@id":"https:\/\/www.bellunopress.it\/#organization","name":"Bellunopress","url":"https:\/\/www.bellunopress.it\/","logo":{"@type":"ImageObject","inLanguage":"fr-FR","@id":"https:\/\/www.bellunopress.it\/#\/schema\/logo\/image\/","url":"https:\/\/www.bellunopress.it\/wp-content\/uploads\/2011\/05\/cropped-logo-bellunopress-.jpg","contentUrl":"https:\/\/www.bellunopress.it\/wp-content\/uploads\/2011\/05\/cropped-logo-bellunopress-.jpg","width":512,"height":512,"caption":"Bellunopress"},"image":{"@id":"https:\/\/www.bellunopress.it\/#\/schema\/logo\/image\/"},"sameAs":["https:\/\/www.facebook.com\/profile.php?id=100008943462799","https:\/\/x.com\/bellunopress","https:\/\/www.linkedin.com\/hp\/?dnr=JBzUWaJfMUw8vbXJJ2tVW5-I3jZKvC4wsoxE&amp;amp;amp;amp;amp;amp;trk=nav_responsive_tab_home","https:\/\/www.youtube.com\/channel\/UCxL0wu1uN0_3_7hGG0306cw"]},{"@type":"Person","@id":"https:\/\/www.bellunopress.it\/#\/schema\/person\/79bb06722b37ece1c03d3e94beb30d73","name":"r\u00e9daction","image":{"@type":"ImageObject","inLanguage":"fr-FR","@id":"https:\/\/secure.gravatar.com\/avatar\/37d968a2e67a6fd04c169c4bdef102d0bc5d31b2546345219e348575eb80e9a0?s=96&d=mm&r=g","url":"https:\/\/secure.gravatar.com\/avatar\/37d968a2e67a6fd04c169c4bdef102d0bc5d31b2546345219e348575eb80e9a0?s=96&d=mm&r=g","contentUrl":"https:\/\/secure.gravatar.com\/avatar\/37d968a2e67a6fd04c169c4bdef102d0bc5d31b2546345219e348575eb80e9a0?s=96&d=mm&r=g","caption":"redazione"},"sameAs":["http:\/\/www.bellunopress.it","https:\/\/x.com\/bellunopress"],"url":"https:\/\/www.bellunopress.it\/fr\/author\/redazione\/"}]}},"_links":{"self":[{"href":"https:\/\/www.bellunopress.it\/fr\/wp-json\/wp\/v2\/posts\/156967","targetHints":{"allow":["GET"]}}],"collection":[{"href":"https:\/\/www.bellunopress.it\/fr\/wp-json\/wp\/v2\/posts"}],"about":[{"href":"https:\/\/www.bellunopress.it\/fr\/wp-json\/wp\/v2\/types\/post"}],"author":[{"embeddable":true,"href":"https:\/\/www.bellunopress.it\/fr\/wp-json\/wp\/v2\/users\/2"}],"replies":[{"embeddable":true,"href":"https:\/\/www.bellunopress.it\/fr\/wp-json\/wp\/v2\/comments?post=156967"}],"version-history":[{"count":1,"href":"https:\/\/www.bellunopress.it\/fr\/wp-json\/wp\/v2\/posts\/156967\/revisions"}],"predecessor-version":[{"id":156968,"href":"https:\/\/www.bellunopress.it\/fr\/wp-json\/wp\/v2\/posts\/156967\/revisions\/156968"}],"wp:featuredmedia":[{"embeddable":true,"href":"https:\/\/www.bellunopress.it\/fr\/wp-json\/wp\/v2\/media\/155836"}],"wp:attachment":[{"href":"https:\/\/www.bellunopress.it\/fr\/wp-json\/wp\/v2\/media?parent=156967"}],"wp:term":[{"taxonomy":"category","embeddable":true,"href":"https:\/\/www.bellunopress.it\/fr\/wp-json\/wp\/v2\/categories?post=156967"},{"taxonomy":"post_tag","embeddable":true,"href":"https:\/\/www.bellunopress.it\/fr\/wp-json\/wp\/v2\/tags?post=156967"}],"curies":[{"name":"wp","href":"https:\/\/api.w.org\/{rel}","templated":true}]}}