{"id":156962,"date":"2025-01-10T12:42:59","date_gmt":"2025-01-10T11:42:59","guid":{"rendered":"https:\/\/www.bellunopress.it\/?p=156962"},"modified":"2025-01-10T12:42:59","modified_gmt":"2025-01-10T11:42:59","slug":"un-viaggio-nei-testi-sacri-una-questione-di-genere-di-2000-anni-fa","status":"publish","type":"post","link":"https:\/\/www.bellunopress.it\/fr\/2025\/01\/10\/un-viaggio-nei-testi-sacri-una-questione-di-genere-di-2000-anni-fa\/","title":{"rendered":"Un viaggio nei testi sacri. Una questione di genere di 2000 anni fa"},"content":{"rendered":"<figure id=\"attachment_156963\" aria-describedby=\"caption-attachment-156963\" style=\"width: 1000px\" class=\"wp-caption aligncenter\"><img loading=\"lazy\" decoding=\"async\" class=\"size-full wp-image-156963\" src=\"https:\/\/www.bellunopress.it\/wp-content\/uploads\/2025\/01\/presidente-Fabio-Bona-con-Lucia-Andreina.jpg\" alt=\"\" width=\"1000\" height=\"750\" srcset=\"https:\/\/www.bellunopress.it\/wp-content\/uploads\/2025\/01\/presidente-Fabio-Bona-con-Lucia-Andreina.jpg 1000w, https:\/\/www.bellunopress.it\/wp-content\/uploads\/2025\/01\/presidente-Fabio-Bona-con-Lucia-Andreina-500x375.jpg 500w, https:\/\/www.bellunopress.it\/wp-content\/uploads\/2025\/01\/presidente-Fabio-Bona-con-Lucia-Andreina-560x420.jpg 560w, https:\/\/www.bellunopress.it\/wp-content\/uploads\/2025\/01\/presidente-Fabio-Bona-con-Lucia-Andreina-80x60.jpg 80w, https:\/\/www.bellunopress.it\/wp-content\/uploads\/2025\/01\/presidente-Fabio-Bona-con-Lucia-Andreina-696x522.jpg 696w\" sizes=\"auto, (max-width: 1000px) 100vw, 1000px\" \/><figcaption id=\"caption-attachment-156963\" class=\"wp-caption-text\">Il presidente della Confraternita Fabio Bona con Lucia Andreina<\/figcaption><\/figure>\n<p>Cesiomaggiore, 10.01.2025 &#8211; \u201cLa figura di Maria Maddalena nei primi testi cristiani, con un focus sul conflitto con Pietro e sulla questione di genere per l\u2019ottenimento della leadership\u201d. Di sicuro un argomento di grande interesse ma, assieme, anche quanto mai impegnativo.<\/p>\n<p>A presentarlo, durante la prima riunione 2025 della Confraternita del Formaggio Piave Dop, Lucia Andreina, giovane feltrina fresca di laurea magistrale con una tesi proprio centrata su Maddalena.<\/p>\n<p>Una ricerca che ha preso le mosse da una domanda: chi fu Maria Maddalena? Una discepola, un\u2019apostola, una dei Dodici? E poi, che parte ha avuto nella tradizione a commistione operata da papa Gregorio Magno tra le diverse Marie presenti in quella fase storica?<\/p>\n<p>Per cercare possibili soluzioni non c\u2019\u00e8 che un modo: ripartire dalla fonti primarie. Nello specifico, dai vangeli. \u201cIn generale, noi pensiamo che i vangeli siano quattro, con qualche appendice proposta dagli apocrifi. In realt\u00e0, ce ne sono poco meno di trecento suddivisi in tre grandi categorie: canonici, apocrifi e gnostici. La maggior parte di questi ultimi \u00e8 stata scoperta nel 1946 in alcune grotte presso Nag Hammadi, vicino a Luxor in Egitto.<br \/>\nL\u2019esame comparato dei diversi vangeli (diversi per i temi trattati e per il periodo cui risale la loco compilazione) ha permesso di far emergere non solo la figura della Maddalena ma, e soprattutto, le caratteristiche che hanno connotato i primi anni del Cristianesimo, orientativamente quelli compresi tra il 30 e il 50 d.C.<\/p>\n<p>\u201cChe Cristo sia stato un rivoluzionario non \u00e8 certo argomento da mettere in discussione. Un rivoluzionario le cui idee avevano finito con l\u2019incidere in modo radicale nella quotidianit\u00e0; rompendo, in particolare, il vincolo patriarcale\u201d.<br \/>\nL\u2019uguaglianza proclamata (\u201csiamo tutti figli di Dio\u201d) dal messaggio cristiano ha come diretta conseguenza l\u2019eliminazione di ogni sorta di gerarchia. E se si aggiunge che la chiesa dei primi anni era una chiesa domestica, piccoli gruppi di fedeli che si riunivano in case private &#8211; a fare da \u2018rete\u2019 erano le comunicazioni inviate da persone in continuo movimento, come san Paolo e le sue Lettere \u2013 case private dove l\u2019amministrazione era saldamente nelle mani delle donne.<\/p>\n<p>Appare, insomma, evidente che durante i primi anni del Cristianesimo c\u2019era una sostanziale parit\u00e0 di genere. Anzi, se si poteva parlare di supremazia, questa era appannaggio delle donne D\u2019altra parte, dopo la crocifissione e la resurrezione la scena \u00e8 occupata dalla donne.<br \/>\nIl decisivo cambio di passo matura verso il 70 d.C. La crescita del cristianesimo pone un problema gestionale. Come strutturare un movimento che non \u00e8 pi\u00f9 limitato agli ambiti familiari? Una volta ancora la ricerca \u00e8 supportata dalla fonti, quelle romane in particolare che hanno il notevole pregio di essere \u2018terze\u2019 e di non parteggiare per l\u2019una o l\u2019altra parte.<br \/>\nLa scelta \u00e8 quella di adottare il sistema che appariva praticamente perfetto e, certo, molto efficace: quello dell\u2019impero romano. Una scelta che si traduce quasi subito nel ripristino delle gerarchie e, specificamente, nelle gerarchie maschili.<\/p>\n<p>Considerando, poi, che le donne avevano certamente molto da dire, prende le mosse proprio da qui quel processo che ha condotto le donne a recitare un ruolo subalterno quando non anche a scomparire dalla scena, come si pu\u00f2 rilavare in molti scritti (Timoteo, lettera agli Efesini e lettera ai Colossesi \u2018Voi, mogli, state sottomesse ai mariti, come conviene nel Signore\u2019. In questa prospettiva mette conto ricordare che i vangeli pervenutici sono tutti successivi a questo periodo.<\/p>\n<p>Non \u00e8 inappropriato, insomma, sostenere che il contrasto tra Maddalena e Pietro rappresenta un serrato confronto tra una chiesa esoterica e gnostica (Maria) e una chiesa essoterica e ortodossa (Pietro); confronto che ha sancito il predominio di Pietro.<\/p>\n<p>Anche limitando lo studio ai pi\u00f9 recenti papati (da Paolo VI a Francesco) appare evidente che la questione di genere continua a proporre sempre l\u2019identico canone dell\u2019esclusione delle donne. Derivante da un atto storico di selezione delle fonti e di interpretazione dei testi, basto su scelte politiche e culturali di un\u2019epoca specifica.<\/p>\n<p>Non sono mancati, soprattutto in anni recenti, tentativi di affrontare in modo critico questa millenaria impostazione. Lo sono stati il libro \u2018Teologia della liberazione\u2019 del frate peruviano Gustavo Guti\u00e9rrez-Merino D\u00edaz e soprattutto la successiva \u2018Ermeneutica critica femminista di liberazione\u2019, opera della teologa statunitense Elisabeth Sch\u00fcssler Fiorenza. Tentativi che hanno suscitato un certo interesse ma, fino ad ora, non hanno intaccato i canoni ufficiali della Chiesa.<\/p>\n<p>&nbsp;<\/p>\n<p>&nbsp;<\/p>","protected":false},"excerpt":{"rendered":"<p>Cesiomaggiore, 10.01.2025 &#8211; \u201cLa figura di Maria Maddalena nei primi testi cristiani, con un focus sul conflitto con Pietro e sulla questione di genere per l\u2019ottenimento della leadership\u201d. Di sicuro un argomento di grande interesse ma, assieme, anche quanto mai impegnativo. A presentarlo, durante la prima riunione 2025 della Confraternita del Formaggio Piave Dop, Lucia [&hellip;]<\/p>\n","protected":false},"author":2,"featured_media":156963,"comment_status":"closed","ping_status":"open","sticky":false,"template":"","format":"standard","meta":{"footnotes":""},"categories":[3,25],"tags":[],"class_list":["post-156962","post","type-post","status-publish","format-standard","has-post-thumbnail","category-arte-cultura-spettacoli-scienza-archivi","category-pausa-caffe"],"yoast_head":"<!-- This site is optimized with the Yoast SEO plugin v28.4 - https:\/\/yoast.com\/product\/yoast-seo-wordpress\/ -->\n<title>Un viaggio nei testi sacri. Una questione di genere di 2000 anni fa - Bellunopress - Dolomiti<\/title>\n<meta name=\"robots\" content=\"index, follow, max-snippet:-1, max-image-preview:large, max-video-preview:-1\" \/>\n<link rel=\"canonical\" href=\"https:\/\/www.bellunopress.it\/fr\/2025\/01\/10\/un-viaggio-nei-testi-sacri-una-questione-di-genere-di-2000-anni-fa\/\" \/>\n<meta property=\"og:locale\" content=\"fr_FR\" \/>\n<meta property=\"og:type\" content=\"article\" \/>\n<meta property=\"og:title\" content=\"Un viaggio nei testi sacri. Una questione di genere di 2000 anni fa - Bellunopress - Dolomiti\" \/>\n<meta property=\"og:description\" content=\"Cesiomaggiore, 10.01.2025 &#8211; \u201cLa figura di Maria Maddalena nei primi testi cristiani, con un focus sul conflitto con Pietro e sulla questione di genere per l\u2019ottenimento della leadership\u201d. Di sicuro un argomento di grande interesse ma, assieme, anche quanto mai impegnativo. A presentarlo, durante la prima riunione 2025 della Confraternita del Formaggio Piave Dop, Lucia [&hellip;]\" \/>\n<meta property=\"og:url\" content=\"https:\/\/www.bellunopress.it\/fr\/2025\/01\/10\/un-viaggio-nei-testi-sacri-una-questione-di-genere-di-2000-anni-fa\/\" \/>\n<meta property=\"og:site_name\" content=\"Bellunopress - Dolomiti\" \/>\n<meta property=\"article:publisher\" content=\"https:\/\/www.facebook.com\/profile.php?id=100008943462799\" \/>\n<meta property=\"article:published_time\" content=\"2025-01-10T11:42:59+00:00\" \/>\n<meta property=\"og:image\" content=\"https:\/\/www.bellunopress.it\/wp-content\/uploads\/2025\/01\/presidente-Fabio-Bona-con-Lucia-Andreina.jpg\" \/>\n\t<meta property=\"og:image:width\" content=\"1000\" \/>\n\t<meta property=\"og:image:height\" content=\"750\" \/>\n\t<meta property=\"og:image:type\" content=\"image\/jpeg\" \/>\n<meta name=\"author\" content=\"redazione\" \/>\n<meta name=\"twitter:card\" content=\"summary_large_image\" \/>\n<meta name=\"twitter:creator\" content=\"@bellunopress\" \/>\n<meta name=\"twitter:site\" content=\"@bellunopress\" \/>\n<meta name=\"twitter:label1\" content=\"\u00c9crit par\" \/>\n\t<meta name=\"twitter:data1\" content=\"redazione\" \/>\n\t<meta name=\"twitter:label2\" content=\"Dur\u00e9e de lecture estim\u00e9e\" \/>\n\t<meta name=\"twitter:data2\" content=\"4 minutes\" \/>\n<script type=\"application\/ld+json\" class=\"yoast-schema-graph\">{\"@context\":\"https:\\\/\\\/schema.org\",\"@graph\":[{\"@type\":\"Article\",\"@id\":\"https:\\\/\\\/www.bellunopress.it\\\/2025\\\/01\\\/10\\\/un-viaggio-nei-testi-sacri-una-questione-di-genere-di-2000-anni-fa\\\/#article\",\"isPartOf\":{\"@id\":\"https:\\\/\\\/www.bellunopress.it\\\/2025\\\/01\\\/10\\\/un-viaggio-nei-testi-sacri-una-questione-di-genere-di-2000-anni-fa\\\/\"},\"author\":{\"name\":\"redazione\",\"@id\":\"https:\\\/\\\/www.bellunopress.it\\\/#\\\/schema\\\/person\\\/79bb06722b37ece1c03d3e94beb30d73\"},\"headline\":\"Un viaggio nei testi sacri. Una questione di genere di 2000 anni fa\",\"datePublished\":\"2025-01-10T11:42:59+00:00\",\"mainEntityOfPage\":{\"@id\":\"https:\\\/\\\/www.bellunopress.it\\\/2025\\\/01\\\/10\\\/un-viaggio-nei-testi-sacri-una-questione-di-genere-di-2000-anni-fa\\\/\"},\"wordCount\":752,\"publisher\":{\"@id\":\"https:\\\/\\\/www.bellunopress.it\\\/#organization\"},\"image\":{\"@id\":\"https:\\\/\\\/www.bellunopress.it\\\/2025\\\/01\\\/10\\\/un-viaggio-nei-testi-sacri-una-questione-di-genere-di-2000-anni-fa\\\/#primaryimage\"},\"thumbnailUrl\":\"https:\\\/\\\/www.bellunopress.it\\\/wp-content\\\/uploads\\\/2025\\\/01\\\/presidente-Fabio-Bona-con-Lucia-Andreina.jpg\",\"articleSection\":[\"Arte, Cultura, Spettacoli, Scienza\",\"Pausa Caff\u00e8\"],\"inLanguage\":\"fr-FR\"},{\"@type\":\"WebPage\",\"@id\":\"https:\\\/\\\/www.bellunopress.it\\\/2025\\\/01\\\/10\\\/un-viaggio-nei-testi-sacri-una-questione-di-genere-di-2000-anni-fa\\\/\",\"url\":\"https:\\\/\\\/www.bellunopress.it\\\/2025\\\/01\\\/10\\\/un-viaggio-nei-testi-sacri-una-questione-di-genere-di-2000-anni-fa\\\/\",\"name\":\"Un viaggio nei testi sacri. Una questione di genere di 2000 anni fa - Bellunopress - Dolomiti\",\"isPartOf\":{\"@id\":\"https:\\\/\\\/www.bellunopress.it\\\/#website\"},\"primaryImageOfPage\":{\"@id\":\"https:\\\/\\\/www.bellunopress.it\\\/2025\\\/01\\\/10\\\/un-viaggio-nei-testi-sacri-una-questione-di-genere-di-2000-anni-fa\\\/#primaryimage\"},\"image\":{\"@id\":\"https:\\\/\\\/www.bellunopress.it\\\/2025\\\/01\\\/10\\\/un-viaggio-nei-testi-sacri-una-questione-di-genere-di-2000-anni-fa\\\/#primaryimage\"},\"thumbnailUrl\":\"https:\\\/\\\/www.bellunopress.it\\\/wp-content\\\/uploads\\\/2025\\\/01\\\/presidente-Fabio-Bona-con-Lucia-Andreina.jpg\",\"datePublished\":\"2025-01-10T11:42:59+00:00\",\"breadcrumb\":{\"@id\":\"https:\\\/\\\/www.bellunopress.it\\\/2025\\\/01\\\/10\\\/un-viaggio-nei-testi-sacri-una-questione-di-genere-di-2000-anni-fa\\\/#breadcrumb\"},\"inLanguage\":\"fr-FR\",\"potentialAction\":[{\"@type\":\"ReadAction\",\"target\":[\"https:\\\/\\\/www.bellunopress.it\\\/2025\\\/01\\\/10\\\/un-viaggio-nei-testi-sacri-una-questione-di-genere-di-2000-anni-fa\\\/\"]}]},{\"@type\":\"ImageObject\",\"inLanguage\":\"fr-FR\",\"@id\":\"https:\\\/\\\/www.bellunopress.it\\\/2025\\\/01\\\/10\\\/un-viaggio-nei-testi-sacri-una-questione-di-genere-di-2000-anni-fa\\\/#primaryimage\",\"url\":\"https:\\\/\\\/www.bellunopress.it\\\/wp-content\\\/uploads\\\/2025\\\/01\\\/presidente-Fabio-Bona-con-Lucia-Andreina.jpg\",\"contentUrl\":\"https:\\\/\\\/www.bellunopress.it\\\/wp-content\\\/uploads\\\/2025\\\/01\\\/presidente-Fabio-Bona-con-Lucia-Andreina.jpg\",\"width\":1000,\"height\":750,\"caption\":\"Il presidente della Confraternita Fabio Bona con Lucia Andreina\"},{\"@type\":\"BreadcrumbList\",\"@id\":\"https:\\\/\\\/www.bellunopress.it\\\/2025\\\/01\\\/10\\\/un-viaggio-nei-testi-sacri-una-questione-di-genere-di-2000-anni-fa\\\/#breadcrumb\",\"itemListElement\":[{\"@type\":\"ListItem\",\"position\":1,\"name\":\"Home\",\"item\":\"https:\\\/\\\/www.bellunopress.it\\\/\"},{\"@type\":\"ListItem\",\"position\":2,\"name\":\"Un viaggio nei testi sacri. Una questione di genere di 2000 anni fa\"}]},{\"@type\":\"WebSite\",\"@id\":\"https:\\\/\\\/www.bellunopress.it\\\/#website\",\"url\":\"https:\\\/\\\/www.bellunopress.it\\\/\",\"name\":\"Bellunopress - Dolomiti\",\"description\":\"e-mail: redazione@bellunopress.it\",\"publisher\":{\"@id\":\"https:\\\/\\\/www.bellunopress.it\\\/#organization\"},\"potentialAction\":[{\"@type\":\"SearchAction\",\"target\":{\"@type\":\"EntryPoint\",\"urlTemplate\":\"https:\\\/\\\/www.bellunopress.it\\\/?s={search_term_string}\"},\"query-input\":{\"@type\":\"PropertyValueSpecification\",\"valueRequired\":true,\"valueName\":\"search_term_string\"}}],\"inLanguage\":\"fr-FR\"},{\"@type\":\"Organization\",\"@id\":\"https:\\\/\\\/www.bellunopress.it\\\/#organization\",\"name\":\"Bellunopress\",\"url\":\"https:\\\/\\\/www.bellunopress.it\\\/\",\"logo\":{\"@type\":\"ImageObject\",\"inLanguage\":\"fr-FR\",\"@id\":\"https:\\\/\\\/www.bellunopress.it\\\/#\\\/schema\\\/logo\\\/image\\\/\",\"url\":\"https:\\\/\\\/www.bellunopress.it\\\/wp-content\\\/uploads\\\/2011\\\/05\\\/cropped-logo-bellunopress-.jpg\",\"contentUrl\":\"https:\\\/\\\/www.bellunopress.it\\\/wp-content\\\/uploads\\\/2011\\\/05\\\/cropped-logo-bellunopress-.jpg\",\"width\":512,\"height\":512,\"caption\":\"Bellunopress\"},\"image\":{\"@id\":\"https:\\\/\\\/www.bellunopress.it\\\/#\\\/schema\\\/logo\\\/image\\\/\"},\"sameAs\":[\"https:\\\/\\\/www.facebook.com\\\/profile.php?id=100008943462799\",\"https:\\\/\\\/x.com\\\/bellunopress\",\"https:\\\/\\\/www.linkedin.com\\\/hp\\\/?dnr=JBzUWaJfMUw8vbXJJ2tVW5-I3jZKvC4wsoxE&amp;amp;amp;amp;amp;amp;trk=nav_responsive_tab_home\",\"https:\\\/\\\/www.youtube.com\\\/channel\\\/UCxL0wu1uN0_3_7hGG0306cw\"]},{\"@type\":\"Person\",\"@id\":\"https:\\\/\\\/www.bellunopress.it\\\/#\\\/schema\\\/person\\\/79bb06722b37ece1c03d3e94beb30d73\",\"name\":\"redazione\",\"image\":{\"@type\":\"ImageObject\",\"inLanguage\":\"fr-FR\",\"@id\":\"https:\\\/\\\/secure.gravatar.com\\\/avatar\\\/37d968a2e67a6fd04c169c4bdef102d0bc5d31b2546345219e348575eb80e9a0?s=96&d=mm&r=g\",\"url\":\"https:\\\/\\\/secure.gravatar.com\\\/avatar\\\/37d968a2e67a6fd04c169c4bdef102d0bc5d31b2546345219e348575eb80e9a0?s=96&d=mm&r=g\",\"contentUrl\":\"https:\\\/\\\/secure.gravatar.com\\\/avatar\\\/37d968a2e67a6fd04c169c4bdef102d0bc5d31b2546345219e348575eb80e9a0?s=96&d=mm&r=g\",\"caption\":\"redazione\"},\"sameAs\":[\"http:\\\/\\\/www.bellunopress.it\",\"https:\\\/\\\/x.com\\\/bellunopress\"],\"url\":\"https:\\\/\\\/www.bellunopress.it\\\/fr\\\/author\\\/redazione\\\/\"}]}<\/script>\n<!-- \/ Yoast SEO plugin. -->","yoast_head_json":{"title":"Un viaggio nei testi sacri. Una questione di genere di 2000 anni fa - Bellunopress - Dolomiti","robots":{"index":"index","follow":"follow","max-snippet":"max-snippet:-1","max-image-preview":"max-image-preview:large","max-video-preview":"max-video-preview:-1"},"canonical":"https:\/\/www.bellunopress.it\/fr\/2025\/01\/10\/un-viaggio-nei-testi-sacri-una-questione-di-genere-di-2000-anni-fa\/","og_locale":"fr_FR","og_type":"article","og_title":"Un viaggio nei testi sacri. Una questione di genere di 2000 anni fa - Bellunopress - Dolomiti","og_description":"Cesiomaggiore, 10.01.2025 &#8211; \u201cLa figura di Maria Maddalena nei primi testi cristiani, con un focus sul conflitto con Pietro e sulla questione di genere per l\u2019ottenimento della leadership\u201d. Di sicuro un argomento di grande interesse ma, assieme, anche quanto mai impegnativo. A presentarlo, durante la prima riunione 2025 della Confraternita del Formaggio Piave Dop, Lucia [&hellip;]","og_url":"https:\/\/www.bellunopress.it\/fr\/2025\/01\/10\/un-viaggio-nei-testi-sacri-una-questione-di-genere-di-2000-anni-fa\/","og_site_name":"Bellunopress - Dolomiti","article_publisher":"https:\/\/www.facebook.com\/profile.php?id=100008943462799","article_published_time":"2025-01-10T11:42:59+00:00","og_image":[{"width":1000,"height":750,"url":"https:\/\/www.bellunopress.it\/wp-content\/uploads\/2025\/01\/presidente-Fabio-Bona-con-Lucia-Andreina.jpg","type":"image\/jpeg"}],"author":"redazione","twitter_card":"summary_large_image","twitter_creator":"@bellunopress","twitter_site":"@bellunopress","twitter_misc":{"\u00c9crit par":"redazione","Dur\u00e9e de lecture estim\u00e9e":"4 minutes"},"schema":{"@context":"https:\/\/schema.org","@graph":[{"@type":"Article","@id":"https:\/\/www.bellunopress.it\/2025\/01\/10\/un-viaggio-nei-testi-sacri-una-questione-di-genere-di-2000-anni-fa\/#article","isPartOf":{"@id":"https:\/\/www.bellunopress.it\/2025\/01\/10\/un-viaggio-nei-testi-sacri-una-questione-di-genere-di-2000-anni-fa\/"},"author":{"name":"redazione","@id":"https:\/\/www.bellunopress.it\/#\/schema\/person\/79bb06722b37ece1c03d3e94beb30d73"},"headline":"Un viaggio nei testi sacri. Una questione di genere di 2000 anni fa","datePublished":"2025-01-10T11:42:59+00:00","mainEntityOfPage":{"@id":"https:\/\/www.bellunopress.it\/2025\/01\/10\/un-viaggio-nei-testi-sacri-una-questione-di-genere-di-2000-anni-fa\/"},"wordCount":752,"publisher":{"@id":"https:\/\/www.bellunopress.it\/#organization"},"image":{"@id":"https:\/\/www.bellunopress.it\/2025\/01\/10\/un-viaggio-nei-testi-sacri-una-questione-di-genere-di-2000-anni-fa\/#primaryimage"},"thumbnailUrl":"https:\/\/www.bellunopress.it\/wp-content\/uploads\/2025\/01\/presidente-Fabio-Bona-con-Lucia-Andreina.jpg","articleSection":["Arte, Cultura, Spettacoli, Scienza","Pausa Caff\u00e8"],"inLanguage":"fr-FR"},{"@type":"WebPage","@id":"https:\/\/www.bellunopress.it\/2025\/01\/10\/un-viaggio-nei-testi-sacri-una-questione-di-genere-di-2000-anni-fa\/","url":"https:\/\/www.bellunopress.it\/2025\/01\/10\/un-viaggio-nei-testi-sacri-una-questione-di-genere-di-2000-anni-fa\/","name":"Un viaggio nei testi sacri. Una questione di genere di 2000 anni fa - Bellunopress - Dolomiti","isPartOf":{"@id":"https:\/\/www.bellunopress.it\/#website"},"primaryImageOfPage":{"@id":"https:\/\/www.bellunopress.it\/2025\/01\/10\/un-viaggio-nei-testi-sacri-una-questione-di-genere-di-2000-anni-fa\/#primaryimage"},"image":{"@id":"https:\/\/www.bellunopress.it\/2025\/01\/10\/un-viaggio-nei-testi-sacri-una-questione-di-genere-di-2000-anni-fa\/#primaryimage"},"thumbnailUrl":"https:\/\/www.bellunopress.it\/wp-content\/uploads\/2025\/01\/presidente-Fabio-Bona-con-Lucia-Andreina.jpg","datePublished":"2025-01-10T11:42:59+00:00","breadcrumb":{"@id":"https:\/\/www.bellunopress.it\/2025\/01\/10\/un-viaggio-nei-testi-sacri-una-questione-di-genere-di-2000-anni-fa\/#breadcrumb"},"inLanguage":"fr-FR","potentialAction":[{"@type":"ReadAction","target":["https:\/\/www.bellunopress.it\/2025\/01\/10\/un-viaggio-nei-testi-sacri-una-questione-di-genere-di-2000-anni-fa\/"]}]},{"@type":"ImageObject","inLanguage":"fr-FR","@id":"https:\/\/www.bellunopress.it\/2025\/01\/10\/un-viaggio-nei-testi-sacri-una-questione-di-genere-di-2000-anni-fa\/#primaryimage","url":"https:\/\/www.bellunopress.it\/wp-content\/uploads\/2025\/01\/presidente-Fabio-Bona-con-Lucia-Andreina.jpg","contentUrl":"https:\/\/www.bellunopress.it\/wp-content\/uploads\/2025\/01\/presidente-Fabio-Bona-con-Lucia-Andreina.jpg","width":1000,"height":750,"caption":"Il presidente della Confraternita Fabio Bona con Lucia Andreina"},{"@type":"BreadcrumbList","@id":"https:\/\/www.bellunopress.it\/2025\/01\/10\/un-viaggio-nei-testi-sacri-una-questione-di-genere-di-2000-anni-fa\/#breadcrumb","itemListElement":[{"@type":"ListItem","position":1,"name":"Home","item":"https:\/\/www.bellunopress.it\/"},{"@type":"ListItem","position":2,"name":"Un viaggio nei testi sacri. Una questione di genere di 2000 anni fa"}]},{"@type":"WebSite","@id":"https:\/\/www.bellunopress.it\/#website","url":"https:\/\/www.bellunopress.it\/","name":"Bellunopress - Dolomiti","description":"e-mail: redazione@bellunopress.it","publisher":{"@id":"https:\/\/www.bellunopress.it\/#organization"},"potentialAction":[{"@type":"SearchAction","target":{"@type":"EntryPoint","urlTemplate":"https:\/\/www.bellunopress.it\/?s={search_term_string}"},"query-input":{"@type":"PropertyValueSpecification","valueRequired":true,"valueName":"search_term_string"}}],"inLanguage":"fr-FR"},{"@type":"Organization","@id":"https:\/\/www.bellunopress.it\/#organization","name":"Bellunopress","url":"https:\/\/www.bellunopress.it\/","logo":{"@type":"ImageObject","inLanguage":"fr-FR","@id":"https:\/\/www.bellunopress.it\/#\/schema\/logo\/image\/","url":"https:\/\/www.bellunopress.it\/wp-content\/uploads\/2011\/05\/cropped-logo-bellunopress-.jpg","contentUrl":"https:\/\/www.bellunopress.it\/wp-content\/uploads\/2011\/05\/cropped-logo-bellunopress-.jpg","width":512,"height":512,"caption":"Bellunopress"},"image":{"@id":"https:\/\/www.bellunopress.it\/#\/schema\/logo\/image\/"},"sameAs":["https:\/\/www.facebook.com\/profile.php?id=100008943462799","https:\/\/x.com\/bellunopress","https:\/\/www.linkedin.com\/hp\/?dnr=JBzUWaJfMUw8vbXJJ2tVW5-I3jZKvC4wsoxE&amp;amp;amp;amp;amp;amp;trk=nav_responsive_tab_home","https:\/\/www.youtube.com\/channel\/UCxL0wu1uN0_3_7hGG0306cw"]},{"@type":"Person","@id":"https:\/\/www.bellunopress.it\/#\/schema\/person\/79bb06722b37ece1c03d3e94beb30d73","name":"r\u00e9daction","image":{"@type":"ImageObject","inLanguage":"fr-FR","@id":"https:\/\/secure.gravatar.com\/avatar\/37d968a2e67a6fd04c169c4bdef102d0bc5d31b2546345219e348575eb80e9a0?s=96&d=mm&r=g","url":"https:\/\/secure.gravatar.com\/avatar\/37d968a2e67a6fd04c169c4bdef102d0bc5d31b2546345219e348575eb80e9a0?s=96&d=mm&r=g","contentUrl":"https:\/\/secure.gravatar.com\/avatar\/37d968a2e67a6fd04c169c4bdef102d0bc5d31b2546345219e348575eb80e9a0?s=96&d=mm&r=g","caption":"redazione"},"sameAs":["http:\/\/www.bellunopress.it","https:\/\/x.com\/bellunopress"],"url":"https:\/\/www.bellunopress.it\/fr\/author\/redazione\/"}]}},"_links":{"self":[{"href":"https:\/\/www.bellunopress.it\/fr\/wp-json\/wp\/v2\/posts\/156962","targetHints":{"allow":["GET"]}}],"collection":[{"href":"https:\/\/www.bellunopress.it\/fr\/wp-json\/wp\/v2\/posts"}],"about":[{"href":"https:\/\/www.bellunopress.it\/fr\/wp-json\/wp\/v2\/types\/post"}],"author":[{"embeddable":true,"href":"https:\/\/www.bellunopress.it\/fr\/wp-json\/wp\/v2\/users\/2"}],"replies":[{"embeddable":true,"href":"https:\/\/www.bellunopress.it\/fr\/wp-json\/wp\/v2\/comments?post=156962"}],"version-history":[{"count":1,"href":"https:\/\/www.bellunopress.it\/fr\/wp-json\/wp\/v2\/posts\/156962\/revisions"}],"predecessor-version":[{"id":156964,"href":"https:\/\/www.bellunopress.it\/fr\/wp-json\/wp\/v2\/posts\/156962\/revisions\/156964"}],"wp:featuredmedia":[{"embeddable":true,"href":"https:\/\/www.bellunopress.it\/fr\/wp-json\/wp\/v2\/media\/156963"}],"wp:attachment":[{"href":"https:\/\/www.bellunopress.it\/fr\/wp-json\/wp\/v2\/media?parent=156962"}],"wp:term":[{"taxonomy":"category","embeddable":true,"href":"https:\/\/www.bellunopress.it\/fr\/wp-json\/wp\/v2\/categories?post=156962"},{"taxonomy":"post_tag","embeddable":true,"href":"https:\/\/www.bellunopress.it\/fr\/wp-json\/wp\/v2\/tags?post=156962"}],"curies":[{"name":"wp","href":"https:\/\/api.w.org\/{rel}","templated":true}]}}