{"id":156824,"date":"2025-01-06T09:04:27","date_gmt":"2025-01-06T08:04:27","guid":{"rendered":"https:\/\/www.bellunopress.it\/?p=156824"},"modified":"2025-01-06T09:04:27","modified_gmt":"2025-01-06T08:04:27","slug":"goggia-e-vonn-le-protagoniste-mondiali-della-velocita-in-allenamento-in-val-di-fassa","status":"publish","type":"post","link":"https:\/\/www.bellunopress.it\/fr\/2025\/01\/06\/goggia-e-vonn-le-protagoniste-mondiali-della-velocita-in-allenamento-in-val-di-fassa\/","title":{"rendered":"Goggia e Vonn, le protagoniste mondiali della velocit\u00e0 in allenamento in Val di Fassa"},"content":{"rendered":"<p><img loading=\"lazy\" decoding=\"async\" class=\"aligncenter size-full wp-image-156825\" src=\"https:\/\/www.bellunopress.it\/wp-content\/uploads\/2025\/01\/Val-di-Fassa-Ski-Area-San-Pellegrino.jpg\" alt=\"\" width=\"478\" height=\"550\" srcset=\"https:\/\/www.bellunopress.it\/wp-content\/uploads\/2025\/01\/Val-di-Fassa-Ski-Area-San-Pellegrino.jpg 478w, https:\/\/www.bellunopress.it\/wp-content\/uploads\/2025\/01\/Val-di-Fassa-Ski-Area-San-Pellegrino-435x500.jpg 435w, https:\/\/www.bellunopress.it\/wp-content\/uploads\/2025\/01\/Val-di-Fassa-Ski-Area-San-Pellegrino-365x420.jpg 365w\" sizes=\"auto, (max-width: 478px) 100vw, 478px\" \/>Val di Fassa \u2013 Ski Area San Pellegrino, domenica 5 gennaio 2024 &#8211; Seconda giornata di allenamento delle atlete azzurre gruppo Coppa del Mondo e Coppa Europa, accompagnate da un plotone di atlete di altre nazionalit\u00e0 tra cui Francia, US Ski Team, Australia, Bosnia Erzegovina e Repubblica Ceca. Grande entusiasmo per la presenza di una ritrovata protagonista regina del Circo Bianco ovvero la statunitense plurimedagliata, Lindsey Vonn. Le atlete si sono date appuntamento alle prime luci del giorno al Col Margherita \u2013 Ski Area San Pellegrino per la seconda giornata di allenamento di velocit\u00e0 su l&#8217;iconica pista della velocit\u00e0 femminile La VolatA e sulla pista Laresei per le pi\u00f9 giovani.<\/p>\n<p>Da oggi al gruppo della nazionale italiana di Coppa del Mondo, oggi presente con Elena Curtoni, le sorelle Nicol e Nadia Delago e le atlete di Coppa Europa si aggiunger\u00e0 il gruppo Elite composto da Sofia Goggia, Federica Brignone, Laura Pirovano e Melesi.<br \/>\nL&#8217;orario di inizio allenamenti, fissato anche per domani dal tecnico federale Giovanni Feltrin, \u00e8 dalle ore 7.15 fino alle 10.30, confidando ancora nelle condizioni favorevoli del vento e visibilit\u00e0.<\/p>\n<p>Perfette sin qui le condizioni di preparazione del La Volata, una delle otto piste del Progetto Piste Azzurre che vede la Val di Fassa al fianco della FISI come centro di allenamento esclusivo delle squadre nazionali. La preparazione delle piste ha garantito sin qui a tutte le atlete presenti, ottime sessioni di allenamento, prima della riapertura delle piste all&#8217;utenza turistica.<\/p>\n<p>Grande entusiasmo e curiosit\u00e0 tra gli sciatori presenti per la presenza della fuoriclasse statunitense Lindsey Vonn che \u00e8 da poco tornata alle competizioni seguita anche in Val di Fassa dal suo storico allenatore neozelandese Chris Knight che \u00e8 di casa sulle Piste Azzurre.<\/p>\n<p>Gli allenamenti allo Ski Stadium Aloch previsti per marted\u00ec 7 di gigante sul muro, inizieranno alle ore 8.15 e termineranno alle 11.45.<\/p>\n<p>Come sempre i programmi sono suscettibili di eventuali variazioni anche dell&#8217;ultimo momento, in base alle condizioni meteo.<\/p>","protected":false},"excerpt":{"rendered":"<p>Val di Fassa \u2013 Ski Area San Pellegrino, domenica 5 gennaio 2024 &#8211; Seconda giornata di allenamento delle atlete azzurre gruppo Coppa del Mondo e Coppa Europa, accompagnate da un plotone di atlete di altre nazionalit\u00e0 tra cui Francia, US Ski Team, Australia, Bosnia Erzegovina e Repubblica Ceca. Grande entusiasmo per la presenza di una [&hellip;]<\/p>\n","protected":false},"author":2,"featured_media":156825,"comment_status":"closed","ping_status":"open","sticky":false,"template":"","format":"standard","meta":{"footnotes":""},"categories":[26,4],"tags":[],"class_list":["post-156824","post","type-post","status-publish","format-standard","has-post-thumbnail","category-prima-pagina","category-sport"],"yoast_head":"<!-- This site is optimized with the Yoast SEO plugin v28.4 - https:\/\/yoast.com\/product\/yoast-seo-wordpress\/ -->\n<title>Goggia e Vonn, le protagoniste mondiali della velocit\u00e0 in allenamento in Val di Fassa - Bellunopress - Dolomiti<\/title>\n<meta name=\"robots\" content=\"index, follow, max-snippet:-1, max-image-preview:large, max-video-preview:-1\" \/>\n<link rel=\"canonical\" href=\"https:\/\/www.bellunopress.it\/fr\/2025\/01\/06\/goggia-e-vonn-le-protagoniste-mondiali-della-velocita-in-allenamento-in-val-di-fassa\/\" \/>\n<meta property=\"og:locale\" content=\"fr_FR\" \/>\n<meta property=\"og:type\" content=\"article\" \/>\n<meta property=\"og:title\" content=\"Goggia e Vonn, le protagoniste mondiali della velocit\u00e0 in allenamento in Val di Fassa - Bellunopress - Dolomiti\" \/>\n<meta property=\"og:description\" content=\"Val di Fassa \u2013 Ski Area San Pellegrino, domenica 5 gennaio 2024 &#8211; Seconda giornata di allenamento delle atlete azzurre gruppo Coppa del Mondo e Coppa Europa, accompagnate da un plotone di atlete di altre nazionalit\u00e0 tra cui Francia, US Ski Team, Australia, Bosnia Erzegovina e Repubblica Ceca. Grande entusiasmo per la presenza di una [&hellip;]\" \/>\n<meta property=\"og:url\" content=\"https:\/\/www.bellunopress.it\/fr\/2025\/01\/06\/goggia-e-vonn-le-protagoniste-mondiali-della-velocita-in-allenamento-in-val-di-fassa\/\" \/>\n<meta property=\"og:site_name\" content=\"Bellunopress - Dolomiti\" \/>\n<meta property=\"article:publisher\" content=\"https:\/\/www.facebook.com\/profile.php?id=100008943462799\" \/>\n<meta property=\"article:published_time\" content=\"2025-01-06T08:04:27+00:00\" \/>\n<meta property=\"og:image\" content=\"https:\/\/www.bellunopress.it\/wp-content\/uploads\/2025\/01\/Val-di-Fassa-Ski-Area-San-Pellegrino.jpg\" \/>\n\t<meta property=\"og:image:width\" content=\"478\" \/>\n\t<meta property=\"og:image:height\" content=\"550\" \/>\n\t<meta property=\"og:image:type\" content=\"image\/jpeg\" \/>\n<meta name=\"author\" content=\"redazione\" \/>\n<meta name=\"twitter:card\" content=\"summary_large_image\" \/>\n<meta name=\"twitter:creator\" content=\"@bellunopress\" \/>\n<meta name=\"twitter:site\" content=\"@bellunopress\" \/>\n<meta name=\"twitter:label1\" content=\"\u00c9crit par\" \/>\n\t<meta name=\"twitter:data1\" content=\"redazione\" \/>\n\t<meta name=\"twitter:label2\" content=\"Dur\u00e9e de lecture estim\u00e9e\" \/>\n\t<meta name=\"twitter:data2\" content=\"2 minutes\" \/>\n<script type=\"application\/ld+json\" class=\"yoast-schema-graph\">{\"@context\":\"https:\\\/\\\/schema.org\",\"@graph\":[{\"@type\":\"Article\",\"@id\":\"https:\\\/\\\/www.bellunopress.it\\\/2025\\\/01\\\/06\\\/goggia-e-vonn-le-protagoniste-mondiali-della-velocita-in-allenamento-in-val-di-fassa\\\/#article\",\"isPartOf\":{\"@id\":\"https:\\\/\\\/www.bellunopress.it\\\/2025\\\/01\\\/06\\\/goggia-e-vonn-le-protagoniste-mondiali-della-velocita-in-allenamento-in-val-di-fassa\\\/\"},\"author\":{\"name\":\"redazione\",\"@id\":\"https:\\\/\\\/www.bellunopress.it\\\/#\\\/schema\\\/person\\\/79bb06722b37ece1c03d3e94beb30d73\"},\"headline\":\"Goggia e Vonn, le protagoniste mondiali della velocit\u00e0 in allenamento in Val di Fassa\",\"datePublished\":\"2025-01-06T08:04:27+00:00\",\"mainEntityOfPage\":{\"@id\":\"https:\\\/\\\/www.bellunopress.it\\\/2025\\\/01\\\/06\\\/goggia-e-vonn-le-protagoniste-mondiali-della-velocita-in-allenamento-in-val-di-fassa\\\/\"},\"wordCount\":330,\"publisher\":{\"@id\":\"https:\\\/\\\/www.bellunopress.it\\\/#organization\"},\"image\":{\"@id\":\"https:\\\/\\\/www.bellunopress.it\\\/2025\\\/01\\\/06\\\/goggia-e-vonn-le-protagoniste-mondiali-della-velocita-in-allenamento-in-val-di-fassa\\\/#primaryimage\"},\"thumbnailUrl\":\"https:\\\/\\\/www.bellunopress.it\\\/wp-content\\\/uploads\\\/2025\\\/01\\\/Val-di-Fassa-Ski-Area-San-Pellegrino.jpg\",\"articleSection\":[\"Prima Pagina\",\"Sport, tempo libero\"],\"inLanguage\":\"fr-FR\"},{\"@type\":\"WebPage\",\"@id\":\"https:\\\/\\\/www.bellunopress.it\\\/2025\\\/01\\\/06\\\/goggia-e-vonn-le-protagoniste-mondiali-della-velocita-in-allenamento-in-val-di-fassa\\\/\",\"url\":\"https:\\\/\\\/www.bellunopress.it\\\/2025\\\/01\\\/06\\\/goggia-e-vonn-le-protagoniste-mondiali-della-velocita-in-allenamento-in-val-di-fassa\\\/\",\"name\":\"Goggia e Vonn, le protagoniste mondiali della velocit\u00e0 in allenamento in Val di Fassa - Bellunopress - Dolomiti\",\"isPartOf\":{\"@id\":\"https:\\\/\\\/www.bellunopress.it\\\/#website\"},\"primaryImageOfPage\":{\"@id\":\"https:\\\/\\\/www.bellunopress.it\\\/2025\\\/01\\\/06\\\/goggia-e-vonn-le-protagoniste-mondiali-della-velocita-in-allenamento-in-val-di-fassa\\\/#primaryimage\"},\"image\":{\"@id\":\"https:\\\/\\\/www.bellunopress.it\\\/2025\\\/01\\\/06\\\/goggia-e-vonn-le-protagoniste-mondiali-della-velocita-in-allenamento-in-val-di-fassa\\\/#primaryimage\"},\"thumbnailUrl\":\"https:\\\/\\\/www.bellunopress.it\\\/wp-content\\\/uploads\\\/2025\\\/01\\\/Val-di-Fassa-Ski-Area-San-Pellegrino.jpg\",\"datePublished\":\"2025-01-06T08:04:27+00:00\",\"breadcrumb\":{\"@id\":\"https:\\\/\\\/www.bellunopress.it\\\/2025\\\/01\\\/06\\\/goggia-e-vonn-le-protagoniste-mondiali-della-velocita-in-allenamento-in-val-di-fassa\\\/#breadcrumb\"},\"inLanguage\":\"fr-FR\",\"potentialAction\":[{\"@type\":\"ReadAction\",\"target\":[\"https:\\\/\\\/www.bellunopress.it\\\/2025\\\/01\\\/06\\\/goggia-e-vonn-le-protagoniste-mondiali-della-velocita-in-allenamento-in-val-di-fassa\\\/\"]}]},{\"@type\":\"ImageObject\",\"inLanguage\":\"fr-FR\",\"@id\":\"https:\\\/\\\/www.bellunopress.it\\\/2025\\\/01\\\/06\\\/goggia-e-vonn-le-protagoniste-mondiali-della-velocita-in-allenamento-in-val-di-fassa\\\/#primaryimage\",\"url\":\"https:\\\/\\\/www.bellunopress.it\\\/wp-content\\\/uploads\\\/2025\\\/01\\\/Val-di-Fassa-Ski-Area-San-Pellegrino.jpg\",\"contentUrl\":\"https:\\\/\\\/www.bellunopress.it\\\/wp-content\\\/uploads\\\/2025\\\/01\\\/Val-di-Fassa-Ski-Area-San-Pellegrino.jpg\",\"width\":478,\"height\":550},{\"@type\":\"BreadcrumbList\",\"@id\":\"https:\\\/\\\/www.bellunopress.it\\\/2025\\\/01\\\/06\\\/goggia-e-vonn-le-protagoniste-mondiali-della-velocita-in-allenamento-in-val-di-fassa\\\/#breadcrumb\",\"itemListElement\":[{\"@type\":\"ListItem\",\"position\":1,\"name\":\"Home\",\"item\":\"https:\\\/\\\/www.bellunopress.it\\\/\"},{\"@type\":\"ListItem\",\"position\":2,\"name\":\"Goggia e Vonn, le protagoniste mondiali della velocit\u00e0 in allenamento in Val di Fassa\"}]},{\"@type\":\"WebSite\",\"@id\":\"https:\\\/\\\/www.bellunopress.it\\\/#website\",\"url\":\"https:\\\/\\\/www.bellunopress.it\\\/\",\"name\":\"Bellunopress - Dolomiti\",\"description\":\"e-mail: redazione@bellunopress.it\",\"publisher\":{\"@id\":\"https:\\\/\\\/www.bellunopress.it\\\/#organization\"},\"potentialAction\":[{\"@type\":\"SearchAction\",\"target\":{\"@type\":\"EntryPoint\",\"urlTemplate\":\"https:\\\/\\\/www.bellunopress.it\\\/?s={search_term_string}\"},\"query-input\":{\"@type\":\"PropertyValueSpecification\",\"valueRequired\":true,\"valueName\":\"search_term_string\"}}],\"inLanguage\":\"fr-FR\"},{\"@type\":\"Organization\",\"@id\":\"https:\\\/\\\/www.bellunopress.it\\\/#organization\",\"name\":\"Bellunopress\",\"url\":\"https:\\\/\\\/www.bellunopress.it\\\/\",\"logo\":{\"@type\":\"ImageObject\",\"inLanguage\":\"fr-FR\",\"@id\":\"https:\\\/\\\/www.bellunopress.it\\\/#\\\/schema\\\/logo\\\/image\\\/\",\"url\":\"https:\\\/\\\/www.bellunopress.it\\\/wp-content\\\/uploads\\\/2011\\\/05\\\/cropped-logo-bellunopress-.jpg\",\"contentUrl\":\"https:\\\/\\\/www.bellunopress.it\\\/wp-content\\\/uploads\\\/2011\\\/05\\\/cropped-logo-bellunopress-.jpg\",\"width\":512,\"height\":512,\"caption\":\"Bellunopress\"},\"image\":{\"@id\":\"https:\\\/\\\/www.bellunopress.it\\\/#\\\/schema\\\/logo\\\/image\\\/\"},\"sameAs\":[\"https:\\\/\\\/www.facebook.com\\\/profile.php?id=100008943462799\",\"https:\\\/\\\/x.com\\\/bellunopress\",\"https:\\\/\\\/www.linkedin.com\\\/hp\\\/?dnr=JBzUWaJfMUw8vbXJJ2tVW5-I3jZKvC4wsoxE&amp;amp;amp;amp;amp;amp;trk=nav_responsive_tab_home\",\"https:\\\/\\\/www.youtube.com\\\/channel\\\/UCxL0wu1uN0_3_7hGG0306cw\"]},{\"@type\":\"Person\",\"@id\":\"https:\\\/\\\/www.bellunopress.it\\\/#\\\/schema\\\/person\\\/79bb06722b37ece1c03d3e94beb30d73\",\"name\":\"redazione\",\"image\":{\"@type\":\"ImageObject\",\"inLanguage\":\"fr-FR\",\"@id\":\"https:\\\/\\\/secure.gravatar.com\\\/avatar\\\/37d968a2e67a6fd04c169c4bdef102d0bc5d31b2546345219e348575eb80e9a0?s=96&d=mm&r=g\",\"url\":\"https:\\\/\\\/secure.gravatar.com\\\/avatar\\\/37d968a2e67a6fd04c169c4bdef102d0bc5d31b2546345219e348575eb80e9a0?s=96&d=mm&r=g\",\"contentUrl\":\"https:\\\/\\\/secure.gravatar.com\\\/avatar\\\/37d968a2e67a6fd04c169c4bdef102d0bc5d31b2546345219e348575eb80e9a0?s=96&d=mm&r=g\",\"caption\":\"redazione\"},\"sameAs\":[\"http:\\\/\\\/www.bellunopress.it\",\"https:\\\/\\\/x.com\\\/bellunopress\"],\"url\":\"https:\\\/\\\/www.bellunopress.it\\\/fr\\\/author\\\/redazione\\\/\"}]}<\/script>\n<!-- \/ Yoast SEO plugin. -->","yoast_head_json":{"title":"Goggia e Vonn, le protagoniste mondiali della velocit\u00e0 in allenamento in Val di Fassa - Bellunopress - Dolomiti","robots":{"index":"index","follow":"follow","max-snippet":"max-snippet:-1","max-image-preview":"max-image-preview:large","max-video-preview":"max-video-preview:-1"},"canonical":"https:\/\/www.bellunopress.it\/fr\/2025\/01\/06\/goggia-e-vonn-le-protagoniste-mondiali-della-velocita-in-allenamento-in-val-di-fassa\/","og_locale":"fr_FR","og_type":"article","og_title":"Goggia e Vonn, le protagoniste mondiali della velocit\u00e0 in allenamento in Val di Fassa - Bellunopress - Dolomiti","og_description":"Val di Fassa \u2013 Ski Area San Pellegrino, domenica 5 gennaio 2024 &#8211; Seconda giornata di allenamento delle atlete azzurre gruppo Coppa del Mondo e Coppa Europa, accompagnate da un plotone di atlete di altre nazionalit\u00e0 tra cui Francia, US Ski Team, Australia, Bosnia Erzegovina e Repubblica Ceca. Grande entusiasmo per la presenza di una [&hellip;]","og_url":"https:\/\/www.bellunopress.it\/fr\/2025\/01\/06\/goggia-e-vonn-le-protagoniste-mondiali-della-velocita-in-allenamento-in-val-di-fassa\/","og_site_name":"Bellunopress - Dolomiti","article_publisher":"https:\/\/www.facebook.com\/profile.php?id=100008943462799","article_published_time":"2025-01-06T08:04:27+00:00","og_image":[{"width":478,"height":550,"url":"https:\/\/www.bellunopress.it\/wp-content\/uploads\/2025\/01\/Val-di-Fassa-Ski-Area-San-Pellegrino.jpg","type":"image\/jpeg"}],"author":"redazione","twitter_card":"summary_large_image","twitter_creator":"@bellunopress","twitter_site":"@bellunopress","twitter_misc":{"\u00c9crit par":"redazione","Dur\u00e9e de lecture estim\u00e9e":"2 minutes"},"schema":{"@context":"https:\/\/schema.org","@graph":[{"@type":"Article","@id":"https:\/\/www.bellunopress.it\/2025\/01\/06\/goggia-e-vonn-le-protagoniste-mondiali-della-velocita-in-allenamento-in-val-di-fassa\/#article","isPartOf":{"@id":"https:\/\/www.bellunopress.it\/2025\/01\/06\/goggia-e-vonn-le-protagoniste-mondiali-della-velocita-in-allenamento-in-val-di-fassa\/"},"author":{"name":"redazione","@id":"https:\/\/www.bellunopress.it\/#\/schema\/person\/79bb06722b37ece1c03d3e94beb30d73"},"headline":"Goggia e Vonn, le protagoniste mondiali della velocit\u00e0 in allenamento in Val di Fassa","datePublished":"2025-01-06T08:04:27+00:00","mainEntityOfPage":{"@id":"https:\/\/www.bellunopress.it\/2025\/01\/06\/goggia-e-vonn-le-protagoniste-mondiali-della-velocita-in-allenamento-in-val-di-fassa\/"},"wordCount":330,"publisher":{"@id":"https:\/\/www.bellunopress.it\/#organization"},"image":{"@id":"https:\/\/www.bellunopress.it\/2025\/01\/06\/goggia-e-vonn-le-protagoniste-mondiali-della-velocita-in-allenamento-in-val-di-fassa\/#primaryimage"},"thumbnailUrl":"https:\/\/www.bellunopress.it\/wp-content\/uploads\/2025\/01\/Val-di-Fassa-Ski-Area-San-Pellegrino.jpg","articleSection":["Prima Pagina","Sport, tempo libero"],"inLanguage":"fr-FR"},{"@type":"WebPage","@id":"https:\/\/www.bellunopress.it\/2025\/01\/06\/goggia-e-vonn-le-protagoniste-mondiali-della-velocita-in-allenamento-in-val-di-fassa\/","url":"https:\/\/www.bellunopress.it\/2025\/01\/06\/goggia-e-vonn-le-protagoniste-mondiali-della-velocita-in-allenamento-in-val-di-fassa\/","name":"Goggia e Vonn, le protagoniste mondiali della velocit\u00e0 in allenamento in Val di Fassa - Bellunopress - Dolomiti","isPartOf":{"@id":"https:\/\/www.bellunopress.it\/#website"},"primaryImageOfPage":{"@id":"https:\/\/www.bellunopress.it\/2025\/01\/06\/goggia-e-vonn-le-protagoniste-mondiali-della-velocita-in-allenamento-in-val-di-fassa\/#primaryimage"},"image":{"@id":"https:\/\/www.bellunopress.it\/2025\/01\/06\/goggia-e-vonn-le-protagoniste-mondiali-della-velocita-in-allenamento-in-val-di-fassa\/#primaryimage"},"thumbnailUrl":"https:\/\/www.bellunopress.it\/wp-content\/uploads\/2025\/01\/Val-di-Fassa-Ski-Area-San-Pellegrino.jpg","datePublished":"2025-01-06T08:04:27+00:00","breadcrumb":{"@id":"https:\/\/www.bellunopress.it\/2025\/01\/06\/goggia-e-vonn-le-protagoniste-mondiali-della-velocita-in-allenamento-in-val-di-fassa\/#breadcrumb"},"inLanguage":"fr-FR","potentialAction":[{"@type":"ReadAction","target":["https:\/\/www.bellunopress.it\/2025\/01\/06\/goggia-e-vonn-le-protagoniste-mondiali-della-velocita-in-allenamento-in-val-di-fassa\/"]}]},{"@type":"ImageObject","inLanguage":"fr-FR","@id":"https:\/\/www.bellunopress.it\/2025\/01\/06\/goggia-e-vonn-le-protagoniste-mondiali-della-velocita-in-allenamento-in-val-di-fassa\/#primaryimage","url":"https:\/\/www.bellunopress.it\/wp-content\/uploads\/2025\/01\/Val-di-Fassa-Ski-Area-San-Pellegrino.jpg","contentUrl":"https:\/\/www.bellunopress.it\/wp-content\/uploads\/2025\/01\/Val-di-Fassa-Ski-Area-San-Pellegrino.jpg","width":478,"height":550},{"@type":"BreadcrumbList","@id":"https:\/\/www.bellunopress.it\/2025\/01\/06\/goggia-e-vonn-le-protagoniste-mondiali-della-velocita-in-allenamento-in-val-di-fassa\/#breadcrumb","itemListElement":[{"@type":"ListItem","position":1,"name":"Home","item":"https:\/\/www.bellunopress.it\/"},{"@type":"ListItem","position":2,"name":"Goggia e Vonn, le protagoniste mondiali della velocit\u00e0 in allenamento in Val di Fassa"}]},{"@type":"WebSite","@id":"https:\/\/www.bellunopress.it\/#website","url":"https:\/\/www.bellunopress.it\/","name":"Bellunopress - Dolomiti","description":"e-mail: redazione@bellunopress.it","publisher":{"@id":"https:\/\/www.bellunopress.it\/#organization"},"potentialAction":[{"@type":"SearchAction","target":{"@type":"EntryPoint","urlTemplate":"https:\/\/www.bellunopress.it\/?s={search_term_string}"},"query-input":{"@type":"PropertyValueSpecification","valueRequired":true,"valueName":"search_term_string"}}],"inLanguage":"fr-FR"},{"@type":"Organization","@id":"https:\/\/www.bellunopress.it\/#organization","name":"Bellunopress","url":"https:\/\/www.bellunopress.it\/","logo":{"@type":"ImageObject","inLanguage":"fr-FR","@id":"https:\/\/www.bellunopress.it\/#\/schema\/logo\/image\/","url":"https:\/\/www.bellunopress.it\/wp-content\/uploads\/2011\/05\/cropped-logo-bellunopress-.jpg","contentUrl":"https:\/\/www.bellunopress.it\/wp-content\/uploads\/2011\/05\/cropped-logo-bellunopress-.jpg","width":512,"height":512,"caption":"Bellunopress"},"image":{"@id":"https:\/\/www.bellunopress.it\/#\/schema\/logo\/image\/"},"sameAs":["https:\/\/www.facebook.com\/profile.php?id=100008943462799","https:\/\/x.com\/bellunopress","https:\/\/www.linkedin.com\/hp\/?dnr=JBzUWaJfMUw8vbXJJ2tVW5-I3jZKvC4wsoxE&amp;amp;amp;amp;amp;amp;trk=nav_responsive_tab_home","https:\/\/www.youtube.com\/channel\/UCxL0wu1uN0_3_7hGG0306cw"]},{"@type":"Person","@id":"https:\/\/www.bellunopress.it\/#\/schema\/person\/79bb06722b37ece1c03d3e94beb30d73","name":"r\u00e9daction","image":{"@type":"ImageObject","inLanguage":"fr-FR","@id":"https:\/\/secure.gravatar.com\/avatar\/37d968a2e67a6fd04c169c4bdef102d0bc5d31b2546345219e348575eb80e9a0?s=96&d=mm&r=g","url":"https:\/\/secure.gravatar.com\/avatar\/37d968a2e67a6fd04c169c4bdef102d0bc5d31b2546345219e348575eb80e9a0?s=96&d=mm&r=g","contentUrl":"https:\/\/secure.gravatar.com\/avatar\/37d968a2e67a6fd04c169c4bdef102d0bc5d31b2546345219e348575eb80e9a0?s=96&d=mm&r=g","caption":"redazione"},"sameAs":["http:\/\/www.bellunopress.it","https:\/\/x.com\/bellunopress"],"url":"https:\/\/www.bellunopress.it\/fr\/author\/redazione\/"}]}},"_links":{"self":[{"href":"https:\/\/www.bellunopress.it\/fr\/wp-json\/wp\/v2\/posts\/156824","targetHints":{"allow":["GET"]}}],"collection":[{"href":"https:\/\/www.bellunopress.it\/fr\/wp-json\/wp\/v2\/posts"}],"about":[{"href":"https:\/\/www.bellunopress.it\/fr\/wp-json\/wp\/v2\/types\/post"}],"author":[{"embeddable":true,"href":"https:\/\/www.bellunopress.it\/fr\/wp-json\/wp\/v2\/users\/2"}],"replies":[{"embeddable":true,"href":"https:\/\/www.bellunopress.it\/fr\/wp-json\/wp\/v2\/comments?post=156824"}],"version-history":[{"count":1,"href":"https:\/\/www.bellunopress.it\/fr\/wp-json\/wp\/v2\/posts\/156824\/revisions"}],"predecessor-version":[{"id":156826,"href":"https:\/\/www.bellunopress.it\/fr\/wp-json\/wp\/v2\/posts\/156824\/revisions\/156826"}],"wp:featuredmedia":[{"embeddable":true,"href":"https:\/\/www.bellunopress.it\/fr\/wp-json\/wp\/v2\/media\/156825"}],"wp:attachment":[{"href":"https:\/\/www.bellunopress.it\/fr\/wp-json\/wp\/v2\/media?parent=156824"}],"wp:term":[{"taxonomy":"category","embeddable":true,"href":"https:\/\/www.bellunopress.it\/fr\/wp-json\/wp\/v2\/categories?post=156824"},{"taxonomy":"post_tag","embeddable":true,"href":"https:\/\/www.bellunopress.it\/fr\/wp-json\/wp\/v2\/tags?post=156824"}],"curies":[{"name":"wp","href":"https:\/\/api.w.org\/{rel}","templated":true}]}}