{"id":156648,"date":"2024-12-31T08:20:38","date_gmt":"2024-12-31T07:20:38","guid":{"rendered":"https:\/\/www.bellunopress.it\/?p=156648"},"modified":"2024-12-31T08:20:38","modified_gmt":"2024-12-31T07:20:38","slug":"pieve-dalpago-il-consiglio-comunale-approva-entro-lanno-il-bilancio-di-previsione-per-il-triennio-2025-2027","status":"publish","type":"post","link":"https:\/\/www.bellunopress.it\/fr\/2024\/12\/31\/pieve-dalpago-il-consiglio-comunale-approva-entro-lanno-il-bilancio-di-previsione-per-il-triennio-2025-2027\/","title":{"rendered":"Pieve d&#8217;Alpago. il Consiglio comunale approva entro l\u2019anno il bilancio di previsione per il triennio 2025-2027"},"content":{"rendered":"<figure id=\"attachment_156649\" aria-describedby=\"caption-attachment-156649\" style=\"width: 1000px\" class=\"wp-caption aligncenter\"><img loading=\"lazy\" decoding=\"async\" class=\"size-full wp-image-156649\" src=\"https:\/\/www.bellunopress.it\/wp-content\/uploads\/2024\/12\/la-squadra-di-Alberto-Peterle-nella-recente-inaugurazione-del-distretto-sociosanitario-a-Puos-21-dicembre_edited.jpg\" alt=\"\" width=\"1000\" height=\"789\" srcset=\"https:\/\/www.bellunopress.it\/wp-content\/uploads\/2024\/12\/la-squadra-di-Alberto-Peterle-nella-recente-inaugurazione-del-distretto-sociosanitario-a-Puos-21-dicembre_edited.jpg 1000w, https:\/\/www.bellunopress.it\/wp-content\/uploads\/2024\/12\/la-squadra-di-Alberto-Peterle-nella-recente-inaugurazione-del-distretto-sociosanitario-a-Puos-21-dicembre_edited-500x395.jpg 500w, https:\/\/www.bellunopress.it\/wp-content\/uploads\/2024\/12\/la-squadra-di-Alberto-Peterle-nella-recente-inaugurazione-del-distretto-sociosanitario-a-Puos-21-dicembre_edited-532x420.jpg 532w, https:\/\/www.bellunopress.it\/wp-content\/uploads\/2024\/12\/la-squadra-di-Alberto-Peterle-nella-recente-inaugurazione-del-distretto-sociosanitario-a-Puos-21-dicembre_edited-696x549.jpg 696w\" sizes=\"auto, (max-width: 1000px) 100vw, 1000px\" \/><figcaption id=\"caption-attachment-156649\" class=\"wp-caption-text\">La squadra di Alberto Peterle nella recente inaugurazione del Distretto sociosanitario a Puos d&#8217;Alpago (21 dicembre2024)<\/figcaption><\/figure>\n<p>Pieve d\u2019Alpago, 30 dicembre 2024\u00a0 Nella mattinata di oggi marted\u00ec 30 dicembre 2024 si \u00e8 seduta l\u2019ultima seduta del Consiglio comunale dell\u2019anno. Tra i punti all\u2019ordine del giorno sono stati discussi il bilancio di previsione per il triennio 2025-2027 e varie delibere propedeutiche alla sua approvazione. Come ogni anno \u00e8 stato approvato il piano delle alienazioni dei beni disponibili dell\u2019Ente, che per legge devono finanziare gli investimenti previsti dal programma dei lavori pubblici.<\/p>\n<p>Il Sindaco Alberto Peterle ha annunciato la pubblicazione di un avviso d\u2019asta a inizio anno. Il punto successivo \u00e8 proprio l\u2019approvazione del programma triennale dei lavori pubblici. Nell\u2019esposizione del programma, il primo cittadino si \u00e8 soffermato sulla volont\u00e0 di cantierare il secondo e terzo stralcio della nuova strada Pieve-Plois, di cui si dovr\u00e0 approvare il progetto esecutivo entro i primi due mesi dell\u2019anno. I lavori procederanno anche per quanto riguarda le mense scolastiche, con il cantiere del PNRR a Puos e quello del bando \u201cPiccoli Comuni\u201d a Farra.<\/p>\n<p>Il Sindaco ha poi evidenziato che la voce del programma triennale relativa al progetto della sala museale a Pieve d\u2019Alpago ammonta a poco pi\u00f9 di \u20ac200.000, secondo un vecchio studio di fattibilit\u00e0. Tuttavia, i nuovi progetti commissionati nel corso del 2024 dall&#8217;amministrazione comunale prevedono che tra lavori infrastrutturali sull\u2019edificio, in particolare per quanto riguarda il miglioramento sismico, e allestimento culturale dell\u2019esposizione saranno necessari circa \u20ac800.000, che l\u2019amministrazione intende reperire mediante la partecipazione ad apposite opportunit\u00e0 di finanziamento. Un\u2019altra opera ricompresa nel programma dei lavori \u00e8 la realizzazione di un tratto di marciapiedi a Cornei, che l\u2019amministrazione comunale ha finanziato per il 2025. Infine, il Programma contiene anche vari interventi contro il dissesto idrogeologico su tutto il territorio comunale; la novit\u00e0 \u00e8 il contributo di \u20ac250.000 ricevuto per la manutenzione straordinaria della strada di Piane, che collega le frazioni di Plois e Torres. Si \u00e8 passati quindi a un\u2019altra delibera propedeutica, quella di approvazione delle aliquote IMU, che il Comune di Alpago pu\u00f2 mantenere basse rispetto alla media grazie ai fondi della fusione e che riscontra un tasso di evasione dell\u20198% circa.<\/p>\n<p>Il quinto punto all\u2019ordine del giorno \u00e8 l\u2019approvazione della Nota di Aggiornamento al DUP. Il Documento Unico di Programmazione per il triennio 2025-2027 era stato approvato in estate, e in occasione dell\u2019approvazione del bilancio viene aggiornato al fine di allineare gli indirizzi strategici con le somme stanziate a bilancio. Si \u00e8 giunti quindi alla discussione degli schemi di bilancio, che prevedono le seguenti novit\u00e0. Alle minori entrate derivanti dal Fondo di Solidariet\u00e0 Comunale di circa \u20ac20.000 per il 2024, si aggiunge nel 2025 il contributo alla riduzione della spesa pubblica, per ulteriori \u20ac35.000. Vengono confermate le entrate per i contributi straordinari post-fusione (oltre 1 milione di euro), per lo sfruttamento della cava di Col Delle V\u00ec (circa \u20ac470.000) e per la concessione della gestione della farmacia comunale di Pieve (circa \u20ac40.000) negli anni 2025 e 2026. Non \u00e8 previsto nessun aumento delle rette per mense scolastiche e scuola materna e verr\u00e0 mantenuto gratuito il trasporto scolastico. Dal lato delle spese si registrano invece ulteriori aumenti per le spese di riscaldamento e di illuminazione pubblica. \u00c8 stato mantenuto lo stanziamento per i contributi in favore degli investimenti delle micro e piccole imprese locali. Inoltre, compare a bilancio una nuova voce di spesa: \u20ac30.000 per finanziare una nuova progettualit\u00e0 dell\u2019amministrazione, che prevede di dare un contributo a chi sfalcia i prati e li tiene in ordine. L\u2019erogazione non avverr\u00e0 in denaro ma sotto forma di voucher da spendere nelle attivit\u00e0 commerciali del territorio. Viene confermato lo stanziamento di \u20ac40.000 per la manutenzione straordinaria dei parchi giochi: sono gi\u00e0 stati sistemati Puos e Farra, nel 2025 toccher\u00e0 a quello di Pieve. Un\u2019importante novit\u00e0 riguarda il capitolo destinato alle iniziative culturali e agli eventi, che \u00e8 stato portato dai circa \u20ac13.000 degli scorsi anni, a una capienza di ben \u20ac40.000. Nel bilancio del Comune di Alpago non possono mancare inoltre risorse per lo sviluppo turistico, anche in coerenza con la nuova programmazione d\u2019area avviata grazie alla Strategia Nazionale Aree Interne.<\/p>\n<p>Il Sindaco ha annunciato di voler continuare a potenziare i servizi al lago, anche aprendo alla possibilit\u00e0 di costruire un Partenariato Pubblico-Privato per la loro implementazione. In chiave turistica l\u2019amministrazione punta anche sul versante del Monte Dolada, stanziando le risorse per la manutenzione straordinaria dell\u2019impianto elettrico del Rifugio Dolomieu e per il taglio delle piante necessario a garantire condizioni di sicurezza. Dopo il bilancio la discussione si \u00e8 spostata su altre due deliberazioni: la ricognizione annuale dei servizi pubblici locali di rilevanza economica, resa obbligatoria dal riordino della disciplina normativa in materia (d. lgs. 201\/2022), e la revisione delle partecipazioni possedute dall\u2019Ente. La seduta si \u00e8 conclusa con la nomina del Comitato delle biblioteche comunali. Il regolamento per la gestione delle biblioteche era stato approvato nel corso del 2024 dal Consiglio, prevedendo questo nuovo organismo consultivo composto da due persone indicate dalla maggioranza e una dall\u2019opposizione: sono state nominate Vanda De Min (storica volontaria della Biblioteca di Pieve) ed Eleonora Dal Paos (componente attiva del gruppo di lettura di Farra) dalla maggioranza, mentre Stefania Canei, ex-vicesindaco di Puos, \u00e8 stata indicata dai gruppi di minoranza. Soltanto su quest\u2019ultima deliberazione il Consiglio si \u00e8 espresso all\u2019unanimit\u00e0.<\/p>\n<p>Il Sindaco Alberto Peterle:<br \/>\n\u201cSono soddisfatto per essere riusciti anche quest\u2019anno ad approvare il bilancio di previsione entro la fine dell\u2019anno solare \u2013 anche se si poteva farlo fino al 28 febbraio \u2013 perch\u00e9 consente agli uffici di lavorare al meglio, senza ricorrere all\u2019esercizio provvisorio. L\u2019ordine del giorno era molto corposo, vuol dire che \u00e8 stato fatto molto lavoro e per questo devo ringraziare gli uffici comunali. Ma tanto altro lavoro rimane ancora da fare e spero che nel 2025 si riesca a dare impulso a tanti lavori che vogliamo mandare avanti, come il completamento della strada Pieve-Plois e la realizzazione dei marciapiedi di Cornei. Sono contento perch\u00e9 siamo riusciti a destinare risorse a turismo e cultura, due settori che mi stanno particolarmente a cuore, oltre che alla manutenzione ambientale, che diventa sempre pi\u00f9 impegnativa. Se devo fare un commento politico sulla seduta di oggi, mi concentrerei su due aspetti. Il primo \u00e8 la necessit\u00e0 che a livello statale si continui a sostenere in modo deciso i comuni fusi, garantendo le risorse necessarie. Il secondo tema riguarda il progetto di cui da tanti anni si parla, nonch\u00e9 leva fondamentale per il nostro sviluppo turistico, ma che non riusciamo a inserire nella nostra programmazione perch\u00e9 costa troppo: la prosecuzione della pista ciclabile da Poiatte alla stazione ferroviaria di Santa Croce del Lago. La Vicepresidente De Berti, con la quale sono in dialogo costante e che ringrazio sinceramente, si sta impegnando per trovare le risorse e continueremo a lavorare per portare a casa il risultato\u201d.<\/p>","protected":false},"excerpt":{"rendered":"<p>Pieve d\u2019Alpago, 30 dicembre 2024\u00a0 Nella mattinata di oggi marted\u00ec 30 dicembre 2024 si \u00e8 seduta l\u2019ultima seduta del Consiglio comunale dell\u2019anno. Tra i punti all\u2019ordine del giorno sono stati discussi il bilancio di previsione per il triennio 2025-2027 e varie delibere propedeutiche alla sua approvazione. Come ogni anno \u00e8 stato approvato il piano delle [&hellip;]<\/p>\n","protected":false},"author":2,"featured_media":156649,"comment_status":"closed","ping_status":"open","sticky":false,"template":"","format":"standard","meta":{"footnotes":""},"categories":[5],"tags":[],"class_list":["post-156648","post","type-post","status-publish","format-standard","has-post-thumbnail","category-cronaca"],"yoast_head":"<!-- This site is optimized with the Yoast SEO plugin v28.4 - https:\/\/yoast.com\/product\/yoast-seo-wordpress\/ -->\n<title>Pieve d&#039;Alpago. il Consiglio comunale approva entro l\u2019anno il bilancio di previsione per il triennio 2025-2027 - Bellunopress - Dolomiti<\/title>\n<meta name=\"robots\" content=\"index, follow, max-snippet:-1, max-image-preview:large, max-video-preview:-1\" \/>\n<link rel=\"canonical\" href=\"https:\/\/www.bellunopress.it\/fr\/2024\/12\/31\/pieve-dalpago-il-consiglio-comunale-approva-entro-lanno-il-bilancio-di-previsione-per-il-triennio-2025-2027\/\" \/>\n<meta property=\"og:locale\" content=\"fr_FR\" \/>\n<meta property=\"og:type\" content=\"article\" \/>\n<meta property=\"og:title\" content=\"Pieve d&#039;Alpago. il Consiglio comunale approva entro l\u2019anno il bilancio di previsione per il triennio 2025-2027 - Bellunopress - Dolomiti\" \/>\n<meta property=\"og:description\" content=\"Pieve d\u2019Alpago, 30 dicembre 2024\u00a0 Nella mattinata di oggi marted\u00ec 30 dicembre 2024 si \u00e8 seduta l\u2019ultima seduta del Consiglio comunale dell\u2019anno. Tra i punti all\u2019ordine del giorno sono stati discussi il bilancio di previsione per il triennio 2025-2027 e varie delibere propedeutiche alla sua approvazione. Come ogni anno \u00e8 stato approvato il piano delle [&hellip;]\" \/>\n<meta property=\"og:url\" content=\"https:\/\/www.bellunopress.it\/fr\/2024\/12\/31\/pieve-dalpago-il-consiglio-comunale-approva-entro-lanno-il-bilancio-di-previsione-per-il-triennio-2025-2027\/\" \/>\n<meta property=\"og:site_name\" content=\"Bellunopress - Dolomiti\" \/>\n<meta property=\"article:publisher\" content=\"https:\/\/www.facebook.com\/profile.php?id=100008943462799\" \/>\n<meta property=\"article:published_time\" content=\"2024-12-31T07:20:38+00:00\" \/>\n<meta property=\"og:image\" content=\"https:\/\/www.bellunopress.it\/wp-content\/uploads\/2024\/12\/la-squadra-di-Alberto-Peterle-nella-recente-inaugurazione-del-distretto-sociosanitario-a-Puos-21-dicembre_edited.jpg\" \/>\n\t<meta property=\"og:image:width\" content=\"1000\" \/>\n\t<meta property=\"og:image:height\" content=\"789\" \/>\n\t<meta property=\"og:image:type\" content=\"image\/jpeg\" \/>\n<meta name=\"author\" content=\"redazione\" \/>\n<meta name=\"twitter:card\" content=\"summary_large_image\" \/>\n<meta name=\"twitter:creator\" content=\"@bellunopress\" \/>\n<meta name=\"twitter:site\" content=\"@bellunopress\" \/>\n<meta name=\"twitter:label1\" content=\"Written by\" \/>\n\t<meta name=\"twitter:data1\" content=\"redazione\" \/>\n\t<meta name=\"twitter:label2\" content=\"Est. reading time\" \/>\n\t<meta name=\"twitter:data2\" content=\"6 minutes\" \/>\n<script type=\"application\/ld+json\" class=\"yoast-schema-graph\">{\"@context\":\"https:\\\/\\\/schema.org\",\"@graph\":[{\"@type\":\"Article\",\"@id\":\"https:\\\/\\\/www.bellunopress.it\\\/2024\\\/12\\\/31\\\/pieve-dalpago-il-consiglio-comunale-approva-entro-lanno-il-bilancio-di-previsione-per-il-triennio-2025-2027\\\/#article\",\"isPartOf\":{\"@id\":\"https:\\\/\\\/www.bellunopress.it\\\/2024\\\/12\\\/31\\\/pieve-dalpago-il-consiglio-comunale-approva-entro-lanno-il-bilancio-di-previsione-per-il-triennio-2025-2027\\\/\"},\"author\":{\"name\":\"redazione\",\"@id\":\"https:\\\/\\\/www.bellunopress.it\\\/#\\\/schema\\\/person\\\/79bb06722b37ece1c03d3e94beb30d73\"},\"headline\":\"Pieve d&#8217;Alpago. il Consiglio comunale approva entro l\u2019anno il bilancio di previsione per il triennio 2025-2027\",\"datePublished\":\"2024-12-31T07:20:38+00:00\",\"mainEntityOfPage\":{\"@id\":\"https:\\\/\\\/www.bellunopress.it\\\/2024\\\/12\\\/31\\\/pieve-dalpago-il-consiglio-comunale-approva-entro-lanno-il-bilancio-di-previsione-per-il-triennio-2025-2027\\\/\"},\"wordCount\":1144,\"publisher\":{\"@id\":\"https:\\\/\\\/www.bellunopress.it\\\/#organization\"},\"image\":{\"@id\":\"https:\\\/\\\/www.bellunopress.it\\\/2024\\\/12\\\/31\\\/pieve-dalpago-il-consiglio-comunale-approva-entro-lanno-il-bilancio-di-previsione-per-il-triennio-2025-2027\\\/#primaryimage\"},\"thumbnailUrl\":\"https:\\\/\\\/www.bellunopress.it\\\/wp-content\\\/uploads\\\/2024\\\/12\\\/la-squadra-di-Alberto-Peterle-nella-recente-inaugurazione-del-distretto-sociosanitario-a-Puos-21-dicembre_edited.jpg\",\"articleSection\":[\"Cronaca\\\/Politica\"],\"inLanguage\":\"fr-FR\"},{\"@type\":\"WebPage\",\"@id\":\"https:\\\/\\\/www.bellunopress.it\\\/2024\\\/12\\\/31\\\/pieve-dalpago-il-consiglio-comunale-approva-entro-lanno-il-bilancio-di-previsione-per-il-triennio-2025-2027\\\/\",\"url\":\"https:\\\/\\\/www.bellunopress.it\\\/2024\\\/12\\\/31\\\/pieve-dalpago-il-consiglio-comunale-approva-entro-lanno-il-bilancio-di-previsione-per-il-triennio-2025-2027\\\/\",\"name\":\"Pieve d'Alpago. il Consiglio comunale approva entro l\u2019anno il bilancio di previsione per il triennio 2025-2027 - Bellunopress - Dolomiti\",\"isPartOf\":{\"@id\":\"https:\\\/\\\/www.bellunopress.it\\\/#website\"},\"primaryImageOfPage\":{\"@id\":\"https:\\\/\\\/www.bellunopress.it\\\/2024\\\/12\\\/31\\\/pieve-dalpago-il-consiglio-comunale-approva-entro-lanno-il-bilancio-di-previsione-per-il-triennio-2025-2027\\\/#primaryimage\"},\"image\":{\"@id\":\"https:\\\/\\\/www.bellunopress.it\\\/2024\\\/12\\\/31\\\/pieve-dalpago-il-consiglio-comunale-approva-entro-lanno-il-bilancio-di-previsione-per-il-triennio-2025-2027\\\/#primaryimage\"},\"thumbnailUrl\":\"https:\\\/\\\/www.bellunopress.it\\\/wp-content\\\/uploads\\\/2024\\\/12\\\/la-squadra-di-Alberto-Peterle-nella-recente-inaugurazione-del-distretto-sociosanitario-a-Puos-21-dicembre_edited.jpg\",\"datePublished\":\"2024-12-31T07:20:38+00:00\",\"breadcrumb\":{\"@id\":\"https:\\\/\\\/www.bellunopress.it\\\/2024\\\/12\\\/31\\\/pieve-dalpago-il-consiglio-comunale-approva-entro-lanno-il-bilancio-di-previsione-per-il-triennio-2025-2027\\\/#breadcrumb\"},\"inLanguage\":\"fr-FR\",\"potentialAction\":[{\"@type\":\"ReadAction\",\"target\":[\"https:\\\/\\\/www.bellunopress.it\\\/2024\\\/12\\\/31\\\/pieve-dalpago-il-consiglio-comunale-approva-entro-lanno-il-bilancio-di-previsione-per-il-triennio-2025-2027\\\/\"]}]},{\"@type\":\"ImageObject\",\"inLanguage\":\"fr-FR\",\"@id\":\"https:\\\/\\\/www.bellunopress.it\\\/2024\\\/12\\\/31\\\/pieve-dalpago-il-consiglio-comunale-approva-entro-lanno-il-bilancio-di-previsione-per-il-triennio-2025-2027\\\/#primaryimage\",\"url\":\"https:\\\/\\\/www.bellunopress.it\\\/wp-content\\\/uploads\\\/2024\\\/12\\\/la-squadra-di-Alberto-Peterle-nella-recente-inaugurazione-del-distretto-sociosanitario-a-Puos-21-dicembre_edited.jpg\",\"contentUrl\":\"https:\\\/\\\/www.bellunopress.it\\\/wp-content\\\/uploads\\\/2024\\\/12\\\/la-squadra-di-Alberto-Peterle-nella-recente-inaugurazione-del-distretto-sociosanitario-a-Puos-21-dicembre_edited.jpg\",\"width\":1000,\"height\":789,\"caption\":\"La squadra di Alberto Peterle nella recente inaugurazione del Distretto sociosanitario a Puos d'Alpago (21 dicembre2024)\"},{\"@type\":\"BreadcrumbList\",\"@id\":\"https:\\\/\\\/www.bellunopress.it\\\/2024\\\/12\\\/31\\\/pieve-dalpago-il-consiglio-comunale-approva-entro-lanno-il-bilancio-di-previsione-per-il-triennio-2025-2027\\\/#breadcrumb\",\"itemListElement\":[{\"@type\":\"ListItem\",\"position\":1,\"name\":\"Home\",\"item\":\"https:\\\/\\\/www.bellunopress.it\\\/\"},{\"@type\":\"ListItem\",\"position\":2,\"name\":\"Pieve d&#8217;Alpago. il Consiglio comunale approva entro l\u2019anno il bilancio di previsione per il triennio 2025-2027\"}]},{\"@type\":\"WebSite\",\"@id\":\"https:\\\/\\\/www.bellunopress.it\\\/#website\",\"url\":\"https:\\\/\\\/www.bellunopress.it\\\/\",\"name\":\"Bellunopress - Dolomiti\",\"description\":\"e-mail: redazione@bellunopress.it\",\"publisher\":{\"@id\":\"https:\\\/\\\/www.bellunopress.it\\\/#organization\"},\"potentialAction\":[{\"@type\":\"SearchAction\",\"target\":{\"@type\":\"EntryPoint\",\"urlTemplate\":\"https:\\\/\\\/www.bellunopress.it\\\/?s={search_term_string}\"},\"query-input\":{\"@type\":\"PropertyValueSpecification\",\"valueRequired\":true,\"valueName\":\"search_term_string\"}}],\"inLanguage\":\"fr-FR\"},{\"@type\":\"Organization\",\"@id\":\"https:\\\/\\\/www.bellunopress.it\\\/#organization\",\"name\":\"Bellunopress\",\"url\":\"https:\\\/\\\/www.bellunopress.it\\\/\",\"logo\":{\"@type\":\"ImageObject\",\"inLanguage\":\"fr-FR\",\"@id\":\"https:\\\/\\\/www.bellunopress.it\\\/#\\\/schema\\\/logo\\\/image\\\/\",\"url\":\"https:\\\/\\\/www.bellunopress.it\\\/wp-content\\\/uploads\\\/2011\\\/05\\\/cropped-logo-bellunopress-.jpg\",\"contentUrl\":\"https:\\\/\\\/www.bellunopress.it\\\/wp-content\\\/uploads\\\/2011\\\/05\\\/cropped-logo-bellunopress-.jpg\",\"width\":512,\"height\":512,\"caption\":\"Bellunopress\"},\"image\":{\"@id\":\"https:\\\/\\\/www.bellunopress.it\\\/#\\\/schema\\\/logo\\\/image\\\/\"},\"sameAs\":[\"https:\\\/\\\/www.facebook.com\\\/profile.php?id=100008943462799\",\"https:\\\/\\\/x.com\\\/bellunopress\",\"https:\\\/\\\/www.linkedin.com\\\/hp\\\/?dnr=JBzUWaJfMUw8vbXJJ2tVW5-I3jZKvC4wsoxE&amp;amp;amp;amp;amp;amp;trk=nav_responsive_tab_home\",\"https:\\\/\\\/www.youtube.com\\\/channel\\\/UCxL0wu1uN0_3_7hGG0306cw\"]},{\"@type\":\"Person\",\"@id\":\"https:\\\/\\\/www.bellunopress.it\\\/#\\\/schema\\\/person\\\/79bb06722b37ece1c03d3e94beb30d73\",\"name\":\"redazione\",\"image\":{\"@type\":\"ImageObject\",\"inLanguage\":\"fr-FR\",\"@id\":\"https:\\\/\\\/secure.gravatar.com\\\/avatar\\\/37d968a2e67a6fd04c169c4bdef102d0bc5d31b2546345219e348575eb80e9a0?s=96&d=mm&r=g\",\"url\":\"https:\\\/\\\/secure.gravatar.com\\\/avatar\\\/37d968a2e67a6fd04c169c4bdef102d0bc5d31b2546345219e348575eb80e9a0?s=96&d=mm&r=g\",\"contentUrl\":\"https:\\\/\\\/secure.gravatar.com\\\/avatar\\\/37d968a2e67a6fd04c169c4bdef102d0bc5d31b2546345219e348575eb80e9a0?s=96&d=mm&r=g\",\"caption\":\"redazione\"},\"sameAs\":[\"http:\\\/\\\/www.bellunopress.it\",\"https:\\\/\\\/x.com\\\/bellunopress\"],\"url\":\"https:\\\/\\\/www.bellunopress.it\\\/fr\\\/author\\\/redazione\\\/\"}]}<\/script>\n<!-- \/ Yoast SEO plugin. -->","yoast_head_json":{"title":"Pieve d'Alpago. il Consiglio comunale approva entro l\u2019anno il bilancio di previsione per il triennio 2025-2027 - Bellunopress - Dolomiti","robots":{"index":"index","follow":"follow","max-snippet":"max-snippet:-1","max-image-preview":"max-image-preview:large","max-video-preview":"max-video-preview:-1"},"canonical":"https:\/\/www.bellunopress.it\/fr\/2024\/12\/31\/pieve-dalpago-il-consiglio-comunale-approva-entro-lanno-il-bilancio-di-previsione-per-il-triennio-2025-2027\/","og_locale":"fr_FR","og_type":"article","og_title":"Pieve d'Alpago. il Consiglio comunale approva entro l\u2019anno il bilancio di previsione per il triennio 2025-2027 - Bellunopress - Dolomiti","og_description":"Pieve d\u2019Alpago, 30 dicembre 2024\u00a0 Nella mattinata di oggi marted\u00ec 30 dicembre 2024 si \u00e8 seduta l\u2019ultima seduta del Consiglio comunale dell\u2019anno. Tra i punti all\u2019ordine del giorno sono stati discussi il bilancio di previsione per il triennio 2025-2027 e varie delibere propedeutiche alla sua approvazione. Come ogni anno \u00e8 stato approvato il piano delle [&hellip;]","og_url":"https:\/\/www.bellunopress.it\/fr\/2024\/12\/31\/pieve-dalpago-il-consiglio-comunale-approva-entro-lanno-il-bilancio-di-previsione-per-il-triennio-2025-2027\/","og_site_name":"Bellunopress - Dolomiti","article_publisher":"https:\/\/www.facebook.com\/profile.php?id=100008943462799","article_published_time":"2024-12-31T07:20:38+00:00","og_image":[{"width":1000,"height":789,"url":"https:\/\/www.bellunopress.it\/wp-content\/uploads\/2024\/12\/la-squadra-di-Alberto-Peterle-nella-recente-inaugurazione-del-distretto-sociosanitario-a-Puos-21-dicembre_edited.jpg","type":"image\/jpeg"}],"author":"redazione","twitter_card":"summary_large_image","twitter_creator":"@bellunopress","twitter_site":"@bellunopress","twitter_misc":{"Written by":"redazione","Est. reading time":"6 minutes"},"schema":{"@context":"https:\/\/schema.org","@graph":[{"@type":"Article","@id":"https:\/\/www.bellunopress.it\/2024\/12\/31\/pieve-dalpago-il-consiglio-comunale-approva-entro-lanno-il-bilancio-di-previsione-per-il-triennio-2025-2027\/#article","isPartOf":{"@id":"https:\/\/www.bellunopress.it\/2024\/12\/31\/pieve-dalpago-il-consiglio-comunale-approva-entro-lanno-il-bilancio-di-previsione-per-il-triennio-2025-2027\/"},"author":{"name":"redazione","@id":"https:\/\/www.bellunopress.it\/#\/schema\/person\/79bb06722b37ece1c03d3e94beb30d73"},"headline":"Pieve d&#8217;Alpago. il Consiglio comunale approva entro l\u2019anno il bilancio di previsione per il triennio 2025-2027","datePublished":"2024-12-31T07:20:38+00:00","mainEntityOfPage":{"@id":"https:\/\/www.bellunopress.it\/2024\/12\/31\/pieve-dalpago-il-consiglio-comunale-approva-entro-lanno-il-bilancio-di-previsione-per-il-triennio-2025-2027\/"},"wordCount":1144,"publisher":{"@id":"https:\/\/www.bellunopress.it\/#organization"},"image":{"@id":"https:\/\/www.bellunopress.it\/2024\/12\/31\/pieve-dalpago-il-consiglio-comunale-approva-entro-lanno-il-bilancio-di-previsione-per-il-triennio-2025-2027\/#primaryimage"},"thumbnailUrl":"https:\/\/www.bellunopress.it\/wp-content\/uploads\/2024\/12\/la-squadra-di-Alberto-Peterle-nella-recente-inaugurazione-del-distretto-sociosanitario-a-Puos-21-dicembre_edited.jpg","articleSection":["Cronaca\/Politica"],"inLanguage":"fr-FR"},{"@type":"WebPage","@id":"https:\/\/www.bellunopress.it\/2024\/12\/31\/pieve-dalpago-il-consiglio-comunale-approva-entro-lanno-il-bilancio-di-previsione-per-il-triennio-2025-2027\/","url":"https:\/\/www.bellunopress.it\/2024\/12\/31\/pieve-dalpago-il-consiglio-comunale-approva-entro-lanno-il-bilancio-di-previsione-per-il-triennio-2025-2027\/","name":"Pieve d'Alpago. il Consiglio comunale approva entro l\u2019anno il bilancio di previsione per il triennio 2025-2027 - Bellunopress - Dolomiti","isPartOf":{"@id":"https:\/\/www.bellunopress.it\/#website"},"primaryImageOfPage":{"@id":"https:\/\/www.bellunopress.it\/2024\/12\/31\/pieve-dalpago-il-consiglio-comunale-approva-entro-lanno-il-bilancio-di-previsione-per-il-triennio-2025-2027\/#primaryimage"},"image":{"@id":"https:\/\/www.bellunopress.it\/2024\/12\/31\/pieve-dalpago-il-consiglio-comunale-approva-entro-lanno-il-bilancio-di-previsione-per-il-triennio-2025-2027\/#primaryimage"},"thumbnailUrl":"https:\/\/www.bellunopress.it\/wp-content\/uploads\/2024\/12\/la-squadra-di-Alberto-Peterle-nella-recente-inaugurazione-del-distretto-sociosanitario-a-Puos-21-dicembre_edited.jpg","datePublished":"2024-12-31T07:20:38+00:00","breadcrumb":{"@id":"https:\/\/www.bellunopress.it\/2024\/12\/31\/pieve-dalpago-il-consiglio-comunale-approva-entro-lanno-il-bilancio-di-previsione-per-il-triennio-2025-2027\/#breadcrumb"},"inLanguage":"fr-FR","potentialAction":[{"@type":"ReadAction","target":["https:\/\/www.bellunopress.it\/2024\/12\/31\/pieve-dalpago-il-consiglio-comunale-approva-entro-lanno-il-bilancio-di-previsione-per-il-triennio-2025-2027\/"]}]},{"@type":"ImageObject","inLanguage":"fr-FR","@id":"https:\/\/www.bellunopress.it\/2024\/12\/31\/pieve-dalpago-il-consiglio-comunale-approva-entro-lanno-il-bilancio-di-previsione-per-il-triennio-2025-2027\/#primaryimage","url":"https:\/\/www.bellunopress.it\/wp-content\/uploads\/2024\/12\/la-squadra-di-Alberto-Peterle-nella-recente-inaugurazione-del-distretto-sociosanitario-a-Puos-21-dicembre_edited.jpg","contentUrl":"https:\/\/www.bellunopress.it\/wp-content\/uploads\/2024\/12\/la-squadra-di-Alberto-Peterle-nella-recente-inaugurazione-del-distretto-sociosanitario-a-Puos-21-dicembre_edited.jpg","width":1000,"height":789,"caption":"La squadra di Alberto Peterle nella recente inaugurazione del Distretto sociosanitario a Puos d'Alpago (21 dicembre2024)"},{"@type":"BreadcrumbList","@id":"https:\/\/www.bellunopress.it\/2024\/12\/31\/pieve-dalpago-il-consiglio-comunale-approva-entro-lanno-il-bilancio-di-previsione-per-il-triennio-2025-2027\/#breadcrumb","itemListElement":[{"@type":"ListItem","position":1,"name":"Home","item":"https:\/\/www.bellunopress.it\/"},{"@type":"ListItem","position":2,"name":"Pieve d&#8217;Alpago. il Consiglio comunale approva entro l\u2019anno il bilancio di previsione per il triennio 2025-2027"}]},{"@type":"WebSite","@id":"https:\/\/www.bellunopress.it\/#website","url":"https:\/\/www.bellunopress.it\/","name":"Bellunopress - Dolomiti","description":"e-mail: redazione@bellunopress.it","publisher":{"@id":"https:\/\/www.bellunopress.it\/#organization"},"potentialAction":[{"@type":"SearchAction","target":{"@type":"EntryPoint","urlTemplate":"https:\/\/www.bellunopress.it\/?s={search_term_string}"},"query-input":{"@type":"PropertyValueSpecification","valueRequired":true,"valueName":"search_term_string"}}],"inLanguage":"fr-FR"},{"@type":"Organization","@id":"https:\/\/www.bellunopress.it\/#organization","name":"Bellunopress","url":"https:\/\/www.bellunopress.it\/","logo":{"@type":"ImageObject","inLanguage":"fr-FR","@id":"https:\/\/www.bellunopress.it\/#\/schema\/logo\/image\/","url":"https:\/\/www.bellunopress.it\/wp-content\/uploads\/2011\/05\/cropped-logo-bellunopress-.jpg","contentUrl":"https:\/\/www.bellunopress.it\/wp-content\/uploads\/2011\/05\/cropped-logo-bellunopress-.jpg","width":512,"height":512,"caption":"Bellunopress"},"image":{"@id":"https:\/\/www.bellunopress.it\/#\/schema\/logo\/image\/"},"sameAs":["https:\/\/www.facebook.com\/profile.php?id=100008943462799","https:\/\/x.com\/bellunopress","https:\/\/www.linkedin.com\/hp\/?dnr=JBzUWaJfMUw8vbXJJ2tVW5-I3jZKvC4wsoxE&amp;amp;amp;amp;amp;amp;trk=nav_responsive_tab_home","https:\/\/www.youtube.com\/channel\/UCxL0wu1uN0_3_7hGG0306cw"]},{"@type":"Person","@id":"https:\/\/www.bellunopress.it\/#\/schema\/person\/79bb06722b37ece1c03d3e94beb30d73","name":"r\u00e9daction","image":{"@type":"ImageObject","inLanguage":"fr-FR","@id":"https:\/\/secure.gravatar.com\/avatar\/37d968a2e67a6fd04c169c4bdef102d0bc5d31b2546345219e348575eb80e9a0?s=96&d=mm&r=g","url":"https:\/\/secure.gravatar.com\/avatar\/37d968a2e67a6fd04c169c4bdef102d0bc5d31b2546345219e348575eb80e9a0?s=96&d=mm&r=g","contentUrl":"https:\/\/secure.gravatar.com\/avatar\/37d968a2e67a6fd04c169c4bdef102d0bc5d31b2546345219e348575eb80e9a0?s=96&d=mm&r=g","caption":"redazione"},"sameAs":["http:\/\/www.bellunopress.it","https:\/\/x.com\/bellunopress"],"url":"https:\/\/www.bellunopress.it\/fr\/author\/redazione\/"}]}},"_links":{"self":[{"href":"https:\/\/www.bellunopress.it\/fr\/wp-json\/wp\/v2\/posts\/156648","targetHints":{"allow":["GET"]}}],"collection":[{"href":"https:\/\/www.bellunopress.it\/fr\/wp-json\/wp\/v2\/posts"}],"about":[{"href":"https:\/\/www.bellunopress.it\/fr\/wp-json\/wp\/v2\/types\/post"}],"author":[{"embeddable":true,"href":"https:\/\/www.bellunopress.it\/fr\/wp-json\/wp\/v2\/users\/2"}],"replies":[{"embeddable":true,"href":"https:\/\/www.bellunopress.it\/fr\/wp-json\/wp\/v2\/comments?post=156648"}],"version-history":[{"count":1,"href":"https:\/\/www.bellunopress.it\/fr\/wp-json\/wp\/v2\/posts\/156648\/revisions"}],"predecessor-version":[{"id":156650,"href":"https:\/\/www.bellunopress.it\/fr\/wp-json\/wp\/v2\/posts\/156648\/revisions\/156650"}],"wp:featuredmedia":[{"embeddable":true,"href":"https:\/\/www.bellunopress.it\/fr\/wp-json\/wp\/v2\/media\/156649"}],"wp:attachment":[{"href":"https:\/\/www.bellunopress.it\/fr\/wp-json\/wp\/v2\/media?parent=156648"}],"wp:term":[{"taxonomy":"category","embeddable":true,"href":"https:\/\/www.bellunopress.it\/fr\/wp-json\/wp\/v2\/categories?post=156648"},{"taxonomy":"post_tag","embeddable":true,"href":"https:\/\/www.bellunopress.it\/fr\/wp-json\/wp\/v2\/tags?post=156648"}],"curies":[{"name":"wp","href":"https:\/\/api.w.org\/{rel}","templated":true}]}}