{"id":156646,"date":"2024-12-31T08:14:15","date_gmt":"2024-12-31T07:14:15","guid":{"rendered":"https:\/\/www.bellunopress.it\/?p=156646"},"modified":"2024-12-31T08:14:15","modified_gmt":"2024-12-31T07:14:15","slug":"cambiamento-climatico-conferenze-internazionali-trattati-e-progetti","status":"publish","type":"post","link":"https:\/\/www.bellunopress.it\/fr\/2024\/12\/31\/cambiamento-climatico-conferenze-internazionali-trattati-e-progetti\/","title":{"rendered":"Cambiamento climatico. Conferenze internazionali, trattati e progetti"},"content":{"rendered":"<figure id=\"attachment_153853\" aria-describedby=\"caption-attachment-153853\" style=\"width: 1000px\" class=\"wp-caption aligncenter\"><img loading=\"lazy\" decoding=\"async\" class=\"size-full wp-image-153853\" src=\"https:\/\/www.bellunopress.it\/wp-content\/uploads\/2024\/09\/ghiacciaio-Marmolada-Legambiente_edited.jpg\" alt=\"\" width=\"1000\" height=\"563\" srcset=\"https:\/\/www.bellunopress.it\/wp-content\/uploads\/2024\/09\/ghiacciaio-Marmolada-Legambiente_edited.jpg 1000w, https:\/\/www.bellunopress.it\/wp-content\/uploads\/2024\/09\/ghiacciaio-Marmolada-Legambiente_edited-500x282.jpg 500w, https:\/\/www.bellunopress.it\/wp-content\/uploads\/2024\/09\/ghiacciaio-Marmolada-Legambiente_edited-746x420.jpg 746w, https:\/\/www.bellunopress.it\/wp-content\/uploads\/2024\/09\/ghiacciaio-Marmolada-Legambiente_edited-696x392.jpg 696w\" sizes=\"auto, (max-width: 1000px) 100vw, 1000px\" \/><figcaption id=\"caption-attachment-153853\" class=\"wp-caption-text\">Ghiacciaio Marmolada (Legambiente)<\/figcaption><\/figure>\n<p>Le Conferenze internazionali sul clima (COP) riuniscono i governi di tutto il mondo per negoziare le misure atte ad affrontare il Cambiamento Climatico sotto la Convenzione Quadro delle Nazioni Unite sui Cambiamenti Climatici (UNFCCC).<\/p>\n<p>Dalla prima COP, che ebbe luogo a Berlino nel 1995, all&#8217;ultima di Dubai del 2023 sono state 28 le conferenze internazionali. A Kyoto nel 1997 sono stati stabiliti impegni vincolanti per i Paesi industrializzati al fine di ridurre loro emissioni di gas serra. A Copenaghen nel 2009 si sono presi accordi per il finanziamento dei paesi in via di sviluppo e a Parigi nel 2015 \u00e8 stato adottato un trattato globale per limitare l&#8217;aumento della temperatura a meno di 1,5\u00b0C rispetto ai livelli pre-industriali. Al momento attuale l&#8217;aumento di temperatura \u00e8 valutato a 1,2\u00b0C dalla World Meteorological Organization (WMO) sui dati della IPCC e di altri centri di ricerca climatici. Tutto ci\u00f2 indica 2 fatti fondamentali:<\/p>\n<p>Il primo \u00e8 l&#8217;impegno formale delle nazioni del mondo ad affrontare il problema clima da 28 anni, sulla base della scoperta che risale alla fine del 19\u00b0 secolo, 130 anni fa circa. Il Nobel per la chimica Svante Arrhenius dimostr\u00f2 che la CO2 mantiene il calore del sole accumulato di giorno (con la meccanica quantistica proprio recentemente \u00e8 stato spiegato come ci\u00f2 avvenga) Successivamente \u00e8 stato dimostrato che tale caratteristica \u00e8 propria di altri gas costituiti da molecole con pi\u00f9 di 3 atomi. In condizioni di equilibrio la quantit\u00e0 di calore accumulata durante il giorno \u00e8 la stessa che viene dispersa globalmente durante la notte per cui la temperatura media del pianeta rimane invariata. Ci\u00f2 \u00e8 accaduto con minime variazioni percentuali negli ultimi millenni, dovute a fattori astrofisici diversi e ben conosciuti di cui sono ben chiariti i meccanismi. Negli ultimi 11.000 anni la concentrazione di CO2 \u00e8 stata sostanzialmente stabile a 280 parti per milione e la temperatura \u00e8 stata mediamente di circa 15\u00b0C (a parte la piccola glaciazione del secolo freddo 1600-1700) Negli ultimi 130 anni per\u00f2 la CO2 \u00e8 salita molto velocemente a 420 parti per milione per cui non tutto il calore accumulato di giorno viene disperso di notte. E la concentrazione di CO2 seguita a crescere ogni anno<\/p>\n<p>Il secondo ci impegna a considerare che cosa potr\u00e0 accadere quando raggiungeremo un aumento della temperatura globale di 1,5\u00b0C se con 1,2\u00b0C abbiamo gi\u00e0 lo scioglimento dei ghiacciai, l&#8217;aumento di livello e l&#8217;acidificazione degli oceani, l&#8217;esplosione degli incendi e le drammatiche variazioni atmosferiche.<\/p>\n<p>Dopo 28 conferenze internazionali, trattati non rispettati e progetti non realizzati, bisogna avere il coraggio di impostare un cambiamento radicale per passare dall&#8217;economia del petrolio e della guerra ad un&#8217;economia compatibile con gli equilibri naturali.<\/p>\n<p>Al 97% gli scienziati che si occupano del clima ritengono che la crisi attuale sia di genesi antropica e la politica del mondo deve adattarsi ad ascoltare la loro voce. Pena il disastro.<\/p>\n<p>Filiberto Dal Molin<\/p>","protected":false},"excerpt":{"rendered":"<p>Le Conferenze internazionali sul clima (COP) riuniscono i governi di tutto il mondo per negoziare le misure atte ad affrontare il Cambiamento Climatico sotto la Convenzione Quadro delle Nazioni Unite sui Cambiamenti Climatici (UNFCCC). Dalla prima COP, che ebbe luogo a Berlino nel 1995, all&#8217;ultima di Dubai del 2023 sono state 28 le conferenze internazionali. [&hellip;]<\/p>\n","protected":false},"author":2,"featured_media":153853,"comment_status":"closed","ping_status":"open","sticky":false,"template":"","format":"standard","meta":{"footnotes":""},"categories":[3614],"tags":[],"class_list":["post-156646","post","type-post","status-publish","format-standard","has-post-thumbnail","category-controcorrente"],"yoast_head":"<!-- This site is optimized with the Yoast SEO plugin v28.4 - https:\/\/yoast.com\/product\/yoast-seo-wordpress\/ -->\n<title>Cambiamento climatico. Conferenze internazionali, trattati e progetti - Bellunopress - Dolomiti<\/title>\n<meta name=\"robots\" content=\"index, follow, max-snippet:-1, max-image-preview:large, max-video-preview:-1\" \/>\n<link rel=\"canonical\" href=\"https:\/\/www.bellunopress.it\/fr\/2024\/12\/31\/cambiamento-climatico-conferenze-internazionali-trattati-e-progetti\/\" \/>\n<meta property=\"og:locale\" content=\"fr_FR\" \/>\n<meta property=\"og:type\" content=\"article\" \/>\n<meta property=\"og:title\" content=\"Cambiamento climatico. Conferenze internazionali, trattati e progetti - Bellunopress - Dolomiti\" \/>\n<meta property=\"og:description\" content=\"Le Conferenze internazionali sul clima (COP) riuniscono i governi di tutto il mondo per negoziare le misure atte ad affrontare il Cambiamento Climatico sotto la Convenzione Quadro delle Nazioni Unite sui Cambiamenti Climatici (UNFCCC). Dalla prima COP, che ebbe luogo a Berlino nel 1995, all&#8217;ultima di Dubai del 2023 sono state 28 le conferenze internazionali. [&hellip;]\" \/>\n<meta property=\"og:url\" content=\"https:\/\/www.bellunopress.it\/fr\/2024\/12\/31\/cambiamento-climatico-conferenze-internazionali-trattati-e-progetti\/\" \/>\n<meta property=\"og:site_name\" content=\"Bellunopress - Dolomiti\" \/>\n<meta property=\"article:publisher\" content=\"https:\/\/www.facebook.com\/profile.php?id=100008943462799\" \/>\n<meta property=\"article:published_time\" content=\"2024-12-31T07:14:15+00:00\" \/>\n<meta property=\"og:image\" content=\"https:\/\/www.bellunopress.it\/wp-content\/uploads\/2024\/09\/ghiacciaio-Marmolada-Legambiente_edited.jpg\" \/>\n\t<meta property=\"og:image:width\" content=\"1000\" \/>\n\t<meta property=\"og:image:height\" content=\"563\" \/>\n\t<meta property=\"og:image:type\" content=\"image\/jpeg\" \/>\n<meta name=\"author\" content=\"redazione\" \/>\n<meta name=\"twitter:card\" content=\"summary_large_image\" \/>\n<meta name=\"twitter:creator\" content=\"@bellunopress\" \/>\n<meta name=\"twitter:site\" content=\"@bellunopress\" \/>\n<meta name=\"twitter:label1\" content=\"Written by\" \/>\n\t<meta name=\"twitter:data1\" content=\"redazione\" \/>\n\t<meta name=\"twitter:label2\" content=\"Est. reading time\" \/>\n\t<meta name=\"twitter:data2\" content=\"2 minutes\" \/>\n<script type=\"application\/ld+json\" class=\"yoast-schema-graph\">{\"@context\":\"https:\\\/\\\/schema.org\",\"@graph\":[{\"@type\":\"Article\",\"@id\":\"https:\\\/\\\/www.bellunopress.it\\\/2024\\\/12\\\/31\\\/cambiamento-climatico-conferenze-internazionali-trattati-e-progetti\\\/#article\",\"isPartOf\":{\"@id\":\"https:\\\/\\\/www.bellunopress.it\\\/2024\\\/12\\\/31\\\/cambiamento-climatico-conferenze-internazionali-trattati-e-progetti\\\/\"},\"author\":{\"name\":\"redazione\",\"@id\":\"https:\\\/\\\/www.bellunopress.it\\\/#\\\/schema\\\/person\\\/79bb06722b37ece1c03d3e94beb30d73\"},\"headline\":\"Cambiamento climatico. Conferenze internazionali, trattati e progetti\",\"datePublished\":\"2024-12-31T07:14:15+00:00\",\"mainEntityOfPage\":{\"@id\":\"https:\\\/\\\/www.bellunopress.it\\\/2024\\\/12\\\/31\\\/cambiamento-climatico-conferenze-internazionali-trattati-e-progetti\\\/\"},\"wordCount\":475,\"publisher\":{\"@id\":\"https:\\\/\\\/www.bellunopress.it\\\/#organization\"},\"image\":{\"@id\":\"https:\\\/\\\/www.bellunopress.it\\\/2024\\\/12\\\/31\\\/cambiamento-climatico-conferenze-internazionali-trattati-e-progetti\\\/#primaryimage\"},\"thumbnailUrl\":\"https:\\\/\\\/www.bellunopress.it\\\/wp-content\\\/uploads\\\/2024\\\/09\\\/ghiacciaio-Marmolada-Legambiente_edited.jpg\",\"articleSection\":[\"Controcorrente Dr Filiberto Dal Molin\"],\"inLanguage\":\"fr-FR\"},{\"@type\":\"WebPage\",\"@id\":\"https:\\\/\\\/www.bellunopress.it\\\/2024\\\/12\\\/31\\\/cambiamento-climatico-conferenze-internazionali-trattati-e-progetti\\\/\",\"url\":\"https:\\\/\\\/www.bellunopress.it\\\/2024\\\/12\\\/31\\\/cambiamento-climatico-conferenze-internazionali-trattati-e-progetti\\\/\",\"name\":\"Cambiamento climatico. Conferenze internazionali, trattati e progetti - Bellunopress - Dolomiti\",\"isPartOf\":{\"@id\":\"https:\\\/\\\/www.bellunopress.it\\\/#website\"},\"primaryImageOfPage\":{\"@id\":\"https:\\\/\\\/www.bellunopress.it\\\/2024\\\/12\\\/31\\\/cambiamento-climatico-conferenze-internazionali-trattati-e-progetti\\\/#primaryimage\"},\"image\":{\"@id\":\"https:\\\/\\\/www.bellunopress.it\\\/2024\\\/12\\\/31\\\/cambiamento-climatico-conferenze-internazionali-trattati-e-progetti\\\/#primaryimage\"},\"thumbnailUrl\":\"https:\\\/\\\/www.bellunopress.it\\\/wp-content\\\/uploads\\\/2024\\\/09\\\/ghiacciaio-Marmolada-Legambiente_edited.jpg\",\"datePublished\":\"2024-12-31T07:14:15+00:00\",\"breadcrumb\":{\"@id\":\"https:\\\/\\\/www.bellunopress.it\\\/2024\\\/12\\\/31\\\/cambiamento-climatico-conferenze-internazionali-trattati-e-progetti\\\/#breadcrumb\"},\"inLanguage\":\"fr-FR\",\"potentialAction\":[{\"@type\":\"ReadAction\",\"target\":[\"https:\\\/\\\/www.bellunopress.it\\\/2024\\\/12\\\/31\\\/cambiamento-climatico-conferenze-internazionali-trattati-e-progetti\\\/\"]}]},{\"@type\":\"ImageObject\",\"inLanguage\":\"fr-FR\",\"@id\":\"https:\\\/\\\/www.bellunopress.it\\\/2024\\\/12\\\/31\\\/cambiamento-climatico-conferenze-internazionali-trattati-e-progetti\\\/#primaryimage\",\"url\":\"https:\\\/\\\/www.bellunopress.it\\\/wp-content\\\/uploads\\\/2024\\\/09\\\/ghiacciaio-Marmolada-Legambiente_edited.jpg\",\"contentUrl\":\"https:\\\/\\\/www.bellunopress.it\\\/wp-content\\\/uploads\\\/2024\\\/09\\\/ghiacciaio-Marmolada-Legambiente_edited.jpg\",\"width\":1000,\"height\":563,\"caption\":\"Ghiacciaio Marmolada (Legambiente)\"},{\"@type\":\"BreadcrumbList\",\"@id\":\"https:\\\/\\\/www.bellunopress.it\\\/2024\\\/12\\\/31\\\/cambiamento-climatico-conferenze-internazionali-trattati-e-progetti\\\/#breadcrumb\",\"itemListElement\":[{\"@type\":\"ListItem\",\"position\":1,\"name\":\"Home\",\"item\":\"https:\\\/\\\/www.bellunopress.it\\\/\"},{\"@type\":\"ListItem\",\"position\":2,\"name\":\"Cambiamento climatico. Conferenze internazionali, trattati e progetti\"}]},{\"@type\":\"WebSite\",\"@id\":\"https:\\\/\\\/www.bellunopress.it\\\/#website\",\"url\":\"https:\\\/\\\/www.bellunopress.it\\\/\",\"name\":\"Bellunopress - Dolomiti\",\"description\":\"e-mail: redazione@bellunopress.it\",\"publisher\":{\"@id\":\"https:\\\/\\\/www.bellunopress.it\\\/#organization\"},\"potentialAction\":[{\"@type\":\"SearchAction\",\"target\":{\"@type\":\"EntryPoint\",\"urlTemplate\":\"https:\\\/\\\/www.bellunopress.it\\\/?s={search_term_string}\"},\"query-input\":{\"@type\":\"PropertyValueSpecification\",\"valueRequired\":true,\"valueName\":\"search_term_string\"}}],\"inLanguage\":\"fr-FR\"},{\"@type\":\"Organization\",\"@id\":\"https:\\\/\\\/www.bellunopress.it\\\/#organization\",\"name\":\"Bellunopress\",\"url\":\"https:\\\/\\\/www.bellunopress.it\\\/\",\"logo\":{\"@type\":\"ImageObject\",\"inLanguage\":\"fr-FR\",\"@id\":\"https:\\\/\\\/www.bellunopress.it\\\/#\\\/schema\\\/logo\\\/image\\\/\",\"url\":\"https:\\\/\\\/www.bellunopress.it\\\/wp-content\\\/uploads\\\/2011\\\/05\\\/cropped-logo-bellunopress-.jpg\",\"contentUrl\":\"https:\\\/\\\/www.bellunopress.it\\\/wp-content\\\/uploads\\\/2011\\\/05\\\/cropped-logo-bellunopress-.jpg\",\"width\":512,\"height\":512,\"caption\":\"Bellunopress\"},\"image\":{\"@id\":\"https:\\\/\\\/www.bellunopress.it\\\/#\\\/schema\\\/logo\\\/image\\\/\"},\"sameAs\":[\"https:\\\/\\\/www.facebook.com\\\/profile.php?id=100008943462799\",\"https:\\\/\\\/x.com\\\/bellunopress\",\"https:\\\/\\\/www.linkedin.com\\\/hp\\\/?dnr=JBzUWaJfMUw8vbXJJ2tVW5-I3jZKvC4wsoxE&amp;amp;amp;amp;amp;amp;trk=nav_responsive_tab_home\",\"https:\\\/\\\/www.youtube.com\\\/channel\\\/UCxL0wu1uN0_3_7hGG0306cw\"]},{\"@type\":\"Person\",\"@id\":\"https:\\\/\\\/www.bellunopress.it\\\/#\\\/schema\\\/person\\\/79bb06722b37ece1c03d3e94beb30d73\",\"name\":\"redazione\",\"image\":{\"@type\":\"ImageObject\",\"inLanguage\":\"fr-FR\",\"@id\":\"https:\\\/\\\/secure.gravatar.com\\\/avatar\\\/37d968a2e67a6fd04c169c4bdef102d0bc5d31b2546345219e348575eb80e9a0?s=96&d=mm&r=g\",\"url\":\"https:\\\/\\\/secure.gravatar.com\\\/avatar\\\/37d968a2e67a6fd04c169c4bdef102d0bc5d31b2546345219e348575eb80e9a0?s=96&d=mm&r=g\",\"contentUrl\":\"https:\\\/\\\/secure.gravatar.com\\\/avatar\\\/37d968a2e67a6fd04c169c4bdef102d0bc5d31b2546345219e348575eb80e9a0?s=96&d=mm&r=g\",\"caption\":\"redazione\"},\"sameAs\":[\"http:\\\/\\\/www.bellunopress.it\",\"https:\\\/\\\/x.com\\\/bellunopress\"],\"url\":\"https:\\\/\\\/www.bellunopress.it\\\/fr\\\/author\\\/redazione\\\/\"}]}<\/script>\n<!-- \/ Yoast SEO plugin. -->","yoast_head_json":{"title":"Cambiamento climatico. Conferenze internazionali, trattati e progetti - Bellunopress - Dolomiti","robots":{"index":"index","follow":"follow","max-snippet":"max-snippet:-1","max-image-preview":"max-image-preview:large","max-video-preview":"max-video-preview:-1"},"canonical":"https:\/\/www.bellunopress.it\/fr\/2024\/12\/31\/cambiamento-climatico-conferenze-internazionali-trattati-e-progetti\/","og_locale":"fr_FR","og_type":"article","og_title":"Cambiamento climatico. Conferenze internazionali, trattati e progetti - Bellunopress - Dolomiti","og_description":"Le Conferenze internazionali sul clima (COP) riuniscono i governi di tutto il mondo per negoziare le misure atte ad affrontare il Cambiamento Climatico sotto la Convenzione Quadro delle Nazioni Unite sui Cambiamenti Climatici (UNFCCC). Dalla prima COP, che ebbe luogo a Berlino nel 1995, all&#8217;ultima di Dubai del 2023 sono state 28 le conferenze internazionali. [&hellip;]","og_url":"https:\/\/www.bellunopress.it\/fr\/2024\/12\/31\/cambiamento-climatico-conferenze-internazionali-trattati-e-progetti\/","og_site_name":"Bellunopress - Dolomiti","article_publisher":"https:\/\/www.facebook.com\/profile.php?id=100008943462799","article_published_time":"2024-12-31T07:14:15+00:00","og_image":[{"width":1000,"height":563,"url":"https:\/\/www.bellunopress.it\/wp-content\/uploads\/2024\/09\/ghiacciaio-Marmolada-Legambiente_edited.jpg","type":"image\/jpeg"}],"author":"redazione","twitter_card":"summary_large_image","twitter_creator":"@bellunopress","twitter_site":"@bellunopress","twitter_misc":{"Written by":"redazione","Est. reading time":"2 minutes"},"schema":{"@context":"https:\/\/schema.org","@graph":[{"@type":"Article","@id":"https:\/\/www.bellunopress.it\/2024\/12\/31\/cambiamento-climatico-conferenze-internazionali-trattati-e-progetti\/#article","isPartOf":{"@id":"https:\/\/www.bellunopress.it\/2024\/12\/31\/cambiamento-climatico-conferenze-internazionali-trattati-e-progetti\/"},"author":{"name":"redazione","@id":"https:\/\/www.bellunopress.it\/#\/schema\/person\/79bb06722b37ece1c03d3e94beb30d73"},"headline":"Cambiamento climatico. Conferenze internazionali, trattati e progetti","datePublished":"2024-12-31T07:14:15+00:00","mainEntityOfPage":{"@id":"https:\/\/www.bellunopress.it\/2024\/12\/31\/cambiamento-climatico-conferenze-internazionali-trattati-e-progetti\/"},"wordCount":475,"publisher":{"@id":"https:\/\/www.bellunopress.it\/#organization"},"image":{"@id":"https:\/\/www.bellunopress.it\/2024\/12\/31\/cambiamento-climatico-conferenze-internazionali-trattati-e-progetti\/#primaryimage"},"thumbnailUrl":"https:\/\/www.bellunopress.it\/wp-content\/uploads\/2024\/09\/ghiacciaio-Marmolada-Legambiente_edited.jpg","articleSection":["Controcorrente Dr Filiberto Dal Molin"],"inLanguage":"fr-FR"},{"@type":"WebPage","@id":"https:\/\/www.bellunopress.it\/2024\/12\/31\/cambiamento-climatico-conferenze-internazionali-trattati-e-progetti\/","url":"https:\/\/www.bellunopress.it\/2024\/12\/31\/cambiamento-climatico-conferenze-internazionali-trattati-e-progetti\/","name":"Cambiamento climatico. Conferenze internazionali, trattati e progetti - Bellunopress - Dolomiti","isPartOf":{"@id":"https:\/\/www.bellunopress.it\/#website"},"primaryImageOfPage":{"@id":"https:\/\/www.bellunopress.it\/2024\/12\/31\/cambiamento-climatico-conferenze-internazionali-trattati-e-progetti\/#primaryimage"},"image":{"@id":"https:\/\/www.bellunopress.it\/2024\/12\/31\/cambiamento-climatico-conferenze-internazionali-trattati-e-progetti\/#primaryimage"},"thumbnailUrl":"https:\/\/www.bellunopress.it\/wp-content\/uploads\/2024\/09\/ghiacciaio-Marmolada-Legambiente_edited.jpg","datePublished":"2024-12-31T07:14:15+00:00","breadcrumb":{"@id":"https:\/\/www.bellunopress.it\/2024\/12\/31\/cambiamento-climatico-conferenze-internazionali-trattati-e-progetti\/#breadcrumb"},"inLanguage":"fr-FR","potentialAction":[{"@type":"ReadAction","target":["https:\/\/www.bellunopress.it\/2024\/12\/31\/cambiamento-climatico-conferenze-internazionali-trattati-e-progetti\/"]}]},{"@type":"ImageObject","inLanguage":"fr-FR","@id":"https:\/\/www.bellunopress.it\/2024\/12\/31\/cambiamento-climatico-conferenze-internazionali-trattati-e-progetti\/#primaryimage","url":"https:\/\/www.bellunopress.it\/wp-content\/uploads\/2024\/09\/ghiacciaio-Marmolada-Legambiente_edited.jpg","contentUrl":"https:\/\/www.bellunopress.it\/wp-content\/uploads\/2024\/09\/ghiacciaio-Marmolada-Legambiente_edited.jpg","width":1000,"height":563,"caption":"Ghiacciaio Marmolada (Legambiente)"},{"@type":"BreadcrumbList","@id":"https:\/\/www.bellunopress.it\/2024\/12\/31\/cambiamento-climatico-conferenze-internazionali-trattati-e-progetti\/#breadcrumb","itemListElement":[{"@type":"ListItem","position":1,"name":"Home","item":"https:\/\/www.bellunopress.it\/"},{"@type":"ListItem","position":2,"name":"Cambiamento climatico. Conferenze internazionali, trattati e progetti"}]},{"@type":"WebSite","@id":"https:\/\/www.bellunopress.it\/#website","url":"https:\/\/www.bellunopress.it\/","name":"Bellunopress - Dolomiti","description":"e-mail: redazione@bellunopress.it","publisher":{"@id":"https:\/\/www.bellunopress.it\/#organization"},"potentialAction":[{"@type":"SearchAction","target":{"@type":"EntryPoint","urlTemplate":"https:\/\/www.bellunopress.it\/?s={search_term_string}"},"query-input":{"@type":"PropertyValueSpecification","valueRequired":true,"valueName":"search_term_string"}}],"inLanguage":"fr-FR"},{"@type":"Organization","@id":"https:\/\/www.bellunopress.it\/#organization","name":"Bellunopress","url":"https:\/\/www.bellunopress.it\/","logo":{"@type":"ImageObject","inLanguage":"fr-FR","@id":"https:\/\/www.bellunopress.it\/#\/schema\/logo\/image\/","url":"https:\/\/www.bellunopress.it\/wp-content\/uploads\/2011\/05\/cropped-logo-bellunopress-.jpg","contentUrl":"https:\/\/www.bellunopress.it\/wp-content\/uploads\/2011\/05\/cropped-logo-bellunopress-.jpg","width":512,"height":512,"caption":"Bellunopress"},"image":{"@id":"https:\/\/www.bellunopress.it\/#\/schema\/logo\/image\/"},"sameAs":["https:\/\/www.facebook.com\/profile.php?id=100008943462799","https:\/\/x.com\/bellunopress","https:\/\/www.linkedin.com\/hp\/?dnr=JBzUWaJfMUw8vbXJJ2tVW5-I3jZKvC4wsoxE&amp;amp;amp;amp;amp;amp;trk=nav_responsive_tab_home","https:\/\/www.youtube.com\/channel\/UCxL0wu1uN0_3_7hGG0306cw"]},{"@type":"Person","@id":"https:\/\/www.bellunopress.it\/#\/schema\/person\/79bb06722b37ece1c03d3e94beb30d73","name":"r\u00e9daction","image":{"@type":"ImageObject","inLanguage":"fr-FR","@id":"https:\/\/secure.gravatar.com\/avatar\/37d968a2e67a6fd04c169c4bdef102d0bc5d31b2546345219e348575eb80e9a0?s=96&d=mm&r=g","url":"https:\/\/secure.gravatar.com\/avatar\/37d968a2e67a6fd04c169c4bdef102d0bc5d31b2546345219e348575eb80e9a0?s=96&d=mm&r=g","contentUrl":"https:\/\/secure.gravatar.com\/avatar\/37d968a2e67a6fd04c169c4bdef102d0bc5d31b2546345219e348575eb80e9a0?s=96&d=mm&r=g","caption":"redazione"},"sameAs":["http:\/\/www.bellunopress.it","https:\/\/x.com\/bellunopress"],"url":"https:\/\/www.bellunopress.it\/fr\/author\/redazione\/"}]}},"_links":{"self":[{"href":"https:\/\/www.bellunopress.it\/fr\/wp-json\/wp\/v2\/posts\/156646","targetHints":{"allow":["GET"]}}],"collection":[{"href":"https:\/\/www.bellunopress.it\/fr\/wp-json\/wp\/v2\/posts"}],"about":[{"href":"https:\/\/www.bellunopress.it\/fr\/wp-json\/wp\/v2\/types\/post"}],"author":[{"embeddable":true,"href":"https:\/\/www.bellunopress.it\/fr\/wp-json\/wp\/v2\/users\/2"}],"replies":[{"embeddable":true,"href":"https:\/\/www.bellunopress.it\/fr\/wp-json\/wp\/v2\/comments?post=156646"}],"version-history":[{"count":1,"href":"https:\/\/www.bellunopress.it\/fr\/wp-json\/wp\/v2\/posts\/156646\/revisions"}],"predecessor-version":[{"id":156647,"href":"https:\/\/www.bellunopress.it\/fr\/wp-json\/wp\/v2\/posts\/156646\/revisions\/156647"}],"wp:featuredmedia":[{"embeddable":true,"href":"https:\/\/www.bellunopress.it\/fr\/wp-json\/wp\/v2\/media\/153853"}],"wp:attachment":[{"href":"https:\/\/www.bellunopress.it\/fr\/wp-json\/wp\/v2\/media?parent=156646"}],"wp:term":[{"taxonomy":"category","embeddable":true,"href":"https:\/\/www.bellunopress.it\/fr\/wp-json\/wp\/v2\/categories?post=156646"},{"taxonomy":"post_tag","embeddable":true,"href":"https:\/\/www.bellunopress.it\/fr\/wp-json\/wp\/v2\/tags?post=156646"}],"curies":[{"name":"wp","href":"https:\/\/api.w.org\/{rel}","templated":true}]}}