{"id":156638,"date":"2024-12-30T15:24:42","date_gmt":"2024-12-30T14:24:42","guid":{"rendered":"https:\/\/www.bellunopress.it\/?p=156638"},"modified":"2024-12-30T15:24:42","modified_gmt":"2024-12-30T14:24:42","slug":"capodanno-in-sicurezza-lappello-del-sindaco-di-feltre-fusaro","status":"publish","type":"post","link":"https:\/\/www.bellunopress.it\/fr\/2024\/12\/30\/capodanno-in-sicurezza-lappello-del-sindaco-di-feltre-fusaro\/","title":{"rendered":"Capodanno in sicurezza: l\u2019appello del Sindaco di Feltre Fusaro"},"content":{"rendered":"<figure id=\"attachment_156504\" aria-describedby=\"caption-attachment-156504\" style=\"width: 1000px\" class=\"wp-caption aligncenter\"><img loading=\"lazy\" decoding=\"async\" class=\"size-full wp-image-156504\" src=\"https:\/\/www.bellunopress.it\/wp-content\/uploads\/2024\/12\/Viviana-Fusaro-sindco-di-Feltre-in-Piazza-Maggiore_edited.jpg\" alt=\"\" width=\"1000\" height=\"750\" srcset=\"https:\/\/www.bellunopress.it\/wp-content\/uploads\/2024\/12\/Viviana-Fusaro-sindco-di-Feltre-in-Piazza-Maggiore_edited.jpg 1000w, https:\/\/www.bellunopress.it\/wp-content\/uploads\/2024\/12\/Viviana-Fusaro-sindco-di-Feltre-in-Piazza-Maggiore_edited-500x375.jpg 500w, https:\/\/www.bellunopress.it\/wp-content\/uploads\/2024\/12\/Viviana-Fusaro-sindco-di-Feltre-in-Piazza-Maggiore_edited-560x420.jpg 560w, https:\/\/www.bellunopress.it\/wp-content\/uploads\/2024\/12\/Viviana-Fusaro-sindco-di-Feltre-in-Piazza-Maggiore_edited-80x60.jpg 80w, https:\/\/www.bellunopress.it\/wp-content\/uploads\/2024\/12\/Viviana-Fusaro-sindco-di-Feltre-in-Piazza-Maggiore_edited-696x522.jpg 696w\" sizes=\"auto, (max-width: 1000px) 100vw, 1000px\" \/><figcaption id=\"caption-attachment-156504\" class=\"wp-caption-text\">Viviana Fusaro, sindco di Feltre, in Piazza Maggiore<\/figcaption><\/figure>\n<p>Feltre, 30 dicembre 2024 \u2013 Il Sindaco di Feltre, Viviana Fusaro, lancia un appello a<br \/>\ntutta la cittadinanza in vista delle celebrazioni per il Capodanno: festeggiare in<br \/>\nsicurezza e con rispetto per la comunit\u00e0, gli animali e il nostro prezioso patrimonio<br \/>\nculturale.<\/p>\n<p>\u201c\u00c8 ormai risaputo \u2013 dichiara il Sindaco \u2013 che i forti rumori causa da botti e fuochi<br \/>\nd&#8217;articio sono fonte di grande sofferenza per i nostri amici animali. Tuttavia,<br \/>\ndesidero porre l&#8217;attenzione anche sui rischi per la sicurezza delle persone e sui<br \/>\npotenziali danni al nostro meraviglioso centro storico che insieme ai monumenti<br \/>\nrappresentano storia e anima della nostra citt\u00e0.\u201d<\/p>\n<p>L&#8217;Amministrazione Comunale raccomanda particolare cautela nell&#8217;uso di fuochi<br \/>\nd&#8217;articio in aree densamente popolate e in prossimit\u00e0 di edici, abitazioni o<br \/>\nspazi pubblici frequentati. Il rischio di incidente aumenta sensibilmente se non si<br \/>\npresta la dovuta attenzione, trasformando momenti di gioia in spiacevoli episodi<br \/>\ndi pericolo o disagio.<\/p>\n<p>\u201cOltre agli auguri di buona ne ed inizio di un nuovo anno, invitiamo ad un<br \/>\nCapodanno responsabile! \u2013 prosegue il Sindaco Fusaro \u2013 Si tratta di un gesto di<br \/>\ncura verso il prossimo e verso la nostra citt\u00e0. Chiediamo a tutti di scegliere<br \/>\nalternative pi\u00f9 sostenibili per festeggiare, come giochi di luce o momenti di<br \/>\ncondivisione che uniscano la comunit\u00e0 senza mettere a rischio l&#8217;incolumit\u00e0 di<br \/>\npersone, animali e beni.\u201d<\/p>\n<p>L&#8217;Amministrazione ringrazia tutti i cittadini che aderiranno a questo invito e si<br \/>\nimpegneranno a vivere la notte di San Silvestro all&#8217;insegna del rispetto e della<br \/>\nsicurezza. I controlli da parte delle forze dell\u2019ordine saranno intensicati nelle aree<br \/>\npi\u00f9 sensibili, ma l&#8217;obiettivo primario resta la collaborazione attiva di ognuno.<br \/>\nFesteggiamo insieme l&#8217;arrivo del nuovo anno con la consapevolezza che piccoli<br \/>\ngesti possono fare la differenza per un 2024 all&#8217;insegna della serenit\u00e0 e del rispetto<br \/>\nreciproco<\/p>","protected":false},"excerpt":{"rendered":"<p>Feltre, 30 dicembre 2024 \u2013 Il Sindaco di Feltre, Viviana Fusaro, lancia un appello a tutta la cittadinanza in vista delle celebrazioni per il Capodanno: festeggiare in sicurezza e con rispetto per la comunit\u00e0, gli animali e il nostro prezioso patrimonio culturale. \u201c\u00c8 ormai risaputo \u2013 dichiara il Sindaco \u2013 che i forti rumori causa [&hellip;]<\/p>\n","protected":false},"author":2,"featured_media":156504,"comment_status":"closed","ping_status":"open","sticky":false,"template":"","format":"standard","meta":{"footnotes":""},"categories":[5,8],"tags":[],"class_list":["post-156638","post","type-post","status-publish","format-standard","has-post-thumbnail","category-cronaca","category-societa-istituzioni"],"yoast_head":"<!-- This site is optimized with the Yoast SEO plugin v28.4 - https:\/\/yoast.com\/product\/yoast-seo-wordpress\/ -->\n<title>Capodanno in sicurezza: l\u2019appello del Sindaco di Feltre Fusaro - Bellunopress - Dolomiti<\/title>\n<meta name=\"robots\" content=\"index, follow, max-snippet:-1, max-image-preview:large, max-video-preview:-1\" \/>\n<link rel=\"canonical\" href=\"https:\/\/www.bellunopress.it\/fr\/2024\/12\/30\/capodanno-in-sicurezza-lappello-del-sindaco-di-feltre-fusaro\/\" \/>\n<meta property=\"og:locale\" content=\"fr_FR\" \/>\n<meta property=\"og:type\" content=\"article\" \/>\n<meta property=\"og:title\" content=\"Capodanno in sicurezza: l\u2019appello del Sindaco di Feltre Fusaro - Bellunopress - Dolomiti\" \/>\n<meta property=\"og:description\" content=\"Feltre, 30 dicembre 2024 \u2013 Il Sindaco di Feltre, Viviana Fusaro, lancia un appello a tutta la cittadinanza in vista delle celebrazioni per il Capodanno: festeggiare in sicurezza e con rispetto per la comunit\u00e0, gli animali e il nostro prezioso patrimonio culturale. \u201c\u00c8 ormai risaputo \u2013 dichiara il Sindaco \u2013 che i forti rumori causa [&hellip;]\" \/>\n<meta property=\"og:url\" content=\"https:\/\/www.bellunopress.it\/fr\/2024\/12\/30\/capodanno-in-sicurezza-lappello-del-sindaco-di-feltre-fusaro\/\" \/>\n<meta property=\"og:site_name\" content=\"Bellunopress - Dolomiti\" \/>\n<meta property=\"article:publisher\" content=\"https:\/\/www.facebook.com\/profile.php?id=100008943462799\" \/>\n<meta property=\"article:published_time\" content=\"2024-12-30T14:24:42+00:00\" \/>\n<meta property=\"og:image\" content=\"https:\/\/www.bellunopress.it\/wp-content\/uploads\/2024\/12\/Viviana-Fusaro-sindco-di-Feltre-in-Piazza-Maggiore_edited.jpg\" \/>\n\t<meta property=\"og:image:width\" content=\"1000\" \/>\n\t<meta property=\"og:image:height\" content=\"750\" \/>\n\t<meta property=\"og:image:type\" content=\"image\/jpeg\" \/>\n<meta name=\"author\" content=\"redazione\" \/>\n<meta name=\"twitter:card\" content=\"summary_large_image\" \/>\n<meta name=\"twitter:creator\" content=\"@bellunopress\" \/>\n<meta name=\"twitter:site\" content=\"@bellunopress\" \/>\n<meta name=\"twitter:label1\" content=\"\u00c9crit par\" \/>\n\t<meta name=\"twitter:data1\" content=\"redazione\" \/>\n\t<meta name=\"twitter:label2\" content=\"Dur\u00e9e de lecture estim\u00e9e\" \/>\n\t<meta name=\"twitter:data2\" content=\"2 minutes\" \/>\n<script type=\"application\/ld+json\" class=\"yoast-schema-graph\">{\"@context\":\"https:\\\/\\\/schema.org\",\"@graph\":[{\"@type\":\"Article\",\"@id\":\"https:\\\/\\\/www.bellunopress.it\\\/2024\\\/12\\\/30\\\/capodanno-in-sicurezza-lappello-del-sindaco-di-feltre-fusaro\\\/#article\",\"isPartOf\":{\"@id\":\"https:\\\/\\\/www.bellunopress.it\\\/2024\\\/12\\\/30\\\/capodanno-in-sicurezza-lappello-del-sindaco-di-feltre-fusaro\\\/\"},\"author\":{\"name\":\"redazione\",\"@id\":\"https:\\\/\\\/www.bellunopress.it\\\/#\\\/schema\\\/person\\\/79bb06722b37ece1c03d3e94beb30d73\"},\"headline\":\"Capodanno in sicurezza: l\u2019appello del Sindaco di Feltre Fusaro\",\"datePublished\":\"2024-12-30T14:24:42+00:00\",\"mainEntityOfPage\":{\"@id\":\"https:\\\/\\\/www.bellunopress.it\\\/2024\\\/12\\\/30\\\/capodanno-in-sicurezza-lappello-del-sindaco-di-feltre-fusaro\\\/\"},\"wordCount\":321,\"publisher\":{\"@id\":\"https:\\\/\\\/www.bellunopress.it\\\/#organization\"},\"image\":{\"@id\":\"https:\\\/\\\/www.bellunopress.it\\\/2024\\\/12\\\/30\\\/capodanno-in-sicurezza-lappello-del-sindaco-di-feltre-fusaro\\\/#primaryimage\"},\"thumbnailUrl\":\"https:\\\/\\\/www.bellunopress.it\\\/wp-content\\\/uploads\\\/2024\\\/12\\\/Viviana-Fusaro-sindco-di-Feltre-in-Piazza-Maggiore_edited.jpg\",\"articleSection\":[\"Cronaca\\\/Politica\",\"Societ\u00e0, Associazioni, Istituzioni\"],\"inLanguage\":\"fr-FR\"},{\"@type\":\"WebPage\",\"@id\":\"https:\\\/\\\/www.bellunopress.it\\\/2024\\\/12\\\/30\\\/capodanno-in-sicurezza-lappello-del-sindaco-di-feltre-fusaro\\\/\",\"url\":\"https:\\\/\\\/www.bellunopress.it\\\/2024\\\/12\\\/30\\\/capodanno-in-sicurezza-lappello-del-sindaco-di-feltre-fusaro\\\/\",\"name\":\"Capodanno in sicurezza: l\u2019appello del Sindaco di Feltre Fusaro - Bellunopress - Dolomiti\",\"isPartOf\":{\"@id\":\"https:\\\/\\\/www.bellunopress.it\\\/#website\"},\"primaryImageOfPage\":{\"@id\":\"https:\\\/\\\/www.bellunopress.it\\\/2024\\\/12\\\/30\\\/capodanno-in-sicurezza-lappello-del-sindaco-di-feltre-fusaro\\\/#primaryimage\"},\"image\":{\"@id\":\"https:\\\/\\\/www.bellunopress.it\\\/2024\\\/12\\\/30\\\/capodanno-in-sicurezza-lappello-del-sindaco-di-feltre-fusaro\\\/#primaryimage\"},\"thumbnailUrl\":\"https:\\\/\\\/www.bellunopress.it\\\/wp-content\\\/uploads\\\/2024\\\/12\\\/Viviana-Fusaro-sindco-di-Feltre-in-Piazza-Maggiore_edited.jpg\",\"datePublished\":\"2024-12-30T14:24:42+00:00\",\"breadcrumb\":{\"@id\":\"https:\\\/\\\/www.bellunopress.it\\\/2024\\\/12\\\/30\\\/capodanno-in-sicurezza-lappello-del-sindaco-di-feltre-fusaro\\\/#breadcrumb\"},\"inLanguage\":\"fr-FR\",\"potentialAction\":[{\"@type\":\"ReadAction\",\"target\":[\"https:\\\/\\\/www.bellunopress.it\\\/2024\\\/12\\\/30\\\/capodanno-in-sicurezza-lappello-del-sindaco-di-feltre-fusaro\\\/\"]}]},{\"@type\":\"ImageObject\",\"inLanguage\":\"fr-FR\",\"@id\":\"https:\\\/\\\/www.bellunopress.it\\\/2024\\\/12\\\/30\\\/capodanno-in-sicurezza-lappello-del-sindaco-di-feltre-fusaro\\\/#primaryimage\",\"url\":\"https:\\\/\\\/www.bellunopress.it\\\/wp-content\\\/uploads\\\/2024\\\/12\\\/Viviana-Fusaro-sindco-di-Feltre-in-Piazza-Maggiore_edited.jpg\",\"contentUrl\":\"https:\\\/\\\/www.bellunopress.it\\\/wp-content\\\/uploads\\\/2024\\\/12\\\/Viviana-Fusaro-sindco-di-Feltre-in-Piazza-Maggiore_edited.jpg\",\"width\":1000,\"height\":750,\"caption\":\"Viviana Fusaro, sindaco di Feltre - Piazza Maggiore, Feltre\"},{\"@type\":\"BreadcrumbList\",\"@id\":\"https:\\\/\\\/www.bellunopress.it\\\/2024\\\/12\\\/30\\\/capodanno-in-sicurezza-lappello-del-sindaco-di-feltre-fusaro\\\/#breadcrumb\",\"itemListElement\":[{\"@type\":\"ListItem\",\"position\":1,\"name\":\"Home\",\"item\":\"https:\\\/\\\/www.bellunopress.it\\\/\"},{\"@type\":\"ListItem\",\"position\":2,\"name\":\"Capodanno in sicurezza: l\u2019appello del Sindaco di Feltre Fusaro\"}]},{\"@type\":\"WebSite\",\"@id\":\"https:\\\/\\\/www.bellunopress.it\\\/#website\",\"url\":\"https:\\\/\\\/www.bellunopress.it\\\/\",\"name\":\"Bellunopress - Dolomiti\",\"description\":\"e-mail: redazione@bellunopress.it\",\"publisher\":{\"@id\":\"https:\\\/\\\/www.bellunopress.it\\\/#organization\"},\"potentialAction\":[{\"@type\":\"SearchAction\",\"target\":{\"@type\":\"EntryPoint\",\"urlTemplate\":\"https:\\\/\\\/www.bellunopress.it\\\/?s={search_term_string}\"},\"query-input\":{\"@type\":\"PropertyValueSpecification\",\"valueRequired\":true,\"valueName\":\"search_term_string\"}}],\"inLanguage\":\"fr-FR\"},{\"@type\":\"Organization\",\"@id\":\"https:\\\/\\\/www.bellunopress.it\\\/#organization\",\"name\":\"Bellunopress\",\"url\":\"https:\\\/\\\/www.bellunopress.it\\\/\",\"logo\":{\"@type\":\"ImageObject\",\"inLanguage\":\"fr-FR\",\"@id\":\"https:\\\/\\\/www.bellunopress.it\\\/#\\\/schema\\\/logo\\\/image\\\/\",\"url\":\"https:\\\/\\\/www.bellunopress.it\\\/wp-content\\\/uploads\\\/2011\\\/05\\\/cropped-logo-bellunopress-.jpg\",\"contentUrl\":\"https:\\\/\\\/www.bellunopress.it\\\/wp-content\\\/uploads\\\/2011\\\/05\\\/cropped-logo-bellunopress-.jpg\",\"width\":512,\"height\":512,\"caption\":\"Bellunopress\"},\"image\":{\"@id\":\"https:\\\/\\\/www.bellunopress.it\\\/#\\\/schema\\\/logo\\\/image\\\/\"},\"sameAs\":[\"https:\\\/\\\/www.facebook.com\\\/profile.php?id=100008943462799\",\"https:\\\/\\\/x.com\\\/bellunopress\",\"https:\\\/\\\/www.linkedin.com\\\/hp\\\/?dnr=JBzUWaJfMUw8vbXJJ2tVW5-I3jZKvC4wsoxE&amp;amp;amp;amp;amp;amp;trk=nav_responsive_tab_home\",\"https:\\\/\\\/www.youtube.com\\\/channel\\\/UCxL0wu1uN0_3_7hGG0306cw\"]},{\"@type\":\"Person\",\"@id\":\"https:\\\/\\\/www.bellunopress.it\\\/#\\\/schema\\\/person\\\/79bb06722b37ece1c03d3e94beb30d73\",\"name\":\"redazione\",\"image\":{\"@type\":\"ImageObject\",\"inLanguage\":\"fr-FR\",\"@id\":\"https:\\\/\\\/secure.gravatar.com\\\/avatar\\\/37d968a2e67a6fd04c169c4bdef102d0bc5d31b2546345219e348575eb80e9a0?s=96&d=mm&r=g\",\"url\":\"https:\\\/\\\/secure.gravatar.com\\\/avatar\\\/37d968a2e67a6fd04c169c4bdef102d0bc5d31b2546345219e348575eb80e9a0?s=96&d=mm&r=g\",\"contentUrl\":\"https:\\\/\\\/secure.gravatar.com\\\/avatar\\\/37d968a2e67a6fd04c169c4bdef102d0bc5d31b2546345219e348575eb80e9a0?s=96&d=mm&r=g\",\"caption\":\"redazione\"},\"sameAs\":[\"http:\\\/\\\/www.bellunopress.it\",\"https:\\\/\\\/x.com\\\/bellunopress\"],\"url\":\"https:\\\/\\\/www.bellunopress.it\\\/fr\\\/author\\\/redazione\\\/\"}]}<\/script>\n<!-- \/ Yoast SEO plugin. -->","yoast_head_json":{"title":"Capodanno in sicurezza: l\u2019appello del Sindaco di Feltre Fusaro - Bellunopress - Dolomiti","robots":{"index":"index","follow":"follow","max-snippet":"max-snippet:-1","max-image-preview":"max-image-preview:large","max-video-preview":"max-video-preview:-1"},"canonical":"https:\/\/www.bellunopress.it\/fr\/2024\/12\/30\/capodanno-in-sicurezza-lappello-del-sindaco-di-feltre-fusaro\/","og_locale":"fr_FR","og_type":"article","og_title":"Capodanno in sicurezza: l\u2019appello del Sindaco di Feltre Fusaro - Bellunopress - Dolomiti","og_description":"Feltre, 30 dicembre 2024 \u2013 Il Sindaco di Feltre, Viviana Fusaro, lancia un appello a tutta la cittadinanza in vista delle celebrazioni per il Capodanno: festeggiare in sicurezza e con rispetto per la comunit\u00e0, gli animali e il nostro prezioso patrimonio culturale. \u201c\u00c8 ormai risaputo \u2013 dichiara il Sindaco \u2013 che i forti rumori causa [&hellip;]","og_url":"https:\/\/www.bellunopress.it\/fr\/2024\/12\/30\/capodanno-in-sicurezza-lappello-del-sindaco-di-feltre-fusaro\/","og_site_name":"Bellunopress - Dolomiti","article_publisher":"https:\/\/www.facebook.com\/profile.php?id=100008943462799","article_published_time":"2024-12-30T14:24:42+00:00","og_image":[{"width":1000,"height":750,"url":"https:\/\/www.bellunopress.it\/wp-content\/uploads\/2024\/12\/Viviana-Fusaro-sindco-di-Feltre-in-Piazza-Maggiore_edited.jpg","type":"image\/jpeg"}],"author":"redazione","twitter_card":"summary_large_image","twitter_creator":"@bellunopress","twitter_site":"@bellunopress","twitter_misc":{"\u00c9crit par":"redazione","Dur\u00e9e de lecture estim\u00e9e":"2 minutes"},"schema":{"@context":"https:\/\/schema.org","@graph":[{"@type":"Article","@id":"https:\/\/www.bellunopress.it\/2024\/12\/30\/capodanno-in-sicurezza-lappello-del-sindaco-di-feltre-fusaro\/#article","isPartOf":{"@id":"https:\/\/www.bellunopress.it\/2024\/12\/30\/capodanno-in-sicurezza-lappello-del-sindaco-di-feltre-fusaro\/"},"author":{"name":"redazione","@id":"https:\/\/www.bellunopress.it\/#\/schema\/person\/79bb06722b37ece1c03d3e94beb30d73"},"headline":"Capodanno in sicurezza: l\u2019appello del Sindaco di Feltre Fusaro","datePublished":"2024-12-30T14:24:42+00:00","mainEntityOfPage":{"@id":"https:\/\/www.bellunopress.it\/2024\/12\/30\/capodanno-in-sicurezza-lappello-del-sindaco-di-feltre-fusaro\/"},"wordCount":321,"publisher":{"@id":"https:\/\/www.bellunopress.it\/#organization"},"image":{"@id":"https:\/\/www.bellunopress.it\/2024\/12\/30\/capodanno-in-sicurezza-lappello-del-sindaco-di-feltre-fusaro\/#primaryimage"},"thumbnailUrl":"https:\/\/www.bellunopress.it\/wp-content\/uploads\/2024\/12\/Viviana-Fusaro-sindco-di-Feltre-in-Piazza-Maggiore_edited.jpg","articleSection":["Cronaca\/Politica","Societ\u00e0, Associazioni, Istituzioni"],"inLanguage":"fr-FR"},{"@type":"WebPage","@id":"https:\/\/www.bellunopress.it\/2024\/12\/30\/capodanno-in-sicurezza-lappello-del-sindaco-di-feltre-fusaro\/","url":"https:\/\/www.bellunopress.it\/2024\/12\/30\/capodanno-in-sicurezza-lappello-del-sindaco-di-feltre-fusaro\/","name":"Capodanno in sicurezza: l\u2019appello del Sindaco di Feltre Fusaro - Bellunopress - Dolomiti","isPartOf":{"@id":"https:\/\/www.bellunopress.it\/#website"},"primaryImageOfPage":{"@id":"https:\/\/www.bellunopress.it\/2024\/12\/30\/capodanno-in-sicurezza-lappello-del-sindaco-di-feltre-fusaro\/#primaryimage"},"image":{"@id":"https:\/\/www.bellunopress.it\/2024\/12\/30\/capodanno-in-sicurezza-lappello-del-sindaco-di-feltre-fusaro\/#primaryimage"},"thumbnailUrl":"https:\/\/www.bellunopress.it\/wp-content\/uploads\/2024\/12\/Viviana-Fusaro-sindco-di-Feltre-in-Piazza-Maggiore_edited.jpg","datePublished":"2024-12-30T14:24:42+00:00","breadcrumb":{"@id":"https:\/\/www.bellunopress.it\/2024\/12\/30\/capodanno-in-sicurezza-lappello-del-sindaco-di-feltre-fusaro\/#breadcrumb"},"inLanguage":"fr-FR","potentialAction":[{"@type":"ReadAction","target":["https:\/\/www.bellunopress.it\/2024\/12\/30\/capodanno-in-sicurezza-lappello-del-sindaco-di-feltre-fusaro\/"]}]},{"@type":"ImageObject","inLanguage":"fr-FR","@id":"https:\/\/www.bellunopress.it\/2024\/12\/30\/capodanno-in-sicurezza-lappello-del-sindaco-di-feltre-fusaro\/#primaryimage","url":"https:\/\/www.bellunopress.it\/wp-content\/uploads\/2024\/12\/Viviana-Fusaro-sindco-di-Feltre-in-Piazza-Maggiore_edited.jpg","contentUrl":"https:\/\/www.bellunopress.it\/wp-content\/uploads\/2024\/12\/Viviana-Fusaro-sindco-di-Feltre-in-Piazza-Maggiore_edited.jpg","width":1000,"height":750,"caption":"Viviana Fusaro, sindaco di Feltre - Piazza Maggiore, Feltre"},{"@type":"BreadcrumbList","@id":"https:\/\/www.bellunopress.it\/2024\/12\/30\/capodanno-in-sicurezza-lappello-del-sindaco-di-feltre-fusaro\/#breadcrumb","itemListElement":[{"@type":"ListItem","position":1,"name":"Home","item":"https:\/\/www.bellunopress.it\/"},{"@type":"ListItem","position":2,"name":"Capodanno in sicurezza: l\u2019appello del Sindaco di Feltre Fusaro"}]},{"@type":"WebSite","@id":"https:\/\/www.bellunopress.it\/#website","url":"https:\/\/www.bellunopress.it\/","name":"Bellunopress - Dolomiti","description":"e-mail: redazione@bellunopress.it","publisher":{"@id":"https:\/\/www.bellunopress.it\/#organization"},"potentialAction":[{"@type":"SearchAction","target":{"@type":"EntryPoint","urlTemplate":"https:\/\/www.bellunopress.it\/?s={search_term_string}"},"query-input":{"@type":"PropertyValueSpecification","valueRequired":true,"valueName":"search_term_string"}}],"inLanguage":"fr-FR"},{"@type":"Organization","@id":"https:\/\/www.bellunopress.it\/#organization","name":"Bellunopress","url":"https:\/\/www.bellunopress.it\/","logo":{"@type":"ImageObject","inLanguage":"fr-FR","@id":"https:\/\/www.bellunopress.it\/#\/schema\/logo\/image\/","url":"https:\/\/www.bellunopress.it\/wp-content\/uploads\/2011\/05\/cropped-logo-bellunopress-.jpg","contentUrl":"https:\/\/www.bellunopress.it\/wp-content\/uploads\/2011\/05\/cropped-logo-bellunopress-.jpg","width":512,"height":512,"caption":"Bellunopress"},"image":{"@id":"https:\/\/www.bellunopress.it\/#\/schema\/logo\/image\/"},"sameAs":["https:\/\/www.facebook.com\/profile.php?id=100008943462799","https:\/\/x.com\/bellunopress","https:\/\/www.linkedin.com\/hp\/?dnr=JBzUWaJfMUw8vbXJJ2tVW5-I3jZKvC4wsoxE&amp;amp;amp;amp;amp;amp;trk=nav_responsive_tab_home","https:\/\/www.youtube.com\/channel\/UCxL0wu1uN0_3_7hGG0306cw"]},{"@type":"Person","@id":"https:\/\/www.bellunopress.it\/#\/schema\/person\/79bb06722b37ece1c03d3e94beb30d73","name":"r\u00e9daction","image":{"@type":"ImageObject","inLanguage":"fr-FR","@id":"https:\/\/secure.gravatar.com\/avatar\/37d968a2e67a6fd04c169c4bdef102d0bc5d31b2546345219e348575eb80e9a0?s=96&d=mm&r=g","url":"https:\/\/secure.gravatar.com\/avatar\/37d968a2e67a6fd04c169c4bdef102d0bc5d31b2546345219e348575eb80e9a0?s=96&d=mm&r=g","contentUrl":"https:\/\/secure.gravatar.com\/avatar\/37d968a2e67a6fd04c169c4bdef102d0bc5d31b2546345219e348575eb80e9a0?s=96&d=mm&r=g","caption":"redazione"},"sameAs":["http:\/\/www.bellunopress.it","https:\/\/x.com\/bellunopress"],"url":"https:\/\/www.bellunopress.it\/fr\/author\/redazione\/"}]}},"_links":{"self":[{"href":"https:\/\/www.bellunopress.it\/fr\/wp-json\/wp\/v2\/posts\/156638","targetHints":{"allow":["GET"]}}],"collection":[{"href":"https:\/\/www.bellunopress.it\/fr\/wp-json\/wp\/v2\/posts"}],"about":[{"href":"https:\/\/www.bellunopress.it\/fr\/wp-json\/wp\/v2\/types\/post"}],"author":[{"embeddable":true,"href":"https:\/\/www.bellunopress.it\/fr\/wp-json\/wp\/v2\/users\/2"}],"replies":[{"embeddable":true,"href":"https:\/\/www.bellunopress.it\/fr\/wp-json\/wp\/v2\/comments?post=156638"}],"version-history":[{"count":1,"href":"https:\/\/www.bellunopress.it\/fr\/wp-json\/wp\/v2\/posts\/156638\/revisions"}],"predecessor-version":[{"id":156639,"href":"https:\/\/www.bellunopress.it\/fr\/wp-json\/wp\/v2\/posts\/156638\/revisions\/156639"}],"wp:featuredmedia":[{"embeddable":true,"href":"https:\/\/www.bellunopress.it\/fr\/wp-json\/wp\/v2\/media\/156504"}],"wp:attachment":[{"href":"https:\/\/www.bellunopress.it\/fr\/wp-json\/wp\/v2\/media?parent=156638"}],"wp:term":[{"taxonomy":"category","embeddable":true,"href":"https:\/\/www.bellunopress.it\/fr\/wp-json\/wp\/v2\/categories?post=156638"},{"taxonomy":"post_tag","embeddable":true,"href":"https:\/\/www.bellunopress.it\/fr\/wp-json\/wp\/v2\/tags?post=156638"}],"curies":[{"name":"wp","href":"https:\/\/api.w.org\/{rel}","templated":true}]}}