{"id":15657,"date":"2010-05-27T20:31:56","date_gmt":"2010-05-27T19:31:56","guid":{"rendered":"http:\/\/www.bellunopress.it\/?p=15657"},"modified":"2010-05-27T20:31:56","modified_gmt":"2010-05-27T19:31:56","slug":"sanita-veneto-virtuoso-ma-i-conti-non-tornano","status":"publish","type":"post","link":"https:\/\/www.bellunopress.it\/fr\/2010\/05\/27\/sanita-veneto-virtuoso-ma-i-conti-non-tornano\/","title":{"rendered":"Sanit\u00e0: Veneto virtuoso, ma i conti non tornano"},"content":{"rendered":"<p><a href=\"http:\/\/www.bellunopress.it\/wp-content\/uploads\/2010\/05\/bond-leggeriss.jpg\"><img loading=\"lazy\" decoding=\"async\" class=\"alignleft size-medium wp-image-15529\" title=\"bond-leggeriss\" src=\"http:\/\/www.bellunopress.it\/wp-content\/uploads\/2010\/05\/bond-leggeriss.jpg\" alt=\"\" width=\"130\" height=\"130\" \/><\/a>E&#8217; un sistema sanitario fortemente sbilanciato a favore delle regioni sprecone quello disegnato, dati alla mano, da Dario Bond capogruppo Pdl in Consiglio regionale.&#8221;Secondo l&#8217;ultimo dato statistico disponibile sui ricoveri ordinari &#8211; spiega il consigliere regionale bellunese &#8211;\u00a0 risulta che in Veneto il saldo dei migranti della speranza \u00e8 di circa 15.000 persone. Il totale \u00e8 di quasi 50.000 ammalati che grazie alla solidariet\u00e0 del sistema sanitario veneto vengono a curarsi nei nostri ospedali e nelle nostre strutture provenendo da altre regioni d&#8217;Italia. Tutto questo per un saldo positivo di 99,9 milioni di euro registrato nel 2009 con l&#8217;applicazione delle tariffe basate sul testo unico sulla compensazione interregionale della mobilit\u00e0 sanitaria. Tariffe che sono considerate generalmente non remunerative. Si tratta di una solidariet\u00e0 che il Veneto offre soprattutto alle regioni del Sud e anche al Lazio; una regione che per la sanit\u00e0 \u00e8 arrivata a spendere 3.172 a persona a fronte dei 1.619 del Veneto. Come \u00e8 possibile, allora, che noi non solo spendiamo meno, non solo abbiamo una sanit\u00e0 tra le migliori, ma anche dobbiamo ripianare i buchi di altre regioni e pure accollarci decine di migliaia di malati provenienti da fuori regione? E questo senza tener conto del fatto che le Regioni pi\u00f9 deficitarie hanno anche una media pi\u00f9 alta di personale medico ospedaliero e di medici di medicina generale rispetto alla popolazione residente. Insomma i conti non tornano da nessun punto di vista.<br \/>\nSe, infine, calcoliamo anche i ricoveri di pazienti stranieri arriviamo a una considerevole prestazione di solidariet\u00e0 del sistema sanitario veneto. Possiamo chiedere, allora, che si intervenga a razionalizzare anche i viaggi della speranza? E possiamo chiedere che le nostre prestazioni intanto vengano remunerate meglio senza con questo abbandonare a se stessi i malati da ovunque provengano? Visto che ora abbiamo il coordinamento della Commissione sanit\u00e0 nella Conferenza delle Regioni apriamo subito una trattativa su questo tema. Se oggi il Veneto ha un saldo positivo dalla migrazione sanitaria di circa 100 milioni di euro, un incremento del costo delle prestazioni del 20-25% potrebbe, magari, compensare quei tagli finiti nel calderone destinato a supportare le Regioni che fanno buchi e sprechi da tutte le parti.<\/p>","protected":false},"excerpt":{"rendered":"<p>E&#8217; un sistema sanitario fortemente sbilanciato a favore delle regioni sprecone quello disegnato, dati alla mano, da Dario Bond capogruppo Pdl in Consiglio regionale.&#8221;Secondo l&#8217;ultimo dato statistico disponibile sui ricoveri ordinari &#8211; spiega il consigliere regionale bellunese &#8211;\u00a0 risulta che in Veneto il saldo dei migranti della speranza \u00e8 di circa 15.000 persone. Il totale [&hellip;]<\/p>\n","protected":false},"author":2,"featured_media":0,"comment_status":"closed","ping_status":"open","sticky":false,"template":"","format":"standard","meta":{"footnotes":""},"categories":[26,17],"tags":[1711,1710],"class_list":["post-15657","post","type-post","status-publish","format-standard","category-prima-pagina","category-sanita","tag-ma-i-conti-non-tornano","tag-sanita-veneto-virtuoso"],"yoast_head":"<!-- This site is optimized with the Yoast SEO plugin v28.4 - https:\/\/yoast.com\/product\/yoast-seo-wordpress\/ -->\n<title>Sanit\u00e0: Veneto virtuoso, ma i conti non tornano - Bellunopress - Dolomiti<\/title>\n<meta name=\"robots\" content=\"index, follow, max-snippet:-1, max-image-preview:large, max-video-preview:-1\" \/>\n<link rel=\"canonical\" href=\"https:\/\/www.bellunopress.it\/fr\/2010\/05\/27\/sanita-veneto-virtuoso-ma-i-conti-non-tornano\/\" \/>\n<meta property=\"og:locale\" content=\"fr_FR\" \/>\n<meta property=\"og:type\" content=\"article\" \/>\n<meta property=\"og:title\" content=\"Sanit\u00e0: Veneto virtuoso, ma i conti non tornano - Bellunopress - Dolomiti\" \/>\n<meta property=\"og:description\" content=\"E&#8217; un sistema sanitario fortemente sbilanciato a favore delle regioni sprecone quello disegnato, dati alla mano, da Dario Bond capogruppo Pdl in Consiglio regionale.&#8221;Secondo l&#8217;ultimo dato statistico disponibile sui ricoveri ordinari &#8211; spiega il consigliere regionale bellunese &#8211;\u00a0 risulta che in Veneto il saldo dei migranti della speranza \u00e8 di circa 15.000 persone. Il totale [&hellip;]\" \/>\n<meta property=\"og:url\" content=\"https:\/\/www.bellunopress.it\/fr\/2010\/05\/27\/sanita-veneto-virtuoso-ma-i-conti-non-tornano\/\" \/>\n<meta property=\"og:site_name\" content=\"Bellunopress - Dolomiti\" \/>\n<meta property=\"article:publisher\" content=\"https:\/\/www.facebook.com\/profile.php?id=100008943462799\" \/>\n<meta property=\"article:published_time\" content=\"2010-05-27T19:31:56+00:00\" \/>\n<meta property=\"og:image\" content=\"http:\/\/www.bellunopress.it\/wp-content\/uploads\/2010\/05\/bond-leggeriss.jpg\" \/>\n<meta name=\"author\" content=\"redazione\" \/>\n<meta name=\"twitter:card\" content=\"summary_large_image\" \/>\n<meta name=\"twitter:creator\" content=\"@bellunopress\" \/>\n<meta name=\"twitter:site\" content=\"@bellunopress\" \/>\n<meta name=\"twitter:label1\" content=\"\u00c9crit par\" \/>\n\t<meta name=\"twitter:data1\" content=\"redazione\" \/>\n\t<meta name=\"twitter:label2\" content=\"Dur\u00e9e de lecture estim\u00e9e\" \/>\n\t<meta name=\"twitter:data2\" content=\"2 minutes\" \/>\n<script type=\"application\/ld+json\" class=\"yoast-schema-graph\">{\"@context\":\"https:\\\/\\\/schema.org\",\"@graph\":[{\"@type\":\"Article\",\"@id\":\"https:\\\/\\\/www.bellunopress.it\\\/2010\\\/05\\\/27\\\/sanita-veneto-virtuoso-ma-i-conti-non-tornano\\\/#article\",\"isPartOf\":{\"@id\":\"https:\\\/\\\/www.bellunopress.it\\\/2010\\\/05\\\/27\\\/sanita-veneto-virtuoso-ma-i-conti-non-tornano\\\/\"},\"author\":{\"name\":\"redazione\",\"@id\":\"https:\\\/\\\/www.bellunopress.it\\\/#\\\/schema\\\/person\\\/79bb06722b37ece1c03d3e94beb30d73\"},\"headline\":\"Sanit\u00e0: Veneto virtuoso, ma i conti non tornano\",\"datePublished\":\"2010-05-27T19:31:56+00:00\",\"mainEntityOfPage\":{\"@id\":\"https:\\\/\\\/www.bellunopress.it\\\/2010\\\/05\\\/27\\\/sanita-veneto-virtuoso-ma-i-conti-non-tornano\\\/\"},\"wordCount\":360,\"publisher\":{\"@id\":\"https:\\\/\\\/www.bellunopress.it\\\/#organization\"},\"image\":{\"@id\":\"https:\\\/\\\/www.bellunopress.it\\\/2010\\\/05\\\/27\\\/sanita-veneto-virtuoso-ma-i-conti-non-tornano\\\/#primaryimage\"},\"thumbnailUrl\":\"http:\\\/\\\/www.bellunopress.it\\\/wp-content\\\/uploads\\\/2010\\\/05\\\/bond-leggeriss.jpg\",\"keywords\":[\"ma i conti non tornano\",\"Sanit\u00e0: Veneto virtuoso\"],\"articleSection\":[\"Prima Pagina\",\"Sanit\u00e0 Medicina\"],\"inLanguage\":\"fr-FR\"},{\"@type\":\"WebPage\",\"@id\":\"https:\\\/\\\/www.bellunopress.it\\\/2010\\\/05\\\/27\\\/sanita-veneto-virtuoso-ma-i-conti-non-tornano\\\/\",\"url\":\"https:\\\/\\\/www.bellunopress.it\\\/2010\\\/05\\\/27\\\/sanita-veneto-virtuoso-ma-i-conti-non-tornano\\\/\",\"name\":\"Sanit\u00e0: Veneto virtuoso, ma i conti non tornano - Bellunopress - Dolomiti\",\"isPartOf\":{\"@id\":\"https:\\\/\\\/www.bellunopress.it\\\/#website\"},\"primaryImageOfPage\":{\"@id\":\"https:\\\/\\\/www.bellunopress.it\\\/2010\\\/05\\\/27\\\/sanita-veneto-virtuoso-ma-i-conti-non-tornano\\\/#primaryimage\"},\"image\":{\"@id\":\"https:\\\/\\\/www.bellunopress.it\\\/2010\\\/05\\\/27\\\/sanita-veneto-virtuoso-ma-i-conti-non-tornano\\\/#primaryimage\"},\"thumbnailUrl\":\"http:\\\/\\\/www.bellunopress.it\\\/wp-content\\\/uploads\\\/2010\\\/05\\\/bond-leggeriss.jpg\",\"datePublished\":\"2010-05-27T19:31:56+00:00\",\"breadcrumb\":{\"@id\":\"https:\\\/\\\/www.bellunopress.it\\\/2010\\\/05\\\/27\\\/sanita-veneto-virtuoso-ma-i-conti-non-tornano\\\/#breadcrumb\"},\"inLanguage\":\"fr-FR\",\"potentialAction\":[{\"@type\":\"ReadAction\",\"target\":[\"https:\\\/\\\/www.bellunopress.it\\\/2010\\\/05\\\/27\\\/sanita-veneto-virtuoso-ma-i-conti-non-tornano\\\/\"]}]},{\"@type\":\"ImageObject\",\"inLanguage\":\"fr-FR\",\"@id\":\"https:\\\/\\\/www.bellunopress.it\\\/2010\\\/05\\\/27\\\/sanita-veneto-virtuoso-ma-i-conti-non-tornano\\\/#primaryimage\",\"url\":\"http:\\\/\\\/www.bellunopress.it\\\/wp-content\\\/uploads\\\/2010\\\/05\\\/bond-leggeriss.jpg\",\"contentUrl\":\"http:\\\/\\\/www.bellunopress.it\\\/wp-content\\\/uploads\\\/2010\\\/05\\\/bond-leggeriss.jpg\"},{\"@type\":\"BreadcrumbList\",\"@id\":\"https:\\\/\\\/www.bellunopress.it\\\/2010\\\/05\\\/27\\\/sanita-veneto-virtuoso-ma-i-conti-non-tornano\\\/#breadcrumb\",\"itemListElement\":[{\"@type\":\"ListItem\",\"position\":1,\"name\":\"Home\",\"item\":\"https:\\\/\\\/www.bellunopress.it\\\/\"},{\"@type\":\"ListItem\",\"position\":2,\"name\":\"Sanit\u00e0: Veneto virtuoso, ma i conti non tornano\"}]},{\"@type\":\"WebSite\",\"@id\":\"https:\\\/\\\/www.bellunopress.it\\\/#website\",\"url\":\"https:\\\/\\\/www.bellunopress.it\\\/\",\"name\":\"Bellunopress - Dolomiti\",\"description\":\"e-mail: redazione@bellunopress.it\",\"publisher\":{\"@id\":\"https:\\\/\\\/www.bellunopress.it\\\/#organization\"},\"potentialAction\":[{\"@type\":\"SearchAction\",\"target\":{\"@type\":\"EntryPoint\",\"urlTemplate\":\"https:\\\/\\\/www.bellunopress.it\\\/?s={search_term_string}\"},\"query-input\":{\"@type\":\"PropertyValueSpecification\",\"valueRequired\":true,\"valueName\":\"search_term_string\"}}],\"inLanguage\":\"fr-FR\"},{\"@type\":\"Organization\",\"@id\":\"https:\\\/\\\/www.bellunopress.it\\\/#organization\",\"name\":\"Bellunopress\",\"url\":\"https:\\\/\\\/www.bellunopress.it\\\/\",\"logo\":{\"@type\":\"ImageObject\",\"inLanguage\":\"fr-FR\",\"@id\":\"https:\\\/\\\/www.bellunopress.it\\\/#\\\/schema\\\/logo\\\/image\\\/\",\"url\":\"https:\\\/\\\/www.bellunopress.it\\\/wp-content\\\/uploads\\\/2011\\\/05\\\/cropped-logo-bellunopress-.jpg\",\"contentUrl\":\"https:\\\/\\\/www.bellunopress.it\\\/wp-content\\\/uploads\\\/2011\\\/05\\\/cropped-logo-bellunopress-.jpg\",\"width\":512,\"height\":512,\"caption\":\"Bellunopress\"},\"image\":{\"@id\":\"https:\\\/\\\/www.bellunopress.it\\\/#\\\/schema\\\/logo\\\/image\\\/\"},\"sameAs\":[\"https:\\\/\\\/www.facebook.com\\\/profile.php?id=100008943462799\",\"https:\\\/\\\/x.com\\\/bellunopress\",\"https:\\\/\\\/www.linkedin.com\\\/hp\\\/?dnr=JBzUWaJfMUw8vbXJJ2tVW5-I3jZKvC4wsoxE&amp;amp;amp;amp;amp;amp;trk=nav_responsive_tab_home\",\"https:\\\/\\\/www.youtube.com\\\/channel\\\/UCxL0wu1uN0_3_7hGG0306cw\"]},{\"@type\":\"Person\",\"@id\":\"https:\\\/\\\/www.bellunopress.it\\\/#\\\/schema\\\/person\\\/79bb06722b37ece1c03d3e94beb30d73\",\"name\":\"redazione\",\"image\":{\"@type\":\"ImageObject\",\"inLanguage\":\"fr-FR\",\"@id\":\"https:\\\/\\\/secure.gravatar.com\\\/avatar\\\/37d968a2e67a6fd04c169c4bdef102d0bc5d31b2546345219e348575eb80e9a0?s=96&d=mm&r=g\",\"url\":\"https:\\\/\\\/secure.gravatar.com\\\/avatar\\\/37d968a2e67a6fd04c169c4bdef102d0bc5d31b2546345219e348575eb80e9a0?s=96&d=mm&r=g\",\"contentUrl\":\"https:\\\/\\\/secure.gravatar.com\\\/avatar\\\/37d968a2e67a6fd04c169c4bdef102d0bc5d31b2546345219e348575eb80e9a0?s=96&d=mm&r=g\",\"caption\":\"redazione\"},\"sameAs\":[\"http:\\\/\\\/www.bellunopress.it\",\"https:\\\/\\\/x.com\\\/bellunopress\"],\"url\":\"https:\\\/\\\/www.bellunopress.it\\\/fr\\\/author\\\/redazione\\\/\"}]}<\/script>\n<!-- \/ Yoast SEO plugin. -->","yoast_head_json":{"title":"Sanit\u00e0: Veneto virtuoso, ma i conti non tornano - Bellunopress - Dolomiti","robots":{"index":"index","follow":"follow","max-snippet":"max-snippet:-1","max-image-preview":"max-image-preview:large","max-video-preview":"max-video-preview:-1"},"canonical":"https:\/\/www.bellunopress.it\/fr\/2010\/05\/27\/sanita-veneto-virtuoso-ma-i-conti-non-tornano\/","og_locale":"fr_FR","og_type":"article","og_title":"Sanit\u00e0: Veneto virtuoso, ma i conti non tornano - Bellunopress - Dolomiti","og_description":"E&#8217; un sistema sanitario fortemente sbilanciato a favore delle regioni sprecone quello disegnato, dati alla mano, da Dario Bond capogruppo Pdl in Consiglio regionale.&#8221;Secondo l&#8217;ultimo dato statistico disponibile sui ricoveri ordinari &#8211; spiega il consigliere regionale bellunese &#8211;\u00a0 risulta che in Veneto il saldo dei migranti della speranza \u00e8 di circa 15.000 persone. Il totale [&hellip;]","og_url":"https:\/\/www.bellunopress.it\/fr\/2010\/05\/27\/sanita-veneto-virtuoso-ma-i-conti-non-tornano\/","og_site_name":"Bellunopress - Dolomiti","article_publisher":"https:\/\/www.facebook.com\/profile.php?id=100008943462799","article_published_time":"2010-05-27T19:31:56+00:00","og_image":[{"url":"http:\/\/www.bellunopress.it\/wp-content\/uploads\/2010\/05\/bond-leggeriss.jpg","type":"","width":"","height":""}],"author":"redazione","twitter_card":"summary_large_image","twitter_creator":"@bellunopress","twitter_site":"@bellunopress","twitter_misc":{"\u00c9crit par":"redazione","Dur\u00e9e de lecture estim\u00e9e":"2 minutes"},"schema":{"@context":"https:\/\/schema.org","@graph":[{"@type":"Article","@id":"https:\/\/www.bellunopress.it\/2010\/05\/27\/sanita-veneto-virtuoso-ma-i-conti-non-tornano\/#article","isPartOf":{"@id":"https:\/\/www.bellunopress.it\/2010\/05\/27\/sanita-veneto-virtuoso-ma-i-conti-non-tornano\/"},"author":{"name":"redazione","@id":"https:\/\/www.bellunopress.it\/#\/schema\/person\/79bb06722b37ece1c03d3e94beb30d73"},"headline":"Sanit\u00e0: Veneto virtuoso, ma i conti non tornano","datePublished":"2010-05-27T19:31:56+00:00","mainEntityOfPage":{"@id":"https:\/\/www.bellunopress.it\/2010\/05\/27\/sanita-veneto-virtuoso-ma-i-conti-non-tornano\/"},"wordCount":360,"publisher":{"@id":"https:\/\/www.bellunopress.it\/#organization"},"image":{"@id":"https:\/\/www.bellunopress.it\/2010\/05\/27\/sanita-veneto-virtuoso-ma-i-conti-non-tornano\/#primaryimage"},"thumbnailUrl":"http:\/\/www.bellunopress.it\/wp-content\/uploads\/2010\/05\/bond-leggeriss.jpg","keywords":["ma i conti non tornano","Sanit\u00e0: Veneto virtuoso"],"articleSection":["Prima Pagina","Sanit\u00e0 Medicina"],"inLanguage":"fr-FR"},{"@type":"WebPage","@id":"https:\/\/www.bellunopress.it\/2010\/05\/27\/sanita-veneto-virtuoso-ma-i-conti-non-tornano\/","url":"https:\/\/www.bellunopress.it\/2010\/05\/27\/sanita-veneto-virtuoso-ma-i-conti-non-tornano\/","name":"Sanit\u00e0: Veneto virtuoso, ma i conti non tornano - Bellunopress - Dolomiti","isPartOf":{"@id":"https:\/\/www.bellunopress.it\/#website"},"primaryImageOfPage":{"@id":"https:\/\/www.bellunopress.it\/2010\/05\/27\/sanita-veneto-virtuoso-ma-i-conti-non-tornano\/#primaryimage"},"image":{"@id":"https:\/\/www.bellunopress.it\/2010\/05\/27\/sanita-veneto-virtuoso-ma-i-conti-non-tornano\/#primaryimage"},"thumbnailUrl":"http:\/\/www.bellunopress.it\/wp-content\/uploads\/2010\/05\/bond-leggeriss.jpg","datePublished":"2010-05-27T19:31:56+00:00","breadcrumb":{"@id":"https:\/\/www.bellunopress.it\/2010\/05\/27\/sanita-veneto-virtuoso-ma-i-conti-non-tornano\/#breadcrumb"},"inLanguage":"fr-FR","potentialAction":[{"@type":"ReadAction","target":["https:\/\/www.bellunopress.it\/2010\/05\/27\/sanita-veneto-virtuoso-ma-i-conti-non-tornano\/"]}]},{"@type":"ImageObject","inLanguage":"fr-FR","@id":"https:\/\/www.bellunopress.it\/2010\/05\/27\/sanita-veneto-virtuoso-ma-i-conti-non-tornano\/#primaryimage","url":"http:\/\/www.bellunopress.it\/wp-content\/uploads\/2010\/05\/bond-leggeriss.jpg","contentUrl":"http:\/\/www.bellunopress.it\/wp-content\/uploads\/2010\/05\/bond-leggeriss.jpg"},{"@type":"BreadcrumbList","@id":"https:\/\/www.bellunopress.it\/2010\/05\/27\/sanita-veneto-virtuoso-ma-i-conti-non-tornano\/#breadcrumb","itemListElement":[{"@type":"ListItem","position":1,"name":"Home","item":"https:\/\/www.bellunopress.it\/"},{"@type":"ListItem","position":2,"name":"Sanit\u00e0: Veneto virtuoso, ma i conti non tornano"}]},{"@type":"WebSite","@id":"https:\/\/www.bellunopress.it\/#website","url":"https:\/\/www.bellunopress.it\/","name":"Bellunopress - Dolomiti","description":"e-mail: redazione@bellunopress.it","publisher":{"@id":"https:\/\/www.bellunopress.it\/#organization"},"potentialAction":[{"@type":"SearchAction","target":{"@type":"EntryPoint","urlTemplate":"https:\/\/www.bellunopress.it\/?s={search_term_string}"},"query-input":{"@type":"PropertyValueSpecification","valueRequired":true,"valueName":"search_term_string"}}],"inLanguage":"fr-FR"},{"@type":"Organization","@id":"https:\/\/www.bellunopress.it\/#organization","name":"Bellunopress","url":"https:\/\/www.bellunopress.it\/","logo":{"@type":"ImageObject","inLanguage":"fr-FR","@id":"https:\/\/www.bellunopress.it\/#\/schema\/logo\/image\/","url":"https:\/\/www.bellunopress.it\/wp-content\/uploads\/2011\/05\/cropped-logo-bellunopress-.jpg","contentUrl":"https:\/\/www.bellunopress.it\/wp-content\/uploads\/2011\/05\/cropped-logo-bellunopress-.jpg","width":512,"height":512,"caption":"Bellunopress"},"image":{"@id":"https:\/\/www.bellunopress.it\/#\/schema\/logo\/image\/"},"sameAs":["https:\/\/www.facebook.com\/profile.php?id=100008943462799","https:\/\/x.com\/bellunopress","https:\/\/www.linkedin.com\/hp\/?dnr=JBzUWaJfMUw8vbXJJ2tVW5-I3jZKvC4wsoxE&amp;amp;amp;amp;amp;amp;trk=nav_responsive_tab_home","https:\/\/www.youtube.com\/channel\/UCxL0wu1uN0_3_7hGG0306cw"]},{"@type":"Person","@id":"https:\/\/www.bellunopress.it\/#\/schema\/person\/79bb06722b37ece1c03d3e94beb30d73","name":"r\u00e9daction","image":{"@type":"ImageObject","inLanguage":"fr-FR","@id":"https:\/\/secure.gravatar.com\/avatar\/37d968a2e67a6fd04c169c4bdef102d0bc5d31b2546345219e348575eb80e9a0?s=96&d=mm&r=g","url":"https:\/\/secure.gravatar.com\/avatar\/37d968a2e67a6fd04c169c4bdef102d0bc5d31b2546345219e348575eb80e9a0?s=96&d=mm&r=g","contentUrl":"https:\/\/secure.gravatar.com\/avatar\/37d968a2e67a6fd04c169c4bdef102d0bc5d31b2546345219e348575eb80e9a0?s=96&d=mm&r=g","caption":"redazione"},"sameAs":["http:\/\/www.bellunopress.it","https:\/\/x.com\/bellunopress"],"url":"https:\/\/www.bellunopress.it\/fr\/author\/redazione\/"}]}},"_links":{"self":[{"href":"https:\/\/www.bellunopress.it\/fr\/wp-json\/wp\/v2\/posts\/15657","targetHints":{"allow":["GET"]}}],"collection":[{"href":"https:\/\/www.bellunopress.it\/fr\/wp-json\/wp\/v2\/posts"}],"about":[{"href":"https:\/\/www.bellunopress.it\/fr\/wp-json\/wp\/v2\/types\/post"}],"author":[{"embeddable":true,"href":"https:\/\/www.bellunopress.it\/fr\/wp-json\/wp\/v2\/users\/2"}],"replies":[{"embeddable":true,"href":"https:\/\/www.bellunopress.it\/fr\/wp-json\/wp\/v2\/comments?post=15657"}],"version-history":[{"count":1,"href":"https:\/\/www.bellunopress.it\/fr\/wp-json\/wp\/v2\/posts\/15657\/revisions"}],"predecessor-version":[{"id":15658,"href":"https:\/\/www.bellunopress.it\/fr\/wp-json\/wp\/v2\/posts\/15657\/revisions\/15658"}],"wp:attachment":[{"href":"https:\/\/www.bellunopress.it\/fr\/wp-json\/wp\/v2\/media?parent=15657"}],"wp:term":[{"taxonomy":"category","embeddable":true,"href":"https:\/\/www.bellunopress.it\/fr\/wp-json\/wp\/v2\/categories?post=15657"},{"taxonomy":"post_tag","embeddable":true,"href":"https:\/\/www.bellunopress.it\/fr\/wp-json\/wp\/v2\/tags?post=15657"}],"curies":[{"name":"wp","href":"https:\/\/api.w.org\/{rel}","templated":true}]}}