{"id":156563,"date":"2024-12-27T09:02:22","date_gmt":"2024-12-27T08:02:22","guid":{"rendered":"https:\/\/www.bellunopress.it\/?p=156563"},"modified":"2024-12-27T09:02:22","modified_gmt":"2024-12-27T08:02:22","slug":"meano-celebra-la-santa-barbara-dellemigrante-un-omaggio-alla-storia-e-alla-comunita-bellunese","status":"publish","type":"post","link":"https:\/\/www.bellunopress.it\/fr\/2024\/12\/27\/meano-celebra-la-santa-barbara-dellemigrante-un-omaggio-alla-storia-e-alla-comunita-bellunese\/","title":{"rendered":"Meano celebra la &#8220;Santa Barbara dell\u2019Emigrante&#8221;: un omaggio alla storia e alla comunit\u00e0 bellunese"},"content":{"rendered":"<p><img loading=\"lazy\" decoding=\"async\" class=\"aligncenter size-full wp-image-156564\" src=\"https:\/\/www.bellunopress.it\/wp-content\/uploads\/2024\/12\/Santa-Barbara-dellemigrante_edited.jpg\" alt=\"Meano celebra la &quot;Santa Barbara dell\u2019Emigrante\" width=\"1000\" height=\"750\" srcset=\"https:\/\/www.bellunopress.it\/wp-content\/uploads\/2024\/12\/Santa-Barbara-dellemigrante_edited.jpg 1000w, https:\/\/www.bellunopress.it\/wp-content\/uploads\/2024\/12\/Santa-Barbara-dellemigrante_edited-500x375.jpg 500w, https:\/\/www.bellunopress.it\/wp-content\/uploads\/2024\/12\/Santa-Barbara-dellemigrante_edited-560x420.jpg 560w, https:\/\/www.bellunopress.it\/wp-content\/uploads\/2024\/12\/Santa-Barbara-dellemigrante_edited-80x60.jpg 80w, https:\/\/www.bellunopress.it\/wp-content\/uploads\/2024\/12\/Santa-Barbara-dellemigrante_edited-696x522.jpg 696w\" sizes=\"auto, (max-width: 1000px) 100vw, 1000px\" \/>Santa Giustina, 27 dicembre 2024 &#8211; La mattinata di ieri, a Meano di Santa Giustina, \u00e8 stata dedicata alla tradizionale &#8220;Santa Barbara dell\u2019Emigrante&#8221;, un appuntamento organizzato dalla Famiglia Ex Emigranti &#8220;Monte Pizzocco&#8221;. L\u2019evento ha visto la partecipazione delle amministrazioni comunali di Santa Giustina, San Gregorio nelle Alpi, Sedico, Cesiomaggiore e Sospirolo, testimoniando l\u2019unit\u00e0 e il valore della memoria condivisa tra i territori.<\/p>\n<p>La giornata si \u00e8 aperta con la celebrazione della messa officiata da don Luigi Calvi, un momento di raccoglimento e preghiera in ricordo degli emigranti bellunesi che, con sacrificio e determinazione, hanno portato il nome e l\u2019anima della loro terra oltre i confini.<\/p>\n<p>Al termine della funzione religiosa, i partecipanti si sono riuniti in canonica per un convivio all\u2019insegna della condivisione e della memoria storica.<\/p>\n<p><strong>Gli interventi delle autorit\u00e0<\/strong><br \/>\nDurante l\u2019incontro, sono intervenuti Marco Perot, presidente della Famiglia Ex Emigranti &#8220;Monte Pizzocco&#8221;, e Oscar De Bona, presidente dell\u2019Associazione Bellunesi nel Mondo, insieme alle autorit\u00e0 comunali presenti. Gli interventi hanno sottolineato il ruolo centrale dell\u2019emigrazione nella storia e nell\u2019identit\u00e0 della provincia di Belluno, ricordando il contributo degli emigranti non solo al tessuto economico dei Paesi che li hanno accolti, ma anche alla crescita culturale e sociale del territorio d\u2019origine.<\/p>\n<p><strong>Un appuntamento tradizionale e significativo<\/strong><br \/>\nLa &#8220;Santa Barbara dell\u2019Emigrante&#8221; rappresenta da sempre un\u2019occasione per riflettere sulle radici e sul valore della comunit\u00e0, chiudendo simbolicamente le attivit\u00e0 annuali della Famiglia Ex Emigranti &#8220;Monte Pizzocco&#8221;. L\u2019evento, come ogni anno, ha saputo coniugare tradizione, memoria e spirito di unit\u00e0, ribadendo l\u2019importanza di non dimenticare le storie e i sacrifici di chi, partendo dalla propria terra, ha costruito ponti di legame con il mondo.<\/p>\n<p>Un appuntamento che continua a essere un faro nella conservazione dell\u2019identit\u00e0 e della cultura bellunese.<\/p>","protected":false},"excerpt":{"rendered":"<p>Santa Giustina, 27 dicembre 2024 &#8211; La mattinata di ieri, a Meano di Santa Giustina, \u00e8 stata dedicata alla tradizionale &#8220;Santa Barbara dell\u2019Emigrante&#8221;, un appuntamento organizzato dalla Famiglia Ex Emigranti &#8220;Monte Pizzocco&#8221;. L\u2019evento ha visto la partecipazione delle amministrazioni comunali di Santa Giustina, San Gregorio nelle Alpi, Sedico, Cesiomaggiore e Sospirolo, testimoniando l\u2019unit\u00e0 e il [&hellip;]<\/p>\n","protected":false},"author":2,"featured_media":156564,"comment_status":"closed","ping_status":"open","sticky":false,"template":"","format":"standard","meta":{"footnotes":""},"categories":[26,8],"tags":[],"class_list":["post-156563","post","type-post","status-publish","format-standard","has-post-thumbnail","category-prima-pagina","category-societa-istituzioni"],"yoast_head":"<!-- This site is optimized with the Yoast SEO plugin v28.4 - https:\/\/yoast.com\/product\/yoast-seo-wordpress\/ -->\n<title>Meano celebra la &quot;Santa Barbara dell\u2019Emigrante&quot;: un omaggio alla storia e alla comunit\u00e0 bellunese - Bellunopress - Dolomiti<\/title>\n<meta name=\"robots\" content=\"index, follow, max-snippet:-1, max-image-preview:large, max-video-preview:-1\" \/>\n<link rel=\"canonical\" href=\"https:\/\/www.bellunopress.it\/fr\/2024\/12\/27\/meano-celebra-la-santa-barbara-dellemigrante-un-omaggio-alla-storia-e-alla-comunita-bellunese\/\" \/>\n<meta property=\"og:locale\" content=\"fr_FR\" \/>\n<meta property=\"og:type\" content=\"article\" \/>\n<meta property=\"og:title\" content=\"Meano celebra la &quot;Santa Barbara dell\u2019Emigrante&quot;: un omaggio alla storia e alla comunit\u00e0 bellunese - Bellunopress - Dolomiti\" \/>\n<meta property=\"og:description\" content=\"Santa Giustina, 27 dicembre 2024 &#8211; La mattinata di ieri, a Meano di Santa Giustina, \u00e8 stata dedicata alla tradizionale &#8220;Santa Barbara dell\u2019Emigrante&#8221;, un appuntamento organizzato dalla Famiglia Ex Emigranti &#8220;Monte Pizzocco&#8221;. L\u2019evento ha visto la partecipazione delle amministrazioni comunali di Santa Giustina, San Gregorio nelle Alpi, Sedico, Cesiomaggiore e Sospirolo, testimoniando l\u2019unit\u00e0 e il [&hellip;]\" \/>\n<meta property=\"og:url\" content=\"https:\/\/www.bellunopress.it\/fr\/2024\/12\/27\/meano-celebra-la-santa-barbara-dellemigrante-un-omaggio-alla-storia-e-alla-comunita-bellunese\/\" \/>\n<meta property=\"og:site_name\" content=\"Bellunopress - Dolomiti\" \/>\n<meta property=\"article:publisher\" content=\"https:\/\/www.facebook.com\/profile.php?id=100008943462799\" \/>\n<meta property=\"article:published_time\" content=\"2024-12-27T08:02:22+00:00\" \/>\n<meta property=\"og:image\" content=\"https:\/\/www.bellunopress.it\/wp-content\/uploads\/2024\/12\/Santa-Barbara-dellemigrante_edited.jpg\" \/>\n\t<meta property=\"og:image:width\" content=\"1000\" \/>\n\t<meta property=\"og:image:height\" content=\"750\" \/>\n\t<meta property=\"og:image:type\" content=\"image\/jpeg\" \/>\n<meta name=\"author\" content=\"redazione\" \/>\n<meta name=\"twitter:card\" content=\"summary_large_image\" \/>\n<meta name=\"twitter:creator\" content=\"@bellunopress\" \/>\n<meta name=\"twitter:site\" content=\"@bellunopress\" \/>\n<meta name=\"twitter:label1\" content=\"\u00c9crit par\" \/>\n\t<meta name=\"twitter:data1\" content=\"redazione\" \/>\n\t<meta name=\"twitter:label2\" content=\"Dur\u00e9e de lecture estim\u00e9e\" \/>\n\t<meta name=\"twitter:data2\" content=\"1 minute\" \/>\n<script type=\"application\/ld+json\" class=\"yoast-schema-graph\">{\"@context\":\"https:\\\/\\\/schema.org\",\"@graph\":[{\"@type\":\"Article\",\"@id\":\"https:\\\/\\\/www.bellunopress.it\\\/2024\\\/12\\\/27\\\/meano-celebra-la-santa-barbara-dellemigrante-un-omaggio-alla-storia-e-alla-comunita-bellunese\\\/#article\",\"isPartOf\":{\"@id\":\"https:\\\/\\\/www.bellunopress.it\\\/2024\\\/12\\\/27\\\/meano-celebra-la-santa-barbara-dellemigrante-un-omaggio-alla-storia-e-alla-comunita-bellunese\\\/\"},\"author\":{\"name\":\"redazione\",\"@id\":\"https:\\\/\\\/www.bellunopress.it\\\/#\\\/schema\\\/person\\\/79bb06722b37ece1c03d3e94beb30d73\"},\"headline\":\"Meano celebra la &#8220;Santa Barbara dell\u2019Emigrante&#8221;: un omaggio alla storia e alla comunit\u00e0 bellunese\",\"datePublished\":\"2024-12-27T08:02:22+00:00\",\"mainEntityOfPage\":{\"@id\":\"https:\\\/\\\/www.bellunopress.it\\\/2024\\\/12\\\/27\\\/meano-celebra-la-santa-barbara-dellemigrante-un-omaggio-alla-storia-e-alla-comunita-bellunese\\\/\"},\"wordCount\":311,\"publisher\":{\"@id\":\"https:\\\/\\\/www.bellunopress.it\\\/#organization\"},\"image\":{\"@id\":\"https:\\\/\\\/www.bellunopress.it\\\/2024\\\/12\\\/27\\\/meano-celebra-la-santa-barbara-dellemigrante-un-omaggio-alla-storia-e-alla-comunita-bellunese\\\/#primaryimage\"},\"thumbnailUrl\":\"https:\\\/\\\/www.bellunopress.it\\\/wp-content\\\/uploads\\\/2024\\\/12\\\/Santa-Barbara-dellemigrante_edited.jpg\",\"articleSection\":[\"Prima Pagina\",\"Societ\u00e0, Associazioni, Istituzioni\"],\"inLanguage\":\"fr-FR\"},{\"@type\":\"WebPage\",\"@id\":\"https:\\\/\\\/www.bellunopress.it\\\/2024\\\/12\\\/27\\\/meano-celebra-la-santa-barbara-dellemigrante-un-omaggio-alla-storia-e-alla-comunita-bellunese\\\/\",\"url\":\"https:\\\/\\\/www.bellunopress.it\\\/2024\\\/12\\\/27\\\/meano-celebra-la-santa-barbara-dellemigrante-un-omaggio-alla-storia-e-alla-comunita-bellunese\\\/\",\"name\":\"Meano celebra la \\\"Santa Barbara dell\u2019Emigrante\\\": un omaggio alla storia e alla comunit\u00e0 bellunese - Bellunopress - Dolomiti\",\"isPartOf\":{\"@id\":\"https:\\\/\\\/www.bellunopress.it\\\/#website\"},\"primaryImageOfPage\":{\"@id\":\"https:\\\/\\\/www.bellunopress.it\\\/2024\\\/12\\\/27\\\/meano-celebra-la-santa-barbara-dellemigrante-un-omaggio-alla-storia-e-alla-comunita-bellunese\\\/#primaryimage\"},\"image\":{\"@id\":\"https:\\\/\\\/www.bellunopress.it\\\/2024\\\/12\\\/27\\\/meano-celebra-la-santa-barbara-dellemigrante-un-omaggio-alla-storia-e-alla-comunita-bellunese\\\/#primaryimage\"},\"thumbnailUrl\":\"https:\\\/\\\/www.bellunopress.it\\\/wp-content\\\/uploads\\\/2024\\\/12\\\/Santa-Barbara-dellemigrante_edited.jpg\",\"datePublished\":\"2024-12-27T08:02:22+00:00\",\"breadcrumb\":{\"@id\":\"https:\\\/\\\/www.bellunopress.it\\\/2024\\\/12\\\/27\\\/meano-celebra-la-santa-barbara-dellemigrante-un-omaggio-alla-storia-e-alla-comunita-bellunese\\\/#breadcrumb\"},\"inLanguage\":\"fr-FR\",\"potentialAction\":[{\"@type\":\"ReadAction\",\"target\":[\"https:\\\/\\\/www.bellunopress.it\\\/2024\\\/12\\\/27\\\/meano-celebra-la-santa-barbara-dellemigrante-un-omaggio-alla-storia-e-alla-comunita-bellunese\\\/\"]}]},{\"@type\":\"ImageObject\",\"inLanguage\":\"fr-FR\",\"@id\":\"https:\\\/\\\/www.bellunopress.it\\\/2024\\\/12\\\/27\\\/meano-celebra-la-santa-barbara-dellemigrante-un-omaggio-alla-storia-e-alla-comunita-bellunese\\\/#primaryimage\",\"url\":\"https:\\\/\\\/www.bellunopress.it\\\/wp-content\\\/uploads\\\/2024\\\/12\\\/Santa-Barbara-dellemigrante_edited.jpg\",\"contentUrl\":\"https:\\\/\\\/www.bellunopress.it\\\/wp-content\\\/uploads\\\/2024\\\/12\\\/Santa-Barbara-dellemigrante_edited.jpg\",\"width\":1000,\"height\":750,\"caption\":\"Meano celebra la \\\"Santa Barbara dell\u2019Emigrante\"},{\"@type\":\"BreadcrumbList\",\"@id\":\"https:\\\/\\\/www.bellunopress.it\\\/2024\\\/12\\\/27\\\/meano-celebra-la-santa-barbara-dellemigrante-un-omaggio-alla-storia-e-alla-comunita-bellunese\\\/#breadcrumb\",\"itemListElement\":[{\"@type\":\"ListItem\",\"position\":1,\"name\":\"Home\",\"item\":\"https:\\\/\\\/www.bellunopress.it\\\/\"},{\"@type\":\"ListItem\",\"position\":2,\"name\":\"Meano celebra la &#8220;Santa Barbara dell\u2019Emigrante&#8221;: un omaggio alla storia e alla comunit\u00e0 bellunese\"}]},{\"@type\":\"WebSite\",\"@id\":\"https:\\\/\\\/www.bellunopress.it\\\/#website\",\"url\":\"https:\\\/\\\/www.bellunopress.it\\\/\",\"name\":\"Bellunopress - Dolomiti\",\"description\":\"e-mail: redazione@bellunopress.it\",\"publisher\":{\"@id\":\"https:\\\/\\\/www.bellunopress.it\\\/#organization\"},\"potentialAction\":[{\"@type\":\"SearchAction\",\"target\":{\"@type\":\"EntryPoint\",\"urlTemplate\":\"https:\\\/\\\/www.bellunopress.it\\\/?s={search_term_string}\"},\"query-input\":{\"@type\":\"PropertyValueSpecification\",\"valueRequired\":true,\"valueName\":\"search_term_string\"}}],\"inLanguage\":\"fr-FR\"},{\"@type\":\"Organization\",\"@id\":\"https:\\\/\\\/www.bellunopress.it\\\/#organization\",\"name\":\"Bellunopress\",\"url\":\"https:\\\/\\\/www.bellunopress.it\\\/\",\"logo\":{\"@type\":\"ImageObject\",\"inLanguage\":\"fr-FR\",\"@id\":\"https:\\\/\\\/www.bellunopress.it\\\/#\\\/schema\\\/logo\\\/image\\\/\",\"url\":\"https:\\\/\\\/www.bellunopress.it\\\/wp-content\\\/uploads\\\/2011\\\/05\\\/cropped-logo-bellunopress-.jpg\",\"contentUrl\":\"https:\\\/\\\/www.bellunopress.it\\\/wp-content\\\/uploads\\\/2011\\\/05\\\/cropped-logo-bellunopress-.jpg\",\"width\":512,\"height\":512,\"caption\":\"Bellunopress\"},\"image\":{\"@id\":\"https:\\\/\\\/www.bellunopress.it\\\/#\\\/schema\\\/logo\\\/image\\\/\"},\"sameAs\":[\"https:\\\/\\\/www.facebook.com\\\/profile.php?id=100008943462799\",\"https:\\\/\\\/x.com\\\/bellunopress\",\"https:\\\/\\\/www.linkedin.com\\\/hp\\\/?dnr=JBzUWaJfMUw8vbXJJ2tVW5-I3jZKvC4wsoxE&amp;amp;amp;amp;amp;amp;trk=nav_responsive_tab_home\",\"https:\\\/\\\/www.youtube.com\\\/channel\\\/UCxL0wu1uN0_3_7hGG0306cw\"]},{\"@type\":\"Person\",\"@id\":\"https:\\\/\\\/www.bellunopress.it\\\/#\\\/schema\\\/person\\\/79bb06722b37ece1c03d3e94beb30d73\",\"name\":\"redazione\",\"image\":{\"@type\":\"ImageObject\",\"inLanguage\":\"fr-FR\",\"@id\":\"https:\\\/\\\/secure.gravatar.com\\\/avatar\\\/37d968a2e67a6fd04c169c4bdef102d0bc5d31b2546345219e348575eb80e9a0?s=96&d=mm&r=g\",\"url\":\"https:\\\/\\\/secure.gravatar.com\\\/avatar\\\/37d968a2e67a6fd04c169c4bdef102d0bc5d31b2546345219e348575eb80e9a0?s=96&d=mm&r=g\",\"contentUrl\":\"https:\\\/\\\/secure.gravatar.com\\\/avatar\\\/37d968a2e67a6fd04c169c4bdef102d0bc5d31b2546345219e348575eb80e9a0?s=96&d=mm&r=g\",\"caption\":\"redazione\"},\"sameAs\":[\"http:\\\/\\\/www.bellunopress.it\",\"https:\\\/\\\/x.com\\\/bellunopress\"],\"url\":\"https:\\\/\\\/www.bellunopress.it\\\/fr\\\/author\\\/redazione\\\/\"}]}<\/script>\n<!-- \/ Yoast SEO plugin. -->","yoast_head_json":{"title":"Meano celebra la \"Santa Barbara dell\u2019Emigrante\": un omaggio alla storia e alla comunit\u00e0 bellunese - Bellunopress - Dolomiti","robots":{"index":"index","follow":"follow","max-snippet":"max-snippet:-1","max-image-preview":"max-image-preview:large","max-video-preview":"max-video-preview:-1"},"canonical":"https:\/\/www.bellunopress.it\/fr\/2024\/12\/27\/meano-celebra-la-santa-barbara-dellemigrante-un-omaggio-alla-storia-e-alla-comunita-bellunese\/","og_locale":"fr_FR","og_type":"article","og_title":"Meano celebra la \"Santa Barbara dell\u2019Emigrante\": un omaggio alla storia e alla comunit\u00e0 bellunese - Bellunopress - Dolomiti","og_description":"Santa Giustina, 27 dicembre 2024 &#8211; La mattinata di ieri, a Meano di Santa Giustina, \u00e8 stata dedicata alla tradizionale &#8220;Santa Barbara dell\u2019Emigrante&#8221;, un appuntamento organizzato dalla Famiglia Ex Emigranti &#8220;Monte Pizzocco&#8221;. L\u2019evento ha visto la partecipazione delle amministrazioni comunali di Santa Giustina, San Gregorio nelle Alpi, Sedico, Cesiomaggiore e Sospirolo, testimoniando l\u2019unit\u00e0 e il [&hellip;]","og_url":"https:\/\/www.bellunopress.it\/fr\/2024\/12\/27\/meano-celebra-la-santa-barbara-dellemigrante-un-omaggio-alla-storia-e-alla-comunita-bellunese\/","og_site_name":"Bellunopress - Dolomiti","article_publisher":"https:\/\/www.facebook.com\/profile.php?id=100008943462799","article_published_time":"2024-12-27T08:02:22+00:00","og_image":[{"width":1000,"height":750,"url":"https:\/\/www.bellunopress.it\/wp-content\/uploads\/2024\/12\/Santa-Barbara-dellemigrante_edited.jpg","type":"image\/jpeg"}],"author":"redazione","twitter_card":"summary_large_image","twitter_creator":"@bellunopress","twitter_site":"@bellunopress","twitter_misc":{"\u00c9crit par":"redazione","Dur\u00e9e de lecture estim\u00e9e":"1 minute"},"schema":{"@context":"https:\/\/schema.org","@graph":[{"@type":"Article","@id":"https:\/\/www.bellunopress.it\/2024\/12\/27\/meano-celebra-la-santa-barbara-dellemigrante-un-omaggio-alla-storia-e-alla-comunita-bellunese\/#article","isPartOf":{"@id":"https:\/\/www.bellunopress.it\/2024\/12\/27\/meano-celebra-la-santa-barbara-dellemigrante-un-omaggio-alla-storia-e-alla-comunita-bellunese\/"},"author":{"name":"redazione","@id":"https:\/\/www.bellunopress.it\/#\/schema\/person\/79bb06722b37ece1c03d3e94beb30d73"},"headline":"Meano celebra la &#8220;Santa Barbara dell\u2019Emigrante&#8221;: un omaggio alla storia e alla comunit\u00e0 bellunese","datePublished":"2024-12-27T08:02:22+00:00","mainEntityOfPage":{"@id":"https:\/\/www.bellunopress.it\/2024\/12\/27\/meano-celebra-la-santa-barbara-dellemigrante-un-omaggio-alla-storia-e-alla-comunita-bellunese\/"},"wordCount":311,"publisher":{"@id":"https:\/\/www.bellunopress.it\/#organization"},"image":{"@id":"https:\/\/www.bellunopress.it\/2024\/12\/27\/meano-celebra-la-santa-barbara-dellemigrante-un-omaggio-alla-storia-e-alla-comunita-bellunese\/#primaryimage"},"thumbnailUrl":"https:\/\/www.bellunopress.it\/wp-content\/uploads\/2024\/12\/Santa-Barbara-dellemigrante_edited.jpg","articleSection":["Prima Pagina","Societ\u00e0, Associazioni, Istituzioni"],"inLanguage":"fr-FR"},{"@type":"WebPage","@id":"https:\/\/www.bellunopress.it\/2024\/12\/27\/meano-celebra-la-santa-barbara-dellemigrante-un-omaggio-alla-storia-e-alla-comunita-bellunese\/","url":"https:\/\/www.bellunopress.it\/2024\/12\/27\/meano-celebra-la-santa-barbara-dellemigrante-un-omaggio-alla-storia-e-alla-comunita-bellunese\/","name":"Meano celebra la \"Santa Barbara dell\u2019Emigrante\": un omaggio alla storia e alla comunit\u00e0 bellunese - Bellunopress - Dolomiti","isPartOf":{"@id":"https:\/\/www.bellunopress.it\/#website"},"primaryImageOfPage":{"@id":"https:\/\/www.bellunopress.it\/2024\/12\/27\/meano-celebra-la-santa-barbara-dellemigrante-un-omaggio-alla-storia-e-alla-comunita-bellunese\/#primaryimage"},"image":{"@id":"https:\/\/www.bellunopress.it\/2024\/12\/27\/meano-celebra-la-santa-barbara-dellemigrante-un-omaggio-alla-storia-e-alla-comunita-bellunese\/#primaryimage"},"thumbnailUrl":"https:\/\/www.bellunopress.it\/wp-content\/uploads\/2024\/12\/Santa-Barbara-dellemigrante_edited.jpg","datePublished":"2024-12-27T08:02:22+00:00","breadcrumb":{"@id":"https:\/\/www.bellunopress.it\/2024\/12\/27\/meano-celebra-la-santa-barbara-dellemigrante-un-omaggio-alla-storia-e-alla-comunita-bellunese\/#breadcrumb"},"inLanguage":"fr-FR","potentialAction":[{"@type":"ReadAction","target":["https:\/\/www.bellunopress.it\/2024\/12\/27\/meano-celebra-la-santa-barbara-dellemigrante-un-omaggio-alla-storia-e-alla-comunita-bellunese\/"]}]},{"@type":"ImageObject","inLanguage":"fr-FR","@id":"https:\/\/www.bellunopress.it\/2024\/12\/27\/meano-celebra-la-santa-barbara-dellemigrante-un-omaggio-alla-storia-e-alla-comunita-bellunese\/#primaryimage","url":"https:\/\/www.bellunopress.it\/wp-content\/uploads\/2024\/12\/Santa-Barbara-dellemigrante_edited.jpg","contentUrl":"https:\/\/www.bellunopress.it\/wp-content\/uploads\/2024\/12\/Santa-Barbara-dellemigrante_edited.jpg","width":1000,"height":750,"caption":"Meano celebra la \"Santa Barbara dell\u2019Emigrante"},{"@type":"BreadcrumbList","@id":"https:\/\/www.bellunopress.it\/2024\/12\/27\/meano-celebra-la-santa-barbara-dellemigrante-un-omaggio-alla-storia-e-alla-comunita-bellunese\/#breadcrumb","itemListElement":[{"@type":"ListItem","position":1,"name":"Home","item":"https:\/\/www.bellunopress.it\/"},{"@type":"ListItem","position":2,"name":"Meano celebra la &#8220;Santa Barbara dell\u2019Emigrante&#8221;: un omaggio alla storia e alla comunit\u00e0 bellunese"}]},{"@type":"WebSite","@id":"https:\/\/www.bellunopress.it\/#website","url":"https:\/\/www.bellunopress.it\/","name":"Bellunopress - Dolomiti","description":"e-mail: redazione@bellunopress.it","publisher":{"@id":"https:\/\/www.bellunopress.it\/#organization"},"potentialAction":[{"@type":"SearchAction","target":{"@type":"EntryPoint","urlTemplate":"https:\/\/www.bellunopress.it\/?s={search_term_string}"},"query-input":{"@type":"PropertyValueSpecification","valueRequired":true,"valueName":"search_term_string"}}],"inLanguage":"fr-FR"},{"@type":"Organization","@id":"https:\/\/www.bellunopress.it\/#organization","name":"Bellunopress","url":"https:\/\/www.bellunopress.it\/","logo":{"@type":"ImageObject","inLanguage":"fr-FR","@id":"https:\/\/www.bellunopress.it\/#\/schema\/logo\/image\/","url":"https:\/\/www.bellunopress.it\/wp-content\/uploads\/2011\/05\/cropped-logo-bellunopress-.jpg","contentUrl":"https:\/\/www.bellunopress.it\/wp-content\/uploads\/2011\/05\/cropped-logo-bellunopress-.jpg","width":512,"height":512,"caption":"Bellunopress"},"image":{"@id":"https:\/\/www.bellunopress.it\/#\/schema\/logo\/image\/"},"sameAs":["https:\/\/www.facebook.com\/profile.php?id=100008943462799","https:\/\/x.com\/bellunopress","https:\/\/www.linkedin.com\/hp\/?dnr=JBzUWaJfMUw8vbXJJ2tVW5-I3jZKvC4wsoxE&amp;amp;amp;amp;amp;amp;trk=nav_responsive_tab_home","https:\/\/www.youtube.com\/channel\/UCxL0wu1uN0_3_7hGG0306cw"]},{"@type":"Person","@id":"https:\/\/www.bellunopress.it\/#\/schema\/person\/79bb06722b37ece1c03d3e94beb30d73","name":"r\u00e9daction","image":{"@type":"ImageObject","inLanguage":"fr-FR","@id":"https:\/\/secure.gravatar.com\/avatar\/37d968a2e67a6fd04c169c4bdef102d0bc5d31b2546345219e348575eb80e9a0?s=96&d=mm&r=g","url":"https:\/\/secure.gravatar.com\/avatar\/37d968a2e67a6fd04c169c4bdef102d0bc5d31b2546345219e348575eb80e9a0?s=96&d=mm&r=g","contentUrl":"https:\/\/secure.gravatar.com\/avatar\/37d968a2e67a6fd04c169c4bdef102d0bc5d31b2546345219e348575eb80e9a0?s=96&d=mm&r=g","caption":"redazione"},"sameAs":["http:\/\/www.bellunopress.it","https:\/\/x.com\/bellunopress"],"url":"https:\/\/www.bellunopress.it\/fr\/author\/redazione\/"}]}},"_links":{"self":[{"href":"https:\/\/www.bellunopress.it\/fr\/wp-json\/wp\/v2\/posts\/156563","targetHints":{"allow":["GET"]}}],"collection":[{"href":"https:\/\/www.bellunopress.it\/fr\/wp-json\/wp\/v2\/posts"}],"about":[{"href":"https:\/\/www.bellunopress.it\/fr\/wp-json\/wp\/v2\/types\/post"}],"author":[{"embeddable":true,"href":"https:\/\/www.bellunopress.it\/fr\/wp-json\/wp\/v2\/users\/2"}],"replies":[{"embeddable":true,"href":"https:\/\/www.bellunopress.it\/fr\/wp-json\/wp\/v2\/comments?post=156563"}],"version-history":[{"count":1,"href":"https:\/\/www.bellunopress.it\/fr\/wp-json\/wp\/v2\/posts\/156563\/revisions"}],"predecessor-version":[{"id":156565,"href":"https:\/\/www.bellunopress.it\/fr\/wp-json\/wp\/v2\/posts\/156563\/revisions\/156565"}],"wp:featuredmedia":[{"embeddable":true,"href":"https:\/\/www.bellunopress.it\/fr\/wp-json\/wp\/v2\/media\/156564"}],"wp:attachment":[{"href":"https:\/\/www.bellunopress.it\/fr\/wp-json\/wp\/v2\/media?parent=156563"}],"wp:term":[{"taxonomy":"category","embeddable":true,"href":"https:\/\/www.bellunopress.it\/fr\/wp-json\/wp\/v2\/categories?post=156563"},{"taxonomy":"post_tag","embeddable":true,"href":"https:\/\/www.bellunopress.it\/fr\/wp-json\/wp\/v2\/tags?post=156563"}],"curies":[{"name":"wp","href":"https:\/\/api.w.org\/{rel}","templated":true}]}}