{"id":156559,"date":"2024-12-26T21:53:28","date_gmt":"2024-12-26T20:53:28","guid":{"rendered":"https:\/\/www.bellunopress.it\/?p=156559"},"modified":"2024-12-26T21:54:11","modified_gmt":"2024-12-26T20:54:11","slug":"in-ricordo-di-mario-svaluto-moreolo-di-christian-de-pellegrin","status":"publish","type":"post","link":"https:\/\/www.bellunopress.it\/fr\/2024\/12\/26\/in-ricordo-di-mario-svaluto-moreolo-di-christian-de-pellegrin\/","title":{"rendered":"In ricordo di Mario Svaluto Moreolo   * di Christian De Pellegrin"},"content":{"rendered":"<figure id=\"attachment_13899\" aria-describedby=\"caption-attachment-13899\" style=\"width: 140px\" class=\"wp-caption aligncenter\"><img loading=\"lazy\" decoding=\"async\" class=\"size-full wp-image-13899\" src=\"https:\/\/www.bellunopress.it\/wp-content\/uploads\/2010\/03\/mario-svaluto-moreolo.jpg\" alt=\"\" width=\"140\" height=\"140\" \/><figcaption id=\"caption-attachment-13899\" class=\"wp-caption-text\">Mario Svaluto Moreolo<\/figcaption><\/figure>\n<p>&#8220;Sar\u00f2 brevissimo&#8221;. Iniziavano sempre cos\u00ec gli interventi di Mario Svaluto Moreolo, in maniera quasi ironica perch\u00e9 sapeva che breve non lo sarebbe mai stato.<br \/>\nTra qualche giorno sar\u00e0 passato un anno dalla sua morte ed il Partito Democratico trover\u00e0 la maniera migliore per ricordarlo.<br \/>\nQuasi per caso, mi sono imbattuto nelle dichiarazioni del ministro Salvini: \u201cIl popolo ha<br \/>\nsempre ragione e noi siamo dalla parte del popolo\u201d. Mi sono subito venute in mente le parole che ripeteva spesso Mario Svaluto:<\/p>\n<p>&#8220;La politica non pu\u00f2 essere la mera rappresentanza dei desideri del popolo perch\u00e9 il popolo non ha sempre ragione, diversamente mi si deve spiegare com\u2019\u00e8 stato possibile che, il popolo plaudente, ha eletto democraticamente sia Mussolini che Hitler&#8221;.<\/p>\n<p>Rimasi perplesso e subito gli chiesi \u201dMa come, la politica non \u00e8 fare ci\u00f2 che la gente vuole\u201d?<br \/>\nLa risposta fu immediata e veemente:<\/p>\n<p>\u201cNo, nella maniera pi\u00f9 assoluta. L\u2019obiettivo della<br \/>\npolitica pu\u00f2 essere quello di migliorare la vita delle persone, farle stare meglio, renderle pi\u00f9<br \/>\nfelici, pi\u00f9 in grado di realizzare i propri sogni e le proprie aspirazioni. Ma questo non equivale a dare alla gente quello che vuole in questo o quel momento, cavalcare sempre e comunque l\u2019onda dell\u2019opinione pubblica e cercare di soddisfarla, oppure studiare i sondaggi e comportarsi di conseguenza, acconsentire ad ogni richiesta invece di valutare le ragioni,<br \/>\nmisurare la validit\u00e0 o meno di un punto di vista. Un politico, anzi la politica, deve si pensare a ci\u00f2 che la gente ha bisogno, ma non meramente a ci\u00f2 che vuole. Un politico, anzi la politica, deve fare ci\u00f2 che crede sia nell\u2019interesse della gente dopo averne stabilito le priorit\u00e0 ed elaborato le politiche giuste. Se si guarda alla politica del giorno per giorno, sembrano avere importanza solo i problemi che occupano le prime pagine dei giornali, ed \u00e8 fortissima la tentazione di fare qualsiasi cosa per risolverli subito. Ma se si segue questa strada, SENZA PENSARE ALLE CONSEGUENZE STRATEGICHE A LUNGO TERMINE, forse alla fine della giornata si tirer\u00e0 un sospiro di sollievo, ma pi\u00f9 tardi ci si pentir\u00e0 perch\u00e9 questo atteggiamento avr\u00e0 inibito la capacit\u00e0 di essere artefici di un cambiamento \u201c.<\/p>\n<p>A distanza di anni, mi sono tornare in mente queste parole e credo che in questo momento<br \/>\nnon si possa relegare la politica ad un semplice tweet ed il popolo ad essere dei semplici<br \/>\nfollower. Credo invece che bisogna, come ripeteva sempre Mario, ripartire dal primato della<br \/>\npolitica, dalla partecipazione dal basso ad i processi di cambiamento e che in questo il<br \/>\nmetodo che la politica utilizza deve essere anche sostanza.<\/p>\n<p>Christian De Pellegrin<br \/>\nSegretario PD Oltrardo<\/p>","protected":false},"excerpt":{"rendered":"<p>&#8220;Sar\u00f2 brevissimo&#8221;. Iniziavano sempre cos\u00ec gli interventi di Mario Svaluto Moreolo, in maniera quasi ironica perch\u00e9 sapeva che breve non lo sarebbe mai stato. Tra qualche giorno sar\u00e0 passato un anno dalla sua morte ed il Partito Democratico trover\u00e0 la maniera migliore per ricordarlo. Quasi per caso, mi sono imbattuto nelle dichiarazioni del ministro Salvini: [&hellip;]<\/p>\n","protected":false},"author":2,"featured_media":156560,"comment_status":"closed","ping_status":"open","sticky":false,"template":"","format":"standard","meta":{"footnotes":""},"categories":[5,26],"tags":[],"class_list":["post-156559","post","type-post","status-publish","format-standard","has-post-thumbnail","category-cronaca","category-prima-pagina"],"yoast_head":"<!-- This site is optimized with the Yoast SEO plugin v28.4 - https:\/\/yoast.com\/product\/yoast-seo-wordpress\/ -->\n<title>In ricordo di Mario Svaluto Moreolo  * di Christian De Pellegrin - Bellunopress - Dolomiti<\/title>\n<meta name=\"robots\" content=\"index, follow, max-snippet:-1, max-image-preview:large, max-video-preview:-1\" \/>\n<link rel=\"canonical\" href=\"https:\/\/www.bellunopress.it\/fr\/2024\/12\/26\/in-ricordo-di-mario-svaluto-moreolo-di-christian-de-pellegrin\/\" \/>\n<meta property=\"og:locale\" content=\"fr_FR\" \/>\n<meta property=\"og:type\" content=\"article\" \/>\n<meta property=\"og:title\" content=\"In ricordo di Mario Svaluto Moreolo  * di Christian De Pellegrin - Bellunopress - Dolomiti\" \/>\n<meta property=\"og:description\" content=\"&#8220;Sar\u00f2 brevissimo&#8221;. Iniziavano sempre cos\u00ec gli interventi di Mario Svaluto Moreolo, in maniera quasi ironica perch\u00e9 sapeva che breve non lo sarebbe mai stato. Tra qualche giorno sar\u00e0 passato un anno dalla sua morte ed il Partito Democratico trover\u00e0 la maniera migliore per ricordarlo. Quasi per caso, mi sono imbattuto nelle dichiarazioni del ministro Salvini: [&hellip;]\" \/>\n<meta property=\"og:url\" content=\"https:\/\/www.bellunopress.it\/fr\/2024\/12\/26\/in-ricordo-di-mario-svaluto-moreolo-di-christian-de-pellegrin\/\" \/>\n<meta property=\"og:site_name\" content=\"Bellunopress - Dolomiti\" \/>\n<meta property=\"article:publisher\" content=\"https:\/\/www.facebook.com\/profile.php?id=100008943462799\" \/>\n<meta property=\"article:published_time\" content=\"2024-12-26T20:53:28+00:00\" \/>\n<meta property=\"article:modified_time\" content=\"2024-12-26T20:54:11+00:00\" \/>\n<meta property=\"og:image\" content=\"https:\/\/www.bellunopress.it\/wp-content\/uploads\/2024\/12\/Mario-Svaluto-Moreolo_edited.jpg\" \/>\n\t<meta property=\"og:image:width\" content=\"353\" \/>\n\t<meta property=\"og:image:height\" content=\"221\" \/>\n\t<meta property=\"og:image:type\" content=\"image\/jpeg\" \/>\n<meta name=\"author\" content=\"redazione\" \/>\n<meta name=\"twitter:card\" content=\"summary_large_image\" \/>\n<meta name=\"twitter:creator\" content=\"@bellunopress\" \/>\n<meta name=\"twitter:site\" content=\"@bellunopress\" \/>\n<meta name=\"twitter:label1\" content=\"\u00c9crit par\" \/>\n\t<meta name=\"twitter:data1\" content=\"redazione\" \/>\n\t<meta name=\"twitter:label2\" content=\"Dur\u00e9e de lecture estim\u00e9e\" \/>\n\t<meta name=\"twitter:data2\" content=\"2 minutes\" \/>\n<script type=\"application\/ld+json\" class=\"yoast-schema-graph\">{\"@context\":\"https:\\\/\\\/schema.org\",\"@graph\":[{\"@type\":\"Article\",\"@id\":\"https:\\\/\\\/www.bellunopress.it\\\/2024\\\/12\\\/26\\\/in-ricordo-di-mario-svaluto-moreolo-di-christian-de-pellegrin\\\/#article\",\"isPartOf\":{\"@id\":\"https:\\\/\\\/www.bellunopress.it\\\/2024\\\/12\\\/26\\\/in-ricordo-di-mario-svaluto-moreolo-di-christian-de-pellegrin\\\/\"},\"author\":{\"name\":\"redazione\",\"@id\":\"https:\\\/\\\/www.bellunopress.it\\\/#\\\/schema\\\/person\\\/79bb06722b37ece1c03d3e94beb30d73\"},\"headline\":\"In ricordo di Mario Svaluto Moreolo * di Christian De Pellegrin\",\"datePublished\":\"2024-12-26T20:53:28+00:00\",\"dateModified\":\"2024-12-26T20:54:11+00:00\",\"mainEntityOfPage\":{\"@id\":\"https:\\\/\\\/www.bellunopress.it\\\/2024\\\/12\\\/26\\\/in-ricordo-di-mario-svaluto-moreolo-di-christian-de-pellegrin\\\/\"},\"wordCount\":454,\"publisher\":{\"@id\":\"https:\\\/\\\/www.bellunopress.it\\\/#organization\"},\"image\":{\"@id\":\"https:\\\/\\\/www.bellunopress.it\\\/2024\\\/12\\\/26\\\/in-ricordo-di-mario-svaluto-moreolo-di-christian-de-pellegrin\\\/#primaryimage\"},\"thumbnailUrl\":\"https:\\\/\\\/www.bellunopress.it\\\/wp-content\\\/uploads\\\/2024\\\/12\\\/Mario-Svaluto-Moreolo_edited.jpg\",\"articleSection\":[\"Cronaca\\\/Politica\",\"Prima Pagina\"],\"inLanguage\":\"fr-FR\"},{\"@type\":\"WebPage\",\"@id\":\"https:\\\/\\\/www.bellunopress.it\\\/2024\\\/12\\\/26\\\/in-ricordo-di-mario-svaluto-moreolo-di-christian-de-pellegrin\\\/\",\"url\":\"https:\\\/\\\/www.bellunopress.it\\\/2024\\\/12\\\/26\\\/in-ricordo-di-mario-svaluto-moreolo-di-christian-de-pellegrin\\\/\",\"name\":\"In ricordo di Mario Svaluto Moreolo * di Christian De Pellegrin - Bellunopress - Dolomiti\",\"isPartOf\":{\"@id\":\"https:\\\/\\\/www.bellunopress.it\\\/#website\"},\"primaryImageOfPage\":{\"@id\":\"https:\\\/\\\/www.bellunopress.it\\\/2024\\\/12\\\/26\\\/in-ricordo-di-mario-svaluto-moreolo-di-christian-de-pellegrin\\\/#primaryimage\"},\"image\":{\"@id\":\"https:\\\/\\\/www.bellunopress.it\\\/2024\\\/12\\\/26\\\/in-ricordo-di-mario-svaluto-moreolo-di-christian-de-pellegrin\\\/#primaryimage\"},\"thumbnailUrl\":\"https:\\\/\\\/www.bellunopress.it\\\/wp-content\\\/uploads\\\/2024\\\/12\\\/Mario-Svaluto-Moreolo_edited.jpg\",\"datePublished\":\"2024-12-26T20:53:28+00:00\",\"dateModified\":\"2024-12-26T20:54:11+00:00\",\"breadcrumb\":{\"@id\":\"https:\\\/\\\/www.bellunopress.it\\\/2024\\\/12\\\/26\\\/in-ricordo-di-mario-svaluto-moreolo-di-christian-de-pellegrin\\\/#breadcrumb\"},\"inLanguage\":\"fr-FR\",\"potentialAction\":[{\"@type\":\"ReadAction\",\"target\":[\"https:\\\/\\\/www.bellunopress.it\\\/2024\\\/12\\\/26\\\/in-ricordo-di-mario-svaluto-moreolo-di-christian-de-pellegrin\\\/\"]}]},{\"@type\":\"ImageObject\",\"inLanguage\":\"fr-FR\",\"@id\":\"https:\\\/\\\/www.bellunopress.it\\\/2024\\\/12\\\/26\\\/in-ricordo-di-mario-svaluto-moreolo-di-christian-de-pellegrin\\\/#primaryimage\",\"url\":\"https:\\\/\\\/www.bellunopress.it\\\/wp-content\\\/uploads\\\/2024\\\/12\\\/Mario-Svaluto-Moreolo_edited.jpg\",\"contentUrl\":\"https:\\\/\\\/www.bellunopress.it\\\/wp-content\\\/uploads\\\/2024\\\/12\\\/Mario-Svaluto-Moreolo_edited.jpg\",\"width\":353,\"height\":221},{\"@type\":\"BreadcrumbList\",\"@id\":\"https:\\\/\\\/www.bellunopress.it\\\/2024\\\/12\\\/26\\\/in-ricordo-di-mario-svaluto-moreolo-di-christian-de-pellegrin\\\/#breadcrumb\",\"itemListElement\":[{\"@type\":\"ListItem\",\"position\":1,\"name\":\"Home\",\"item\":\"https:\\\/\\\/www.bellunopress.it\\\/\"},{\"@type\":\"ListItem\",\"position\":2,\"name\":\"In ricordo di Mario Svaluto Moreolo * di Christian De Pellegrin\"}]},{\"@type\":\"WebSite\",\"@id\":\"https:\\\/\\\/www.bellunopress.it\\\/#website\",\"url\":\"https:\\\/\\\/www.bellunopress.it\\\/\",\"name\":\"Bellunopress - Dolomiti\",\"description\":\"e-mail: redazione@bellunopress.it\",\"publisher\":{\"@id\":\"https:\\\/\\\/www.bellunopress.it\\\/#organization\"},\"potentialAction\":[{\"@type\":\"SearchAction\",\"target\":{\"@type\":\"EntryPoint\",\"urlTemplate\":\"https:\\\/\\\/www.bellunopress.it\\\/?s={search_term_string}\"},\"query-input\":{\"@type\":\"PropertyValueSpecification\",\"valueRequired\":true,\"valueName\":\"search_term_string\"}}],\"inLanguage\":\"fr-FR\"},{\"@type\":\"Organization\",\"@id\":\"https:\\\/\\\/www.bellunopress.it\\\/#organization\",\"name\":\"Bellunopress\",\"url\":\"https:\\\/\\\/www.bellunopress.it\\\/\",\"logo\":{\"@type\":\"ImageObject\",\"inLanguage\":\"fr-FR\",\"@id\":\"https:\\\/\\\/www.bellunopress.it\\\/#\\\/schema\\\/logo\\\/image\\\/\",\"url\":\"https:\\\/\\\/www.bellunopress.it\\\/wp-content\\\/uploads\\\/2011\\\/05\\\/cropped-logo-bellunopress-.jpg\",\"contentUrl\":\"https:\\\/\\\/www.bellunopress.it\\\/wp-content\\\/uploads\\\/2011\\\/05\\\/cropped-logo-bellunopress-.jpg\",\"width\":512,\"height\":512,\"caption\":\"Bellunopress\"},\"image\":{\"@id\":\"https:\\\/\\\/www.bellunopress.it\\\/#\\\/schema\\\/logo\\\/image\\\/\"},\"sameAs\":[\"https:\\\/\\\/www.facebook.com\\\/profile.php?id=100008943462799\",\"https:\\\/\\\/x.com\\\/bellunopress\",\"https:\\\/\\\/www.linkedin.com\\\/hp\\\/?dnr=JBzUWaJfMUw8vbXJJ2tVW5-I3jZKvC4wsoxE&amp;amp;amp;amp;amp;amp;trk=nav_responsive_tab_home\",\"https:\\\/\\\/www.youtube.com\\\/channel\\\/UCxL0wu1uN0_3_7hGG0306cw\"]},{\"@type\":\"Person\",\"@id\":\"https:\\\/\\\/www.bellunopress.it\\\/#\\\/schema\\\/person\\\/79bb06722b37ece1c03d3e94beb30d73\",\"name\":\"redazione\",\"image\":{\"@type\":\"ImageObject\",\"inLanguage\":\"fr-FR\",\"@id\":\"https:\\\/\\\/secure.gravatar.com\\\/avatar\\\/37d968a2e67a6fd04c169c4bdef102d0bc5d31b2546345219e348575eb80e9a0?s=96&d=mm&r=g\",\"url\":\"https:\\\/\\\/secure.gravatar.com\\\/avatar\\\/37d968a2e67a6fd04c169c4bdef102d0bc5d31b2546345219e348575eb80e9a0?s=96&d=mm&r=g\",\"contentUrl\":\"https:\\\/\\\/secure.gravatar.com\\\/avatar\\\/37d968a2e67a6fd04c169c4bdef102d0bc5d31b2546345219e348575eb80e9a0?s=96&d=mm&r=g\",\"caption\":\"redazione\"},\"sameAs\":[\"http:\\\/\\\/www.bellunopress.it\",\"https:\\\/\\\/x.com\\\/bellunopress\"],\"url\":\"https:\\\/\\\/www.bellunopress.it\\\/fr\\\/author\\\/redazione\\\/\"}]}<\/script>\n<!-- \/ Yoast SEO plugin. -->","yoast_head_json":{"title":"In ricordo di Mario Svaluto Moreolo  * di Christian De Pellegrin - Bellunopress - Dolomiti","robots":{"index":"index","follow":"follow","max-snippet":"max-snippet:-1","max-image-preview":"max-image-preview:large","max-video-preview":"max-video-preview:-1"},"canonical":"https:\/\/www.bellunopress.it\/fr\/2024\/12\/26\/in-ricordo-di-mario-svaluto-moreolo-di-christian-de-pellegrin\/","og_locale":"fr_FR","og_type":"article","og_title":"In ricordo di Mario Svaluto Moreolo  * di Christian De Pellegrin - Bellunopress - Dolomiti","og_description":"&#8220;Sar\u00f2 brevissimo&#8221;. Iniziavano sempre cos\u00ec gli interventi di Mario Svaluto Moreolo, in maniera quasi ironica perch\u00e9 sapeva che breve non lo sarebbe mai stato. Tra qualche giorno sar\u00e0 passato un anno dalla sua morte ed il Partito Democratico trover\u00e0 la maniera migliore per ricordarlo. Quasi per caso, mi sono imbattuto nelle dichiarazioni del ministro Salvini: [&hellip;]","og_url":"https:\/\/www.bellunopress.it\/fr\/2024\/12\/26\/in-ricordo-di-mario-svaluto-moreolo-di-christian-de-pellegrin\/","og_site_name":"Bellunopress - Dolomiti","article_publisher":"https:\/\/www.facebook.com\/profile.php?id=100008943462799","article_published_time":"2024-12-26T20:53:28+00:00","article_modified_time":"2024-12-26T20:54:11+00:00","og_image":[{"width":353,"height":221,"url":"https:\/\/www.bellunopress.it\/wp-content\/uploads\/2024\/12\/Mario-Svaluto-Moreolo_edited.jpg","type":"image\/jpeg"}],"author":"redazione","twitter_card":"summary_large_image","twitter_creator":"@bellunopress","twitter_site":"@bellunopress","twitter_misc":{"\u00c9crit par":"redazione","Dur\u00e9e de lecture estim\u00e9e":"2 minutes"},"schema":{"@context":"https:\/\/schema.org","@graph":[{"@type":"Article","@id":"https:\/\/www.bellunopress.it\/2024\/12\/26\/in-ricordo-di-mario-svaluto-moreolo-di-christian-de-pellegrin\/#article","isPartOf":{"@id":"https:\/\/www.bellunopress.it\/2024\/12\/26\/in-ricordo-di-mario-svaluto-moreolo-di-christian-de-pellegrin\/"},"author":{"name":"redazione","@id":"https:\/\/www.bellunopress.it\/#\/schema\/person\/79bb06722b37ece1c03d3e94beb30d73"},"headline":"In ricordo di Mario Svaluto Moreolo * di Christian De Pellegrin","datePublished":"2024-12-26T20:53:28+00:00","dateModified":"2024-12-26T20:54:11+00:00","mainEntityOfPage":{"@id":"https:\/\/www.bellunopress.it\/2024\/12\/26\/in-ricordo-di-mario-svaluto-moreolo-di-christian-de-pellegrin\/"},"wordCount":454,"publisher":{"@id":"https:\/\/www.bellunopress.it\/#organization"},"image":{"@id":"https:\/\/www.bellunopress.it\/2024\/12\/26\/in-ricordo-di-mario-svaluto-moreolo-di-christian-de-pellegrin\/#primaryimage"},"thumbnailUrl":"https:\/\/www.bellunopress.it\/wp-content\/uploads\/2024\/12\/Mario-Svaluto-Moreolo_edited.jpg","articleSection":["Cronaca\/Politica","Prima Pagina"],"inLanguage":"fr-FR"},{"@type":"WebPage","@id":"https:\/\/www.bellunopress.it\/2024\/12\/26\/in-ricordo-di-mario-svaluto-moreolo-di-christian-de-pellegrin\/","url":"https:\/\/www.bellunopress.it\/2024\/12\/26\/in-ricordo-di-mario-svaluto-moreolo-di-christian-de-pellegrin\/","name":"In ricordo di Mario Svaluto Moreolo * di Christian De Pellegrin - Bellunopress - Dolomiti","isPartOf":{"@id":"https:\/\/www.bellunopress.it\/#website"},"primaryImageOfPage":{"@id":"https:\/\/www.bellunopress.it\/2024\/12\/26\/in-ricordo-di-mario-svaluto-moreolo-di-christian-de-pellegrin\/#primaryimage"},"image":{"@id":"https:\/\/www.bellunopress.it\/2024\/12\/26\/in-ricordo-di-mario-svaluto-moreolo-di-christian-de-pellegrin\/#primaryimage"},"thumbnailUrl":"https:\/\/www.bellunopress.it\/wp-content\/uploads\/2024\/12\/Mario-Svaluto-Moreolo_edited.jpg","datePublished":"2024-12-26T20:53:28+00:00","dateModified":"2024-12-26T20:54:11+00:00","breadcrumb":{"@id":"https:\/\/www.bellunopress.it\/2024\/12\/26\/in-ricordo-di-mario-svaluto-moreolo-di-christian-de-pellegrin\/#breadcrumb"},"inLanguage":"fr-FR","potentialAction":[{"@type":"ReadAction","target":["https:\/\/www.bellunopress.it\/2024\/12\/26\/in-ricordo-di-mario-svaluto-moreolo-di-christian-de-pellegrin\/"]}]},{"@type":"ImageObject","inLanguage":"fr-FR","@id":"https:\/\/www.bellunopress.it\/2024\/12\/26\/in-ricordo-di-mario-svaluto-moreolo-di-christian-de-pellegrin\/#primaryimage","url":"https:\/\/www.bellunopress.it\/wp-content\/uploads\/2024\/12\/Mario-Svaluto-Moreolo_edited.jpg","contentUrl":"https:\/\/www.bellunopress.it\/wp-content\/uploads\/2024\/12\/Mario-Svaluto-Moreolo_edited.jpg","width":353,"height":221},{"@type":"BreadcrumbList","@id":"https:\/\/www.bellunopress.it\/2024\/12\/26\/in-ricordo-di-mario-svaluto-moreolo-di-christian-de-pellegrin\/#breadcrumb","itemListElement":[{"@type":"ListItem","position":1,"name":"Home","item":"https:\/\/www.bellunopress.it\/"},{"@type":"ListItem","position":2,"name":"In ricordo di Mario Svaluto Moreolo * di Christian De Pellegrin"}]},{"@type":"WebSite","@id":"https:\/\/www.bellunopress.it\/#website","url":"https:\/\/www.bellunopress.it\/","name":"Bellunopress - Dolomiti","description":"e-mail: redazione@bellunopress.it","publisher":{"@id":"https:\/\/www.bellunopress.it\/#organization"},"potentialAction":[{"@type":"SearchAction","target":{"@type":"EntryPoint","urlTemplate":"https:\/\/www.bellunopress.it\/?s={search_term_string}"},"query-input":{"@type":"PropertyValueSpecification","valueRequired":true,"valueName":"search_term_string"}}],"inLanguage":"fr-FR"},{"@type":"Organization","@id":"https:\/\/www.bellunopress.it\/#organization","name":"Bellunopress","url":"https:\/\/www.bellunopress.it\/","logo":{"@type":"ImageObject","inLanguage":"fr-FR","@id":"https:\/\/www.bellunopress.it\/#\/schema\/logo\/image\/","url":"https:\/\/www.bellunopress.it\/wp-content\/uploads\/2011\/05\/cropped-logo-bellunopress-.jpg","contentUrl":"https:\/\/www.bellunopress.it\/wp-content\/uploads\/2011\/05\/cropped-logo-bellunopress-.jpg","width":512,"height":512,"caption":"Bellunopress"},"image":{"@id":"https:\/\/www.bellunopress.it\/#\/schema\/logo\/image\/"},"sameAs":["https:\/\/www.facebook.com\/profile.php?id=100008943462799","https:\/\/x.com\/bellunopress","https:\/\/www.linkedin.com\/hp\/?dnr=JBzUWaJfMUw8vbXJJ2tVW5-I3jZKvC4wsoxE&amp;amp;amp;amp;amp;amp;trk=nav_responsive_tab_home","https:\/\/www.youtube.com\/channel\/UCxL0wu1uN0_3_7hGG0306cw"]},{"@type":"Person","@id":"https:\/\/www.bellunopress.it\/#\/schema\/person\/79bb06722b37ece1c03d3e94beb30d73","name":"r\u00e9daction","image":{"@type":"ImageObject","inLanguage":"fr-FR","@id":"https:\/\/secure.gravatar.com\/avatar\/37d968a2e67a6fd04c169c4bdef102d0bc5d31b2546345219e348575eb80e9a0?s=96&d=mm&r=g","url":"https:\/\/secure.gravatar.com\/avatar\/37d968a2e67a6fd04c169c4bdef102d0bc5d31b2546345219e348575eb80e9a0?s=96&d=mm&r=g","contentUrl":"https:\/\/secure.gravatar.com\/avatar\/37d968a2e67a6fd04c169c4bdef102d0bc5d31b2546345219e348575eb80e9a0?s=96&d=mm&r=g","caption":"redazione"},"sameAs":["http:\/\/www.bellunopress.it","https:\/\/x.com\/bellunopress"],"url":"https:\/\/www.bellunopress.it\/fr\/author\/redazione\/"}]}},"_links":{"self":[{"href":"https:\/\/www.bellunopress.it\/fr\/wp-json\/wp\/v2\/posts\/156559","targetHints":{"allow":["GET"]}}],"collection":[{"href":"https:\/\/www.bellunopress.it\/fr\/wp-json\/wp\/v2\/posts"}],"about":[{"href":"https:\/\/www.bellunopress.it\/fr\/wp-json\/wp\/v2\/types\/post"}],"author":[{"embeddable":true,"href":"https:\/\/www.bellunopress.it\/fr\/wp-json\/wp\/v2\/users\/2"}],"replies":[{"embeddable":true,"href":"https:\/\/www.bellunopress.it\/fr\/wp-json\/wp\/v2\/comments?post=156559"}],"version-history":[{"count":2,"href":"https:\/\/www.bellunopress.it\/fr\/wp-json\/wp\/v2\/posts\/156559\/revisions"}],"predecessor-version":[{"id":156562,"href":"https:\/\/www.bellunopress.it\/fr\/wp-json\/wp\/v2\/posts\/156559\/revisions\/156562"}],"wp:featuredmedia":[{"embeddable":true,"href":"https:\/\/www.bellunopress.it\/fr\/wp-json\/wp\/v2\/media\/156560"}],"wp:attachment":[{"href":"https:\/\/www.bellunopress.it\/fr\/wp-json\/wp\/v2\/media?parent=156559"}],"wp:term":[{"taxonomy":"category","embeddable":true,"href":"https:\/\/www.bellunopress.it\/fr\/wp-json\/wp\/v2\/categories?post=156559"},{"taxonomy":"post_tag","embeddable":true,"href":"https:\/\/www.bellunopress.it\/fr\/wp-json\/wp\/v2\/tags?post=156559"}],"curies":[{"name":"wp","href":"https:\/\/api.w.org\/{rel}","templated":true}]}}