{"id":156557,"date":"2024-12-26T12:20:22","date_gmt":"2024-12-26T11:20:22","guid":{"rendered":"https:\/\/www.bellunopress.it\/?p=156557"},"modified":"2024-12-30T15:30:34","modified_gmt":"2024-12-30T14:30:34","slug":"cambiamento-climatico-innocenti-o-colpevoli","status":"publish","type":"post","link":"https:\/\/www.bellunopress.it\/fr\/2024\/12\/26\/cambiamento-climatico-innocenti-o-colpevoli\/","title":{"rendered":"Cambiamento Climatico: innocenti o colpevoli?"},"content":{"rendered":"<figure id=\"attachment_153853\" aria-describedby=\"caption-attachment-153853\" style=\"width: 1000px\" class=\"wp-caption aligncenter\"><img loading=\"lazy\" decoding=\"async\" class=\"size-full wp-image-153853\" src=\"https:\/\/www.bellunopress.it\/wp-content\/uploads\/2024\/09\/ghiacciaio-Marmolada-Legambiente_edited.jpg\" alt=\"\" width=\"1000\" height=\"563\" srcset=\"https:\/\/www.bellunopress.it\/wp-content\/uploads\/2024\/09\/ghiacciaio-Marmolada-Legambiente_edited.jpg 1000w, https:\/\/www.bellunopress.it\/wp-content\/uploads\/2024\/09\/ghiacciaio-Marmolada-Legambiente_edited-500x282.jpg 500w, https:\/\/www.bellunopress.it\/wp-content\/uploads\/2024\/09\/ghiacciaio-Marmolada-Legambiente_edited-746x420.jpg 746w, https:\/\/www.bellunopress.it\/wp-content\/uploads\/2024\/09\/ghiacciaio-Marmolada-Legambiente_edited-696x392.jpg 696w\" sizes=\"auto, (max-width: 1000px) 100vw, 1000px\" \/><figcaption id=\"caption-attachment-153853\" class=\"wp-caption-text\">Ghiacciaio Marmolada (Legambiente)<\/figcaption><\/figure>\n<p>Il problema rappresentato dal cambiamento climatico dovrebbe essere alla base di tutte le argomentazioni e problematiche sociali, economiche e politiche dei nostri tempi. \u00c8 infatti una realt\u00e0 in atto, che tende ad una progressiva evoluzione peggiorativa e che dovremmo meglio qualificare come Crisi Climatica di portata planetaria. Per questo inevitabilmente interessa tutto e tutti con implicazioni che riguardano il nostro futuro in particolare, ma in generale la sorte della vita sulla Terra.<\/p>\n<p>Invece accade che vi sia un silenzio programmato, o imposto, ai governi e ai media come se l&#8217;argomento fondamentale fossero invece &#8220;le sorti magnifiche e progressive&#8221; che ci aspettano e nell&#8217;ambito delle quali il nostro solo problema dovrebbe essere quello di scegliere il cibo pi\u00f9 sano, il tenore di vita pi\u00f9 comodo, la casa pi\u00f9 bella, l&#8217;auto pi\u00f9 moderna, l&#8217;aereo pi\u00f9 veloce e la vacanza pi\u00f9 esclusiva, senza ombre di carattere ambientale, economico o sociale. Senza alcuna riserva per i nostri privilegi, lasciando ad altri i problemi delle guerre, dei migranti, dei poveri, degli schiavi, dei bambini senza infanzia, dei derelitti del mondo.<\/p>\n<p>La Crisi Climatica \u00e8 purtroppo una realt\u00e0 che esiste da decenni e che rappresenta il frutto avvelenato dello sfruttamento cieco e irrazionale, che stiamo pervicacemente perseguendo, del solo ambiente nel quale \u00e8 possibile la vita, in uno spazio di anni luce intorno a noi. Alcuni la negano e altri, non potendo ragionevolmente negarla, negano che sia di genesi antropica e attribuiscono alle variazioni della energia solare ogni responsabilit\u00e0. Altri ancora sostengono che simili variazioni di temperatura sulla terra si sono sempre verificate per una combinazione di diversi fattori. Infine altri da pi\u00f9 di un secolo hanno identificato i diversi fattori che la costituiscono, hanno potuto ricostruire le situazioni fondamentali che l&#8217;hanno determinata e su questa base possono prevedere che cosa ci aspetta nel futuro prossimo se non vengono adottati interventi adeguati e proporzionali al fenomeno.<\/p>\n<p>Su questo argomento le posizioni fondamentali sono quindi due: o tutte le problematiche della Crisi Climatica sono imputabili a fenomeni astrofisici e planetari naturali, indipendenti dalle nostre azioni, e sui quali non possiamo in alcun modo interferire; oppure dipendono dal nostro sviluppo tecnologico e dalle modalit\u00e0 con cui lo perseguiamo. Di conseguenza o non facciamo nulla oppure affrontiamo il problema e facciamo del nostro meglio per contenerlo o, se possibile, ridurlo;<\/p>\n<p>Filiberto Dal Molin<\/p>","protected":false},"excerpt":{"rendered":"<p>Il problema rappresentato dal cambiamento climatico dovrebbe essere alla base di tutte le argomentazioni e problematiche sociali, economiche e politiche dei nostri tempi. \u00c8 infatti una realt\u00e0 in atto, che tende ad una progressiva evoluzione peggiorativa e che dovremmo meglio qualificare come Crisi Climatica di portata planetaria. Per questo inevitabilmente interessa tutto e tutti con [&hellip;]<\/p>\n","protected":false},"author":2,"featured_media":153853,"comment_status":"closed","ping_status":"open","sticky":false,"template":"","format":"standard","meta":{"footnotes":""},"categories":[3614,26],"tags":[],"class_list":["post-156557","post","type-post","status-publish","format-standard","has-post-thumbnail","category-controcorrente","category-prima-pagina"],"yoast_head":"<!-- This site is optimized with the Yoast SEO plugin v28.4 - https:\/\/yoast.com\/product\/yoast-seo-wordpress\/ -->\n<title>Cambiamento Climatico: innocenti o colpevoli? - Bellunopress - Dolomiti<\/title>\n<meta name=\"robots\" content=\"index, follow, max-snippet:-1, max-image-preview:large, max-video-preview:-1\" \/>\n<link rel=\"canonical\" href=\"https:\/\/www.bellunopress.it\/fr\/2024\/12\/26\/cambiamento-climatico-innocenti-o-colpevoli\/\" \/>\n<meta property=\"og:locale\" content=\"fr_FR\" \/>\n<meta property=\"og:type\" content=\"article\" \/>\n<meta property=\"og:title\" content=\"Cambiamento Climatico: innocenti o colpevoli? - Bellunopress - Dolomiti\" \/>\n<meta property=\"og:description\" content=\"Il problema rappresentato dal cambiamento climatico dovrebbe essere alla base di tutte le argomentazioni e problematiche sociali, economiche e politiche dei nostri tempi. \u00c8 infatti una realt\u00e0 in atto, che tende ad una progressiva evoluzione peggiorativa e che dovremmo meglio qualificare come Crisi Climatica di portata planetaria. Per questo inevitabilmente interessa tutto e tutti con [&hellip;]\" \/>\n<meta property=\"og:url\" content=\"https:\/\/www.bellunopress.it\/fr\/2024\/12\/26\/cambiamento-climatico-innocenti-o-colpevoli\/\" \/>\n<meta property=\"og:site_name\" content=\"Bellunopress - Dolomiti\" \/>\n<meta property=\"article:publisher\" content=\"https:\/\/www.facebook.com\/profile.php?id=100008943462799\" \/>\n<meta property=\"article:published_time\" content=\"2024-12-26T11:20:22+00:00\" \/>\n<meta property=\"article:modified_time\" content=\"2024-12-30T14:30:34+00:00\" \/>\n<meta property=\"og:image\" content=\"https:\/\/www.bellunopress.it\/wp-content\/uploads\/2024\/09\/ghiacciaio-Marmolada-Legambiente_edited.jpg\" \/>\n\t<meta property=\"og:image:width\" content=\"1000\" \/>\n\t<meta property=\"og:image:height\" content=\"563\" \/>\n\t<meta property=\"og:image:type\" content=\"image\/jpeg\" \/>\n<meta name=\"author\" content=\"redazione\" \/>\n<meta name=\"twitter:card\" content=\"summary_large_image\" \/>\n<meta name=\"twitter:creator\" content=\"@bellunopress\" \/>\n<meta name=\"twitter:site\" content=\"@bellunopress\" \/>\n<meta name=\"twitter:label1\" content=\"Written by\" \/>\n\t<meta name=\"twitter:data1\" content=\"redazione\" \/>\n\t<meta name=\"twitter:label2\" content=\"Est. reading time\" \/>\n\t<meta name=\"twitter:data2\" content=\"2 minutes\" \/>\n<script type=\"application\/ld+json\" class=\"yoast-schema-graph\">{\"@context\":\"https:\\\/\\\/schema.org\",\"@graph\":[{\"@type\":\"Article\",\"@id\":\"https:\\\/\\\/www.bellunopress.it\\\/2024\\\/12\\\/26\\\/cambiamento-climatico-innocenti-o-colpevoli\\\/#article\",\"isPartOf\":{\"@id\":\"https:\\\/\\\/www.bellunopress.it\\\/2024\\\/12\\\/26\\\/cambiamento-climatico-innocenti-o-colpevoli\\\/\"},\"author\":{\"name\":\"redazione\",\"@id\":\"https:\\\/\\\/www.bellunopress.it\\\/#\\\/schema\\\/person\\\/79bb06722b37ece1c03d3e94beb30d73\"},\"headline\":\"Cambiamento Climatico: innocenti o colpevoli?\",\"datePublished\":\"2024-12-26T11:20:22+00:00\",\"dateModified\":\"2024-12-30T14:30:34+00:00\",\"mainEntityOfPage\":{\"@id\":\"https:\\\/\\\/www.bellunopress.it\\\/2024\\\/12\\\/26\\\/cambiamento-climatico-innocenti-o-colpevoli\\\/\"},\"wordCount\":401,\"publisher\":{\"@id\":\"https:\\\/\\\/www.bellunopress.it\\\/#organization\"},\"image\":{\"@id\":\"https:\\\/\\\/www.bellunopress.it\\\/2024\\\/12\\\/26\\\/cambiamento-climatico-innocenti-o-colpevoli\\\/#primaryimage\"},\"thumbnailUrl\":\"https:\\\/\\\/www.bellunopress.it\\\/wp-content\\\/uploads\\\/2024\\\/09\\\/ghiacciaio-Marmolada-Legambiente_edited.jpg\",\"articleSection\":[\"Controcorrente Dr Filiberto Dal Molin\",\"Prima Pagina\"],\"inLanguage\":\"fr-FR\"},{\"@type\":\"WebPage\",\"@id\":\"https:\\\/\\\/www.bellunopress.it\\\/2024\\\/12\\\/26\\\/cambiamento-climatico-innocenti-o-colpevoli\\\/\",\"url\":\"https:\\\/\\\/www.bellunopress.it\\\/2024\\\/12\\\/26\\\/cambiamento-climatico-innocenti-o-colpevoli\\\/\",\"name\":\"Cambiamento Climatico: innocenti o colpevoli? - Bellunopress - Dolomiti\",\"isPartOf\":{\"@id\":\"https:\\\/\\\/www.bellunopress.it\\\/#website\"},\"primaryImageOfPage\":{\"@id\":\"https:\\\/\\\/www.bellunopress.it\\\/2024\\\/12\\\/26\\\/cambiamento-climatico-innocenti-o-colpevoli\\\/#primaryimage\"},\"image\":{\"@id\":\"https:\\\/\\\/www.bellunopress.it\\\/2024\\\/12\\\/26\\\/cambiamento-climatico-innocenti-o-colpevoli\\\/#primaryimage\"},\"thumbnailUrl\":\"https:\\\/\\\/www.bellunopress.it\\\/wp-content\\\/uploads\\\/2024\\\/09\\\/ghiacciaio-Marmolada-Legambiente_edited.jpg\",\"datePublished\":\"2024-12-26T11:20:22+00:00\",\"dateModified\":\"2024-12-30T14:30:34+00:00\",\"breadcrumb\":{\"@id\":\"https:\\\/\\\/www.bellunopress.it\\\/2024\\\/12\\\/26\\\/cambiamento-climatico-innocenti-o-colpevoli\\\/#breadcrumb\"},\"inLanguage\":\"fr-FR\",\"potentialAction\":[{\"@type\":\"ReadAction\",\"target\":[\"https:\\\/\\\/www.bellunopress.it\\\/2024\\\/12\\\/26\\\/cambiamento-climatico-innocenti-o-colpevoli\\\/\"]}]},{\"@type\":\"ImageObject\",\"inLanguage\":\"fr-FR\",\"@id\":\"https:\\\/\\\/www.bellunopress.it\\\/2024\\\/12\\\/26\\\/cambiamento-climatico-innocenti-o-colpevoli\\\/#primaryimage\",\"url\":\"https:\\\/\\\/www.bellunopress.it\\\/wp-content\\\/uploads\\\/2024\\\/09\\\/ghiacciaio-Marmolada-Legambiente_edited.jpg\",\"contentUrl\":\"https:\\\/\\\/www.bellunopress.it\\\/wp-content\\\/uploads\\\/2024\\\/09\\\/ghiacciaio-Marmolada-Legambiente_edited.jpg\",\"width\":1000,\"height\":563,\"caption\":\"Ghiacciaio Marmolada (Legambiente)\"},{\"@type\":\"BreadcrumbList\",\"@id\":\"https:\\\/\\\/www.bellunopress.it\\\/2024\\\/12\\\/26\\\/cambiamento-climatico-innocenti-o-colpevoli\\\/#breadcrumb\",\"itemListElement\":[{\"@type\":\"ListItem\",\"position\":1,\"name\":\"Home\",\"item\":\"https:\\\/\\\/www.bellunopress.it\\\/\"},{\"@type\":\"ListItem\",\"position\":2,\"name\":\"Cambiamento Climatico: innocenti o colpevoli?\"}]},{\"@type\":\"WebSite\",\"@id\":\"https:\\\/\\\/www.bellunopress.it\\\/#website\",\"url\":\"https:\\\/\\\/www.bellunopress.it\\\/\",\"name\":\"Bellunopress - Dolomiti\",\"description\":\"e-mail: redazione@bellunopress.it\",\"publisher\":{\"@id\":\"https:\\\/\\\/www.bellunopress.it\\\/#organization\"},\"potentialAction\":[{\"@type\":\"SearchAction\",\"target\":{\"@type\":\"EntryPoint\",\"urlTemplate\":\"https:\\\/\\\/www.bellunopress.it\\\/?s={search_term_string}\"},\"query-input\":{\"@type\":\"PropertyValueSpecification\",\"valueRequired\":true,\"valueName\":\"search_term_string\"}}],\"inLanguage\":\"fr-FR\"},{\"@type\":\"Organization\",\"@id\":\"https:\\\/\\\/www.bellunopress.it\\\/#organization\",\"name\":\"Bellunopress\",\"url\":\"https:\\\/\\\/www.bellunopress.it\\\/\",\"logo\":{\"@type\":\"ImageObject\",\"inLanguage\":\"fr-FR\",\"@id\":\"https:\\\/\\\/www.bellunopress.it\\\/#\\\/schema\\\/logo\\\/image\\\/\",\"url\":\"https:\\\/\\\/www.bellunopress.it\\\/wp-content\\\/uploads\\\/2011\\\/05\\\/cropped-logo-bellunopress-.jpg\",\"contentUrl\":\"https:\\\/\\\/www.bellunopress.it\\\/wp-content\\\/uploads\\\/2011\\\/05\\\/cropped-logo-bellunopress-.jpg\",\"width\":512,\"height\":512,\"caption\":\"Bellunopress\"},\"image\":{\"@id\":\"https:\\\/\\\/www.bellunopress.it\\\/#\\\/schema\\\/logo\\\/image\\\/\"},\"sameAs\":[\"https:\\\/\\\/www.facebook.com\\\/profile.php?id=100008943462799\",\"https:\\\/\\\/x.com\\\/bellunopress\",\"https:\\\/\\\/www.linkedin.com\\\/hp\\\/?dnr=JBzUWaJfMUw8vbXJJ2tVW5-I3jZKvC4wsoxE&amp;amp;amp;amp;amp;amp;trk=nav_responsive_tab_home\",\"https:\\\/\\\/www.youtube.com\\\/channel\\\/UCxL0wu1uN0_3_7hGG0306cw\"]},{\"@type\":\"Person\",\"@id\":\"https:\\\/\\\/www.bellunopress.it\\\/#\\\/schema\\\/person\\\/79bb06722b37ece1c03d3e94beb30d73\",\"name\":\"redazione\",\"image\":{\"@type\":\"ImageObject\",\"inLanguage\":\"fr-FR\",\"@id\":\"https:\\\/\\\/secure.gravatar.com\\\/avatar\\\/37d968a2e67a6fd04c169c4bdef102d0bc5d31b2546345219e348575eb80e9a0?s=96&d=mm&r=g\",\"url\":\"https:\\\/\\\/secure.gravatar.com\\\/avatar\\\/37d968a2e67a6fd04c169c4bdef102d0bc5d31b2546345219e348575eb80e9a0?s=96&d=mm&r=g\",\"contentUrl\":\"https:\\\/\\\/secure.gravatar.com\\\/avatar\\\/37d968a2e67a6fd04c169c4bdef102d0bc5d31b2546345219e348575eb80e9a0?s=96&d=mm&r=g\",\"caption\":\"redazione\"},\"sameAs\":[\"http:\\\/\\\/www.bellunopress.it\",\"https:\\\/\\\/x.com\\\/bellunopress\"],\"url\":\"https:\\\/\\\/www.bellunopress.it\\\/fr\\\/author\\\/redazione\\\/\"}]}<\/script>\n<!-- \/ Yoast SEO plugin. -->","yoast_head_json":{"title":"Cambiamento Climatico: innocenti o colpevoli? - Bellunopress - Dolomiti","robots":{"index":"index","follow":"follow","max-snippet":"max-snippet:-1","max-image-preview":"max-image-preview:large","max-video-preview":"max-video-preview:-1"},"canonical":"https:\/\/www.bellunopress.it\/fr\/2024\/12\/26\/cambiamento-climatico-innocenti-o-colpevoli\/","og_locale":"fr_FR","og_type":"article","og_title":"Cambiamento Climatico: innocenti o colpevoli? - Bellunopress - Dolomiti","og_description":"Il problema rappresentato dal cambiamento climatico dovrebbe essere alla base di tutte le argomentazioni e problematiche sociali, economiche e politiche dei nostri tempi. \u00c8 infatti una realt\u00e0 in atto, che tende ad una progressiva evoluzione peggiorativa e che dovremmo meglio qualificare come Crisi Climatica di portata planetaria. Per questo inevitabilmente interessa tutto e tutti con [&hellip;]","og_url":"https:\/\/www.bellunopress.it\/fr\/2024\/12\/26\/cambiamento-climatico-innocenti-o-colpevoli\/","og_site_name":"Bellunopress - Dolomiti","article_publisher":"https:\/\/www.facebook.com\/profile.php?id=100008943462799","article_published_time":"2024-12-26T11:20:22+00:00","article_modified_time":"2024-12-30T14:30:34+00:00","og_image":[{"width":1000,"height":563,"url":"https:\/\/www.bellunopress.it\/wp-content\/uploads\/2024\/09\/ghiacciaio-Marmolada-Legambiente_edited.jpg","type":"image\/jpeg"}],"author":"redazione","twitter_card":"summary_large_image","twitter_creator":"@bellunopress","twitter_site":"@bellunopress","twitter_misc":{"Written by":"redazione","Est. reading time":"2 minutes"},"schema":{"@context":"https:\/\/schema.org","@graph":[{"@type":"Article","@id":"https:\/\/www.bellunopress.it\/2024\/12\/26\/cambiamento-climatico-innocenti-o-colpevoli\/#article","isPartOf":{"@id":"https:\/\/www.bellunopress.it\/2024\/12\/26\/cambiamento-climatico-innocenti-o-colpevoli\/"},"author":{"name":"redazione","@id":"https:\/\/www.bellunopress.it\/#\/schema\/person\/79bb06722b37ece1c03d3e94beb30d73"},"headline":"Cambiamento Climatico: innocenti o colpevoli?","datePublished":"2024-12-26T11:20:22+00:00","dateModified":"2024-12-30T14:30:34+00:00","mainEntityOfPage":{"@id":"https:\/\/www.bellunopress.it\/2024\/12\/26\/cambiamento-climatico-innocenti-o-colpevoli\/"},"wordCount":401,"publisher":{"@id":"https:\/\/www.bellunopress.it\/#organization"},"image":{"@id":"https:\/\/www.bellunopress.it\/2024\/12\/26\/cambiamento-climatico-innocenti-o-colpevoli\/#primaryimage"},"thumbnailUrl":"https:\/\/www.bellunopress.it\/wp-content\/uploads\/2024\/09\/ghiacciaio-Marmolada-Legambiente_edited.jpg","articleSection":["Controcorrente Dr Filiberto Dal Molin","Prima Pagina"],"inLanguage":"fr-FR"},{"@type":"WebPage","@id":"https:\/\/www.bellunopress.it\/2024\/12\/26\/cambiamento-climatico-innocenti-o-colpevoli\/","url":"https:\/\/www.bellunopress.it\/2024\/12\/26\/cambiamento-climatico-innocenti-o-colpevoli\/","name":"Cambiamento Climatico: innocenti o colpevoli? - Bellunopress - Dolomiti","isPartOf":{"@id":"https:\/\/www.bellunopress.it\/#website"},"primaryImageOfPage":{"@id":"https:\/\/www.bellunopress.it\/2024\/12\/26\/cambiamento-climatico-innocenti-o-colpevoli\/#primaryimage"},"image":{"@id":"https:\/\/www.bellunopress.it\/2024\/12\/26\/cambiamento-climatico-innocenti-o-colpevoli\/#primaryimage"},"thumbnailUrl":"https:\/\/www.bellunopress.it\/wp-content\/uploads\/2024\/09\/ghiacciaio-Marmolada-Legambiente_edited.jpg","datePublished":"2024-12-26T11:20:22+00:00","dateModified":"2024-12-30T14:30:34+00:00","breadcrumb":{"@id":"https:\/\/www.bellunopress.it\/2024\/12\/26\/cambiamento-climatico-innocenti-o-colpevoli\/#breadcrumb"},"inLanguage":"fr-FR","potentialAction":[{"@type":"ReadAction","target":["https:\/\/www.bellunopress.it\/2024\/12\/26\/cambiamento-climatico-innocenti-o-colpevoli\/"]}]},{"@type":"ImageObject","inLanguage":"fr-FR","@id":"https:\/\/www.bellunopress.it\/2024\/12\/26\/cambiamento-climatico-innocenti-o-colpevoli\/#primaryimage","url":"https:\/\/www.bellunopress.it\/wp-content\/uploads\/2024\/09\/ghiacciaio-Marmolada-Legambiente_edited.jpg","contentUrl":"https:\/\/www.bellunopress.it\/wp-content\/uploads\/2024\/09\/ghiacciaio-Marmolada-Legambiente_edited.jpg","width":1000,"height":563,"caption":"Ghiacciaio Marmolada (Legambiente)"},{"@type":"BreadcrumbList","@id":"https:\/\/www.bellunopress.it\/2024\/12\/26\/cambiamento-climatico-innocenti-o-colpevoli\/#breadcrumb","itemListElement":[{"@type":"ListItem","position":1,"name":"Home","item":"https:\/\/www.bellunopress.it\/"},{"@type":"ListItem","position":2,"name":"Cambiamento Climatico: innocenti o colpevoli?"}]},{"@type":"WebSite","@id":"https:\/\/www.bellunopress.it\/#website","url":"https:\/\/www.bellunopress.it\/","name":"Bellunopress - Dolomiti","description":"e-mail: redazione@bellunopress.it","publisher":{"@id":"https:\/\/www.bellunopress.it\/#organization"},"potentialAction":[{"@type":"SearchAction","target":{"@type":"EntryPoint","urlTemplate":"https:\/\/www.bellunopress.it\/?s={search_term_string}"},"query-input":{"@type":"PropertyValueSpecification","valueRequired":true,"valueName":"search_term_string"}}],"inLanguage":"fr-FR"},{"@type":"Organization","@id":"https:\/\/www.bellunopress.it\/#organization","name":"Bellunopress","url":"https:\/\/www.bellunopress.it\/","logo":{"@type":"ImageObject","inLanguage":"fr-FR","@id":"https:\/\/www.bellunopress.it\/#\/schema\/logo\/image\/","url":"https:\/\/www.bellunopress.it\/wp-content\/uploads\/2011\/05\/cropped-logo-bellunopress-.jpg","contentUrl":"https:\/\/www.bellunopress.it\/wp-content\/uploads\/2011\/05\/cropped-logo-bellunopress-.jpg","width":512,"height":512,"caption":"Bellunopress"},"image":{"@id":"https:\/\/www.bellunopress.it\/#\/schema\/logo\/image\/"},"sameAs":["https:\/\/www.facebook.com\/profile.php?id=100008943462799","https:\/\/x.com\/bellunopress","https:\/\/www.linkedin.com\/hp\/?dnr=JBzUWaJfMUw8vbXJJ2tVW5-I3jZKvC4wsoxE&amp;amp;amp;amp;amp;amp;trk=nav_responsive_tab_home","https:\/\/www.youtube.com\/channel\/UCxL0wu1uN0_3_7hGG0306cw"]},{"@type":"Person","@id":"https:\/\/www.bellunopress.it\/#\/schema\/person\/79bb06722b37ece1c03d3e94beb30d73","name":"r\u00e9daction","image":{"@type":"ImageObject","inLanguage":"fr-FR","@id":"https:\/\/secure.gravatar.com\/avatar\/37d968a2e67a6fd04c169c4bdef102d0bc5d31b2546345219e348575eb80e9a0?s=96&d=mm&r=g","url":"https:\/\/secure.gravatar.com\/avatar\/37d968a2e67a6fd04c169c4bdef102d0bc5d31b2546345219e348575eb80e9a0?s=96&d=mm&r=g","contentUrl":"https:\/\/secure.gravatar.com\/avatar\/37d968a2e67a6fd04c169c4bdef102d0bc5d31b2546345219e348575eb80e9a0?s=96&d=mm&r=g","caption":"redazione"},"sameAs":["http:\/\/www.bellunopress.it","https:\/\/x.com\/bellunopress"],"url":"https:\/\/www.bellunopress.it\/fr\/author\/redazione\/"}]}},"_links":{"self":[{"href":"https:\/\/www.bellunopress.it\/fr\/wp-json\/wp\/v2\/posts\/156557","targetHints":{"allow":["GET"]}}],"collection":[{"href":"https:\/\/www.bellunopress.it\/fr\/wp-json\/wp\/v2\/posts"}],"about":[{"href":"https:\/\/www.bellunopress.it\/fr\/wp-json\/wp\/v2\/types\/post"}],"author":[{"embeddable":true,"href":"https:\/\/www.bellunopress.it\/fr\/wp-json\/wp\/v2\/users\/2"}],"replies":[{"embeddable":true,"href":"https:\/\/www.bellunopress.it\/fr\/wp-json\/wp\/v2\/comments?post=156557"}],"version-history":[{"count":2,"href":"https:\/\/www.bellunopress.it\/fr\/wp-json\/wp\/v2\/posts\/156557\/revisions"}],"predecessor-version":[{"id":156640,"href":"https:\/\/www.bellunopress.it\/fr\/wp-json\/wp\/v2\/posts\/156557\/revisions\/156640"}],"wp:featuredmedia":[{"embeddable":true,"href":"https:\/\/www.bellunopress.it\/fr\/wp-json\/wp\/v2\/media\/153853"}],"wp:attachment":[{"href":"https:\/\/www.bellunopress.it\/fr\/wp-json\/wp\/v2\/media?parent=156557"}],"wp:term":[{"taxonomy":"category","embeddable":true,"href":"https:\/\/www.bellunopress.it\/fr\/wp-json\/wp\/v2\/categories?post=156557"},{"taxonomy":"post_tag","embeddable":true,"href":"https:\/\/www.bellunopress.it\/fr\/wp-json\/wp\/v2\/tags?post=156557"}],"curies":[{"name":"wp","href":"https:\/\/api.w.org\/{rel}","templated":true}]}}