{"id":156549,"date":"2024-12-26T12:08:48","date_gmt":"2024-12-26T11:08:48","guid":{"rendered":"https:\/\/www.bellunopress.it\/?p=156549"},"modified":"2024-12-26T12:08:48","modified_gmt":"2024-12-26T11:08:48","slug":"rocca-pietore-conclusa-la-messa-in-sicurezza-del-versante-di-saviner-lavori-per-160mila-euro","status":"publish","type":"post","link":"https:\/\/www.bellunopress.it\/fr\/2024\/12\/26\/rocca-pietore-conclusa-la-messa-in-sicurezza-del-versante-di-saviner-lavori-per-160mila-euro\/","title":{"rendered":"Rocca Pietore. Conclusa la messa in sicurezza del versante di Saviner.\u00a0Lavori per 160mila euro"},"content":{"rendered":"<figure id=\"attachment_152663\" aria-describedby=\"caption-attachment-152663\" style=\"width: 643px\" class=\"wp-caption aligncenter\"><img loading=\"lazy\" decoding=\"async\" class=\"size-full wp-image-152663\" src=\"https:\/\/www.bellunopress.it\/wp-content\/uploads\/2024\/07\/Massimo-Bortoluzzi-consigloiere-provinciale.jpg\" alt=\"\" width=\"643\" height=\"491\" srcset=\"https:\/\/www.bellunopress.it\/wp-content\/uploads\/2024\/07\/Massimo-Bortoluzzi-consigloiere-provinciale.jpg 643w, https:\/\/www.bellunopress.it\/wp-content\/uploads\/2024\/07\/Massimo-Bortoluzzi-consigloiere-provinciale-500x382.jpg 500w, https:\/\/www.bellunopress.it\/wp-content\/uploads\/2024\/07\/Massimo-Bortoluzzi-consigloiere-provinciale-550x420.jpg 550w, https:\/\/www.bellunopress.it\/wp-content\/uploads\/2024\/07\/Massimo-Bortoluzzi-consigloiere-provinciale-80x60.jpg 80w\" sizes=\"auto, (max-width: 643px) 100vw, 643px\" \/><figcaption id=\"caption-attachment-152663\" class=\"wp-caption-text\">Massimo Bortoluzzi, consigliere provinciale delegato alla Difesa del suolo, Demanio idrico e Trasporti<\/figcaption><\/figure>\n<p>Quattro settimane di lavori e un investimento di 160mila euro. Si sono concluse a inizio dicembre le operazioni di messa in sicurezza del versante di Saviner di Laste (Rocca Pietore) dove a fine ottobre un masso era precipitato sventrando la parete di una casa. E nei giorni scorsi l&#8217;intervento \u00e8 stato rendicontato dagli uffici della Provincia che hanno seguito tutto l&#8217;iter e finanziato il cantiere.<\/p>\n<p>\u00abIn tempi rapidissimi siamo intervenuti per sistemare un dissesto importante, che aveva suscitato parecchia preoccupazione\u00bb commenta il consigliere provinciale delegato alla difesa del suolo, Massimo Bortoluzzi. \u00abQuanto capitato a Saviner infatti ha messo in luce una volta di pi\u00f9 la fragilit\u00e0 della nostra montagna e la necessit\u00e0 di intervenire in maniera rapida e puntuale\u00bb.<\/p>\n<p>Il dissesto si era verificato il 30 ottobre: poco dopo le 18.40 un masso di circa 1 metro cubo si \u00e8 staccato pi\u00f9 o meno 50 metri a monte di un&#8217;abitazione ed \u00e8 rimbalzato fino all&#8217;edificio, impattando sulla parete perimetrale. L&#8217;indomani la Provincia ha disposto un sopralluogo e gi\u00e0 il 4 novembre, a seguito di tutte le indagini geologiche effettuate, ha avviato una somma urgenza. I lavori sono stati consegnati l&#8217;8 novembre e nel giro di quattro settimane sono stati realizzati. Negli ultimi giorni prima di Natale l&#8217;intervento si \u00e8 chiuso anche con la rendicontazione.<\/p>\n<p>Nel dettaglio, \u00e8 stata posizionata una barriera paramassi alta 4 metri e lunga 60. \u00c8 stata fatta una chiodatura del versante per evitare ulteriori movimenti di sassi e detriti. E a seguito di analisi, \u00e8 stato legato con funi e rete armata un masso ciclopico di 20-30 metri cubi per evitare che possa muoversi.<\/p>\n<p>\u00abAbbiamo risposto prontamente alle esigenze di maggiore sicurezza sollevate dai residenti di Saviner e dal sindaco di Rocca Pietore &#8211; conclude il consigliere delegato Bortoluzzi -. Nel 2024, in concomitanza con eventi meteo e dissesti, abbiamo attivato diverse somme urgenze in pi\u00f9 parti del territorio provinciale. Si conferma quindi l&#8217;attenzione altissima anche per le aree pi\u00f9 periferiche e montane\u00bb.<\/p>","protected":false},"excerpt":{"rendered":"<p>Quattro settimane di lavori e un investimento di 160mila euro. Si sono concluse a inizio dicembre le operazioni di messa in sicurezza del versante di Saviner di Laste (Rocca Pietore) dove a fine ottobre un masso era precipitato sventrando la parete di una casa. E nei giorni scorsi l&#8217;intervento \u00e8 stato rendicontato dagli uffici della [&hellip;]<\/p>\n","protected":false},"author":2,"featured_media":152663,"comment_status":"closed","ping_status":"open","sticky":false,"template":"","format":"standard","meta":{"footnotes":""},"categories":[5,26],"tags":[],"class_list":["post-156549","post","type-post","status-publish","format-standard","has-post-thumbnail","category-cronaca","category-prima-pagina"],"yoast_head":"<!-- This site is optimized with the Yoast SEO plugin v28.4 - https:\/\/yoast.com\/product\/yoast-seo-wordpress\/ -->\n<title>Rocca Pietore. Conclusa la messa in sicurezza del versante di Saviner.\u00a0Lavori per 160mila euro - Bellunopress - Dolomiti<\/title>\n<meta name=\"robots\" content=\"index, follow, max-snippet:-1, max-image-preview:large, max-video-preview:-1\" \/>\n<link rel=\"canonical\" href=\"https:\/\/www.bellunopress.it\/fr\/2024\/12\/26\/rocca-pietore-conclusa-la-messa-in-sicurezza-del-versante-di-saviner-lavori-per-160mila-euro\/\" \/>\n<meta property=\"og:locale\" content=\"fr_FR\" \/>\n<meta property=\"og:type\" content=\"article\" \/>\n<meta property=\"og:title\" content=\"Rocca Pietore. Conclusa la messa in sicurezza del versante di Saviner.\u00a0Lavori per 160mila euro - Bellunopress - Dolomiti\" \/>\n<meta property=\"og:description\" content=\"Quattro settimane di lavori e un investimento di 160mila euro. Si sono concluse a inizio dicembre le operazioni di messa in sicurezza del versante di Saviner di Laste (Rocca Pietore) dove a fine ottobre un masso era precipitato sventrando la parete di una casa. E nei giorni scorsi l&#8217;intervento \u00e8 stato rendicontato dagli uffici della [&hellip;]\" \/>\n<meta property=\"og:url\" content=\"https:\/\/www.bellunopress.it\/fr\/2024\/12\/26\/rocca-pietore-conclusa-la-messa-in-sicurezza-del-versante-di-saviner-lavori-per-160mila-euro\/\" \/>\n<meta property=\"og:site_name\" content=\"Bellunopress - Dolomiti\" \/>\n<meta property=\"article:publisher\" content=\"https:\/\/www.facebook.com\/profile.php?id=100008943462799\" \/>\n<meta property=\"article:published_time\" content=\"2024-12-26T11:08:48+00:00\" \/>\n<meta property=\"og:image\" content=\"https:\/\/www.bellunopress.it\/wp-content\/uploads\/2024\/07\/Massimo-Bortoluzzi-consigloiere-provinciale.jpg\" \/>\n\t<meta property=\"og:image:width\" content=\"643\" \/>\n\t<meta property=\"og:image:height\" content=\"491\" \/>\n\t<meta property=\"og:image:type\" content=\"image\/jpeg\" \/>\n<meta name=\"author\" content=\"redazione\" \/>\n<meta name=\"twitter:card\" content=\"summary_large_image\" \/>\n<meta name=\"twitter:creator\" content=\"@bellunopress\" \/>\n<meta name=\"twitter:site\" content=\"@bellunopress\" \/>\n<meta name=\"twitter:label1\" content=\"Written by\" \/>\n\t<meta name=\"twitter:data1\" content=\"redazione\" \/>\n\t<meta name=\"twitter:label2\" content=\"Est. reading time\" \/>\n\t<meta name=\"twitter:data2\" content=\"2 minutes\" \/>\n<script type=\"application\/ld+json\" class=\"yoast-schema-graph\">{\"@context\":\"https:\\\/\\\/schema.org\",\"@graph\":[{\"@type\":\"Article\",\"@id\":\"https:\\\/\\\/www.bellunopress.it\\\/2024\\\/12\\\/26\\\/rocca-pietore-conclusa-la-messa-in-sicurezza-del-versante-di-saviner-lavori-per-160mila-euro\\\/#article\",\"isPartOf\":{\"@id\":\"https:\\\/\\\/www.bellunopress.it\\\/2024\\\/12\\\/26\\\/rocca-pietore-conclusa-la-messa-in-sicurezza-del-versante-di-saviner-lavori-per-160mila-euro\\\/\"},\"author\":{\"name\":\"redazione\",\"@id\":\"https:\\\/\\\/www.bellunopress.it\\\/#\\\/schema\\\/person\\\/79bb06722b37ece1c03d3e94beb30d73\"},\"headline\":\"Rocca Pietore. Conclusa la messa in sicurezza del versante di Saviner.\u00a0Lavori per 160mila euro\",\"datePublished\":\"2024-12-26T11:08:48+00:00\",\"mainEntityOfPage\":{\"@id\":\"https:\\\/\\\/www.bellunopress.it\\\/2024\\\/12\\\/26\\\/rocca-pietore-conclusa-la-messa-in-sicurezza-del-versante-di-saviner-lavori-per-160mila-euro\\\/\"},\"wordCount\":354,\"publisher\":{\"@id\":\"https:\\\/\\\/www.bellunopress.it\\\/#organization\"},\"image\":{\"@id\":\"https:\\\/\\\/www.bellunopress.it\\\/2024\\\/12\\\/26\\\/rocca-pietore-conclusa-la-messa-in-sicurezza-del-versante-di-saviner-lavori-per-160mila-euro\\\/#primaryimage\"},\"thumbnailUrl\":\"https:\\\/\\\/www.bellunopress.it\\\/wp-content\\\/uploads\\\/2024\\\/07\\\/Massimo-Bortoluzzi-consigloiere-provinciale.jpg\",\"articleSection\":[\"Cronaca\\\/Politica\",\"Prima Pagina\"],\"inLanguage\":\"fr-FR\"},{\"@type\":\"WebPage\",\"@id\":\"https:\\\/\\\/www.bellunopress.it\\\/2024\\\/12\\\/26\\\/rocca-pietore-conclusa-la-messa-in-sicurezza-del-versante-di-saviner-lavori-per-160mila-euro\\\/\",\"url\":\"https:\\\/\\\/www.bellunopress.it\\\/2024\\\/12\\\/26\\\/rocca-pietore-conclusa-la-messa-in-sicurezza-del-versante-di-saviner-lavori-per-160mila-euro\\\/\",\"name\":\"Rocca Pietore. Conclusa la messa in sicurezza del versante di Saviner.\u00a0Lavori per 160mila euro - Bellunopress - Dolomiti\",\"isPartOf\":{\"@id\":\"https:\\\/\\\/www.bellunopress.it\\\/#website\"},\"primaryImageOfPage\":{\"@id\":\"https:\\\/\\\/www.bellunopress.it\\\/2024\\\/12\\\/26\\\/rocca-pietore-conclusa-la-messa-in-sicurezza-del-versante-di-saviner-lavori-per-160mila-euro\\\/#primaryimage\"},\"image\":{\"@id\":\"https:\\\/\\\/www.bellunopress.it\\\/2024\\\/12\\\/26\\\/rocca-pietore-conclusa-la-messa-in-sicurezza-del-versante-di-saviner-lavori-per-160mila-euro\\\/#primaryimage\"},\"thumbnailUrl\":\"https:\\\/\\\/www.bellunopress.it\\\/wp-content\\\/uploads\\\/2024\\\/07\\\/Massimo-Bortoluzzi-consigloiere-provinciale.jpg\",\"datePublished\":\"2024-12-26T11:08:48+00:00\",\"breadcrumb\":{\"@id\":\"https:\\\/\\\/www.bellunopress.it\\\/2024\\\/12\\\/26\\\/rocca-pietore-conclusa-la-messa-in-sicurezza-del-versante-di-saviner-lavori-per-160mila-euro\\\/#breadcrumb\"},\"inLanguage\":\"fr-FR\",\"potentialAction\":[{\"@type\":\"ReadAction\",\"target\":[\"https:\\\/\\\/www.bellunopress.it\\\/2024\\\/12\\\/26\\\/rocca-pietore-conclusa-la-messa-in-sicurezza-del-versante-di-saviner-lavori-per-160mila-euro\\\/\"]}]},{\"@type\":\"ImageObject\",\"inLanguage\":\"fr-FR\",\"@id\":\"https:\\\/\\\/www.bellunopress.it\\\/2024\\\/12\\\/26\\\/rocca-pietore-conclusa-la-messa-in-sicurezza-del-versante-di-saviner-lavori-per-160mila-euro\\\/#primaryimage\",\"url\":\"https:\\\/\\\/www.bellunopress.it\\\/wp-content\\\/uploads\\\/2024\\\/07\\\/Massimo-Bortoluzzi-consigloiere-provinciale.jpg\",\"contentUrl\":\"https:\\\/\\\/www.bellunopress.it\\\/wp-content\\\/uploads\\\/2024\\\/07\\\/Massimo-Bortoluzzi-consigloiere-provinciale.jpg\",\"width\":643,\"height\":491,\"caption\":\"Massimo Bortoluzzi, gi\u00e0 consigliere provinciale delegato al Demanio idrico e Trasporti, Protezione civile e Difesa del suolo\"},{\"@type\":\"BreadcrumbList\",\"@id\":\"https:\\\/\\\/www.bellunopress.it\\\/2024\\\/12\\\/26\\\/rocca-pietore-conclusa-la-messa-in-sicurezza-del-versante-di-saviner-lavori-per-160mila-euro\\\/#breadcrumb\",\"itemListElement\":[{\"@type\":\"ListItem\",\"position\":1,\"name\":\"Home\",\"item\":\"https:\\\/\\\/www.bellunopress.it\\\/\"},{\"@type\":\"ListItem\",\"position\":2,\"name\":\"Rocca Pietore. Conclusa la messa in sicurezza del versante di Saviner.\u00a0Lavori per 160mila euro\"}]},{\"@type\":\"WebSite\",\"@id\":\"https:\\\/\\\/www.bellunopress.it\\\/#website\",\"url\":\"https:\\\/\\\/www.bellunopress.it\\\/\",\"name\":\"Bellunopress - Dolomiti\",\"description\":\"e-mail: redazione@bellunopress.it\",\"publisher\":{\"@id\":\"https:\\\/\\\/www.bellunopress.it\\\/#organization\"},\"potentialAction\":[{\"@type\":\"SearchAction\",\"target\":{\"@type\":\"EntryPoint\",\"urlTemplate\":\"https:\\\/\\\/www.bellunopress.it\\\/?s={search_term_string}\"},\"query-input\":{\"@type\":\"PropertyValueSpecification\",\"valueRequired\":true,\"valueName\":\"search_term_string\"}}],\"inLanguage\":\"fr-FR\"},{\"@type\":\"Organization\",\"@id\":\"https:\\\/\\\/www.bellunopress.it\\\/#organization\",\"name\":\"Bellunopress\",\"url\":\"https:\\\/\\\/www.bellunopress.it\\\/\",\"logo\":{\"@type\":\"ImageObject\",\"inLanguage\":\"fr-FR\",\"@id\":\"https:\\\/\\\/www.bellunopress.it\\\/#\\\/schema\\\/logo\\\/image\\\/\",\"url\":\"https:\\\/\\\/www.bellunopress.it\\\/wp-content\\\/uploads\\\/2011\\\/05\\\/cropped-logo-bellunopress-.jpg\",\"contentUrl\":\"https:\\\/\\\/www.bellunopress.it\\\/wp-content\\\/uploads\\\/2011\\\/05\\\/cropped-logo-bellunopress-.jpg\",\"width\":512,\"height\":512,\"caption\":\"Bellunopress\"},\"image\":{\"@id\":\"https:\\\/\\\/www.bellunopress.it\\\/#\\\/schema\\\/logo\\\/image\\\/\"},\"sameAs\":[\"https:\\\/\\\/www.facebook.com\\\/profile.php?id=100008943462799\",\"https:\\\/\\\/x.com\\\/bellunopress\",\"https:\\\/\\\/www.linkedin.com\\\/hp\\\/?dnr=JBzUWaJfMUw8vbXJJ2tVW5-I3jZKvC4wsoxE&amp;amp;amp;amp;amp;amp;trk=nav_responsive_tab_home\",\"https:\\\/\\\/www.youtube.com\\\/channel\\\/UCxL0wu1uN0_3_7hGG0306cw\"]},{\"@type\":\"Person\",\"@id\":\"https:\\\/\\\/www.bellunopress.it\\\/#\\\/schema\\\/person\\\/79bb06722b37ece1c03d3e94beb30d73\",\"name\":\"redazione\",\"image\":{\"@type\":\"ImageObject\",\"inLanguage\":\"fr-FR\",\"@id\":\"https:\\\/\\\/secure.gravatar.com\\\/avatar\\\/37d968a2e67a6fd04c169c4bdef102d0bc5d31b2546345219e348575eb80e9a0?s=96&d=mm&r=g\",\"url\":\"https:\\\/\\\/secure.gravatar.com\\\/avatar\\\/37d968a2e67a6fd04c169c4bdef102d0bc5d31b2546345219e348575eb80e9a0?s=96&d=mm&r=g\",\"contentUrl\":\"https:\\\/\\\/secure.gravatar.com\\\/avatar\\\/37d968a2e67a6fd04c169c4bdef102d0bc5d31b2546345219e348575eb80e9a0?s=96&d=mm&r=g\",\"caption\":\"redazione\"},\"sameAs\":[\"http:\\\/\\\/www.bellunopress.it\",\"https:\\\/\\\/x.com\\\/bellunopress\"],\"url\":\"https:\\\/\\\/www.bellunopress.it\\\/fr\\\/author\\\/redazione\\\/\"}]}<\/script>\n<!-- \/ Yoast SEO plugin. -->","yoast_head_json":{"title":"Rocca Pietore. Conclusa la messa in sicurezza del versante di Saviner.\u00a0Lavori per 160mila euro - Bellunopress - Dolomiti","robots":{"index":"index","follow":"follow","max-snippet":"max-snippet:-1","max-image-preview":"max-image-preview:large","max-video-preview":"max-video-preview:-1"},"canonical":"https:\/\/www.bellunopress.it\/fr\/2024\/12\/26\/rocca-pietore-conclusa-la-messa-in-sicurezza-del-versante-di-saviner-lavori-per-160mila-euro\/","og_locale":"fr_FR","og_type":"article","og_title":"Rocca Pietore. Conclusa la messa in sicurezza del versante di Saviner.\u00a0Lavori per 160mila euro - Bellunopress - Dolomiti","og_description":"Quattro settimane di lavori e un investimento di 160mila euro. Si sono concluse a inizio dicembre le operazioni di messa in sicurezza del versante di Saviner di Laste (Rocca Pietore) dove a fine ottobre un masso era precipitato sventrando la parete di una casa. E nei giorni scorsi l&#8217;intervento \u00e8 stato rendicontato dagli uffici della [&hellip;]","og_url":"https:\/\/www.bellunopress.it\/fr\/2024\/12\/26\/rocca-pietore-conclusa-la-messa-in-sicurezza-del-versante-di-saviner-lavori-per-160mila-euro\/","og_site_name":"Bellunopress - Dolomiti","article_publisher":"https:\/\/www.facebook.com\/profile.php?id=100008943462799","article_published_time":"2024-12-26T11:08:48+00:00","og_image":[{"width":643,"height":491,"url":"https:\/\/www.bellunopress.it\/wp-content\/uploads\/2024\/07\/Massimo-Bortoluzzi-consigloiere-provinciale.jpg","type":"image\/jpeg"}],"author":"redazione","twitter_card":"summary_large_image","twitter_creator":"@bellunopress","twitter_site":"@bellunopress","twitter_misc":{"Written by":"redazione","Est. reading time":"2 minutes"},"schema":{"@context":"https:\/\/schema.org","@graph":[{"@type":"Article","@id":"https:\/\/www.bellunopress.it\/2024\/12\/26\/rocca-pietore-conclusa-la-messa-in-sicurezza-del-versante-di-saviner-lavori-per-160mila-euro\/#article","isPartOf":{"@id":"https:\/\/www.bellunopress.it\/2024\/12\/26\/rocca-pietore-conclusa-la-messa-in-sicurezza-del-versante-di-saviner-lavori-per-160mila-euro\/"},"author":{"name":"redazione","@id":"https:\/\/www.bellunopress.it\/#\/schema\/person\/79bb06722b37ece1c03d3e94beb30d73"},"headline":"Rocca Pietore. Conclusa la messa in sicurezza del versante di Saviner.\u00a0Lavori per 160mila euro","datePublished":"2024-12-26T11:08:48+00:00","mainEntityOfPage":{"@id":"https:\/\/www.bellunopress.it\/2024\/12\/26\/rocca-pietore-conclusa-la-messa-in-sicurezza-del-versante-di-saviner-lavori-per-160mila-euro\/"},"wordCount":354,"publisher":{"@id":"https:\/\/www.bellunopress.it\/#organization"},"image":{"@id":"https:\/\/www.bellunopress.it\/2024\/12\/26\/rocca-pietore-conclusa-la-messa-in-sicurezza-del-versante-di-saviner-lavori-per-160mila-euro\/#primaryimage"},"thumbnailUrl":"https:\/\/www.bellunopress.it\/wp-content\/uploads\/2024\/07\/Massimo-Bortoluzzi-consigloiere-provinciale.jpg","articleSection":["Cronaca\/Politica","Prima Pagina"],"inLanguage":"fr-FR"},{"@type":"WebPage","@id":"https:\/\/www.bellunopress.it\/2024\/12\/26\/rocca-pietore-conclusa-la-messa-in-sicurezza-del-versante-di-saviner-lavori-per-160mila-euro\/","url":"https:\/\/www.bellunopress.it\/2024\/12\/26\/rocca-pietore-conclusa-la-messa-in-sicurezza-del-versante-di-saviner-lavori-per-160mila-euro\/","name":"Rocca Pietore. Conclusa la messa in sicurezza del versante di Saviner.\u00a0Lavori per 160mila euro - Bellunopress - Dolomiti","isPartOf":{"@id":"https:\/\/www.bellunopress.it\/#website"},"primaryImageOfPage":{"@id":"https:\/\/www.bellunopress.it\/2024\/12\/26\/rocca-pietore-conclusa-la-messa-in-sicurezza-del-versante-di-saviner-lavori-per-160mila-euro\/#primaryimage"},"image":{"@id":"https:\/\/www.bellunopress.it\/2024\/12\/26\/rocca-pietore-conclusa-la-messa-in-sicurezza-del-versante-di-saviner-lavori-per-160mila-euro\/#primaryimage"},"thumbnailUrl":"https:\/\/www.bellunopress.it\/wp-content\/uploads\/2024\/07\/Massimo-Bortoluzzi-consigloiere-provinciale.jpg","datePublished":"2024-12-26T11:08:48+00:00","breadcrumb":{"@id":"https:\/\/www.bellunopress.it\/2024\/12\/26\/rocca-pietore-conclusa-la-messa-in-sicurezza-del-versante-di-saviner-lavori-per-160mila-euro\/#breadcrumb"},"inLanguage":"fr-FR","potentialAction":[{"@type":"ReadAction","target":["https:\/\/www.bellunopress.it\/2024\/12\/26\/rocca-pietore-conclusa-la-messa-in-sicurezza-del-versante-di-saviner-lavori-per-160mila-euro\/"]}]},{"@type":"ImageObject","inLanguage":"fr-FR","@id":"https:\/\/www.bellunopress.it\/2024\/12\/26\/rocca-pietore-conclusa-la-messa-in-sicurezza-del-versante-di-saviner-lavori-per-160mila-euro\/#primaryimage","url":"https:\/\/www.bellunopress.it\/wp-content\/uploads\/2024\/07\/Massimo-Bortoluzzi-consigloiere-provinciale.jpg","contentUrl":"https:\/\/www.bellunopress.it\/wp-content\/uploads\/2024\/07\/Massimo-Bortoluzzi-consigloiere-provinciale.jpg","width":643,"height":491,"caption":"Massimo Bortoluzzi, gi\u00e0 consigliere provinciale delegato al Demanio idrico e Trasporti, Protezione civile e Difesa del suolo"},{"@type":"BreadcrumbList","@id":"https:\/\/www.bellunopress.it\/2024\/12\/26\/rocca-pietore-conclusa-la-messa-in-sicurezza-del-versante-di-saviner-lavori-per-160mila-euro\/#breadcrumb","itemListElement":[{"@type":"ListItem","position":1,"name":"Home","item":"https:\/\/www.bellunopress.it\/"},{"@type":"ListItem","position":2,"name":"Rocca Pietore. Conclusa la messa in sicurezza del versante di Saviner.\u00a0Lavori per 160mila euro"}]},{"@type":"WebSite","@id":"https:\/\/www.bellunopress.it\/#website","url":"https:\/\/www.bellunopress.it\/","name":"Bellunopress - Dolomiti","description":"e-mail: redazione@bellunopress.it","publisher":{"@id":"https:\/\/www.bellunopress.it\/#organization"},"potentialAction":[{"@type":"SearchAction","target":{"@type":"EntryPoint","urlTemplate":"https:\/\/www.bellunopress.it\/?s={search_term_string}"},"query-input":{"@type":"PropertyValueSpecification","valueRequired":true,"valueName":"search_term_string"}}],"inLanguage":"fr-FR"},{"@type":"Organization","@id":"https:\/\/www.bellunopress.it\/#organization","name":"Bellunopress","url":"https:\/\/www.bellunopress.it\/","logo":{"@type":"ImageObject","inLanguage":"fr-FR","@id":"https:\/\/www.bellunopress.it\/#\/schema\/logo\/image\/","url":"https:\/\/www.bellunopress.it\/wp-content\/uploads\/2011\/05\/cropped-logo-bellunopress-.jpg","contentUrl":"https:\/\/www.bellunopress.it\/wp-content\/uploads\/2011\/05\/cropped-logo-bellunopress-.jpg","width":512,"height":512,"caption":"Bellunopress"},"image":{"@id":"https:\/\/www.bellunopress.it\/#\/schema\/logo\/image\/"},"sameAs":["https:\/\/www.facebook.com\/profile.php?id=100008943462799","https:\/\/x.com\/bellunopress","https:\/\/www.linkedin.com\/hp\/?dnr=JBzUWaJfMUw8vbXJJ2tVW5-I3jZKvC4wsoxE&amp;amp;amp;amp;amp;amp;trk=nav_responsive_tab_home","https:\/\/www.youtube.com\/channel\/UCxL0wu1uN0_3_7hGG0306cw"]},{"@type":"Person","@id":"https:\/\/www.bellunopress.it\/#\/schema\/person\/79bb06722b37ece1c03d3e94beb30d73","name":"r\u00e9daction","image":{"@type":"ImageObject","inLanguage":"fr-FR","@id":"https:\/\/secure.gravatar.com\/avatar\/37d968a2e67a6fd04c169c4bdef102d0bc5d31b2546345219e348575eb80e9a0?s=96&d=mm&r=g","url":"https:\/\/secure.gravatar.com\/avatar\/37d968a2e67a6fd04c169c4bdef102d0bc5d31b2546345219e348575eb80e9a0?s=96&d=mm&r=g","contentUrl":"https:\/\/secure.gravatar.com\/avatar\/37d968a2e67a6fd04c169c4bdef102d0bc5d31b2546345219e348575eb80e9a0?s=96&d=mm&r=g","caption":"redazione"},"sameAs":["http:\/\/www.bellunopress.it","https:\/\/x.com\/bellunopress"],"url":"https:\/\/www.bellunopress.it\/fr\/author\/redazione\/"}]}},"_links":{"self":[{"href":"https:\/\/www.bellunopress.it\/fr\/wp-json\/wp\/v2\/posts\/156549","targetHints":{"allow":["GET"]}}],"collection":[{"href":"https:\/\/www.bellunopress.it\/fr\/wp-json\/wp\/v2\/posts"}],"about":[{"href":"https:\/\/www.bellunopress.it\/fr\/wp-json\/wp\/v2\/types\/post"}],"author":[{"embeddable":true,"href":"https:\/\/www.bellunopress.it\/fr\/wp-json\/wp\/v2\/users\/2"}],"replies":[{"embeddable":true,"href":"https:\/\/www.bellunopress.it\/fr\/wp-json\/wp\/v2\/comments?post=156549"}],"version-history":[{"count":1,"href":"https:\/\/www.bellunopress.it\/fr\/wp-json\/wp\/v2\/posts\/156549\/revisions"}],"predecessor-version":[{"id":156550,"href":"https:\/\/www.bellunopress.it\/fr\/wp-json\/wp\/v2\/posts\/156549\/revisions\/156550"}],"wp:featuredmedia":[{"embeddable":true,"href":"https:\/\/www.bellunopress.it\/fr\/wp-json\/wp\/v2\/media\/152663"}],"wp:attachment":[{"href":"https:\/\/www.bellunopress.it\/fr\/wp-json\/wp\/v2\/media?parent=156549"}],"wp:term":[{"taxonomy":"category","embeddable":true,"href":"https:\/\/www.bellunopress.it\/fr\/wp-json\/wp\/v2\/categories?post=156549"},{"taxonomy":"post_tag","embeddable":true,"href":"https:\/\/www.bellunopress.it\/fr\/wp-json\/wp\/v2\/tags?post=156549"}],"curies":[{"name":"wp","href":"https:\/\/api.w.org\/{rel}","templated":true}]}}