{"id":156541,"date":"2024-12-25T20:38:33","date_gmt":"2024-12-25T19:38:33","guid":{"rendered":"https:\/\/www.bellunopress.it\/?p=156541"},"modified":"2024-12-25T20:38:33","modified_gmt":"2024-12-25T19:38:33","slug":"coppa-brema-ondablu-5-fra-le-femmine-e-6-fra-i-maschi-del-concentramento-veneto-c-a-vicenza-22-i-podi-conquistati","status":"publish","type":"post","link":"https:\/\/www.bellunopress.it\/fr\/2024\/12\/25\/coppa-brema-ondablu-5-fra-le-femmine-e-6-fra-i-maschi-del-concentramento-veneto-c-a-vicenza-22-i-podi-conquistati\/","title":{"rendered":"Coppa Brema. Ondablu 5^ fra le femmine e 6^ fra i maschi del concentramento veneto C a Vicenza. 22 i podi conquistati."},"content":{"rendered":"<p><em><strong><img loading=\"lazy\" decoding=\"async\" class=\"aligncenter size-full wp-image-156542\" src=\"https:\/\/www.bellunopress.it\/wp-content\/uploads\/2024\/12\/Onda-Blu-coppa-brema_edited.jpg\" alt=\"Ondablu\" width=\"1000\" height=\"485\" srcset=\"https:\/\/www.bellunopress.it\/wp-content\/uploads\/2024\/12\/Onda-Blu-coppa-brema_edited.jpg 1000w, https:\/\/www.bellunopress.it\/wp-content\/uploads\/2024\/12\/Onda-Blu-coppa-brema_edited-500x243.jpg 500w, https:\/\/www.bellunopress.it\/wp-content\/uploads\/2024\/12\/Onda-Blu-coppa-brema_edited-866x420.jpg 866w, https:\/\/www.bellunopress.it\/wp-content\/uploads\/2024\/12\/Onda-Blu-coppa-brema_edited-696x338.jpg 696w\" sizes=\"auto, (max-width: 1000px) 100vw, 1000px\" \/>Settore agonistico stagione 2024- 2025\u00a0 Coppa Brema. Ondablu 5^ fra le femmine e 6^ fra i maschi del concentramento veneto C a Vicenza. 22 i podi conquistati. Oro per Riccardo Biscaro, Davide Dal Pan, Nicole Dalla Rosa, Emma De Marco, Alessandro Della Vecchia, Oleksandra Kolodchak.<\/strong><\/em><\/p>\n<p>Santa Giustina, 23 dicembre 2024.\u00a0 \u00a0 \u00a0Buoni i risultati degli atleti di categoria dell&#8217;Ondablu che hanno partecipato nel raggruppamento C del Veneto della manifestazione nazionale \u201cCoppa Brema\u201d in quel di Vicenza. 14 le societ\u00e0 partecipanti e gli atleti di Ondablu si sono difesi molto bene portando la propria societ\u00e0 arrivare 5^ fra i maschi e 6^ fra le femmine. Ben 22 i podi conquistati dagli atleti allenati da Mara Grelloni e coadiuvata dal tecnico Alessio Todesco: 8 le medaglie d&#8217;oro, 9 quelle di argento e 5 quelle di bronzo. Al di l\u00e0 dei podi soddisfatti sia i tecnici sia gli atleti per i tanti personali migliorati dagli atleti.<br \/>\nOttime prestazioni delle staffette con un secondo posto, due quarti posti ed un quinto posto assoluto.<\/p>\n<p>Risultati femmine<br \/>\nOleksandra Kolodchak (cadetti) 1^ 50 sl (27.92) e 1^ 100 sl (1.00.29)<br \/>\nNicole Dalla Rosa (ragazzi) 1^ 400 sl (4.48.22) e 4^ 800 sl (10.12.67)<br \/>\nEmma De Marco (senior) 1^ 100 ra (1.14.10)<br \/>\nMargherita Marin (ragazzi) 2^ 200 sl (2.16.68), 2^ 400 ms (5.29.44) e 3^ 100 do (1.11.87)<br \/>\nSara Vettorel (juniores) 2^ 200 ra (2.49.92) e 3^ 200 ms (2.33.32)<br \/>\nElena Vettorel (cadetti) 2^ 200 do (2.31.89)<br \/>\nSofia Tonin (juniores) 4^ 200 fa (2.40.77) e 4^ 100 fa (1.14.68)<\/p>\n<p>Staffetta 4&#215;100 sl 4^ con Oleksandra Kolodchak, Margherita Marin, Elena Vettorel, Emma De Marco<br \/>\nStaffetta 4&#215;100 ms 5^ con Giulia Stach, Emma De Marco, Nicole Dalla Rosa, Oleksandra Kolodchak<\/p>\n<p>Risultati Maschi<br \/>\nDavide Dal Pan (juniores) 1\u00b0 200 sl (1.59.17) e 1\u00b0 200 fa (2.10.88)<br \/>\nRiccardo Biscaro (cadetti) 1\u00b0 200 ra (2.31.44)<br \/>\nAlessandro Della Vecchia (cadetti) 1\u00b0 100 ra (1.08.40)<br \/>\nDavide Boccuzzi (ragazzi) 2\u00b0 400 ms (5.01.61) e 2\u00b0 200 ms (2.19.50)<br \/>\nJacopo Marin (ragazzi) 3\u00b0 200 do (2.13.48) e 3\u00b0 100 do (1.00.94)<br \/>\nMattia Colla (ragazzi) 3\u00b0 100 sl (56.19)<br \/>\nMathias D&#8217;Inca&#8217; (ragazzi) 2\u00b0 50 sl (24.76) e 5\u00b0 100 fa (59.66)<br \/>\nAlessandro Soriente (ragazzi) 2\u00b0 1500 sl (17.34.47) e6\u00b0 400 sl (4.28.77)<\/p>\n<p>Staffetta 4&#215;100 ms 2^ con Jacopo Marin, Alessandro Della Vecchia, Davide Dal Pan, Mathias D&#8217;Inca&#8217;<br \/>\nStaffetta 4&#215;100 sl 4^ con Mathias D&#8217;Inca&#8217;, Mattia Colla, Jacopo Marin, Davide Dal Pan.<\/p>","protected":false},"excerpt":{"rendered":"<p>Settore agonistico stagione 2024- 2025\u00a0 Coppa Brema. Ondablu 5^ fra le femmine e 6^ fra i maschi del concentramento veneto C a Vicenza. 22 i podi conquistati. Oro per Riccardo Biscaro, Davide Dal Pan, Nicole Dalla Rosa, Emma De Marco, Alessandro Della Vecchia, Oleksandra Kolodchak. Santa Giustina, 23 dicembre 2024.\u00a0 \u00a0 \u00a0Buoni i risultati degli [&hellip;]<\/p>\n","protected":false},"author":2,"featured_media":156542,"comment_status":"closed","ping_status":"open","sticky":false,"template":"","format":"standard","meta":{"footnotes":""},"categories":[4],"tags":[],"class_list":["post-156541","post","type-post","status-publish","format-standard","has-post-thumbnail","category-sport"],"yoast_head":"<!-- This site is optimized with the Yoast SEO plugin v28.4 - https:\/\/yoast.com\/product\/yoast-seo-wordpress\/ -->\n<title>Coppa Brema. Ondablu 5^ fra le femmine e 6^ fra i maschi del concentramento veneto C a Vicenza. 22 i podi conquistati. - Bellunopress - Dolomiti<\/title>\n<meta name=\"robots\" content=\"index, follow, max-snippet:-1, max-image-preview:large, max-video-preview:-1\" \/>\n<link rel=\"canonical\" href=\"https:\/\/www.bellunopress.it\/fr\/2024\/12\/25\/coppa-brema-ondablu-5-fra-le-femmine-e-6-fra-i-maschi-del-concentramento-veneto-c-a-vicenza-22-i-podi-conquistati\/\" \/>\n<meta property=\"og:locale\" content=\"fr_FR\" \/>\n<meta property=\"og:type\" content=\"article\" \/>\n<meta property=\"og:title\" content=\"Coppa Brema. Ondablu 5^ fra le femmine e 6^ fra i maschi del concentramento veneto C a Vicenza. 22 i podi conquistati. - Bellunopress - Dolomiti\" \/>\n<meta property=\"og:description\" content=\"Settore agonistico stagione 2024- 2025\u00a0 Coppa Brema. Ondablu 5^ fra le femmine e 6^ fra i maschi del concentramento veneto C a Vicenza. 22 i podi conquistati. Oro per Riccardo Biscaro, Davide Dal Pan, Nicole Dalla Rosa, Emma De Marco, Alessandro Della Vecchia, Oleksandra Kolodchak. Santa Giustina, 23 dicembre 2024.\u00a0 \u00a0 \u00a0Buoni i risultati degli [&hellip;]\" \/>\n<meta property=\"og:url\" content=\"https:\/\/www.bellunopress.it\/fr\/2024\/12\/25\/coppa-brema-ondablu-5-fra-le-femmine-e-6-fra-i-maschi-del-concentramento-veneto-c-a-vicenza-22-i-podi-conquistati\/\" \/>\n<meta property=\"og:site_name\" content=\"Bellunopress - Dolomiti\" \/>\n<meta property=\"article:publisher\" content=\"https:\/\/www.facebook.com\/profile.php?id=100008943462799\" \/>\n<meta property=\"article:published_time\" content=\"2024-12-25T19:38:33+00:00\" \/>\n<meta property=\"og:image\" content=\"https:\/\/www.bellunopress.it\/wp-content\/uploads\/2024\/12\/Onda-Blu-coppa-brema_edited.jpg\" \/>\n\t<meta property=\"og:image:width\" content=\"1000\" \/>\n\t<meta property=\"og:image:height\" content=\"485\" \/>\n\t<meta property=\"og:image:type\" content=\"image\/jpeg\" \/>\n<meta name=\"author\" content=\"redazione\" \/>\n<meta name=\"twitter:card\" content=\"summary_large_image\" \/>\n<meta name=\"twitter:creator\" content=\"@bellunopress\" \/>\n<meta name=\"twitter:site\" content=\"@bellunopress\" \/>\n<meta name=\"twitter:label1\" content=\"\u00c9crit par\" \/>\n\t<meta name=\"twitter:data1\" content=\"redazione\" \/>\n\t<meta name=\"twitter:label2\" content=\"Dur\u00e9e de lecture estim\u00e9e\" \/>\n\t<meta name=\"twitter:data2\" content=\"1 minute\" \/>\n<script type=\"application\/ld+json\" class=\"yoast-schema-graph\">{\"@context\":\"https:\\\/\\\/schema.org\",\"@graph\":[{\"@type\":\"Article\",\"@id\":\"https:\\\/\\\/www.bellunopress.it\\\/2024\\\/12\\\/25\\\/coppa-brema-ondablu-5-fra-le-femmine-e-6-fra-i-maschi-del-concentramento-veneto-c-a-vicenza-22-i-podi-conquistati\\\/#article\",\"isPartOf\":{\"@id\":\"https:\\\/\\\/www.bellunopress.it\\\/2024\\\/12\\\/25\\\/coppa-brema-ondablu-5-fra-le-femmine-e-6-fra-i-maschi-del-concentramento-veneto-c-a-vicenza-22-i-podi-conquistati\\\/\"},\"author\":{\"name\":\"redazione\",\"@id\":\"https:\\\/\\\/www.bellunopress.it\\\/#\\\/schema\\\/person\\\/79bb06722b37ece1c03d3e94beb30d73\"},\"headline\":\"Coppa Brema. Ondablu 5^ fra le femmine e 6^ fra i maschi del concentramento veneto C a Vicenza. 22 i podi conquistati.\",\"datePublished\":\"2024-12-25T19:38:33+00:00\",\"mainEntityOfPage\":{\"@id\":\"https:\\\/\\\/www.bellunopress.it\\\/2024\\\/12\\\/25\\\/coppa-brema-ondablu-5-fra-le-femmine-e-6-fra-i-maschi-del-concentramento-veneto-c-a-vicenza-22-i-podi-conquistati\\\/\"},\"wordCount\":322,\"publisher\":{\"@id\":\"https:\\\/\\\/www.bellunopress.it\\\/#organization\"},\"image\":{\"@id\":\"https:\\\/\\\/www.bellunopress.it\\\/2024\\\/12\\\/25\\\/coppa-brema-ondablu-5-fra-le-femmine-e-6-fra-i-maschi-del-concentramento-veneto-c-a-vicenza-22-i-podi-conquistati\\\/#primaryimage\"},\"thumbnailUrl\":\"https:\\\/\\\/www.bellunopress.it\\\/wp-content\\\/uploads\\\/2024\\\/12\\\/Onda-Blu-coppa-brema_edited.jpg\",\"articleSection\":[\"Sport, tempo libero\"],\"inLanguage\":\"fr-FR\"},{\"@type\":\"WebPage\",\"@id\":\"https:\\\/\\\/www.bellunopress.it\\\/2024\\\/12\\\/25\\\/coppa-brema-ondablu-5-fra-le-femmine-e-6-fra-i-maschi-del-concentramento-veneto-c-a-vicenza-22-i-podi-conquistati\\\/\",\"url\":\"https:\\\/\\\/www.bellunopress.it\\\/2024\\\/12\\\/25\\\/coppa-brema-ondablu-5-fra-le-femmine-e-6-fra-i-maschi-del-concentramento-veneto-c-a-vicenza-22-i-podi-conquistati\\\/\",\"name\":\"Coppa Brema. Ondablu 5^ fra le femmine e 6^ fra i maschi del concentramento veneto C a Vicenza. 22 i podi conquistati. - Bellunopress - Dolomiti\",\"isPartOf\":{\"@id\":\"https:\\\/\\\/www.bellunopress.it\\\/#website\"},\"primaryImageOfPage\":{\"@id\":\"https:\\\/\\\/www.bellunopress.it\\\/2024\\\/12\\\/25\\\/coppa-brema-ondablu-5-fra-le-femmine-e-6-fra-i-maschi-del-concentramento-veneto-c-a-vicenza-22-i-podi-conquistati\\\/#primaryimage\"},\"image\":{\"@id\":\"https:\\\/\\\/www.bellunopress.it\\\/2024\\\/12\\\/25\\\/coppa-brema-ondablu-5-fra-le-femmine-e-6-fra-i-maschi-del-concentramento-veneto-c-a-vicenza-22-i-podi-conquistati\\\/#primaryimage\"},\"thumbnailUrl\":\"https:\\\/\\\/www.bellunopress.it\\\/wp-content\\\/uploads\\\/2024\\\/12\\\/Onda-Blu-coppa-brema_edited.jpg\",\"datePublished\":\"2024-12-25T19:38:33+00:00\",\"breadcrumb\":{\"@id\":\"https:\\\/\\\/www.bellunopress.it\\\/2024\\\/12\\\/25\\\/coppa-brema-ondablu-5-fra-le-femmine-e-6-fra-i-maschi-del-concentramento-veneto-c-a-vicenza-22-i-podi-conquistati\\\/#breadcrumb\"},\"inLanguage\":\"fr-FR\",\"potentialAction\":[{\"@type\":\"ReadAction\",\"target\":[\"https:\\\/\\\/www.bellunopress.it\\\/2024\\\/12\\\/25\\\/coppa-brema-ondablu-5-fra-le-femmine-e-6-fra-i-maschi-del-concentramento-veneto-c-a-vicenza-22-i-podi-conquistati\\\/\"]}]},{\"@type\":\"ImageObject\",\"inLanguage\":\"fr-FR\",\"@id\":\"https:\\\/\\\/www.bellunopress.it\\\/2024\\\/12\\\/25\\\/coppa-brema-ondablu-5-fra-le-femmine-e-6-fra-i-maschi-del-concentramento-veneto-c-a-vicenza-22-i-podi-conquistati\\\/#primaryimage\",\"url\":\"https:\\\/\\\/www.bellunopress.it\\\/wp-content\\\/uploads\\\/2024\\\/12\\\/Onda-Blu-coppa-brema_edited.jpg\",\"contentUrl\":\"https:\\\/\\\/www.bellunopress.it\\\/wp-content\\\/uploads\\\/2024\\\/12\\\/Onda-Blu-coppa-brema_edited.jpg\",\"width\":1000,\"height\":485,\"caption\":\"Ondablu\"},{\"@type\":\"BreadcrumbList\",\"@id\":\"https:\\\/\\\/www.bellunopress.it\\\/2024\\\/12\\\/25\\\/coppa-brema-ondablu-5-fra-le-femmine-e-6-fra-i-maschi-del-concentramento-veneto-c-a-vicenza-22-i-podi-conquistati\\\/#breadcrumb\",\"itemListElement\":[{\"@type\":\"ListItem\",\"position\":1,\"name\":\"Home\",\"item\":\"https:\\\/\\\/www.bellunopress.it\\\/\"},{\"@type\":\"ListItem\",\"position\":2,\"name\":\"Coppa Brema. Ondablu 5^ fra le femmine e 6^ fra i maschi del concentramento veneto C a Vicenza. 22 i podi conquistati.\"}]},{\"@type\":\"WebSite\",\"@id\":\"https:\\\/\\\/www.bellunopress.it\\\/#website\",\"url\":\"https:\\\/\\\/www.bellunopress.it\\\/\",\"name\":\"Bellunopress - Dolomiti\",\"description\":\"e-mail: redazione@bellunopress.it\",\"publisher\":{\"@id\":\"https:\\\/\\\/www.bellunopress.it\\\/#organization\"},\"potentialAction\":[{\"@type\":\"SearchAction\",\"target\":{\"@type\":\"EntryPoint\",\"urlTemplate\":\"https:\\\/\\\/www.bellunopress.it\\\/?s={search_term_string}\"},\"query-input\":{\"@type\":\"PropertyValueSpecification\",\"valueRequired\":true,\"valueName\":\"search_term_string\"}}],\"inLanguage\":\"fr-FR\"},{\"@type\":\"Organization\",\"@id\":\"https:\\\/\\\/www.bellunopress.it\\\/#organization\",\"name\":\"Bellunopress\",\"url\":\"https:\\\/\\\/www.bellunopress.it\\\/\",\"logo\":{\"@type\":\"ImageObject\",\"inLanguage\":\"fr-FR\",\"@id\":\"https:\\\/\\\/www.bellunopress.it\\\/#\\\/schema\\\/logo\\\/image\\\/\",\"url\":\"https:\\\/\\\/www.bellunopress.it\\\/wp-content\\\/uploads\\\/2011\\\/05\\\/cropped-logo-bellunopress-.jpg\",\"contentUrl\":\"https:\\\/\\\/www.bellunopress.it\\\/wp-content\\\/uploads\\\/2011\\\/05\\\/cropped-logo-bellunopress-.jpg\",\"width\":512,\"height\":512,\"caption\":\"Bellunopress\"},\"image\":{\"@id\":\"https:\\\/\\\/www.bellunopress.it\\\/#\\\/schema\\\/logo\\\/image\\\/\"},\"sameAs\":[\"https:\\\/\\\/www.facebook.com\\\/profile.php?id=100008943462799\",\"https:\\\/\\\/x.com\\\/bellunopress\",\"https:\\\/\\\/www.linkedin.com\\\/hp\\\/?dnr=JBzUWaJfMUw8vbXJJ2tVW5-I3jZKvC4wsoxE&amp;amp;amp;amp;amp;amp;trk=nav_responsive_tab_home\",\"https:\\\/\\\/www.youtube.com\\\/channel\\\/UCxL0wu1uN0_3_7hGG0306cw\"]},{\"@type\":\"Person\",\"@id\":\"https:\\\/\\\/www.bellunopress.it\\\/#\\\/schema\\\/person\\\/79bb06722b37ece1c03d3e94beb30d73\",\"name\":\"redazione\",\"image\":{\"@type\":\"ImageObject\",\"inLanguage\":\"fr-FR\",\"@id\":\"https:\\\/\\\/secure.gravatar.com\\\/avatar\\\/37d968a2e67a6fd04c169c4bdef102d0bc5d31b2546345219e348575eb80e9a0?s=96&d=mm&r=g\",\"url\":\"https:\\\/\\\/secure.gravatar.com\\\/avatar\\\/37d968a2e67a6fd04c169c4bdef102d0bc5d31b2546345219e348575eb80e9a0?s=96&d=mm&r=g\",\"contentUrl\":\"https:\\\/\\\/secure.gravatar.com\\\/avatar\\\/37d968a2e67a6fd04c169c4bdef102d0bc5d31b2546345219e348575eb80e9a0?s=96&d=mm&r=g\",\"caption\":\"redazione\"},\"sameAs\":[\"http:\\\/\\\/www.bellunopress.it\",\"https:\\\/\\\/x.com\\\/bellunopress\"],\"url\":\"https:\\\/\\\/www.bellunopress.it\\\/fr\\\/author\\\/redazione\\\/\"}]}<\/script>\n<!-- \/ Yoast SEO plugin. -->","yoast_head_json":{"title":"Coppa Brema. Ondablu 5^ fra le femmine e 6^ fra i maschi del concentramento veneto C a Vicenza. 22 i podi conquistati. - Bellunopress - Dolomiti","robots":{"index":"index","follow":"follow","max-snippet":"max-snippet:-1","max-image-preview":"max-image-preview:large","max-video-preview":"max-video-preview:-1"},"canonical":"https:\/\/www.bellunopress.it\/fr\/2024\/12\/25\/coppa-brema-ondablu-5-fra-le-femmine-e-6-fra-i-maschi-del-concentramento-veneto-c-a-vicenza-22-i-podi-conquistati\/","og_locale":"fr_FR","og_type":"article","og_title":"Coppa Brema. Ondablu 5^ fra le femmine e 6^ fra i maschi del concentramento veneto C a Vicenza. 22 i podi conquistati. - Bellunopress - Dolomiti","og_description":"Settore agonistico stagione 2024- 2025\u00a0 Coppa Brema. Ondablu 5^ fra le femmine e 6^ fra i maschi del concentramento veneto C a Vicenza. 22 i podi conquistati. Oro per Riccardo Biscaro, Davide Dal Pan, Nicole Dalla Rosa, Emma De Marco, Alessandro Della Vecchia, Oleksandra Kolodchak. Santa Giustina, 23 dicembre 2024.\u00a0 \u00a0 \u00a0Buoni i risultati degli [&hellip;]","og_url":"https:\/\/www.bellunopress.it\/fr\/2024\/12\/25\/coppa-brema-ondablu-5-fra-le-femmine-e-6-fra-i-maschi-del-concentramento-veneto-c-a-vicenza-22-i-podi-conquistati\/","og_site_name":"Bellunopress - Dolomiti","article_publisher":"https:\/\/www.facebook.com\/profile.php?id=100008943462799","article_published_time":"2024-12-25T19:38:33+00:00","og_image":[{"width":1000,"height":485,"url":"https:\/\/www.bellunopress.it\/wp-content\/uploads\/2024\/12\/Onda-Blu-coppa-brema_edited.jpg","type":"image\/jpeg"}],"author":"redazione","twitter_card":"summary_large_image","twitter_creator":"@bellunopress","twitter_site":"@bellunopress","twitter_misc":{"\u00c9crit par":"redazione","Dur\u00e9e de lecture estim\u00e9e":"1 minute"},"schema":{"@context":"https:\/\/schema.org","@graph":[{"@type":"Article","@id":"https:\/\/www.bellunopress.it\/2024\/12\/25\/coppa-brema-ondablu-5-fra-le-femmine-e-6-fra-i-maschi-del-concentramento-veneto-c-a-vicenza-22-i-podi-conquistati\/#article","isPartOf":{"@id":"https:\/\/www.bellunopress.it\/2024\/12\/25\/coppa-brema-ondablu-5-fra-le-femmine-e-6-fra-i-maschi-del-concentramento-veneto-c-a-vicenza-22-i-podi-conquistati\/"},"author":{"name":"redazione","@id":"https:\/\/www.bellunopress.it\/#\/schema\/person\/79bb06722b37ece1c03d3e94beb30d73"},"headline":"Coppa Brema. Ondablu 5^ fra le femmine e 6^ fra i maschi del concentramento veneto C a Vicenza. 22 i podi conquistati.","datePublished":"2024-12-25T19:38:33+00:00","mainEntityOfPage":{"@id":"https:\/\/www.bellunopress.it\/2024\/12\/25\/coppa-brema-ondablu-5-fra-le-femmine-e-6-fra-i-maschi-del-concentramento-veneto-c-a-vicenza-22-i-podi-conquistati\/"},"wordCount":322,"publisher":{"@id":"https:\/\/www.bellunopress.it\/#organization"},"image":{"@id":"https:\/\/www.bellunopress.it\/2024\/12\/25\/coppa-brema-ondablu-5-fra-le-femmine-e-6-fra-i-maschi-del-concentramento-veneto-c-a-vicenza-22-i-podi-conquistati\/#primaryimage"},"thumbnailUrl":"https:\/\/www.bellunopress.it\/wp-content\/uploads\/2024\/12\/Onda-Blu-coppa-brema_edited.jpg","articleSection":["Sport, tempo libero"],"inLanguage":"fr-FR"},{"@type":"WebPage","@id":"https:\/\/www.bellunopress.it\/2024\/12\/25\/coppa-brema-ondablu-5-fra-le-femmine-e-6-fra-i-maschi-del-concentramento-veneto-c-a-vicenza-22-i-podi-conquistati\/","url":"https:\/\/www.bellunopress.it\/2024\/12\/25\/coppa-brema-ondablu-5-fra-le-femmine-e-6-fra-i-maschi-del-concentramento-veneto-c-a-vicenza-22-i-podi-conquistati\/","name":"Coppa Brema. Ondablu 5^ fra le femmine e 6^ fra i maschi del concentramento veneto C a Vicenza. 22 i podi conquistati. - Bellunopress - Dolomiti","isPartOf":{"@id":"https:\/\/www.bellunopress.it\/#website"},"primaryImageOfPage":{"@id":"https:\/\/www.bellunopress.it\/2024\/12\/25\/coppa-brema-ondablu-5-fra-le-femmine-e-6-fra-i-maschi-del-concentramento-veneto-c-a-vicenza-22-i-podi-conquistati\/#primaryimage"},"image":{"@id":"https:\/\/www.bellunopress.it\/2024\/12\/25\/coppa-brema-ondablu-5-fra-le-femmine-e-6-fra-i-maschi-del-concentramento-veneto-c-a-vicenza-22-i-podi-conquistati\/#primaryimage"},"thumbnailUrl":"https:\/\/www.bellunopress.it\/wp-content\/uploads\/2024\/12\/Onda-Blu-coppa-brema_edited.jpg","datePublished":"2024-12-25T19:38:33+00:00","breadcrumb":{"@id":"https:\/\/www.bellunopress.it\/2024\/12\/25\/coppa-brema-ondablu-5-fra-le-femmine-e-6-fra-i-maschi-del-concentramento-veneto-c-a-vicenza-22-i-podi-conquistati\/#breadcrumb"},"inLanguage":"fr-FR","potentialAction":[{"@type":"ReadAction","target":["https:\/\/www.bellunopress.it\/2024\/12\/25\/coppa-brema-ondablu-5-fra-le-femmine-e-6-fra-i-maschi-del-concentramento-veneto-c-a-vicenza-22-i-podi-conquistati\/"]}]},{"@type":"ImageObject","inLanguage":"fr-FR","@id":"https:\/\/www.bellunopress.it\/2024\/12\/25\/coppa-brema-ondablu-5-fra-le-femmine-e-6-fra-i-maschi-del-concentramento-veneto-c-a-vicenza-22-i-podi-conquistati\/#primaryimage","url":"https:\/\/www.bellunopress.it\/wp-content\/uploads\/2024\/12\/Onda-Blu-coppa-brema_edited.jpg","contentUrl":"https:\/\/www.bellunopress.it\/wp-content\/uploads\/2024\/12\/Onda-Blu-coppa-brema_edited.jpg","width":1000,"height":485,"caption":"Ondablu"},{"@type":"BreadcrumbList","@id":"https:\/\/www.bellunopress.it\/2024\/12\/25\/coppa-brema-ondablu-5-fra-le-femmine-e-6-fra-i-maschi-del-concentramento-veneto-c-a-vicenza-22-i-podi-conquistati\/#breadcrumb","itemListElement":[{"@type":"ListItem","position":1,"name":"Home","item":"https:\/\/www.bellunopress.it\/"},{"@type":"ListItem","position":2,"name":"Coppa Brema. Ondablu 5^ fra le femmine e 6^ fra i maschi del concentramento veneto C a Vicenza. 22 i podi conquistati."}]},{"@type":"WebSite","@id":"https:\/\/www.bellunopress.it\/#website","url":"https:\/\/www.bellunopress.it\/","name":"Bellunopress - Dolomiti","description":"e-mail: redazione@bellunopress.it","publisher":{"@id":"https:\/\/www.bellunopress.it\/#organization"},"potentialAction":[{"@type":"SearchAction","target":{"@type":"EntryPoint","urlTemplate":"https:\/\/www.bellunopress.it\/?s={search_term_string}"},"query-input":{"@type":"PropertyValueSpecification","valueRequired":true,"valueName":"search_term_string"}}],"inLanguage":"fr-FR"},{"@type":"Organization","@id":"https:\/\/www.bellunopress.it\/#organization","name":"Bellunopress","url":"https:\/\/www.bellunopress.it\/","logo":{"@type":"ImageObject","inLanguage":"fr-FR","@id":"https:\/\/www.bellunopress.it\/#\/schema\/logo\/image\/","url":"https:\/\/www.bellunopress.it\/wp-content\/uploads\/2011\/05\/cropped-logo-bellunopress-.jpg","contentUrl":"https:\/\/www.bellunopress.it\/wp-content\/uploads\/2011\/05\/cropped-logo-bellunopress-.jpg","width":512,"height":512,"caption":"Bellunopress"},"image":{"@id":"https:\/\/www.bellunopress.it\/#\/schema\/logo\/image\/"},"sameAs":["https:\/\/www.facebook.com\/profile.php?id=100008943462799","https:\/\/x.com\/bellunopress","https:\/\/www.linkedin.com\/hp\/?dnr=JBzUWaJfMUw8vbXJJ2tVW5-I3jZKvC4wsoxE&amp;amp;amp;amp;amp;amp;trk=nav_responsive_tab_home","https:\/\/www.youtube.com\/channel\/UCxL0wu1uN0_3_7hGG0306cw"]},{"@type":"Person","@id":"https:\/\/www.bellunopress.it\/#\/schema\/person\/79bb06722b37ece1c03d3e94beb30d73","name":"r\u00e9daction","image":{"@type":"ImageObject","inLanguage":"fr-FR","@id":"https:\/\/secure.gravatar.com\/avatar\/37d968a2e67a6fd04c169c4bdef102d0bc5d31b2546345219e348575eb80e9a0?s=96&d=mm&r=g","url":"https:\/\/secure.gravatar.com\/avatar\/37d968a2e67a6fd04c169c4bdef102d0bc5d31b2546345219e348575eb80e9a0?s=96&d=mm&r=g","contentUrl":"https:\/\/secure.gravatar.com\/avatar\/37d968a2e67a6fd04c169c4bdef102d0bc5d31b2546345219e348575eb80e9a0?s=96&d=mm&r=g","caption":"redazione"},"sameAs":["http:\/\/www.bellunopress.it","https:\/\/x.com\/bellunopress"],"url":"https:\/\/www.bellunopress.it\/fr\/author\/redazione\/"}]}},"_links":{"self":[{"href":"https:\/\/www.bellunopress.it\/fr\/wp-json\/wp\/v2\/posts\/156541","targetHints":{"allow":["GET"]}}],"collection":[{"href":"https:\/\/www.bellunopress.it\/fr\/wp-json\/wp\/v2\/posts"}],"about":[{"href":"https:\/\/www.bellunopress.it\/fr\/wp-json\/wp\/v2\/types\/post"}],"author":[{"embeddable":true,"href":"https:\/\/www.bellunopress.it\/fr\/wp-json\/wp\/v2\/users\/2"}],"replies":[{"embeddable":true,"href":"https:\/\/www.bellunopress.it\/fr\/wp-json\/wp\/v2\/comments?post=156541"}],"version-history":[{"count":1,"href":"https:\/\/www.bellunopress.it\/fr\/wp-json\/wp\/v2\/posts\/156541\/revisions"}],"predecessor-version":[{"id":156543,"href":"https:\/\/www.bellunopress.it\/fr\/wp-json\/wp\/v2\/posts\/156541\/revisions\/156543"}],"wp:featuredmedia":[{"embeddable":true,"href":"https:\/\/www.bellunopress.it\/fr\/wp-json\/wp\/v2\/media\/156542"}],"wp:attachment":[{"href":"https:\/\/www.bellunopress.it\/fr\/wp-json\/wp\/v2\/media?parent=156541"}],"wp:term":[{"taxonomy":"category","embeddable":true,"href":"https:\/\/www.bellunopress.it\/fr\/wp-json\/wp\/v2\/categories?post=156541"},{"taxonomy":"post_tag","embeddable":true,"href":"https:\/\/www.bellunopress.it\/fr\/wp-json\/wp\/v2\/tags?post=156541"}],"curies":[{"name":"wp","href":"https:\/\/api.w.org\/{rel}","templated":true}]}}