{"id":156536,"date":"2024-12-25T20:21:37","date_gmt":"2024-12-25T19:21:37","guid":{"rendered":"https:\/\/www.bellunopress.it\/?p=156536"},"modified":"2024-12-25T20:21:37","modified_gmt":"2024-12-25T19:21:37","slug":"cinzia-vecellio-mattia-di-auronzo-di-cadore-e-antonietta-crepaz-di-valle-di-cadore-si-distinguono-a-roma-al-concorso-salva-la-tua-lingua-locale","status":"publish","type":"post","link":"https:\/\/www.bellunopress.it\/fr\/2024\/12\/25\/cinzia-vecellio-mattia-di-auronzo-di-cadore-e-antonietta-crepaz-di-valle-di-cadore-si-distinguono-a-roma-al-concorso-salva-la-tua-lingua-locale\/","title":{"rendered":"Cinzia Vecellio Mattia di Auronzo di Cadore e Antonietta Crepaz di Valle di Cadore si distinguono a Roma al concorso \u201cSalva la tua lingua locale\u201d"},"content":{"rendered":"<figure id=\"attachment_156537\" aria-describedby=\"caption-attachment-156537\" style=\"width: 1000px\" class=\"wp-caption aligncenter\"><img loading=\"lazy\" decoding=\"async\" class=\"size-full wp-image-156537\" src=\"https:\/\/www.bellunopress.it\/wp-content\/uploads\/2024\/12\/premiate-e-autorita_edited.jpg\" alt=\"\" width=\"1000\" height=\"892\" srcset=\"https:\/\/www.bellunopress.it\/wp-content\/uploads\/2024\/12\/premiate-e-autorita_edited.jpg 1000w, https:\/\/www.bellunopress.it\/wp-content\/uploads\/2024\/12\/premiate-e-autorita_edited-500x446.jpg 500w, https:\/\/www.bellunopress.it\/wp-content\/uploads\/2024\/12\/premiate-e-autorita_edited-471x420.jpg 471w, https:\/\/www.bellunopress.it\/wp-content\/uploads\/2024\/12\/premiate-e-autorita_edited-696x621.jpg 696w\" sizes=\"auto, (max-width: 1000px) 100vw, 1000px\" \/><figcaption id=\"caption-attachment-156537\" class=\"wp-caption-text\">Cinzia Vecellio Mattia di Auronzo di Cadore e Antonietta Crepaz di Valle di Cadore premiate a Roma al concorso \u201cSalva la tua lingua locale\u201d<\/figcaption><\/figure>\n<p><strong>Il presidente Unpli Belluno Davide Praloran: \u00abImportante tutelare le minoranze linguistiche\u00bb<\/strong><\/p>\n<p>Brillanti risultati per il Bellunese alla dodicesima edizione del Premio letterario nazionale \u201cSalva la tua lingua locale\u201d promosso da Unione Nazionale delle Pro Loco d\u2019Italia e ALI Lazio \u2013 Autonomie Locali Italiane, in collaborazione con il Centro Internazionale \u201cEugenio Montale\u201d.<br \/>\nAnche Unpli Belluno ha coinvolto le Pro Loco Bellunesi, motivandole a partecipare a questo importante premio aperto a tutti gli autori con lo scopo di salvaguardare uno dei dialetti o delle lingue locali d\u2019Italia.<\/p>\n<p>Un importante risultato \u00e8 andato a Cinzia Vecellio Mattia della Pro Loco di Auronzo di Cadore, che ha ottenuto un secondo posto ex aequo nella sezione \u201ctesi di laurea\u201d, intitolata a Tullio De Mauro, con il suo lavoro del 2021 dal titolo \u201cL\u2019Istituto Ladin de la Dolomites\u201d, che tratta dell\u2019istituto provinciale, con sede a Borca di Cadore, che tutela e promuove le minoranze linguistiche storiche e le tradizioni locali delle comunit\u00e0 ladine. In particolare, il lavoro di tesi \u00e8 stato premiato per la valorizzazione e la salvaguardia del ladino bellunese (il primo posto \u00e8 andato a un lavoro inerente il dialetto genovese).<\/p>\n<p>Soddisfazione anche per la poetessa fodoma Antonietta Crepaz, della Pro Loco Valle di Cadore, finalista nella sezione \u201cpoesia\u201d per la scelta di presentare un componimento scritto in una lingua minoritaria, cio\u00e8 il Ladino nella variante Fodom.<\/p>\n<p>Menzioni speciali ad alcune Pro Loco per aver egregiamente diffuso il premio: sono quelle di Alleghe, Auronzo di Cadore, Gosaldo Dolomiti, Valle di Cadore, Canale d\u2019Agordo; stessa menzione anche all\u2019Union Ladina Agordin Sotciusa.<\/p>\n<p>La cerimonia di premiazione si \u00e8 svolta di recente a Roma presso la Sala della Protomoteca, in Campidoglio, alla presenza del presidente nazionale Antonino La Spina, del presidente Unpli Veneto Rino Furlan e del presidente Unpli Belluno Davide Praloran, che ha dichiarato: \u00abCongratulazioni alle Pro Loco che hanno aiutato nel promuovere e diffondere l\u2019iniziativa e anche ai partecipanti al concorso.<\/p>\n<p>Un plauso particolare va a Cinzia Vecellio Mattia e ad Antonietta Crepaz per aver saputo valorizzare cos\u00ec efficacemente delle lingue minoritarie e dialetti locali, oltre agli enti che li preservano, peculiarit\u00e0 del nostro territorio la cui tutela \u00e8 uno dei compiti culturali cui sono chiamate anche le Pro Loco\u00bb.<\/p>\n<p>L\u2019edizione 2024, come confermato dal segretario del Premio Gabriele Desiderio, si \u00e8 chiusa con un numero importante di partecipanti, oltre 400, cos\u00ec suddivisi nelle diverse sezioni: Premio Tullio De Mauro (58), Poesia edita (26), Prosa edita (24), Musica (39), Teatro (40), Poesia inedita (211), Prosa inedita (40). Il lavoro delle diverse giurie \u00e8 stato complesso e articolato, visto l\u2019alto numero di concorrenti e la variet\u00e0 dei lavori pervenuti, e ha restituito come sempre uno spaccato importante delle lingue locali e dei dialetti a oggi utilizzati nel nostro paese.<\/p>\n<p>&nbsp;<\/p>","protected":false},"excerpt":{"rendered":"<p>Il presidente Unpli Belluno Davide Praloran: \u00abImportante tutelare le minoranze linguistiche\u00bb Brillanti risultati per il Bellunese alla dodicesima edizione del Premio letterario nazionale \u201cSalva la tua lingua locale\u201d promosso da Unione Nazionale delle Pro Loco d\u2019Italia e ALI Lazio \u2013 Autonomie Locali Italiane, in collaborazione con il Centro Internazionale \u201cEugenio Montale\u201d. Anche Unpli Belluno ha [&hellip;]<\/p>\n","protected":false},"author":2,"featured_media":156537,"comment_status":"closed","ping_status":"open","sticky":false,"template":"","format":"standard","meta":{"footnotes":""},"categories":[3,25],"tags":[],"class_list":["post-156536","post","type-post","status-publish","format-standard","has-post-thumbnail","category-arte-cultura-spettacoli-scienza-archivi","category-pausa-caffe"],"yoast_head":"<!-- This site is optimized with the Yoast SEO plugin v28.4 - https:\/\/yoast.com\/product\/yoast-seo-wordpress\/ -->\n<title>Cinzia Vecellio Mattia di Auronzo di Cadore e Antonietta Crepaz di Valle di Cadore si distinguono a Roma al concorso \u201cSalva la tua lingua locale\u201d - Bellunopress - Dolomiti<\/title>\n<meta name=\"robots\" content=\"index, follow, max-snippet:-1, max-image-preview:large, max-video-preview:-1\" \/>\n<link rel=\"canonical\" href=\"https:\/\/www.bellunopress.it\/fr\/2024\/12\/25\/cinzia-vecellio-mattia-di-auronzo-di-cadore-e-antonietta-crepaz-di-valle-di-cadore-si-distinguono-a-roma-al-concorso-salva-la-tua-lingua-locale\/\" \/>\n<meta property=\"og:locale\" content=\"fr_FR\" \/>\n<meta property=\"og:type\" content=\"article\" \/>\n<meta property=\"og:title\" content=\"Cinzia Vecellio Mattia di Auronzo di Cadore e Antonietta Crepaz di Valle di Cadore si distinguono a Roma al concorso \u201cSalva la tua lingua locale\u201d - Bellunopress - Dolomiti\" \/>\n<meta property=\"og:description\" content=\"Il presidente Unpli Belluno Davide Praloran: \u00abImportante tutelare le minoranze linguistiche\u00bb Brillanti risultati per il Bellunese alla dodicesima edizione del Premio letterario nazionale \u201cSalva la tua lingua locale\u201d promosso da Unione Nazionale delle Pro Loco d\u2019Italia e ALI Lazio \u2013 Autonomie Locali Italiane, in collaborazione con il Centro Internazionale \u201cEugenio Montale\u201d. Anche Unpli Belluno ha [&hellip;]\" \/>\n<meta property=\"og:url\" content=\"https:\/\/www.bellunopress.it\/fr\/2024\/12\/25\/cinzia-vecellio-mattia-di-auronzo-di-cadore-e-antonietta-crepaz-di-valle-di-cadore-si-distinguono-a-roma-al-concorso-salva-la-tua-lingua-locale\/\" \/>\n<meta property=\"og:site_name\" content=\"Bellunopress - Dolomiti\" \/>\n<meta property=\"article:publisher\" content=\"https:\/\/www.facebook.com\/profile.php?id=100008943462799\" \/>\n<meta property=\"article:published_time\" content=\"2024-12-25T19:21:37+00:00\" \/>\n<meta property=\"og:image\" content=\"https:\/\/www.bellunopress.it\/wp-content\/uploads\/2024\/12\/premiate-e-autorita_edited.jpg\" \/>\n\t<meta property=\"og:image:width\" content=\"1000\" \/>\n\t<meta property=\"og:image:height\" content=\"892\" \/>\n\t<meta property=\"og:image:type\" content=\"image\/jpeg\" \/>\n<meta name=\"author\" content=\"redazione\" \/>\n<meta name=\"twitter:card\" content=\"summary_large_image\" \/>\n<meta name=\"twitter:creator\" content=\"@bellunopress\" \/>\n<meta name=\"twitter:site\" content=\"@bellunopress\" \/>\n<meta name=\"twitter:label1\" content=\"\u00c9crit par\" \/>\n\t<meta name=\"twitter:data1\" content=\"redazione\" \/>\n\t<meta name=\"twitter:label2\" content=\"Dur\u00e9e de lecture estim\u00e9e\" \/>\n\t<meta name=\"twitter:data2\" content=\"2 minutes\" \/>\n<script type=\"application\/ld+json\" class=\"yoast-schema-graph\">{\"@context\":\"https:\\\/\\\/schema.org\",\"@graph\":[{\"@type\":\"Article\",\"@id\":\"https:\\\/\\\/www.bellunopress.it\\\/2024\\\/12\\\/25\\\/cinzia-vecellio-mattia-di-auronzo-di-cadore-e-antonietta-crepaz-di-valle-di-cadore-si-distinguono-a-roma-al-concorso-salva-la-tua-lingua-locale\\\/#article\",\"isPartOf\":{\"@id\":\"https:\\\/\\\/www.bellunopress.it\\\/2024\\\/12\\\/25\\\/cinzia-vecellio-mattia-di-auronzo-di-cadore-e-antonietta-crepaz-di-valle-di-cadore-si-distinguono-a-roma-al-concorso-salva-la-tua-lingua-locale\\\/\"},\"author\":{\"name\":\"redazione\",\"@id\":\"https:\\\/\\\/www.bellunopress.it\\\/#\\\/schema\\\/person\\\/79bb06722b37ece1c03d3e94beb30d73\"},\"headline\":\"Cinzia Vecellio Mattia di Auronzo di Cadore e Antonietta Crepaz di Valle di Cadore si distinguono a Roma al concorso \u201cSalva la tua lingua locale\u201d\",\"datePublished\":\"2024-12-25T19:21:37+00:00\",\"mainEntityOfPage\":{\"@id\":\"https:\\\/\\\/www.bellunopress.it\\\/2024\\\/12\\\/25\\\/cinzia-vecellio-mattia-di-auronzo-di-cadore-e-antonietta-crepaz-di-valle-di-cadore-si-distinguono-a-roma-al-concorso-salva-la-tua-lingua-locale\\\/\"},\"wordCount\":501,\"publisher\":{\"@id\":\"https:\\\/\\\/www.bellunopress.it\\\/#organization\"},\"image\":{\"@id\":\"https:\\\/\\\/www.bellunopress.it\\\/2024\\\/12\\\/25\\\/cinzia-vecellio-mattia-di-auronzo-di-cadore-e-antonietta-crepaz-di-valle-di-cadore-si-distinguono-a-roma-al-concorso-salva-la-tua-lingua-locale\\\/#primaryimage\"},\"thumbnailUrl\":\"https:\\\/\\\/www.bellunopress.it\\\/wp-content\\\/uploads\\\/2024\\\/12\\\/premiate-e-autorita_edited.jpg\",\"articleSection\":[\"Arte, Cultura, Spettacoli, Scienza\",\"Pausa Caff\u00e8\"],\"inLanguage\":\"fr-FR\"},{\"@type\":\"WebPage\",\"@id\":\"https:\\\/\\\/www.bellunopress.it\\\/2024\\\/12\\\/25\\\/cinzia-vecellio-mattia-di-auronzo-di-cadore-e-antonietta-crepaz-di-valle-di-cadore-si-distinguono-a-roma-al-concorso-salva-la-tua-lingua-locale\\\/\",\"url\":\"https:\\\/\\\/www.bellunopress.it\\\/2024\\\/12\\\/25\\\/cinzia-vecellio-mattia-di-auronzo-di-cadore-e-antonietta-crepaz-di-valle-di-cadore-si-distinguono-a-roma-al-concorso-salva-la-tua-lingua-locale\\\/\",\"name\":\"Cinzia Vecellio Mattia di Auronzo di Cadore e Antonietta Crepaz di Valle di Cadore si distinguono a Roma al concorso \u201cSalva la tua lingua locale\u201d - Bellunopress - Dolomiti\",\"isPartOf\":{\"@id\":\"https:\\\/\\\/www.bellunopress.it\\\/#website\"},\"primaryImageOfPage\":{\"@id\":\"https:\\\/\\\/www.bellunopress.it\\\/2024\\\/12\\\/25\\\/cinzia-vecellio-mattia-di-auronzo-di-cadore-e-antonietta-crepaz-di-valle-di-cadore-si-distinguono-a-roma-al-concorso-salva-la-tua-lingua-locale\\\/#primaryimage\"},\"image\":{\"@id\":\"https:\\\/\\\/www.bellunopress.it\\\/2024\\\/12\\\/25\\\/cinzia-vecellio-mattia-di-auronzo-di-cadore-e-antonietta-crepaz-di-valle-di-cadore-si-distinguono-a-roma-al-concorso-salva-la-tua-lingua-locale\\\/#primaryimage\"},\"thumbnailUrl\":\"https:\\\/\\\/www.bellunopress.it\\\/wp-content\\\/uploads\\\/2024\\\/12\\\/premiate-e-autorita_edited.jpg\",\"datePublished\":\"2024-12-25T19:21:37+00:00\",\"breadcrumb\":{\"@id\":\"https:\\\/\\\/www.bellunopress.it\\\/2024\\\/12\\\/25\\\/cinzia-vecellio-mattia-di-auronzo-di-cadore-e-antonietta-crepaz-di-valle-di-cadore-si-distinguono-a-roma-al-concorso-salva-la-tua-lingua-locale\\\/#breadcrumb\"},\"inLanguage\":\"fr-FR\",\"potentialAction\":[{\"@type\":\"ReadAction\",\"target\":[\"https:\\\/\\\/www.bellunopress.it\\\/2024\\\/12\\\/25\\\/cinzia-vecellio-mattia-di-auronzo-di-cadore-e-antonietta-crepaz-di-valle-di-cadore-si-distinguono-a-roma-al-concorso-salva-la-tua-lingua-locale\\\/\"]}]},{\"@type\":\"ImageObject\",\"inLanguage\":\"fr-FR\",\"@id\":\"https:\\\/\\\/www.bellunopress.it\\\/2024\\\/12\\\/25\\\/cinzia-vecellio-mattia-di-auronzo-di-cadore-e-antonietta-crepaz-di-valle-di-cadore-si-distinguono-a-roma-al-concorso-salva-la-tua-lingua-locale\\\/#primaryimage\",\"url\":\"https:\\\/\\\/www.bellunopress.it\\\/wp-content\\\/uploads\\\/2024\\\/12\\\/premiate-e-autorita_edited.jpg\",\"contentUrl\":\"https:\\\/\\\/www.bellunopress.it\\\/wp-content\\\/uploads\\\/2024\\\/12\\\/premiate-e-autorita_edited.jpg\",\"width\":1000,\"height\":892,\"caption\":\"Cinzia Vecellio Mattia di Auronzo di Cadore e Antonietta Crepaz di Valle di Cadore premiate a Roma al concorso \u201cSalva la tua lingua locale\u201d\"},{\"@type\":\"BreadcrumbList\",\"@id\":\"https:\\\/\\\/www.bellunopress.it\\\/2024\\\/12\\\/25\\\/cinzia-vecellio-mattia-di-auronzo-di-cadore-e-antonietta-crepaz-di-valle-di-cadore-si-distinguono-a-roma-al-concorso-salva-la-tua-lingua-locale\\\/#breadcrumb\",\"itemListElement\":[{\"@type\":\"ListItem\",\"position\":1,\"name\":\"Home\",\"item\":\"https:\\\/\\\/www.bellunopress.it\\\/\"},{\"@type\":\"ListItem\",\"position\":2,\"name\":\"Cinzia Vecellio Mattia di Auronzo di Cadore e Antonietta Crepaz di Valle di Cadore si distinguono a Roma al concorso \u201cSalva la tua lingua locale\u201d\"}]},{\"@type\":\"WebSite\",\"@id\":\"https:\\\/\\\/www.bellunopress.it\\\/#website\",\"url\":\"https:\\\/\\\/www.bellunopress.it\\\/\",\"name\":\"Bellunopress - Dolomiti\",\"description\":\"e-mail: redazione@bellunopress.it\",\"publisher\":{\"@id\":\"https:\\\/\\\/www.bellunopress.it\\\/#organization\"},\"potentialAction\":[{\"@type\":\"SearchAction\",\"target\":{\"@type\":\"EntryPoint\",\"urlTemplate\":\"https:\\\/\\\/www.bellunopress.it\\\/?s={search_term_string}\"},\"query-input\":{\"@type\":\"PropertyValueSpecification\",\"valueRequired\":true,\"valueName\":\"search_term_string\"}}],\"inLanguage\":\"fr-FR\"},{\"@type\":\"Organization\",\"@id\":\"https:\\\/\\\/www.bellunopress.it\\\/#organization\",\"name\":\"Bellunopress\",\"url\":\"https:\\\/\\\/www.bellunopress.it\\\/\",\"logo\":{\"@type\":\"ImageObject\",\"inLanguage\":\"fr-FR\",\"@id\":\"https:\\\/\\\/www.bellunopress.it\\\/#\\\/schema\\\/logo\\\/image\\\/\",\"url\":\"https:\\\/\\\/www.bellunopress.it\\\/wp-content\\\/uploads\\\/2011\\\/05\\\/cropped-logo-bellunopress-.jpg\",\"contentUrl\":\"https:\\\/\\\/www.bellunopress.it\\\/wp-content\\\/uploads\\\/2011\\\/05\\\/cropped-logo-bellunopress-.jpg\",\"width\":512,\"height\":512,\"caption\":\"Bellunopress\"},\"image\":{\"@id\":\"https:\\\/\\\/www.bellunopress.it\\\/#\\\/schema\\\/logo\\\/image\\\/\"},\"sameAs\":[\"https:\\\/\\\/www.facebook.com\\\/profile.php?id=100008943462799\",\"https:\\\/\\\/x.com\\\/bellunopress\",\"https:\\\/\\\/www.linkedin.com\\\/hp\\\/?dnr=JBzUWaJfMUw8vbXJJ2tVW5-I3jZKvC4wsoxE&amp;amp;amp;amp;amp;amp;trk=nav_responsive_tab_home\",\"https:\\\/\\\/www.youtube.com\\\/channel\\\/UCxL0wu1uN0_3_7hGG0306cw\"]},{\"@type\":\"Person\",\"@id\":\"https:\\\/\\\/www.bellunopress.it\\\/#\\\/schema\\\/person\\\/79bb06722b37ece1c03d3e94beb30d73\",\"name\":\"redazione\",\"image\":{\"@type\":\"ImageObject\",\"inLanguage\":\"fr-FR\",\"@id\":\"https:\\\/\\\/secure.gravatar.com\\\/avatar\\\/37d968a2e67a6fd04c169c4bdef102d0bc5d31b2546345219e348575eb80e9a0?s=96&d=mm&r=g\",\"url\":\"https:\\\/\\\/secure.gravatar.com\\\/avatar\\\/37d968a2e67a6fd04c169c4bdef102d0bc5d31b2546345219e348575eb80e9a0?s=96&d=mm&r=g\",\"contentUrl\":\"https:\\\/\\\/secure.gravatar.com\\\/avatar\\\/37d968a2e67a6fd04c169c4bdef102d0bc5d31b2546345219e348575eb80e9a0?s=96&d=mm&r=g\",\"caption\":\"redazione\"},\"sameAs\":[\"http:\\\/\\\/www.bellunopress.it\",\"https:\\\/\\\/x.com\\\/bellunopress\"],\"url\":\"https:\\\/\\\/www.bellunopress.it\\\/fr\\\/author\\\/redazione\\\/\"}]}<\/script>\n<!-- \/ Yoast SEO plugin. -->","yoast_head_json":{"title":"Cinzia Vecellio Mattia di Auronzo di Cadore e Antonietta Crepaz di Valle di Cadore si distinguono a Roma al concorso \u201cSalva la tua lingua locale\u201d - Bellunopress - Dolomiti","robots":{"index":"index","follow":"follow","max-snippet":"max-snippet:-1","max-image-preview":"max-image-preview:large","max-video-preview":"max-video-preview:-1"},"canonical":"https:\/\/www.bellunopress.it\/fr\/2024\/12\/25\/cinzia-vecellio-mattia-di-auronzo-di-cadore-e-antonietta-crepaz-di-valle-di-cadore-si-distinguono-a-roma-al-concorso-salva-la-tua-lingua-locale\/","og_locale":"fr_FR","og_type":"article","og_title":"Cinzia Vecellio Mattia di Auronzo di Cadore e Antonietta Crepaz di Valle di Cadore si distinguono a Roma al concorso \u201cSalva la tua lingua locale\u201d - Bellunopress - Dolomiti","og_description":"Il presidente Unpli Belluno Davide Praloran: \u00abImportante tutelare le minoranze linguistiche\u00bb Brillanti risultati per il Bellunese alla dodicesima edizione del Premio letterario nazionale \u201cSalva la tua lingua locale\u201d promosso da Unione Nazionale delle Pro Loco d\u2019Italia e ALI Lazio \u2013 Autonomie Locali Italiane, in collaborazione con il Centro Internazionale \u201cEugenio Montale\u201d. Anche Unpli Belluno ha [&hellip;]","og_url":"https:\/\/www.bellunopress.it\/fr\/2024\/12\/25\/cinzia-vecellio-mattia-di-auronzo-di-cadore-e-antonietta-crepaz-di-valle-di-cadore-si-distinguono-a-roma-al-concorso-salva-la-tua-lingua-locale\/","og_site_name":"Bellunopress - Dolomiti","article_publisher":"https:\/\/www.facebook.com\/profile.php?id=100008943462799","article_published_time":"2024-12-25T19:21:37+00:00","og_image":[{"width":1000,"height":892,"url":"https:\/\/www.bellunopress.it\/wp-content\/uploads\/2024\/12\/premiate-e-autorita_edited.jpg","type":"image\/jpeg"}],"author":"redazione","twitter_card":"summary_large_image","twitter_creator":"@bellunopress","twitter_site":"@bellunopress","twitter_misc":{"\u00c9crit par":"redazione","Dur\u00e9e de lecture estim\u00e9e":"2 minutes"},"schema":{"@context":"https:\/\/schema.org","@graph":[{"@type":"Article","@id":"https:\/\/www.bellunopress.it\/2024\/12\/25\/cinzia-vecellio-mattia-di-auronzo-di-cadore-e-antonietta-crepaz-di-valle-di-cadore-si-distinguono-a-roma-al-concorso-salva-la-tua-lingua-locale\/#article","isPartOf":{"@id":"https:\/\/www.bellunopress.it\/2024\/12\/25\/cinzia-vecellio-mattia-di-auronzo-di-cadore-e-antonietta-crepaz-di-valle-di-cadore-si-distinguono-a-roma-al-concorso-salva-la-tua-lingua-locale\/"},"author":{"name":"redazione","@id":"https:\/\/www.bellunopress.it\/#\/schema\/person\/79bb06722b37ece1c03d3e94beb30d73"},"headline":"Cinzia Vecellio Mattia di Auronzo di Cadore e Antonietta Crepaz di Valle di Cadore si distinguono a Roma al concorso \u201cSalva la tua lingua locale\u201d","datePublished":"2024-12-25T19:21:37+00:00","mainEntityOfPage":{"@id":"https:\/\/www.bellunopress.it\/2024\/12\/25\/cinzia-vecellio-mattia-di-auronzo-di-cadore-e-antonietta-crepaz-di-valle-di-cadore-si-distinguono-a-roma-al-concorso-salva-la-tua-lingua-locale\/"},"wordCount":501,"publisher":{"@id":"https:\/\/www.bellunopress.it\/#organization"},"image":{"@id":"https:\/\/www.bellunopress.it\/2024\/12\/25\/cinzia-vecellio-mattia-di-auronzo-di-cadore-e-antonietta-crepaz-di-valle-di-cadore-si-distinguono-a-roma-al-concorso-salva-la-tua-lingua-locale\/#primaryimage"},"thumbnailUrl":"https:\/\/www.bellunopress.it\/wp-content\/uploads\/2024\/12\/premiate-e-autorita_edited.jpg","articleSection":["Arte, Cultura, Spettacoli, Scienza","Pausa Caff\u00e8"],"inLanguage":"fr-FR"},{"@type":"WebPage","@id":"https:\/\/www.bellunopress.it\/2024\/12\/25\/cinzia-vecellio-mattia-di-auronzo-di-cadore-e-antonietta-crepaz-di-valle-di-cadore-si-distinguono-a-roma-al-concorso-salva-la-tua-lingua-locale\/","url":"https:\/\/www.bellunopress.it\/2024\/12\/25\/cinzia-vecellio-mattia-di-auronzo-di-cadore-e-antonietta-crepaz-di-valle-di-cadore-si-distinguono-a-roma-al-concorso-salva-la-tua-lingua-locale\/","name":"Cinzia Vecellio Mattia di Auronzo di Cadore e Antonietta Crepaz di Valle di Cadore si distinguono a Roma al concorso \u201cSalva la tua lingua locale\u201d - Bellunopress - Dolomiti","isPartOf":{"@id":"https:\/\/www.bellunopress.it\/#website"},"primaryImageOfPage":{"@id":"https:\/\/www.bellunopress.it\/2024\/12\/25\/cinzia-vecellio-mattia-di-auronzo-di-cadore-e-antonietta-crepaz-di-valle-di-cadore-si-distinguono-a-roma-al-concorso-salva-la-tua-lingua-locale\/#primaryimage"},"image":{"@id":"https:\/\/www.bellunopress.it\/2024\/12\/25\/cinzia-vecellio-mattia-di-auronzo-di-cadore-e-antonietta-crepaz-di-valle-di-cadore-si-distinguono-a-roma-al-concorso-salva-la-tua-lingua-locale\/#primaryimage"},"thumbnailUrl":"https:\/\/www.bellunopress.it\/wp-content\/uploads\/2024\/12\/premiate-e-autorita_edited.jpg","datePublished":"2024-12-25T19:21:37+00:00","breadcrumb":{"@id":"https:\/\/www.bellunopress.it\/2024\/12\/25\/cinzia-vecellio-mattia-di-auronzo-di-cadore-e-antonietta-crepaz-di-valle-di-cadore-si-distinguono-a-roma-al-concorso-salva-la-tua-lingua-locale\/#breadcrumb"},"inLanguage":"fr-FR","potentialAction":[{"@type":"ReadAction","target":["https:\/\/www.bellunopress.it\/2024\/12\/25\/cinzia-vecellio-mattia-di-auronzo-di-cadore-e-antonietta-crepaz-di-valle-di-cadore-si-distinguono-a-roma-al-concorso-salva-la-tua-lingua-locale\/"]}]},{"@type":"ImageObject","inLanguage":"fr-FR","@id":"https:\/\/www.bellunopress.it\/2024\/12\/25\/cinzia-vecellio-mattia-di-auronzo-di-cadore-e-antonietta-crepaz-di-valle-di-cadore-si-distinguono-a-roma-al-concorso-salva-la-tua-lingua-locale\/#primaryimage","url":"https:\/\/www.bellunopress.it\/wp-content\/uploads\/2024\/12\/premiate-e-autorita_edited.jpg","contentUrl":"https:\/\/www.bellunopress.it\/wp-content\/uploads\/2024\/12\/premiate-e-autorita_edited.jpg","width":1000,"height":892,"caption":"Cinzia Vecellio Mattia di Auronzo di Cadore e Antonietta Crepaz di Valle di Cadore premiate a Roma al concorso \u201cSalva la tua lingua locale\u201d"},{"@type":"BreadcrumbList","@id":"https:\/\/www.bellunopress.it\/2024\/12\/25\/cinzia-vecellio-mattia-di-auronzo-di-cadore-e-antonietta-crepaz-di-valle-di-cadore-si-distinguono-a-roma-al-concorso-salva-la-tua-lingua-locale\/#breadcrumb","itemListElement":[{"@type":"ListItem","position":1,"name":"Home","item":"https:\/\/www.bellunopress.it\/"},{"@type":"ListItem","position":2,"name":"Cinzia Vecellio Mattia di Auronzo di Cadore e Antonietta Crepaz di Valle di Cadore si distinguono a Roma al concorso \u201cSalva la tua lingua locale\u201d"}]},{"@type":"WebSite","@id":"https:\/\/www.bellunopress.it\/#website","url":"https:\/\/www.bellunopress.it\/","name":"Bellunopress - Dolomiti","description":"e-mail: redazione@bellunopress.it","publisher":{"@id":"https:\/\/www.bellunopress.it\/#organization"},"potentialAction":[{"@type":"SearchAction","target":{"@type":"EntryPoint","urlTemplate":"https:\/\/www.bellunopress.it\/?s={search_term_string}"},"query-input":{"@type":"PropertyValueSpecification","valueRequired":true,"valueName":"search_term_string"}}],"inLanguage":"fr-FR"},{"@type":"Organization","@id":"https:\/\/www.bellunopress.it\/#organization","name":"Bellunopress","url":"https:\/\/www.bellunopress.it\/","logo":{"@type":"ImageObject","inLanguage":"fr-FR","@id":"https:\/\/www.bellunopress.it\/#\/schema\/logo\/image\/","url":"https:\/\/www.bellunopress.it\/wp-content\/uploads\/2011\/05\/cropped-logo-bellunopress-.jpg","contentUrl":"https:\/\/www.bellunopress.it\/wp-content\/uploads\/2011\/05\/cropped-logo-bellunopress-.jpg","width":512,"height":512,"caption":"Bellunopress"},"image":{"@id":"https:\/\/www.bellunopress.it\/#\/schema\/logo\/image\/"},"sameAs":["https:\/\/www.facebook.com\/profile.php?id=100008943462799","https:\/\/x.com\/bellunopress","https:\/\/www.linkedin.com\/hp\/?dnr=JBzUWaJfMUw8vbXJJ2tVW5-I3jZKvC4wsoxE&amp;amp;amp;amp;amp;amp;trk=nav_responsive_tab_home","https:\/\/www.youtube.com\/channel\/UCxL0wu1uN0_3_7hGG0306cw"]},{"@type":"Person","@id":"https:\/\/www.bellunopress.it\/#\/schema\/person\/79bb06722b37ece1c03d3e94beb30d73","name":"r\u00e9daction","image":{"@type":"ImageObject","inLanguage":"fr-FR","@id":"https:\/\/secure.gravatar.com\/avatar\/37d968a2e67a6fd04c169c4bdef102d0bc5d31b2546345219e348575eb80e9a0?s=96&d=mm&r=g","url":"https:\/\/secure.gravatar.com\/avatar\/37d968a2e67a6fd04c169c4bdef102d0bc5d31b2546345219e348575eb80e9a0?s=96&d=mm&r=g","contentUrl":"https:\/\/secure.gravatar.com\/avatar\/37d968a2e67a6fd04c169c4bdef102d0bc5d31b2546345219e348575eb80e9a0?s=96&d=mm&r=g","caption":"redazione"},"sameAs":["http:\/\/www.bellunopress.it","https:\/\/x.com\/bellunopress"],"url":"https:\/\/www.bellunopress.it\/fr\/author\/redazione\/"}]}},"_links":{"self":[{"href":"https:\/\/www.bellunopress.it\/fr\/wp-json\/wp\/v2\/posts\/156536","targetHints":{"allow":["GET"]}}],"collection":[{"href":"https:\/\/www.bellunopress.it\/fr\/wp-json\/wp\/v2\/posts"}],"about":[{"href":"https:\/\/www.bellunopress.it\/fr\/wp-json\/wp\/v2\/types\/post"}],"author":[{"embeddable":true,"href":"https:\/\/www.bellunopress.it\/fr\/wp-json\/wp\/v2\/users\/2"}],"replies":[{"embeddable":true,"href":"https:\/\/www.bellunopress.it\/fr\/wp-json\/wp\/v2\/comments?post=156536"}],"version-history":[{"count":1,"href":"https:\/\/www.bellunopress.it\/fr\/wp-json\/wp\/v2\/posts\/156536\/revisions"}],"predecessor-version":[{"id":156538,"href":"https:\/\/www.bellunopress.it\/fr\/wp-json\/wp\/v2\/posts\/156536\/revisions\/156538"}],"wp:featuredmedia":[{"embeddable":true,"href":"https:\/\/www.bellunopress.it\/fr\/wp-json\/wp\/v2\/media\/156537"}],"wp:attachment":[{"href":"https:\/\/www.bellunopress.it\/fr\/wp-json\/wp\/v2\/media?parent=156536"}],"wp:term":[{"taxonomy":"category","embeddable":true,"href":"https:\/\/www.bellunopress.it\/fr\/wp-json\/wp\/v2\/categories?post=156536"},{"taxonomy":"post_tag","embeddable":true,"href":"https:\/\/www.bellunopress.it\/fr\/wp-json\/wp\/v2\/tags?post=156536"}],"curies":[{"name":"wp","href":"https:\/\/api.w.org\/{rel}","templated":true}]}}