{"id":156499,"date":"2024-12-23T11:28:50","date_gmt":"2024-12-23T10:28:50","guid":{"rendered":"https:\/\/www.bellunopress.it\/?p=156499"},"modified":"2024-12-23T11:28:50","modified_gmt":"2024-12-23T10:28:50","slug":"sabato-il-tradizionale-concerto-incanto-di-natale-allalexander-girardi-hall-di-cortina-dampezzo-alle-20-45","status":"publish","type":"post","link":"https:\/\/www.bellunopress.it\/fr\/2024\/12\/23\/sabato-il-tradizionale-concerto-incanto-di-natale-allalexander-girardi-hall-di-cortina-dampezzo-alle-20-45\/","title":{"rendered":"Sabato il tradizionale concerto \u201cIncanto di Natale\u201d all\u2019Alexander Girardi Hall di Cortina d\u2019Ampezzo alle 20.45"},"content":{"rendered":"<figure id=\"attachment_117786\" aria-describedby=\"caption-attachment-117786\" style=\"width: 800px\" class=\"wp-caption aligncenter\"><img loading=\"lazy\" decoding=\"async\" class=\"size-full wp-image-117786\" src=\"https:\/\/www.bellunopress.it\/wp-content\/uploads\/2020\/09\/Alexander-Hall-Cortina.jpg\" alt=\"\" width=\"800\" height=\"600\" srcset=\"https:\/\/www.bellunopress.it\/wp-content\/uploads\/2020\/09\/Alexander-Hall-Cortina.jpg 800w, https:\/\/www.bellunopress.it\/wp-content\/uploads\/2020\/09\/Alexander-Hall-Cortina-500x375.jpg 500w, https:\/\/www.bellunopress.it\/wp-content\/uploads\/2020\/09\/Alexander-Hall-Cortina-696x522.jpg 696w, https:\/\/www.bellunopress.it\/wp-content\/uploads\/2020\/09\/Alexander-Hall-Cortina-560x420.jpg 560w, https:\/\/www.bellunopress.it\/wp-content\/uploads\/2020\/09\/Alexander-Hall-Cortina-80x60.jpg 80w, https:\/\/www.bellunopress.it\/wp-content\/uploads\/2020\/09\/Alexander-Hall-Cortina-265x198.jpg 265w\" sizes=\"auto, (max-width: 800px) 100vw, 800px\" \/><figcaption id=\"caption-attachment-117786\" class=\"wp-caption-text\">Alexander Girardi Hall &#8211; Cortina d&#8217;Ampezzo<\/figcaption><\/figure>\n<p>La rassegna, promossa e sostenuta dal Comune di Cortina D\u2019Ampezzo e organizzata da Musincantus, rinnova il tradizionale appuntamento all\u2019Alexander Girardi Hall con i pi\u00f9 celebri e amati brani delle feste, proposti in chiave moderna. Durante l\u2019intervallo del concerto si brinder\u00e0 con Prosecco Doc.<\/p>\n<p>CortinAteatro, la stagione concertistica e teatrale ampezzana promossa e sostenuta dal Comune di Cortina d\u2019Ampezzo, ideata e coordinata dall\u2019associazione Musincantus, prosegue sabato 28 dicembre con il tradizionale concerto \u201cIncanto di Natale\u201d, all\u2019Alexander Girardi Hall di Cortina d\u2019Ampezzo alle 20.45.<br \/>\nTradizionale\u2026 ma non troppo: l\u2019Orchestra Regionale Filarmonia Veneta, diretta da Walter Bertolo, e la cantante Laura Ivan ripercorreranno il repertorio delle feste in chiave moderna, personalizzando e ravvivando i brani pi\u00f9 amati del periodo natalizio. Durante l\u2019intervallo del concerto si brinder\u00e0 tutti insieme con Prosecco Doc, main partner della rassegna.<br \/>\nIl programma, leggero e frizzante, si compone di brani carichi di significato: da Happy Christmas di John Lennon e Yoko Ono a Have yourself a merry little Christmas, canzone scritta nel 1943 da Martin e Blane, rivista e reinterpretata poi da Frank Sinatra che la rese popolare. Non mancheranno poi White Christmas di Irving Berlin, il singolo discografico pi\u00f9 venduto nella storia con oltre 50 milioni di copie, Jingle Bells, una delle canzoni natalizie pi\u00f9 conosciute e cantate al mondo, What a wonderful world, canzone scritta nel 1967 da Thiele e David Weiss e interpretata per la prima volta da Louis Armstrong balzando subito in vetta alle classifiche mondiali, Let it snow, canzone natalizia scritta da Cahn e Styne nel 1945 divenuta un vero e proprio classico natalizio, The first Noel, tradizionale canto natalizio inglese originario probabilmente della Cornovaglia (autore anonimo vissuto tra il XVI e il XVII secolo, il cui arrangiamento originale e l\u2019adattamento del testo furono curati da Davies Gilbert).<br \/>\nUn viaggio musicale che partir\u00e0 dai classici del Natale, approder\u00e0 alle canzoni \u201cmonumento\u201d della canzone italiana ed internazionale, giungendo infine ai buoni auspici e alle dediche per il nuovo anno. Tra questi non mancheranno i brani di Morricone, Fontana, Milva, Dalla, Mina, Mengoni, Cohen, Newman, e molti altri.<br \/>\nLa ormai ben nota Orchestra Regionale Filarmonia Veneta sar\u00e0 diretta da Walter Bertolo, originario di Castelfranco Veneto (Treviso) e applaudito nei pi\u00f9 importanti teatri del mondo, che vanta collaborazioni artistiche con il maestro Giusto Pio, con l\u2019autore Lorenzo Pilat del Clan di Celentano, con Romano Musumarra (compositore di Luciano Pavarotti), Andrea Bocelli, Alessandro Safina, e ha arrangiato i concerti di Amii Stewart e Alessandro Safina (accompagnati dall\u2019Orchestra Regionale Filarmonia Veneta, anche a Doha, in Qatar). Accanto alla musica briller\u00e0 la voce unica e avvolgente di Laura Ivan, cantante che si \u00e8 perfezionata a Los Angeles con John Deaver e successivamente con dalla docente Alessandra Alberti; nel 1993 ha inciso un disco live, \u201cCanzoni A Teatro\u201d, con Danilo Rea, Maurizio Dei Lazzaretti, Massimo Moriconi e Massimo Zemolin e sempre per Pino Donaggio in in Commesse 2 ha cantato nella sigla d\u2019inizio \u201cBright\u201d e il brano \u201cWasted Love\u201d. Nel 2009 ha realizzato il progetto \u201cCantando Fabrizio De Andr\u00e8\u201d, con Massimo Zemolin e Davide Ragazzoni, in cui reinterpreta le canzoni dello straordinario cantautore genovese. Dal 2011 \u00e8 la voce femminile nei live concert di Yanodj e Ottomix, muovendosi nel mondo latin-pop e afro e coinvolgendo il pubblico con anima, energia e gioia. Con Rita Piaia ed Elvira Cadorin, Laura Ivan ha dato vita ad Ar.i.el Trio e inciso il cd \u201c\u2026e ora libero me\u201d. Nel 2022 dalla collaborazione con il maestro Walter Bertolo e in collaborazione con l\u2019Orchestra Regionale Filarmonia Veneta \u00e8 nato Symphonic Queen, un concerto che ripercorre i brani pi\u00f9 iconici dello storico gruppo.<br \/>\nI prossimi appuntamenti. Il 2025 inizier\u00e0 con \u201cLa Cenerentola\u201d del Balletto di Milano, in scena venerd\u00ec 3 gennaio all\u2019Alexander Girardi Hall alle 20.45: l\u2019acclamata produzione firmata dal coreografo Giorgio Madia e ispirata dalla celebre fiaba di Charles Perrault \u00e8 risultata vincitrice di pres-tigiosi riconoscimenti internazionali. L\u2019appuntamento \u00e8 organizzato in partnership con il Circuito Multidisciplinare Regionale Arteven.<br \/>\nCortinAteatro \u00e8 sostenuta dal Ministero della Cultura, dalla Regione Veneto, da RetEventi Provincia di Belluno, e viene realizzata anche grazie al contributo viene realizzata anche grazie al contributo del main partner Prosecco Doc e del location partner Audi, di CortinaBanca e de La Cooperativa di Cortina.<\/p>\n<p>Biglietti: Infopoint di Cortina d\u2019Ampezzo, Cooperativa di Cortina (reparto cartoleria), vivaticket.com<\/p>\n<p>Info e programma: cortinateatro.it e canali social<\/p>\n<p>&nbsp;<\/p>","protected":false},"excerpt":{"rendered":"<p>La rassegna, promossa e sostenuta dal Comune di Cortina D\u2019Ampezzo e organizzata da Musincantus, rinnova il tradizionale appuntamento all\u2019Alexander Girardi Hall con i pi\u00f9 celebri e amati brani delle feste, proposti in chiave moderna. Durante l\u2019intervallo del concerto si brinder\u00e0 con Prosecco Doc. CortinAteatro, la stagione concertistica e teatrale ampezzana promossa e sostenuta dal Comune [&hellip;]<\/p>\n","protected":false},"author":2,"featured_media":117786,"comment_status":"closed","ping_status":"open","sticky":false,"template":"","format":"standard","meta":{"footnotes":""},"categories":[27,3,25],"tags":[],"class_list":["post-156499","post","type-post","status-publish","format-standard","has-post-thumbnail","category-appuntamenti","category-arte-cultura-spettacoli-scienza-archivi","category-pausa-caffe"],"yoast_head":"<!-- This site is optimized with the Yoast SEO plugin v28.4 - https:\/\/yoast.com\/product\/yoast-seo-wordpress\/ -->\n<title>Sabato il tradizionale concerto \u201cIncanto di Natale\u201d all\u2019Alexander Girardi Hall di Cortina d\u2019Ampezzo alle 20.45 - Bellunopress - Dolomiti<\/title>\n<meta name=\"robots\" content=\"index, follow, max-snippet:-1, max-image-preview:large, max-video-preview:-1\" \/>\n<link rel=\"canonical\" href=\"https:\/\/www.bellunopress.it\/fr\/2024\/12\/23\/sabato-il-tradizionale-concerto-incanto-di-natale-allalexander-girardi-hall-di-cortina-dampezzo-alle-20-45\/\" \/>\n<meta property=\"og:locale\" content=\"fr_FR\" \/>\n<meta property=\"og:type\" content=\"article\" \/>\n<meta property=\"og:title\" content=\"Sabato il tradizionale concerto \u201cIncanto di Natale\u201d all\u2019Alexander Girardi Hall di Cortina d\u2019Ampezzo alle 20.45 - Bellunopress - Dolomiti\" \/>\n<meta property=\"og:description\" content=\"La rassegna, promossa e sostenuta dal Comune di Cortina D\u2019Ampezzo e organizzata da Musincantus, rinnova il tradizionale appuntamento all\u2019Alexander Girardi Hall con i pi\u00f9 celebri e amati brani delle feste, proposti in chiave moderna. Durante l\u2019intervallo del concerto si brinder\u00e0 con Prosecco Doc. CortinAteatro, la stagione concertistica e teatrale ampezzana promossa e sostenuta dal Comune [&hellip;]\" \/>\n<meta property=\"og:url\" content=\"https:\/\/www.bellunopress.it\/fr\/2024\/12\/23\/sabato-il-tradizionale-concerto-incanto-di-natale-allalexander-girardi-hall-di-cortina-dampezzo-alle-20-45\/\" \/>\n<meta property=\"og:site_name\" content=\"Bellunopress - Dolomiti\" \/>\n<meta property=\"article:publisher\" content=\"https:\/\/www.facebook.com\/profile.php?id=100008943462799\" \/>\n<meta property=\"article:published_time\" content=\"2024-12-23T10:28:50+00:00\" \/>\n<meta property=\"og:image\" content=\"https:\/\/www.bellunopress.it\/wp-content\/uploads\/2020\/09\/Alexander-Hall-Cortina.jpg\" \/>\n\t<meta property=\"og:image:width\" content=\"800\" \/>\n\t<meta property=\"og:image:height\" content=\"600\" \/>\n\t<meta property=\"og:image:type\" content=\"image\/jpeg\" \/>\n<meta name=\"author\" content=\"redazione\" \/>\n<meta name=\"twitter:card\" content=\"summary_large_image\" \/>\n<meta name=\"twitter:creator\" content=\"@bellunopress\" \/>\n<meta name=\"twitter:site\" content=\"@bellunopress\" \/>\n<meta name=\"twitter:label1\" content=\"\u00c9crit par\" \/>\n\t<meta name=\"twitter:data1\" content=\"redazione\" \/>\n\t<meta name=\"twitter:label2\" content=\"Dur\u00e9e de lecture estim\u00e9e\" \/>\n\t<meta name=\"twitter:data2\" content=\"4 minutes\" \/>\n<script type=\"application\/ld+json\" class=\"yoast-schema-graph\">{\"@context\":\"https:\\\/\\\/schema.org\",\"@graph\":[{\"@type\":\"Article\",\"@id\":\"https:\\\/\\\/www.bellunopress.it\\\/2024\\\/12\\\/23\\\/sabato-il-tradizionale-concerto-incanto-di-natale-allalexander-girardi-hall-di-cortina-dampezzo-alle-20-45\\\/#article\",\"isPartOf\":{\"@id\":\"https:\\\/\\\/www.bellunopress.it\\\/2024\\\/12\\\/23\\\/sabato-il-tradizionale-concerto-incanto-di-natale-allalexander-girardi-hall-di-cortina-dampezzo-alle-20-45\\\/\"},\"author\":{\"name\":\"redazione\",\"@id\":\"https:\\\/\\\/www.bellunopress.it\\\/#\\\/schema\\\/person\\\/79bb06722b37ece1c03d3e94beb30d73\"},\"headline\":\"Sabato il tradizionale concerto \u201cIncanto di Natale\u201d all\u2019Alexander Girardi Hall di Cortina d\u2019Ampezzo alle 20.45\",\"datePublished\":\"2024-12-23T10:28:50+00:00\",\"mainEntityOfPage\":{\"@id\":\"https:\\\/\\\/www.bellunopress.it\\\/2024\\\/12\\\/23\\\/sabato-il-tradizionale-concerto-incanto-di-natale-allalexander-girardi-hall-di-cortina-dampezzo-alle-20-45\\\/\"},\"wordCount\":748,\"publisher\":{\"@id\":\"https:\\\/\\\/www.bellunopress.it\\\/#organization\"},\"image\":{\"@id\":\"https:\\\/\\\/www.bellunopress.it\\\/2024\\\/12\\\/23\\\/sabato-il-tradizionale-concerto-incanto-di-natale-allalexander-girardi-hall-di-cortina-dampezzo-alle-20-45\\\/#primaryimage\"},\"thumbnailUrl\":\"https:\\\/\\\/www.bellunopress.it\\\/wp-content\\\/uploads\\\/2020\\\/09\\\/Alexander-Hall-Cortina.jpg\",\"articleSection\":[\"Appuntamenti, Eventi\",\"Arte, Cultura, Spettacoli, Scienza\",\"Pausa Caff\u00e8\"],\"inLanguage\":\"fr-FR\"},{\"@type\":\"WebPage\",\"@id\":\"https:\\\/\\\/www.bellunopress.it\\\/2024\\\/12\\\/23\\\/sabato-il-tradizionale-concerto-incanto-di-natale-allalexander-girardi-hall-di-cortina-dampezzo-alle-20-45\\\/\",\"url\":\"https:\\\/\\\/www.bellunopress.it\\\/2024\\\/12\\\/23\\\/sabato-il-tradizionale-concerto-incanto-di-natale-allalexander-girardi-hall-di-cortina-dampezzo-alle-20-45\\\/\",\"name\":\"Sabato il tradizionale concerto \u201cIncanto di Natale\u201d all\u2019Alexander Girardi Hall di Cortina d\u2019Ampezzo alle 20.45 - Bellunopress - Dolomiti\",\"isPartOf\":{\"@id\":\"https:\\\/\\\/www.bellunopress.it\\\/#website\"},\"primaryImageOfPage\":{\"@id\":\"https:\\\/\\\/www.bellunopress.it\\\/2024\\\/12\\\/23\\\/sabato-il-tradizionale-concerto-incanto-di-natale-allalexander-girardi-hall-di-cortina-dampezzo-alle-20-45\\\/#primaryimage\"},\"image\":{\"@id\":\"https:\\\/\\\/www.bellunopress.it\\\/2024\\\/12\\\/23\\\/sabato-il-tradizionale-concerto-incanto-di-natale-allalexander-girardi-hall-di-cortina-dampezzo-alle-20-45\\\/#primaryimage\"},\"thumbnailUrl\":\"https:\\\/\\\/www.bellunopress.it\\\/wp-content\\\/uploads\\\/2020\\\/09\\\/Alexander-Hall-Cortina.jpg\",\"datePublished\":\"2024-12-23T10:28:50+00:00\",\"breadcrumb\":{\"@id\":\"https:\\\/\\\/www.bellunopress.it\\\/2024\\\/12\\\/23\\\/sabato-il-tradizionale-concerto-incanto-di-natale-allalexander-girardi-hall-di-cortina-dampezzo-alle-20-45\\\/#breadcrumb\"},\"inLanguage\":\"fr-FR\",\"potentialAction\":[{\"@type\":\"ReadAction\",\"target\":[\"https:\\\/\\\/www.bellunopress.it\\\/2024\\\/12\\\/23\\\/sabato-il-tradizionale-concerto-incanto-di-natale-allalexander-girardi-hall-di-cortina-dampezzo-alle-20-45\\\/\"]}]},{\"@type\":\"ImageObject\",\"inLanguage\":\"fr-FR\",\"@id\":\"https:\\\/\\\/www.bellunopress.it\\\/2024\\\/12\\\/23\\\/sabato-il-tradizionale-concerto-incanto-di-natale-allalexander-girardi-hall-di-cortina-dampezzo-alle-20-45\\\/#primaryimage\",\"url\":\"https:\\\/\\\/www.bellunopress.it\\\/wp-content\\\/uploads\\\/2020\\\/09\\\/Alexander-Hall-Cortina.jpg\",\"contentUrl\":\"https:\\\/\\\/www.bellunopress.it\\\/wp-content\\\/uploads\\\/2020\\\/09\\\/Alexander-Hall-Cortina.jpg\",\"width\":800,\"height\":600,\"caption\":\"Alexander Girardi Hall - Cortina d'Ampezzo\"},{\"@type\":\"BreadcrumbList\",\"@id\":\"https:\\\/\\\/www.bellunopress.it\\\/2024\\\/12\\\/23\\\/sabato-il-tradizionale-concerto-incanto-di-natale-allalexander-girardi-hall-di-cortina-dampezzo-alle-20-45\\\/#breadcrumb\",\"itemListElement\":[{\"@type\":\"ListItem\",\"position\":1,\"name\":\"Home\",\"item\":\"https:\\\/\\\/www.bellunopress.it\\\/\"},{\"@type\":\"ListItem\",\"position\":2,\"name\":\"Sabato il tradizionale concerto \u201cIncanto di Natale\u201d all\u2019Alexander Girardi Hall di Cortina d\u2019Ampezzo alle 20.45\"}]},{\"@type\":\"WebSite\",\"@id\":\"https:\\\/\\\/www.bellunopress.it\\\/#website\",\"url\":\"https:\\\/\\\/www.bellunopress.it\\\/\",\"name\":\"Bellunopress - Dolomiti\",\"description\":\"e-mail: redazione@bellunopress.it\",\"publisher\":{\"@id\":\"https:\\\/\\\/www.bellunopress.it\\\/#organization\"},\"potentialAction\":[{\"@type\":\"SearchAction\",\"target\":{\"@type\":\"EntryPoint\",\"urlTemplate\":\"https:\\\/\\\/www.bellunopress.it\\\/?s={search_term_string}\"},\"query-input\":{\"@type\":\"PropertyValueSpecification\",\"valueRequired\":true,\"valueName\":\"search_term_string\"}}],\"inLanguage\":\"fr-FR\"},{\"@type\":\"Organization\",\"@id\":\"https:\\\/\\\/www.bellunopress.it\\\/#organization\",\"name\":\"Bellunopress\",\"url\":\"https:\\\/\\\/www.bellunopress.it\\\/\",\"logo\":{\"@type\":\"ImageObject\",\"inLanguage\":\"fr-FR\",\"@id\":\"https:\\\/\\\/www.bellunopress.it\\\/#\\\/schema\\\/logo\\\/image\\\/\",\"url\":\"https:\\\/\\\/www.bellunopress.it\\\/wp-content\\\/uploads\\\/2011\\\/05\\\/cropped-logo-bellunopress-.jpg\",\"contentUrl\":\"https:\\\/\\\/www.bellunopress.it\\\/wp-content\\\/uploads\\\/2011\\\/05\\\/cropped-logo-bellunopress-.jpg\",\"width\":512,\"height\":512,\"caption\":\"Bellunopress\"},\"image\":{\"@id\":\"https:\\\/\\\/www.bellunopress.it\\\/#\\\/schema\\\/logo\\\/image\\\/\"},\"sameAs\":[\"https:\\\/\\\/www.facebook.com\\\/profile.php?id=100008943462799\",\"https:\\\/\\\/x.com\\\/bellunopress\",\"https:\\\/\\\/www.linkedin.com\\\/hp\\\/?dnr=JBzUWaJfMUw8vbXJJ2tVW5-I3jZKvC4wsoxE&amp;amp;amp;amp;amp;amp;trk=nav_responsive_tab_home\",\"https:\\\/\\\/www.youtube.com\\\/channel\\\/UCxL0wu1uN0_3_7hGG0306cw\"]},{\"@type\":\"Person\",\"@id\":\"https:\\\/\\\/www.bellunopress.it\\\/#\\\/schema\\\/person\\\/79bb06722b37ece1c03d3e94beb30d73\",\"name\":\"redazione\",\"image\":{\"@type\":\"ImageObject\",\"inLanguage\":\"fr-FR\",\"@id\":\"https:\\\/\\\/secure.gravatar.com\\\/avatar\\\/37d968a2e67a6fd04c169c4bdef102d0bc5d31b2546345219e348575eb80e9a0?s=96&d=mm&r=g\",\"url\":\"https:\\\/\\\/secure.gravatar.com\\\/avatar\\\/37d968a2e67a6fd04c169c4bdef102d0bc5d31b2546345219e348575eb80e9a0?s=96&d=mm&r=g\",\"contentUrl\":\"https:\\\/\\\/secure.gravatar.com\\\/avatar\\\/37d968a2e67a6fd04c169c4bdef102d0bc5d31b2546345219e348575eb80e9a0?s=96&d=mm&r=g\",\"caption\":\"redazione\"},\"sameAs\":[\"http:\\\/\\\/www.bellunopress.it\",\"https:\\\/\\\/x.com\\\/bellunopress\"],\"url\":\"https:\\\/\\\/www.bellunopress.it\\\/fr\\\/author\\\/redazione\\\/\"}]}<\/script>\n<!-- \/ Yoast SEO plugin. -->","yoast_head_json":{"title":"Sabato il tradizionale concerto \u201cIncanto di Natale\u201d all\u2019Alexander Girardi Hall di Cortina d\u2019Ampezzo alle 20.45 - Bellunopress - Dolomiti","robots":{"index":"index","follow":"follow","max-snippet":"max-snippet:-1","max-image-preview":"max-image-preview:large","max-video-preview":"max-video-preview:-1"},"canonical":"https:\/\/www.bellunopress.it\/fr\/2024\/12\/23\/sabato-il-tradizionale-concerto-incanto-di-natale-allalexander-girardi-hall-di-cortina-dampezzo-alle-20-45\/","og_locale":"fr_FR","og_type":"article","og_title":"Sabato il tradizionale concerto \u201cIncanto di Natale\u201d all\u2019Alexander Girardi Hall di Cortina d\u2019Ampezzo alle 20.45 - Bellunopress - Dolomiti","og_description":"La rassegna, promossa e sostenuta dal Comune di Cortina D\u2019Ampezzo e organizzata da Musincantus, rinnova il tradizionale appuntamento all\u2019Alexander Girardi Hall con i pi\u00f9 celebri e amati brani delle feste, proposti in chiave moderna. Durante l\u2019intervallo del concerto si brinder\u00e0 con Prosecco Doc. CortinAteatro, la stagione concertistica e teatrale ampezzana promossa e sostenuta dal Comune [&hellip;]","og_url":"https:\/\/www.bellunopress.it\/fr\/2024\/12\/23\/sabato-il-tradizionale-concerto-incanto-di-natale-allalexander-girardi-hall-di-cortina-dampezzo-alle-20-45\/","og_site_name":"Bellunopress - Dolomiti","article_publisher":"https:\/\/www.facebook.com\/profile.php?id=100008943462799","article_published_time":"2024-12-23T10:28:50+00:00","og_image":[{"width":800,"height":600,"url":"https:\/\/www.bellunopress.it\/wp-content\/uploads\/2020\/09\/Alexander-Hall-Cortina.jpg","type":"image\/jpeg"}],"author":"redazione","twitter_card":"summary_large_image","twitter_creator":"@bellunopress","twitter_site":"@bellunopress","twitter_misc":{"\u00c9crit par":"redazione","Dur\u00e9e de lecture estim\u00e9e":"4 minutes"},"schema":{"@context":"https:\/\/schema.org","@graph":[{"@type":"Article","@id":"https:\/\/www.bellunopress.it\/2024\/12\/23\/sabato-il-tradizionale-concerto-incanto-di-natale-allalexander-girardi-hall-di-cortina-dampezzo-alle-20-45\/#article","isPartOf":{"@id":"https:\/\/www.bellunopress.it\/2024\/12\/23\/sabato-il-tradizionale-concerto-incanto-di-natale-allalexander-girardi-hall-di-cortina-dampezzo-alle-20-45\/"},"author":{"name":"redazione","@id":"https:\/\/www.bellunopress.it\/#\/schema\/person\/79bb06722b37ece1c03d3e94beb30d73"},"headline":"Sabato il tradizionale concerto \u201cIncanto di Natale\u201d all\u2019Alexander Girardi Hall di Cortina d\u2019Ampezzo alle 20.45","datePublished":"2024-12-23T10:28:50+00:00","mainEntityOfPage":{"@id":"https:\/\/www.bellunopress.it\/2024\/12\/23\/sabato-il-tradizionale-concerto-incanto-di-natale-allalexander-girardi-hall-di-cortina-dampezzo-alle-20-45\/"},"wordCount":748,"publisher":{"@id":"https:\/\/www.bellunopress.it\/#organization"},"image":{"@id":"https:\/\/www.bellunopress.it\/2024\/12\/23\/sabato-il-tradizionale-concerto-incanto-di-natale-allalexander-girardi-hall-di-cortina-dampezzo-alle-20-45\/#primaryimage"},"thumbnailUrl":"https:\/\/www.bellunopress.it\/wp-content\/uploads\/2020\/09\/Alexander-Hall-Cortina.jpg","articleSection":["Appuntamenti, Eventi","Arte, Cultura, Spettacoli, Scienza","Pausa Caff\u00e8"],"inLanguage":"fr-FR"},{"@type":"WebPage","@id":"https:\/\/www.bellunopress.it\/2024\/12\/23\/sabato-il-tradizionale-concerto-incanto-di-natale-allalexander-girardi-hall-di-cortina-dampezzo-alle-20-45\/","url":"https:\/\/www.bellunopress.it\/2024\/12\/23\/sabato-il-tradizionale-concerto-incanto-di-natale-allalexander-girardi-hall-di-cortina-dampezzo-alle-20-45\/","name":"Sabato il tradizionale concerto \u201cIncanto di Natale\u201d all\u2019Alexander Girardi Hall di Cortina d\u2019Ampezzo alle 20.45 - Bellunopress - Dolomiti","isPartOf":{"@id":"https:\/\/www.bellunopress.it\/#website"},"primaryImageOfPage":{"@id":"https:\/\/www.bellunopress.it\/2024\/12\/23\/sabato-il-tradizionale-concerto-incanto-di-natale-allalexander-girardi-hall-di-cortina-dampezzo-alle-20-45\/#primaryimage"},"image":{"@id":"https:\/\/www.bellunopress.it\/2024\/12\/23\/sabato-il-tradizionale-concerto-incanto-di-natale-allalexander-girardi-hall-di-cortina-dampezzo-alle-20-45\/#primaryimage"},"thumbnailUrl":"https:\/\/www.bellunopress.it\/wp-content\/uploads\/2020\/09\/Alexander-Hall-Cortina.jpg","datePublished":"2024-12-23T10:28:50+00:00","breadcrumb":{"@id":"https:\/\/www.bellunopress.it\/2024\/12\/23\/sabato-il-tradizionale-concerto-incanto-di-natale-allalexander-girardi-hall-di-cortina-dampezzo-alle-20-45\/#breadcrumb"},"inLanguage":"fr-FR","potentialAction":[{"@type":"ReadAction","target":["https:\/\/www.bellunopress.it\/2024\/12\/23\/sabato-il-tradizionale-concerto-incanto-di-natale-allalexander-girardi-hall-di-cortina-dampezzo-alle-20-45\/"]}]},{"@type":"ImageObject","inLanguage":"fr-FR","@id":"https:\/\/www.bellunopress.it\/2024\/12\/23\/sabato-il-tradizionale-concerto-incanto-di-natale-allalexander-girardi-hall-di-cortina-dampezzo-alle-20-45\/#primaryimage","url":"https:\/\/www.bellunopress.it\/wp-content\/uploads\/2020\/09\/Alexander-Hall-Cortina.jpg","contentUrl":"https:\/\/www.bellunopress.it\/wp-content\/uploads\/2020\/09\/Alexander-Hall-Cortina.jpg","width":800,"height":600,"caption":"Alexander Girardi Hall - Cortina d'Ampezzo"},{"@type":"BreadcrumbList","@id":"https:\/\/www.bellunopress.it\/2024\/12\/23\/sabato-il-tradizionale-concerto-incanto-di-natale-allalexander-girardi-hall-di-cortina-dampezzo-alle-20-45\/#breadcrumb","itemListElement":[{"@type":"ListItem","position":1,"name":"Home","item":"https:\/\/www.bellunopress.it\/"},{"@type":"ListItem","position":2,"name":"Sabato il tradizionale concerto \u201cIncanto di Natale\u201d all\u2019Alexander Girardi Hall di Cortina d\u2019Ampezzo alle 20.45"}]},{"@type":"WebSite","@id":"https:\/\/www.bellunopress.it\/#website","url":"https:\/\/www.bellunopress.it\/","name":"Bellunopress - Dolomiti","description":"e-mail: redazione@bellunopress.it","publisher":{"@id":"https:\/\/www.bellunopress.it\/#organization"},"potentialAction":[{"@type":"SearchAction","target":{"@type":"EntryPoint","urlTemplate":"https:\/\/www.bellunopress.it\/?s={search_term_string}"},"query-input":{"@type":"PropertyValueSpecification","valueRequired":true,"valueName":"search_term_string"}}],"inLanguage":"fr-FR"},{"@type":"Organization","@id":"https:\/\/www.bellunopress.it\/#organization","name":"Bellunopress","url":"https:\/\/www.bellunopress.it\/","logo":{"@type":"ImageObject","inLanguage":"fr-FR","@id":"https:\/\/www.bellunopress.it\/#\/schema\/logo\/image\/","url":"https:\/\/www.bellunopress.it\/wp-content\/uploads\/2011\/05\/cropped-logo-bellunopress-.jpg","contentUrl":"https:\/\/www.bellunopress.it\/wp-content\/uploads\/2011\/05\/cropped-logo-bellunopress-.jpg","width":512,"height":512,"caption":"Bellunopress"},"image":{"@id":"https:\/\/www.bellunopress.it\/#\/schema\/logo\/image\/"},"sameAs":["https:\/\/www.facebook.com\/profile.php?id=100008943462799","https:\/\/x.com\/bellunopress","https:\/\/www.linkedin.com\/hp\/?dnr=JBzUWaJfMUw8vbXJJ2tVW5-I3jZKvC4wsoxE&amp;amp;amp;amp;amp;amp;trk=nav_responsive_tab_home","https:\/\/www.youtube.com\/channel\/UCxL0wu1uN0_3_7hGG0306cw"]},{"@type":"Person","@id":"https:\/\/www.bellunopress.it\/#\/schema\/person\/79bb06722b37ece1c03d3e94beb30d73","name":"r\u00e9daction","image":{"@type":"ImageObject","inLanguage":"fr-FR","@id":"https:\/\/secure.gravatar.com\/avatar\/37d968a2e67a6fd04c169c4bdef102d0bc5d31b2546345219e348575eb80e9a0?s=96&d=mm&r=g","url":"https:\/\/secure.gravatar.com\/avatar\/37d968a2e67a6fd04c169c4bdef102d0bc5d31b2546345219e348575eb80e9a0?s=96&d=mm&r=g","contentUrl":"https:\/\/secure.gravatar.com\/avatar\/37d968a2e67a6fd04c169c4bdef102d0bc5d31b2546345219e348575eb80e9a0?s=96&d=mm&r=g","caption":"redazione"},"sameAs":["http:\/\/www.bellunopress.it","https:\/\/x.com\/bellunopress"],"url":"https:\/\/www.bellunopress.it\/fr\/author\/redazione\/"}]}},"_links":{"self":[{"href":"https:\/\/www.bellunopress.it\/fr\/wp-json\/wp\/v2\/posts\/156499","targetHints":{"allow":["GET"]}}],"collection":[{"href":"https:\/\/www.bellunopress.it\/fr\/wp-json\/wp\/v2\/posts"}],"about":[{"href":"https:\/\/www.bellunopress.it\/fr\/wp-json\/wp\/v2\/types\/post"}],"author":[{"embeddable":true,"href":"https:\/\/www.bellunopress.it\/fr\/wp-json\/wp\/v2\/users\/2"}],"replies":[{"embeddable":true,"href":"https:\/\/www.bellunopress.it\/fr\/wp-json\/wp\/v2\/comments?post=156499"}],"version-history":[{"count":1,"href":"https:\/\/www.bellunopress.it\/fr\/wp-json\/wp\/v2\/posts\/156499\/revisions"}],"predecessor-version":[{"id":156500,"href":"https:\/\/www.bellunopress.it\/fr\/wp-json\/wp\/v2\/posts\/156499\/revisions\/156500"}],"wp:featuredmedia":[{"embeddable":true,"href":"https:\/\/www.bellunopress.it\/fr\/wp-json\/wp\/v2\/media\/117786"}],"wp:attachment":[{"href":"https:\/\/www.bellunopress.it\/fr\/wp-json\/wp\/v2\/media?parent=156499"}],"wp:term":[{"taxonomy":"category","embeddable":true,"href":"https:\/\/www.bellunopress.it\/fr\/wp-json\/wp\/v2\/categories?post=156499"},{"taxonomy":"post_tag","embeddable":true,"href":"https:\/\/www.bellunopress.it\/fr\/wp-json\/wp\/v2\/tags?post=156499"}],"curies":[{"name":"wp","href":"https:\/\/api.w.org\/{rel}","templated":true}]}}