{"id":156105,"date":"2024-12-08T10:14:12","date_gmt":"2024-12-08T09:14:12","guid":{"rendered":"https:\/\/www.bellunopress.it\/?p=156105"},"modified":"2024-12-08T10:14:12","modified_gmt":"2024-12-08T09:14:12","slug":"a-verona-la-protesta-di-centopercento-animalisti-contro-luccisione-degli-orsi-in-trentino","status":"publish","type":"post","link":"https:\/\/www.bellunopress.it\/fr\/2024\/12\/08\/a-verona-la-protesta-di-centopercento-animalisti-contro-luccisione-degli-orsi-in-trentino\/","title":{"rendered":"A Verona la protesta di Centopercento animalisti contro l&#8217;uccisione degli orsi in Trentino"},"content":{"rendered":"<p><img loading=\"lazy\" decoding=\"async\" class=\"aligncenter size-full wp-image-156106\" src=\"https:\/\/www.bellunopress.it\/wp-content\/uploads\/2024\/12\/Verona-100-animalisti-help_edited.jpg\" alt=\"\" width=\"930\" height=\"743\" srcset=\"https:\/\/www.bellunopress.it\/wp-content\/uploads\/2024\/12\/Verona-100-animalisti-help_edited.jpg 930w, https:\/\/www.bellunopress.it\/wp-content\/uploads\/2024\/12\/Verona-100-animalisti-help_edited-500x399.jpg 500w, https:\/\/www.bellunopress.it\/wp-content\/uploads\/2024\/12\/Verona-100-animalisti-help_edited-526x420.jpg 526w, https:\/\/www.bellunopress.it\/wp-content\/uploads\/2024\/12\/Verona-100-animalisti-help_edited-696x556.jpg 696w\" sizes=\"auto, (max-width: 930px) 100vw, 930px\" \/>Sabato pomeriggio 7 dicembre 2024 i militanti del Movimento Centopercentoanimalisti sono intervenuti in piazza Bra, a fianco all\u2019Arena di Verona, con uno striscione in lingua inglese per attirare l\u2019attenzione dei turisti sulle esecuzioni degli orsi del Trentino: \u201chelp! in Trentino they kill hibernating bears!\u201d. Dopodich\u00e9 si sono recati a Castelvecchio. Turisti solidali con la protesta, numerose le foto scattate.<\/p>\n<p>&#8220;L&#8217;uccisione dell\u2019orso noto come M91 . fanno sapere gli attivisti di 100% Animalisti &#8211; ha suscitato l\u2019indignazione di ogni persona di coscienza, in tutta Italia e non solo.<\/p>\n<p>L\u2019orso \u00e8 stato assassinato nel sonno &#8211; prosegue la nota di 100% Animalisti &#8211; rintracciato grazie al radiocollare. Ugualmente sconcertante la procedura adottata dal presidente della provincia autonoma di Trento Fugatti, che ha firmato la sentenza di morte durante il week end per evitare opposizioni legali.<\/p>\n<p>M91 era un orso di due anni, un cucciolone, che non aveva mai fatto male a nessuno. Forse incuriosito e attirato da questi strani animali bipedi, non sapendo quanto possano essere crudeli e pericolosi.<\/p>\n<p>I politicanti trentini &#8211; sottolineano Centopercento Animalisti &#8211; mostrano di voler continuare la loro linea di condotta contro la Natura e contro gli animali. Il governo centrale lascia fare, perch\u00e9, in fondo, la pensano come Fugatti.<\/p>\n<p>Solo una grossa mobilitazione e un boicottaggio dei prodotti e delle offerte del Trentino . conclude la nota &#8211; pu\u00f2 salvare orsi, lupi e gli altri animali scomodi\u201d.<\/p>","protected":false},"excerpt":{"rendered":"<p>Sabato pomeriggio 7 dicembre 2024 i militanti del Movimento Centopercentoanimalisti sono intervenuti in piazza Bra, a fianco all\u2019Arena di Verona, con uno striscione in lingua inglese per attirare l\u2019attenzione dei turisti sulle esecuzioni degli orsi del Trentino: \u201chelp! in Trentino they kill hibernating bears!\u201d. Dopodich\u00e9 si sono recati a Castelvecchio. Turisti solidali con la protesta, [&hellip;]<\/p>\n","protected":false},"author":2,"featured_media":156106,"comment_status":"closed","ping_status":"open","sticky":false,"template":"","format":"standard","meta":{"footnotes":""},"categories":[38,26],"tags":[],"class_list":["post-156105","post","type-post","status-publish","format-standard","has-post-thumbnail","category-natura-ambiente","category-prima-pagina"],"yoast_head":"<!-- This site is optimized with the Yoast SEO plugin v28.4 - https:\/\/yoast.com\/product\/yoast-seo-wordpress\/ -->\n<title>A Verona la protesta di Centopercento animalisti contro l&#039;uccisione degli orsi in Trentino - Bellunopress - Dolomiti<\/title>\n<meta name=\"robots\" content=\"index, follow, max-snippet:-1, max-image-preview:large, max-video-preview:-1\" \/>\n<link rel=\"canonical\" href=\"https:\/\/www.bellunopress.it\/fr\/2024\/12\/08\/a-verona-la-protesta-di-centopercento-animalisti-contro-luccisione-degli-orsi-in-trentino\/\" \/>\n<meta property=\"og:locale\" content=\"fr_FR\" \/>\n<meta property=\"og:type\" content=\"article\" \/>\n<meta property=\"og:title\" content=\"A Verona la protesta di Centopercento animalisti contro l&#039;uccisione degli orsi in Trentino - Bellunopress - Dolomiti\" \/>\n<meta property=\"og:description\" content=\"Sabato pomeriggio 7 dicembre 2024 i militanti del Movimento Centopercentoanimalisti sono intervenuti in piazza Bra, a fianco all\u2019Arena di Verona, con uno striscione in lingua inglese per attirare l\u2019attenzione dei turisti sulle esecuzioni degli orsi del Trentino: \u201chelp! in Trentino they kill hibernating bears!\u201d. Dopodich\u00e9 si sono recati a Castelvecchio. Turisti solidali con la protesta, [&hellip;]\" \/>\n<meta property=\"og:url\" content=\"https:\/\/www.bellunopress.it\/fr\/2024\/12\/08\/a-verona-la-protesta-di-centopercento-animalisti-contro-luccisione-degli-orsi-in-trentino\/\" \/>\n<meta property=\"og:site_name\" content=\"Bellunopress - Dolomiti\" \/>\n<meta property=\"article:publisher\" content=\"https:\/\/www.facebook.com\/profile.php?id=100008943462799\" \/>\n<meta property=\"article:published_time\" content=\"2024-12-08T09:14:12+00:00\" \/>\n<meta property=\"og:image\" content=\"https:\/\/www.bellunopress.it\/wp-content\/uploads\/2024\/12\/Verona-100-animalisti-help_edited.jpg\" \/>\n\t<meta property=\"og:image:width\" content=\"930\" \/>\n\t<meta property=\"og:image:height\" content=\"743\" \/>\n\t<meta property=\"og:image:type\" content=\"image\/jpeg\" \/>\n<meta name=\"author\" content=\"redazione\" \/>\n<meta name=\"twitter:card\" content=\"summary_large_image\" \/>\n<meta name=\"twitter:creator\" content=\"@bellunopress\" \/>\n<meta name=\"twitter:site\" content=\"@bellunopress\" \/>\n<meta name=\"twitter:label1\" content=\"\u00c9crit par\" \/>\n\t<meta name=\"twitter:data1\" content=\"redazione\" \/>\n\t<meta name=\"twitter:label2\" content=\"Dur\u00e9e de lecture estim\u00e9e\" \/>\n\t<meta name=\"twitter:data2\" content=\"1 minute\" \/>\n<script type=\"application\/ld+json\" class=\"yoast-schema-graph\">{\"@context\":\"https:\\\/\\\/schema.org\",\"@graph\":[{\"@type\":\"Article\",\"@id\":\"https:\\\/\\\/www.bellunopress.it\\\/2024\\\/12\\\/08\\\/a-verona-la-protesta-di-centopercento-animalisti-contro-luccisione-degli-orsi-in-trentino\\\/#article\",\"isPartOf\":{\"@id\":\"https:\\\/\\\/www.bellunopress.it\\\/2024\\\/12\\\/08\\\/a-verona-la-protesta-di-centopercento-animalisti-contro-luccisione-degli-orsi-in-trentino\\\/\"},\"author\":{\"name\":\"redazione\",\"@id\":\"https:\\\/\\\/www.bellunopress.it\\\/#\\\/schema\\\/person\\\/79bb06722b37ece1c03d3e94beb30d73\"},\"headline\":\"A Verona la protesta di Centopercento animalisti contro l&#8217;uccisione degli orsi in Trentino\",\"datePublished\":\"2024-12-08T09:14:12+00:00\",\"mainEntityOfPage\":{\"@id\":\"https:\\\/\\\/www.bellunopress.it\\\/2024\\\/12\\\/08\\\/a-verona-la-protesta-di-centopercento-animalisti-contro-luccisione-degli-orsi-in-trentino\\\/\"},\"wordCount\":244,\"publisher\":{\"@id\":\"https:\\\/\\\/www.bellunopress.it\\\/#organization\"},\"image\":{\"@id\":\"https:\\\/\\\/www.bellunopress.it\\\/2024\\\/12\\\/08\\\/a-verona-la-protesta-di-centopercento-animalisti-contro-luccisione-degli-orsi-in-trentino\\\/#primaryimage\"},\"thumbnailUrl\":\"https:\\\/\\\/www.bellunopress.it\\\/wp-content\\\/uploads\\\/2024\\\/12\\\/Verona-100-animalisti-help_edited.jpg\",\"articleSection\":[\"Meteo, natura, ambiente, animali\",\"Prima Pagina\"],\"inLanguage\":\"fr-FR\"},{\"@type\":\"WebPage\",\"@id\":\"https:\\\/\\\/www.bellunopress.it\\\/2024\\\/12\\\/08\\\/a-verona-la-protesta-di-centopercento-animalisti-contro-luccisione-degli-orsi-in-trentino\\\/\",\"url\":\"https:\\\/\\\/www.bellunopress.it\\\/2024\\\/12\\\/08\\\/a-verona-la-protesta-di-centopercento-animalisti-contro-luccisione-degli-orsi-in-trentino\\\/\",\"name\":\"A Verona la protesta di Centopercento animalisti contro l'uccisione degli orsi in Trentino - Bellunopress - Dolomiti\",\"isPartOf\":{\"@id\":\"https:\\\/\\\/www.bellunopress.it\\\/#website\"},\"primaryImageOfPage\":{\"@id\":\"https:\\\/\\\/www.bellunopress.it\\\/2024\\\/12\\\/08\\\/a-verona-la-protesta-di-centopercento-animalisti-contro-luccisione-degli-orsi-in-trentino\\\/#primaryimage\"},\"image\":{\"@id\":\"https:\\\/\\\/www.bellunopress.it\\\/2024\\\/12\\\/08\\\/a-verona-la-protesta-di-centopercento-animalisti-contro-luccisione-degli-orsi-in-trentino\\\/#primaryimage\"},\"thumbnailUrl\":\"https:\\\/\\\/www.bellunopress.it\\\/wp-content\\\/uploads\\\/2024\\\/12\\\/Verona-100-animalisti-help_edited.jpg\",\"datePublished\":\"2024-12-08T09:14:12+00:00\",\"breadcrumb\":{\"@id\":\"https:\\\/\\\/www.bellunopress.it\\\/2024\\\/12\\\/08\\\/a-verona-la-protesta-di-centopercento-animalisti-contro-luccisione-degli-orsi-in-trentino\\\/#breadcrumb\"},\"inLanguage\":\"fr-FR\",\"potentialAction\":[{\"@type\":\"ReadAction\",\"target\":[\"https:\\\/\\\/www.bellunopress.it\\\/2024\\\/12\\\/08\\\/a-verona-la-protesta-di-centopercento-animalisti-contro-luccisione-degli-orsi-in-trentino\\\/\"]}]},{\"@type\":\"ImageObject\",\"inLanguage\":\"fr-FR\",\"@id\":\"https:\\\/\\\/www.bellunopress.it\\\/2024\\\/12\\\/08\\\/a-verona-la-protesta-di-centopercento-animalisti-contro-luccisione-degli-orsi-in-trentino\\\/#primaryimage\",\"url\":\"https:\\\/\\\/www.bellunopress.it\\\/wp-content\\\/uploads\\\/2024\\\/12\\\/Verona-100-animalisti-help_edited.jpg\",\"contentUrl\":\"https:\\\/\\\/www.bellunopress.it\\\/wp-content\\\/uploads\\\/2024\\\/12\\\/Verona-100-animalisti-help_edited.jpg\",\"width\":930,\"height\":743},{\"@type\":\"BreadcrumbList\",\"@id\":\"https:\\\/\\\/www.bellunopress.it\\\/2024\\\/12\\\/08\\\/a-verona-la-protesta-di-centopercento-animalisti-contro-luccisione-degli-orsi-in-trentino\\\/#breadcrumb\",\"itemListElement\":[{\"@type\":\"ListItem\",\"position\":1,\"name\":\"Home\",\"item\":\"https:\\\/\\\/www.bellunopress.it\\\/\"},{\"@type\":\"ListItem\",\"position\":2,\"name\":\"A Verona la protesta di Centopercento animalisti contro l&#8217;uccisione degli orsi in Trentino\"}]},{\"@type\":\"WebSite\",\"@id\":\"https:\\\/\\\/www.bellunopress.it\\\/#website\",\"url\":\"https:\\\/\\\/www.bellunopress.it\\\/\",\"name\":\"Bellunopress - Dolomiti\",\"description\":\"e-mail: redazione@bellunopress.it\",\"publisher\":{\"@id\":\"https:\\\/\\\/www.bellunopress.it\\\/#organization\"},\"potentialAction\":[{\"@type\":\"SearchAction\",\"target\":{\"@type\":\"EntryPoint\",\"urlTemplate\":\"https:\\\/\\\/www.bellunopress.it\\\/?s={search_term_string}\"},\"query-input\":{\"@type\":\"PropertyValueSpecification\",\"valueRequired\":true,\"valueName\":\"search_term_string\"}}],\"inLanguage\":\"fr-FR\"},{\"@type\":\"Organization\",\"@id\":\"https:\\\/\\\/www.bellunopress.it\\\/#organization\",\"name\":\"Bellunopress\",\"url\":\"https:\\\/\\\/www.bellunopress.it\\\/\",\"logo\":{\"@type\":\"ImageObject\",\"inLanguage\":\"fr-FR\",\"@id\":\"https:\\\/\\\/www.bellunopress.it\\\/#\\\/schema\\\/logo\\\/image\\\/\",\"url\":\"https:\\\/\\\/www.bellunopress.it\\\/wp-content\\\/uploads\\\/2011\\\/05\\\/cropped-logo-bellunopress-.jpg\",\"contentUrl\":\"https:\\\/\\\/www.bellunopress.it\\\/wp-content\\\/uploads\\\/2011\\\/05\\\/cropped-logo-bellunopress-.jpg\",\"width\":512,\"height\":512,\"caption\":\"Bellunopress\"},\"image\":{\"@id\":\"https:\\\/\\\/www.bellunopress.it\\\/#\\\/schema\\\/logo\\\/image\\\/\"},\"sameAs\":[\"https:\\\/\\\/www.facebook.com\\\/profile.php?id=100008943462799\",\"https:\\\/\\\/x.com\\\/bellunopress\",\"https:\\\/\\\/www.linkedin.com\\\/hp\\\/?dnr=JBzUWaJfMUw8vbXJJ2tVW5-I3jZKvC4wsoxE&amp;amp;amp;amp;amp;amp;trk=nav_responsive_tab_home\",\"https:\\\/\\\/www.youtube.com\\\/channel\\\/UCxL0wu1uN0_3_7hGG0306cw\"]},{\"@type\":\"Person\",\"@id\":\"https:\\\/\\\/www.bellunopress.it\\\/#\\\/schema\\\/person\\\/79bb06722b37ece1c03d3e94beb30d73\",\"name\":\"redazione\",\"image\":{\"@type\":\"ImageObject\",\"inLanguage\":\"fr-FR\",\"@id\":\"https:\\\/\\\/secure.gravatar.com\\\/avatar\\\/37d968a2e67a6fd04c169c4bdef102d0bc5d31b2546345219e348575eb80e9a0?s=96&d=mm&r=g\",\"url\":\"https:\\\/\\\/secure.gravatar.com\\\/avatar\\\/37d968a2e67a6fd04c169c4bdef102d0bc5d31b2546345219e348575eb80e9a0?s=96&d=mm&r=g\",\"contentUrl\":\"https:\\\/\\\/secure.gravatar.com\\\/avatar\\\/37d968a2e67a6fd04c169c4bdef102d0bc5d31b2546345219e348575eb80e9a0?s=96&d=mm&r=g\",\"caption\":\"redazione\"},\"sameAs\":[\"http:\\\/\\\/www.bellunopress.it\",\"https:\\\/\\\/x.com\\\/bellunopress\"],\"url\":\"https:\\\/\\\/www.bellunopress.it\\\/fr\\\/author\\\/redazione\\\/\"}]}<\/script>\n<!-- \/ Yoast SEO plugin. -->","yoast_head_json":{"title":"A Verona la protesta di Centopercento animalisti contro l'uccisione degli orsi in Trentino - Bellunopress - Dolomiti","robots":{"index":"index","follow":"follow","max-snippet":"max-snippet:-1","max-image-preview":"max-image-preview:large","max-video-preview":"max-video-preview:-1"},"canonical":"https:\/\/www.bellunopress.it\/fr\/2024\/12\/08\/a-verona-la-protesta-di-centopercento-animalisti-contro-luccisione-degli-orsi-in-trentino\/","og_locale":"fr_FR","og_type":"article","og_title":"A Verona la protesta di Centopercento animalisti contro l'uccisione degli orsi in Trentino - Bellunopress - Dolomiti","og_description":"Sabato pomeriggio 7 dicembre 2024 i militanti del Movimento Centopercentoanimalisti sono intervenuti in piazza Bra, a fianco all\u2019Arena di Verona, con uno striscione in lingua inglese per attirare l\u2019attenzione dei turisti sulle esecuzioni degli orsi del Trentino: \u201chelp! in Trentino they kill hibernating bears!\u201d. Dopodich\u00e9 si sono recati a Castelvecchio. Turisti solidali con la protesta, [&hellip;]","og_url":"https:\/\/www.bellunopress.it\/fr\/2024\/12\/08\/a-verona-la-protesta-di-centopercento-animalisti-contro-luccisione-degli-orsi-in-trentino\/","og_site_name":"Bellunopress - Dolomiti","article_publisher":"https:\/\/www.facebook.com\/profile.php?id=100008943462799","article_published_time":"2024-12-08T09:14:12+00:00","og_image":[{"width":930,"height":743,"url":"https:\/\/www.bellunopress.it\/wp-content\/uploads\/2024\/12\/Verona-100-animalisti-help_edited.jpg","type":"image\/jpeg"}],"author":"redazione","twitter_card":"summary_large_image","twitter_creator":"@bellunopress","twitter_site":"@bellunopress","twitter_misc":{"\u00c9crit par":"redazione","Dur\u00e9e de lecture estim\u00e9e":"1 minute"},"schema":{"@context":"https:\/\/schema.org","@graph":[{"@type":"Article","@id":"https:\/\/www.bellunopress.it\/2024\/12\/08\/a-verona-la-protesta-di-centopercento-animalisti-contro-luccisione-degli-orsi-in-trentino\/#article","isPartOf":{"@id":"https:\/\/www.bellunopress.it\/2024\/12\/08\/a-verona-la-protesta-di-centopercento-animalisti-contro-luccisione-degli-orsi-in-trentino\/"},"author":{"name":"redazione","@id":"https:\/\/www.bellunopress.it\/#\/schema\/person\/79bb06722b37ece1c03d3e94beb30d73"},"headline":"A Verona la protesta di Centopercento animalisti contro l&#8217;uccisione degli orsi in Trentino","datePublished":"2024-12-08T09:14:12+00:00","mainEntityOfPage":{"@id":"https:\/\/www.bellunopress.it\/2024\/12\/08\/a-verona-la-protesta-di-centopercento-animalisti-contro-luccisione-degli-orsi-in-trentino\/"},"wordCount":244,"publisher":{"@id":"https:\/\/www.bellunopress.it\/#organization"},"image":{"@id":"https:\/\/www.bellunopress.it\/2024\/12\/08\/a-verona-la-protesta-di-centopercento-animalisti-contro-luccisione-degli-orsi-in-trentino\/#primaryimage"},"thumbnailUrl":"https:\/\/www.bellunopress.it\/wp-content\/uploads\/2024\/12\/Verona-100-animalisti-help_edited.jpg","articleSection":["Meteo, natura, ambiente, animali","Prima Pagina"],"inLanguage":"fr-FR"},{"@type":"WebPage","@id":"https:\/\/www.bellunopress.it\/2024\/12\/08\/a-verona-la-protesta-di-centopercento-animalisti-contro-luccisione-degli-orsi-in-trentino\/","url":"https:\/\/www.bellunopress.it\/2024\/12\/08\/a-verona-la-protesta-di-centopercento-animalisti-contro-luccisione-degli-orsi-in-trentino\/","name":"A Verona la protesta di Centopercento animalisti contro l'uccisione degli orsi in Trentino - Bellunopress - Dolomiti","isPartOf":{"@id":"https:\/\/www.bellunopress.it\/#website"},"primaryImageOfPage":{"@id":"https:\/\/www.bellunopress.it\/2024\/12\/08\/a-verona-la-protesta-di-centopercento-animalisti-contro-luccisione-degli-orsi-in-trentino\/#primaryimage"},"image":{"@id":"https:\/\/www.bellunopress.it\/2024\/12\/08\/a-verona-la-protesta-di-centopercento-animalisti-contro-luccisione-degli-orsi-in-trentino\/#primaryimage"},"thumbnailUrl":"https:\/\/www.bellunopress.it\/wp-content\/uploads\/2024\/12\/Verona-100-animalisti-help_edited.jpg","datePublished":"2024-12-08T09:14:12+00:00","breadcrumb":{"@id":"https:\/\/www.bellunopress.it\/2024\/12\/08\/a-verona-la-protesta-di-centopercento-animalisti-contro-luccisione-degli-orsi-in-trentino\/#breadcrumb"},"inLanguage":"fr-FR","potentialAction":[{"@type":"ReadAction","target":["https:\/\/www.bellunopress.it\/2024\/12\/08\/a-verona-la-protesta-di-centopercento-animalisti-contro-luccisione-degli-orsi-in-trentino\/"]}]},{"@type":"ImageObject","inLanguage":"fr-FR","@id":"https:\/\/www.bellunopress.it\/2024\/12\/08\/a-verona-la-protesta-di-centopercento-animalisti-contro-luccisione-degli-orsi-in-trentino\/#primaryimage","url":"https:\/\/www.bellunopress.it\/wp-content\/uploads\/2024\/12\/Verona-100-animalisti-help_edited.jpg","contentUrl":"https:\/\/www.bellunopress.it\/wp-content\/uploads\/2024\/12\/Verona-100-animalisti-help_edited.jpg","width":930,"height":743},{"@type":"BreadcrumbList","@id":"https:\/\/www.bellunopress.it\/2024\/12\/08\/a-verona-la-protesta-di-centopercento-animalisti-contro-luccisione-degli-orsi-in-trentino\/#breadcrumb","itemListElement":[{"@type":"ListItem","position":1,"name":"Home","item":"https:\/\/www.bellunopress.it\/"},{"@type":"ListItem","position":2,"name":"A Verona la protesta di Centopercento animalisti contro l&#8217;uccisione degli orsi in Trentino"}]},{"@type":"WebSite","@id":"https:\/\/www.bellunopress.it\/#website","url":"https:\/\/www.bellunopress.it\/","name":"Bellunopress - Dolomiti","description":"e-mail: redazione@bellunopress.it","publisher":{"@id":"https:\/\/www.bellunopress.it\/#organization"},"potentialAction":[{"@type":"SearchAction","target":{"@type":"EntryPoint","urlTemplate":"https:\/\/www.bellunopress.it\/?s={search_term_string}"},"query-input":{"@type":"PropertyValueSpecification","valueRequired":true,"valueName":"search_term_string"}}],"inLanguage":"fr-FR"},{"@type":"Organization","@id":"https:\/\/www.bellunopress.it\/#organization","name":"Bellunopress","url":"https:\/\/www.bellunopress.it\/","logo":{"@type":"ImageObject","inLanguage":"fr-FR","@id":"https:\/\/www.bellunopress.it\/#\/schema\/logo\/image\/","url":"https:\/\/www.bellunopress.it\/wp-content\/uploads\/2011\/05\/cropped-logo-bellunopress-.jpg","contentUrl":"https:\/\/www.bellunopress.it\/wp-content\/uploads\/2011\/05\/cropped-logo-bellunopress-.jpg","width":512,"height":512,"caption":"Bellunopress"},"image":{"@id":"https:\/\/www.bellunopress.it\/#\/schema\/logo\/image\/"},"sameAs":["https:\/\/www.facebook.com\/profile.php?id=100008943462799","https:\/\/x.com\/bellunopress","https:\/\/www.linkedin.com\/hp\/?dnr=JBzUWaJfMUw8vbXJJ2tVW5-I3jZKvC4wsoxE&amp;amp;amp;amp;amp;amp;trk=nav_responsive_tab_home","https:\/\/www.youtube.com\/channel\/UCxL0wu1uN0_3_7hGG0306cw"]},{"@type":"Person","@id":"https:\/\/www.bellunopress.it\/#\/schema\/person\/79bb06722b37ece1c03d3e94beb30d73","name":"r\u00e9daction","image":{"@type":"ImageObject","inLanguage":"fr-FR","@id":"https:\/\/secure.gravatar.com\/avatar\/37d968a2e67a6fd04c169c4bdef102d0bc5d31b2546345219e348575eb80e9a0?s=96&d=mm&r=g","url":"https:\/\/secure.gravatar.com\/avatar\/37d968a2e67a6fd04c169c4bdef102d0bc5d31b2546345219e348575eb80e9a0?s=96&d=mm&r=g","contentUrl":"https:\/\/secure.gravatar.com\/avatar\/37d968a2e67a6fd04c169c4bdef102d0bc5d31b2546345219e348575eb80e9a0?s=96&d=mm&r=g","caption":"redazione"},"sameAs":["http:\/\/www.bellunopress.it","https:\/\/x.com\/bellunopress"],"url":"https:\/\/www.bellunopress.it\/fr\/author\/redazione\/"}]}},"_links":{"self":[{"href":"https:\/\/www.bellunopress.it\/fr\/wp-json\/wp\/v2\/posts\/156105","targetHints":{"allow":["GET"]}}],"collection":[{"href":"https:\/\/www.bellunopress.it\/fr\/wp-json\/wp\/v2\/posts"}],"about":[{"href":"https:\/\/www.bellunopress.it\/fr\/wp-json\/wp\/v2\/types\/post"}],"author":[{"embeddable":true,"href":"https:\/\/www.bellunopress.it\/fr\/wp-json\/wp\/v2\/users\/2"}],"replies":[{"embeddable":true,"href":"https:\/\/www.bellunopress.it\/fr\/wp-json\/wp\/v2\/comments?post=156105"}],"version-history":[{"count":1,"href":"https:\/\/www.bellunopress.it\/fr\/wp-json\/wp\/v2\/posts\/156105\/revisions"}],"predecessor-version":[{"id":156107,"href":"https:\/\/www.bellunopress.it\/fr\/wp-json\/wp\/v2\/posts\/156105\/revisions\/156107"}],"wp:featuredmedia":[{"embeddable":true,"href":"https:\/\/www.bellunopress.it\/fr\/wp-json\/wp\/v2\/media\/156106"}],"wp:attachment":[{"href":"https:\/\/www.bellunopress.it\/fr\/wp-json\/wp\/v2\/media?parent=156105"}],"wp:term":[{"taxonomy":"category","embeddable":true,"href":"https:\/\/www.bellunopress.it\/fr\/wp-json\/wp\/v2\/categories?post=156105"},{"taxonomy":"post_tag","embeddable":true,"href":"https:\/\/www.bellunopress.it\/fr\/wp-json\/wp\/v2\/tags?post=156105"}],"curies":[{"name":"wp","href":"https:\/\/api.w.org\/{rel}","templated":true}]}}