{"id":156096,"date":"2024-12-07T18:19:24","date_gmt":"2024-12-07T17:19:24","guid":{"rendered":"https:\/\/www.bellunopress.it\/?p=156096"},"modified":"2024-12-07T18:19:24","modified_gmt":"2024-12-07T17:19:24","slug":"concluso-il-convegno-internazionale-le-migrazioni-nelle-alpi-sul-futuro-delle-aree-montane","status":"publish","type":"post","link":"https:\/\/www.bellunopress.it\/fr\/2024\/12\/07\/concluso-il-convegno-internazionale-le-migrazioni-nelle-alpi-sul-futuro-delle-aree-montane\/","title":{"rendered":"Concluso il convegno internazionale Le migrazioni nelle Alpi sul futuro delle aree montane"},"content":{"rendered":"<p>&nbsp;<\/p>\n<figure id=\"attachment_156097\" aria-describedby=\"caption-attachment-156097\" style=\"width: 987px\" class=\"wp-caption aligncenter\"><img loading=\"lazy\" decoding=\"async\" class=\"size-full wp-image-156097\" src=\"https:\/\/www.bellunopress.it\/wp-content\/uploads\/2024\/12\/Fondation-Chanoux_ph-Giuseppe-Geppo-Di-Mauro.jpg\" alt=\"\" width=\"987\" height=\"626\" srcset=\"https:\/\/www.bellunopress.it\/wp-content\/uploads\/2024\/12\/Fondation-Chanoux_ph-Giuseppe-Geppo-Di-Mauro.jpg 987w, https:\/\/www.bellunopress.it\/wp-content\/uploads\/2024\/12\/Fondation-Chanoux_ph-Giuseppe-Geppo-Di-Mauro-500x317.jpg 500w, https:\/\/www.bellunopress.it\/wp-content\/uploads\/2024\/12\/Fondation-Chanoux_ph-Giuseppe-Geppo-Di-Mauro-662x420.jpg 662w, https:\/\/www.bellunopress.it\/wp-content\/uploads\/2024\/12\/Fondation-Chanoux_ph-Giuseppe-Geppo-Di-Mauro-696x441.jpg 696w\" sizes=\"auto, (max-width: 987px) 100vw, 987px\" \/><figcaption id=\"caption-attachment-156097\" class=\"wp-caption-text\">Intervento di Oscar De Bona al Convegno internazionale Le migrazioni nelle Alpi (ph Giuseppe Geppo Di Mauro)<\/figcaption><\/figure>\n<p>Venerd\u00ec 29 novembre 2024, nella suggestiva cornice della Sala Conferenze dell\u2019Area Megalitica di Corso Saint-Martin-de-Corl\u00e9ans ad Aosta, si \u00e8 tenuto il convegno internazionale \u201cLe migrazioni nelle Alpi\u201d.<\/p>\n<p>L\u2019evento ha rappresentato un\u2019importante occasione per riflettere sulle sfide dello spopolamento delle aree montane e sulla necessit\u00e0 di preservare il patrimonio culturale delle Alpi, coinvolgendo esperti, istituzioni e associazioni provenienti da tutta la regione alpina.<\/p>\n<p>Tra gli interventi, Oscar De Bona, presidente dell\u2019Associazione Bellunesi nel Mondo (ABM) e dell\u2019UNAIE \u2013 Unione Nazionale Associazioni Immigrati ed Emigrati, ha sottolineato l\u2019importanza di una prospettiva condivisa tra le regioni alpine. Ha dichiarato: \u00abLa geografia di questo convegno ci ha spinto a parlare di una geografia non in verticale, da sud a nord, ma orizzontale, da est a ovest. Una linea orizzontale che accomuna una vasta area di montagna che si trova ad affrontare le stesse problematiche di spopolamento, di storia di emigrazione e anche di immigrazione. Sono convinto che lavorando tutti assieme possiamo portare un beneficio a tutto il comprensorio alpino dando voce e azione ai nostri emigranti e discendenti\u00bb.<\/p>\n<p><strong>Un ricco programma di interventi<\/strong><br \/>\nIl convegno, articolato in una sessione mattutina e una pomeridiana, ha offerto una panoramica dettagliata sulle dinamiche migratorie alpine e sulle prospettive future per le comunit\u00e0 montane. Dopo i saluti istituzionali di Marl\u00e8ne Domaine, sindaco di Saint-Nicolas, e Luciano Caveri, Assessore agli Affari europei, Innovazione, PNRR e Politiche nazionali per la montagna, si sono susseguiti interventi di alto livello.<\/p>\n<p>Jean-Pierre Martin Perolino, presidente del Comit\u00e9 F\u00e9d\u00e9ral des Soci\u00e9t\u00e9s d\u2019Emigr\u00e9s Vald\u00f4tains (COFESEV), ha illustrato il fenomeno dell\u2019emigrazione valdostana nel mondo, mentre Laurent Rigaud, presidente dei Savoyards du Monde, ha analizzato la carenza di manodopera nelle montagne e l\u2019emigrazione savoiarda. A seguire, Maurizio Tomasi, direttore della rivista Trentini nel Mondo, ha affrontato i temi dell\u2019emigrazione trentina, e Luigi Papais, consigliere dell\u2019Ente Friuli nel Mondo, ha discusso le sfide generazionali per le comunit\u00e0 friulane.<\/p>\n<p>Nel pomeriggio, i lavori si sono concentrati su temi legati alla sostenibilit\u00e0 delle montagne. Andrea Membretti, sociologo delle Universit\u00e0 di Pavia e Torino, ha esplorato il fenomeno delle \u201cmigrazioni verticali\u201d, e Davide Rosso, storico e giornalista, ha approfondito la mobilit\u00e0 della popolazione valdese tra le Alpi, l\u2019Europa e le Americhe. Geremia Gomboso, presidente dell\u2019Istituto Ladin Furlan Pre Checo Placerean, ha evidenziato il ruolo cruciale della pianificazione urbanistica nel contrastare lo spopolamento montano.<\/p>\n<p><strong>Conclusioni e sfide per il futuro<\/strong><br \/>\nMichela Ceccarelli, docente e membro del Comitato scientifico della Fondation E. Chanoux, ha concluso il convegno sottolineando una problematica urgente per la Valle d\u2019Aosta: nel giro di 15 anni, la regione avr\u00e0 bisogno di circa 10mila lavoratori. \u00abBisogna agire subito e assieme\u00bb, ha dichiarato, evidenziando la necessit\u00e0 di una strategia condivisa per attrarre risorse umane.<\/p>\n<p>Anche il presidente della Regione Valle d\u2019Aosta, Renzo Testolin, ha preso la parola, ribadendo l\u2019importanza di sostenere le realt\u00e0 associative impegnate nel fenomeno migratorio, sia storico sia contemporaneo. \u00abQueste associazioni possono davvero portare un risultato fondamentale per lo sviluppo e, per certi aspetti, per la sopravvivenza delle nostre terre di montagna\u00bb, ha sottolineato.<\/p>\n<p>Grazie alla partecipazione di esperti e rappresentanti delle comunit\u00e0 alpine, il convegno si \u00e8 confermato un momento di alto valore, volto a individuare soluzioni concrete per lo sviluppo economico e sociale delle aree montane. Oscar De Bona e le realt\u00e0 che rappresenta hanno dimostrato come il dialogo e la collaborazione tra regioni possano essere strumenti fondamentali per il futuro delle Alpi.<\/p>","protected":false},"excerpt":{"rendered":"<p>&nbsp; Venerd\u00ec 29 novembre 2024, nella suggestiva cornice della Sala Conferenze dell\u2019Area Megalitica di Corso Saint-Martin-de-Corl\u00e9ans ad Aosta, si \u00e8 tenuto il convegno internazionale \u201cLe migrazioni nelle Alpi\u201d. L\u2019evento ha rappresentato un\u2019importante occasione per riflettere sulle sfide dello spopolamento delle aree montane e sulla necessit\u00e0 di preservare il patrimonio culturale delle Alpi, coinvolgendo esperti, istituzioni [&hellip;]<\/p>\n","protected":false},"author":2,"featured_media":156097,"comment_status":"closed","ping_status":"open","sticky":false,"template":"","format":"standard","meta":{"footnotes":""},"categories":[8],"tags":[],"class_list":["post-156096","post","type-post","status-publish","format-standard","has-post-thumbnail","category-societa-istituzioni"],"yoast_head":"<!-- This site is optimized with the Yoast SEO plugin v28.4 - https:\/\/yoast.com\/product\/yoast-seo-wordpress\/ -->\n<title>Concluso il convegno internazionale Le migrazioni nelle Alpi sul futuro delle aree montane - Bellunopress - Dolomiti<\/title>\n<meta name=\"robots\" content=\"index, follow, max-snippet:-1, max-image-preview:large, max-video-preview:-1\" \/>\n<link rel=\"canonical\" href=\"https:\/\/www.bellunopress.it\/fr\/2024\/12\/07\/concluso-il-convegno-internazionale-le-migrazioni-nelle-alpi-sul-futuro-delle-aree-montane\/\" \/>\n<meta property=\"og:locale\" content=\"fr_FR\" \/>\n<meta property=\"og:type\" content=\"article\" \/>\n<meta property=\"og:title\" content=\"Concluso il convegno internazionale Le migrazioni nelle Alpi sul futuro delle aree montane - Bellunopress - Dolomiti\" \/>\n<meta property=\"og:description\" content=\"&nbsp; Venerd\u00ec 29 novembre 2024, nella suggestiva cornice della Sala Conferenze dell\u2019Area Megalitica di Corso Saint-Martin-de-Corl\u00e9ans ad Aosta, si \u00e8 tenuto il convegno internazionale \u201cLe migrazioni nelle Alpi\u201d. L\u2019evento ha rappresentato un\u2019importante occasione per riflettere sulle sfide dello spopolamento delle aree montane e sulla necessit\u00e0 di preservare il patrimonio culturale delle Alpi, coinvolgendo esperti, istituzioni [&hellip;]\" \/>\n<meta property=\"og:url\" content=\"https:\/\/www.bellunopress.it\/fr\/2024\/12\/07\/concluso-il-convegno-internazionale-le-migrazioni-nelle-alpi-sul-futuro-delle-aree-montane\/\" \/>\n<meta property=\"og:site_name\" content=\"Bellunopress - Dolomiti\" \/>\n<meta property=\"article:publisher\" content=\"https:\/\/www.facebook.com\/profile.php?id=100008943462799\" \/>\n<meta property=\"article:published_time\" content=\"2024-12-07T17:19:24+00:00\" \/>\n<meta property=\"og:image\" content=\"https:\/\/www.bellunopress.it\/wp-content\/uploads\/2024\/12\/Fondation-Chanoux_ph-Giuseppe-Geppo-Di-Mauro.jpg\" \/>\n\t<meta property=\"og:image:width\" content=\"987\" \/>\n\t<meta property=\"og:image:height\" content=\"626\" \/>\n\t<meta property=\"og:image:type\" content=\"image\/jpeg\" \/>\n<meta name=\"author\" content=\"redazione\" \/>\n<meta name=\"twitter:card\" content=\"summary_large_image\" \/>\n<meta name=\"twitter:creator\" content=\"@bellunopress\" \/>\n<meta name=\"twitter:site\" content=\"@bellunopress\" \/>\n<meta name=\"twitter:label1\" content=\"\u00c9crit par\" \/>\n\t<meta name=\"twitter:data1\" content=\"redazione\" \/>\n\t<meta name=\"twitter:label2\" content=\"Dur\u00e9e de lecture estim\u00e9e\" \/>\n\t<meta name=\"twitter:data2\" content=\"3 minutes\" \/>\n<script type=\"application\/ld+json\" class=\"yoast-schema-graph\">{\"@context\":\"https:\\\/\\\/schema.org\",\"@graph\":[{\"@type\":\"Article\",\"@id\":\"https:\\\/\\\/www.bellunopress.it\\\/2024\\\/12\\\/07\\\/concluso-il-convegno-internazionale-le-migrazioni-nelle-alpi-sul-futuro-delle-aree-montane\\\/#article\",\"isPartOf\":{\"@id\":\"https:\\\/\\\/www.bellunopress.it\\\/2024\\\/12\\\/07\\\/concluso-il-convegno-internazionale-le-migrazioni-nelle-alpi-sul-futuro-delle-aree-montane\\\/\"},\"author\":{\"name\":\"redazione\",\"@id\":\"https:\\\/\\\/www.bellunopress.it\\\/#\\\/schema\\\/person\\\/79bb06722b37ece1c03d3e94beb30d73\"},\"headline\":\"Concluso il convegno internazionale Le migrazioni nelle Alpi sul futuro delle aree montane\",\"datePublished\":\"2024-12-07T17:19:24+00:00\",\"mainEntityOfPage\":{\"@id\":\"https:\\\/\\\/www.bellunopress.it\\\/2024\\\/12\\\/07\\\/concluso-il-convegno-internazionale-le-migrazioni-nelle-alpi-sul-futuro-delle-aree-montane\\\/\"},\"wordCount\":613,\"publisher\":{\"@id\":\"https:\\\/\\\/www.bellunopress.it\\\/#organization\"},\"image\":{\"@id\":\"https:\\\/\\\/www.bellunopress.it\\\/2024\\\/12\\\/07\\\/concluso-il-convegno-internazionale-le-migrazioni-nelle-alpi-sul-futuro-delle-aree-montane\\\/#primaryimage\"},\"thumbnailUrl\":\"https:\\\/\\\/www.bellunopress.it\\\/wp-content\\\/uploads\\\/2024\\\/12\\\/Fondation-Chanoux_ph-Giuseppe-Geppo-Di-Mauro.jpg\",\"articleSection\":[\"Societ\u00e0, Associazioni, Istituzioni\"],\"inLanguage\":\"fr-FR\"},{\"@type\":\"WebPage\",\"@id\":\"https:\\\/\\\/www.bellunopress.it\\\/2024\\\/12\\\/07\\\/concluso-il-convegno-internazionale-le-migrazioni-nelle-alpi-sul-futuro-delle-aree-montane\\\/\",\"url\":\"https:\\\/\\\/www.bellunopress.it\\\/2024\\\/12\\\/07\\\/concluso-il-convegno-internazionale-le-migrazioni-nelle-alpi-sul-futuro-delle-aree-montane\\\/\",\"name\":\"Concluso il convegno internazionale Le migrazioni nelle Alpi sul futuro delle aree montane - Bellunopress - Dolomiti\",\"isPartOf\":{\"@id\":\"https:\\\/\\\/www.bellunopress.it\\\/#website\"},\"primaryImageOfPage\":{\"@id\":\"https:\\\/\\\/www.bellunopress.it\\\/2024\\\/12\\\/07\\\/concluso-il-convegno-internazionale-le-migrazioni-nelle-alpi-sul-futuro-delle-aree-montane\\\/#primaryimage\"},\"image\":{\"@id\":\"https:\\\/\\\/www.bellunopress.it\\\/2024\\\/12\\\/07\\\/concluso-il-convegno-internazionale-le-migrazioni-nelle-alpi-sul-futuro-delle-aree-montane\\\/#primaryimage\"},\"thumbnailUrl\":\"https:\\\/\\\/www.bellunopress.it\\\/wp-content\\\/uploads\\\/2024\\\/12\\\/Fondation-Chanoux_ph-Giuseppe-Geppo-Di-Mauro.jpg\",\"datePublished\":\"2024-12-07T17:19:24+00:00\",\"breadcrumb\":{\"@id\":\"https:\\\/\\\/www.bellunopress.it\\\/2024\\\/12\\\/07\\\/concluso-il-convegno-internazionale-le-migrazioni-nelle-alpi-sul-futuro-delle-aree-montane\\\/#breadcrumb\"},\"inLanguage\":\"fr-FR\",\"potentialAction\":[{\"@type\":\"ReadAction\",\"target\":[\"https:\\\/\\\/www.bellunopress.it\\\/2024\\\/12\\\/07\\\/concluso-il-convegno-internazionale-le-migrazioni-nelle-alpi-sul-futuro-delle-aree-montane\\\/\"]}]},{\"@type\":\"ImageObject\",\"inLanguage\":\"fr-FR\",\"@id\":\"https:\\\/\\\/www.bellunopress.it\\\/2024\\\/12\\\/07\\\/concluso-il-convegno-internazionale-le-migrazioni-nelle-alpi-sul-futuro-delle-aree-montane\\\/#primaryimage\",\"url\":\"https:\\\/\\\/www.bellunopress.it\\\/wp-content\\\/uploads\\\/2024\\\/12\\\/Fondation-Chanoux_ph-Giuseppe-Geppo-Di-Mauro.jpg\",\"contentUrl\":\"https:\\\/\\\/www.bellunopress.it\\\/wp-content\\\/uploads\\\/2024\\\/12\\\/Fondation-Chanoux_ph-Giuseppe-Geppo-Di-Mauro.jpg\",\"width\":987,\"height\":626,\"caption\":\"Intervento di Oscar De Bona al Convegno internazionale Le migrazioni nelle Alpi (ph Giuseppe Geppo Di Mauro)\"},{\"@type\":\"BreadcrumbList\",\"@id\":\"https:\\\/\\\/www.bellunopress.it\\\/2024\\\/12\\\/07\\\/concluso-il-convegno-internazionale-le-migrazioni-nelle-alpi-sul-futuro-delle-aree-montane\\\/#breadcrumb\",\"itemListElement\":[{\"@type\":\"ListItem\",\"position\":1,\"name\":\"Home\",\"item\":\"https:\\\/\\\/www.bellunopress.it\\\/\"},{\"@type\":\"ListItem\",\"position\":2,\"name\":\"Concluso il convegno internazionale Le migrazioni nelle Alpi sul futuro delle aree montane\"}]},{\"@type\":\"WebSite\",\"@id\":\"https:\\\/\\\/www.bellunopress.it\\\/#website\",\"url\":\"https:\\\/\\\/www.bellunopress.it\\\/\",\"name\":\"Bellunopress - Dolomiti\",\"description\":\"e-mail: redazione@bellunopress.it\",\"publisher\":{\"@id\":\"https:\\\/\\\/www.bellunopress.it\\\/#organization\"},\"potentialAction\":[{\"@type\":\"SearchAction\",\"target\":{\"@type\":\"EntryPoint\",\"urlTemplate\":\"https:\\\/\\\/www.bellunopress.it\\\/?s={search_term_string}\"},\"query-input\":{\"@type\":\"PropertyValueSpecification\",\"valueRequired\":true,\"valueName\":\"search_term_string\"}}],\"inLanguage\":\"fr-FR\"},{\"@type\":\"Organization\",\"@id\":\"https:\\\/\\\/www.bellunopress.it\\\/#organization\",\"name\":\"Bellunopress\",\"url\":\"https:\\\/\\\/www.bellunopress.it\\\/\",\"logo\":{\"@type\":\"ImageObject\",\"inLanguage\":\"fr-FR\",\"@id\":\"https:\\\/\\\/www.bellunopress.it\\\/#\\\/schema\\\/logo\\\/image\\\/\",\"url\":\"https:\\\/\\\/www.bellunopress.it\\\/wp-content\\\/uploads\\\/2011\\\/05\\\/cropped-logo-bellunopress-.jpg\",\"contentUrl\":\"https:\\\/\\\/www.bellunopress.it\\\/wp-content\\\/uploads\\\/2011\\\/05\\\/cropped-logo-bellunopress-.jpg\",\"width\":512,\"height\":512,\"caption\":\"Bellunopress\"},\"image\":{\"@id\":\"https:\\\/\\\/www.bellunopress.it\\\/#\\\/schema\\\/logo\\\/image\\\/\"},\"sameAs\":[\"https:\\\/\\\/www.facebook.com\\\/profile.php?id=100008943462799\",\"https:\\\/\\\/x.com\\\/bellunopress\",\"https:\\\/\\\/www.linkedin.com\\\/hp\\\/?dnr=JBzUWaJfMUw8vbXJJ2tVW5-I3jZKvC4wsoxE&amp;amp;amp;amp;amp;amp;trk=nav_responsive_tab_home\",\"https:\\\/\\\/www.youtube.com\\\/channel\\\/UCxL0wu1uN0_3_7hGG0306cw\"]},{\"@type\":\"Person\",\"@id\":\"https:\\\/\\\/www.bellunopress.it\\\/#\\\/schema\\\/person\\\/79bb06722b37ece1c03d3e94beb30d73\",\"name\":\"redazione\",\"image\":{\"@type\":\"ImageObject\",\"inLanguage\":\"fr-FR\",\"@id\":\"https:\\\/\\\/secure.gravatar.com\\\/avatar\\\/37d968a2e67a6fd04c169c4bdef102d0bc5d31b2546345219e348575eb80e9a0?s=96&d=mm&r=g\",\"url\":\"https:\\\/\\\/secure.gravatar.com\\\/avatar\\\/37d968a2e67a6fd04c169c4bdef102d0bc5d31b2546345219e348575eb80e9a0?s=96&d=mm&r=g\",\"contentUrl\":\"https:\\\/\\\/secure.gravatar.com\\\/avatar\\\/37d968a2e67a6fd04c169c4bdef102d0bc5d31b2546345219e348575eb80e9a0?s=96&d=mm&r=g\",\"caption\":\"redazione\"},\"sameAs\":[\"http:\\\/\\\/www.bellunopress.it\",\"https:\\\/\\\/x.com\\\/bellunopress\"],\"url\":\"https:\\\/\\\/www.bellunopress.it\\\/fr\\\/author\\\/redazione\\\/\"}]}<\/script>\n<!-- \/ Yoast SEO plugin. -->","yoast_head_json":{"title":"Concluso il convegno internazionale Le migrazioni nelle Alpi sul futuro delle aree montane - Bellunopress - Dolomiti","robots":{"index":"index","follow":"follow","max-snippet":"max-snippet:-1","max-image-preview":"max-image-preview:large","max-video-preview":"max-video-preview:-1"},"canonical":"https:\/\/www.bellunopress.it\/fr\/2024\/12\/07\/concluso-il-convegno-internazionale-le-migrazioni-nelle-alpi-sul-futuro-delle-aree-montane\/","og_locale":"fr_FR","og_type":"article","og_title":"Concluso il convegno internazionale Le migrazioni nelle Alpi sul futuro delle aree montane - Bellunopress - Dolomiti","og_description":"&nbsp; Venerd\u00ec 29 novembre 2024, nella suggestiva cornice della Sala Conferenze dell\u2019Area Megalitica di Corso Saint-Martin-de-Corl\u00e9ans ad Aosta, si \u00e8 tenuto il convegno internazionale \u201cLe migrazioni nelle Alpi\u201d. L\u2019evento ha rappresentato un\u2019importante occasione per riflettere sulle sfide dello spopolamento delle aree montane e sulla necessit\u00e0 di preservare il patrimonio culturale delle Alpi, coinvolgendo esperti, istituzioni [&hellip;]","og_url":"https:\/\/www.bellunopress.it\/fr\/2024\/12\/07\/concluso-il-convegno-internazionale-le-migrazioni-nelle-alpi-sul-futuro-delle-aree-montane\/","og_site_name":"Bellunopress - Dolomiti","article_publisher":"https:\/\/www.facebook.com\/profile.php?id=100008943462799","article_published_time":"2024-12-07T17:19:24+00:00","og_image":[{"width":987,"height":626,"url":"https:\/\/www.bellunopress.it\/wp-content\/uploads\/2024\/12\/Fondation-Chanoux_ph-Giuseppe-Geppo-Di-Mauro.jpg","type":"image\/jpeg"}],"author":"redazione","twitter_card":"summary_large_image","twitter_creator":"@bellunopress","twitter_site":"@bellunopress","twitter_misc":{"\u00c9crit par":"redazione","Dur\u00e9e de lecture estim\u00e9e":"3 minutes"},"schema":{"@context":"https:\/\/schema.org","@graph":[{"@type":"Article","@id":"https:\/\/www.bellunopress.it\/2024\/12\/07\/concluso-il-convegno-internazionale-le-migrazioni-nelle-alpi-sul-futuro-delle-aree-montane\/#article","isPartOf":{"@id":"https:\/\/www.bellunopress.it\/2024\/12\/07\/concluso-il-convegno-internazionale-le-migrazioni-nelle-alpi-sul-futuro-delle-aree-montane\/"},"author":{"name":"redazione","@id":"https:\/\/www.bellunopress.it\/#\/schema\/person\/79bb06722b37ece1c03d3e94beb30d73"},"headline":"Concluso il convegno internazionale Le migrazioni nelle Alpi sul futuro delle aree montane","datePublished":"2024-12-07T17:19:24+00:00","mainEntityOfPage":{"@id":"https:\/\/www.bellunopress.it\/2024\/12\/07\/concluso-il-convegno-internazionale-le-migrazioni-nelle-alpi-sul-futuro-delle-aree-montane\/"},"wordCount":613,"publisher":{"@id":"https:\/\/www.bellunopress.it\/#organization"},"image":{"@id":"https:\/\/www.bellunopress.it\/2024\/12\/07\/concluso-il-convegno-internazionale-le-migrazioni-nelle-alpi-sul-futuro-delle-aree-montane\/#primaryimage"},"thumbnailUrl":"https:\/\/www.bellunopress.it\/wp-content\/uploads\/2024\/12\/Fondation-Chanoux_ph-Giuseppe-Geppo-Di-Mauro.jpg","articleSection":["Societ\u00e0, Associazioni, Istituzioni"],"inLanguage":"fr-FR"},{"@type":"WebPage","@id":"https:\/\/www.bellunopress.it\/2024\/12\/07\/concluso-il-convegno-internazionale-le-migrazioni-nelle-alpi-sul-futuro-delle-aree-montane\/","url":"https:\/\/www.bellunopress.it\/2024\/12\/07\/concluso-il-convegno-internazionale-le-migrazioni-nelle-alpi-sul-futuro-delle-aree-montane\/","name":"Concluso il convegno internazionale Le migrazioni nelle Alpi sul futuro delle aree montane - Bellunopress - Dolomiti","isPartOf":{"@id":"https:\/\/www.bellunopress.it\/#website"},"primaryImageOfPage":{"@id":"https:\/\/www.bellunopress.it\/2024\/12\/07\/concluso-il-convegno-internazionale-le-migrazioni-nelle-alpi-sul-futuro-delle-aree-montane\/#primaryimage"},"image":{"@id":"https:\/\/www.bellunopress.it\/2024\/12\/07\/concluso-il-convegno-internazionale-le-migrazioni-nelle-alpi-sul-futuro-delle-aree-montane\/#primaryimage"},"thumbnailUrl":"https:\/\/www.bellunopress.it\/wp-content\/uploads\/2024\/12\/Fondation-Chanoux_ph-Giuseppe-Geppo-Di-Mauro.jpg","datePublished":"2024-12-07T17:19:24+00:00","breadcrumb":{"@id":"https:\/\/www.bellunopress.it\/2024\/12\/07\/concluso-il-convegno-internazionale-le-migrazioni-nelle-alpi-sul-futuro-delle-aree-montane\/#breadcrumb"},"inLanguage":"fr-FR","potentialAction":[{"@type":"ReadAction","target":["https:\/\/www.bellunopress.it\/2024\/12\/07\/concluso-il-convegno-internazionale-le-migrazioni-nelle-alpi-sul-futuro-delle-aree-montane\/"]}]},{"@type":"ImageObject","inLanguage":"fr-FR","@id":"https:\/\/www.bellunopress.it\/2024\/12\/07\/concluso-il-convegno-internazionale-le-migrazioni-nelle-alpi-sul-futuro-delle-aree-montane\/#primaryimage","url":"https:\/\/www.bellunopress.it\/wp-content\/uploads\/2024\/12\/Fondation-Chanoux_ph-Giuseppe-Geppo-Di-Mauro.jpg","contentUrl":"https:\/\/www.bellunopress.it\/wp-content\/uploads\/2024\/12\/Fondation-Chanoux_ph-Giuseppe-Geppo-Di-Mauro.jpg","width":987,"height":626,"caption":"Intervento di Oscar De Bona al Convegno internazionale Le migrazioni nelle Alpi (ph Giuseppe Geppo Di Mauro)"},{"@type":"BreadcrumbList","@id":"https:\/\/www.bellunopress.it\/2024\/12\/07\/concluso-il-convegno-internazionale-le-migrazioni-nelle-alpi-sul-futuro-delle-aree-montane\/#breadcrumb","itemListElement":[{"@type":"ListItem","position":1,"name":"Home","item":"https:\/\/www.bellunopress.it\/"},{"@type":"ListItem","position":2,"name":"Concluso il convegno internazionale Le migrazioni nelle Alpi sul futuro delle aree montane"}]},{"@type":"WebSite","@id":"https:\/\/www.bellunopress.it\/#website","url":"https:\/\/www.bellunopress.it\/","name":"Bellunopress - Dolomiti","description":"e-mail: redazione@bellunopress.it","publisher":{"@id":"https:\/\/www.bellunopress.it\/#organization"},"potentialAction":[{"@type":"SearchAction","target":{"@type":"EntryPoint","urlTemplate":"https:\/\/www.bellunopress.it\/?s={search_term_string}"},"query-input":{"@type":"PropertyValueSpecification","valueRequired":true,"valueName":"search_term_string"}}],"inLanguage":"fr-FR"},{"@type":"Organization","@id":"https:\/\/www.bellunopress.it\/#organization","name":"Bellunopress","url":"https:\/\/www.bellunopress.it\/","logo":{"@type":"ImageObject","inLanguage":"fr-FR","@id":"https:\/\/www.bellunopress.it\/#\/schema\/logo\/image\/","url":"https:\/\/www.bellunopress.it\/wp-content\/uploads\/2011\/05\/cropped-logo-bellunopress-.jpg","contentUrl":"https:\/\/www.bellunopress.it\/wp-content\/uploads\/2011\/05\/cropped-logo-bellunopress-.jpg","width":512,"height":512,"caption":"Bellunopress"},"image":{"@id":"https:\/\/www.bellunopress.it\/#\/schema\/logo\/image\/"},"sameAs":["https:\/\/www.facebook.com\/profile.php?id=100008943462799","https:\/\/x.com\/bellunopress","https:\/\/www.linkedin.com\/hp\/?dnr=JBzUWaJfMUw8vbXJJ2tVW5-I3jZKvC4wsoxE&amp;amp;amp;amp;amp;amp;trk=nav_responsive_tab_home","https:\/\/www.youtube.com\/channel\/UCxL0wu1uN0_3_7hGG0306cw"]},{"@type":"Person","@id":"https:\/\/www.bellunopress.it\/#\/schema\/person\/79bb06722b37ece1c03d3e94beb30d73","name":"r\u00e9daction","image":{"@type":"ImageObject","inLanguage":"fr-FR","@id":"https:\/\/secure.gravatar.com\/avatar\/37d968a2e67a6fd04c169c4bdef102d0bc5d31b2546345219e348575eb80e9a0?s=96&d=mm&r=g","url":"https:\/\/secure.gravatar.com\/avatar\/37d968a2e67a6fd04c169c4bdef102d0bc5d31b2546345219e348575eb80e9a0?s=96&d=mm&r=g","contentUrl":"https:\/\/secure.gravatar.com\/avatar\/37d968a2e67a6fd04c169c4bdef102d0bc5d31b2546345219e348575eb80e9a0?s=96&d=mm&r=g","caption":"redazione"},"sameAs":["http:\/\/www.bellunopress.it","https:\/\/x.com\/bellunopress"],"url":"https:\/\/www.bellunopress.it\/fr\/author\/redazione\/"}]}},"_links":{"self":[{"href":"https:\/\/www.bellunopress.it\/fr\/wp-json\/wp\/v2\/posts\/156096","targetHints":{"allow":["GET"]}}],"collection":[{"href":"https:\/\/www.bellunopress.it\/fr\/wp-json\/wp\/v2\/posts"}],"about":[{"href":"https:\/\/www.bellunopress.it\/fr\/wp-json\/wp\/v2\/types\/post"}],"author":[{"embeddable":true,"href":"https:\/\/www.bellunopress.it\/fr\/wp-json\/wp\/v2\/users\/2"}],"replies":[{"embeddable":true,"href":"https:\/\/www.bellunopress.it\/fr\/wp-json\/wp\/v2\/comments?post=156096"}],"version-history":[{"count":1,"href":"https:\/\/www.bellunopress.it\/fr\/wp-json\/wp\/v2\/posts\/156096\/revisions"}],"predecessor-version":[{"id":156098,"href":"https:\/\/www.bellunopress.it\/fr\/wp-json\/wp\/v2\/posts\/156096\/revisions\/156098"}],"wp:featuredmedia":[{"embeddable":true,"href":"https:\/\/www.bellunopress.it\/fr\/wp-json\/wp\/v2\/media\/156097"}],"wp:attachment":[{"href":"https:\/\/www.bellunopress.it\/fr\/wp-json\/wp\/v2\/media?parent=156096"}],"wp:term":[{"taxonomy":"category","embeddable":true,"href":"https:\/\/www.bellunopress.it\/fr\/wp-json\/wp\/v2\/categories?post=156096"},{"taxonomy":"post_tag","embeddable":true,"href":"https:\/\/www.bellunopress.it\/fr\/wp-json\/wp\/v2\/tags?post=156096"}],"curies":[{"name":"wp","href":"https:\/\/api.w.org\/{rel}","templated":true}]}}