{"id":156093,"date":"2024-12-07T18:09:43","date_gmt":"2024-12-07T17:09:43","guid":{"rendered":"https:\/\/www.bellunopress.it\/?p=156093"},"modified":"2024-12-07T18:09:43","modified_gmt":"2024-12-07T17:09:43","slug":"una-settantina-di-ciclisti-nel-feltrino-per-la-castelli-xmas-ride","status":"publish","type":"post","link":"https:\/\/www.bellunopress.it\/fr\/2024\/12\/07\/una-settantina-di-ciclisti-nel-feltrino-per-la-castelli-xmas-ride\/","title":{"rendered":"Una settantina di ciclisti nel Feltrino per la Castelli Xmas Ride"},"content":{"rendered":"<div><img loading=\"lazy\" decoding=\"async\" class=\"aligncenter size-full wp-image-156094\" src=\"https:\/\/www.bellunopress.it\/wp-content\/uploads\/2024\/12\/Castelli-xmas-gravel_edited.jpg\" alt=\"\" width=\"1000\" height=\"638\" srcset=\"https:\/\/www.bellunopress.it\/wp-content\/uploads\/2024\/12\/Castelli-xmas-gravel_edited.jpg 1000w, https:\/\/www.bellunopress.it\/wp-content\/uploads\/2024\/12\/Castelli-xmas-gravel_edited-500x319.jpg 500w, https:\/\/www.bellunopress.it\/wp-content\/uploads\/2024\/12\/Castelli-xmas-gravel_edited-658x420.jpg 658w, https:\/\/www.bellunopress.it\/wp-content\/uploads\/2024\/12\/Castelli-xmas-gravel_edited-696x444.jpg 696w\" sizes=\"auto, (max-width: 1000px) 100vw, 1000px\" \/>Seren del Grappa, 7 dicembre 2024 &#8211; Al via stamane 70 ciclisti per la Castelli Xmas Ride con partenza e arrivo dallo store della MVC di Seren del Grappa.<\/div>\n<div>Alla pedalata natalizia in &#8220;gravel&#8221; (dall&#8217;inglese &#8220;ghiaia&#8221; ossia con biciclette adatte per strade sterrate, ma capaci di garantire ottime prestazioni anche su superfici asfaltate e veloci),\u00a0hanno partecipato ciclisti da tutto il Veneto e anche qualche straniero, grazie all&#8217;appeal dell&#8217;azienda Castelli.<\/div>\n<div><\/div>\n<div>La social ride ha toccato un po&#8217; tutto il Feltrino con un percorso di circa 50 km. e 500 metri\u00a0di dislivello, portando i gravellisti da Seren a Fonzaso e poi Feltre, attraversato il centro e poi su in centro storico e quindi a Pedavena, con ristoro a vin br\u00fbl\u00e9 e birra di Natale nel Parco della Birreria Pedavena e rientro allo store di via Travagola, ciclabile in via Musil, stradine secondarie di Mugnai.<\/div>\n<div>Al ciclista con l&#8217;abbigliamento pi\u00f9 originale (un Grinch sulle due ruote) \u00e8 stata data in premio la\u00a0maglia rosa autografata da Taddej Pogacar.<\/div>\n<div><\/div>","protected":false},"excerpt":{"rendered":"<p>Seren del Grappa, 7 dicembre 2024 &#8211; Al via stamane 70 ciclisti per la Castelli Xmas Ride con partenza e arrivo dallo store della MVC di Seren del Grappa. Alla pedalata natalizia in &#8220;gravel&#8221; (dall&#8217;inglese &#8220;ghiaia&#8221; ossia con biciclette adatte per strade sterrate, ma capaci di garantire ottime prestazioni anche su superfici asfaltate e veloci),\u00a0hanno [&hellip;]<\/p>\n","protected":false},"author":2,"featured_media":156094,"comment_status":"closed","ping_status":"open","sticky":false,"template":"","format":"standard","meta":{"footnotes":""},"categories":[26,4],"tags":[],"class_list":["post-156093","post","type-post","status-publish","format-standard","has-post-thumbnail","category-prima-pagina","category-sport"],"yoast_head":"<!-- This site is optimized with the Yoast SEO plugin v28.4 - https:\/\/yoast.com\/product\/yoast-seo-wordpress\/ -->\n<title>Una settantina di ciclisti nel Feltrino per la Castelli Xmas Ride - Bellunopress - Dolomiti<\/title>\n<meta name=\"robots\" content=\"index, follow, max-snippet:-1, max-image-preview:large, max-video-preview:-1\" \/>\n<link rel=\"canonical\" href=\"https:\/\/www.bellunopress.it\/fr\/2024\/12\/07\/una-settantina-di-ciclisti-nel-feltrino-per-la-castelli-xmas-ride\/\" \/>\n<meta property=\"og:locale\" content=\"fr_FR\" \/>\n<meta property=\"og:type\" content=\"article\" \/>\n<meta property=\"og:title\" content=\"Una settantina di ciclisti nel Feltrino per la Castelli Xmas Ride - Bellunopress - Dolomiti\" \/>\n<meta property=\"og:description\" content=\"Seren del Grappa, 7 dicembre 2024 &#8211; Al via stamane 70 ciclisti per la Castelli Xmas Ride con partenza e arrivo dallo store della MVC di Seren del Grappa. Alla pedalata natalizia in &#8220;gravel&#8221; (dall&#8217;inglese &#8220;ghiaia&#8221; ossia con biciclette adatte per strade sterrate, ma capaci di garantire ottime prestazioni anche su superfici asfaltate e veloci),\u00a0hanno [&hellip;]\" \/>\n<meta property=\"og:url\" content=\"https:\/\/www.bellunopress.it\/fr\/2024\/12\/07\/una-settantina-di-ciclisti-nel-feltrino-per-la-castelli-xmas-ride\/\" \/>\n<meta property=\"og:site_name\" content=\"Bellunopress - Dolomiti\" \/>\n<meta property=\"article:publisher\" content=\"https:\/\/www.facebook.com\/profile.php?id=100008943462799\" \/>\n<meta property=\"article:published_time\" content=\"2024-12-07T17:09:43+00:00\" \/>\n<meta property=\"og:image\" content=\"https:\/\/www.bellunopress.it\/wp-content\/uploads\/2024\/12\/Castelli-xmas-gravel_edited.jpg\" \/>\n\t<meta property=\"og:image:width\" content=\"1000\" \/>\n\t<meta property=\"og:image:height\" content=\"638\" \/>\n\t<meta property=\"og:image:type\" content=\"image\/jpeg\" \/>\n<meta name=\"author\" content=\"redazione\" \/>\n<meta name=\"twitter:card\" content=\"summary_large_image\" \/>\n<meta name=\"twitter:creator\" content=\"@bellunopress\" \/>\n<meta name=\"twitter:site\" content=\"@bellunopress\" \/>\n<meta name=\"twitter:label1\" content=\"\u00c9crit par\" \/>\n\t<meta name=\"twitter:data1\" content=\"redazione\" \/>\n\t<meta name=\"twitter:label2\" content=\"Dur\u00e9e de lecture estim\u00e9e\" \/>\n\t<meta name=\"twitter:data2\" content=\"1 minute\" \/>\n<script type=\"application\/ld+json\" class=\"yoast-schema-graph\">{\"@context\":\"https:\\\/\\\/schema.org\",\"@graph\":[{\"@type\":\"Article\",\"@id\":\"https:\\\/\\\/www.bellunopress.it\\\/2024\\\/12\\\/07\\\/una-settantina-di-ciclisti-nel-feltrino-per-la-castelli-xmas-ride\\\/#article\",\"isPartOf\":{\"@id\":\"https:\\\/\\\/www.bellunopress.it\\\/2024\\\/12\\\/07\\\/una-settantina-di-ciclisti-nel-feltrino-per-la-castelli-xmas-ride\\\/\"},\"author\":{\"name\":\"redazione\",\"@id\":\"https:\\\/\\\/www.bellunopress.it\\\/#\\\/schema\\\/person\\\/79bb06722b37ece1c03d3e94beb30d73\"},\"headline\":\"Una settantina di ciclisti nel Feltrino per la Castelli Xmas Ride\",\"datePublished\":\"2024-12-07T17:09:43+00:00\",\"mainEntityOfPage\":{\"@id\":\"https:\\\/\\\/www.bellunopress.it\\\/2024\\\/12\\\/07\\\/una-settantina-di-ciclisti-nel-feltrino-per-la-castelli-xmas-ride\\\/\"},\"wordCount\":177,\"publisher\":{\"@id\":\"https:\\\/\\\/www.bellunopress.it\\\/#organization\"},\"image\":{\"@id\":\"https:\\\/\\\/www.bellunopress.it\\\/2024\\\/12\\\/07\\\/una-settantina-di-ciclisti-nel-feltrino-per-la-castelli-xmas-ride\\\/#primaryimage\"},\"thumbnailUrl\":\"https:\\\/\\\/www.bellunopress.it\\\/wp-content\\\/uploads\\\/2024\\\/12\\\/Castelli-xmas-gravel_edited.jpg\",\"articleSection\":[\"Prima Pagina\",\"Sport, tempo libero\"],\"inLanguage\":\"fr-FR\"},{\"@type\":\"WebPage\",\"@id\":\"https:\\\/\\\/www.bellunopress.it\\\/2024\\\/12\\\/07\\\/una-settantina-di-ciclisti-nel-feltrino-per-la-castelli-xmas-ride\\\/\",\"url\":\"https:\\\/\\\/www.bellunopress.it\\\/2024\\\/12\\\/07\\\/una-settantina-di-ciclisti-nel-feltrino-per-la-castelli-xmas-ride\\\/\",\"name\":\"Una settantina di ciclisti nel Feltrino per la Castelli Xmas Ride - Bellunopress - Dolomiti\",\"isPartOf\":{\"@id\":\"https:\\\/\\\/www.bellunopress.it\\\/#website\"},\"primaryImageOfPage\":{\"@id\":\"https:\\\/\\\/www.bellunopress.it\\\/2024\\\/12\\\/07\\\/una-settantina-di-ciclisti-nel-feltrino-per-la-castelli-xmas-ride\\\/#primaryimage\"},\"image\":{\"@id\":\"https:\\\/\\\/www.bellunopress.it\\\/2024\\\/12\\\/07\\\/una-settantina-di-ciclisti-nel-feltrino-per-la-castelli-xmas-ride\\\/#primaryimage\"},\"thumbnailUrl\":\"https:\\\/\\\/www.bellunopress.it\\\/wp-content\\\/uploads\\\/2024\\\/12\\\/Castelli-xmas-gravel_edited.jpg\",\"datePublished\":\"2024-12-07T17:09:43+00:00\",\"breadcrumb\":{\"@id\":\"https:\\\/\\\/www.bellunopress.it\\\/2024\\\/12\\\/07\\\/una-settantina-di-ciclisti-nel-feltrino-per-la-castelli-xmas-ride\\\/#breadcrumb\"},\"inLanguage\":\"fr-FR\",\"potentialAction\":[{\"@type\":\"ReadAction\",\"target\":[\"https:\\\/\\\/www.bellunopress.it\\\/2024\\\/12\\\/07\\\/una-settantina-di-ciclisti-nel-feltrino-per-la-castelli-xmas-ride\\\/\"]}]},{\"@type\":\"ImageObject\",\"inLanguage\":\"fr-FR\",\"@id\":\"https:\\\/\\\/www.bellunopress.it\\\/2024\\\/12\\\/07\\\/una-settantina-di-ciclisti-nel-feltrino-per-la-castelli-xmas-ride\\\/#primaryimage\",\"url\":\"https:\\\/\\\/www.bellunopress.it\\\/wp-content\\\/uploads\\\/2024\\\/12\\\/Castelli-xmas-gravel_edited.jpg\",\"contentUrl\":\"https:\\\/\\\/www.bellunopress.it\\\/wp-content\\\/uploads\\\/2024\\\/12\\\/Castelli-xmas-gravel_edited.jpg\",\"width\":1000,\"height\":638},{\"@type\":\"BreadcrumbList\",\"@id\":\"https:\\\/\\\/www.bellunopress.it\\\/2024\\\/12\\\/07\\\/una-settantina-di-ciclisti-nel-feltrino-per-la-castelli-xmas-ride\\\/#breadcrumb\",\"itemListElement\":[{\"@type\":\"ListItem\",\"position\":1,\"name\":\"Home\",\"item\":\"https:\\\/\\\/www.bellunopress.it\\\/\"},{\"@type\":\"ListItem\",\"position\":2,\"name\":\"Una settantina di ciclisti nel Feltrino per la Castelli Xmas Ride\"}]},{\"@type\":\"WebSite\",\"@id\":\"https:\\\/\\\/www.bellunopress.it\\\/#website\",\"url\":\"https:\\\/\\\/www.bellunopress.it\\\/\",\"name\":\"Bellunopress - Dolomiti\",\"description\":\"e-mail: redazione@bellunopress.it\",\"publisher\":{\"@id\":\"https:\\\/\\\/www.bellunopress.it\\\/#organization\"},\"potentialAction\":[{\"@type\":\"SearchAction\",\"target\":{\"@type\":\"EntryPoint\",\"urlTemplate\":\"https:\\\/\\\/www.bellunopress.it\\\/?s={search_term_string}\"},\"query-input\":{\"@type\":\"PropertyValueSpecification\",\"valueRequired\":true,\"valueName\":\"search_term_string\"}}],\"inLanguage\":\"fr-FR\"},{\"@type\":\"Organization\",\"@id\":\"https:\\\/\\\/www.bellunopress.it\\\/#organization\",\"name\":\"Bellunopress\",\"url\":\"https:\\\/\\\/www.bellunopress.it\\\/\",\"logo\":{\"@type\":\"ImageObject\",\"inLanguage\":\"fr-FR\",\"@id\":\"https:\\\/\\\/www.bellunopress.it\\\/#\\\/schema\\\/logo\\\/image\\\/\",\"url\":\"https:\\\/\\\/www.bellunopress.it\\\/wp-content\\\/uploads\\\/2011\\\/05\\\/cropped-logo-bellunopress-.jpg\",\"contentUrl\":\"https:\\\/\\\/www.bellunopress.it\\\/wp-content\\\/uploads\\\/2011\\\/05\\\/cropped-logo-bellunopress-.jpg\",\"width\":512,\"height\":512,\"caption\":\"Bellunopress\"},\"image\":{\"@id\":\"https:\\\/\\\/www.bellunopress.it\\\/#\\\/schema\\\/logo\\\/image\\\/\"},\"sameAs\":[\"https:\\\/\\\/www.facebook.com\\\/profile.php?id=100008943462799\",\"https:\\\/\\\/x.com\\\/bellunopress\",\"https:\\\/\\\/www.linkedin.com\\\/hp\\\/?dnr=JBzUWaJfMUw8vbXJJ2tVW5-I3jZKvC4wsoxE&amp;amp;amp;amp;amp;amp;trk=nav_responsive_tab_home\",\"https:\\\/\\\/www.youtube.com\\\/channel\\\/UCxL0wu1uN0_3_7hGG0306cw\"]},{\"@type\":\"Person\",\"@id\":\"https:\\\/\\\/www.bellunopress.it\\\/#\\\/schema\\\/person\\\/79bb06722b37ece1c03d3e94beb30d73\",\"name\":\"redazione\",\"image\":{\"@type\":\"ImageObject\",\"inLanguage\":\"fr-FR\",\"@id\":\"https:\\\/\\\/secure.gravatar.com\\\/avatar\\\/37d968a2e67a6fd04c169c4bdef102d0bc5d31b2546345219e348575eb80e9a0?s=96&d=mm&r=g\",\"url\":\"https:\\\/\\\/secure.gravatar.com\\\/avatar\\\/37d968a2e67a6fd04c169c4bdef102d0bc5d31b2546345219e348575eb80e9a0?s=96&d=mm&r=g\",\"contentUrl\":\"https:\\\/\\\/secure.gravatar.com\\\/avatar\\\/37d968a2e67a6fd04c169c4bdef102d0bc5d31b2546345219e348575eb80e9a0?s=96&d=mm&r=g\",\"caption\":\"redazione\"},\"sameAs\":[\"http:\\\/\\\/www.bellunopress.it\",\"https:\\\/\\\/x.com\\\/bellunopress\"],\"url\":\"https:\\\/\\\/www.bellunopress.it\\\/fr\\\/author\\\/redazione\\\/\"}]}<\/script>\n<!-- \/ Yoast SEO plugin. -->","yoast_head_json":{"title":"Una settantina di ciclisti nel Feltrino per la Castelli Xmas Ride - Bellunopress - Dolomiti","robots":{"index":"index","follow":"follow","max-snippet":"max-snippet:-1","max-image-preview":"max-image-preview:large","max-video-preview":"max-video-preview:-1"},"canonical":"https:\/\/www.bellunopress.it\/fr\/2024\/12\/07\/una-settantina-di-ciclisti-nel-feltrino-per-la-castelli-xmas-ride\/","og_locale":"fr_FR","og_type":"article","og_title":"Una settantina di ciclisti nel Feltrino per la Castelli Xmas Ride - Bellunopress - Dolomiti","og_description":"Seren del Grappa, 7 dicembre 2024 &#8211; Al via stamane 70 ciclisti per la Castelli Xmas Ride con partenza e arrivo dallo store della MVC di Seren del Grappa. Alla pedalata natalizia in &#8220;gravel&#8221; (dall&#8217;inglese &#8220;ghiaia&#8221; ossia con biciclette adatte per strade sterrate, ma capaci di garantire ottime prestazioni anche su superfici asfaltate e veloci),\u00a0hanno [&hellip;]","og_url":"https:\/\/www.bellunopress.it\/fr\/2024\/12\/07\/una-settantina-di-ciclisti-nel-feltrino-per-la-castelli-xmas-ride\/","og_site_name":"Bellunopress - Dolomiti","article_publisher":"https:\/\/www.facebook.com\/profile.php?id=100008943462799","article_published_time":"2024-12-07T17:09:43+00:00","og_image":[{"width":1000,"height":638,"url":"https:\/\/www.bellunopress.it\/wp-content\/uploads\/2024\/12\/Castelli-xmas-gravel_edited.jpg","type":"image\/jpeg"}],"author":"redazione","twitter_card":"summary_large_image","twitter_creator":"@bellunopress","twitter_site":"@bellunopress","twitter_misc":{"\u00c9crit par":"redazione","Dur\u00e9e de lecture estim\u00e9e":"1 minute"},"schema":{"@context":"https:\/\/schema.org","@graph":[{"@type":"Article","@id":"https:\/\/www.bellunopress.it\/2024\/12\/07\/una-settantina-di-ciclisti-nel-feltrino-per-la-castelli-xmas-ride\/#article","isPartOf":{"@id":"https:\/\/www.bellunopress.it\/2024\/12\/07\/una-settantina-di-ciclisti-nel-feltrino-per-la-castelli-xmas-ride\/"},"author":{"name":"redazione","@id":"https:\/\/www.bellunopress.it\/#\/schema\/person\/79bb06722b37ece1c03d3e94beb30d73"},"headline":"Una settantina di ciclisti nel Feltrino per la Castelli Xmas Ride","datePublished":"2024-12-07T17:09:43+00:00","mainEntityOfPage":{"@id":"https:\/\/www.bellunopress.it\/2024\/12\/07\/una-settantina-di-ciclisti-nel-feltrino-per-la-castelli-xmas-ride\/"},"wordCount":177,"publisher":{"@id":"https:\/\/www.bellunopress.it\/#organization"},"image":{"@id":"https:\/\/www.bellunopress.it\/2024\/12\/07\/una-settantina-di-ciclisti-nel-feltrino-per-la-castelli-xmas-ride\/#primaryimage"},"thumbnailUrl":"https:\/\/www.bellunopress.it\/wp-content\/uploads\/2024\/12\/Castelli-xmas-gravel_edited.jpg","articleSection":["Prima Pagina","Sport, tempo libero"],"inLanguage":"fr-FR"},{"@type":"WebPage","@id":"https:\/\/www.bellunopress.it\/2024\/12\/07\/una-settantina-di-ciclisti-nel-feltrino-per-la-castelli-xmas-ride\/","url":"https:\/\/www.bellunopress.it\/2024\/12\/07\/una-settantina-di-ciclisti-nel-feltrino-per-la-castelli-xmas-ride\/","name":"Una settantina di ciclisti nel Feltrino per la Castelli Xmas Ride - Bellunopress - Dolomiti","isPartOf":{"@id":"https:\/\/www.bellunopress.it\/#website"},"primaryImageOfPage":{"@id":"https:\/\/www.bellunopress.it\/2024\/12\/07\/una-settantina-di-ciclisti-nel-feltrino-per-la-castelli-xmas-ride\/#primaryimage"},"image":{"@id":"https:\/\/www.bellunopress.it\/2024\/12\/07\/una-settantina-di-ciclisti-nel-feltrino-per-la-castelli-xmas-ride\/#primaryimage"},"thumbnailUrl":"https:\/\/www.bellunopress.it\/wp-content\/uploads\/2024\/12\/Castelli-xmas-gravel_edited.jpg","datePublished":"2024-12-07T17:09:43+00:00","breadcrumb":{"@id":"https:\/\/www.bellunopress.it\/2024\/12\/07\/una-settantina-di-ciclisti-nel-feltrino-per-la-castelli-xmas-ride\/#breadcrumb"},"inLanguage":"fr-FR","potentialAction":[{"@type":"ReadAction","target":["https:\/\/www.bellunopress.it\/2024\/12\/07\/una-settantina-di-ciclisti-nel-feltrino-per-la-castelli-xmas-ride\/"]}]},{"@type":"ImageObject","inLanguage":"fr-FR","@id":"https:\/\/www.bellunopress.it\/2024\/12\/07\/una-settantina-di-ciclisti-nel-feltrino-per-la-castelli-xmas-ride\/#primaryimage","url":"https:\/\/www.bellunopress.it\/wp-content\/uploads\/2024\/12\/Castelli-xmas-gravel_edited.jpg","contentUrl":"https:\/\/www.bellunopress.it\/wp-content\/uploads\/2024\/12\/Castelli-xmas-gravel_edited.jpg","width":1000,"height":638},{"@type":"BreadcrumbList","@id":"https:\/\/www.bellunopress.it\/2024\/12\/07\/una-settantina-di-ciclisti-nel-feltrino-per-la-castelli-xmas-ride\/#breadcrumb","itemListElement":[{"@type":"ListItem","position":1,"name":"Home","item":"https:\/\/www.bellunopress.it\/"},{"@type":"ListItem","position":2,"name":"Una settantina di ciclisti nel Feltrino per la Castelli Xmas Ride"}]},{"@type":"WebSite","@id":"https:\/\/www.bellunopress.it\/#website","url":"https:\/\/www.bellunopress.it\/","name":"Bellunopress - Dolomiti","description":"e-mail: redazione@bellunopress.it","publisher":{"@id":"https:\/\/www.bellunopress.it\/#organization"},"potentialAction":[{"@type":"SearchAction","target":{"@type":"EntryPoint","urlTemplate":"https:\/\/www.bellunopress.it\/?s={search_term_string}"},"query-input":{"@type":"PropertyValueSpecification","valueRequired":true,"valueName":"search_term_string"}}],"inLanguage":"fr-FR"},{"@type":"Organization","@id":"https:\/\/www.bellunopress.it\/#organization","name":"Bellunopress","url":"https:\/\/www.bellunopress.it\/","logo":{"@type":"ImageObject","inLanguage":"fr-FR","@id":"https:\/\/www.bellunopress.it\/#\/schema\/logo\/image\/","url":"https:\/\/www.bellunopress.it\/wp-content\/uploads\/2011\/05\/cropped-logo-bellunopress-.jpg","contentUrl":"https:\/\/www.bellunopress.it\/wp-content\/uploads\/2011\/05\/cropped-logo-bellunopress-.jpg","width":512,"height":512,"caption":"Bellunopress"},"image":{"@id":"https:\/\/www.bellunopress.it\/#\/schema\/logo\/image\/"},"sameAs":["https:\/\/www.facebook.com\/profile.php?id=100008943462799","https:\/\/x.com\/bellunopress","https:\/\/www.linkedin.com\/hp\/?dnr=JBzUWaJfMUw8vbXJJ2tVW5-I3jZKvC4wsoxE&amp;amp;amp;amp;amp;amp;trk=nav_responsive_tab_home","https:\/\/www.youtube.com\/channel\/UCxL0wu1uN0_3_7hGG0306cw"]},{"@type":"Person","@id":"https:\/\/www.bellunopress.it\/#\/schema\/person\/79bb06722b37ece1c03d3e94beb30d73","name":"r\u00e9daction","image":{"@type":"ImageObject","inLanguage":"fr-FR","@id":"https:\/\/secure.gravatar.com\/avatar\/37d968a2e67a6fd04c169c4bdef102d0bc5d31b2546345219e348575eb80e9a0?s=96&d=mm&r=g","url":"https:\/\/secure.gravatar.com\/avatar\/37d968a2e67a6fd04c169c4bdef102d0bc5d31b2546345219e348575eb80e9a0?s=96&d=mm&r=g","contentUrl":"https:\/\/secure.gravatar.com\/avatar\/37d968a2e67a6fd04c169c4bdef102d0bc5d31b2546345219e348575eb80e9a0?s=96&d=mm&r=g","caption":"redazione"},"sameAs":["http:\/\/www.bellunopress.it","https:\/\/x.com\/bellunopress"],"url":"https:\/\/www.bellunopress.it\/fr\/author\/redazione\/"}]}},"_links":{"self":[{"href":"https:\/\/www.bellunopress.it\/fr\/wp-json\/wp\/v2\/posts\/156093","targetHints":{"allow":["GET"]}}],"collection":[{"href":"https:\/\/www.bellunopress.it\/fr\/wp-json\/wp\/v2\/posts"}],"about":[{"href":"https:\/\/www.bellunopress.it\/fr\/wp-json\/wp\/v2\/types\/post"}],"author":[{"embeddable":true,"href":"https:\/\/www.bellunopress.it\/fr\/wp-json\/wp\/v2\/users\/2"}],"replies":[{"embeddable":true,"href":"https:\/\/www.bellunopress.it\/fr\/wp-json\/wp\/v2\/comments?post=156093"}],"version-history":[{"count":1,"href":"https:\/\/www.bellunopress.it\/fr\/wp-json\/wp\/v2\/posts\/156093\/revisions"}],"predecessor-version":[{"id":156095,"href":"https:\/\/www.bellunopress.it\/fr\/wp-json\/wp\/v2\/posts\/156093\/revisions\/156095"}],"wp:featuredmedia":[{"embeddable":true,"href":"https:\/\/www.bellunopress.it\/fr\/wp-json\/wp\/v2\/media\/156094"}],"wp:attachment":[{"href":"https:\/\/www.bellunopress.it\/fr\/wp-json\/wp\/v2\/media?parent=156093"}],"wp:term":[{"taxonomy":"category","embeddable":true,"href":"https:\/\/www.bellunopress.it\/fr\/wp-json\/wp\/v2\/categories?post=156093"},{"taxonomy":"post_tag","embeddable":true,"href":"https:\/\/www.bellunopress.it\/fr\/wp-json\/wp\/v2\/tags?post=156093"}],"curies":[{"name":"wp","href":"https:\/\/api.w.org\/{rel}","templated":true}]}}