{"id":156090,"date":"2024-12-07T11:35:21","date_gmt":"2024-12-07T10:35:21","guid":{"rendered":"https:\/\/www.bellunopress.it\/?p=156090"},"modified":"2024-12-07T11:41:12","modified_gmt":"2024-12-07T10:41:12","slug":"sala-intitolata-al-prof-bartolomeo-zanenga-e-sala-bianchi-intitolata-a-eliseo-dal-pont-lettera-aperta-al-sindaco-di-belluno","status":"publish","type":"post","link":"https:\/\/www.bellunopress.it\/fr\/2024\/12\/07\/sala-intitolata-al-prof-bartolomeo-zanenga-e-sala-bianchi-intitolata-a-eliseo-dal-pont-lettera-aperta-al-sindaco-di-belluno\/","title":{"rendered":"Sala intitolata al prof. Bartolomeo Zanenga e Sala Bianchi intitolata a Eliseo Dal Pont. Lettera aperta al sindaco di Belluno"},"content":{"rendered":"<p><img loading=\"lazy\" decoding=\"async\" class=\"aligncenter size-full wp-image-128801\" src=\"https:\/\/www.bellunopress.it\/wp-content\/uploads\/2021\/10\/lettera_edited.jpg\" alt=\"\" width=\"477\" height=\"224\" \/>Egregio Signor Sindaco di Belluno, Oscar De Pellegrin<\/p>\n<p>nei giorni scorsi si \u00e8 tenuta a Palazzo Crepadona di Belluno una riuscita manifestazione per l\u2019intitolazione di una sala in memoria del Prof. Bartolomeo Zanenga, personaggio illustre e noto, nel Bellunese e non solo, per le sue ricerche storico-letterarie e per la sua attivit\u00e0 politica e militare.<\/p>\n<p>Probabilmente a causa dell\u2019infelice scelta dell\u2019orario prescelto per l\u2019evento, i relatori non hanno avuto la possibilit\u00e0 di accennare con sufficiente compiutezza ai numerosi aspetti dell\u2019 intensa e lodevole vita vissuta dal Prof. Zanenga, dimenticando la sua appartenenza al Rgt. Arditi Paracadutisti nel 1943, all\u2019eroica difesa di Roma nel 1944, alla resa concessa con gli Onori delle armi al suo reparto il 5 maggio 1945 e, soprattutto, alle sofferenze patite nel campo di concentramento americano di Coltano di Pisa in compagnia del grande poeta Ezra Pound. Certamente impossibile sarebbe invece stato dedicare uno spazio sufficiente alla Sua attivit\u00e0 letteraria che non poco riguardo ha dedicato alla sua \u201cPiccola patria\u201d bellunese.<\/p>\n<p>Nel corso della riuscita manifestazione, alla quale ho avuto l\u2019onore di partecipare, ho avuto modo di raccogliere alcuni commenti di persone presenti che non hanno potuto non accostare l\u2019omaggio decretato a questo illustre bellunese con il permanere nel Comune da lei gestito di una sala dedicata dalle precedenti amministrazioni ad un personaggio di differente vaglia.<\/p>\n<p>Il riferimento \u00e8 a quella \u201cSala Bianchi\u201d dedicata molti anni fa a certo Eliseo Dal Pont, partigiano, colpevole e pubblicamente reo confesso dell\u2019accertato massacro di centinaia di militari prigionieri, civili e donne incinte nelle stragi di Lamosano, Cansiglio (BL) e Valdobbiadene (TV) durante la guerra e oltre, crimini ai quali fu messa fine solo dopo l\u2019intervento delle autorit\u00e0 militari americane, come ho gi\u00e0 documentato nelle mie ricerche storiche.<\/p>\n<p>Lei intuir\u00e0, Signor Sindaco, che quella sala intitolata ad un assassino, che gi\u00e0 molte proteste ha sollevato nel passato, non \u00e8 da mettersi in relazione a scontri o simpatie politiche, ma al permanere di una situazione di illegalit\u00e0 dal momento che l\u2019esaltazione della figura e delle gesta di un criminale di guerra, seppur condita da ipocriti e demagogici richiami alla democrazia, alla libert\u00e0 e alla Costituzione, rappresentano un palese reato punibile ai sensi delle vigenti leggi.<\/p>\n<p>Mi auguro e Le chiedo, soprattutto e anche a nome di molti parenti in vita delle vittime di quelle stragi, che la Sua Amministrazione voglia provvedere ad eliminare una stortura che non rende omaggio n\u00e9 alla decenza n\u00e9 alla Storia.<\/p>\n<p>RingraziandoLa per avermi letto, voglia gradire i miei pi\u00f9 distinti ossequi.<\/p>\n<p>Antonio Serena<\/p>","protected":false},"excerpt":{"rendered":"<p>Egregio Signor Sindaco di Belluno, Oscar De Pellegrin nei giorni scorsi si \u00e8 tenuta a Palazzo Crepadona di Belluno una riuscita manifestazione per l\u2019intitolazione di una sala in memoria del Prof. Bartolomeo Zanenga, personaggio illustre e noto, nel Bellunese e non solo, per le sue ricerche storico-letterarie e per la sua attivit\u00e0 politica e militare. [&hellip;]<\/p>\n","protected":false},"author":2,"featured_media":128801,"comment_status":"closed","ping_status":"open","sticky":false,"template":"","format":"standard","meta":{"footnotes":""},"categories":[3368,3446,1,26],"tags":[],"class_list":["post-156090","post","type-post","status-publish","format-standard","has-post-thumbnail","category-cahiers-de-doleances","category-featured","category-leo","category-prima-pagina"],"yoast_head":"<!-- This site is optimized with the Yoast SEO plugin v28.4 - https:\/\/yoast.com\/product\/yoast-seo-wordpress\/ -->\n<title>Sala intitolata al prof. Bartolomeo Zanenga e Sala Bianchi intitolata a Eliseo Dal Pont. Lettera aperta al sindaco di Belluno - Bellunopress - Dolomiti<\/title>\n<meta name=\"robots\" content=\"index, follow, max-snippet:-1, max-image-preview:large, max-video-preview:-1\" \/>\n<link rel=\"canonical\" href=\"https:\/\/www.bellunopress.it\/fr\/2024\/12\/07\/sala-intitolata-al-prof-bartolomeo-zanenga-e-sala-bianchi-intitolata-a-eliseo-dal-pont-lettera-aperta-al-sindaco-di-belluno\/\" \/>\n<meta property=\"og:locale\" content=\"fr_FR\" \/>\n<meta property=\"og:type\" content=\"article\" \/>\n<meta property=\"og:title\" content=\"Sala intitolata al prof. Bartolomeo Zanenga e Sala Bianchi intitolata a Eliseo Dal Pont. Lettera aperta al sindaco di Belluno - Bellunopress - Dolomiti\" \/>\n<meta property=\"og:description\" content=\"Egregio Signor Sindaco di Belluno, Oscar De Pellegrin nei giorni scorsi si \u00e8 tenuta a Palazzo Crepadona di Belluno una riuscita manifestazione per l\u2019intitolazione di una sala in memoria del Prof. Bartolomeo Zanenga, personaggio illustre e noto, nel Bellunese e non solo, per le sue ricerche storico-letterarie e per la sua attivit\u00e0 politica e militare. [&hellip;]\" \/>\n<meta property=\"og:url\" content=\"https:\/\/www.bellunopress.it\/fr\/2024\/12\/07\/sala-intitolata-al-prof-bartolomeo-zanenga-e-sala-bianchi-intitolata-a-eliseo-dal-pont-lettera-aperta-al-sindaco-di-belluno\/\" \/>\n<meta property=\"og:site_name\" content=\"Bellunopress - Dolomiti\" \/>\n<meta property=\"article:publisher\" content=\"https:\/\/www.facebook.com\/profile.php?id=100008943462799\" \/>\n<meta property=\"article:published_time\" content=\"2024-12-07T10:35:21+00:00\" \/>\n<meta property=\"article:modified_time\" content=\"2024-12-07T10:41:12+00:00\" \/>\n<meta property=\"og:image\" content=\"https:\/\/www.bellunopress.it\/wp-content\/uploads\/2021\/10\/lettera_edited.jpg\" \/>\n\t<meta property=\"og:image:width\" content=\"477\" \/>\n\t<meta property=\"og:image:height\" content=\"224\" \/>\n\t<meta property=\"og:image:type\" content=\"image\/jpeg\" \/>\n<meta name=\"author\" content=\"redazione\" \/>\n<meta name=\"twitter:card\" content=\"summary_large_image\" \/>\n<meta name=\"twitter:creator\" content=\"@bellunopress\" \/>\n<meta name=\"twitter:site\" content=\"@bellunopress\" \/>\n<meta name=\"twitter:label1\" content=\"Written by\" \/>\n\t<meta name=\"twitter:data1\" content=\"redazione\" \/>\n\t<meta name=\"twitter:label2\" content=\"Est. reading time\" \/>\n\t<meta name=\"twitter:data2\" content=\"2 minutes\" \/>\n<script type=\"application\/ld+json\" class=\"yoast-schema-graph\">{\"@context\":\"https:\\\/\\\/schema.org\",\"@graph\":[{\"@type\":\"Article\",\"@id\":\"https:\\\/\\\/www.bellunopress.it\\\/2024\\\/12\\\/07\\\/sala-intitolata-al-prof-bartolomeo-zanenga-e-sala-bianchi-intitolata-a-eliseo-dal-pont-lettera-aperta-al-sindaco-di-belluno\\\/#article\",\"isPartOf\":{\"@id\":\"https:\\\/\\\/www.bellunopress.it\\\/2024\\\/12\\\/07\\\/sala-intitolata-al-prof-bartolomeo-zanenga-e-sala-bianchi-intitolata-a-eliseo-dal-pont-lettera-aperta-al-sindaco-di-belluno\\\/\"},\"author\":{\"name\":\"redazione\",\"@id\":\"https:\\\/\\\/www.bellunopress.it\\\/#\\\/schema\\\/person\\\/79bb06722b37ece1c03d3e94beb30d73\"},\"headline\":\"Sala intitolata al prof. Bartolomeo Zanenga e Sala Bianchi intitolata a Eliseo Dal Pont. Lettera aperta al sindaco di Belluno\",\"datePublished\":\"2024-12-07T10:35:21+00:00\",\"dateModified\":\"2024-12-07T10:41:12+00:00\",\"mainEntityOfPage\":{\"@id\":\"https:\\\/\\\/www.bellunopress.it\\\/2024\\\/12\\\/07\\\/sala-intitolata-al-prof-bartolomeo-zanenga-e-sala-bianchi-intitolata-a-eliseo-dal-pont-lettera-aperta-al-sindaco-di-belluno\\\/\"},\"wordCount\":439,\"publisher\":{\"@id\":\"https:\\\/\\\/www.bellunopress.it\\\/#organization\"},\"image\":{\"@id\":\"https:\\\/\\\/www.bellunopress.it\\\/2024\\\/12\\\/07\\\/sala-intitolata-al-prof-bartolomeo-zanenga-e-sala-bianchi-intitolata-a-eliseo-dal-pont-lettera-aperta-al-sindaco-di-belluno\\\/#primaryimage\"},\"thumbnailUrl\":\"https:\\\/\\\/www.bellunopress.it\\\/wp-content\\\/uploads\\\/2021\\\/10\\\/lettera_edited.jpg\",\"articleSection\":[\"Cahiers de dol\u00e9ances\",\"Featured\",\"Lettere Opinioni\",\"Prima Pagina\"],\"inLanguage\":\"fr-FR\"},{\"@type\":\"WebPage\",\"@id\":\"https:\\\/\\\/www.bellunopress.it\\\/2024\\\/12\\\/07\\\/sala-intitolata-al-prof-bartolomeo-zanenga-e-sala-bianchi-intitolata-a-eliseo-dal-pont-lettera-aperta-al-sindaco-di-belluno\\\/\",\"url\":\"https:\\\/\\\/www.bellunopress.it\\\/2024\\\/12\\\/07\\\/sala-intitolata-al-prof-bartolomeo-zanenga-e-sala-bianchi-intitolata-a-eliseo-dal-pont-lettera-aperta-al-sindaco-di-belluno\\\/\",\"name\":\"Sala intitolata al prof. Bartolomeo Zanenga e Sala Bianchi intitolata a Eliseo Dal Pont. Lettera aperta al sindaco di Belluno - Bellunopress - Dolomiti\",\"isPartOf\":{\"@id\":\"https:\\\/\\\/www.bellunopress.it\\\/#website\"},\"primaryImageOfPage\":{\"@id\":\"https:\\\/\\\/www.bellunopress.it\\\/2024\\\/12\\\/07\\\/sala-intitolata-al-prof-bartolomeo-zanenga-e-sala-bianchi-intitolata-a-eliseo-dal-pont-lettera-aperta-al-sindaco-di-belluno\\\/#primaryimage\"},\"image\":{\"@id\":\"https:\\\/\\\/www.bellunopress.it\\\/2024\\\/12\\\/07\\\/sala-intitolata-al-prof-bartolomeo-zanenga-e-sala-bianchi-intitolata-a-eliseo-dal-pont-lettera-aperta-al-sindaco-di-belluno\\\/#primaryimage\"},\"thumbnailUrl\":\"https:\\\/\\\/www.bellunopress.it\\\/wp-content\\\/uploads\\\/2021\\\/10\\\/lettera_edited.jpg\",\"datePublished\":\"2024-12-07T10:35:21+00:00\",\"dateModified\":\"2024-12-07T10:41:12+00:00\",\"breadcrumb\":{\"@id\":\"https:\\\/\\\/www.bellunopress.it\\\/2024\\\/12\\\/07\\\/sala-intitolata-al-prof-bartolomeo-zanenga-e-sala-bianchi-intitolata-a-eliseo-dal-pont-lettera-aperta-al-sindaco-di-belluno\\\/#breadcrumb\"},\"inLanguage\":\"fr-FR\",\"potentialAction\":[{\"@type\":\"ReadAction\",\"target\":[\"https:\\\/\\\/www.bellunopress.it\\\/2024\\\/12\\\/07\\\/sala-intitolata-al-prof-bartolomeo-zanenga-e-sala-bianchi-intitolata-a-eliseo-dal-pont-lettera-aperta-al-sindaco-di-belluno\\\/\"]}]},{\"@type\":\"ImageObject\",\"inLanguage\":\"fr-FR\",\"@id\":\"https:\\\/\\\/www.bellunopress.it\\\/2024\\\/12\\\/07\\\/sala-intitolata-al-prof-bartolomeo-zanenga-e-sala-bianchi-intitolata-a-eliseo-dal-pont-lettera-aperta-al-sindaco-di-belluno\\\/#primaryimage\",\"url\":\"https:\\\/\\\/www.bellunopress.it\\\/wp-content\\\/uploads\\\/2021\\\/10\\\/lettera_edited.jpg\",\"contentUrl\":\"https:\\\/\\\/www.bellunopress.it\\\/wp-content\\\/uploads\\\/2021\\\/10\\\/lettera_edited.jpg\",\"width\":477,\"height\":224},{\"@type\":\"BreadcrumbList\",\"@id\":\"https:\\\/\\\/www.bellunopress.it\\\/2024\\\/12\\\/07\\\/sala-intitolata-al-prof-bartolomeo-zanenga-e-sala-bianchi-intitolata-a-eliseo-dal-pont-lettera-aperta-al-sindaco-di-belluno\\\/#breadcrumb\",\"itemListElement\":[{\"@type\":\"ListItem\",\"position\":1,\"name\":\"Home\",\"item\":\"https:\\\/\\\/www.bellunopress.it\\\/\"},{\"@type\":\"ListItem\",\"position\":2,\"name\":\"Sala intitolata al prof. Bartolomeo Zanenga e Sala Bianchi intitolata a Eliseo Dal Pont. Lettera aperta al sindaco di Belluno\"}]},{\"@type\":\"WebSite\",\"@id\":\"https:\\\/\\\/www.bellunopress.it\\\/#website\",\"url\":\"https:\\\/\\\/www.bellunopress.it\\\/\",\"name\":\"Bellunopress - Dolomiti\",\"description\":\"e-mail: redazione@bellunopress.it\",\"publisher\":{\"@id\":\"https:\\\/\\\/www.bellunopress.it\\\/#organization\"},\"potentialAction\":[{\"@type\":\"SearchAction\",\"target\":{\"@type\":\"EntryPoint\",\"urlTemplate\":\"https:\\\/\\\/www.bellunopress.it\\\/?s={search_term_string}\"},\"query-input\":{\"@type\":\"PropertyValueSpecification\",\"valueRequired\":true,\"valueName\":\"search_term_string\"}}],\"inLanguage\":\"fr-FR\"},{\"@type\":\"Organization\",\"@id\":\"https:\\\/\\\/www.bellunopress.it\\\/#organization\",\"name\":\"Bellunopress\",\"url\":\"https:\\\/\\\/www.bellunopress.it\\\/\",\"logo\":{\"@type\":\"ImageObject\",\"inLanguage\":\"fr-FR\",\"@id\":\"https:\\\/\\\/www.bellunopress.it\\\/#\\\/schema\\\/logo\\\/image\\\/\",\"url\":\"https:\\\/\\\/www.bellunopress.it\\\/wp-content\\\/uploads\\\/2011\\\/05\\\/cropped-logo-bellunopress-.jpg\",\"contentUrl\":\"https:\\\/\\\/www.bellunopress.it\\\/wp-content\\\/uploads\\\/2011\\\/05\\\/cropped-logo-bellunopress-.jpg\",\"width\":512,\"height\":512,\"caption\":\"Bellunopress\"},\"image\":{\"@id\":\"https:\\\/\\\/www.bellunopress.it\\\/#\\\/schema\\\/logo\\\/image\\\/\"},\"sameAs\":[\"https:\\\/\\\/www.facebook.com\\\/profile.php?id=100008943462799\",\"https:\\\/\\\/x.com\\\/bellunopress\",\"https:\\\/\\\/www.linkedin.com\\\/hp\\\/?dnr=JBzUWaJfMUw8vbXJJ2tVW5-I3jZKvC4wsoxE&amp;amp;amp;amp;amp;amp;trk=nav_responsive_tab_home\",\"https:\\\/\\\/www.youtube.com\\\/channel\\\/UCxL0wu1uN0_3_7hGG0306cw\"]},{\"@type\":\"Person\",\"@id\":\"https:\\\/\\\/www.bellunopress.it\\\/#\\\/schema\\\/person\\\/79bb06722b37ece1c03d3e94beb30d73\",\"name\":\"redazione\",\"image\":{\"@type\":\"ImageObject\",\"inLanguage\":\"fr-FR\",\"@id\":\"https:\\\/\\\/secure.gravatar.com\\\/avatar\\\/37d968a2e67a6fd04c169c4bdef102d0bc5d31b2546345219e348575eb80e9a0?s=96&d=mm&r=g\",\"url\":\"https:\\\/\\\/secure.gravatar.com\\\/avatar\\\/37d968a2e67a6fd04c169c4bdef102d0bc5d31b2546345219e348575eb80e9a0?s=96&d=mm&r=g\",\"contentUrl\":\"https:\\\/\\\/secure.gravatar.com\\\/avatar\\\/37d968a2e67a6fd04c169c4bdef102d0bc5d31b2546345219e348575eb80e9a0?s=96&d=mm&r=g\",\"caption\":\"redazione\"},\"sameAs\":[\"http:\\\/\\\/www.bellunopress.it\",\"https:\\\/\\\/x.com\\\/bellunopress\"],\"url\":\"https:\\\/\\\/www.bellunopress.it\\\/fr\\\/author\\\/redazione\\\/\"}]}<\/script>\n<!-- \/ Yoast SEO plugin. -->","yoast_head_json":{"title":"Sala intitolata al prof. Bartolomeo Zanenga e Sala Bianchi intitolata a Eliseo Dal Pont. Lettera aperta al sindaco di Belluno - Bellunopress - Dolomiti","robots":{"index":"index","follow":"follow","max-snippet":"max-snippet:-1","max-image-preview":"max-image-preview:large","max-video-preview":"max-video-preview:-1"},"canonical":"https:\/\/www.bellunopress.it\/fr\/2024\/12\/07\/sala-intitolata-al-prof-bartolomeo-zanenga-e-sala-bianchi-intitolata-a-eliseo-dal-pont-lettera-aperta-al-sindaco-di-belluno\/","og_locale":"fr_FR","og_type":"article","og_title":"Sala intitolata al prof. Bartolomeo Zanenga e Sala Bianchi intitolata a Eliseo Dal Pont. Lettera aperta al sindaco di Belluno - Bellunopress - Dolomiti","og_description":"Egregio Signor Sindaco di Belluno, Oscar De Pellegrin nei giorni scorsi si \u00e8 tenuta a Palazzo Crepadona di Belluno una riuscita manifestazione per l\u2019intitolazione di una sala in memoria del Prof. Bartolomeo Zanenga, personaggio illustre e noto, nel Bellunese e non solo, per le sue ricerche storico-letterarie e per la sua attivit\u00e0 politica e militare. [&hellip;]","og_url":"https:\/\/www.bellunopress.it\/fr\/2024\/12\/07\/sala-intitolata-al-prof-bartolomeo-zanenga-e-sala-bianchi-intitolata-a-eliseo-dal-pont-lettera-aperta-al-sindaco-di-belluno\/","og_site_name":"Bellunopress - Dolomiti","article_publisher":"https:\/\/www.facebook.com\/profile.php?id=100008943462799","article_published_time":"2024-12-07T10:35:21+00:00","article_modified_time":"2024-12-07T10:41:12+00:00","og_image":[{"width":477,"height":224,"url":"https:\/\/www.bellunopress.it\/wp-content\/uploads\/2021\/10\/lettera_edited.jpg","type":"image\/jpeg"}],"author":"redazione","twitter_card":"summary_large_image","twitter_creator":"@bellunopress","twitter_site":"@bellunopress","twitter_misc":{"Written by":"redazione","Est. reading time":"2 minutes"},"schema":{"@context":"https:\/\/schema.org","@graph":[{"@type":"Article","@id":"https:\/\/www.bellunopress.it\/2024\/12\/07\/sala-intitolata-al-prof-bartolomeo-zanenga-e-sala-bianchi-intitolata-a-eliseo-dal-pont-lettera-aperta-al-sindaco-di-belluno\/#article","isPartOf":{"@id":"https:\/\/www.bellunopress.it\/2024\/12\/07\/sala-intitolata-al-prof-bartolomeo-zanenga-e-sala-bianchi-intitolata-a-eliseo-dal-pont-lettera-aperta-al-sindaco-di-belluno\/"},"author":{"name":"redazione","@id":"https:\/\/www.bellunopress.it\/#\/schema\/person\/79bb06722b37ece1c03d3e94beb30d73"},"headline":"Sala intitolata al prof. Bartolomeo Zanenga e Sala Bianchi intitolata a Eliseo Dal Pont. Lettera aperta al sindaco di Belluno","datePublished":"2024-12-07T10:35:21+00:00","dateModified":"2024-12-07T10:41:12+00:00","mainEntityOfPage":{"@id":"https:\/\/www.bellunopress.it\/2024\/12\/07\/sala-intitolata-al-prof-bartolomeo-zanenga-e-sala-bianchi-intitolata-a-eliseo-dal-pont-lettera-aperta-al-sindaco-di-belluno\/"},"wordCount":439,"publisher":{"@id":"https:\/\/www.bellunopress.it\/#organization"},"image":{"@id":"https:\/\/www.bellunopress.it\/2024\/12\/07\/sala-intitolata-al-prof-bartolomeo-zanenga-e-sala-bianchi-intitolata-a-eliseo-dal-pont-lettera-aperta-al-sindaco-di-belluno\/#primaryimage"},"thumbnailUrl":"https:\/\/www.bellunopress.it\/wp-content\/uploads\/2021\/10\/lettera_edited.jpg","articleSection":["Cahiers de dol\u00e9ances","Featured","Lettere Opinioni","Prima Pagina"],"inLanguage":"fr-FR"},{"@type":"WebPage","@id":"https:\/\/www.bellunopress.it\/2024\/12\/07\/sala-intitolata-al-prof-bartolomeo-zanenga-e-sala-bianchi-intitolata-a-eliseo-dal-pont-lettera-aperta-al-sindaco-di-belluno\/","url":"https:\/\/www.bellunopress.it\/2024\/12\/07\/sala-intitolata-al-prof-bartolomeo-zanenga-e-sala-bianchi-intitolata-a-eliseo-dal-pont-lettera-aperta-al-sindaco-di-belluno\/","name":"Sala intitolata al prof. Bartolomeo Zanenga e Sala Bianchi intitolata a Eliseo Dal Pont. Lettera aperta al sindaco di Belluno - Bellunopress - Dolomiti","isPartOf":{"@id":"https:\/\/www.bellunopress.it\/#website"},"primaryImageOfPage":{"@id":"https:\/\/www.bellunopress.it\/2024\/12\/07\/sala-intitolata-al-prof-bartolomeo-zanenga-e-sala-bianchi-intitolata-a-eliseo-dal-pont-lettera-aperta-al-sindaco-di-belluno\/#primaryimage"},"image":{"@id":"https:\/\/www.bellunopress.it\/2024\/12\/07\/sala-intitolata-al-prof-bartolomeo-zanenga-e-sala-bianchi-intitolata-a-eliseo-dal-pont-lettera-aperta-al-sindaco-di-belluno\/#primaryimage"},"thumbnailUrl":"https:\/\/www.bellunopress.it\/wp-content\/uploads\/2021\/10\/lettera_edited.jpg","datePublished":"2024-12-07T10:35:21+00:00","dateModified":"2024-12-07T10:41:12+00:00","breadcrumb":{"@id":"https:\/\/www.bellunopress.it\/2024\/12\/07\/sala-intitolata-al-prof-bartolomeo-zanenga-e-sala-bianchi-intitolata-a-eliseo-dal-pont-lettera-aperta-al-sindaco-di-belluno\/#breadcrumb"},"inLanguage":"fr-FR","potentialAction":[{"@type":"ReadAction","target":["https:\/\/www.bellunopress.it\/2024\/12\/07\/sala-intitolata-al-prof-bartolomeo-zanenga-e-sala-bianchi-intitolata-a-eliseo-dal-pont-lettera-aperta-al-sindaco-di-belluno\/"]}]},{"@type":"ImageObject","inLanguage":"fr-FR","@id":"https:\/\/www.bellunopress.it\/2024\/12\/07\/sala-intitolata-al-prof-bartolomeo-zanenga-e-sala-bianchi-intitolata-a-eliseo-dal-pont-lettera-aperta-al-sindaco-di-belluno\/#primaryimage","url":"https:\/\/www.bellunopress.it\/wp-content\/uploads\/2021\/10\/lettera_edited.jpg","contentUrl":"https:\/\/www.bellunopress.it\/wp-content\/uploads\/2021\/10\/lettera_edited.jpg","width":477,"height":224},{"@type":"BreadcrumbList","@id":"https:\/\/www.bellunopress.it\/2024\/12\/07\/sala-intitolata-al-prof-bartolomeo-zanenga-e-sala-bianchi-intitolata-a-eliseo-dal-pont-lettera-aperta-al-sindaco-di-belluno\/#breadcrumb","itemListElement":[{"@type":"ListItem","position":1,"name":"Home","item":"https:\/\/www.bellunopress.it\/"},{"@type":"ListItem","position":2,"name":"Sala intitolata al prof. Bartolomeo Zanenga e Sala Bianchi intitolata a Eliseo Dal Pont. Lettera aperta al sindaco di Belluno"}]},{"@type":"WebSite","@id":"https:\/\/www.bellunopress.it\/#website","url":"https:\/\/www.bellunopress.it\/","name":"Bellunopress - Dolomiti","description":"e-mail: redazione@bellunopress.it","publisher":{"@id":"https:\/\/www.bellunopress.it\/#organization"},"potentialAction":[{"@type":"SearchAction","target":{"@type":"EntryPoint","urlTemplate":"https:\/\/www.bellunopress.it\/?s={search_term_string}"},"query-input":{"@type":"PropertyValueSpecification","valueRequired":true,"valueName":"search_term_string"}}],"inLanguage":"fr-FR"},{"@type":"Organization","@id":"https:\/\/www.bellunopress.it\/#organization","name":"Bellunopress","url":"https:\/\/www.bellunopress.it\/","logo":{"@type":"ImageObject","inLanguage":"fr-FR","@id":"https:\/\/www.bellunopress.it\/#\/schema\/logo\/image\/","url":"https:\/\/www.bellunopress.it\/wp-content\/uploads\/2011\/05\/cropped-logo-bellunopress-.jpg","contentUrl":"https:\/\/www.bellunopress.it\/wp-content\/uploads\/2011\/05\/cropped-logo-bellunopress-.jpg","width":512,"height":512,"caption":"Bellunopress"},"image":{"@id":"https:\/\/www.bellunopress.it\/#\/schema\/logo\/image\/"},"sameAs":["https:\/\/www.facebook.com\/profile.php?id=100008943462799","https:\/\/x.com\/bellunopress","https:\/\/www.linkedin.com\/hp\/?dnr=JBzUWaJfMUw8vbXJJ2tVW5-I3jZKvC4wsoxE&amp;amp;amp;amp;amp;amp;trk=nav_responsive_tab_home","https:\/\/www.youtube.com\/channel\/UCxL0wu1uN0_3_7hGG0306cw"]},{"@type":"Person","@id":"https:\/\/www.bellunopress.it\/#\/schema\/person\/79bb06722b37ece1c03d3e94beb30d73","name":"r\u00e9daction","image":{"@type":"ImageObject","inLanguage":"fr-FR","@id":"https:\/\/secure.gravatar.com\/avatar\/37d968a2e67a6fd04c169c4bdef102d0bc5d31b2546345219e348575eb80e9a0?s=96&d=mm&r=g","url":"https:\/\/secure.gravatar.com\/avatar\/37d968a2e67a6fd04c169c4bdef102d0bc5d31b2546345219e348575eb80e9a0?s=96&d=mm&r=g","contentUrl":"https:\/\/secure.gravatar.com\/avatar\/37d968a2e67a6fd04c169c4bdef102d0bc5d31b2546345219e348575eb80e9a0?s=96&d=mm&r=g","caption":"redazione"},"sameAs":["http:\/\/www.bellunopress.it","https:\/\/x.com\/bellunopress"],"url":"https:\/\/www.bellunopress.it\/fr\/author\/redazione\/"}]}},"_links":{"self":[{"href":"https:\/\/www.bellunopress.it\/fr\/wp-json\/wp\/v2\/posts\/156090","targetHints":{"allow":["GET"]}}],"collection":[{"href":"https:\/\/www.bellunopress.it\/fr\/wp-json\/wp\/v2\/posts"}],"about":[{"href":"https:\/\/www.bellunopress.it\/fr\/wp-json\/wp\/v2\/types\/post"}],"author":[{"embeddable":true,"href":"https:\/\/www.bellunopress.it\/fr\/wp-json\/wp\/v2\/users\/2"}],"replies":[{"embeddable":true,"href":"https:\/\/www.bellunopress.it\/fr\/wp-json\/wp\/v2\/comments?post=156090"}],"version-history":[{"count":1,"href":"https:\/\/www.bellunopress.it\/fr\/wp-json\/wp\/v2\/posts\/156090\/revisions"}],"predecessor-version":[{"id":156091,"href":"https:\/\/www.bellunopress.it\/fr\/wp-json\/wp\/v2\/posts\/156090\/revisions\/156091"}],"wp:featuredmedia":[{"embeddable":true,"href":"https:\/\/www.bellunopress.it\/fr\/wp-json\/wp\/v2\/media\/128801"}],"wp:attachment":[{"href":"https:\/\/www.bellunopress.it\/fr\/wp-json\/wp\/v2\/media?parent=156090"}],"wp:term":[{"taxonomy":"category","embeddable":true,"href":"https:\/\/www.bellunopress.it\/fr\/wp-json\/wp\/v2\/categories?post=156090"},{"taxonomy":"post_tag","embeddable":true,"href":"https:\/\/www.bellunopress.it\/fr\/wp-json\/wp\/v2\/tags?post=156090"}],"curies":[{"name":"wp","href":"https:\/\/api.w.org\/{rel}","templated":true}]}}