{"id":156073,"date":"2024-12-07T09:59:33","date_gmt":"2024-12-07T08:59:33","guid":{"rendered":"https:\/\/www.bellunopress.it\/?p=156073"},"modified":"2024-12-06T18:09:49","modified_gmt":"2024-12-06T17:09:49","slug":"156073","status":"publish","type":"post","link":"https:\/\/www.bellunopress.it\/fr\/2024\/12\/07\/156073\/","title":{"rendered":"La Zanon orienta, seconda edizione. Gli icontri di orientamento alla Scuola secondaria di I\u00b0 grado di Castion"},"content":{"rendered":"<p><img loading=\"lazy\" decoding=\"async\" class=\"aligncenter size-full wp-image-156074\" src=\"https:\/\/www.bellunopress.it\/wp-content\/uploads\/2024\/12\/scuola-di-I-grado-Zanon-di-Castion.jpg\" alt=\"\" width=\"1000\" height=\"750\" srcset=\"https:\/\/www.bellunopress.it\/wp-content\/uploads\/2024\/12\/scuola-di-I-grado-Zanon-di-Castion.jpg 1000w, https:\/\/www.bellunopress.it\/wp-content\/uploads\/2024\/12\/scuola-di-I-grado-Zanon-di-Castion-500x375.jpg 500w, https:\/\/www.bellunopress.it\/wp-content\/uploads\/2024\/12\/scuola-di-I-grado-Zanon-di-Castion-560x420.jpg 560w, https:\/\/www.bellunopress.it\/wp-content\/uploads\/2024\/12\/scuola-di-I-grado-Zanon-di-Castion-80x60.jpg 80w, https:\/\/www.bellunopress.it\/wp-content\/uploads\/2024\/12\/scuola-di-I-grado-Zanon-di-Castion-696x522.jpg 696w\" sizes=\"auto, (max-width: 1000px) 100vw, 1000px\" \/>Dal 2 al 7 dicembre scorso la Scuola secondaria di I\u00b0 grado &#8220;Zanon&#8221; di Castion ha riaperto le aule dell&#8217;istituto di Via San Cipriano alla societ\u00e0 bellunese, accogliendo professionisti di diversi ambiti lavorativi per la seconda edizione de &#8220;La Zanon Orienta&#8221;, una rassegna formativa in cui presente e futuro si sono mescolati, lasciando aprire agli alunni finestre d&#8217;ispirazione inaspettate sul loro percorso d&#8217;Orientamento.<\/p>\n<p>Fare la differenza nella scelta della scuola secondaria di II grado per le classi terze (Gennaio 2025) o dare ispirazione, sollecitazioni alle classi prime e seconde nel loro percorso triennale di orientamento, questo \u00e8 stato l&#8217;obiettivo della manifestazione. La Scuola secondaria di I\u00b0 grado si configura da 60 anni come palestra di metodo e di orientamento, come gancio tra l&#8217;infanzia e l&#8217;adolescenza e da due anni ha consolidato questa missione cogliendo l&#8217;opportunit\u00e0 del Ministero dell&#8217;Istruzione e del merito di dedicare trenta ore all&#8217;orientamento, in modo tale da fornire agli studenti le chiavi per una pi\u00f9 accurata conoscenza delle proprie attitudini e dei propri interessi.<\/p>\n<p>Le docenti referenti &#8220;Orientamento IC3 Belluno&#8221;, proff.sse Manuela Crestani e Silvia De Toffol, hanno aggiunto per quest&#8217;edizione un ulteriore tassello formativo mediante i &#8220;Quaderni di Orientamento&#8221;, base di partenza per attivit\u00e0 di riflessione guidate dai docenti curricolari su &#8220;Conoscenza di s\u00e9 per una scelta consapevole&#8221; nelle dieci classi.<\/p>\n<p>Un&#8217;attivit\u00e0 che si \u00e8 rivelata utile e complementare agli incontri e alle attivit\u00e0 laboratoriali degli esperti esterni, caratterizzati da diciotto incontri con genitori degli alunni invitati in veste di professionisti dell&#8217;ambito giuridico, medico, della ristorazione o creativo artistico, e tre laboratori operativi a cura del C.F.S.: &#8220;Scopriamo il percorso dell&#8217;acqua&#8221; (rivolto alle classi prime) a cura di Guerrino Argenta, &#8220;Lavorazione di intonaci&#8221; (destinato alle classi seconde) a cura di Renato Pellegrinotti e Denis Zanin ed &#8220;Esperimenti elettrici&#8221; a cura di Luca Vedana, che aveva le classi terze come protagonisti dell&#8217;attivit\u00e0 proposta.<\/p>\n<p>Il fil rouge degli incontri e dei laboratori alla &#8220;Zanon&#8221; \u00e8 stato quello di &#8220;Non lasciarsi tarpare le ali, se vuoi sognare&#8221;, costruendo un proprio, personalizzato, metodo di studio per un mondo del lavoro che ha bisogno delle seguenti competenze o skill, come definite dall&#8217;U.E. a Lisbona nel 2018: &#8220;Capacit\u00e0 di sintesi&#8221;, &#8220;Team work&#8221; e &#8220;Multilinguismo&#8221;.<\/p>\n<p>Anche quest&#8217;anno il Comitato genitori della &#8220;Zanon&#8221;, nella scelta dei diciotto professionisti che avrebbero tenuto gli incontri interattivi, e il Centro per la formazione e la sicurezza di Belluno (nella figura del referente per l&#8217;Orientamento, prof. Damiano Burigo), per i laboratori, hanno dato il loro importante contributo per la buona riuscita della manifestazione.<\/p>\n<p>Un sistema triangolare, tra genitori, docenti esperti e docenti curricolari, quello creato dalle docenti referenti, che ha dato vita alla cosiddetta &#8220;Comunit\u00e0 educante&#8221;, cardine del Piano Triennale dell&#8217;Offerta formativa dell&#8217;I.C. 3, facendo s\u00ec che fossero per una settimana gli alunni a spostarsi tra le aule, come nei moderni college anglosassoni, sperimentando gi\u00e0 nel muoversi da soli verso l&#8217;aula degli incontri e delle attivit\u00e0 un barlume di consapevolezza nei primi passi di una scelta, che non ti porta necessariamente dove vuoi, ma ti tolgono da dove sei, cambiandone il punto di vista, la prospettiva. Aria nuova per orizzonti diversi e fatti di consapevolezza. Quanto serve per far scegliere ai nostri alunni e alle nostre alunne come sar\u00e0 il proprio domani.&#8221;<\/p>","protected":false},"excerpt":{"rendered":"<p>Dal 2 al 7 dicembre scorso la Scuola secondaria di I\u00b0 grado &#8220;Zanon&#8221; di Castion ha riaperto le aule dell&#8217;istituto di Via San Cipriano alla societ\u00e0 bellunese, accogliendo professionisti di diversi ambiti lavorativi per la seconda edizione de &#8220;La Zanon Orienta&#8221;, una rassegna formativa in cui presente e futuro si sono mescolati, lasciando aprire agli [&hellip;]<\/p>\n","protected":false},"author":2,"featured_media":156074,"comment_status":"closed","ping_status":"open","sticky":false,"template":"","format":"standard","meta":{"footnotes":""},"categories":[26,15],"tags":[],"class_list":["post-156073","post","type-post","status-publish","format-standard","has-post-thumbnail","category-prima-pagina","category-scuola"],"yoast_head":"<!-- This site is optimized with the Yoast SEO plugin v28.4 - https:\/\/yoast.com\/product\/yoast-seo-wordpress\/ -->\n<title>La Zanon orienta, seconda edizione. Gli icontri di orientamento alla Scuola secondaria di I\u00b0 grado di Castion - Bellunopress - Dolomiti<\/title>\n<meta name=\"robots\" content=\"index, follow, max-snippet:-1, max-image-preview:large, max-video-preview:-1\" \/>\n<link rel=\"canonical\" href=\"https:\/\/www.bellunopress.it\/fr\/2024\/12\/07\/156073\/\" \/>\n<meta property=\"og:locale\" content=\"fr_FR\" \/>\n<meta property=\"og:type\" content=\"article\" \/>\n<meta property=\"og:title\" content=\"La Zanon orienta, seconda edizione. Gli icontri di orientamento alla Scuola secondaria di I\u00b0 grado di Castion - Bellunopress - Dolomiti\" \/>\n<meta property=\"og:description\" content=\"Dal 2 al 7 dicembre scorso la Scuola secondaria di I\u00b0 grado &#8220;Zanon&#8221; di Castion ha riaperto le aule dell&#8217;istituto di Via San Cipriano alla societ\u00e0 bellunese, accogliendo professionisti di diversi ambiti lavorativi per la seconda edizione de &#8220;La Zanon Orienta&#8221;, una rassegna formativa in cui presente e futuro si sono mescolati, lasciando aprire agli [&hellip;]\" \/>\n<meta property=\"og:url\" content=\"https:\/\/www.bellunopress.it\/fr\/2024\/12\/07\/156073\/\" \/>\n<meta property=\"og:site_name\" content=\"Bellunopress - Dolomiti\" \/>\n<meta property=\"article:publisher\" content=\"https:\/\/www.facebook.com\/profile.php?id=100008943462799\" \/>\n<meta property=\"article:published_time\" content=\"2024-12-07T08:59:33+00:00\" \/>\n<meta property=\"og:image\" content=\"https:\/\/www.bellunopress.it\/wp-content\/uploads\/2024\/12\/scuola-di-I-grado-Zanon-di-Castion.jpg\" \/>\n\t<meta property=\"og:image:width\" content=\"1000\" \/>\n\t<meta property=\"og:image:height\" content=\"750\" \/>\n\t<meta property=\"og:image:type\" content=\"image\/jpeg\" \/>\n<meta name=\"author\" content=\"redazione\" \/>\n<meta name=\"twitter:card\" content=\"summary_large_image\" \/>\n<meta name=\"twitter:creator\" content=\"@bellunopress\" \/>\n<meta name=\"twitter:site\" content=\"@bellunopress\" \/>\n<meta name=\"twitter:label1\" content=\"\u00c9crit par\" \/>\n\t<meta name=\"twitter:data1\" content=\"redazione\" \/>\n\t<meta name=\"twitter:label2\" content=\"Dur\u00e9e de lecture estim\u00e9e\" \/>\n\t<meta name=\"twitter:data2\" content=\"3 minutes\" \/>\n<script type=\"application\/ld+json\" class=\"yoast-schema-graph\">{\"@context\":\"https:\\\/\\\/schema.org\",\"@graph\":[{\"@type\":\"Article\",\"@id\":\"https:\\\/\\\/www.bellunopress.it\\\/2024\\\/12\\\/07\\\/156073\\\/#article\",\"isPartOf\":{\"@id\":\"https:\\\/\\\/www.bellunopress.it\\\/2024\\\/12\\\/07\\\/156073\\\/\"},\"author\":{\"name\":\"redazione\",\"@id\":\"https:\\\/\\\/www.bellunopress.it\\\/#\\\/schema\\\/person\\\/79bb06722b37ece1c03d3e94beb30d73\"},\"headline\":\"La Zanon orienta, seconda edizione. Gli icontri di orientamento alla Scuola secondaria di I\u00b0 grado di Castion\",\"datePublished\":\"2024-12-07T08:59:33+00:00\",\"mainEntityOfPage\":{\"@id\":\"https:\\\/\\\/www.bellunopress.it\\\/2024\\\/12\\\/07\\\/156073\\\/\"},\"wordCount\":567,\"publisher\":{\"@id\":\"https:\\\/\\\/www.bellunopress.it\\\/#organization\"},\"image\":{\"@id\":\"https:\\\/\\\/www.bellunopress.it\\\/2024\\\/12\\\/07\\\/156073\\\/#primaryimage\"},\"thumbnailUrl\":\"https:\\\/\\\/www.bellunopress.it\\\/wp-content\\\/uploads\\\/2024\\\/12\\\/scuola-di-I-grado-Zanon-di-Castion.jpg\",\"articleSection\":[\"Prima Pagina\",\"Scuola\"],\"inLanguage\":\"fr-FR\"},{\"@type\":\"WebPage\",\"@id\":\"https:\\\/\\\/www.bellunopress.it\\\/2024\\\/12\\\/07\\\/156073\\\/\",\"url\":\"https:\\\/\\\/www.bellunopress.it\\\/2024\\\/12\\\/07\\\/156073\\\/\",\"name\":\"La Zanon orienta, seconda edizione. Gli icontri di orientamento alla Scuola secondaria di I\u00b0 grado di Castion - Bellunopress - Dolomiti\",\"isPartOf\":{\"@id\":\"https:\\\/\\\/www.bellunopress.it\\\/#website\"},\"primaryImageOfPage\":{\"@id\":\"https:\\\/\\\/www.bellunopress.it\\\/2024\\\/12\\\/07\\\/156073\\\/#primaryimage\"},\"image\":{\"@id\":\"https:\\\/\\\/www.bellunopress.it\\\/2024\\\/12\\\/07\\\/156073\\\/#primaryimage\"},\"thumbnailUrl\":\"https:\\\/\\\/www.bellunopress.it\\\/wp-content\\\/uploads\\\/2024\\\/12\\\/scuola-di-I-grado-Zanon-di-Castion.jpg\",\"datePublished\":\"2024-12-07T08:59:33+00:00\",\"breadcrumb\":{\"@id\":\"https:\\\/\\\/www.bellunopress.it\\\/2024\\\/12\\\/07\\\/156073\\\/#breadcrumb\"},\"inLanguage\":\"fr-FR\",\"potentialAction\":[{\"@type\":\"ReadAction\",\"target\":[\"https:\\\/\\\/www.bellunopress.it\\\/2024\\\/12\\\/07\\\/156073\\\/\"]}]},{\"@type\":\"ImageObject\",\"inLanguage\":\"fr-FR\",\"@id\":\"https:\\\/\\\/www.bellunopress.it\\\/2024\\\/12\\\/07\\\/156073\\\/#primaryimage\",\"url\":\"https:\\\/\\\/www.bellunopress.it\\\/wp-content\\\/uploads\\\/2024\\\/12\\\/scuola-di-I-grado-Zanon-di-Castion.jpg\",\"contentUrl\":\"https:\\\/\\\/www.bellunopress.it\\\/wp-content\\\/uploads\\\/2024\\\/12\\\/scuola-di-I-grado-Zanon-di-Castion.jpg\",\"width\":1000,\"height\":750},{\"@type\":\"BreadcrumbList\",\"@id\":\"https:\\\/\\\/www.bellunopress.it\\\/2024\\\/12\\\/07\\\/156073\\\/#breadcrumb\",\"itemListElement\":[{\"@type\":\"ListItem\",\"position\":1,\"name\":\"Home\",\"item\":\"https:\\\/\\\/www.bellunopress.it\\\/\"},{\"@type\":\"ListItem\",\"position\":2,\"name\":\"La Zanon orienta, seconda edizione. Gli icontri di orientamento alla Scuola secondaria di I\u00b0 grado di Castion\"}]},{\"@type\":\"WebSite\",\"@id\":\"https:\\\/\\\/www.bellunopress.it\\\/#website\",\"url\":\"https:\\\/\\\/www.bellunopress.it\\\/\",\"name\":\"Bellunopress - Dolomiti\",\"description\":\"e-mail: redazione@bellunopress.it\",\"publisher\":{\"@id\":\"https:\\\/\\\/www.bellunopress.it\\\/#organization\"},\"potentialAction\":[{\"@type\":\"SearchAction\",\"target\":{\"@type\":\"EntryPoint\",\"urlTemplate\":\"https:\\\/\\\/www.bellunopress.it\\\/?s={search_term_string}\"},\"query-input\":{\"@type\":\"PropertyValueSpecification\",\"valueRequired\":true,\"valueName\":\"search_term_string\"}}],\"inLanguage\":\"fr-FR\"},{\"@type\":\"Organization\",\"@id\":\"https:\\\/\\\/www.bellunopress.it\\\/#organization\",\"name\":\"Bellunopress\",\"url\":\"https:\\\/\\\/www.bellunopress.it\\\/\",\"logo\":{\"@type\":\"ImageObject\",\"inLanguage\":\"fr-FR\",\"@id\":\"https:\\\/\\\/www.bellunopress.it\\\/#\\\/schema\\\/logo\\\/image\\\/\",\"url\":\"https:\\\/\\\/www.bellunopress.it\\\/wp-content\\\/uploads\\\/2011\\\/05\\\/cropped-logo-bellunopress-.jpg\",\"contentUrl\":\"https:\\\/\\\/www.bellunopress.it\\\/wp-content\\\/uploads\\\/2011\\\/05\\\/cropped-logo-bellunopress-.jpg\",\"width\":512,\"height\":512,\"caption\":\"Bellunopress\"},\"image\":{\"@id\":\"https:\\\/\\\/www.bellunopress.it\\\/#\\\/schema\\\/logo\\\/image\\\/\"},\"sameAs\":[\"https:\\\/\\\/www.facebook.com\\\/profile.php?id=100008943462799\",\"https:\\\/\\\/x.com\\\/bellunopress\",\"https:\\\/\\\/www.linkedin.com\\\/hp\\\/?dnr=JBzUWaJfMUw8vbXJJ2tVW5-I3jZKvC4wsoxE&amp;amp;amp;amp;amp;amp;trk=nav_responsive_tab_home\",\"https:\\\/\\\/www.youtube.com\\\/channel\\\/UCxL0wu1uN0_3_7hGG0306cw\"]},{\"@type\":\"Person\",\"@id\":\"https:\\\/\\\/www.bellunopress.it\\\/#\\\/schema\\\/person\\\/79bb06722b37ece1c03d3e94beb30d73\",\"name\":\"redazione\",\"image\":{\"@type\":\"ImageObject\",\"inLanguage\":\"fr-FR\",\"@id\":\"https:\\\/\\\/secure.gravatar.com\\\/avatar\\\/37d968a2e67a6fd04c169c4bdef102d0bc5d31b2546345219e348575eb80e9a0?s=96&d=mm&r=g\",\"url\":\"https:\\\/\\\/secure.gravatar.com\\\/avatar\\\/37d968a2e67a6fd04c169c4bdef102d0bc5d31b2546345219e348575eb80e9a0?s=96&d=mm&r=g\",\"contentUrl\":\"https:\\\/\\\/secure.gravatar.com\\\/avatar\\\/37d968a2e67a6fd04c169c4bdef102d0bc5d31b2546345219e348575eb80e9a0?s=96&d=mm&r=g\",\"caption\":\"redazione\"},\"sameAs\":[\"http:\\\/\\\/www.bellunopress.it\",\"https:\\\/\\\/x.com\\\/bellunopress\"],\"url\":\"https:\\\/\\\/www.bellunopress.it\\\/fr\\\/author\\\/redazione\\\/\"}]}<\/script>\n<!-- \/ Yoast SEO plugin. -->","yoast_head_json":{"title":"La Zanon orienta, seconda edizione. Gli icontri di orientamento alla Scuola secondaria di I\u00b0 grado di Castion - Bellunopress - Dolomiti","robots":{"index":"index","follow":"follow","max-snippet":"max-snippet:-1","max-image-preview":"max-image-preview:large","max-video-preview":"max-video-preview:-1"},"canonical":"https:\/\/www.bellunopress.it\/fr\/2024\/12\/07\/156073\/","og_locale":"fr_FR","og_type":"article","og_title":"La Zanon orienta, seconda edizione. Gli icontri di orientamento alla Scuola secondaria di I\u00b0 grado di Castion - Bellunopress - Dolomiti","og_description":"Dal 2 al 7 dicembre scorso la Scuola secondaria di I\u00b0 grado &#8220;Zanon&#8221; di Castion ha riaperto le aule dell&#8217;istituto di Via San Cipriano alla societ\u00e0 bellunese, accogliendo professionisti di diversi ambiti lavorativi per la seconda edizione de &#8220;La Zanon Orienta&#8221;, una rassegna formativa in cui presente e futuro si sono mescolati, lasciando aprire agli [&hellip;]","og_url":"https:\/\/www.bellunopress.it\/fr\/2024\/12\/07\/156073\/","og_site_name":"Bellunopress - Dolomiti","article_publisher":"https:\/\/www.facebook.com\/profile.php?id=100008943462799","article_published_time":"2024-12-07T08:59:33+00:00","og_image":[{"width":1000,"height":750,"url":"https:\/\/www.bellunopress.it\/wp-content\/uploads\/2024\/12\/scuola-di-I-grado-Zanon-di-Castion.jpg","type":"image\/jpeg"}],"author":"redazione","twitter_card":"summary_large_image","twitter_creator":"@bellunopress","twitter_site":"@bellunopress","twitter_misc":{"\u00c9crit par":"redazione","Dur\u00e9e de lecture estim\u00e9e":"3 minutes"},"schema":{"@context":"https:\/\/schema.org","@graph":[{"@type":"Article","@id":"https:\/\/www.bellunopress.it\/2024\/12\/07\/156073\/#article","isPartOf":{"@id":"https:\/\/www.bellunopress.it\/2024\/12\/07\/156073\/"},"author":{"name":"redazione","@id":"https:\/\/www.bellunopress.it\/#\/schema\/person\/79bb06722b37ece1c03d3e94beb30d73"},"headline":"La Zanon orienta, seconda edizione. Gli icontri di orientamento alla Scuola secondaria di I\u00b0 grado di Castion","datePublished":"2024-12-07T08:59:33+00:00","mainEntityOfPage":{"@id":"https:\/\/www.bellunopress.it\/2024\/12\/07\/156073\/"},"wordCount":567,"publisher":{"@id":"https:\/\/www.bellunopress.it\/#organization"},"image":{"@id":"https:\/\/www.bellunopress.it\/2024\/12\/07\/156073\/#primaryimage"},"thumbnailUrl":"https:\/\/www.bellunopress.it\/wp-content\/uploads\/2024\/12\/scuola-di-I-grado-Zanon-di-Castion.jpg","articleSection":["Prima Pagina","Scuola"],"inLanguage":"fr-FR"},{"@type":"WebPage","@id":"https:\/\/www.bellunopress.it\/2024\/12\/07\/156073\/","url":"https:\/\/www.bellunopress.it\/2024\/12\/07\/156073\/","name":"La Zanon orienta, seconda edizione. Gli icontri di orientamento alla Scuola secondaria di I\u00b0 grado di Castion - Bellunopress - Dolomiti","isPartOf":{"@id":"https:\/\/www.bellunopress.it\/#website"},"primaryImageOfPage":{"@id":"https:\/\/www.bellunopress.it\/2024\/12\/07\/156073\/#primaryimage"},"image":{"@id":"https:\/\/www.bellunopress.it\/2024\/12\/07\/156073\/#primaryimage"},"thumbnailUrl":"https:\/\/www.bellunopress.it\/wp-content\/uploads\/2024\/12\/scuola-di-I-grado-Zanon-di-Castion.jpg","datePublished":"2024-12-07T08:59:33+00:00","breadcrumb":{"@id":"https:\/\/www.bellunopress.it\/2024\/12\/07\/156073\/#breadcrumb"},"inLanguage":"fr-FR","potentialAction":[{"@type":"ReadAction","target":["https:\/\/www.bellunopress.it\/2024\/12\/07\/156073\/"]}]},{"@type":"ImageObject","inLanguage":"fr-FR","@id":"https:\/\/www.bellunopress.it\/2024\/12\/07\/156073\/#primaryimage","url":"https:\/\/www.bellunopress.it\/wp-content\/uploads\/2024\/12\/scuola-di-I-grado-Zanon-di-Castion.jpg","contentUrl":"https:\/\/www.bellunopress.it\/wp-content\/uploads\/2024\/12\/scuola-di-I-grado-Zanon-di-Castion.jpg","width":1000,"height":750},{"@type":"BreadcrumbList","@id":"https:\/\/www.bellunopress.it\/2024\/12\/07\/156073\/#breadcrumb","itemListElement":[{"@type":"ListItem","position":1,"name":"Home","item":"https:\/\/www.bellunopress.it\/"},{"@type":"ListItem","position":2,"name":"La Zanon orienta, seconda edizione. Gli icontri di orientamento alla Scuola secondaria di I\u00b0 grado di Castion"}]},{"@type":"WebSite","@id":"https:\/\/www.bellunopress.it\/#website","url":"https:\/\/www.bellunopress.it\/","name":"Bellunopress - Dolomiti","description":"e-mail: redazione@bellunopress.it","publisher":{"@id":"https:\/\/www.bellunopress.it\/#organization"},"potentialAction":[{"@type":"SearchAction","target":{"@type":"EntryPoint","urlTemplate":"https:\/\/www.bellunopress.it\/?s={search_term_string}"},"query-input":{"@type":"PropertyValueSpecification","valueRequired":true,"valueName":"search_term_string"}}],"inLanguage":"fr-FR"},{"@type":"Organization","@id":"https:\/\/www.bellunopress.it\/#organization","name":"Bellunopress","url":"https:\/\/www.bellunopress.it\/","logo":{"@type":"ImageObject","inLanguage":"fr-FR","@id":"https:\/\/www.bellunopress.it\/#\/schema\/logo\/image\/","url":"https:\/\/www.bellunopress.it\/wp-content\/uploads\/2011\/05\/cropped-logo-bellunopress-.jpg","contentUrl":"https:\/\/www.bellunopress.it\/wp-content\/uploads\/2011\/05\/cropped-logo-bellunopress-.jpg","width":512,"height":512,"caption":"Bellunopress"},"image":{"@id":"https:\/\/www.bellunopress.it\/#\/schema\/logo\/image\/"},"sameAs":["https:\/\/www.facebook.com\/profile.php?id=100008943462799","https:\/\/x.com\/bellunopress","https:\/\/www.linkedin.com\/hp\/?dnr=JBzUWaJfMUw8vbXJJ2tVW5-I3jZKvC4wsoxE&amp;amp;amp;amp;amp;amp;trk=nav_responsive_tab_home","https:\/\/www.youtube.com\/channel\/UCxL0wu1uN0_3_7hGG0306cw"]},{"@type":"Person","@id":"https:\/\/www.bellunopress.it\/#\/schema\/person\/79bb06722b37ece1c03d3e94beb30d73","name":"r\u00e9daction","image":{"@type":"ImageObject","inLanguage":"fr-FR","@id":"https:\/\/secure.gravatar.com\/avatar\/37d968a2e67a6fd04c169c4bdef102d0bc5d31b2546345219e348575eb80e9a0?s=96&d=mm&r=g","url":"https:\/\/secure.gravatar.com\/avatar\/37d968a2e67a6fd04c169c4bdef102d0bc5d31b2546345219e348575eb80e9a0?s=96&d=mm&r=g","contentUrl":"https:\/\/secure.gravatar.com\/avatar\/37d968a2e67a6fd04c169c4bdef102d0bc5d31b2546345219e348575eb80e9a0?s=96&d=mm&r=g","caption":"redazione"},"sameAs":["http:\/\/www.bellunopress.it","https:\/\/x.com\/bellunopress"],"url":"https:\/\/www.bellunopress.it\/fr\/author\/redazione\/"}]}},"_links":{"self":[{"href":"https:\/\/www.bellunopress.it\/fr\/wp-json\/wp\/v2\/posts\/156073","targetHints":{"allow":["GET"]}}],"collection":[{"href":"https:\/\/www.bellunopress.it\/fr\/wp-json\/wp\/v2\/posts"}],"about":[{"href":"https:\/\/www.bellunopress.it\/fr\/wp-json\/wp\/v2\/types\/post"}],"author":[{"embeddable":true,"href":"https:\/\/www.bellunopress.it\/fr\/wp-json\/wp\/v2\/users\/2"}],"replies":[{"embeddable":true,"href":"https:\/\/www.bellunopress.it\/fr\/wp-json\/wp\/v2\/comments?post=156073"}],"version-history":[{"count":3,"href":"https:\/\/www.bellunopress.it\/fr\/wp-json\/wp\/v2\/posts\/156073\/revisions"}],"predecessor-version":[{"id":156077,"href":"https:\/\/www.bellunopress.it\/fr\/wp-json\/wp\/v2\/posts\/156073\/revisions\/156077"}],"wp:featuredmedia":[{"embeddable":true,"href":"https:\/\/www.bellunopress.it\/fr\/wp-json\/wp\/v2\/media\/156074"}],"wp:attachment":[{"href":"https:\/\/www.bellunopress.it\/fr\/wp-json\/wp\/v2\/media?parent=156073"}],"wp:term":[{"taxonomy":"category","embeddable":true,"href":"https:\/\/www.bellunopress.it\/fr\/wp-json\/wp\/v2\/categories?post=156073"},{"taxonomy":"post_tag","embeddable":true,"href":"https:\/\/www.bellunopress.it\/fr\/wp-json\/wp\/v2\/tags?post=156073"}],"curies":[{"name":"wp","href":"https:\/\/api.w.org\/{rel}","templated":true}]}}