{"id":156034,"date":"2024-12-05T08:53:24","date_gmt":"2024-12-05T07:53:24","guid":{"rendered":"https:\/\/www.bellunopress.it\/?p=156034"},"modified":"2024-12-07T13:44:05","modified_gmt":"2024-12-07T12:44:05","slug":"basta-botti-aal-via-la-campagna-sul-pericolo-delluso-di-materiale-pirotecnico","status":"publish","type":"post","link":"https:\/\/www.bellunopress.it\/fr\/2024\/12\/05\/basta-botti-aal-via-la-campagna-sul-pericolo-delluso-di-materiale-pirotecnico\/","title":{"rendered":"Basta Botti. Aal via la campagna sul pericolo dell&#8217;uso di materiale pirotecnico"},"content":{"rendered":"<figure id=\"attachment_138716\" aria-describedby=\"caption-attachment-138716\" style=\"width: 749px\" class=\"wp-caption aligncenter\"><img loading=\"lazy\" decoding=\"async\" class=\"size-full wp-image-138716\" src=\"https:\/\/www.bellunopress.it\/wp-content\/uploads\/2022\/12\/Lorenzo-Bortoluzzi_edited.jpg\" alt=\"\" width=\"749\" height=\"1000\" srcset=\"https:\/\/www.bellunopress.it\/wp-content\/uploads\/2022\/12\/Lorenzo-Bortoluzzi_edited.jpg 749w, https:\/\/www.bellunopress.it\/wp-content\/uploads\/2022\/12\/Lorenzo-Bortoluzzi_edited-375x500.jpg 375w, https:\/\/www.bellunopress.it\/wp-content\/uploads\/2022\/12\/Lorenzo-Bortoluzzi_edited-696x929.jpg 696w, https:\/\/www.bellunopress.it\/wp-content\/uploads\/2022\/12\/Lorenzo-Bortoluzzi_edited-315x420.jpg 315w\" sizes=\"auto, (max-width: 749px) 100vw, 749px\" \/><figcaption id=\"caption-attachment-138716\" class=\"wp-caption-text\">Lorenzo Bortoluzzi &#8211;<br \/>Capogruppo Consiliare Belluno al Centro<\/figcaption><\/figure>\n<p>Con il mese di dicembre torna di attualit\u00e0 il tema dei \u201cbotti\u201d di Capodanno, dopo che nel novembre dell\u2019anno scorso il Consiglio comunale ha approvato in modo trasversale l\u2019ordine del giorno con l\u2019impegno da parte dell\u2019Amministrazione a promuovere iniziative per sensibilizzare la cittadinanza sul tema del materiale pirotecnico, tanto di moda nelle festivit\u00e0 di fine anno. La campagna BelluNO BOTTI, attraverso l\u2019affisione di materiale informativo e di sensibilizzazione, prende il via oggi con l\u2019affissione, in citt\u00e0, di manifesti di forte impatto.<\/p>\n<p>Il problema di fondo rimane quello del grave disturbo arrecato ad animali domestici e alla fauna selvatica dall\u2019esplosione di petardi e botti, e anche gli effetti negativi che l\u2019uso di questo materiale ha sulla qualit\u00e0 dell\u2019aria.<\/p>\n<p>\u201cIl percorso iniziato in modo ufficiale l\u2019anno scorso \u2013 commenta il presidente della Commissione Benessere animale e capogruppo di Belluno al Centro, Lorenzo Bortoluzzi \u2013 prosegue con determinazione, proprio in vista dell\u2019obiettivo che ci siamo dati: diffondere una sensibilit\u00e0 sempre pi\u00f9 radicata che porti la comunit\u00e0 a scegliere azioni che si basino sul rispetto. Rispetto per gli animali, che condividono con l\u2019uomo un habitat in cui ci pu\u00f2 essere spazio per tutti, ma anche rispetto per le persone pi\u00f9 fragili, come gli anziani o le persone malate\u201d.<\/p>\n<p>\u201cCi vuole pi\u00f9 tempo \u2013aggiunge il Sindaco, Oscar De Pellegrin \u2013 per raggiungere dei risultati quando si sceglie la via della sensibilizzazione, dell\u2019educazione e del richiamo alla responsabilit\u00e0, ma siamo convinti che sia la strada corretta per arrivare a un cambio di mentalit\u00e0 che possa coinvolgere tutte le generazioni e, partendo da un minore uso di materiale pirotecnico durante le feste \u201cnatalizie\u201d, si traduca in una scelta di civilt\u00e0 dalla quale poi non si voglia pi\u00f9 tornare indietro\u201d.<\/p>\n<p>Confermate anche quest\u2019anno sia la collaborazione con la LAV &#8211; Lega anti vivisezione, sia i laboratori in alcune scuole: la LAV ha fornito gratuitamente tutto il materiale e, in collaborazione con l\u2019assessore alle politiche giovanili, Roberta Olivotto, da settembre negli istituti aderenti sono proposte attivit\u00e0 laboratoriali per rendere consapevoli i bambini e i ragazzi sulle conseguenze dell\u2019utilizzo dei botti, in particolare sugli animali. Il percorso viene condotto mediante un libretto intitolato, appunto, \u201cBasta Botti\u201d realizzato da LAV e Ministero dell\u2019Istruzione, non ch\u00e9 patrocinato dal Comune di Belluno, sempre nell\u2019ottica di promuovere responsabilit\u00e0 e consapevolezza fin dalla giovane et\u00e0.<\/p>\n<p>A curare la grafica del materiale informativo in affissione in questi giorni \u00e8 stata, anche quest\u2019anno, Claudia Pollet.<\/p>","protected":false},"excerpt":{"rendered":"<p>Con il mese di dicembre torna di attualit\u00e0 il tema dei \u201cbotti\u201d di Capodanno, dopo che nel novembre dell\u2019anno scorso il Consiglio comunale ha approvato in modo trasversale l\u2019ordine del giorno con l\u2019impegno da parte dell\u2019Amministrazione a promuovere iniziative per sensibilizzare la cittadinanza sul tema del materiale pirotecnico, tanto di moda nelle festivit\u00e0 di fine [&hellip;]<\/p>\n","protected":false},"author":2,"featured_media":138716,"comment_status":"closed","ping_status":"open","sticky":false,"template":"","format":"standard","meta":{"footnotes":""},"categories":[5,26,8],"tags":[],"class_list":["post-156034","post","type-post","status-publish","format-standard","has-post-thumbnail","category-cronaca","category-prima-pagina","category-societa-istituzioni"],"yoast_head":"<!-- This site is optimized with the Yoast SEO plugin v28.4 - https:\/\/yoast.com\/product\/yoast-seo-wordpress\/ -->\n<title>Basta Botti. Aal via la campagna sul pericolo dell&#039;uso di materiale pirotecnico - Bellunopress - Dolomiti<\/title>\n<meta name=\"robots\" content=\"index, follow, max-snippet:-1, max-image-preview:large, max-video-preview:-1\" \/>\n<link rel=\"canonical\" href=\"https:\/\/www.bellunopress.it\/fr\/2024\/12\/05\/basta-botti-aal-via-la-campagna-sul-pericolo-delluso-di-materiale-pirotecnico\/\" \/>\n<meta property=\"og:locale\" content=\"fr_FR\" \/>\n<meta property=\"og:type\" content=\"article\" \/>\n<meta property=\"og:title\" content=\"Basta Botti. Aal via la campagna sul pericolo dell&#039;uso di materiale pirotecnico - Bellunopress - Dolomiti\" \/>\n<meta property=\"og:description\" content=\"Con il mese di dicembre torna di attualit\u00e0 il tema dei \u201cbotti\u201d di Capodanno, dopo che nel novembre dell\u2019anno scorso il Consiglio comunale ha approvato in modo trasversale l\u2019ordine del giorno con l\u2019impegno da parte dell\u2019Amministrazione a promuovere iniziative per sensibilizzare la cittadinanza sul tema del materiale pirotecnico, tanto di moda nelle festivit\u00e0 di fine [&hellip;]\" \/>\n<meta property=\"og:url\" content=\"https:\/\/www.bellunopress.it\/fr\/2024\/12\/05\/basta-botti-aal-via-la-campagna-sul-pericolo-delluso-di-materiale-pirotecnico\/\" \/>\n<meta property=\"og:site_name\" content=\"Bellunopress - Dolomiti\" \/>\n<meta property=\"article:publisher\" content=\"https:\/\/www.facebook.com\/profile.php?id=100008943462799\" \/>\n<meta property=\"article:published_time\" content=\"2024-12-05T07:53:24+00:00\" \/>\n<meta property=\"article:modified_time\" content=\"2024-12-07T12:44:05+00:00\" \/>\n<meta property=\"og:image\" content=\"https:\/\/www.bellunopress.it\/wp-content\/uploads\/2022\/12\/Lorenzo-Bortoluzzi_edited.jpg\" \/>\n\t<meta property=\"og:image:width\" content=\"749\" \/>\n\t<meta property=\"og:image:height\" content=\"1000\" \/>\n\t<meta property=\"og:image:type\" content=\"image\/jpeg\" \/>\n<meta name=\"author\" content=\"redazione\" \/>\n<meta name=\"twitter:card\" content=\"summary_large_image\" \/>\n<meta name=\"twitter:creator\" content=\"@bellunopress\" \/>\n<meta name=\"twitter:site\" content=\"@bellunopress\" \/>\n<meta name=\"twitter:label1\" content=\"\u00c9crit par\" \/>\n\t<meta name=\"twitter:data1\" content=\"redazione\" \/>\n\t<meta name=\"twitter:label2\" content=\"Dur\u00e9e de lecture estim\u00e9e\" \/>\n\t<meta name=\"twitter:data2\" content=\"2 minutes\" \/>\n<script type=\"application\/ld+json\" class=\"yoast-schema-graph\">{\"@context\":\"https:\\\/\\\/schema.org\",\"@graph\":[{\"@type\":\"Article\",\"@id\":\"https:\\\/\\\/www.bellunopress.it\\\/2024\\\/12\\\/05\\\/basta-botti-aal-via-la-campagna-sul-pericolo-delluso-di-materiale-pirotecnico\\\/#article\",\"isPartOf\":{\"@id\":\"https:\\\/\\\/www.bellunopress.it\\\/2024\\\/12\\\/05\\\/basta-botti-aal-via-la-campagna-sul-pericolo-delluso-di-materiale-pirotecnico\\\/\"},\"author\":{\"name\":\"redazione\",\"@id\":\"https:\\\/\\\/www.bellunopress.it\\\/#\\\/schema\\\/person\\\/79bb06722b37ece1c03d3e94beb30d73\"},\"headline\":\"Basta Botti. Aal via la campagna sul pericolo dell&#8217;uso di materiale pirotecnico\",\"datePublished\":\"2024-12-05T07:53:24+00:00\",\"dateModified\":\"2024-12-07T12:44:05+00:00\",\"mainEntityOfPage\":{\"@id\":\"https:\\\/\\\/www.bellunopress.it\\\/2024\\\/12\\\/05\\\/basta-botti-aal-via-la-campagna-sul-pericolo-delluso-di-materiale-pirotecnico\\\/\"},\"wordCount\":440,\"publisher\":{\"@id\":\"https:\\\/\\\/www.bellunopress.it\\\/#organization\"},\"image\":{\"@id\":\"https:\\\/\\\/www.bellunopress.it\\\/2024\\\/12\\\/05\\\/basta-botti-aal-via-la-campagna-sul-pericolo-delluso-di-materiale-pirotecnico\\\/#primaryimage\"},\"thumbnailUrl\":\"https:\\\/\\\/www.bellunopress.it\\\/wp-content\\\/uploads\\\/2022\\\/12\\\/Lorenzo-Bortoluzzi_edited.jpg\",\"articleSection\":[\"Cronaca\\\/Politica\",\"Prima Pagina\",\"Societ\u00e0, Associazioni, Istituzioni\"],\"inLanguage\":\"fr-FR\"},{\"@type\":\"WebPage\",\"@id\":\"https:\\\/\\\/www.bellunopress.it\\\/2024\\\/12\\\/05\\\/basta-botti-aal-via-la-campagna-sul-pericolo-delluso-di-materiale-pirotecnico\\\/\",\"url\":\"https:\\\/\\\/www.bellunopress.it\\\/2024\\\/12\\\/05\\\/basta-botti-aal-via-la-campagna-sul-pericolo-delluso-di-materiale-pirotecnico\\\/\",\"name\":\"Basta Botti. Aal via la campagna sul pericolo dell'uso di materiale pirotecnico - Bellunopress - Dolomiti\",\"isPartOf\":{\"@id\":\"https:\\\/\\\/www.bellunopress.it\\\/#website\"},\"primaryImageOfPage\":{\"@id\":\"https:\\\/\\\/www.bellunopress.it\\\/2024\\\/12\\\/05\\\/basta-botti-aal-via-la-campagna-sul-pericolo-delluso-di-materiale-pirotecnico\\\/#primaryimage\"},\"image\":{\"@id\":\"https:\\\/\\\/www.bellunopress.it\\\/2024\\\/12\\\/05\\\/basta-botti-aal-via-la-campagna-sul-pericolo-delluso-di-materiale-pirotecnico\\\/#primaryimage\"},\"thumbnailUrl\":\"https:\\\/\\\/www.bellunopress.it\\\/wp-content\\\/uploads\\\/2022\\\/12\\\/Lorenzo-Bortoluzzi_edited.jpg\",\"datePublished\":\"2024-12-05T07:53:24+00:00\",\"dateModified\":\"2024-12-07T12:44:05+00:00\",\"breadcrumb\":{\"@id\":\"https:\\\/\\\/www.bellunopress.it\\\/2024\\\/12\\\/05\\\/basta-botti-aal-via-la-campagna-sul-pericolo-delluso-di-materiale-pirotecnico\\\/#breadcrumb\"},\"inLanguage\":\"fr-FR\",\"potentialAction\":[{\"@type\":\"ReadAction\",\"target\":[\"https:\\\/\\\/www.bellunopress.it\\\/2024\\\/12\\\/05\\\/basta-botti-aal-via-la-campagna-sul-pericolo-delluso-di-materiale-pirotecnico\\\/\"]}]},{\"@type\":\"ImageObject\",\"inLanguage\":\"fr-FR\",\"@id\":\"https:\\\/\\\/www.bellunopress.it\\\/2024\\\/12\\\/05\\\/basta-botti-aal-via-la-campagna-sul-pericolo-delluso-di-materiale-pirotecnico\\\/#primaryimage\",\"url\":\"https:\\\/\\\/www.bellunopress.it\\\/wp-content\\\/uploads\\\/2022\\\/12\\\/Lorenzo-Bortoluzzi_edited.jpg\",\"contentUrl\":\"https:\\\/\\\/www.bellunopress.it\\\/wp-content\\\/uploads\\\/2022\\\/12\\\/Lorenzo-Bortoluzzi_edited.jpg\",\"width\":749,\"height\":1000,\"caption\":\"Lorenzo Bortoluzzi - Capogruppo Consiliare Belluno al Centro\"},{\"@type\":\"BreadcrumbList\",\"@id\":\"https:\\\/\\\/www.bellunopress.it\\\/2024\\\/12\\\/05\\\/basta-botti-aal-via-la-campagna-sul-pericolo-delluso-di-materiale-pirotecnico\\\/#breadcrumb\",\"itemListElement\":[{\"@type\":\"ListItem\",\"position\":1,\"name\":\"Home\",\"item\":\"https:\\\/\\\/www.bellunopress.it\\\/\"},{\"@type\":\"ListItem\",\"position\":2,\"name\":\"Basta Botti. Aal via la campagna sul pericolo dell&#8217;uso di materiale pirotecnico\"}]},{\"@type\":\"WebSite\",\"@id\":\"https:\\\/\\\/www.bellunopress.it\\\/#website\",\"url\":\"https:\\\/\\\/www.bellunopress.it\\\/\",\"name\":\"Bellunopress - Dolomiti\",\"description\":\"e-mail: redazione@bellunopress.it\",\"publisher\":{\"@id\":\"https:\\\/\\\/www.bellunopress.it\\\/#organization\"},\"potentialAction\":[{\"@type\":\"SearchAction\",\"target\":{\"@type\":\"EntryPoint\",\"urlTemplate\":\"https:\\\/\\\/www.bellunopress.it\\\/?s={search_term_string}\"},\"query-input\":{\"@type\":\"PropertyValueSpecification\",\"valueRequired\":true,\"valueName\":\"search_term_string\"}}],\"inLanguage\":\"fr-FR\"},{\"@type\":\"Organization\",\"@id\":\"https:\\\/\\\/www.bellunopress.it\\\/#organization\",\"name\":\"Bellunopress\",\"url\":\"https:\\\/\\\/www.bellunopress.it\\\/\",\"logo\":{\"@type\":\"ImageObject\",\"inLanguage\":\"fr-FR\",\"@id\":\"https:\\\/\\\/www.bellunopress.it\\\/#\\\/schema\\\/logo\\\/image\\\/\",\"url\":\"https:\\\/\\\/www.bellunopress.it\\\/wp-content\\\/uploads\\\/2011\\\/05\\\/cropped-logo-bellunopress-.jpg\",\"contentUrl\":\"https:\\\/\\\/www.bellunopress.it\\\/wp-content\\\/uploads\\\/2011\\\/05\\\/cropped-logo-bellunopress-.jpg\",\"width\":512,\"height\":512,\"caption\":\"Bellunopress\"},\"image\":{\"@id\":\"https:\\\/\\\/www.bellunopress.it\\\/#\\\/schema\\\/logo\\\/image\\\/\"},\"sameAs\":[\"https:\\\/\\\/www.facebook.com\\\/profile.php?id=100008943462799\",\"https:\\\/\\\/x.com\\\/bellunopress\",\"https:\\\/\\\/www.linkedin.com\\\/hp\\\/?dnr=JBzUWaJfMUw8vbXJJ2tVW5-I3jZKvC4wsoxE&amp;amp;amp;amp;amp;amp;trk=nav_responsive_tab_home\",\"https:\\\/\\\/www.youtube.com\\\/channel\\\/UCxL0wu1uN0_3_7hGG0306cw\"]},{\"@type\":\"Person\",\"@id\":\"https:\\\/\\\/www.bellunopress.it\\\/#\\\/schema\\\/person\\\/79bb06722b37ece1c03d3e94beb30d73\",\"name\":\"redazione\",\"image\":{\"@type\":\"ImageObject\",\"inLanguage\":\"fr-FR\",\"@id\":\"https:\\\/\\\/secure.gravatar.com\\\/avatar\\\/37d968a2e67a6fd04c169c4bdef102d0bc5d31b2546345219e348575eb80e9a0?s=96&d=mm&r=g\",\"url\":\"https:\\\/\\\/secure.gravatar.com\\\/avatar\\\/37d968a2e67a6fd04c169c4bdef102d0bc5d31b2546345219e348575eb80e9a0?s=96&d=mm&r=g\",\"contentUrl\":\"https:\\\/\\\/secure.gravatar.com\\\/avatar\\\/37d968a2e67a6fd04c169c4bdef102d0bc5d31b2546345219e348575eb80e9a0?s=96&d=mm&r=g\",\"caption\":\"redazione\"},\"sameAs\":[\"http:\\\/\\\/www.bellunopress.it\",\"https:\\\/\\\/x.com\\\/bellunopress\"],\"url\":\"https:\\\/\\\/www.bellunopress.it\\\/fr\\\/author\\\/redazione\\\/\"}]}<\/script>\n<!-- \/ Yoast SEO plugin. -->","yoast_head_json":{"title":"Basta Botti. Aal via la campagna sul pericolo dell'uso di materiale pirotecnico - Bellunopress - Dolomiti","robots":{"index":"index","follow":"follow","max-snippet":"max-snippet:-1","max-image-preview":"max-image-preview:large","max-video-preview":"max-video-preview:-1"},"canonical":"https:\/\/www.bellunopress.it\/fr\/2024\/12\/05\/basta-botti-aal-via-la-campagna-sul-pericolo-delluso-di-materiale-pirotecnico\/","og_locale":"fr_FR","og_type":"article","og_title":"Basta Botti. Aal via la campagna sul pericolo dell'uso di materiale pirotecnico - Bellunopress - Dolomiti","og_description":"Con il mese di dicembre torna di attualit\u00e0 il tema dei \u201cbotti\u201d di Capodanno, dopo che nel novembre dell\u2019anno scorso il Consiglio comunale ha approvato in modo trasversale l\u2019ordine del giorno con l\u2019impegno da parte dell\u2019Amministrazione a promuovere iniziative per sensibilizzare la cittadinanza sul tema del materiale pirotecnico, tanto di moda nelle festivit\u00e0 di fine [&hellip;]","og_url":"https:\/\/www.bellunopress.it\/fr\/2024\/12\/05\/basta-botti-aal-via-la-campagna-sul-pericolo-delluso-di-materiale-pirotecnico\/","og_site_name":"Bellunopress - Dolomiti","article_publisher":"https:\/\/www.facebook.com\/profile.php?id=100008943462799","article_published_time":"2024-12-05T07:53:24+00:00","article_modified_time":"2024-12-07T12:44:05+00:00","og_image":[{"width":749,"height":1000,"url":"https:\/\/www.bellunopress.it\/wp-content\/uploads\/2022\/12\/Lorenzo-Bortoluzzi_edited.jpg","type":"image\/jpeg"}],"author":"redazione","twitter_card":"summary_large_image","twitter_creator":"@bellunopress","twitter_site":"@bellunopress","twitter_misc":{"\u00c9crit par":"redazione","Dur\u00e9e de lecture estim\u00e9e":"2 minutes"},"schema":{"@context":"https:\/\/schema.org","@graph":[{"@type":"Article","@id":"https:\/\/www.bellunopress.it\/2024\/12\/05\/basta-botti-aal-via-la-campagna-sul-pericolo-delluso-di-materiale-pirotecnico\/#article","isPartOf":{"@id":"https:\/\/www.bellunopress.it\/2024\/12\/05\/basta-botti-aal-via-la-campagna-sul-pericolo-delluso-di-materiale-pirotecnico\/"},"author":{"name":"redazione","@id":"https:\/\/www.bellunopress.it\/#\/schema\/person\/79bb06722b37ece1c03d3e94beb30d73"},"headline":"Basta Botti. Aal via la campagna sul pericolo dell&#8217;uso di materiale pirotecnico","datePublished":"2024-12-05T07:53:24+00:00","dateModified":"2024-12-07T12:44:05+00:00","mainEntityOfPage":{"@id":"https:\/\/www.bellunopress.it\/2024\/12\/05\/basta-botti-aal-via-la-campagna-sul-pericolo-delluso-di-materiale-pirotecnico\/"},"wordCount":440,"publisher":{"@id":"https:\/\/www.bellunopress.it\/#organization"},"image":{"@id":"https:\/\/www.bellunopress.it\/2024\/12\/05\/basta-botti-aal-via-la-campagna-sul-pericolo-delluso-di-materiale-pirotecnico\/#primaryimage"},"thumbnailUrl":"https:\/\/www.bellunopress.it\/wp-content\/uploads\/2022\/12\/Lorenzo-Bortoluzzi_edited.jpg","articleSection":["Cronaca\/Politica","Prima Pagina","Societ\u00e0, Associazioni, Istituzioni"],"inLanguage":"fr-FR"},{"@type":"WebPage","@id":"https:\/\/www.bellunopress.it\/2024\/12\/05\/basta-botti-aal-via-la-campagna-sul-pericolo-delluso-di-materiale-pirotecnico\/","url":"https:\/\/www.bellunopress.it\/2024\/12\/05\/basta-botti-aal-via-la-campagna-sul-pericolo-delluso-di-materiale-pirotecnico\/","name":"Basta Botti. Aal via la campagna sul pericolo dell'uso di materiale pirotecnico - Bellunopress - Dolomiti","isPartOf":{"@id":"https:\/\/www.bellunopress.it\/#website"},"primaryImageOfPage":{"@id":"https:\/\/www.bellunopress.it\/2024\/12\/05\/basta-botti-aal-via-la-campagna-sul-pericolo-delluso-di-materiale-pirotecnico\/#primaryimage"},"image":{"@id":"https:\/\/www.bellunopress.it\/2024\/12\/05\/basta-botti-aal-via-la-campagna-sul-pericolo-delluso-di-materiale-pirotecnico\/#primaryimage"},"thumbnailUrl":"https:\/\/www.bellunopress.it\/wp-content\/uploads\/2022\/12\/Lorenzo-Bortoluzzi_edited.jpg","datePublished":"2024-12-05T07:53:24+00:00","dateModified":"2024-12-07T12:44:05+00:00","breadcrumb":{"@id":"https:\/\/www.bellunopress.it\/2024\/12\/05\/basta-botti-aal-via-la-campagna-sul-pericolo-delluso-di-materiale-pirotecnico\/#breadcrumb"},"inLanguage":"fr-FR","potentialAction":[{"@type":"ReadAction","target":["https:\/\/www.bellunopress.it\/2024\/12\/05\/basta-botti-aal-via-la-campagna-sul-pericolo-delluso-di-materiale-pirotecnico\/"]}]},{"@type":"ImageObject","inLanguage":"fr-FR","@id":"https:\/\/www.bellunopress.it\/2024\/12\/05\/basta-botti-aal-via-la-campagna-sul-pericolo-delluso-di-materiale-pirotecnico\/#primaryimage","url":"https:\/\/www.bellunopress.it\/wp-content\/uploads\/2022\/12\/Lorenzo-Bortoluzzi_edited.jpg","contentUrl":"https:\/\/www.bellunopress.it\/wp-content\/uploads\/2022\/12\/Lorenzo-Bortoluzzi_edited.jpg","width":749,"height":1000,"caption":"Lorenzo Bortoluzzi - Capogruppo Consiliare Belluno al Centro"},{"@type":"BreadcrumbList","@id":"https:\/\/www.bellunopress.it\/2024\/12\/05\/basta-botti-aal-via-la-campagna-sul-pericolo-delluso-di-materiale-pirotecnico\/#breadcrumb","itemListElement":[{"@type":"ListItem","position":1,"name":"Home","item":"https:\/\/www.bellunopress.it\/"},{"@type":"ListItem","position":2,"name":"Basta Botti. Aal via la campagna sul pericolo dell&#8217;uso di materiale pirotecnico"}]},{"@type":"WebSite","@id":"https:\/\/www.bellunopress.it\/#website","url":"https:\/\/www.bellunopress.it\/","name":"Bellunopress - Dolomiti","description":"e-mail: redazione@bellunopress.it","publisher":{"@id":"https:\/\/www.bellunopress.it\/#organization"},"potentialAction":[{"@type":"SearchAction","target":{"@type":"EntryPoint","urlTemplate":"https:\/\/www.bellunopress.it\/?s={search_term_string}"},"query-input":{"@type":"PropertyValueSpecification","valueRequired":true,"valueName":"search_term_string"}}],"inLanguage":"fr-FR"},{"@type":"Organization","@id":"https:\/\/www.bellunopress.it\/#organization","name":"Bellunopress","url":"https:\/\/www.bellunopress.it\/","logo":{"@type":"ImageObject","inLanguage":"fr-FR","@id":"https:\/\/www.bellunopress.it\/#\/schema\/logo\/image\/","url":"https:\/\/www.bellunopress.it\/wp-content\/uploads\/2011\/05\/cropped-logo-bellunopress-.jpg","contentUrl":"https:\/\/www.bellunopress.it\/wp-content\/uploads\/2011\/05\/cropped-logo-bellunopress-.jpg","width":512,"height":512,"caption":"Bellunopress"},"image":{"@id":"https:\/\/www.bellunopress.it\/#\/schema\/logo\/image\/"},"sameAs":["https:\/\/www.facebook.com\/profile.php?id=100008943462799","https:\/\/x.com\/bellunopress","https:\/\/www.linkedin.com\/hp\/?dnr=JBzUWaJfMUw8vbXJJ2tVW5-I3jZKvC4wsoxE&amp;amp;amp;amp;amp;amp;trk=nav_responsive_tab_home","https:\/\/www.youtube.com\/channel\/UCxL0wu1uN0_3_7hGG0306cw"]},{"@type":"Person","@id":"https:\/\/www.bellunopress.it\/#\/schema\/person\/79bb06722b37ece1c03d3e94beb30d73","name":"r\u00e9daction","image":{"@type":"ImageObject","inLanguage":"fr-FR","@id":"https:\/\/secure.gravatar.com\/avatar\/37d968a2e67a6fd04c169c4bdef102d0bc5d31b2546345219e348575eb80e9a0?s=96&d=mm&r=g","url":"https:\/\/secure.gravatar.com\/avatar\/37d968a2e67a6fd04c169c4bdef102d0bc5d31b2546345219e348575eb80e9a0?s=96&d=mm&r=g","contentUrl":"https:\/\/secure.gravatar.com\/avatar\/37d968a2e67a6fd04c169c4bdef102d0bc5d31b2546345219e348575eb80e9a0?s=96&d=mm&r=g","caption":"redazione"},"sameAs":["http:\/\/www.bellunopress.it","https:\/\/x.com\/bellunopress"],"url":"https:\/\/www.bellunopress.it\/fr\/author\/redazione\/"}]}},"_links":{"self":[{"href":"https:\/\/www.bellunopress.it\/fr\/wp-json\/wp\/v2\/posts\/156034","targetHints":{"allow":["GET"]}}],"collection":[{"href":"https:\/\/www.bellunopress.it\/fr\/wp-json\/wp\/v2\/posts"}],"about":[{"href":"https:\/\/www.bellunopress.it\/fr\/wp-json\/wp\/v2\/types\/post"}],"author":[{"embeddable":true,"href":"https:\/\/www.bellunopress.it\/fr\/wp-json\/wp\/v2\/users\/2"}],"replies":[{"embeddable":true,"href":"https:\/\/www.bellunopress.it\/fr\/wp-json\/wp\/v2\/comments?post=156034"}],"version-history":[{"count":2,"href":"https:\/\/www.bellunopress.it\/fr\/wp-json\/wp\/v2\/posts\/156034\/revisions"}],"predecessor-version":[{"id":156092,"href":"https:\/\/www.bellunopress.it\/fr\/wp-json\/wp\/v2\/posts\/156034\/revisions\/156092"}],"wp:featuredmedia":[{"embeddable":true,"href":"https:\/\/www.bellunopress.it\/fr\/wp-json\/wp\/v2\/media\/138716"}],"wp:attachment":[{"href":"https:\/\/www.bellunopress.it\/fr\/wp-json\/wp\/v2\/media?parent=156034"}],"wp:term":[{"taxonomy":"category","embeddable":true,"href":"https:\/\/www.bellunopress.it\/fr\/wp-json\/wp\/v2\/categories?post=156034"},{"taxonomy":"post_tag","embeddable":true,"href":"https:\/\/www.bellunopress.it\/fr\/wp-json\/wp\/v2\/tags?post=156034"}],"curies":[{"name":"wp","href":"https:\/\/api.w.org\/{rel}","templated":true}]}}