{"id":155963,"date":"2024-12-01T17:43:47","date_gmt":"2024-12-01T16:43:47","guid":{"rendered":"https:\/\/www.bellunopress.it\/?p=155963"},"modified":"2024-12-01T17:43:47","modified_gmt":"2024-12-01T16:43:47","slug":"piu-di-900-alla-15ma-edizione-della-corsa-di-babbo-natale-a-pedavena-e-feltre","status":"publish","type":"post","link":"https:\/\/www.bellunopress.it\/fr\/2024\/12\/01\/piu-di-900-alla-15ma-edizione-della-corsa-di-babbo-natale-a-pedavena-e-feltre\/","title":{"rendered":"Pi\u00f9 di 900 alla 15ma edizione della Corsa di Babbo Natale a Pedavena e Feltre"},"content":{"rendered":"<p><img loading=\"lazy\" decoding=\"async\" class=\"aligncenter size-full wp-image-155964\" src=\"https:\/\/www.bellunopress.it\/wp-content\/uploads\/2024\/12\/corsa-babbo-natale-pedavena-Feltre_edited.jpg\" alt=\"\" width=\"1000\" height=\"659\" srcset=\"https:\/\/www.bellunopress.it\/wp-content\/uploads\/2024\/12\/corsa-babbo-natale-pedavena-Feltre_edited.jpg 1000w, https:\/\/www.bellunopress.it\/wp-content\/uploads\/2024\/12\/corsa-babbo-natale-pedavena-Feltre_edited-500x330.jpg 500w, https:\/\/www.bellunopress.it\/wp-content\/uploads\/2024\/12\/corsa-babbo-natale-pedavena-Feltre_edited-637x420.jpg 637w, https:\/\/www.bellunopress.it\/wp-content\/uploads\/2024\/12\/corsa-babbo-natale-pedavena-Feltre_edited-696x459.jpg 696w\" sizes=\"auto, (max-width: 1000px) 100vw, 1000px\" \/>Pedavena, 1\u00b0 dicembre 2024\u00a0 &#8211;\u00a0\u00a0In pi\u00f9 di novecento alla 15esima edizione della Corsa di Babbo Natale svoltasi quest&#8217;oggi sui due percorsi tracciati tra i comuni di Pedavena e Feltre.<\/p>\n<p>Nella competitiva di 11 km si impongono Daniele Roccon in campo maschile e Leila Colussi in quello femminile.<\/p>\n<p>La soddisfazione degli organizzatori: \u201cLa manifestazione si consolida come appuntamento agonistico d\u2019inizio inverno, ma soprattutto grande festa per le famiglie\u201d.<\/p>\n<p>Cielo terso e luminoso, temperatura fresca, ma non troppo: condizioni ambientali perfette in un clima gi\u00e0 natalizio, non solo dal punto di vita meteorologico, hanno fatto da cornice alla Corsa di Babbo Natale, che ha celebrato questa 15esima come meglio non si poteva prevedere.<\/p>\n<p>E cos\u00ec si sono ritrovati in pi\u00f9 di novecento a colorare di rosso le vie di Feltre e Pedavena lungo i due percorsi tracciati dagli organizzatori, con partenza ed arrivo nel parco della storica Birreria.<br \/>\nNella corsa competitiva di circa 11 km si \u00e8 imposto Daniele Roccon. Il portacolori del Team Alpenplus ha fermato il cronometro su 34 minuti e 40 secondi, precedendo rispettivamente di 14 e 21 secondi Roberto Fregona e Gabriele Cossettin. In campo femminile vittoria per la giovanissima diciottenne Leila Colussi che in 40 minuti e 26 secondi ha avuto nettamente la meglio su Genny De Simoi e Vania Rizza, portacolori dell\u2019Atletica Bassano. Nella speciale classifica \u201cOver 50\u201d si sono invece imposti Andrea Violin (Montello Runners), che ha cos\u00ec bissato il successo dello scorso anno, in ambito maschile e Giorgia Filippi al femminile.<\/p>\n<p>Estremamente soddisfatto Diego Da Col, presidente del \u201cGiro delle Mura citt\u00e0 di Feltre\u201d, il sodalizio che promuove e organizza l\u2019evento in collaborazione con la Pro Loco di Pedavena e con il patrocinio dei Comuni di Feltre e Pedavena: \u201cE\u2019 un vero piacere poter constatare come la Corsa di Babbo Natale sia oramai entrata nel calendario, e nel cuore, di tanti appassionati. Nonostante la concomitanza di altri appuntamenti sportivi, anche di rilievo, abbiamo confermato e addirittura superato i numeri lusinghieri dello scorso anno, a testimonianza che la formula piace a tutti, dentro e fuori i confini provinciali, come testimoniano, tra gli altri, i quasi 50 partecipanti del Gruppo Sportivo Cartura Nalin, giunti dal Padovano. Un \u201cgrazie\u201d sincero \u2013 conclude Da Col \u2013 va a tutti i nostri \u201ccompagni di viaggio\u201d, tra cui i moltissimi volontari e i numerosi sponsor della manifestazione, senza i quali questa onda rossa non potrebbe materializzarsi ogni anno oramai da tre lustri\u201d.<br \/>\nSottolinea il carattere stracittadino e inclusivo della manifestazione il sindaco di Pedavena Nicola Castellaz: \u201cNel vasto panorama degli appuntamenti che il nostro territorio promuove durante questo periodo, la Corsa di oggi rappresenta forse quello pi\u00f9 aperto e inclusivo; la presenza di tante famiglie con i piccoli, e anche di moltissimi passeggini, \u00e8 per noi tutti motivo di gioia e di orgoglio; qui vediamo davvero rappresentato lo spirito pi\u00f9 autentico della festa del Natale\u201d, le parole del sindaco Castellaz.<\/p>\n<p>Riconoscimenti sono stati assegnati, come di consueto, anche ai gruppi pi\u00f9 numerosi e alle scolaresche.<\/p>\n<p>&nbsp;<\/p>","protected":false},"excerpt":{"rendered":"<p>Pedavena, 1\u00b0 dicembre 2024\u00a0 &#8211;\u00a0\u00a0In pi\u00f9 di novecento alla 15esima edizione della Corsa di Babbo Natale svoltasi quest&#8217;oggi sui due percorsi tracciati tra i comuni di Pedavena e Feltre. Nella competitiva di 11 km si impongono Daniele Roccon in campo maschile e Leila Colussi in quello femminile. La soddisfazione degli organizzatori: \u201cLa manifestazione si consolida [&hellip;]<\/p>\n","protected":false},"author":2,"featured_media":155964,"comment_status":"closed","ping_status":"open","sticky":false,"template":"","format":"standard","meta":{"footnotes":""},"categories":[26,8,4],"tags":[],"class_list":["post-155963","post","type-post","status-publish","format-standard","has-post-thumbnail","category-prima-pagina","category-societa-istituzioni","category-sport"],"yoast_head":"<!-- This site is optimized with the Yoast SEO plugin v28.4 - https:\/\/yoast.com\/product\/yoast-seo-wordpress\/ -->\n<title>Pi\u00f9 di 900 alla 15ma edizione della Corsa di Babbo Natale a Pedavena e Feltre - Bellunopress - Dolomiti<\/title>\n<meta name=\"robots\" content=\"index, follow, max-snippet:-1, max-image-preview:large, max-video-preview:-1\" \/>\n<link rel=\"canonical\" href=\"https:\/\/www.bellunopress.it\/fr\/2024\/12\/01\/piu-di-900-alla-15ma-edizione-della-corsa-di-babbo-natale-a-pedavena-e-feltre\/\" \/>\n<meta property=\"og:locale\" content=\"fr_FR\" \/>\n<meta property=\"og:type\" content=\"article\" \/>\n<meta property=\"og:title\" content=\"Pi\u00f9 di 900 alla 15ma edizione della Corsa di Babbo Natale a Pedavena e Feltre - Bellunopress - Dolomiti\" \/>\n<meta property=\"og:description\" content=\"Pedavena, 1\u00b0 dicembre 2024\u00a0 &#8211;\u00a0\u00a0In pi\u00f9 di novecento alla 15esima edizione della Corsa di Babbo Natale svoltasi quest&#8217;oggi sui due percorsi tracciati tra i comuni di Pedavena e Feltre. Nella competitiva di 11 km si impongono Daniele Roccon in campo maschile e Leila Colussi in quello femminile. La soddisfazione degli organizzatori: \u201cLa manifestazione si consolida [&hellip;]\" \/>\n<meta property=\"og:url\" content=\"https:\/\/www.bellunopress.it\/fr\/2024\/12\/01\/piu-di-900-alla-15ma-edizione-della-corsa-di-babbo-natale-a-pedavena-e-feltre\/\" \/>\n<meta property=\"og:site_name\" content=\"Bellunopress - Dolomiti\" \/>\n<meta property=\"article:publisher\" content=\"https:\/\/www.facebook.com\/profile.php?id=100008943462799\" \/>\n<meta property=\"article:published_time\" content=\"2024-12-01T16:43:47+00:00\" \/>\n<meta property=\"og:image\" content=\"https:\/\/www.bellunopress.it\/wp-content\/uploads\/2024\/12\/corsa-babbo-natale-pedavena-Feltre_edited.jpg\" \/>\n\t<meta property=\"og:image:width\" content=\"1000\" \/>\n\t<meta property=\"og:image:height\" content=\"659\" \/>\n\t<meta property=\"og:image:type\" content=\"image\/jpeg\" \/>\n<meta name=\"author\" content=\"redazione\" \/>\n<meta name=\"twitter:card\" content=\"summary_large_image\" \/>\n<meta name=\"twitter:creator\" content=\"@bellunopress\" \/>\n<meta name=\"twitter:site\" content=\"@bellunopress\" \/>\n<meta name=\"twitter:label1\" content=\"\u00c9crit par\" \/>\n\t<meta name=\"twitter:data1\" content=\"redazione\" \/>\n\t<meta name=\"twitter:label2\" content=\"Dur\u00e9e de lecture estim\u00e9e\" \/>\n\t<meta name=\"twitter:data2\" content=\"2 minutes\" \/>\n<script type=\"application\/ld+json\" class=\"yoast-schema-graph\">{\"@context\":\"https:\\\/\\\/schema.org\",\"@graph\":[{\"@type\":\"Article\",\"@id\":\"https:\\\/\\\/www.bellunopress.it\\\/2024\\\/12\\\/01\\\/piu-di-900-alla-15ma-edizione-della-corsa-di-babbo-natale-a-pedavena-e-feltre\\\/#article\",\"isPartOf\":{\"@id\":\"https:\\\/\\\/www.bellunopress.it\\\/2024\\\/12\\\/01\\\/piu-di-900-alla-15ma-edizione-della-corsa-di-babbo-natale-a-pedavena-e-feltre\\\/\"},\"author\":{\"name\":\"redazione\",\"@id\":\"https:\\\/\\\/www.bellunopress.it\\\/#\\\/schema\\\/person\\\/79bb06722b37ece1c03d3e94beb30d73\"},\"headline\":\"Pi\u00f9 di 900 alla 15ma edizione della Corsa di Babbo Natale a Pedavena e Feltre\",\"datePublished\":\"2024-12-01T16:43:47+00:00\",\"mainEntityOfPage\":{\"@id\":\"https:\\\/\\\/www.bellunopress.it\\\/2024\\\/12\\\/01\\\/piu-di-900-alla-15ma-edizione-della-corsa-di-babbo-natale-a-pedavena-e-feltre\\\/\"},\"wordCount\":499,\"publisher\":{\"@id\":\"https:\\\/\\\/www.bellunopress.it\\\/#organization\"},\"image\":{\"@id\":\"https:\\\/\\\/www.bellunopress.it\\\/2024\\\/12\\\/01\\\/piu-di-900-alla-15ma-edizione-della-corsa-di-babbo-natale-a-pedavena-e-feltre\\\/#primaryimage\"},\"thumbnailUrl\":\"https:\\\/\\\/www.bellunopress.it\\\/wp-content\\\/uploads\\\/2024\\\/12\\\/corsa-babbo-natale-pedavena-Feltre_edited.jpg\",\"articleSection\":[\"Prima Pagina\",\"Societ\u00e0, Associazioni, Istituzioni\",\"Sport, tempo libero\"],\"inLanguage\":\"fr-FR\"},{\"@type\":\"WebPage\",\"@id\":\"https:\\\/\\\/www.bellunopress.it\\\/2024\\\/12\\\/01\\\/piu-di-900-alla-15ma-edizione-della-corsa-di-babbo-natale-a-pedavena-e-feltre\\\/\",\"url\":\"https:\\\/\\\/www.bellunopress.it\\\/2024\\\/12\\\/01\\\/piu-di-900-alla-15ma-edizione-della-corsa-di-babbo-natale-a-pedavena-e-feltre\\\/\",\"name\":\"Pi\u00f9 di 900 alla 15ma edizione della Corsa di Babbo Natale a Pedavena e Feltre - Bellunopress - Dolomiti\",\"isPartOf\":{\"@id\":\"https:\\\/\\\/www.bellunopress.it\\\/#website\"},\"primaryImageOfPage\":{\"@id\":\"https:\\\/\\\/www.bellunopress.it\\\/2024\\\/12\\\/01\\\/piu-di-900-alla-15ma-edizione-della-corsa-di-babbo-natale-a-pedavena-e-feltre\\\/#primaryimage\"},\"image\":{\"@id\":\"https:\\\/\\\/www.bellunopress.it\\\/2024\\\/12\\\/01\\\/piu-di-900-alla-15ma-edizione-della-corsa-di-babbo-natale-a-pedavena-e-feltre\\\/#primaryimage\"},\"thumbnailUrl\":\"https:\\\/\\\/www.bellunopress.it\\\/wp-content\\\/uploads\\\/2024\\\/12\\\/corsa-babbo-natale-pedavena-Feltre_edited.jpg\",\"datePublished\":\"2024-12-01T16:43:47+00:00\",\"breadcrumb\":{\"@id\":\"https:\\\/\\\/www.bellunopress.it\\\/2024\\\/12\\\/01\\\/piu-di-900-alla-15ma-edizione-della-corsa-di-babbo-natale-a-pedavena-e-feltre\\\/#breadcrumb\"},\"inLanguage\":\"fr-FR\",\"potentialAction\":[{\"@type\":\"ReadAction\",\"target\":[\"https:\\\/\\\/www.bellunopress.it\\\/2024\\\/12\\\/01\\\/piu-di-900-alla-15ma-edizione-della-corsa-di-babbo-natale-a-pedavena-e-feltre\\\/\"]}]},{\"@type\":\"ImageObject\",\"inLanguage\":\"fr-FR\",\"@id\":\"https:\\\/\\\/www.bellunopress.it\\\/2024\\\/12\\\/01\\\/piu-di-900-alla-15ma-edizione-della-corsa-di-babbo-natale-a-pedavena-e-feltre\\\/#primaryimage\",\"url\":\"https:\\\/\\\/www.bellunopress.it\\\/wp-content\\\/uploads\\\/2024\\\/12\\\/corsa-babbo-natale-pedavena-Feltre_edited.jpg\",\"contentUrl\":\"https:\\\/\\\/www.bellunopress.it\\\/wp-content\\\/uploads\\\/2024\\\/12\\\/corsa-babbo-natale-pedavena-Feltre_edited.jpg\",\"width\":1000,\"height\":659},{\"@type\":\"BreadcrumbList\",\"@id\":\"https:\\\/\\\/www.bellunopress.it\\\/2024\\\/12\\\/01\\\/piu-di-900-alla-15ma-edizione-della-corsa-di-babbo-natale-a-pedavena-e-feltre\\\/#breadcrumb\",\"itemListElement\":[{\"@type\":\"ListItem\",\"position\":1,\"name\":\"Home\",\"item\":\"https:\\\/\\\/www.bellunopress.it\\\/\"},{\"@type\":\"ListItem\",\"position\":2,\"name\":\"Pi\u00f9 di 900 alla 15ma edizione della Corsa di Babbo Natale a Pedavena e Feltre\"}]},{\"@type\":\"WebSite\",\"@id\":\"https:\\\/\\\/www.bellunopress.it\\\/#website\",\"url\":\"https:\\\/\\\/www.bellunopress.it\\\/\",\"name\":\"Bellunopress - Dolomiti\",\"description\":\"e-mail: redazione@bellunopress.it\",\"publisher\":{\"@id\":\"https:\\\/\\\/www.bellunopress.it\\\/#organization\"},\"potentialAction\":[{\"@type\":\"SearchAction\",\"target\":{\"@type\":\"EntryPoint\",\"urlTemplate\":\"https:\\\/\\\/www.bellunopress.it\\\/?s={search_term_string}\"},\"query-input\":{\"@type\":\"PropertyValueSpecification\",\"valueRequired\":true,\"valueName\":\"search_term_string\"}}],\"inLanguage\":\"fr-FR\"},{\"@type\":\"Organization\",\"@id\":\"https:\\\/\\\/www.bellunopress.it\\\/#organization\",\"name\":\"Bellunopress\",\"url\":\"https:\\\/\\\/www.bellunopress.it\\\/\",\"logo\":{\"@type\":\"ImageObject\",\"inLanguage\":\"fr-FR\",\"@id\":\"https:\\\/\\\/www.bellunopress.it\\\/#\\\/schema\\\/logo\\\/image\\\/\",\"url\":\"https:\\\/\\\/www.bellunopress.it\\\/wp-content\\\/uploads\\\/2011\\\/05\\\/cropped-logo-bellunopress-.jpg\",\"contentUrl\":\"https:\\\/\\\/www.bellunopress.it\\\/wp-content\\\/uploads\\\/2011\\\/05\\\/cropped-logo-bellunopress-.jpg\",\"width\":512,\"height\":512,\"caption\":\"Bellunopress\"},\"image\":{\"@id\":\"https:\\\/\\\/www.bellunopress.it\\\/#\\\/schema\\\/logo\\\/image\\\/\"},\"sameAs\":[\"https:\\\/\\\/www.facebook.com\\\/profile.php?id=100008943462799\",\"https:\\\/\\\/x.com\\\/bellunopress\",\"https:\\\/\\\/www.linkedin.com\\\/hp\\\/?dnr=JBzUWaJfMUw8vbXJJ2tVW5-I3jZKvC4wsoxE&amp;amp;amp;amp;amp;amp;trk=nav_responsive_tab_home\",\"https:\\\/\\\/www.youtube.com\\\/channel\\\/UCxL0wu1uN0_3_7hGG0306cw\"]},{\"@type\":\"Person\",\"@id\":\"https:\\\/\\\/www.bellunopress.it\\\/#\\\/schema\\\/person\\\/79bb06722b37ece1c03d3e94beb30d73\",\"name\":\"redazione\",\"image\":{\"@type\":\"ImageObject\",\"inLanguage\":\"fr-FR\",\"@id\":\"https:\\\/\\\/secure.gravatar.com\\\/avatar\\\/37d968a2e67a6fd04c169c4bdef102d0bc5d31b2546345219e348575eb80e9a0?s=96&d=mm&r=g\",\"url\":\"https:\\\/\\\/secure.gravatar.com\\\/avatar\\\/37d968a2e67a6fd04c169c4bdef102d0bc5d31b2546345219e348575eb80e9a0?s=96&d=mm&r=g\",\"contentUrl\":\"https:\\\/\\\/secure.gravatar.com\\\/avatar\\\/37d968a2e67a6fd04c169c4bdef102d0bc5d31b2546345219e348575eb80e9a0?s=96&d=mm&r=g\",\"caption\":\"redazione\"},\"sameAs\":[\"http:\\\/\\\/www.bellunopress.it\",\"https:\\\/\\\/x.com\\\/bellunopress\"],\"url\":\"https:\\\/\\\/www.bellunopress.it\\\/fr\\\/author\\\/redazione\\\/\"}]}<\/script>\n<!-- \/ Yoast SEO plugin. -->","yoast_head_json":{"title":"Pi\u00f9 di 900 alla 15ma edizione della Corsa di Babbo Natale a Pedavena e Feltre - Bellunopress - Dolomiti","robots":{"index":"index","follow":"follow","max-snippet":"max-snippet:-1","max-image-preview":"max-image-preview:large","max-video-preview":"max-video-preview:-1"},"canonical":"https:\/\/www.bellunopress.it\/fr\/2024\/12\/01\/piu-di-900-alla-15ma-edizione-della-corsa-di-babbo-natale-a-pedavena-e-feltre\/","og_locale":"fr_FR","og_type":"article","og_title":"Pi\u00f9 di 900 alla 15ma edizione della Corsa di Babbo Natale a Pedavena e Feltre - Bellunopress - Dolomiti","og_description":"Pedavena, 1\u00b0 dicembre 2024\u00a0 &#8211;\u00a0\u00a0In pi\u00f9 di novecento alla 15esima edizione della Corsa di Babbo Natale svoltasi quest&#8217;oggi sui due percorsi tracciati tra i comuni di Pedavena e Feltre. Nella competitiva di 11 km si impongono Daniele Roccon in campo maschile e Leila Colussi in quello femminile. La soddisfazione degli organizzatori: \u201cLa manifestazione si consolida [&hellip;]","og_url":"https:\/\/www.bellunopress.it\/fr\/2024\/12\/01\/piu-di-900-alla-15ma-edizione-della-corsa-di-babbo-natale-a-pedavena-e-feltre\/","og_site_name":"Bellunopress - Dolomiti","article_publisher":"https:\/\/www.facebook.com\/profile.php?id=100008943462799","article_published_time":"2024-12-01T16:43:47+00:00","og_image":[{"width":1000,"height":659,"url":"https:\/\/www.bellunopress.it\/wp-content\/uploads\/2024\/12\/corsa-babbo-natale-pedavena-Feltre_edited.jpg","type":"image\/jpeg"}],"author":"redazione","twitter_card":"summary_large_image","twitter_creator":"@bellunopress","twitter_site":"@bellunopress","twitter_misc":{"\u00c9crit par":"redazione","Dur\u00e9e de lecture estim\u00e9e":"2 minutes"},"schema":{"@context":"https:\/\/schema.org","@graph":[{"@type":"Article","@id":"https:\/\/www.bellunopress.it\/2024\/12\/01\/piu-di-900-alla-15ma-edizione-della-corsa-di-babbo-natale-a-pedavena-e-feltre\/#article","isPartOf":{"@id":"https:\/\/www.bellunopress.it\/2024\/12\/01\/piu-di-900-alla-15ma-edizione-della-corsa-di-babbo-natale-a-pedavena-e-feltre\/"},"author":{"name":"redazione","@id":"https:\/\/www.bellunopress.it\/#\/schema\/person\/79bb06722b37ece1c03d3e94beb30d73"},"headline":"Pi\u00f9 di 900 alla 15ma edizione della Corsa di Babbo Natale a Pedavena e Feltre","datePublished":"2024-12-01T16:43:47+00:00","mainEntityOfPage":{"@id":"https:\/\/www.bellunopress.it\/2024\/12\/01\/piu-di-900-alla-15ma-edizione-della-corsa-di-babbo-natale-a-pedavena-e-feltre\/"},"wordCount":499,"publisher":{"@id":"https:\/\/www.bellunopress.it\/#organization"},"image":{"@id":"https:\/\/www.bellunopress.it\/2024\/12\/01\/piu-di-900-alla-15ma-edizione-della-corsa-di-babbo-natale-a-pedavena-e-feltre\/#primaryimage"},"thumbnailUrl":"https:\/\/www.bellunopress.it\/wp-content\/uploads\/2024\/12\/corsa-babbo-natale-pedavena-Feltre_edited.jpg","articleSection":["Prima Pagina","Societ\u00e0, Associazioni, Istituzioni","Sport, tempo libero"],"inLanguage":"fr-FR"},{"@type":"WebPage","@id":"https:\/\/www.bellunopress.it\/2024\/12\/01\/piu-di-900-alla-15ma-edizione-della-corsa-di-babbo-natale-a-pedavena-e-feltre\/","url":"https:\/\/www.bellunopress.it\/2024\/12\/01\/piu-di-900-alla-15ma-edizione-della-corsa-di-babbo-natale-a-pedavena-e-feltre\/","name":"Pi\u00f9 di 900 alla 15ma edizione della Corsa di Babbo Natale a Pedavena e Feltre - Bellunopress - Dolomiti","isPartOf":{"@id":"https:\/\/www.bellunopress.it\/#website"},"primaryImageOfPage":{"@id":"https:\/\/www.bellunopress.it\/2024\/12\/01\/piu-di-900-alla-15ma-edizione-della-corsa-di-babbo-natale-a-pedavena-e-feltre\/#primaryimage"},"image":{"@id":"https:\/\/www.bellunopress.it\/2024\/12\/01\/piu-di-900-alla-15ma-edizione-della-corsa-di-babbo-natale-a-pedavena-e-feltre\/#primaryimage"},"thumbnailUrl":"https:\/\/www.bellunopress.it\/wp-content\/uploads\/2024\/12\/corsa-babbo-natale-pedavena-Feltre_edited.jpg","datePublished":"2024-12-01T16:43:47+00:00","breadcrumb":{"@id":"https:\/\/www.bellunopress.it\/2024\/12\/01\/piu-di-900-alla-15ma-edizione-della-corsa-di-babbo-natale-a-pedavena-e-feltre\/#breadcrumb"},"inLanguage":"fr-FR","potentialAction":[{"@type":"ReadAction","target":["https:\/\/www.bellunopress.it\/2024\/12\/01\/piu-di-900-alla-15ma-edizione-della-corsa-di-babbo-natale-a-pedavena-e-feltre\/"]}]},{"@type":"ImageObject","inLanguage":"fr-FR","@id":"https:\/\/www.bellunopress.it\/2024\/12\/01\/piu-di-900-alla-15ma-edizione-della-corsa-di-babbo-natale-a-pedavena-e-feltre\/#primaryimage","url":"https:\/\/www.bellunopress.it\/wp-content\/uploads\/2024\/12\/corsa-babbo-natale-pedavena-Feltre_edited.jpg","contentUrl":"https:\/\/www.bellunopress.it\/wp-content\/uploads\/2024\/12\/corsa-babbo-natale-pedavena-Feltre_edited.jpg","width":1000,"height":659},{"@type":"BreadcrumbList","@id":"https:\/\/www.bellunopress.it\/2024\/12\/01\/piu-di-900-alla-15ma-edizione-della-corsa-di-babbo-natale-a-pedavena-e-feltre\/#breadcrumb","itemListElement":[{"@type":"ListItem","position":1,"name":"Home","item":"https:\/\/www.bellunopress.it\/"},{"@type":"ListItem","position":2,"name":"Pi\u00f9 di 900 alla 15ma edizione della Corsa di Babbo Natale a Pedavena e Feltre"}]},{"@type":"WebSite","@id":"https:\/\/www.bellunopress.it\/#website","url":"https:\/\/www.bellunopress.it\/","name":"Bellunopress - Dolomiti","description":"e-mail: redazione@bellunopress.it","publisher":{"@id":"https:\/\/www.bellunopress.it\/#organization"},"potentialAction":[{"@type":"SearchAction","target":{"@type":"EntryPoint","urlTemplate":"https:\/\/www.bellunopress.it\/?s={search_term_string}"},"query-input":{"@type":"PropertyValueSpecification","valueRequired":true,"valueName":"search_term_string"}}],"inLanguage":"fr-FR"},{"@type":"Organization","@id":"https:\/\/www.bellunopress.it\/#organization","name":"Bellunopress","url":"https:\/\/www.bellunopress.it\/","logo":{"@type":"ImageObject","inLanguage":"fr-FR","@id":"https:\/\/www.bellunopress.it\/#\/schema\/logo\/image\/","url":"https:\/\/www.bellunopress.it\/wp-content\/uploads\/2011\/05\/cropped-logo-bellunopress-.jpg","contentUrl":"https:\/\/www.bellunopress.it\/wp-content\/uploads\/2011\/05\/cropped-logo-bellunopress-.jpg","width":512,"height":512,"caption":"Bellunopress"},"image":{"@id":"https:\/\/www.bellunopress.it\/#\/schema\/logo\/image\/"},"sameAs":["https:\/\/www.facebook.com\/profile.php?id=100008943462799","https:\/\/x.com\/bellunopress","https:\/\/www.linkedin.com\/hp\/?dnr=JBzUWaJfMUw8vbXJJ2tVW5-I3jZKvC4wsoxE&amp;amp;amp;amp;amp;amp;trk=nav_responsive_tab_home","https:\/\/www.youtube.com\/channel\/UCxL0wu1uN0_3_7hGG0306cw"]},{"@type":"Person","@id":"https:\/\/www.bellunopress.it\/#\/schema\/person\/79bb06722b37ece1c03d3e94beb30d73","name":"r\u00e9daction","image":{"@type":"ImageObject","inLanguage":"fr-FR","@id":"https:\/\/secure.gravatar.com\/avatar\/37d968a2e67a6fd04c169c4bdef102d0bc5d31b2546345219e348575eb80e9a0?s=96&d=mm&r=g","url":"https:\/\/secure.gravatar.com\/avatar\/37d968a2e67a6fd04c169c4bdef102d0bc5d31b2546345219e348575eb80e9a0?s=96&d=mm&r=g","contentUrl":"https:\/\/secure.gravatar.com\/avatar\/37d968a2e67a6fd04c169c4bdef102d0bc5d31b2546345219e348575eb80e9a0?s=96&d=mm&r=g","caption":"redazione"},"sameAs":["http:\/\/www.bellunopress.it","https:\/\/x.com\/bellunopress"],"url":"https:\/\/www.bellunopress.it\/fr\/author\/redazione\/"}]}},"_links":{"self":[{"href":"https:\/\/www.bellunopress.it\/fr\/wp-json\/wp\/v2\/posts\/155963","targetHints":{"allow":["GET"]}}],"collection":[{"href":"https:\/\/www.bellunopress.it\/fr\/wp-json\/wp\/v2\/posts"}],"about":[{"href":"https:\/\/www.bellunopress.it\/fr\/wp-json\/wp\/v2\/types\/post"}],"author":[{"embeddable":true,"href":"https:\/\/www.bellunopress.it\/fr\/wp-json\/wp\/v2\/users\/2"}],"replies":[{"embeddable":true,"href":"https:\/\/www.bellunopress.it\/fr\/wp-json\/wp\/v2\/comments?post=155963"}],"version-history":[{"count":1,"href":"https:\/\/www.bellunopress.it\/fr\/wp-json\/wp\/v2\/posts\/155963\/revisions"}],"predecessor-version":[{"id":155965,"href":"https:\/\/www.bellunopress.it\/fr\/wp-json\/wp\/v2\/posts\/155963\/revisions\/155965"}],"wp:featuredmedia":[{"embeddable":true,"href":"https:\/\/www.bellunopress.it\/fr\/wp-json\/wp\/v2\/media\/155964"}],"wp:attachment":[{"href":"https:\/\/www.bellunopress.it\/fr\/wp-json\/wp\/v2\/media?parent=155963"}],"wp:term":[{"taxonomy":"category","embeddable":true,"href":"https:\/\/www.bellunopress.it\/fr\/wp-json\/wp\/v2\/categories?post=155963"},{"taxonomy":"post_tag","embeddable":true,"href":"https:\/\/www.bellunopress.it\/fr\/wp-json\/wp\/v2\/tags?post=155963"}],"curies":[{"name":"wp","href":"https:\/\/api.w.org\/{rel}","templated":true}]}}