{"id":155958,"date":"2024-12-01T14:14:11","date_gmt":"2024-12-01T13:14:11","guid":{"rendered":"https:\/\/www.bellunopress.it\/?p=155958"},"modified":"2024-12-01T14:14:11","modified_gmt":"2024-12-01T13:14:11","slug":"ucciso-nella-notte-lorso-m91-la-condanna-a-morte-firmata-da-fugatti-presidente-della-provincia-autonoma-di-trento","status":"publish","type":"post","link":"https:\/\/www.bellunopress.it\/fr\/2024\/12\/01\/ucciso-nella-notte-lorso-m91-la-condanna-a-morte-firmata-da-fugatti-presidente-della-provincia-autonoma-di-trento\/","title":{"rendered":"Ucciso nella notte l&#8217;orso M91. La condanna a morte firmata da Fugatti, presidente della Provincia Autonoma di Trento"},"content":{"rendered":"<p><img loading=\"lazy\" decoding=\"async\" class=\"aligncenter size-full wp-image-147732\" src=\"https:\/\/www.bellunopress.it\/wp-content\/uploads\/2024\/01\/Leal-no-vivisezione_edited.jpg\" alt=\"\" width=\"1000\" height=\"1000\" srcset=\"https:\/\/www.bellunopress.it\/wp-content\/uploads\/2024\/01\/Leal-no-vivisezione_edited.jpg 1000w, https:\/\/www.bellunopress.it\/wp-content\/uploads\/2024\/01\/Leal-no-vivisezione_edited-500x500.jpg 500w, https:\/\/www.bellunopress.it\/wp-content\/uploads\/2024\/01\/Leal-no-vivisezione_edited-300x300.jpg 300w, https:\/\/www.bellunopress.it\/wp-content\/uploads\/2024\/01\/Leal-no-vivisezione_edited-696x696.jpg 696w\" sizes=\"auto, (max-width: 1000px) 100vw, 1000px\" \/>1 dicembre 2024 &#8211;\u00a0Questa notte M91 \u00e8 stato abbattuto in Trentino, l&#8217;autorizzazione \u00e8 stata firmata dal presidente della Provincia Autonoma di Trento Maurizio Fugatti, e l&#8217;uccisione ha avuto luogo nel comune di Sporminore, come parte delle disposizioni della legge provinciale 9\/2018.<\/p>\n<p>La condanna \u00e8 stata eseguita a poche ore dal provvedimento senza dare la possibilit\u00e0 di impugnazione alle associazioni. La Provincia di Trento ha giustificato l&#8217;abbattimento sostenendo che M91 aveva mostrato comportamenti pericolosi, ma l&#8217;orso non ha mai mostrato aggressivit\u00e0. M91 era stato coinvolto in un incontro con un turista senza reagire in modo violento, nonostante le provocazioni. Le associazioni LEAL, LEIDAA e OIPA commentano: &#8220;Interverremo nelle opportune sedi giudiziarie per dimostrare l&#8217;illegittimit\u00e0 del decreto con conseguente danno alla fauna selvatica e uccisione di un animale (protetto) non necessitata&#8221;.<\/p>\n<p>M91 era un giovane orso di circa due anni, monitorato attraverso tecnologie come il radiocollare. La decisione di abbatterlo \u00e8 stata presa a dispetto delle necessit\u00e0 di preservare la fauna selvatica e nella fattispecie rappresenta l&#8217;ennesima sfida da parte della Provincia a chi con seriet\u00e0 e professionalit\u00e0 tutela animali e ambiente&#8221;.<\/p>","protected":false},"excerpt":{"rendered":"<p>1 dicembre 2024 &#8211;\u00a0Questa notte M91 \u00e8 stato abbattuto in Trentino, l&#8217;autorizzazione \u00e8 stata firmata dal presidente della Provincia Autonoma di Trento Maurizio Fugatti, e l&#8217;uccisione ha avuto luogo nel comune di Sporminore, come parte delle disposizioni della legge provinciale 9\/2018. La condanna \u00e8 stata eseguita a poche ore dal provvedimento senza dare la possibilit\u00e0 [&hellip;]<\/p>\n","protected":false},"author":2,"featured_media":147732,"comment_status":"closed","ping_status":"open","sticky":false,"template":"","format":"standard","meta":{"footnotes":""},"categories":[5,26],"tags":[],"class_list":["post-155958","post","type-post","status-publish","format-standard","has-post-thumbnail","category-cronaca","category-prima-pagina"],"yoast_head":"<!-- This site is optimized with the Yoast SEO plugin v28.4 - https:\/\/yoast.com\/product\/yoast-seo-wordpress\/ -->\n<title>Ucciso nella notte l&#039;orso M91. La condanna a morte firmata da Fugatti, presidente della Provincia Autonoma di Trento - Bellunopress - Dolomiti<\/title>\n<meta name=\"robots\" content=\"index, follow, max-snippet:-1, max-image-preview:large, max-video-preview:-1\" \/>\n<link rel=\"canonical\" href=\"https:\/\/www.bellunopress.it\/fr\/2024\/12\/01\/ucciso-nella-notte-lorso-m91-la-condanna-a-morte-firmata-da-fugatti-presidente-della-provincia-autonoma-di-trento\/\" \/>\n<meta property=\"og:locale\" content=\"fr_FR\" \/>\n<meta property=\"og:type\" content=\"article\" \/>\n<meta property=\"og:title\" content=\"Ucciso nella notte l&#039;orso M91. La condanna a morte firmata da Fugatti, presidente della Provincia Autonoma di Trento - Bellunopress - Dolomiti\" \/>\n<meta property=\"og:description\" content=\"1 dicembre 2024 &#8211;\u00a0Questa notte M91 \u00e8 stato abbattuto in Trentino, l&#8217;autorizzazione \u00e8 stata firmata dal presidente della Provincia Autonoma di Trento Maurizio Fugatti, e l&#8217;uccisione ha avuto luogo nel comune di Sporminore, come parte delle disposizioni della legge provinciale 9\/2018. La condanna \u00e8 stata eseguita a poche ore dal provvedimento senza dare la possibilit\u00e0 [&hellip;]\" \/>\n<meta property=\"og:url\" content=\"https:\/\/www.bellunopress.it\/fr\/2024\/12\/01\/ucciso-nella-notte-lorso-m91-la-condanna-a-morte-firmata-da-fugatti-presidente-della-provincia-autonoma-di-trento\/\" \/>\n<meta property=\"og:site_name\" content=\"Bellunopress - Dolomiti\" \/>\n<meta property=\"article:publisher\" content=\"https:\/\/www.facebook.com\/profile.php?id=100008943462799\" \/>\n<meta property=\"article:published_time\" content=\"2024-12-01T13:14:11+00:00\" \/>\n<meta property=\"og:image\" content=\"https:\/\/www.bellunopress.it\/wp-content\/uploads\/2024\/01\/Leal-no-vivisezione_edited.jpg\" \/>\n\t<meta property=\"og:image:width\" content=\"1000\" \/>\n\t<meta property=\"og:image:height\" content=\"1000\" \/>\n\t<meta property=\"og:image:type\" content=\"image\/jpeg\" \/>\n<meta name=\"author\" content=\"redazione\" \/>\n<meta name=\"twitter:card\" content=\"summary_large_image\" \/>\n<meta name=\"twitter:creator\" content=\"@bellunopress\" \/>\n<meta name=\"twitter:site\" content=\"@bellunopress\" \/>\n<meta name=\"twitter:label1\" content=\"\u00c9crit par\" \/>\n\t<meta name=\"twitter:data1\" content=\"redazione\" \/>\n\t<meta name=\"twitter:label2\" content=\"Dur\u00e9e de lecture estim\u00e9e\" \/>\n\t<meta name=\"twitter:data2\" content=\"1 minute\" \/>\n<script type=\"application\/ld+json\" class=\"yoast-schema-graph\">{\"@context\":\"https:\\\/\\\/schema.org\",\"@graph\":[{\"@type\":\"Article\",\"@id\":\"https:\\\/\\\/www.bellunopress.it\\\/2024\\\/12\\\/01\\\/ucciso-nella-notte-lorso-m91-la-condanna-a-morte-firmata-da-fugatti-presidente-della-provincia-autonoma-di-trento\\\/#article\",\"isPartOf\":{\"@id\":\"https:\\\/\\\/www.bellunopress.it\\\/2024\\\/12\\\/01\\\/ucciso-nella-notte-lorso-m91-la-condanna-a-morte-firmata-da-fugatti-presidente-della-provincia-autonoma-di-trento\\\/\"},\"author\":{\"name\":\"redazione\",\"@id\":\"https:\\\/\\\/www.bellunopress.it\\\/#\\\/schema\\\/person\\\/79bb06722b37ece1c03d3e94beb30d73\"},\"headline\":\"Ucciso nella notte l&#8217;orso M91. La condanna a morte firmata da Fugatti, presidente della Provincia Autonoma di Trento\",\"datePublished\":\"2024-12-01T13:14:11+00:00\",\"mainEntityOfPage\":{\"@id\":\"https:\\\/\\\/www.bellunopress.it\\\/2024\\\/12\\\/01\\\/ucciso-nella-notte-lorso-m91-la-condanna-a-morte-firmata-da-fugatti-presidente-della-provincia-autonoma-di-trento\\\/\"},\"wordCount\":199,\"publisher\":{\"@id\":\"https:\\\/\\\/www.bellunopress.it\\\/#organization\"},\"image\":{\"@id\":\"https:\\\/\\\/www.bellunopress.it\\\/2024\\\/12\\\/01\\\/ucciso-nella-notte-lorso-m91-la-condanna-a-morte-firmata-da-fugatti-presidente-della-provincia-autonoma-di-trento\\\/#primaryimage\"},\"thumbnailUrl\":\"https:\\\/\\\/www.bellunopress.it\\\/wp-content\\\/uploads\\\/2024\\\/01\\\/Leal-no-vivisezione_edited.jpg\",\"articleSection\":[\"Cronaca\\\/Politica\",\"Prima Pagina\"],\"inLanguage\":\"fr-FR\"},{\"@type\":\"WebPage\",\"@id\":\"https:\\\/\\\/www.bellunopress.it\\\/2024\\\/12\\\/01\\\/ucciso-nella-notte-lorso-m91-la-condanna-a-morte-firmata-da-fugatti-presidente-della-provincia-autonoma-di-trento\\\/\",\"url\":\"https:\\\/\\\/www.bellunopress.it\\\/2024\\\/12\\\/01\\\/ucciso-nella-notte-lorso-m91-la-condanna-a-morte-firmata-da-fugatti-presidente-della-provincia-autonoma-di-trento\\\/\",\"name\":\"Ucciso nella notte l'orso M91. La condanna a morte firmata da Fugatti, presidente della Provincia Autonoma di Trento - Bellunopress - Dolomiti\",\"isPartOf\":{\"@id\":\"https:\\\/\\\/www.bellunopress.it\\\/#website\"},\"primaryImageOfPage\":{\"@id\":\"https:\\\/\\\/www.bellunopress.it\\\/2024\\\/12\\\/01\\\/ucciso-nella-notte-lorso-m91-la-condanna-a-morte-firmata-da-fugatti-presidente-della-provincia-autonoma-di-trento\\\/#primaryimage\"},\"image\":{\"@id\":\"https:\\\/\\\/www.bellunopress.it\\\/2024\\\/12\\\/01\\\/ucciso-nella-notte-lorso-m91-la-condanna-a-morte-firmata-da-fugatti-presidente-della-provincia-autonoma-di-trento\\\/#primaryimage\"},\"thumbnailUrl\":\"https:\\\/\\\/www.bellunopress.it\\\/wp-content\\\/uploads\\\/2024\\\/01\\\/Leal-no-vivisezione_edited.jpg\",\"datePublished\":\"2024-12-01T13:14:11+00:00\",\"breadcrumb\":{\"@id\":\"https:\\\/\\\/www.bellunopress.it\\\/2024\\\/12\\\/01\\\/ucciso-nella-notte-lorso-m91-la-condanna-a-morte-firmata-da-fugatti-presidente-della-provincia-autonoma-di-trento\\\/#breadcrumb\"},\"inLanguage\":\"fr-FR\",\"potentialAction\":[{\"@type\":\"ReadAction\",\"target\":[\"https:\\\/\\\/www.bellunopress.it\\\/2024\\\/12\\\/01\\\/ucciso-nella-notte-lorso-m91-la-condanna-a-morte-firmata-da-fugatti-presidente-della-provincia-autonoma-di-trento\\\/\"]}]},{\"@type\":\"ImageObject\",\"inLanguage\":\"fr-FR\",\"@id\":\"https:\\\/\\\/www.bellunopress.it\\\/2024\\\/12\\\/01\\\/ucciso-nella-notte-lorso-m91-la-condanna-a-morte-firmata-da-fugatti-presidente-della-provincia-autonoma-di-trento\\\/#primaryimage\",\"url\":\"https:\\\/\\\/www.bellunopress.it\\\/wp-content\\\/uploads\\\/2024\\\/01\\\/Leal-no-vivisezione_edited.jpg\",\"contentUrl\":\"https:\\\/\\\/www.bellunopress.it\\\/wp-content\\\/uploads\\\/2024\\\/01\\\/Leal-no-vivisezione_edited.jpg\",\"width\":1000,\"height\":1000},{\"@type\":\"BreadcrumbList\",\"@id\":\"https:\\\/\\\/www.bellunopress.it\\\/2024\\\/12\\\/01\\\/ucciso-nella-notte-lorso-m91-la-condanna-a-morte-firmata-da-fugatti-presidente-della-provincia-autonoma-di-trento\\\/#breadcrumb\",\"itemListElement\":[{\"@type\":\"ListItem\",\"position\":1,\"name\":\"Home\",\"item\":\"https:\\\/\\\/www.bellunopress.it\\\/\"},{\"@type\":\"ListItem\",\"position\":2,\"name\":\"Ucciso nella notte l&#8217;orso M91. La condanna a morte firmata da Fugatti, presidente della Provincia Autonoma di Trento\"}]},{\"@type\":\"WebSite\",\"@id\":\"https:\\\/\\\/www.bellunopress.it\\\/#website\",\"url\":\"https:\\\/\\\/www.bellunopress.it\\\/\",\"name\":\"Bellunopress - Dolomiti\",\"description\":\"e-mail: redazione@bellunopress.it\",\"publisher\":{\"@id\":\"https:\\\/\\\/www.bellunopress.it\\\/#organization\"},\"potentialAction\":[{\"@type\":\"SearchAction\",\"target\":{\"@type\":\"EntryPoint\",\"urlTemplate\":\"https:\\\/\\\/www.bellunopress.it\\\/?s={search_term_string}\"},\"query-input\":{\"@type\":\"PropertyValueSpecification\",\"valueRequired\":true,\"valueName\":\"search_term_string\"}}],\"inLanguage\":\"fr-FR\"},{\"@type\":\"Organization\",\"@id\":\"https:\\\/\\\/www.bellunopress.it\\\/#organization\",\"name\":\"Bellunopress\",\"url\":\"https:\\\/\\\/www.bellunopress.it\\\/\",\"logo\":{\"@type\":\"ImageObject\",\"inLanguage\":\"fr-FR\",\"@id\":\"https:\\\/\\\/www.bellunopress.it\\\/#\\\/schema\\\/logo\\\/image\\\/\",\"url\":\"https:\\\/\\\/www.bellunopress.it\\\/wp-content\\\/uploads\\\/2011\\\/05\\\/cropped-logo-bellunopress-.jpg\",\"contentUrl\":\"https:\\\/\\\/www.bellunopress.it\\\/wp-content\\\/uploads\\\/2011\\\/05\\\/cropped-logo-bellunopress-.jpg\",\"width\":512,\"height\":512,\"caption\":\"Bellunopress\"},\"image\":{\"@id\":\"https:\\\/\\\/www.bellunopress.it\\\/#\\\/schema\\\/logo\\\/image\\\/\"},\"sameAs\":[\"https:\\\/\\\/www.facebook.com\\\/profile.php?id=100008943462799\",\"https:\\\/\\\/x.com\\\/bellunopress\",\"https:\\\/\\\/www.linkedin.com\\\/hp\\\/?dnr=JBzUWaJfMUw8vbXJJ2tVW5-I3jZKvC4wsoxE&amp;amp;amp;amp;amp;amp;trk=nav_responsive_tab_home\",\"https:\\\/\\\/www.youtube.com\\\/channel\\\/UCxL0wu1uN0_3_7hGG0306cw\"]},{\"@type\":\"Person\",\"@id\":\"https:\\\/\\\/www.bellunopress.it\\\/#\\\/schema\\\/person\\\/79bb06722b37ece1c03d3e94beb30d73\",\"name\":\"redazione\",\"image\":{\"@type\":\"ImageObject\",\"inLanguage\":\"fr-FR\",\"@id\":\"https:\\\/\\\/secure.gravatar.com\\\/avatar\\\/37d968a2e67a6fd04c169c4bdef102d0bc5d31b2546345219e348575eb80e9a0?s=96&d=mm&r=g\",\"url\":\"https:\\\/\\\/secure.gravatar.com\\\/avatar\\\/37d968a2e67a6fd04c169c4bdef102d0bc5d31b2546345219e348575eb80e9a0?s=96&d=mm&r=g\",\"contentUrl\":\"https:\\\/\\\/secure.gravatar.com\\\/avatar\\\/37d968a2e67a6fd04c169c4bdef102d0bc5d31b2546345219e348575eb80e9a0?s=96&d=mm&r=g\",\"caption\":\"redazione\"},\"sameAs\":[\"http:\\\/\\\/www.bellunopress.it\",\"https:\\\/\\\/x.com\\\/bellunopress\"],\"url\":\"https:\\\/\\\/www.bellunopress.it\\\/fr\\\/author\\\/redazione\\\/\"}]}<\/script>\n<!-- \/ Yoast SEO plugin. -->","yoast_head_json":{"title":"Ucciso nella notte l'orso M91. La condanna a morte firmata da Fugatti, presidente della Provincia Autonoma di Trento - Bellunopress - Dolomiti","robots":{"index":"index","follow":"follow","max-snippet":"max-snippet:-1","max-image-preview":"max-image-preview:large","max-video-preview":"max-video-preview:-1"},"canonical":"https:\/\/www.bellunopress.it\/fr\/2024\/12\/01\/ucciso-nella-notte-lorso-m91-la-condanna-a-morte-firmata-da-fugatti-presidente-della-provincia-autonoma-di-trento\/","og_locale":"fr_FR","og_type":"article","og_title":"Ucciso nella notte l'orso M91. La condanna a morte firmata da Fugatti, presidente della Provincia Autonoma di Trento - Bellunopress - Dolomiti","og_description":"1 dicembre 2024 &#8211;\u00a0Questa notte M91 \u00e8 stato abbattuto in Trentino, l&#8217;autorizzazione \u00e8 stata firmata dal presidente della Provincia Autonoma di Trento Maurizio Fugatti, e l&#8217;uccisione ha avuto luogo nel comune di Sporminore, come parte delle disposizioni della legge provinciale 9\/2018. La condanna \u00e8 stata eseguita a poche ore dal provvedimento senza dare la possibilit\u00e0 [&hellip;]","og_url":"https:\/\/www.bellunopress.it\/fr\/2024\/12\/01\/ucciso-nella-notte-lorso-m91-la-condanna-a-morte-firmata-da-fugatti-presidente-della-provincia-autonoma-di-trento\/","og_site_name":"Bellunopress - Dolomiti","article_publisher":"https:\/\/www.facebook.com\/profile.php?id=100008943462799","article_published_time":"2024-12-01T13:14:11+00:00","og_image":[{"width":1000,"height":1000,"url":"https:\/\/www.bellunopress.it\/wp-content\/uploads\/2024\/01\/Leal-no-vivisezione_edited.jpg","type":"image\/jpeg"}],"author":"redazione","twitter_card":"summary_large_image","twitter_creator":"@bellunopress","twitter_site":"@bellunopress","twitter_misc":{"\u00c9crit par":"redazione","Dur\u00e9e de lecture estim\u00e9e":"1 minute"},"schema":{"@context":"https:\/\/schema.org","@graph":[{"@type":"Article","@id":"https:\/\/www.bellunopress.it\/2024\/12\/01\/ucciso-nella-notte-lorso-m91-la-condanna-a-morte-firmata-da-fugatti-presidente-della-provincia-autonoma-di-trento\/#article","isPartOf":{"@id":"https:\/\/www.bellunopress.it\/2024\/12\/01\/ucciso-nella-notte-lorso-m91-la-condanna-a-morte-firmata-da-fugatti-presidente-della-provincia-autonoma-di-trento\/"},"author":{"name":"redazione","@id":"https:\/\/www.bellunopress.it\/#\/schema\/person\/79bb06722b37ece1c03d3e94beb30d73"},"headline":"Ucciso nella notte l&#8217;orso M91. La condanna a morte firmata da Fugatti, presidente della Provincia Autonoma di Trento","datePublished":"2024-12-01T13:14:11+00:00","mainEntityOfPage":{"@id":"https:\/\/www.bellunopress.it\/2024\/12\/01\/ucciso-nella-notte-lorso-m91-la-condanna-a-morte-firmata-da-fugatti-presidente-della-provincia-autonoma-di-trento\/"},"wordCount":199,"publisher":{"@id":"https:\/\/www.bellunopress.it\/#organization"},"image":{"@id":"https:\/\/www.bellunopress.it\/2024\/12\/01\/ucciso-nella-notte-lorso-m91-la-condanna-a-morte-firmata-da-fugatti-presidente-della-provincia-autonoma-di-trento\/#primaryimage"},"thumbnailUrl":"https:\/\/www.bellunopress.it\/wp-content\/uploads\/2024\/01\/Leal-no-vivisezione_edited.jpg","articleSection":["Cronaca\/Politica","Prima Pagina"],"inLanguage":"fr-FR"},{"@type":"WebPage","@id":"https:\/\/www.bellunopress.it\/2024\/12\/01\/ucciso-nella-notte-lorso-m91-la-condanna-a-morte-firmata-da-fugatti-presidente-della-provincia-autonoma-di-trento\/","url":"https:\/\/www.bellunopress.it\/2024\/12\/01\/ucciso-nella-notte-lorso-m91-la-condanna-a-morte-firmata-da-fugatti-presidente-della-provincia-autonoma-di-trento\/","name":"Ucciso nella notte l'orso M91. La condanna a morte firmata da Fugatti, presidente della Provincia Autonoma di Trento - Bellunopress - Dolomiti","isPartOf":{"@id":"https:\/\/www.bellunopress.it\/#website"},"primaryImageOfPage":{"@id":"https:\/\/www.bellunopress.it\/2024\/12\/01\/ucciso-nella-notte-lorso-m91-la-condanna-a-morte-firmata-da-fugatti-presidente-della-provincia-autonoma-di-trento\/#primaryimage"},"image":{"@id":"https:\/\/www.bellunopress.it\/2024\/12\/01\/ucciso-nella-notte-lorso-m91-la-condanna-a-morte-firmata-da-fugatti-presidente-della-provincia-autonoma-di-trento\/#primaryimage"},"thumbnailUrl":"https:\/\/www.bellunopress.it\/wp-content\/uploads\/2024\/01\/Leal-no-vivisezione_edited.jpg","datePublished":"2024-12-01T13:14:11+00:00","breadcrumb":{"@id":"https:\/\/www.bellunopress.it\/2024\/12\/01\/ucciso-nella-notte-lorso-m91-la-condanna-a-morte-firmata-da-fugatti-presidente-della-provincia-autonoma-di-trento\/#breadcrumb"},"inLanguage":"fr-FR","potentialAction":[{"@type":"ReadAction","target":["https:\/\/www.bellunopress.it\/2024\/12\/01\/ucciso-nella-notte-lorso-m91-la-condanna-a-morte-firmata-da-fugatti-presidente-della-provincia-autonoma-di-trento\/"]}]},{"@type":"ImageObject","inLanguage":"fr-FR","@id":"https:\/\/www.bellunopress.it\/2024\/12\/01\/ucciso-nella-notte-lorso-m91-la-condanna-a-morte-firmata-da-fugatti-presidente-della-provincia-autonoma-di-trento\/#primaryimage","url":"https:\/\/www.bellunopress.it\/wp-content\/uploads\/2024\/01\/Leal-no-vivisezione_edited.jpg","contentUrl":"https:\/\/www.bellunopress.it\/wp-content\/uploads\/2024\/01\/Leal-no-vivisezione_edited.jpg","width":1000,"height":1000},{"@type":"BreadcrumbList","@id":"https:\/\/www.bellunopress.it\/2024\/12\/01\/ucciso-nella-notte-lorso-m91-la-condanna-a-morte-firmata-da-fugatti-presidente-della-provincia-autonoma-di-trento\/#breadcrumb","itemListElement":[{"@type":"ListItem","position":1,"name":"Home","item":"https:\/\/www.bellunopress.it\/"},{"@type":"ListItem","position":2,"name":"Ucciso nella notte l&#8217;orso M91. La condanna a morte firmata da Fugatti, presidente della Provincia Autonoma di Trento"}]},{"@type":"WebSite","@id":"https:\/\/www.bellunopress.it\/#website","url":"https:\/\/www.bellunopress.it\/","name":"Bellunopress - Dolomiti","description":"e-mail: redazione@bellunopress.it","publisher":{"@id":"https:\/\/www.bellunopress.it\/#organization"},"potentialAction":[{"@type":"SearchAction","target":{"@type":"EntryPoint","urlTemplate":"https:\/\/www.bellunopress.it\/?s={search_term_string}"},"query-input":{"@type":"PropertyValueSpecification","valueRequired":true,"valueName":"search_term_string"}}],"inLanguage":"fr-FR"},{"@type":"Organization","@id":"https:\/\/www.bellunopress.it\/#organization","name":"Bellunopress","url":"https:\/\/www.bellunopress.it\/","logo":{"@type":"ImageObject","inLanguage":"fr-FR","@id":"https:\/\/www.bellunopress.it\/#\/schema\/logo\/image\/","url":"https:\/\/www.bellunopress.it\/wp-content\/uploads\/2011\/05\/cropped-logo-bellunopress-.jpg","contentUrl":"https:\/\/www.bellunopress.it\/wp-content\/uploads\/2011\/05\/cropped-logo-bellunopress-.jpg","width":512,"height":512,"caption":"Bellunopress"},"image":{"@id":"https:\/\/www.bellunopress.it\/#\/schema\/logo\/image\/"},"sameAs":["https:\/\/www.facebook.com\/profile.php?id=100008943462799","https:\/\/x.com\/bellunopress","https:\/\/www.linkedin.com\/hp\/?dnr=JBzUWaJfMUw8vbXJJ2tVW5-I3jZKvC4wsoxE&amp;amp;amp;amp;amp;amp;trk=nav_responsive_tab_home","https:\/\/www.youtube.com\/channel\/UCxL0wu1uN0_3_7hGG0306cw"]},{"@type":"Person","@id":"https:\/\/www.bellunopress.it\/#\/schema\/person\/79bb06722b37ece1c03d3e94beb30d73","name":"r\u00e9daction","image":{"@type":"ImageObject","inLanguage":"fr-FR","@id":"https:\/\/secure.gravatar.com\/avatar\/37d968a2e67a6fd04c169c4bdef102d0bc5d31b2546345219e348575eb80e9a0?s=96&d=mm&r=g","url":"https:\/\/secure.gravatar.com\/avatar\/37d968a2e67a6fd04c169c4bdef102d0bc5d31b2546345219e348575eb80e9a0?s=96&d=mm&r=g","contentUrl":"https:\/\/secure.gravatar.com\/avatar\/37d968a2e67a6fd04c169c4bdef102d0bc5d31b2546345219e348575eb80e9a0?s=96&d=mm&r=g","caption":"redazione"},"sameAs":["http:\/\/www.bellunopress.it","https:\/\/x.com\/bellunopress"],"url":"https:\/\/www.bellunopress.it\/fr\/author\/redazione\/"}]}},"_links":{"self":[{"href":"https:\/\/www.bellunopress.it\/fr\/wp-json\/wp\/v2\/posts\/155958","targetHints":{"allow":["GET"]}}],"collection":[{"href":"https:\/\/www.bellunopress.it\/fr\/wp-json\/wp\/v2\/posts"}],"about":[{"href":"https:\/\/www.bellunopress.it\/fr\/wp-json\/wp\/v2\/types\/post"}],"author":[{"embeddable":true,"href":"https:\/\/www.bellunopress.it\/fr\/wp-json\/wp\/v2\/users\/2"}],"replies":[{"embeddable":true,"href":"https:\/\/www.bellunopress.it\/fr\/wp-json\/wp\/v2\/comments?post=155958"}],"version-history":[{"count":1,"href":"https:\/\/www.bellunopress.it\/fr\/wp-json\/wp\/v2\/posts\/155958\/revisions"}],"predecessor-version":[{"id":155959,"href":"https:\/\/www.bellunopress.it\/fr\/wp-json\/wp\/v2\/posts\/155958\/revisions\/155959"}],"wp:featuredmedia":[{"embeddable":true,"href":"https:\/\/www.bellunopress.it\/fr\/wp-json\/wp\/v2\/media\/147732"}],"wp:attachment":[{"href":"https:\/\/www.bellunopress.it\/fr\/wp-json\/wp\/v2\/media?parent=155958"}],"wp:term":[{"taxonomy":"category","embeddable":true,"href":"https:\/\/www.bellunopress.it\/fr\/wp-json\/wp\/v2\/categories?post=155958"},{"taxonomy":"post_tag","embeddable":true,"href":"https:\/\/www.bellunopress.it\/fr\/wp-json\/wp\/v2\/tags?post=155958"}],"curies":[{"name":"wp","href":"https:\/\/api.w.org\/{rel}","templated":true}]}}