{"id":155950,"date":"2024-12-01T10:48:45","date_gmt":"2024-12-01T09:48:45","guid":{"rendered":"https:\/\/www.bellunopress.it\/?p=155950"},"modified":"2024-12-01T10:48:45","modified_gmt":"2024-12-01T09:48:45","slug":"pat-santa-giustina-minella-conclusa-la-prima-fase-lapporto-di-ognuno-e-stato-importante","status":"publish","type":"post","link":"https:\/\/www.bellunopress.it\/fr\/2024\/12\/01\/pat-santa-giustina-minella-conclusa-la-prima-fase-lapporto-di-ognuno-e-stato-importante\/","title":{"rendered":"Pat Santa Giustina, Minella: &#8220;Conclusa la prima fase. L&#8217;apporto di ognuno \u00e8 stato importante&#8221;"},"content":{"rendered":"<figure id=\"attachment_150296\" aria-describedby=\"caption-attachment-150296\" style=\"width: 1000px\" class=\"wp-caption aligncenter\"><img loading=\"lazy\" decoding=\"async\" class=\"size-full wp-image-150296\" src=\"https:\/\/www.bellunopress.it\/wp-content\/uploads\/2024\/04\/Ivan-Minella-sindaco-Santa-Giustina-1.jpg\" alt=\"\" width=\"1000\" height=\"984\" srcset=\"https:\/\/www.bellunopress.it\/wp-content\/uploads\/2024\/04\/Ivan-Minella-sindaco-Santa-Giustina-1.jpg 1000w, https:\/\/www.bellunopress.it\/wp-content\/uploads\/2024\/04\/Ivan-Minella-sindaco-Santa-Giustina-1-500x492.jpg 500w, https:\/\/www.bellunopress.it\/wp-content\/uploads\/2024\/04\/Ivan-Minella-sindaco-Santa-Giustina-1-427x420.jpg 427w, https:\/\/www.bellunopress.it\/wp-content\/uploads\/2024\/04\/Ivan-Minella-sindaco-Santa-Giustina-1-696x685.jpg 696w\" sizes=\"auto, (max-width: 1000px) 100vw, 1000px\" \/><figcaption id=\"caption-attachment-150296\" class=\"wp-caption-text\">Ivan Minella, sindaco di Santa Giustina<\/figcaption><\/figure>\n<p><strong>Piano di Assetto del Territorio di Santa Giustina: conclusa la prima fase di condivisione e di raccolta di dati e osservazioni, seguir\u00e0 la serata pubblica di restituzione. <\/strong><\/p>\n<p>Procede cos\u00ec con azioni concrete l&#8217;iter che porter\u00e0 l&#8217;Amministrazione Minella alla redazione dello strumento regolatorio che guider\u00e0 le scelte urbanistiche e ambientali dei prossimi anni.<br \/>\nLa prima fase, conclusasi sabato 23 novembre con l&#8217;ultima passeggiata sul territorio, si \u00e8 articolata in due momenti principali che hanno rappresentato occasioni di dialogo e di confronto tra il Comune, i cittadini e i portatori di interesse. Il processo partecipativo aveva preso il via il 15 ottobre con una serata pubblica di presentazione del Piano Ambientale Preliminare durante la quale erano state introdotte le basi e gli obiettivi perseguiti con la stesura del successivo PAT, punto di arrivo di tutto l&#8217;iter.<\/p>\n<p>Sono seguite tre passeggiate organizzate sul territorio con itinerari che hanno toccato le principali zone del comune. &#8220;L&#8217;idea alla base \u2013 spiega il Sindaco, Ivan Minella -, era quella di proporre approfondimenti sul campo, in grado di coinvolgere gli abitanti e di stimolare uno sguardo nuovo sul territorio e su zone conosciute, per pensare insieme a come valorizzarne le potenzialit\u00e0 e come risolverne, invece, le criticit\u00e0 in una prospettiva ampia di sviluppo e di miglioramento dell&#8217;abitabilit\u00e0&#8221;.<\/p>\n<p>Nella fase di ascolto e di confronto con la popolazione sono infatti emerse osservazioni e segnalazioni utili che ora verranno analizzate dai tecnici e poi integrate in un documento che sar\u00e0 presentato in una serata pubblica di restituzione. Questo incontro, di cui verranno presto comunicate data e dettagli, rappresenter\u00e0 la chiusura della fase di consultazione e condivisione e dar\u00e0 il via al secondo step che porter\u00e0 dritti all&#8217;approvazione del PAT.<\/p>\n<p>&#8220;E&#8217; stato un processo importante di confronto e di ascolto reciproco con i cittadini \u2013 conclude il Sindaco -, un&#8217;esperienza che sicuramente funger\u00e0 da modello per altre progettualit\u00e0 future che vorremmo condividere con la comunit\u00e0. Ringraziamo chi ha preso parte alle serate e alle passeggiate portando il proprio contributo in termini di idee, osservazioni, memoria storica e suggerimenti: l&#8217;apporto di ognuno \u00e8 stato importante&#8221;.<\/p>","protected":false},"excerpt":{"rendered":"<p>Piano di Assetto del Territorio di Santa Giustina: conclusa la prima fase di condivisione e di raccolta di dati e osservazioni, seguir\u00e0 la serata pubblica di restituzione. Procede cos\u00ec con azioni concrete l&#8217;iter che porter\u00e0 l&#8217;Amministrazione Minella alla redazione dello strumento regolatorio che guider\u00e0 le scelte urbanistiche e ambientali dei prossimi anni. La prima fase, [&hellip;]<\/p>\n","protected":false},"author":2,"featured_media":150296,"comment_status":"closed","ping_status":"open","sticky":false,"template":"","format":"standard","meta":{"footnotes":""},"categories":[5,26],"tags":[],"class_list":["post-155950","post","type-post","status-publish","format-standard","has-post-thumbnail","category-cronaca","category-prima-pagina"],"yoast_head":"<!-- This site is optimized with the Yoast SEO plugin v28.4 - https:\/\/yoast.com\/product\/yoast-seo-wordpress\/ -->\n<title>Pat Santa Giustina, Minella: &quot;Conclusa la prima fase. L&#039;apporto di ognuno \u00e8 stato importante&quot; - Bellunopress - Dolomiti<\/title>\n<meta name=\"robots\" content=\"index, follow, max-snippet:-1, max-image-preview:large, max-video-preview:-1\" \/>\n<link rel=\"canonical\" href=\"https:\/\/www.bellunopress.it\/fr\/2024\/12\/01\/pat-santa-giustina-minella-conclusa-la-prima-fase-lapporto-di-ognuno-e-stato-importante\/\" \/>\n<meta property=\"og:locale\" content=\"fr_FR\" \/>\n<meta property=\"og:type\" content=\"article\" \/>\n<meta property=\"og:title\" content=\"Pat Santa Giustina, Minella: &quot;Conclusa la prima fase. L&#039;apporto di ognuno \u00e8 stato importante&quot; - Bellunopress - Dolomiti\" \/>\n<meta property=\"og:description\" content=\"Piano di Assetto del Territorio di Santa Giustina: conclusa la prima fase di condivisione e di raccolta di dati e osservazioni, seguir\u00e0 la serata pubblica di restituzione. Procede cos\u00ec con azioni concrete l&#8217;iter che porter\u00e0 l&#8217;Amministrazione Minella alla redazione dello strumento regolatorio che guider\u00e0 le scelte urbanistiche e ambientali dei prossimi anni. La prima fase, [&hellip;]\" \/>\n<meta property=\"og:url\" content=\"https:\/\/www.bellunopress.it\/fr\/2024\/12\/01\/pat-santa-giustina-minella-conclusa-la-prima-fase-lapporto-di-ognuno-e-stato-importante\/\" \/>\n<meta property=\"og:site_name\" content=\"Bellunopress - Dolomiti\" \/>\n<meta property=\"article:publisher\" content=\"https:\/\/www.facebook.com\/profile.php?id=100008943462799\" \/>\n<meta property=\"article:published_time\" content=\"2024-12-01T09:48:45+00:00\" \/>\n<meta property=\"og:image\" content=\"https:\/\/www.bellunopress.it\/wp-content\/uploads\/2024\/04\/Ivan-Minella-sindaco-Santa-Giustina-1.jpg\" \/>\n\t<meta property=\"og:image:width\" content=\"1000\" \/>\n\t<meta property=\"og:image:height\" content=\"984\" \/>\n\t<meta property=\"og:image:type\" content=\"image\/jpeg\" \/>\n<meta name=\"author\" content=\"redazione\" \/>\n<meta name=\"twitter:card\" content=\"summary_large_image\" \/>\n<meta name=\"twitter:creator\" content=\"@bellunopress\" \/>\n<meta name=\"twitter:site\" content=\"@bellunopress\" \/>\n<meta name=\"twitter:label1\" content=\"Written by\" \/>\n\t<meta name=\"twitter:data1\" content=\"redazione\" \/>\n\t<meta name=\"twitter:label2\" content=\"Est. reading time\" \/>\n\t<meta name=\"twitter:data2\" content=\"2 minutes\" \/>\n<script type=\"application\/ld+json\" class=\"yoast-schema-graph\">{\"@context\":\"https:\\\/\\\/schema.org\",\"@graph\":[{\"@type\":\"Article\",\"@id\":\"https:\\\/\\\/www.bellunopress.it\\\/2024\\\/12\\\/01\\\/pat-santa-giustina-minella-conclusa-la-prima-fase-lapporto-di-ognuno-e-stato-importante\\\/#article\",\"isPartOf\":{\"@id\":\"https:\\\/\\\/www.bellunopress.it\\\/2024\\\/12\\\/01\\\/pat-santa-giustina-minella-conclusa-la-prima-fase-lapporto-di-ognuno-e-stato-importante\\\/\"},\"author\":{\"name\":\"redazione\",\"@id\":\"https:\\\/\\\/www.bellunopress.it\\\/#\\\/schema\\\/person\\\/79bb06722b37ece1c03d3e94beb30d73\"},\"headline\":\"Pat Santa Giustina, Minella: &#8220;Conclusa la prima fase. L&#8217;apporto di ognuno \u00e8 stato importante&#8221;\",\"datePublished\":\"2024-12-01T09:48:45+00:00\",\"mainEntityOfPage\":{\"@id\":\"https:\\\/\\\/www.bellunopress.it\\\/2024\\\/12\\\/01\\\/pat-santa-giustina-minella-conclusa-la-prima-fase-lapporto-di-ognuno-e-stato-importante\\\/\"},\"wordCount\":374,\"publisher\":{\"@id\":\"https:\\\/\\\/www.bellunopress.it\\\/#organization\"},\"image\":{\"@id\":\"https:\\\/\\\/www.bellunopress.it\\\/2024\\\/12\\\/01\\\/pat-santa-giustina-minella-conclusa-la-prima-fase-lapporto-di-ognuno-e-stato-importante\\\/#primaryimage\"},\"thumbnailUrl\":\"https:\\\/\\\/www.bellunopress.it\\\/wp-content\\\/uploads\\\/2024\\\/04\\\/Ivan-Minella-sindaco-Santa-Giustina-1.jpg\",\"articleSection\":[\"Cronaca\\\/Politica\",\"Prima Pagina\"],\"inLanguage\":\"fr-FR\"},{\"@type\":\"WebPage\",\"@id\":\"https:\\\/\\\/www.bellunopress.it\\\/2024\\\/12\\\/01\\\/pat-santa-giustina-minella-conclusa-la-prima-fase-lapporto-di-ognuno-e-stato-importante\\\/\",\"url\":\"https:\\\/\\\/www.bellunopress.it\\\/2024\\\/12\\\/01\\\/pat-santa-giustina-minella-conclusa-la-prima-fase-lapporto-di-ognuno-e-stato-importante\\\/\",\"name\":\"Pat Santa Giustina, Minella: \\\"Conclusa la prima fase. L'apporto di ognuno \u00e8 stato importante\\\" - Bellunopress - Dolomiti\",\"isPartOf\":{\"@id\":\"https:\\\/\\\/www.bellunopress.it\\\/#website\"},\"primaryImageOfPage\":{\"@id\":\"https:\\\/\\\/www.bellunopress.it\\\/2024\\\/12\\\/01\\\/pat-santa-giustina-minella-conclusa-la-prima-fase-lapporto-di-ognuno-e-stato-importante\\\/#primaryimage\"},\"image\":{\"@id\":\"https:\\\/\\\/www.bellunopress.it\\\/2024\\\/12\\\/01\\\/pat-santa-giustina-minella-conclusa-la-prima-fase-lapporto-di-ognuno-e-stato-importante\\\/#primaryimage\"},\"thumbnailUrl\":\"https:\\\/\\\/www.bellunopress.it\\\/wp-content\\\/uploads\\\/2024\\\/04\\\/Ivan-Minella-sindaco-Santa-Giustina-1.jpg\",\"datePublished\":\"2024-12-01T09:48:45+00:00\",\"breadcrumb\":{\"@id\":\"https:\\\/\\\/www.bellunopress.it\\\/2024\\\/12\\\/01\\\/pat-santa-giustina-minella-conclusa-la-prima-fase-lapporto-di-ognuno-e-stato-importante\\\/#breadcrumb\"},\"inLanguage\":\"fr-FR\",\"potentialAction\":[{\"@type\":\"ReadAction\",\"target\":[\"https:\\\/\\\/www.bellunopress.it\\\/2024\\\/12\\\/01\\\/pat-santa-giustina-minella-conclusa-la-prima-fase-lapporto-di-ognuno-e-stato-importante\\\/\"]}]},{\"@type\":\"ImageObject\",\"inLanguage\":\"fr-FR\",\"@id\":\"https:\\\/\\\/www.bellunopress.it\\\/2024\\\/12\\\/01\\\/pat-santa-giustina-minella-conclusa-la-prima-fase-lapporto-di-ognuno-e-stato-importante\\\/#primaryimage\",\"url\":\"https:\\\/\\\/www.bellunopress.it\\\/wp-content\\\/uploads\\\/2024\\\/04\\\/Ivan-Minella-sindaco-Santa-Giustina-1.jpg\",\"contentUrl\":\"https:\\\/\\\/www.bellunopress.it\\\/wp-content\\\/uploads\\\/2024\\\/04\\\/Ivan-Minella-sindaco-Santa-Giustina-1.jpg\",\"width\":1000,\"height\":984,\"caption\":\"Ivan Minella, sindaco di Santa Giustina\"},{\"@type\":\"BreadcrumbList\",\"@id\":\"https:\\\/\\\/www.bellunopress.it\\\/2024\\\/12\\\/01\\\/pat-santa-giustina-minella-conclusa-la-prima-fase-lapporto-di-ognuno-e-stato-importante\\\/#breadcrumb\",\"itemListElement\":[{\"@type\":\"ListItem\",\"position\":1,\"name\":\"Home\",\"item\":\"https:\\\/\\\/www.bellunopress.it\\\/\"},{\"@type\":\"ListItem\",\"position\":2,\"name\":\"Pat Santa Giustina, Minella: &#8220;Conclusa la prima fase. L&#8217;apporto di ognuno \u00e8 stato importante&#8221;\"}]},{\"@type\":\"WebSite\",\"@id\":\"https:\\\/\\\/www.bellunopress.it\\\/#website\",\"url\":\"https:\\\/\\\/www.bellunopress.it\\\/\",\"name\":\"Bellunopress - Dolomiti\",\"description\":\"e-mail: redazione@bellunopress.it\",\"publisher\":{\"@id\":\"https:\\\/\\\/www.bellunopress.it\\\/#organization\"},\"potentialAction\":[{\"@type\":\"SearchAction\",\"target\":{\"@type\":\"EntryPoint\",\"urlTemplate\":\"https:\\\/\\\/www.bellunopress.it\\\/?s={search_term_string}\"},\"query-input\":{\"@type\":\"PropertyValueSpecification\",\"valueRequired\":true,\"valueName\":\"search_term_string\"}}],\"inLanguage\":\"fr-FR\"},{\"@type\":\"Organization\",\"@id\":\"https:\\\/\\\/www.bellunopress.it\\\/#organization\",\"name\":\"Bellunopress\",\"url\":\"https:\\\/\\\/www.bellunopress.it\\\/\",\"logo\":{\"@type\":\"ImageObject\",\"inLanguage\":\"fr-FR\",\"@id\":\"https:\\\/\\\/www.bellunopress.it\\\/#\\\/schema\\\/logo\\\/image\\\/\",\"url\":\"https:\\\/\\\/www.bellunopress.it\\\/wp-content\\\/uploads\\\/2011\\\/05\\\/cropped-logo-bellunopress-.jpg\",\"contentUrl\":\"https:\\\/\\\/www.bellunopress.it\\\/wp-content\\\/uploads\\\/2011\\\/05\\\/cropped-logo-bellunopress-.jpg\",\"width\":512,\"height\":512,\"caption\":\"Bellunopress\"},\"image\":{\"@id\":\"https:\\\/\\\/www.bellunopress.it\\\/#\\\/schema\\\/logo\\\/image\\\/\"},\"sameAs\":[\"https:\\\/\\\/www.facebook.com\\\/profile.php?id=100008943462799\",\"https:\\\/\\\/x.com\\\/bellunopress\",\"https:\\\/\\\/www.linkedin.com\\\/hp\\\/?dnr=JBzUWaJfMUw8vbXJJ2tVW5-I3jZKvC4wsoxE&amp;amp;amp;amp;amp;amp;trk=nav_responsive_tab_home\",\"https:\\\/\\\/www.youtube.com\\\/channel\\\/UCxL0wu1uN0_3_7hGG0306cw\"]},{\"@type\":\"Person\",\"@id\":\"https:\\\/\\\/www.bellunopress.it\\\/#\\\/schema\\\/person\\\/79bb06722b37ece1c03d3e94beb30d73\",\"name\":\"redazione\",\"image\":{\"@type\":\"ImageObject\",\"inLanguage\":\"fr-FR\",\"@id\":\"https:\\\/\\\/secure.gravatar.com\\\/avatar\\\/37d968a2e67a6fd04c169c4bdef102d0bc5d31b2546345219e348575eb80e9a0?s=96&d=mm&r=g\",\"url\":\"https:\\\/\\\/secure.gravatar.com\\\/avatar\\\/37d968a2e67a6fd04c169c4bdef102d0bc5d31b2546345219e348575eb80e9a0?s=96&d=mm&r=g\",\"contentUrl\":\"https:\\\/\\\/secure.gravatar.com\\\/avatar\\\/37d968a2e67a6fd04c169c4bdef102d0bc5d31b2546345219e348575eb80e9a0?s=96&d=mm&r=g\",\"caption\":\"redazione\"},\"sameAs\":[\"http:\\\/\\\/www.bellunopress.it\",\"https:\\\/\\\/x.com\\\/bellunopress\"],\"url\":\"https:\\\/\\\/www.bellunopress.it\\\/fr\\\/author\\\/redazione\\\/\"}]}<\/script>\n<!-- \/ Yoast SEO plugin. -->","yoast_head_json":{"title":"Pat Santa Giustina, Minella: \"Conclusa la prima fase. L'apporto di ognuno \u00e8 stato importante\" - Bellunopress - Dolomiti","robots":{"index":"index","follow":"follow","max-snippet":"max-snippet:-1","max-image-preview":"max-image-preview:large","max-video-preview":"max-video-preview:-1"},"canonical":"https:\/\/www.bellunopress.it\/fr\/2024\/12\/01\/pat-santa-giustina-minella-conclusa-la-prima-fase-lapporto-di-ognuno-e-stato-importante\/","og_locale":"fr_FR","og_type":"article","og_title":"Pat Santa Giustina, Minella: \"Conclusa la prima fase. L'apporto di ognuno \u00e8 stato importante\" - Bellunopress - Dolomiti","og_description":"Piano di Assetto del Territorio di Santa Giustina: conclusa la prima fase di condivisione e di raccolta di dati e osservazioni, seguir\u00e0 la serata pubblica di restituzione. Procede cos\u00ec con azioni concrete l&#8217;iter che porter\u00e0 l&#8217;Amministrazione Minella alla redazione dello strumento regolatorio che guider\u00e0 le scelte urbanistiche e ambientali dei prossimi anni. La prima fase, [&hellip;]","og_url":"https:\/\/www.bellunopress.it\/fr\/2024\/12\/01\/pat-santa-giustina-minella-conclusa-la-prima-fase-lapporto-di-ognuno-e-stato-importante\/","og_site_name":"Bellunopress - Dolomiti","article_publisher":"https:\/\/www.facebook.com\/profile.php?id=100008943462799","article_published_time":"2024-12-01T09:48:45+00:00","og_image":[{"width":1000,"height":984,"url":"https:\/\/www.bellunopress.it\/wp-content\/uploads\/2024\/04\/Ivan-Minella-sindaco-Santa-Giustina-1.jpg","type":"image\/jpeg"}],"author":"redazione","twitter_card":"summary_large_image","twitter_creator":"@bellunopress","twitter_site":"@bellunopress","twitter_misc":{"Written by":"redazione","Est. reading time":"2 minutes"},"schema":{"@context":"https:\/\/schema.org","@graph":[{"@type":"Article","@id":"https:\/\/www.bellunopress.it\/2024\/12\/01\/pat-santa-giustina-minella-conclusa-la-prima-fase-lapporto-di-ognuno-e-stato-importante\/#article","isPartOf":{"@id":"https:\/\/www.bellunopress.it\/2024\/12\/01\/pat-santa-giustina-minella-conclusa-la-prima-fase-lapporto-di-ognuno-e-stato-importante\/"},"author":{"name":"redazione","@id":"https:\/\/www.bellunopress.it\/#\/schema\/person\/79bb06722b37ece1c03d3e94beb30d73"},"headline":"Pat Santa Giustina, Minella: &#8220;Conclusa la prima fase. L&#8217;apporto di ognuno \u00e8 stato importante&#8221;","datePublished":"2024-12-01T09:48:45+00:00","mainEntityOfPage":{"@id":"https:\/\/www.bellunopress.it\/2024\/12\/01\/pat-santa-giustina-minella-conclusa-la-prima-fase-lapporto-di-ognuno-e-stato-importante\/"},"wordCount":374,"publisher":{"@id":"https:\/\/www.bellunopress.it\/#organization"},"image":{"@id":"https:\/\/www.bellunopress.it\/2024\/12\/01\/pat-santa-giustina-minella-conclusa-la-prima-fase-lapporto-di-ognuno-e-stato-importante\/#primaryimage"},"thumbnailUrl":"https:\/\/www.bellunopress.it\/wp-content\/uploads\/2024\/04\/Ivan-Minella-sindaco-Santa-Giustina-1.jpg","articleSection":["Cronaca\/Politica","Prima Pagina"],"inLanguage":"fr-FR"},{"@type":"WebPage","@id":"https:\/\/www.bellunopress.it\/2024\/12\/01\/pat-santa-giustina-minella-conclusa-la-prima-fase-lapporto-di-ognuno-e-stato-importante\/","url":"https:\/\/www.bellunopress.it\/2024\/12\/01\/pat-santa-giustina-minella-conclusa-la-prima-fase-lapporto-di-ognuno-e-stato-importante\/","name":"Pat Santa Giustina, Minella: \"Conclusa la prima fase. L'apporto di ognuno \u00e8 stato importante\" - Bellunopress - Dolomiti","isPartOf":{"@id":"https:\/\/www.bellunopress.it\/#website"},"primaryImageOfPage":{"@id":"https:\/\/www.bellunopress.it\/2024\/12\/01\/pat-santa-giustina-minella-conclusa-la-prima-fase-lapporto-di-ognuno-e-stato-importante\/#primaryimage"},"image":{"@id":"https:\/\/www.bellunopress.it\/2024\/12\/01\/pat-santa-giustina-minella-conclusa-la-prima-fase-lapporto-di-ognuno-e-stato-importante\/#primaryimage"},"thumbnailUrl":"https:\/\/www.bellunopress.it\/wp-content\/uploads\/2024\/04\/Ivan-Minella-sindaco-Santa-Giustina-1.jpg","datePublished":"2024-12-01T09:48:45+00:00","breadcrumb":{"@id":"https:\/\/www.bellunopress.it\/2024\/12\/01\/pat-santa-giustina-minella-conclusa-la-prima-fase-lapporto-di-ognuno-e-stato-importante\/#breadcrumb"},"inLanguage":"fr-FR","potentialAction":[{"@type":"ReadAction","target":["https:\/\/www.bellunopress.it\/2024\/12\/01\/pat-santa-giustina-minella-conclusa-la-prima-fase-lapporto-di-ognuno-e-stato-importante\/"]}]},{"@type":"ImageObject","inLanguage":"fr-FR","@id":"https:\/\/www.bellunopress.it\/2024\/12\/01\/pat-santa-giustina-minella-conclusa-la-prima-fase-lapporto-di-ognuno-e-stato-importante\/#primaryimage","url":"https:\/\/www.bellunopress.it\/wp-content\/uploads\/2024\/04\/Ivan-Minella-sindaco-Santa-Giustina-1.jpg","contentUrl":"https:\/\/www.bellunopress.it\/wp-content\/uploads\/2024\/04\/Ivan-Minella-sindaco-Santa-Giustina-1.jpg","width":1000,"height":984,"caption":"Ivan Minella, sindaco di Santa Giustina"},{"@type":"BreadcrumbList","@id":"https:\/\/www.bellunopress.it\/2024\/12\/01\/pat-santa-giustina-minella-conclusa-la-prima-fase-lapporto-di-ognuno-e-stato-importante\/#breadcrumb","itemListElement":[{"@type":"ListItem","position":1,"name":"Home","item":"https:\/\/www.bellunopress.it\/"},{"@type":"ListItem","position":2,"name":"Pat Santa Giustina, Minella: &#8220;Conclusa la prima fase. L&#8217;apporto di ognuno \u00e8 stato importante&#8221;"}]},{"@type":"WebSite","@id":"https:\/\/www.bellunopress.it\/#website","url":"https:\/\/www.bellunopress.it\/","name":"Bellunopress - Dolomiti","description":"e-mail: redazione@bellunopress.it","publisher":{"@id":"https:\/\/www.bellunopress.it\/#organization"},"potentialAction":[{"@type":"SearchAction","target":{"@type":"EntryPoint","urlTemplate":"https:\/\/www.bellunopress.it\/?s={search_term_string}"},"query-input":{"@type":"PropertyValueSpecification","valueRequired":true,"valueName":"search_term_string"}}],"inLanguage":"fr-FR"},{"@type":"Organization","@id":"https:\/\/www.bellunopress.it\/#organization","name":"Bellunopress","url":"https:\/\/www.bellunopress.it\/","logo":{"@type":"ImageObject","inLanguage":"fr-FR","@id":"https:\/\/www.bellunopress.it\/#\/schema\/logo\/image\/","url":"https:\/\/www.bellunopress.it\/wp-content\/uploads\/2011\/05\/cropped-logo-bellunopress-.jpg","contentUrl":"https:\/\/www.bellunopress.it\/wp-content\/uploads\/2011\/05\/cropped-logo-bellunopress-.jpg","width":512,"height":512,"caption":"Bellunopress"},"image":{"@id":"https:\/\/www.bellunopress.it\/#\/schema\/logo\/image\/"},"sameAs":["https:\/\/www.facebook.com\/profile.php?id=100008943462799","https:\/\/x.com\/bellunopress","https:\/\/www.linkedin.com\/hp\/?dnr=JBzUWaJfMUw8vbXJJ2tVW5-I3jZKvC4wsoxE&amp;amp;amp;amp;amp;amp;trk=nav_responsive_tab_home","https:\/\/www.youtube.com\/channel\/UCxL0wu1uN0_3_7hGG0306cw"]},{"@type":"Person","@id":"https:\/\/www.bellunopress.it\/#\/schema\/person\/79bb06722b37ece1c03d3e94beb30d73","name":"r\u00e9daction","image":{"@type":"ImageObject","inLanguage":"fr-FR","@id":"https:\/\/secure.gravatar.com\/avatar\/37d968a2e67a6fd04c169c4bdef102d0bc5d31b2546345219e348575eb80e9a0?s=96&d=mm&r=g","url":"https:\/\/secure.gravatar.com\/avatar\/37d968a2e67a6fd04c169c4bdef102d0bc5d31b2546345219e348575eb80e9a0?s=96&d=mm&r=g","contentUrl":"https:\/\/secure.gravatar.com\/avatar\/37d968a2e67a6fd04c169c4bdef102d0bc5d31b2546345219e348575eb80e9a0?s=96&d=mm&r=g","caption":"redazione"},"sameAs":["http:\/\/www.bellunopress.it","https:\/\/x.com\/bellunopress"],"url":"https:\/\/www.bellunopress.it\/fr\/author\/redazione\/"}]}},"_links":{"self":[{"href":"https:\/\/www.bellunopress.it\/fr\/wp-json\/wp\/v2\/posts\/155950","targetHints":{"allow":["GET"]}}],"collection":[{"href":"https:\/\/www.bellunopress.it\/fr\/wp-json\/wp\/v2\/posts"}],"about":[{"href":"https:\/\/www.bellunopress.it\/fr\/wp-json\/wp\/v2\/types\/post"}],"author":[{"embeddable":true,"href":"https:\/\/www.bellunopress.it\/fr\/wp-json\/wp\/v2\/users\/2"}],"replies":[{"embeddable":true,"href":"https:\/\/www.bellunopress.it\/fr\/wp-json\/wp\/v2\/comments?post=155950"}],"version-history":[{"count":1,"href":"https:\/\/www.bellunopress.it\/fr\/wp-json\/wp\/v2\/posts\/155950\/revisions"}],"predecessor-version":[{"id":155951,"href":"https:\/\/www.bellunopress.it\/fr\/wp-json\/wp\/v2\/posts\/155950\/revisions\/155951"}],"wp:featuredmedia":[{"embeddable":true,"href":"https:\/\/www.bellunopress.it\/fr\/wp-json\/wp\/v2\/media\/150296"}],"wp:attachment":[{"href":"https:\/\/www.bellunopress.it\/fr\/wp-json\/wp\/v2\/media?parent=155950"}],"wp:term":[{"taxonomy":"category","embeddable":true,"href":"https:\/\/www.bellunopress.it\/fr\/wp-json\/wp\/v2\/categories?post=155950"},{"taxonomy":"post_tag","embeddable":true,"href":"https:\/\/www.bellunopress.it\/fr\/wp-json\/wp\/v2\/tags?post=155950"}],"curies":[{"name":"wp","href":"https:\/\/api.w.org\/{rel}","templated":true}]}}