{"id":155939,"date":"2024-12-01T09:52:46","date_gmt":"2024-12-01T08:52:46","guid":{"rendered":"https:\/\/www.bellunopress.it\/?p=155939"},"modified":"2024-12-01T10:44:04","modified_gmt":"2024-12-01T09:44:04","slug":"no-al-decreto-sicurezza-giovedi-alle-230-a-feltre-al-colotti-sabato-dalle-15-il-presidio-in-campo-giorgio","status":"publish","type":"post","link":"https:\/\/www.bellunopress.it\/fr\/2024\/12\/01\/no-al-decreto-sicurezza-giovedi-alle-230-a-feltre-al-colotti-sabato-dalle-15-il-presidio-in-campo-giorgio\/","title":{"rendered":"No al Decreto sicurezza. Gioved\u00ec alle 20:30 a Feltre al Colotti. Sabato dalle 15 il presidio in Campo Giorgio"},"content":{"rendered":"<p><img loading=\"lazy\" decoding=\"async\" class=\"aligncenter size-full wp-image-155940\" src=\"https:\/\/www.bellunopress.it\/wp-content\/uploads\/2024\/11\/ddl-sicurezza_edited.jpg\" alt=\"\" width=\"707\" height=\"1000\" srcset=\"https:\/\/www.bellunopress.it\/wp-content\/uploads\/2024\/11\/ddl-sicurezza_edited.jpg 707w, https:\/\/www.bellunopress.it\/wp-content\/uploads\/2024\/11\/ddl-sicurezza_edited-354x500.jpg 354w, https:\/\/www.bellunopress.it\/wp-content\/uploads\/2024\/11\/ddl-sicurezza_edited-297x420.jpg 297w, https:\/\/www.bellunopress.it\/wp-content\/uploads\/2024\/11\/ddl-sicurezza_edited-696x984.jpg 696w\" sizes=\"auto, (max-width: 707px) 100vw, 707px\" \/>Il famigerato DDL Piantedosi-Nordio-Crosetto, meglio noto come DDL sicurezza, \u00e8 ormai in fase di approvazione definitiva.<\/p>\n<p>&#8220;Non \u00e8 il frutto di un golpe fascista &#8211; fa sapere Locale Comune (Lo.Co.) di Feltre, lo spazio sociale inaugurato due mesi fa a Feltre, nato da alcune associazioni &#8211; ma la logica conseguenza di una deriva autoritaria che ha radici profonde, portata avanti dai vari governi, di diverso colore, che si sono succeduti nel tempo. Le destre al governo non fanno altro che dare una violenta accelerata ad un processo gi\u00e0 in corso.\u2028 \u00c8 un progetto organico di attacco contro le lotte sociali e la stessa libert\u00e0 di manifestare, ma anche il segno di una definitiva torsione autoritaria, di una progressiva trasformazione da Stato sociale a Stato repressivo, di gestione \u201csecuritaria\u201d, appunto, della povert\u00e0: un disegno che colpir\u00e0 non solo attivisti, ma anche poveri, migranti, detenuti, lavoratori e lavoratrici, occupanti di case e tutti quei segmenti sociali della popolazione che rappresentano o potrebbero rappresentare un problema conflittuale&#8221;.<\/p>\n<p>&#8220;E\u2019 il neoliberismo, bellezza!\u2028Non disturbare il capitale ne \u00e8 la logica di base! &#8211; prosegue la nota &#8211;\u00a0Il DDL, infatti, si declina attraverso due piani paralleli e, paradossalmente, convergenti. Colpire tutte le soggettivit\u00e0 marginali (migranti e popolazione carceraria su tutte), da un lato, reprimere, dall\u2019altro, violentemente ogni forma di dissenso o rivendicazione sociale: lotte per la difesa dei diritti dei lavoratori, opposizione a grandi opere inutili e dannose, lotte in difesa dell\u2019ambiente o dei diritti civili, o contro le guerre in corso.<\/p>\n<p>Anche in provincia le notizie di chiusure di stabilimenti, di esuberi e ridimensionamenti, sono all\u2019ordine del giorno. Vivere costa sempre di pi\u00f9 e le condizioni di lavoro sono sempre pi\u00f9 precarie, i servizi pubblici conquistati con le lotte (sanit\u00e0 e istruzione su tutti) sono ridotti all\u2019osso. Il DDL sicurezza andr\u00e0 a colpire ogni possibilit\u00e0 di manifestare e lottare per una vita realmente sicura e dignitosa andando a ridefinire in senso autoritario il rapporto tra cittadini e Stato, con una forte ricaduta sulla limitazione delle libert\u00e0 personali, sulla criminalizzazione del disagio sociale, con la creazione di un vero e proprio Stato di polizia.<br \/>\nTutto deve essere normalizzato e rinchiuso nelle gabbie della criminalizzazione.<\/p>\n<p>Che fare?\u2028Proviamo ad organizzare forme di resistenza!<\/p>\n<p>In primo luogo attraverso l\u2019informazione: \u00e8 questo l\u2019obiettivo della serata del 5 dicembre dove degli esperti giuristi illustreranno il decreto in dettaglio.<\/p>\n<p>Scendendo in piazza il 7 Dicembre, facendo sentire, attraverso la presenza fisica di tutti\/e, il nostro dissenso al tentativo in atto di silenziare il conflitto sociale.<\/p>\n<p>\u00c8 il primo passo di un percorso che vuole creare confronto e convergenze con tutte le soggettivit\u00e0 presenti sul nostro territorio &#8211; conclude la nota di Lo.Co. &#8211; in vista della manifestazione nazionale di Roma del 14 dicembre e di una mobilitazione generale da costruire al pi\u00f9 presto&#8221;.<\/p>","protected":false},"excerpt":{"rendered":"<p>Il famigerato DDL Piantedosi-Nordio-Crosetto, meglio noto come DDL sicurezza, \u00e8 ormai in fase di approvazione definitiva. &#8220;Non \u00e8 il frutto di un golpe fascista &#8211; fa sapere Locale Comune (Lo.Co.) di Feltre, lo spazio sociale inaugurato due mesi fa a Feltre, nato da alcune associazioni &#8211; ma la logica conseguenza di una deriva autoritaria che [&hellip;]<\/p>\n","protected":false},"author":2,"featured_media":155940,"comment_status":"closed","ping_status":"open","sticky":false,"template":"","format":"standard","meta":{"footnotes":""},"categories":[25,8],"tags":[],"class_list":["post-155939","post","type-post","status-publish","format-standard","has-post-thumbnail","category-pausa-caffe","category-societa-istituzioni"],"yoast_head":"<!-- This site is optimized with the Yoast SEO plugin v28.4 - https:\/\/yoast.com\/product\/yoast-seo-wordpress\/ -->\n<title>No al Decreto sicurezza. Gioved\u00ec alle 20:30 a Feltre al Colotti. Sabato dalle 15 il presidio in Campo Giorgio - Bellunopress - Dolomiti<\/title>\n<meta name=\"robots\" content=\"index, follow, max-snippet:-1, max-image-preview:large, max-video-preview:-1\" \/>\n<link rel=\"canonical\" href=\"https:\/\/www.bellunopress.it\/fr\/2024\/12\/01\/no-al-decreto-sicurezza-giovedi-alle-230-a-feltre-al-colotti-sabato-dalle-15-il-presidio-in-campo-giorgio\/\" \/>\n<meta property=\"og:locale\" content=\"fr_FR\" \/>\n<meta property=\"og:type\" content=\"article\" \/>\n<meta property=\"og:title\" content=\"No al Decreto sicurezza. Gioved\u00ec alle 20:30 a Feltre al Colotti. Sabato dalle 15 il presidio in Campo Giorgio - Bellunopress - Dolomiti\" \/>\n<meta property=\"og:description\" content=\"Il famigerato DDL Piantedosi-Nordio-Crosetto, meglio noto come DDL sicurezza, \u00e8 ormai in fase di approvazione definitiva. &#8220;Non \u00e8 il frutto di un golpe fascista &#8211; fa sapere Locale Comune (Lo.Co.) di Feltre, lo spazio sociale inaugurato due mesi fa a Feltre, nato da alcune associazioni &#8211; ma la logica conseguenza di una deriva autoritaria che [&hellip;]\" \/>\n<meta property=\"og:url\" content=\"https:\/\/www.bellunopress.it\/fr\/2024\/12\/01\/no-al-decreto-sicurezza-giovedi-alle-230-a-feltre-al-colotti-sabato-dalle-15-il-presidio-in-campo-giorgio\/\" \/>\n<meta property=\"og:site_name\" content=\"Bellunopress - Dolomiti\" \/>\n<meta property=\"article:publisher\" content=\"https:\/\/www.facebook.com\/profile.php?id=100008943462799\" \/>\n<meta property=\"article:published_time\" content=\"2024-12-01T08:52:46+00:00\" \/>\n<meta property=\"article:modified_time\" content=\"2024-12-01T09:44:04+00:00\" \/>\n<meta property=\"og:image\" content=\"https:\/\/www.bellunopress.it\/wp-content\/uploads\/2024\/11\/ddl-sicurezza_edited.jpg\" \/>\n\t<meta property=\"og:image:width\" content=\"707\" \/>\n\t<meta property=\"og:image:height\" content=\"1000\" \/>\n\t<meta property=\"og:image:type\" content=\"image\/jpeg\" \/>\n<meta name=\"author\" content=\"redazione\" \/>\n<meta name=\"twitter:card\" content=\"summary_large_image\" \/>\n<meta name=\"twitter:creator\" content=\"@bellunopress\" \/>\n<meta name=\"twitter:site\" content=\"@bellunopress\" \/>\n<meta name=\"twitter:label1\" content=\"\u00c9crit par\" \/>\n\t<meta name=\"twitter:data1\" content=\"redazione\" \/>\n\t<meta name=\"twitter:label2\" content=\"Dur\u00e9e de lecture estim\u00e9e\" \/>\n\t<meta name=\"twitter:data2\" content=\"2 minutes\" \/>\n<script type=\"application\/ld+json\" class=\"yoast-schema-graph\">{\"@context\":\"https:\\\/\\\/schema.org\",\"@graph\":[{\"@type\":\"Article\",\"@id\":\"https:\\\/\\\/www.bellunopress.it\\\/2024\\\/12\\\/01\\\/no-al-decreto-sicurezza-giovedi-alle-230-a-feltre-al-colotti-sabato-dalle-15-il-presidio-in-campo-giorgio\\\/#article\",\"isPartOf\":{\"@id\":\"https:\\\/\\\/www.bellunopress.it\\\/2024\\\/12\\\/01\\\/no-al-decreto-sicurezza-giovedi-alle-230-a-feltre-al-colotti-sabato-dalle-15-il-presidio-in-campo-giorgio\\\/\"},\"author\":{\"name\":\"redazione\",\"@id\":\"https:\\\/\\\/www.bellunopress.it\\\/#\\\/schema\\\/person\\\/79bb06722b37ece1c03d3e94beb30d73\"},\"headline\":\"No al Decreto sicurezza. Gioved\u00ec alle 20:30 a Feltre al Colotti. Sabato dalle 15 il presidio in Campo Giorgio\",\"datePublished\":\"2024-12-01T08:52:46+00:00\",\"dateModified\":\"2024-12-01T09:44:04+00:00\",\"mainEntityOfPage\":{\"@id\":\"https:\\\/\\\/www.bellunopress.it\\\/2024\\\/12\\\/01\\\/no-al-decreto-sicurezza-giovedi-alle-230-a-feltre-al-colotti-sabato-dalle-15-il-presidio-in-campo-giorgio\\\/\"},\"wordCount\":481,\"publisher\":{\"@id\":\"https:\\\/\\\/www.bellunopress.it\\\/#organization\"},\"image\":{\"@id\":\"https:\\\/\\\/www.bellunopress.it\\\/2024\\\/12\\\/01\\\/no-al-decreto-sicurezza-giovedi-alle-230-a-feltre-al-colotti-sabato-dalle-15-il-presidio-in-campo-giorgio\\\/#primaryimage\"},\"thumbnailUrl\":\"https:\\\/\\\/www.bellunopress.it\\\/wp-content\\\/uploads\\\/2024\\\/11\\\/ddl-sicurezza_edited.jpg\",\"articleSection\":[\"Pausa Caff\u00e8\",\"Societ\u00e0, Associazioni, Istituzioni\"],\"inLanguage\":\"fr-FR\"},{\"@type\":\"WebPage\",\"@id\":\"https:\\\/\\\/www.bellunopress.it\\\/2024\\\/12\\\/01\\\/no-al-decreto-sicurezza-giovedi-alle-230-a-feltre-al-colotti-sabato-dalle-15-il-presidio-in-campo-giorgio\\\/\",\"url\":\"https:\\\/\\\/www.bellunopress.it\\\/2024\\\/12\\\/01\\\/no-al-decreto-sicurezza-giovedi-alle-230-a-feltre-al-colotti-sabato-dalle-15-il-presidio-in-campo-giorgio\\\/\",\"name\":\"No al Decreto sicurezza. Gioved\u00ec alle 20:30 a Feltre al Colotti. Sabato dalle 15 il presidio in Campo Giorgio - Bellunopress - Dolomiti\",\"isPartOf\":{\"@id\":\"https:\\\/\\\/www.bellunopress.it\\\/#website\"},\"primaryImageOfPage\":{\"@id\":\"https:\\\/\\\/www.bellunopress.it\\\/2024\\\/12\\\/01\\\/no-al-decreto-sicurezza-giovedi-alle-230-a-feltre-al-colotti-sabato-dalle-15-il-presidio-in-campo-giorgio\\\/#primaryimage\"},\"image\":{\"@id\":\"https:\\\/\\\/www.bellunopress.it\\\/2024\\\/12\\\/01\\\/no-al-decreto-sicurezza-giovedi-alle-230-a-feltre-al-colotti-sabato-dalle-15-il-presidio-in-campo-giorgio\\\/#primaryimage\"},\"thumbnailUrl\":\"https:\\\/\\\/www.bellunopress.it\\\/wp-content\\\/uploads\\\/2024\\\/11\\\/ddl-sicurezza_edited.jpg\",\"datePublished\":\"2024-12-01T08:52:46+00:00\",\"dateModified\":\"2024-12-01T09:44:04+00:00\",\"breadcrumb\":{\"@id\":\"https:\\\/\\\/www.bellunopress.it\\\/2024\\\/12\\\/01\\\/no-al-decreto-sicurezza-giovedi-alle-230-a-feltre-al-colotti-sabato-dalle-15-il-presidio-in-campo-giorgio\\\/#breadcrumb\"},\"inLanguage\":\"fr-FR\",\"potentialAction\":[{\"@type\":\"ReadAction\",\"target\":[\"https:\\\/\\\/www.bellunopress.it\\\/2024\\\/12\\\/01\\\/no-al-decreto-sicurezza-giovedi-alle-230-a-feltre-al-colotti-sabato-dalle-15-il-presidio-in-campo-giorgio\\\/\"]}]},{\"@type\":\"ImageObject\",\"inLanguage\":\"fr-FR\",\"@id\":\"https:\\\/\\\/www.bellunopress.it\\\/2024\\\/12\\\/01\\\/no-al-decreto-sicurezza-giovedi-alle-230-a-feltre-al-colotti-sabato-dalle-15-il-presidio-in-campo-giorgio\\\/#primaryimage\",\"url\":\"https:\\\/\\\/www.bellunopress.it\\\/wp-content\\\/uploads\\\/2024\\\/11\\\/ddl-sicurezza_edited.jpg\",\"contentUrl\":\"https:\\\/\\\/www.bellunopress.it\\\/wp-content\\\/uploads\\\/2024\\\/11\\\/ddl-sicurezza_edited.jpg\",\"width\":707,\"height\":1000},{\"@type\":\"BreadcrumbList\",\"@id\":\"https:\\\/\\\/www.bellunopress.it\\\/2024\\\/12\\\/01\\\/no-al-decreto-sicurezza-giovedi-alle-230-a-feltre-al-colotti-sabato-dalle-15-il-presidio-in-campo-giorgio\\\/#breadcrumb\",\"itemListElement\":[{\"@type\":\"ListItem\",\"position\":1,\"name\":\"Home\",\"item\":\"https:\\\/\\\/www.bellunopress.it\\\/\"},{\"@type\":\"ListItem\",\"position\":2,\"name\":\"No al Decreto sicurezza. Gioved\u00ec alle 20:30 a Feltre al Colotti. Sabato dalle 15 il presidio in Campo Giorgio\"}]},{\"@type\":\"WebSite\",\"@id\":\"https:\\\/\\\/www.bellunopress.it\\\/#website\",\"url\":\"https:\\\/\\\/www.bellunopress.it\\\/\",\"name\":\"Bellunopress - Dolomiti\",\"description\":\"e-mail: redazione@bellunopress.it\",\"publisher\":{\"@id\":\"https:\\\/\\\/www.bellunopress.it\\\/#organization\"},\"potentialAction\":[{\"@type\":\"SearchAction\",\"target\":{\"@type\":\"EntryPoint\",\"urlTemplate\":\"https:\\\/\\\/www.bellunopress.it\\\/?s={search_term_string}\"},\"query-input\":{\"@type\":\"PropertyValueSpecification\",\"valueRequired\":true,\"valueName\":\"search_term_string\"}}],\"inLanguage\":\"fr-FR\"},{\"@type\":\"Organization\",\"@id\":\"https:\\\/\\\/www.bellunopress.it\\\/#organization\",\"name\":\"Bellunopress\",\"url\":\"https:\\\/\\\/www.bellunopress.it\\\/\",\"logo\":{\"@type\":\"ImageObject\",\"inLanguage\":\"fr-FR\",\"@id\":\"https:\\\/\\\/www.bellunopress.it\\\/#\\\/schema\\\/logo\\\/image\\\/\",\"url\":\"https:\\\/\\\/www.bellunopress.it\\\/wp-content\\\/uploads\\\/2011\\\/05\\\/cropped-logo-bellunopress-.jpg\",\"contentUrl\":\"https:\\\/\\\/www.bellunopress.it\\\/wp-content\\\/uploads\\\/2011\\\/05\\\/cropped-logo-bellunopress-.jpg\",\"width\":512,\"height\":512,\"caption\":\"Bellunopress\"},\"image\":{\"@id\":\"https:\\\/\\\/www.bellunopress.it\\\/#\\\/schema\\\/logo\\\/image\\\/\"},\"sameAs\":[\"https:\\\/\\\/www.facebook.com\\\/profile.php?id=100008943462799\",\"https:\\\/\\\/x.com\\\/bellunopress\",\"https:\\\/\\\/www.linkedin.com\\\/hp\\\/?dnr=JBzUWaJfMUw8vbXJJ2tVW5-I3jZKvC4wsoxE&amp;amp;amp;amp;amp;amp;trk=nav_responsive_tab_home\",\"https:\\\/\\\/www.youtube.com\\\/channel\\\/UCxL0wu1uN0_3_7hGG0306cw\"]},{\"@type\":\"Person\",\"@id\":\"https:\\\/\\\/www.bellunopress.it\\\/#\\\/schema\\\/person\\\/79bb06722b37ece1c03d3e94beb30d73\",\"name\":\"redazione\",\"image\":{\"@type\":\"ImageObject\",\"inLanguage\":\"fr-FR\",\"@id\":\"https:\\\/\\\/secure.gravatar.com\\\/avatar\\\/37d968a2e67a6fd04c169c4bdef102d0bc5d31b2546345219e348575eb80e9a0?s=96&d=mm&r=g\",\"url\":\"https:\\\/\\\/secure.gravatar.com\\\/avatar\\\/37d968a2e67a6fd04c169c4bdef102d0bc5d31b2546345219e348575eb80e9a0?s=96&d=mm&r=g\",\"contentUrl\":\"https:\\\/\\\/secure.gravatar.com\\\/avatar\\\/37d968a2e67a6fd04c169c4bdef102d0bc5d31b2546345219e348575eb80e9a0?s=96&d=mm&r=g\",\"caption\":\"redazione\"},\"sameAs\":[\"http:\\\/\\\/www.bellunopress.it\",\"https:\\\/\\\/x.com\\\/bellunopress\"],\"url\":\"https:\\\/\\\/www.bellunopress.it\\\/fr\\\/author\\\/redazione\\\/\"}]}<\/script>\n<!-- \/ Yoast SEO plugin. -->","yoast_head_json":{"title":"No al Decreto sicurezza. Gioved\u00ec alle 20:30 a Feltre al Colotti. Sabato dalle 15 il presidio in Campo Giorgio - Bellunopress - Dolomiti","robots":{"index":"index","follow":"follow","max-snippet":"max-snippet:-1","max-image-preview":"max-image-preview:large","max-video-preview":"max-video-preview:-1"},"canonical":"https:\/\/www.bellunopress.it\/fr\/2024\/12\/01\/no-al-decreto-sicurezza-giovedi-alle-230-a-feltre-al-colotti-sabato-dalle-15-il-presidio-in-campo-giorgio\/","og_locale":"fr_FR","og_type":"article","og_title":"No al Decreto sicurezza. Gioved\u00ec alle 20:30 a Feltre al Colotti. Sabato dalle 15 il presidio in Campo Giorgio - Bellunopress - Dolomiti","og_description":"Il famigerato DDL Piantedosi-Nordio-Crosetto, meglio noto come DDL sicurezza, \u00e8 ormai in fase di approvazione definitiva. &#8220;Non \u00e8 il frutto di un golpe fascista &#8211; fa sapere Locale Comune (Lo.Co.) di Feltre, lo spazio sociale inaugurato due mesi fa a Feltre, nato da alcune associazioni &#8211; ma la logica conseguenza di una deriva autoritaria che [&hellip;]","og_url":"https:\/\/www.bellunopress.it\/fr\/2024\/12\/01\/no-al-decreto-sicurezza-giovedi-alle-230-a-feltre-al-colotti-sabato-dalle-15-il-presidio-in-campo-giorgio\/","og_site_name":"Bellunopress - Dolomiti","article_publisher":"https:\/\/www.facebook.com\/profile.php?id=100008943462799","article_published_time":"2024-12-01T08:52:46+00:00","article_modified_time":"2024-12-01T09:44:04+00:00","og_image":[{"width":707,"height":1000,"url":"https:\/\/www.bellunopress.it\/wp-content\/uploads\/2024\/11\/ddl-sicurezza_edited.jpg","type":"image\/jpeg"}],"author":"redazione","twitter_card":"summary_large_image","twitter_creator":"@bellunopress","twitter_site":"@bellunopress","twitter_misc":{"\u00c9crit par":"redazione","Dur\u00e9e de lecture estim\u00e9e":"2 minutes"},"schema":{"@context":"https:\/\/schema.org","@graph":[{"@type":"Article","@id":"https:\/\/www.bellunopress.it\/2024\/12\/01\/no-al-decreto-sicurezza-giovedi-alle-230-a-feltre-al-colotti-sabato-dalle-15-il-presidio-in-campo-giorgio\/#article","isPartOf":{"@id":"https:\/\/www.bellunopress.it\/2024\/12\/01\/no-al-decreto-sicurezza-giovedi-alle-230-a-feltre-al-colotti-sabato-dalle-15-il-presidio-in-campo-giorgio\/"},"author":{"name":"redazione","@id":"https:\/\/www.bellunopress.it\/#\/schema\/person\/79bb06722b37ece1c03d3e94beb30d73"},"headline":"No al Decreto sicurezza. Gioved\u00ec alle 20:30 a Feltre al Colotti. Sabato dalle 15 il presidio in Campo Giorgio","datePublished":"2024-12-01T08:52:46+00:00","dateModified":"2024-12-01T09:44:04+00:00","mainEntityOfPage":{"@id":"https:\/\/www.bellunopress.it\/2024\/12\/01\/no-al-decreto-sicurezza-giovedi-alle-230-a-feltre-al-colotti-sabato-dalle-15-il-presidio-in-campo-giorgio\/"},"wordCount":481,"publisher":{"@id":"https:\/\/www.bellunopress.it\/#organization"},"image":{"@id":"https:\/\/www.bellunopress.it\/2024\/12\/01\/no-al-decreto-sicurezza-giovedi-alle-230-a-feltre-al-colotti-sabato-dalle-15-il-presidio-in-campo-giorgio\/#primaryimage"},"thumbnailUrl":"https:\/\/www.bellunopress.it\/wp-content\/uploads\/2024\/11\/ddl-sicurezza_edited.jpg","articleSection":["Pausa Caff\u00e8","Societ\u00e0, Associazioni, Istituzioni"],"inLanguage":"fr-FR"},{"@type":"WebPage","@id":"https:\/\/www.bellunopress.it\/2024\/12\/01\/no-al-decreto-sicurezza-giovedi-alle-230-a-feltre-al-colotti-sabato-dalle-15-il-presidio-in-campo-giorgio\/","url":"https:\/\/www.bellunopress.it\/2024\/12\/01\/no-al-decreto-sicurezza-giovedi-alle-230-a-feltre-al-colotti-sabato-dalle-15-il-presidio-in-campo-giorgio\/","name":"No al Decreto sicurezza. Gioved\u00ec alle 20:30 a Feltre al Colotti. Sabato dalle 15 il presidio in Campo Giorgio - Bellunopress - Dolomiti","isPartOf":{"@id":"https:\/\/www.bellunopress.it\/#website"},"primaryImageOfPage":{"@id":"https:\/\/www.bellunopress.it\/2024\/12\/01\/no-al-decreto-sicurezza-giovedi-alle-230-a-feltre-al-colotti-sabato-dalle-15-il-presidio-in-campo-giorgio\/#primaryimage"},"image":{"@id":"https:\/\/www.bellunopress.it\/2024\/12\/01\/no-al-decreto-sicurezza-giovedi-alle-230-a-feltre-al-colotti-sabato-dalle-15-il-presidio-in-campo-giorgio\/#primaryimage"},"thumbnailUrl":"https:\/\/www.bellunopress.it\/wp-content\/uploads\/2024\/11\/ddl-sicurezza_edited.jpg","datePublished":"2024-12-01T08:52:46+00:00","dateModified":"2024-12-01T09:44:04+00:00","breadcrumb":{"@id":"https:\/\/www.bellunopress.it\/2024\/12\/01\/no-al-decreto-sicurezza-giovedi-alle-230-a-feltre-al-colotti-sabato-dalle-15-il-presidio-in-campo-giorgio\/#breadcrumb"},"inLanguage":"fr-FR","potentialAction":[{"@type":"ReadAction","target":["https:\/\/www.bellunopress.it\/2024\/12\/01\/no-al-decreto-sicurezza-giovedi-alle-230-a-feltre-al-colotti-sabato-dalle-15-il-presidio-in-campo-giorgio\/"]}]},{"@type":"ImageObject","inLanguage":"fr-FR","@id":"https:\/\/www.bellunopress.it\/2024\/12\/01\/no-al-decreto-sicurezza-giovedi-alle-230-a-feltre-al-colotti-sabato-dalle-15-il-presidio-in-campo-giorgio\/#primaryimage","url":"https:\/\/www.bellunopress.it\/wp-content\/uploads\/2024\/11\/ddl-sicurezza_edited.jpg","contentUrl":"https:\/\/www.bellunopress.it\/wp-content\/uploads\/2024\/11\/ddl-sicurezza_edited.jpg","width":707,"height":1000},{"@type":"BreadcrumbList","@id":"https:\/\/www.bellunopress.it\/2024\/12\/01\/no-al-decreto-sicurezza-giovedi-alle-230-a-feltre-al-colotti-sabato-dalle-15-il-presidio-in-campo-giorgio\/#breadcrumb","itemListElement":[{"@type":"ListItem","position":1,"name":"Home","item":"https:\/\/www.bellunopress.it\/"},{"@type":"ListItem","position":2,"name":"No al Decreto sicurezza. Gioved\u00ec alle 20:30 a Feltre al Colotti. Sabato dalle 15 il presidio in Campo Giorgio"}]},{"@type":"WebSite","@id":"https:\/\/www.bellunopress.it\/#website","url":"https:\/\/www.bellunopress.it\/","name":"Bellunopress - Dolomiti","description":"e-mail: redazione@bellunopress.it","publisher":{"@id":"https:\/\/www.bellunopress.it\/#organization"},"potentialAction":[{"@type":"SearchAction","target":{"@type":"EntryPoint","urlTemplate":"https:\/\/www.bellunopress.it\/?s={search_term_string}"},"query-input":{"@type":"PropertyValueSpecification","valueRequired":true,"valueName":"search_term_string"}}],"inLanguage":"fr-FR"},{"@type":"Organization","@id":"https:\/\/www.bellunopress.it\/#organization","name":"Bellunopress","url":"https:\/\/www.bellunopress.it\/","logo":{"@type":"ImageObject","inLanguage":"fr-FR","@id":"https:\/\/www.bellunopress.it\/#\/schema\/logo\/image\/","url":"https:\/\/www.bellunopress.it\/wp-content\/uploads\/2011\/05\/cropped-logo-bellunopress-.jpg","contentUrl":"https:\/\/www.bellunopress.it\/wp-content\/uploads\/2011\/05\/cropped-logo-bellunopress-.jpg","width":512,"height":512,"caption":"Bellunopress"},"image":{"@id":"https:\/\/www.bellunopress.it\/#\/schema\/logo\/image\/"},"sameAs":["https:\/\/www.facebook.com\/profile.php?id=100008943462799","https:\/\/x.com\/bellunopress","https:\/\/www.linkedin.com\/hp\/?dnr=JBzUWaJfMUw8vbXJJ2tVW5-I3jZKvC4wsoxE&amp;amp;amp;amp;amp;amp;trk=nav_responsive_tab_home","https:\/\/www.youtube.com\/channel\/UCxL0wu1uN0_3_7hGG0306cw"]},{"@type":"Person","@id":"https:\/\/www.bellunopress.it\/#\/schema\/person\/79bb06722b37ece1c03d3e94beb30d73","name":"r\u00e9daction","image":{"@type":"ImageObject","inLanguage":"fr-FR","@id":"https:\/\/secure.gravatar.com\/avatar\/37d968a2e67a6fd04c169c4bdef102d0bc5d31b2546345219e348575eb80e9a0?s=96&d=mm&r=g","url":"https:\/\/secure.gravatar.com\/avatar\/37d968a2e67a6fd04c169c4bdef102d0bc5d31b2546345219e348575eb80e9a0?s=96&d=mm&r=g","contentUrl":"https:\/\/secure.gravatar.com\/avatar\/37d968a2e67a6fd04c169c4bdef102d0bc5d31b2546345219e348575eb80e9a0?s=96&d=mm&r=g","caption":"redazione"},"sameAs":["http:\/\/www.bellunopress.it","https:\/\/x.com\/bellunopress"],"url":"https:\/\/www.bellunopress.it\/fr\/author\/redazione\/"}]}},"_links":{"self":[{"href":"https:\/\/www.bellunopress.it\/fr\/wp-json\/wp\/v2\/posts\/155939","targetHints":{"allow":["GET"]}}],"collection":[{"href":"https:\/\/www.bellunopress.it\/fr\/wp-json\/wp\/v2\/posts"}],"about":[{"href":"https:\/\/www.bellunopress.it\/fr\/wp-json\/wp\/v2\/types\/post"}],"author":[{"embeddable":true,"href":"https:\/\/www.bellunopress.it\/fr\/wp-json\/wp\/v2\/users\/2"}],"replies":[{"embeddable":true,"href":"https:\/\/www.bellunopress.it\/fr\/wp-json\/wp\/v2\/comments?post=155939"}],"version-history":[{"count":4,"href":"https:\/\/www.bellunopress.it\/fr\/wp-json\/wp\/v2\/posts\/155939\/revisions"}],"predecessor-version":[{"id":155949,"href":"https:\/\/www.bellunopress.it\/fr\/wp-json\/wp\/v2\/posts\/155939\/revisions\/155949"}],"wp:featuredmedia":[{"embeddable":true,"href":"https:\/\/www.bellunopress.it\/fr\/wp-json\/wp\/v2\/media\/155940"}],"wp:attachment":[{"href":"https:\/\/www.bellunopress.it\/fr\/wp-json\/wp\/v2\/media?parent=155939"}],"wp:term":[{"taxonomy":"category","embeddable":true,"href":"https:\/\/www.bellunopress.it\/fr\/wp-json\/wp\/v2\/categories?post=155939"},{"taxonomy":"post_tag","embeddable":true,"href":"https:\/\/www.bellunopress.it\/fr\/wp-json\/wp\/v2\/tags?post=155939"}],"curies":[{"name":"wp","href":"https:\/\/api.w.org\/{rel}","templated":true}]}}